{"id":9971,"date":"2024-05-23T13:56:34","date_gmt":"2024-05-23T11:56:34","guid":{"rendered":"https:\/\/infos-droitshumains.net\/?p=9971"},"modified":"2024-05-23T14:19:43","modified_gmt":"2024-05-23T12:19:43","slug":"9971","status":"publish","type":"post","link":"https:\/\/infos-droitshumains.net\/?p=9971","title":{"rendered":"Assembl\u00e9e Nationale\u00a0: \u00ab\u00a0Il nous faut r\u00e9habiliter le d\u00e9put\u00e9 national dans son honneur et dans sa dignit\u00e9\u00a0\u00bb. Vital Kamerhe plante le d\u00e9cor de son mandat au perchoir"},"content":{"rendered":"\n<p><strong>R\u00e9daction: +243817406088<\/strong><\/p>\n\n\n\n<h3 class=\"wp-block-heading has-vivid-red-color has-text-color has-link-color wp-elements-9e49a8430f317d579ec0fe14e4fbee96\">Ce n\u2019\u00e9tait que question d\u2019heure et c\u2019est fait. Sans surprise, Vital Kamerhe est \u00e9lu Pr\u00e9sident de l\u2019Assembl\u00e9e Nationale de la R\u00e9publique D\u00e9mocratique du Congo ce mercredi 22 mai au terme du scrutin qui \u00a0l\u2019a vu rafler 371 voix sur 407 votants.<\/h3>\n\n\n\n<figure class=\"wp-block-image alignfull size-full\"><img data-recalc-dims=\"1\" fetchpriority=\"high\" decoding=\"async\" width=\"640\" height=\"465\" src=\"https:\/\/i0.wp.com\/infos-droitshumains.net\/wp-content\/uploads\/2024\/05\/20240523_023239.jpg?resize=640%2C465&#038;ssl=1\" alt=\"\" class=\"wp-image-9992\" srcset=\"https:\/\/i0.wp.com\/infos-droitshumains.net\/wp-content\/uploads\/2024\/05\/20240523_023239.jpg?w=1000&amp;ssl=1 1000w, https:\/\/i0.wp.com\/infos-droitshumains.net\/wp-content\/uploads\/2024\/05\/20240523_023239.jpg?resize=300%2C218&amp;ssl=1 300w, https:\/\/i0.wp.com\/infos-droitshumains.net\/wp-content\/uploads\/2024\/05\/20240523_023239.jpg?resize=768%2C558&amp;ssl=1 768w\" sizes=\"(max-width: 640px) 100vw, 640px\" \/><\/figure>\n\n\n\n<figure class=\"wp-block-image alignfull size-large\"><img data-recalc-dims=\"1\" decoding=\"async\" width=\"640\" height=\"960\" src=\"https:\/\/i0.wp.com\/infos-droitshumains.net\/wp-content\/uploads\/2024\/05\/20240523_024820.jpg?resize=640%2C960&#038;ssl=1\" alt=\"\" class=\"wp-image-9993\" srcset=\"https:\/\/i0.wp.com\/infos-droitshumains.net\/wp-content\/uploads\/2024\/05\/20240523_024820.jpg?resize=683%2C1024&amp;ssl=1 683w, https:\/\/i0.wp.com\/infos-droitshumains.net\/wp-content\/uploads\/2024\/05\/20240523_024820.jpg?resize=200%2C300&amp;ssl=1 200w, https:\/\/i0.wp.com\/infos-droitshumains.net\/wp-content\/uploads\/2024\/05\/20240523_024820.jpg?w=740&amp;ssl=1 740w\" sizes=\"(max-width: 640px) 100vw, 640px\" \/><\/figure>\n\n\n\n<p>Apr\u00e8s avoir re\u00e7u les symboles du pouvoir des mains de son pr\u00e9d\u00e9cesseur, cet alli\u00e9 inconditionnel du Pr\u00e9sident F\u00e9lix Tshisekedi a plant\u00e9 le d\u00e9cor du fil conducteur de son mandat. <em>\u00ab\u00a0Nous devons afficher l\u2019unit\u00e9\u00a0\u00bb<\/em>, a dit Vital Kamerhe pour qui, cette unit\u00e9 ne peut se refaire l\u00e0 o\u00f9 elle a \u00e9t\u00e9 fissur\u00e9e que par <em>\u00ab\u00a0la reconqu\u00eate de la dignit\u00e9 et de l\u2019honneur de la noblesse qui accompagnent le travail parlementaire\u00a0\u00bb<\/em>.<\/p>\n\n\n\n<figure class=\"wp-block-image alignfull size-full\"><img data-recalc-dims=\"1\" decoding=\"async\" width=\"640\" height=\"427\" src=\"https:\/\/i0.wp.com\/infos-droitshumains.net\/wp-content\/uploads\/2024\/05\/1716454019672.jpg?resize=640%2C427&#038;ssl=1\" alt=\"\" class=\"wp-image-9980\" srcset=\"https:\/\/i0.wp.com\/infos-droitshumains.net\/wp-content\/uploads\/2024\/05\/1716454019672.jpg?w=720&amp;ssl=1 720w, https:\/\/i0.wp.com\/infos-droitshumains.net\/wp-content\/uploads\/2024\/05\/1716454019672.jpg?resize=300%2C200&amp;ssl=1 300w\" sizes=\"(max-width: 640px) 100vw, 640px\" \/><\/figure>\n\n\n\n<figure class=\"wp-block-image alignfull size-full\"><img data-recalc-dims=\"1\" loading=\"lazy\" decoding=\"async\" width=\"640\" height=\"427\" src=\"https:\/\/i0.wp.com\/infos-droitshumains.net\/wp-content\/uploads\/2024\/05\/1716453061369.jpg?resize=640%2C427&#038;ssl=1\" alt=\"\" class=\"wp-image-9982\" srcset=\"https:\/\/i0.wp.com\/infos-droitshumains.net\/wp-content\/uploads\/2024\/05\/1716453061369.jpg?w=720&amp;ssl=1 720w, https:\/\/i0.wp.com\/infos-droitshumains.net\/wp-content\/uploads\/2024\/05\/1716453061369.jpg?resize=300%2C200&amp;ssl=1 300w\" sizes=\"(max-width: 640px) 100vw, 640px\" \/><\/figure>\n\n\n\n<p><em>\u00ab&nbsp;Pour mieux accomplir cette mission constitutionnelle il nous faut la r\u00e9habilitation du d\u00e9put\u00e9 national dans son honneur et dans sa dignit\u00e9. Le d\u00e9put\u00e9 entant qu\u2019\u00e9lu du peuple m\u00e9rite respect et consid\u00e9ration. Pour cela, chers coll\u00e8gue, vous pouvez compter sur moi collectivement mais aussi individuellement pour qu\u2019ensemble, nous rendions \u00e0 l\u2019Assembl\u00e9e Nationale ses lettres de noblesse et faisons d\u2019elle un v\u00e9ritable temple d\u2019expression d\u00e9mocratique o\u00f9 le d\u00e9bat d\u00e9mocratique aura bel et bien lieu\u2026 que de ces d\u00e9bats puissent jaillir la lumi\u00e8re qui va baliser le chemin de la r\u00e9alisation du r\u00eave de son Excellence Monsieur le Pr\u00e9sident de la R\u00e9publique F\u00e9lix-Antoine Tshisekedi Tshilombo de restaurer \u00e0 notre pays, son r\u00f4le du moteur du d\u00e9collage de l\u2019Afrique subsaharienne&nbsp;\u00bb<\/em>, a-t-il insist\u00e9.<\/p>\n\n\n\n<p>Pour y parvenir, Vital Kmerhe invite ses coll\u00e8gues \u00e0 <em>\u00ab&nbsp;plus d\u2019abn\u00e9gation et de sacrifice&nbsp;\u00bb<\/em> car, \u00eatre parlementaire ench\u00e9ri t-il, <em>\u00ab&nbsp;se doit d\u2019\u00eatre v\u00e9cu comme un devoir sacr\u00e9 et non un statut de privil\u00e8ge.&nbsp;\u00bb<\/em><\/p>\n\n\n\n<figure class=\"wp-block-image alignfull size-full\"><img data-recalc-dims=\"1\" loading=\"lazy\" decoding=\"async\" width=\"640\" height=\"427\" src=\"https:\/\/i0.wp.com\/infos-droitshumains.net\/wp-content\/uploads\/2024\/05\/1716454032358.jpg?resize=640%2C427&#038;ssl=1\" alt=\"\" class=\"wp-image-9986\" srcset=\"https:\/\/i0.wp.com\/infos-droitshumains.net\/wp-content\/uploads\/2024\/05\/1716454032358.jpg?w=720&amp;ssl=1 720w, https:\/\/i0.wp.com\/infos-droitshumains.net\/wp-content\/uploads\/2024\/05\/1716454032358.jpg?resize=300%2C200&amp;ssl=1 300w\" sizes=\"(max-width: 640px) 100vw, 640px\" \/><\/figure>\n\n\n\n<p>Le nouveau speaker de la chambre basse du parlement croit dur comme fer&nbsp;<em>: \u00ab&nbsp;Nous allons ensemble dans l\u2019union et l\u2019intelligence, transformer ce qui apparait actuellement comme une mal\u00e9diction de nos ressources naturelles \u00e0 un v\u00e9ritable atouts qui va placer la RDC au c\u0153ur de la transition \u00e9nerg\u00e9tique \u00e0 laquelle l\u2019humanit\u00e9 est contrainte suite aux effets n\u00e9fastes du changement climatique&nbsp;\u00bb<\/em>. Et dans cette vision \u00e0 l\u2019en croire, <em>\u00ab&nbsp;la RDC ne sera non seulement pourvoyeur de la paix et du d\u00e9veloppement pour ses voisins, mais pour l\u2019ensemble de l\u2019Afrique subsaharienne.&nbsp;\u00bb<\/em><\/p>\n\n\n\n<p>Il souhaite par ailleurs que cette l\u00e9gislature soit celle <em>\u00ab&nbsp;de stabilit\u00e9 institutionnelle, des r\u00e9formes pertinentes et courageuses, de comp\u00e9tence dans le contr\u00f4le parlementaire, de l\u2019\u00e9quit\u00e9 et de la justice.&nbsp;\u00bb<\/em><\/p>\n\n\n\n<p>S\u2019agissant de la s\u00e9curit\u00e9 et la stabilit\u00e9 du pays, Kamerhe rassure que la diplomatie parlementaire s\u2019exercera &nbsp;<em>\u00ab&nbsp;non seulement dans les questions de coop\u00e9ration r\u00e9gionale et internationale, mais \u00e9galement les questions qui concernent le retour de la paix \u00e0 l\u2019Est&nbsp;\u00bb. <\/em>Personne n\u2019ignore a-t-il rappel\u00e9, que la R\u00e9publique D\u00e9mocratique du Congo <em>\u00ab&nbsp;fait face actuellement \u00e0 une agression f\u00e9roce dans sa partie Est caus\u00e9e par le Rwanda et l\u2019Ouganda&nbsp;\u00bb<\/em>. <em>\u00ab&nbsp;\u2026l\u2019urgence d\u2019instaurer la s\u00e9curit\u00e9 et de stopper d\u00e9cisivement cette guerre injuste que nous subissons ainsi que toutes les atrocit\u00e9s qui s\u2019en suivent s\u2019impose. Plus elle dure, plus elle cause les d\u00e9g\u00e2ts humains et mat\u00e9riels chez nous&nbsp;\u00bb<\/em>, a conclu le Pr\u00e9sident de la l\u2019Assembl\u00e9e Nationale.<\/p>\n\n\n\n<figure class=\"wp-block-image alignfull size-full\"><img data-recalc-dims=\"1\" loading=\"lazy\" decoding=\"async\" width=\"640\" height=\"427\" src=\"https:\/\/i0.wp.com\/infos-droitshumains.net\/wp-content\/uploads\/2024\/05\/1716454041832.jpg?resize=640%2C427&#038;ssl=1\" alt=\"\" class=\"wp-image-9988\" srcset=\"https:\/\/i0.wp.com\/infos-droitshumains.net\/wp-content\/uploads\/2024\/05\/1716454041832.jpg?w=720&amp;ssl=1 720w, https:\/\/i0.wp.com\/infos-droitshumains.net\/wp-content\/uploads\/2024\/05\/1716454041832.jpg?resize=300%2C200&amp;ssl=1 300w\" sizes=\"(max-width: 640px) 100vw, 640px\" \/><\/figure>\n\n\n\n<p>Vital Kamerhe est l\u2019une des candidatures qui ont fait l\u2019unanimit\u00e9 au sein de l\u2019Union Sacr\u00e9e \u00e9tant la seule issue des primaires. Son retour 15 ans apr\u00e8s au perchoir a \u00e9t\u00e9 vivement salu\u00e9 non seulement par le personnel administratif de l\u2019Assembl\u00e9e Nationale, mais surtout la classe politique et toute la population qui voient en lui l\u2019homme providentiel pour redonner \u00e0 cette chambre parlementaire sa dignit\u00e9.<\/p>\n\n\n\n<p>Jo\u00ebl Diawa<\/p>\n","protected":false},"excerpt":{"rendered":"<p>R\u00e9daction: +243817406088 Ce n\u2019\u00e9tait que question d\u2019heure et c\u2019est fait. Sans surprise, Vital Kamerhe est&#8230;<\/p>\n","protected":false},"author":2,"featured_media":9995,"comment_status":"open","ping_status":"open","sticky":false,"template":"","format":"standard","meta":{"_jetpack_memberships_contains_paid_content":false,"footnotes":""},"categories":[3],"tags":[],"class_list":["post-9971","post","type-post","status-publish","format-standard","has-post-thumbnail","hentry","category-politique"],"yoast_head":"<!-- This site is optimized with the Yoast SEO plugin v27.5 - https:\/\/yoast.com\/product\/yoast-seo-wordpress\/ -->\n<title>Assembl\u00e9e Nationale\u00a0: \u00ab\u00a0Il nous faut r\u00e9habiliter le d\u00e9put\u00e9 national dans son honneur et dans sa dignit\u00e9\u00a0\u00bb. Vital Kamerhe plante le d\u00e9cor de son mandat au perchoir - Infos Droits Humains<\/title>\n<meta name=\"robots\" content=\"index, follow, max-snippet:-1, max-image-preview:large, max-video-preview:-1\" \/>\n<link rel=\"canonical\" href=\"https:\/\/infos-droitshumains.net\/?p=9971\" \/>\n<meta property=\"og:locale\" content=\"fr_FR\" \/>\n<meta property=\"og:type\" content=\"article\" \/>\n<meta property=\"og:title\" content=\"Assembl\u00e9e Nationale\u00a0: \u00ab\u00a0Il nous faut r\u00e9habiliter le d\u00e9put\u00e9 national dans son honneur et dans sa dignit\u00e9\u00a0\u00bb. Vital Kamerhe plante le d\u00e9cor de son mandat au perchoir - Infos Droits Humains\" \/>\n<meta property=\"og:description\" content=\"R\u00e9daction: +243817406088 Ce n\u2019\u00e9tait que question d\u2019heure et c\u2019est fait. Sans surprise, Vital Kamerhe est...\" \/>\n<meta property=\"og:url\" content=\"https:\/\/infos-droitshumains.net\/?p=9971\" \/>\n<meta property=\"og:site_name\" content=\"Infos Droits Humains\" \/>\n<meta property=\"article:published_time\" content=\"2024-05-23T11:56:34+00:00\" \/>\n<meta property=\"article:modified_time\" content=\"2024-05-23T12:19:43+00:00\" \/>\n<meta property=\"og:image\" content=\"https:\/\/infos-droitshumains.net\/wp-content\/uploads\/2024\/05\/1716453052438.jpg\" \/>\n\t<meta property=\"og:image:width\" content=\"720\" \/>\n\t<meta property=\"og:image:height\" content=\"480\" \/>\n\t<meta property=\"og:image:type\" content=\"image\/jpeg\" \/>\n<meta name=\"author\" content=\"Jo\u00ebl Diawa\" \/>\n<meta name=\"twitter:card\" content=\"summary_large_image\" \/>\n<meta name=\"twitter:label1\" content=\"\u00c9crit par\" \/>\n\t<meta name=\"twitter:data1\" content=\"Jo\u00ebl Diawa\" \/>\n\t<meta name=\"twitter:label2\" content=\"Dur\u00e9e de lecture estim\u00e9e\" \/>\n\t<meta name=\"twitter:data2\" content=\"5 minutes\" \/>\n<script type=\"application\/ld+json\" class=\"yoast-schema-graph\">{\"@context\":\"https:\\\/\\\/schema.org\",\"@graph\":[{\"@type\":\"Article\",\"@id\":\"https:\\\/\\\/infos-droitshumains.net\\\/?p=9971#article\",\"isPartOf\":{\"@id\":\"https:\\\/\\\/infos-droitshumains.net\\\/?p=9971\"},\"author\":{\"name\":\"Jo\u00ebl Diawa\",\"@id\":\"https:\\\/\\\/infos-droitshumains.net\\\/#\\\/schema\\\/person\\\/3dc5e921c3302172e0ed4362f96faab7\"},\"headline\":\"Assembl\u00e9e Nationale\u00a0: \u00ab\u00a0Il nous faut r\u00e9habiliter le d\u00e9put\u00e9 national dans son honneur et dans sa dignit\u00e9\u00a0\u00bb. Vital Kamerhe plante le d\u00e9cor de son mandat au perchoir\",\"datePublished\":\"2024-05-23T11:56:34+00:00\",\"dateModified\":\"2024-05-23T12:19:43+00:00\",\"mainEntityOfPage\":{\"@id\":\"https:\\\/\\\/infos-droitshumains.net\\\/?p=9971\"},\"wordCount\":697,\"commentCount\":0,\"publisher\":{\"@id\":\"https:\\\/\\\/infos-droitshumains.net\\\/#organization\"},\"image\":{\"@id\":\"https:\\\/\\\/infos-droitshumains.net\\\/?p=9971#primaryimage\"},\"thumbnailUrl\":\"https:\\\/\\\/i0.wp.com\\\/infos-droitshumains.net\\\/wp-content\\\/uploads\\\/2024\\\/05\\\/1716453052438.jpg?fit=720%2C480&ssl=1\",\"articleSection\":[\"Politique\"],\"inLanguage\":\"fr-FR\",\"potentialAction\":[{\"@type\":\"CommentAction\",\"name\":\"Comment\",\"target\":[\"https:\\\/\\\/infos-droitshumains.net\\\/?p=9971#respond\"]}]},{\"@type\":\"WebPage\",\"@id\":\"https:\\\/\\\/infos-droitshumains.net\\\/?p=9971\",\"url\":\"https:\\\/\\\/infos-droitshumains.net\\\/?p=9971\",\"name\":\"Assembl\u00e9e Nationale\u00a0: \u00ab\u00a0Il nous faut r\u00e9habiliter le d\u00e9put\u00e9 national dans son honneur et dans sa dignit\u00e9\u00a0\u00bb. Vital Kamerhe plante le d\u00e9cor de son mandat au perchoir - Infos Droits Humains\",\"isPartOf\":{\"@id\":\"https:\\\/\\\/infos-droitshumains.net\\\/#website\"},\"primaryImageOfPage\":{\"@id\":\"https:\\\/\\\/infos-droitshumains.net\\\/?p=9971#primaryimage\"},\"image\":{\"@id\":\"https:\\\/\\\/infos-droitshumains.net\\\/?p=9971#primaryimage\"},\"thumbnailUrl\":\"https:\\\/\\\/i0.wp.com\\\/infos-droitshumains.net\\\/wp-content\\\/uploads\\\/2024\\\/05\\\/1716453052438.jpg?fit=720%2C480&ssl=1\",\"datePublished\":\"2024-05-23T11:56:34+00:00\",\"dateModified\":\"2024-05-23T12:19:43+00:00\",\"breadcrumb\":{\"@id\":\"https:\\\/\\\/infos-droitshumains.net\\\/?p=9971#breadcrumb\"},\"inLanguage\":\"fr-FR\",\"potentialAction\":[{\"@type\":\"ReadAction\",\"target\":[\"https:\\\/\\\/infos-droitshumains.net\\\/?p=9971\"]}]},{\"@type\":\"ImageObject\",\"inLanguage\":\"fr-FR\",\"@id\":\"https:\\\/\\\/infos-droitshumains.net\\\/?p=9971#primaryimage\",\"url\":\"https:\\\/\\\/i0.wp.com\\\/infos-droitshumains.net\\\/wp-content\\\/uploads\\\/2024\\\/05\\\/1716453052438.jpg?fit=720%2C480&ssl=1\",\"contentUrl\":\"https:\\\/\\\/i0.wp.com\\\/infos-droitshumains.net\\\/wp-content\\\/uploads\\\/2024\\\/05\\\/1716453052438.jpg?fit=720%2C480&ssl=1\",\"width\":720,\"height\":480},{\"@type\":\"BreadcrumbList\",\"@id\":\"https:\\\/\\\/infos-droitshumains.net\\\/?p=9971#breadcrumb\",\"itemListElement\":[{\"@type\":\"ListItem\",\"position\":1,\"name\":\"Accueil\",\"item\":\"https:\\\/\\\/infos-droitshumains.net\\\/\"},{\"@type\":\"ListItem\",\"position\":2,\"name\":\"Assembl\u00e9e Nationale\u00a0: \u00ab\u00a0Il nous faut r\u00e9habiliter le d\u00e9put\u00e9 national dans son honneur et dans sa dignit\u00e9\u00a0\u00bb. Vital Kamerhe plante le d\u00e9cor de son mandat au perchoir\"}]},{\"@type\":\"WebSite\",\"@id\":\"https:\\\/\\\/infos-droitshumains.net\\\/#website\",\"url\":\"https:\\\/\\\/infos-droitshumains.net\\\/\",\"name\":\"Infos Droits Humains\",\"description\":\"S&#039;informer est un droit\",\"publisher\":{\"@id\":\"https:\\\/\\\/infos-droitshumains.net\\\/#organization\"},\"potentialAction\":[{\"@type\":\"SearchAction\",\"target\":{\"@type\":\"EntryPoint\",\"urlTemplate\":\"https:\\\/\\\/infos-droitshumains.net\\\/?s={search_term_string}\"},\"query-input\":{\"@type\":\"PropertyValueSpecification\",\"valueRequired\":true,\"valueName\":\"search_term_string\"}}],\"inLanguage\":\"fr-FR\"},{\"@type\":\"Organization\",\"@id\":\"https:\\\/\\\/infos-droitshumains.net\\\/#organization\",\"name\":\"Infos Droits Humains\",\"url\":\"https:\\\/\\\/infos-droitshumains.net\\\/\",\"logo\":{\"@type\":\"ImageObject\",\"inLanguage\":\"fr-FR\",\"@id\":\"https:\\\/\\\/infos-droitshumains.net\\\/#\\\/schema\\\/logo\\\/image\\\/\",\"url\":\"https:\\\/\\\/i0.wp.com\\\/infos-droitshumains.net\\\/wp-content\\\/uploads\\\/2022\\\/05\\\/Logo.png?fit=333%2C129&ssl=1\",\"contentUrl\":\"https:\\\/\\\/i0.wp.com\\\/infos-droitshumains.net\\\/wp-content\\\/uploads\\\/2022\\\/05\\\/Logo.png?fit=333%2C129&ssl=1\",\"width\":333,\"height\":129,\"caption\":\"Infos Droits Humains\"},\"image\":{\"@id\":\"https:\\\/\\\/infos-droitshumains.net\\\/#\\\/schema\\\/logo\\\/image\\\/\"}},{\"@type\":\"Person\",\"@id\":\"https:\\\/\\\/infos-droitshumains.net\\\/#\\\/schema\\\/person\\\/3dc5e921c3302172e0ed4362f96faab7\",\"name\":\"Jo\u00ebl Diawa\",\"image\":{\"@type\":\"ImageObject\",\"inLanguage\":\"fr-FR\",\"@id\":\"https:\\\/\\\/secure.gravatar.com\\\/avatar\\\/729bea6ff4604c624417803c477363be8e3c7186deaa65713313f9b4b820f41c?s=96&d=mm&r=g\",\"url\":\"https:\\\/\\\/secure.gravatar.com\\\/avatar\\\/729bea6ff4604c624417803c477363be8e3c7186deaa65713313f9b4b820f41c?s=96&d=mm&r=g\",\"contentUrl\":\"https:\\\/\\\/secure.gravatar.com\\\/avatar\\\/729bea6ff4604c624417803c477363be8e3c7186deaa65713313f9b4b820f41c?s=96&d=mm&r=g\",\"caption\":\"Jo\u00ebl Diawa\"},\"sameAs\":[\"https:\\\/\\\/www.infos-droitshumains.net\"],\"url\":\"https:\\\/\\\/infos-droitshumains.net\\\/?author=2\"}]}<\/script>\n<!-- \/ Yoast SEO plugin. -->","yoast_head_json":{"title":"Assembl\u00e9e Nationale\u00a0: \u00ab\u00a0Il nous faut r\u00e9habiliter le d\u00e9put\u00e9 national dans son honneur et dans sa dignit\u00e9\u00a0\u00bb. Vital Kamerhe plante le d\u00e9cor de son mandat au perchoir - Infos Droits Humains","robots":{"index":"index","follow":"follow","max-snippet":"max-snippet:-1","max-image-preview":"max-image-preview:large","max-video-preview":"max-video-preview:-1"},"canonical":"https:\/\/infos-droitshumains.net\/?p=9971","og_locale":"fr_FR","og_type":"article","og_title":"Assembl\u00e9e Nationale\u00a0: \u00ab\u00a0Il nous faut r\u00e9habiliter le d\u00e9put\u00e9 national dans son honneur et dans sa dignit\u00e9\u00a0\u00bb. Vital Kamerhe plante le d\u00e9cor de son mandat au perchoir - Infos Droits Humains","og_description":"R\u00e9daction: +243817406088 Ce n\u2019\u00e9tait que question d\u2019heure et c\u2019est fait. Sans surprise, Vital Kamerhe est...","og_url":"https:\/\/infos-droitshumains.net\/?p=9971","og_site_name":"Infos Droits Humains","article_published_time":"2024-05-23T11:56:34+00:00","article_modified_time":"2024-05-23T12:19:43+00:00","og_image":[{"width":720,"height":480,"url":"https:\/\/infos-droitshumains.net\/wp-content\/uploads\/2024\/05\/1716453052438.jpg","type":"image\/jpeg"}],"author":"Jo\u00ebl Diawa","twitter_card":"summary_large_image","twitter_misc":{"\u00c9crit par":"Jo\u00ebl Diawa","Dur\u00e9e de lecture estim\u00e9e":"5 minutes"},"schema":{"@context":"https:\/\/schema.org","@graph":[{"@type":"Article","@id":"https:\/\/infos-droitshumains.net\/?p=9971#article","isPartOf":{"@id":"https:\/\/infos-droitshumains.net\/?p=9971"},"author":{"name":"Jo\u00ebl Diawa","@id":"https:\/\/infos-droitshumains.net\/#\/schema\/person\/3dc5e921c3302172e0ed4362f96faab7"},"headline":"Assembl\u00e9e Nationale\u00a0: \u00ab\u00a0Il nous faut r\u00e9habiliter le d\u00e9put\u00e9 national dans son honneur et dans sa dignit\u00e9\u00a0\u00bb. Vital Kamerhe plante le d\u00e9cor de son mandat au perchoir","datePublished":"2024-05-23T11:56:34+00:00","dateModified":"2024-05-23T12:19:43+00:00","mainEntityOfPage":{"@id":"https:\/\/infos-droitshumains.net\/?p=9971"},"wordCount":697,"commentCount":0,"publisher":{"@id":"https:\/\/infos-droitshumains.net\/#organization"},"image":{"@id":"https:\/\/infos-droitshumains.net\/?p=9971#primaryimage"},"thumbnailUrl":"https:\/\/i0.wp.com\/infos-droitshumains.net\/wp-content\/uploads\/2024\/05\/1716453052438.jpg?fit=720%2C480&ssl=1","articleSection":["Politique"],"inLanguage":"fr-FR","potentialAction":[{"@type":"CommentAction","name":"Comment","target":["https:\/\/infos-droitshumains.net\/?p=9971#respond"]}]},{"@type":"WebPage","@id":"https:\/\/infos-droitshumains.net\/?p=9971","url":"https:\/\/infos-droitshumains.net\/?p=9971","name":"Assembl\u00e9e Nationale\u00a0: \u00ab\u00a0Il nous faut r\u00e9habiliter le d\u00e9put\u00e9 national dans son honneur et dans sa dignit\u00e9\u00a0\u00bb. Vital Kamerhe plante le d\u00e9cor de son mandat au perchoir - Infos Droits Humains","isPartOf":{"@id":"https:\/\/infos-droitshumains.net\/#website"},"primaryImageOfPage":{"@id":"https:\/\/infos-droitshumains.net\/?p=9971#primaryimage"},"image":{"@id":"https:\/\/infos-droitshumains.net\/?p=9971#primaryimage"},"thumbnailUrl":"https:\/\/i0.wp.com\/infos-droitshumains.net\/wp-content\/uploads\/2024\/05\/1716453052438.jpg?fit=720%2C480&ssl=1","datePublished":"2024-05-23T11:56:34+00:00","dateModified":"2024-05-23T12:19:43+00:00","breadcrumb":{"@id":"https:\/\/infos-droitshumains.net\/?p=9971#breadcrumb"},"inLanguage":"fr-FR","potentialAction":[{"@type":"ReadAction","target":["https:\/\/infos-droitshumains.net\/?p=9971"]}]},{"@type":"ImageObject","inLanguage":"fr-FR","@id":"https:\/\/infos-droitshumains.net\/?p=9971#primaryimage","url":"https:\/\/i0.wp.com\/infos-droitshumains.net\/wp-content\/uploads\/2024\/05\/1716453052438.jpg?fit=720%2C480&ssl=1","contentUrl":"https:\/\/i0.wp.com\/infos-droitshumains.net\/wp-content\/uploads\/2024\/05\/1716453052438.jpg?fit=720%2C480&ssl=1","width":720,"height":480},{"@type":"BreadcrumbList","@id":"https:\/\/infos-droitshumains.net\/?p=9971#breadcrumb","itemListElement":[{"@type":"ListItem","position":1,"name":"Accueil","item":"https:\/\/infos-droitshumains.net\/"},{"@type":"ListItem","position":2,"name":"Assembl\u00e9e Nationale\u00a0: \u00ab\u00a0Il nous faut r\u00e9habiliter le d\u00e9put\u00e9 national dans son honneur et dans sa dignit\u00e9\u00a0\u00bb. Vital Kamerhe plante le d\u00e9cor de son mandat au perchoir"}]},{"@type":"WebSite","@id":"https:\/\/infos-droitshumains.net\/#website","url":"https:\/\/infos-droitshumains.net\/","name":"Infos Droits Humains","description":"S&#039;informer est un droit","publisher":{"@id":"https:\/\/infos-droitshumains.net\/#organization"},"potentialAction":[{"@type":"SearchAction","target":{"@type":"EntryPoint","urlTemplate":"https:\/\/infos-droitshumains.net\/?s={search_term_string}"},"query-input":{"@type":"PropertyValueSpecification","valueRequired":true,"valueName":"search_term_string"}}],"inLanguage":"fr-FR"},{"@type":"Organization","@id":"https:\/\/infos-droitshumains.net\/#organization","name":"Infos Droits Humains","url":"https:\/\/infos-droitshumains.net\/","logo":{"@type":"ImageObject","inLanguage":"fr-FR","@id":"https:\/\/infos-droitshumains.net\/#\/schema\/logo\/image\/","url":"https:\/\/i0.wp.com\/infos-droitshumains.net\/wp-content\/uploads\/2022\/05\/Logo.png?fit=333%2C129&ssl=1","contentUrl":"https:\/\/i0.wp.com\/infos-droitshumains.net\/wp-content\/uploads\/2022\/05\/Logo.png?fit=333%2C129&ssl=1","width":333,"height":129,"caption":"Infos Droits Humains"},"image":{"@id":"https:\/\/infos-droitshumains.net\/#\/schema\/logo\/image\/"}},{"@type":"Person","@id":"https:\/\/infos-droitshumains.net\/#\/schema\/person\/3dc5e921c3302172e0ed4362f96faab7","name":"Jo\u00ebl Diawa","image":{"@type":"ImageObject","inLanguage":"fr-FR","@id":"https:\/\/secure.gravatar.com\/avatar\/729bea6ff4604c624417803c477363be8e3c7186deaa65713313f9b4b820f41c?s=96&d=mm&r=g","url":"https:\/\/secure.gravatar.com\/avatar\/729bea6ff4604c624417803c477363be8e3c7186deaa65713313f9b4b820f41c?s=96&d=mm&r=g","contentUrl":"https:\/\/secure.gravatar.com\/avatar\/729bea6ff4604c624417803c477363be8e3c7186deaa65713313f9b4b820f41c?s=96&d=mm&r=g","caption":"Jo\u00ebl Diawa"},"sameAs":["https:\/\/www.infos-droitshumains.net"],"url":"https:\/\/infos-droitshumains.net\/?author=2"}]}},"featured_image_urls":{"full":["https:\/\/i0.wp.com\/infos-droitshumains.net\/wp-content\/uploads\/2024\/05\/1716453052438.jpg?fit=720%2C480&ssl=1",720,480,false],"thumbnail":["https:\/\/i0.wp.com\/infos-droitshumains.net\/wp-content\/uploads\/2024\/05\/1716453052438.jpg?resize=150%2C150&ssl=1",150,150,true],"medium":["https:\/\/i0.wp.com\/infos-droitshumains.net\/wp-content\/uploads\/2024\/05\/1716453052438.jpg?fit=300%2C200&ssl=1",300,200,true],"medium_large":["https:\/\/i0.wp.com\/infos-droitshumains.net\/wp-content\/uploads\/2024\/05\/1716453052438.jpg?fit=640%2C427&ssl=1",640,427,true],"large":["https:\/\/i0.wp.com\/infos-droitshumains.net\/wp-content\/uploads\/2024\/05\/1716453052438.jpg?fit=640%2C427&ssl=1",640,427,true],"1536x1536":["https:\/\/i0.wp.com\/infos-droitshumains.net\/wp-content\/uploads\/2024\/05\/1716453052438.jpg?fit=720%2C480&ssl=1",720,480,true],"2048x2048":["https:\/\/i0.wp.com\/infos-droitshumains.net\/wp-content\/uploads\/2024\/05\/1716453052438.jpg?fit=720%2C480&ssl=1",720,480,true],"covernews-slider-full":["https:\/\/i0.wp.com\/infos-droitshumains.net\/wp-content\/uploads\/2024\/05\/1716453052438.jpg?resize=720%2C480&ssl=1",720,480,true],"covernews-slider-center":["https:\/\/i0.wp.com\/infos-droitshumains.net\/wp-content\/uploads\/2024\/05\/1716453052438.jpg?resize=720%2C480&ssl=1",720,480,true],"covernews-featured":["https:\/\/i0.wp.com\/infos-droitshumains.net\/wp-content\/uploads\/2024\/05\/1716453052438.jpg?fit=720%2C480&ssl=1",720,480,true],"covernews-medium":["https:\/\/i0.wp.com\/infos-droitshumains.net\/wp-content\/uploads\/2024\/05\/1716453052438.jpg?resize=540%2C340&ssl=1",540,340,true],"covernews-medium-square":["https:\/\/i0.wp.com\/infos-droitshumains.net\/wp-content\/uploads\/2024\/05\/1716453052438.jpg?resize=400%2C250&ssl=1",400,250,true]},"author_info":{"display_name":"Jo\u00ebl Diawa","author_link":"https:\/\/infos-droitshumains.net\/?author=2"},"category_info":"<a href=\"https:\/\/infos-droitshumains.net\/?cat=3\" rel=\"category\">Politique<\/a>","tag_info":"Politique","comment_count":"0","jetpack_featured_media_url":"https:\/\/i0.wp.com\/infos-droitshumains.net\/wp-content\/uploads\/2024\/05\/1716453052438.jpg?fit=720%2C480&ssl=1","jetpack-related-posts":[],"jetpack_sharing_enabled":true,"_links":{"self":[{"href":"https:\/\/infos-droitshumains.net\/index.php?rest_route=\/wp\/v2\/posts\/9971","targetHints":{"allow":["GET"]}}],"collection":[{"href":"https:\/\/infos-droitshumains.net\/index.php?rest_route=\/wp\/v2\/posts"}],"about":[{"href":"https:\/\/infos-droitshumains.net\/index.php?rest_route=\/wp\/v2\/types\/post"}],"author":[{"embeddable":true,"href":"https:\/\/infos-droitshumains.net\/index.php?rest_route=\/wp\/v2\/users\/2"}],"replies":[{"embeddable":true,"href":"https:\/\/infos-droitshumains.net\/index.php?rest_route=%2Fwp%2Fv2%2Fcomments&post=9971"}],"version-history":[{"count":11,"href":"https:\/\/infos-droitshumains.net\/index.php?rest_route=\/wp\/v2\/posts\/9971\/revisions"}],"predecessor-version":[{"id":9994,"href":"https:\/\/infos-droitshumains.net\/index.php?rest_route=\/wp\/v2\/posts\/9971\/revisions\/9994"}],"wp:featuredmedia":[{"embeddable":true,"href":"https:\/\/infos-droitshumains.net\/index.php?rest_route=\/wp\/v2\/media\/9995"}],"wp:attachment":[{"href":"https:\/\/infos-droitshumains.net\/index.php?rest_route=%2Fwp%2Fv2%2Fmedia&parent=9971"}],"wp:term":[{"taxonomy":"category","embeddable":true,"href":"https:\/\/infos-droitshumains.net\/index.php?rest_route=%2Fwp%2Fv2%2Fcategories&post=9971"},{"taxonomy":"post_tag","embeddable":true,"href":"https:\/\/infos-droitshumains.net\/index.php?rest_route=%2Fwp%2Fv2%2Ftags&post=9971"}],"curies":[{"name":"wp","href":"https:\/\/api.w.org\/{rel}","templated":true}]}}