{"id":9939,"date":"2024-05-17T17:56:23","date_gmt":"2024-05-17T15:56:23","guid":{"rendered":"https:\/\/infos-droitshumains.net\/?p=9939"},"modified":"2024-05-17T18:03:41","modified_gmt":"2024-05-17T16:03:41","slug":"barreau-du-kwilu-dos-au-mur-le-conseil-de-lordre-sen-prend-aux-journalistes","status":"publish","type":"post","link":"https:\/\/infos-droitshumains.net\/?p=9939","title":{"rendered":"Barreau du Kwilu\u00a0: Dos au mur, le Conseil de l\u2019ordre s\u2019en prend injustement aux journalistes"},"content":{"rendered":"\n<p><strong>R\u00e9daction: +243 817 406 088<\/strong><\/p>\n\n\n\n<h3 class=\"wp-block-heading has-vivid-red-color has-text-color has-link-color wp-elements-293e17563e3cc27a1b342f37ca6ad9ea\">Accus\u00e9 par ses confr\u00e8res de violation des principes, intimidations, omission et radiation des pr\u00e9tendants challengers, avant l\u2019\u00e9lection du 18 mai 2024 au b\u00e2tonnat du Kwilu, le B\u00e2tonnier Beno\u00eet Epota doit son sort au Conseil National de l\u2019Ordre.<\/h3>\n\n\n\n<p>Selon les derni\u00e8res informations tomb\u00e9es sur le desk du Journal T\u00e9l\u00e9vis\u00e9 des Droits Humains, l\u2019ONA serait en plein examen de ce dossier, ayant \u00e9t\u00e9 saisi par plus de 500 avocats de ce barreau qui d\u00e9noncent \u00e9galement le client\u00e9lisme et le n\u00e9potisme qui caract\u00e9risent la gestion de leur barreau.<\/p>\n\n\n\n<p>Tenu au courant du sort qui l\u2019attendrait, le conseil de l\u2019ordre veut rejeter la responsabilit\u00e9 \u00e0 la presse dont le Journal T\u00e9l\u00e9vis\u00e9 des Droits Humains. Dans un communiqu\u00e9 sign\u00e9 depuis le 29 avril dernier, le conseil de l\u2019ordre affirme qu\u2019un groupe des journalistes l\u2019avait contact\u00e9, exigeant la somme de 5000 USD pour taire des griefs mis \u00e0 charge du B\u00e2tonnier Epota.<\/p>\n\n\n\n<p>Des propos mensongers, fallacieux et infond\u00e9s qui ont surpris la r\u00e9daction du Journal T\u00e9l\u00e9vis\u00e9 des Droits Humains qui a par contre, avait contact\u00e9 le secr\u00e9taire de l\u2019ordre pour confronter sa version des faits \u00e0 celle des avocats p\u00e9titionnaires\u00a0; tout cela, sans exiger un sous. Malheureusement, le secr\u00e9taire de l\u2019ordre qui avait promis de <em>\u00ab\u00a0nous revenir\u00a0\u00bb<\/em> apr\u00e8s avoir r\u00e9unis tous les \u00e9l\u00e9ments, n\u2019est jamais revenu jusqu\u2019\u00e0 la publication de son communiqu\u00e9.<\/p>\n\n\n\n<p>Au demeurants, le conseil de l\u2019ordre qui n\u2019a jamais apport\u00e9s des \u00e9l\u00e9ments contraires \u00e0 notre pr\u00e9c\u00e9dente publication, a affirm\u00e9 dans le m\u00eame communiqu\u00e9 les d\u00e9nonciations fait par cet article selon lesquelles, pour les \u00e9lections du 18 mai, seules deux candidatures ont \u00e9t\u00e9 retenues \u00e0 savoir celui de Me. B\u00e9atrice Dimonekene Mabanza qui brigue le b\u00e2tonnat et celui b\u00e2tonnier sortant au poste du doyen de l\u2019ordre.<\/p>\n\n\n\n<p>Aux observateurs avertis de s\u2019interroger&nbsp;: \u00ab&nbsp;comment dans un barreau de plus de 1000 avocats, seules deux personnes peuvent remplir les conditions pour postuler&nbsp;? Cette question continue \u00e0 tarauder les esprits des uns et des autres qui attendant que l\u2019Ordre National des Avocats puisse mettre les choses au clair.<\/p>\n\n\n\n<p>Jo\u00ebl Diawa<\/p>\n","protected":false},"excerpt":{"rendered":"<p>R\u00e9daction: +243 817 406 088 Accus\u00e9 par ses confr\u00e8res de violation des principes, intimidations, omission&#8230;<\/p>\n","protected":false},"author":2,"featured_media":9943,"comment_status":"open","ping_status":"open","sticky":false,"template":"","format":"standard","meta":{"_jetpack_memberships_contains_paid_content":false,"footnotes":""},"categories":[6],"tags":[],"class_list":["post-9939","post","type-post","status-publish","format-standard","has-post-thumbnail","hentry","category-justice"],"yoast_head":"<!-- This site is optimized with the Yoast SEO plugin v27.5 - https:\/\/yoast.com\/product\/yoast-seo-wordpress\/ -->\n<title>Barreau du Kwilu\u00a0: Dos au mur, le Conseil de l\u2019ordre s\u2019en prend injustement aux journalistes - Infos Droits Humains<\/title>\n<meta name=\"robots\" content=\"index, follow, max-snippet:-1, max-image-preview:large, max-video-preview:-1\" \/>\n<link rel=\"canonical\" href=\"https:\/\/infos-droitshumains.net\/?p=9939\" \/>\n<meta property=\"og:locale\" content=\"fr_FR\" \/>\n<meta property=\"og:type\" content=\"article\" \/>\n<meta property=\"og:title\" content=\"Barreau du Kwilu\u00a0: Dos au mur, le Conseil de l\u2019ordre s\u2019en prend injustement aux journalistes - Infos Droits Humains\" \/>\n<meta property=\"og:description\" content=\"R\u00e9daction: +243 817 406 088 Accus\u00e9 par ses confr\u00e8res de violation des principes, intimidations, omission...\" \/>\n<meta property=\"og:url\" content=\"https:\/\/infos-droitshumains.net\/?p=9939\" \/>\n<meta property=\"og:site_name\" content=\"Infos Droits Humains\" \/>\n<meta property=\"article:published_time\" content=\"2024-05-17T15:56:23+00:00\" \/>\n<meta property=\"article:modified_time\" content=\"2024-05-17T16:03:41+00:00\" \/>\n<meta property=\"og:image\" content=\"https:\/\/infos-droitshumains.net\/wp-content\/uploads\/2024\/05\/KWILU.jpg\" \/>\n\t<meta property=\"og:image:width\" content=\"800\" \/>\n\t<meta property=\"og:image:height\" content=\"484\" \/>\n\t<meta property=\"og:image:type\" content=\"image\/jpeg\" \/>\n<meta name=\"author\" content=\"Jo\u00ebl Diawa\" \/>\n<meta name=\"twitter:card\" content=\"summary_large_image\" \/>\n<meta name=\"twitter:label1\" content=\"\u00c9crit par\" \/>\n\t<meta name=\"twitter:data1\" content=\"Jo\u00ebl Diawa\" \/>\n\t<meta name=\"twitter:label2\" content=\"Dur\u00e9e de lecture estim\u00e9e\" \/>\n\t<meta name=\"twitter:data2\" content=\"2 minutes\" \/>\n<script type=\"application\/ld+json\" class=\"yoast-schema-graph\">{\"@context\":\"https:\\\/\\\/schema.org\",\"@graph\":[{\"@type\":\"Article\",\"@id\":\"https:\\\/\\\/infos-droitshumains.net\\\/?p=9939#article\",\"isPartOf\":{\"@id\":\"https:\\\/\\\/infos-droitshumains.net\\\/?p=9939\"},\"author\":{\"name\":\"Jo\u00ebl Diawa\",\"@id\":\"https:\\\/\\\/infos-droitshumains.net\\\/#\\\/schema\\\/person\\\/3dc5e921c3302172e0ed4362f96faab7\"},\"headline\":\"Barreau du Kwilu\u00a0: Dos au mur, le Conseil de l\u2019ordre s\u2019en prend injustement aux journalistes\",\"datePublished\":\"2024-05-17T15:56:23+00:00\",\"dateModified\":\"2024-05-17T16:03:41+00:00\",\"mainEntityOfPage\":{\"@id\":\"https:\\\/\\\/infos-droitshumains.net\\\/?p=9939\"},\"wordCount\":392,\"commentCount\":0,\"publisher\":{\"@id\":\"https:\\\/\\\/infos-droitshumains.net\\\/#organization\"},\"image\":{\"@id\":\"https:\\\/\\\/infos-droitshumains.net\\\/?p=9939#primaryimage\"},\"thumbnailUrl\":\"https:\\\/\\\/i0.wp.com\\\/infos-droitshumains.net\\\/wp-content\\\/uploads\\\/2024\\\/05\\\/KWILU.jpg?fit=800%2C484&ssl=1\",\"articleSection\":[\"Justice\"],\"inLanguage\":\"fr-FR\",\"potentialAction\":[{\"@type\":\"CommentAction\",\"name\":\"Comment\",\"target\":[\"https:\\\/\\\/infos-droitshumains.net\\\/?p=9939#respond\"]}]},{\"@type\":\"WebPage\",\"@id\":\"https:\\\/\\\/infos-droitshumains.net\\\/?p=9939\",\"url\":\"https:\\\/\\\/infos-droitshumains.net\\\/?p=9939\",\"name\":\"Barreau du Kwilu\u00a0: Dos au mur, le Conseil de l\u2019ordre s\u2019en prend injustement aux journalistes - Infos Droits Humains\",\"isPartOf\":{\"@id\":\"https:\\\/\\\/infos-droitshumains.net\\\/#website\"},\"primaryImageOfPage\":{\"@id\":\"https:\\\/\\\/infos-droitshumains.net\\\/?p=9939#primaryimage\"},\"image\":{\"@id\":\"https:\\\/\\\/infos-droitshumains.net\\\/?p=9939#primaryimage\"},\"thumbnailUrl\":\"https:\\\/\\\/i0.wp.com\\\/infos-droitshumains.net\\\/wp-content\\\/uploads\\\/2024\\\/05\\\/KWILU.jpg?fit=800%2C484&ssl=1\",\"datePublished\":\"2024-05-17T15:56:23+00:00\",\"dateModified\":\"2024-05-17T16:03:41+00:00\",\"breadcrumb\":{\"@id\":\"https:\\\/\\\/infos-droitshumains.net\\\/?p=9939#breadcrumb\"},\"inLanguage\":\"fr-FR\",\"potentialAction\":[{\"@type\":\"ReadAction\",\"target\":[\"https:\\\/\\\/infos-droitshumains.net\\\/?p=9939\"]}]},{\"@type\":\"ImageObject\",\"inLanguage\":\"fr-FR\",\"@id\":\"https:\\\/\\\/infos-droitshumains.net\\\/?p=9939#primaryimage\",\"url\":\"https:\\\/\\\/i0.wp.com\\\/infos-droitshumains.net\\\/wp-content\\\/uploads\\\/2024\\\/05\\\/KWILU.jpg?fit=800%2C484&ssl=1\",\"contentUrl\":\"https:\\\/\\\/i0.wp.com\\\/infos-droitshumains.net\\\/wp-content\\\/uploads\\\/2024\\\/05\\\/KWILU.jpg?fit=800%2C484&ssl=1\",\"width\":800,\"height\":484},{\"@type\":\"BreadcrumbList\",\"@id\":\"https:\\\/\\\/infos-droitshumains.net\\\/?p=9939#breadcrumb\",\"itemListElement\":[{\"@type\":\"ListItem\",\"position\":1,\"name\":\"Accueil\",\"item\":\"https:\\\/\\\/infos-droitshumains.net\\\/\"},{\"@type\":\"ListItem\",\"position\":2,\"name\":\"Barreau du Kwilu\u00a0: Dos au mur, le Conseil de l\u2019ordre s\u2019en prend injustement aux journalistes\"}]},{\"@type\":\"WebSite\",\"@id\":\"https:\\\/\\\/infos-droitshumains.net\\\/#website\",\"url\":\"https:\\\/\\\/infos-droitshumains.net\\\/\",\"name\":\"Infos Droits Humains\",\"description\":\"S&#039;informer est un droit\",\"publisher\":{\"@id\":\"https:\\\/\\\/infos-droitshumains.net\\\/#organization\"},\"potentialAction\":[{\"@type\":\"SearchAction\",\"target\":{\"@type\":\"EntryPoint\",\"urlTemplate\":\"https:\\\/\\\/infos-droitshumains.net\\\/?s={search_term_string}\"},\"query-input\":{\"@type\":\"PropertyValueSpecification\",\"valueRequired\":true,\"valueName\":\"search_term_string\"}}],\"inLanguage\":\"fr-FR\"},{\"@type\":\"Organization\",\"@id\":\"https:\\\/\\\/infos-droitshumains.net\\\/#organization\",\"name\":\"Infos Droits Humains\",\"url\":\"https:\\\/\\\/infos-droitshumains.net\\\/\",\"logo\":{\"@type\":\"ImageObject\",\"inLanguage\":\"fr-FR\",\"@id\":\"https:\\\/\\\/infos-droitshumains.net\\\/#\\\/schema\\\/logo\\\/image\\\/\",\"url\":\"https:\\\/\\\/i0.wp.com\\\/infos-droitshumains.net\\\/wp-content\\\/uploads\\\/2022\\\/05\\\/Logo.png?fit=333%2C129&ssl=1\",\"contentUrl\":\"https:\\\/\\\/i0.wp.com\\\/infos-droitshumains.net\\\/wp-content\\\/uploads\\\/2022\\\/05\\\/Logo.png?fit=333%2C129&ssl=1\",\"width\":333,\"height\":129,\"caption\":\"Infos Droits Humains\"},\"image\":{\"@id\":\"https:\\\/\\\/infos-droitshumains.net\\\/#\\\/schema\\\/logo\\\/image\\\/\"}},{\"@type\":\"Person\",\"@id\":\"https:\\\/\\\/infos-droitshumains.net\\\/#\\\/schema\\\/person\\\/3dc5e921c3302172e0ed4362f96faab7\",\"name\":\"Jo\u00ebl Diawa\",\"image\":{\"@type\":\"ImageObject\",\"inLanguage\":\"fr-FR\",\"@id\":\"https:\\\/\\\/secure.gravatar.com\\\/avatar\\\/729bea6ff4604c624417803c477363be8e3c7186deaa65713313f9b4b820f41c?s=96&d=mm&r=g\",\"url\":\"https:\\\/\\\/secure.gravatar.com\\\/avatar\\\/729bea6ff4604c624417803c477363be8e3c7186deaa65713313f9b4b820f41c?s=96&d=mm&r=g\",\"contentUrl\":\"https:\\\/\\\/secure.gravatar.com\\\/avatar\\\/729bea6ff4604c624417803c477363be8e3c7186deaa65713313f9b4b820f41c?s=96&d=mm&r=g\",\"caption\":\"Jo\u00ebl Diawa\"},\"sameAs\":[\"https:\\\/\\\/www.infos-droitshumains.net\"],\"url\":\"https:\\\/\\\/infos-droitshumains.net\\\/?author=2\"}]}<\/script>\n<!-- \/ Yoast SEO plugin. -->","yoast_head_json":{"title":"Barreau du Kwilu\u00a0: Dos au mur, le Conseil de l\u2019ordre s\u2019en prend injustement aux journalistes - Infos Droits Humains","robots":{"index":"index","follow":"follow","max-snippet":"max-snippet:-1","max-image-preview":"max-image-preview:large","max-video-preview":"max-video-preview:-1"},"canonical":"https:\/\/infos-droitshumains.net\/?p=9939","og_locale":"fr_FR","og_type":"article","og_title":"Barreau du Kwilu\u00a0: Dos au mur, le Conseil de l\u2019ordre s\u2019en prend injustement aux journalistes - Infos Droits Humains","og_description":"R\u00e9daction: +243 817 406 088 Accus\u00e9 par ses confr\u00e8res de violation des principes, intimidations, omission...","og_url":"https:\/\/infos-droitshumains.net\/?p=9939","og_site_name":"Infos Droits Humains","article_published_time":"2024-05-17T15:56:23+00:00","article_modified_time":"2024-05-17T16:03:41+00:00","og_image":[{"width":800,"height":484,"url":"https:\/\/infos-droitshumains.net\/wp-content\/uploads\/2024\/05\/KWILU.jpg","type":"image\/jpeg"}],"author":"Jo\u00ebl Diawa","twitter_card":"summary_large_image","twitter_misc":{"\u00c9crit par":"Jo\u00ebl Diawa","Dur\u00e9e de lecture estim\u00e9e":"2 minutes"},"schema":{"@context":"https:\/\/schema.org","@graph":[{"@type":"Article","@id":"https:\/\/infos-droitshumains.net\/?p=9939#article","isPartOf":{"@id":"https:\/\/infos-droitshumains.net\/?p=9939"},"author":{"name":"Jo\u00ebl Diawa","@id":"https:\/\/infos-droitshumains.net\/#\/schema\/person\/3dc5e921c3302172e0ed4362f96faab7"},"headline":"Barreau du Kwilu\u00a0: Dos au mur, le Conseil de l\u2019ordre s\u2019en prend injustement aux journalistes","datePublished":"2024-05-17T15:56:23+00:00","dateModified":"2024-05-17T16:03:41+00:00","mainEntityOfPage":{"@id":"https:\/\/infos-droitshumains.net\/?p=9939"},"wordCount":392,"commentCount":0,"publisher":{"@id":"https:\/\/infos-droitshumains.net\/#organization"},"image":{"@id":"https:\/\/infos-droitshumains.net\/?p=9939#primaryimage"},"thumbnailUrl":"https:\/\/i0.wp.com\/infos-droitshumains.net\/wp-content\/uploads\/2024\/05\/KWILU.jpg?fit=800%2C484&ssl=1","articleSection":["Justice"],"inLanguage":"fr-FR","potentialAction":[{"@type":"CommentAction","name":"Comment","target":["https:\/\/infos-droitshumains.net\/?p=9939#respond"]}]},{"@type":"WebPage","@id":"https:\/\/infos-droitshumains.net\/?p=9939","url":"https:\/\/infos-droitshumains.net\/?p=9939","name":"Barreau du Kwilu\u00a0: Dos au mur, le Conseil de l\u2019ordre s\u2019en prend injustement aux journalistes - Infos Droits Humains","isPartOf":{"@id":"https:\/\/infos-droitshumains.net\/#website"},"primaryImageOfPage":{"@id":"https:\/\/infos-droitshumains.net\/?p=9939#primaryimage"},"image":{"@id":"https:\/\/infos-droitshumains.net\/?p=9939#primaryimage"},"thumbnailUrl":"https:\/\/i0.wp.com\/infos-droitshumains.net\/wp-content\/uploads\/2024\/05\/KWILU.jpg?fit=800%2C484&ssl=1","datePublished":"2024-05-17T15:56:23+00:00","dateModified":"2024-05-17T16:03:41+00:00","breadcrumb":{"@id":"https:\/\/infos-droitshumains.net\/?p=9939#breadcrumb"},"inLanguage":"fr-FR","potentialAction":[{"@type":"ReadAction","target":["https:\/\/infos-droitshumains.net\/?p=9939"]}]},{"@type":"ImageObject","inLanguage":"fr-FR","@id":"https:\/\/infos-droitshumains.net\/?p=9939#primaryimage","url":"https:\/\/i0.wp.com\/infos-droitshumains.net\/wp-content\/uploads\/2024\/05\/KWILU.jpg?fit=800%2C484&ssl=1","contentUrl":"https:\/\/i0.wp.com\/infos-droitshumains.net\/wp-content\/uploads\/2024\/05\/KWILU.jpg?fit=800%2C484&ssl=1","width":800,"height":484},{"@type":"BreadcrumbList","@id":"https:\/\/infos-droitshumains.net\/?p=9939#breadcrumb","itemListElement":[{"@type":"ListItem","position":1,"name":"Accueil","item":"https:\/\/infos-droitshumains.net\/"},{"@type":"ListItem","position":2,"name":"Barreau du Kwilu\u00a0: Dos au mur, le Conseil de l\u2019ordre s\u2019en prend injustement aux journalistes"}]},{"@type":"WebSite","@id":"https:\/\/infos-droitshumains.net\/#website","url":"https:\/\/infos-droitshumains.net\/","name":"Infos Droits Humains","description":"S&#039;informer est un droit","publisher":{"@id":"https:\/\/infos-droitshumains.net\/#organization"},"potentialAction":[{"@type":"SearchAction","target":{"@type":"EntryPoint","urlTemplate":"https:\/\/infos-droitshumains.net\/?s={search_term_string}"},"query-input":{"@type":"PropertyValueSpecification","valueRequired":true,"valueName":"search_term_string"}}],"inLanguage":"fr-FR"},{"@type":"Organization","@id":"https:\/\/infos-droitshumains.net\/#organization","name":"Infos Droits Humains","url":"https:\/\/infos-droitshumains.net\/","logo":{"@type":"ImageObject","inLanguage":"fr-FR","@id":"https:\/\/infos-droitshumains.net\/#\/schema\/logo\/image\/","url":"https:\/\/i0.wp.com\/infos-droitshumains.net\/wp-content\/uploads\/2022\/05\/Logo.png?fit=333%2C129&ssl=1","contentUrl":"https:\/\/i0.wp.com\/infos-droitshumains.net\/wp-content\/uploads\/2022\/05\/Logo.png?fit=333%2C129&ssl=1","width":333,"height":129,"caption":"Infos Droits Humains"},"image":{"@id":"https:\/\/infos-droitshumains.net\/#\/schema\/logo\/image\/"}},{"@type":"Person","@id":"https:\/\/infos-droitshumains.net\/#\/schema\/person\/3dc5e921c3302172e0ed4362f96faab7","name":"Jo\u00ebl Diawa","image":{"@type":"ImageObject","inLanguage":"fr-FR","@id":"https:\/\/secure.gravatar.com\/avatar\/729bea6ff4604c624417803c477363be8e3c7186deaa65713313f9b4b820f41c?s=96&d=mm&r=g","url":"https:\/\/secure.gravatar.com\/avatar\/729bea6ff4604c624417803c477363be8e3c7186deaa65713313f9b4b820f41c?s=96&d=mm&r=g","contentUrl":"https:\/\/secure.gravatar.com\/avatar\/729bea6ff4604c624417803c477363be8e3c7186deaa65713313f9b4b820f41c?s=96&d=mm&r=g","caption":"Jo\u00ebl Diawa"},"sameAs":["https:\/\/www.infos-droitshumains.net"],"url":"https:\/\/infos-droitshumains.net\/?author=2"}]}},"featured_image_urls":{"full":["https:\/\/i0.wp.com\/infos-droitshumains.net\/wp-content\/uploads\/2024\/05\/KWILU.jpg?fit=800%2C484&ssl=1",800,484,false],"thumbnail":["https:\/\/i0.wp.com\/infos-droitshumains.net\/wp-content\/uploads\/2024\/05\/KWILU.jpg?resize=150%2C150&ssl=1",150,150,true],"medium":["https:\/\/i0.wp.com\/infos-droitshumains.net\/wp-content\/uploads\/2024\/05\/KWILU.jpg?fit=300%2C182&ssl=1",300,182,true],"medium_large":["https:\/\/i0.wp.com\/infos-droitshumains.net\/wp-content\/uploads\/2024\/05\/KWILU.jpg?fit=640%2C388&ssl=1",640,388,true],"large":["https:\/\/i0.wp.com\/infos-droitshumains.net\/wp-content\/uploads\/2024\/05\/KWILU.jpg?fit=640%2C387&ssl=1",640,387,true],"1536x1536":["https:\/\/i0.wp.com\/infos-droitshumains.net\/wp-content\/uploads\/2024\/05\/KWILU.jpg?fit=800%2C484&ssl=1",800,484,true],"2048x2048":["https:\/\/i0.wp.com\/infos-droitshumains.net\/wp-content\/uploads\/2024\/05\/KWILU.jpg?fit=800%2C484&ssl=1",800,484,true],"covernews-slider-full":["https:\/\/i0.wp.com\/infos-droitshumains.net\/wp-content\/uploads\/2024\/05\/KWILU.jpg?resize=800%2C484&ssl=1",800,484,true],"covernews-slider-center":["https:\/\/i0.wp.com\/infos-droitshumains.net\/wp-content\/uploads\/2024\/05\/KWILU.jpg?resize=800%2C484&ssl=1",800,484,true],"covernews-featured":["https:\/\/i0.wp.com\/infos-droitshumains.net\/wp-content\/uploads\/2024\/05\/KWILU.jpg?fit=800%2C484&ssl=1",800,484,true],"covernews-medium":["https:\/\/i0.wp.com\/infos-droitshumains.net\/wp-content\/uploads\/2024\/05\/KWILU.jpg?resize=540%2C340&ssl=1",540,340,true],"covernews-medium-square":["https:\/\/i0.wp.com\/infos-droitshumains.net\/wp-content\/uploads\/2024\/05\/KWILU.jpg?resize=400%2C250&ssl=1",400,250,true]},"author_info":{"display_name":"Jo\u00ebl Diawa","author_link":"https:\/\/infos-droitshumains.net\/?author=2"},"category_info":"<a href=\"https:\/\/infos-droitshumains.net\/?cat=6\" rel=\"category\">Justice<\/a>","tag_info":"Justice","comment_count":"0","jetpack_featured_media_url":"https:\/\/i0.wp.com\/infos-droitshumains.net\/wp-content\/uploads\/2024\/05\/KWILU.jpg?fit=800%2C484&ssl=1","jetpack-related-posts":[],"jetpack_sharing_enabled":true,"_links":{"self":[{"href":"https:\/\/infos-droitshumains.net\/index.php?rest_route=\/wp\/v2\/posts\/9939","targetHints":{"allow":["GET"]}}],"collection":[{"href":"https:\/\/infos-droitshumains.net\/index.php?rest_route=\/wp\/v2\/posts"}],"about":[{"href":"https:\/\/infos-droitshumains.net\/index.php?rest_route=\/wp\/v2\/types\/post"}],"author":[{"embeddable":true,"href":"https:\/\/infos-droitshumains.net\/index.php?rest_route=\/wp\/v2\/users\/2"}],"replies":[{"embeddable":true,"href":"https:\/\/infos-droitshumains.net\/index.php?rest_route=%2Fwp%2Fv2%2Fcomments&post=9939"}],"version-history":[{"count":3,"href":"https:\/\/infos-droitshumains.net\/index.php?rest_route=\/wp\/v2\/posts\/9939\/revisions"}],"predecessor-version":[{"id":9942,"href":"https:\/\/infos-droitshumains.net\/index.php?rest_route=\/wp\/v2\/posts\/9939\/revisions\/9942"}],"wp:featuredmedia":[{"embeddable":true,"href":"https:\/\/infos-droitshumains.net\/index.php?rest_route=\/wp\/v2\/media\/9943"}],"wp:attachment":[{"href":"https:\/\/infos-droitshumains.net\/index.php?rest_route=%2Fwp%2Fv2%2Fmedia&parent=9939"}],"wp:term":[{"taxonomy":"category","embeddable":true,"href":"https:\/\/infos-droitshumains.net\/index.php?rest_route=%2Fwp%2Fv2%2Fcategories&post=9939"},{"taxonomy":"post_tag","embeddable":true,"href":"https:\/\/infos-droitshumains.net\/index.php?rest_route=%2Fwp%2Fv2%2Ftags&post=9939"}],"curies":[{"name":"wp","href":"https:\/\/api.w.org\/{rel}","templated":true}]}}