{"id":9925,"date":"2024-05-14T18:20:48","date_gmt":"2024-05-14T16:20:48","guid":{"rendered":"https:\/\/infos-droitshumains.net\/?p=9925"},"modified":"2024-05-14T18:49:45","modified_gmt":"2024-05-14T16:49:45","slug":"rdc-vers-la-mise-en-place-de-la-filiere-de-medecine-legale-dans-les-universites","status":"publish","type":"post","link":"https:\/\/infos-droitshumains.net\/?p=9925","title":{"rendered":"RDC : Vers la mise en place de la fili\u00e8re de m\u00e9decine l\u00e9gale dans les universit\u00e9s"},"content":{"rendered":"\n<p><strong>R\u00e9daction : +243817406088<\/strong><\/p>\n\n\n\n<h3 class=\"wp-block-heading has-vivid-red-color has-text-color has-link-color wp-elements-a604b78b5fda5ca45070d62a4f33d364\">La m\u00e9decine l\u00e9gale reste anonyme en R\u00e9publique D\u00e9mocratique du Congo ; or, cette discipline a un apport consid\u00e9rable dans la soci\u00e9t\u00e9, notamment dans les enqu\u00eates judiciaires sur les cas de meurtre et de l\u2019assassinat. Vu cette n\u00e9cessit\u00e9, un atelier sur la mise en place de la fili\u00e8re des sciences m\u00e9dico-l\u00e9gales dans les universit\u00e9s congolaises se tient \u00e0 Kinshasa du 14 au 19 mai 2024 sous les auspices du Bureau Conjoint des Nations Unies aux Droits de l\u2019Homme en collaboration avec le minist\u00e8re de l\u2019enseignement sup\u00e9rieur et universitaire.<\/h3>\n\n\n\n<p>\u00c0 l\u2019ouverture de ces travaux, le directeur du BCNUDH a indiqu\u00e9 que l\u2019instauration de la m\u00e9decine l\u00e9gale en RDC marquera sa nouvelle page dans le continent africain.<\/p>\n\n\n\n<p><em>\u00ab Notre objectif est de multiplier la connaissance dans un secteur qui est si critique et qui fait de la justice congolaise l\u2019un des mod\u00e8les sur notre continent africain c\u2019est-\u00e0-dire, la rigueur dans la m\u00e9decine l\u00e9gale. Et de faire en sorte qu\u2019on puisse \u00e0 partir de Kinshasa, \u00e9crire une nouvelle page dans la m\u00e9decine l\u00e9gale sur le continent africain \u00e0 travers un curriculaire d\u2019excellence \u00bb<\/em>, a d\u00e9clar\u00e9 Patrice Vahard.<\/p>\n\n\n\n<figure class=\"wp-block-image alignfull size-full\"><img data-recalc-dims=\"1\" fetchpriority=\"high\" decoding=\"async\" width=\"640\" height=\"480\" src=\"https:\/\/i0.wp.com\/infos-droitshumains.net\/wp-content\/uploads\/2024\/05\/IMG-20240514-WA0074_1.jpg?resize=640%2C480&#038;ssl=1\" alt=\"\" class=\"wp-image-9930\" srcset=\"https:\/\/i0.wp.com\/infos-droitshumains.net\/wp-content\/uploads\/2024\/05\/IMG-20240514-WA0074_1.jpg?w=1024&amp;ssl=1 1024w, https:\/\/i0.wp.com\/infos-droitshumains.net\/wp-content\/uploads\/2024\/05\/IMG-20240514-WA0074_1.jpg?resize=300%2C225&amp;ssl=1 300w, https:\/\/i0.wp.com\/infos-droitshumains.net\/wp-content\/uploads\/2024\/05\/IMG-20240514-WA0074_1.jpg?resize=768%2C576&amp;ssl=1 768w\" sizes=\"(max-width: 640px) 100vw, 640px\" \/><\/figure>\n\n\n\n<p>De son c\u00f4t\u00e9, le ministre Muhindo Nzangide l\u2019enseignement sup\u00e9rieur et universitaire s\u2019est r\u00e9joui de cet atelier dont l\u2019application de ses r\u00e9sultats permettra \u00e0 la RDC de former ses propres m\u00e9decins l\u00e9gistes.<\/p>\n\n\n\n<p><em>\u00ab Je suis tr\u00e8s heureux de la tenue de cette activit\u00e9 \u00e0 l\u2019issue de laquelle nos universit\u00e9s auront un programme bien stabilis\u00e9 et un enseignement complet de la formation de nos propres m\u00e9decins l\u00e9gistes \u00bb<\/em>, a-t-il estim\u00e9.<\/p>\n\n\n\n<figure class=\"wp-block-image alignfull size-full\"><img data-recalc-dims=\"1\" decoding=\"async\" width=\"640\" height=\"480\" src=\"https:\/\/i0.wp.com\/infos-droitshumains.net\/wp-content\/uploads\/2024\/05\/IMG-20240514-WA0079_1.jpg?resize=640%2C480&#038;ssl=1\" alt=\"\" class=\"wp-image-9931\" srcset=\"https:\/\/i0.wp.com\/infos-droitshumains.net\/wp-content\/uploads\/2024\/05\/IMG-20240514-WA0079_1.jpg?w=1024&amp;ssl=1 1024w, https:\/\/i0.wp.com\/infos-droitshumains.net\/wp-content\/uploads\/2024\/05\/IMG-20240514-WA0079_1.jpg?resize=300%2C225&amp;ssl=1 300w, https:\/\/i0.wp.com\/infos-droitshumains.net\/wp-content\/uploads\/2024\/05\/IMG-20240514-WA0079_1.jpg?resize=768%2C576&amp;ssl=1 768w\" sizes=\"(max-width: 640px) 100vw, 640px\" \/><\/figure>\n\n\n\n<p>Les participants \u00e0 ces assises notamment, les m\u00e9decins l\u00e9gistes, les scientifiques et les magistrats, \u00e9laborent les r\u00e9f\u00e9rentiels des m\u00e9tiers de la m\u00e9decine l\u00e9gale.<\/p>\n\n\n\n<p>Cet atelier constitue la mise en pratique de l\u2019une des recommandations de la feuille de route du colloque internationale tenu \u00e0 Kinshasa du 17 au 19 juillet 2023 dont l\u2019objectif \u00e9tait de mettre en place une strat\u00e9gie nationale pour le d\u00e9veloppement et le renforcement des capacit\u00e9s nationales en m\u00e9decine l\u00e9gale, laquelle contribuera \u00e0 lutter efficacement contre l\u2019impunit\u00e9 et soutenir le processus de justice transitionnelle.<\/p>\n\n\n\n<p>AM<\/p>\n","protected":false},"excerpt":{"rendered":"<p>R\u00e9daction : +243817406088 La m\u00e9decine l\u00e9gale reste anonyme en R\u00e9publique D\u00e9mocratique du Congo ; or,&#8230;<\/p>\n","protected":false},"author":2,"featured_media":9933,"comment_status":"open","ping_status":"open","sticky":false,"template":"","format":"standard","meta":{"_jetpack_memberships_contains_paid_content":false,"footnotes":""},"categories":[7],"tags":[],"class_list":["post-9925","post","type-post","status-publish","format-standard","has-post-thumbnail","hentry","category-droits-humains"],"yoast_head":"<!-- This site is optimized with the Yoast SEO plugin v27.5 - https:\/\/yoast.com\/product\/yoast-seo-wordpress\/ -->\n<title>RDC : Vers la mise en place de la fili\u00e8re de m\u00e9decine l\u00e9gale dans les universit\u00e9s - Infos Droits Humains<\/title>\n<meta name=\"robots\" content=\"index, follow, max-snippet:-1, max-image-preview:large, max-video-preview:-1\" \/>\n<link rel=\"canonical\" href=\"https:\/\/infos-droitshumains.net\/?p=9925\" \/>\n<meta property=\"og:locale\" content=\"fr_FR\" \/>\n<meta property=\"og:type\" content=\"article\" \/>\n<meta property=\"og:title\" content=\"RDC : Vers la mise en place de la fili\u00e8re de m\u00e9decine l\u00e9gale dans les universit\u00e9s - Infos Droits Humains\" \/>\n<meta property=\"og:description\" content=\"R\u00e9daction : +243817406088 La m\u00e9decine l\u00e9gale reste anonyme en R\u00e9publique D\u00e9mocratique du Congo ; or,...\" \/>\n<meta property=\"og:url\" content=\"https:\/\/infos-droitshumains.net\/?p=9925\" \/>\n<meta property=\"og:site_name\" content=\"Infos Droits Humains\" \/>\n<meta property=\"article:published_time\" content=\"2024-05-14T16:20:48+00:00\" \/>\n<meta property=\"article:modified_time\" content=\"2024-05-14T16:49:45+00:00\" \/>\n<meta property=\"og:image\" content=\"https:\/\/infos-droitshumains.net\/wp-content\/uploads\/2024\/05\/IMG-20240514-WA0075_2.jpg\" \/>\n\t<meta property=\"og:image:width\" content=\"1015\" \/>\n\t<meta property=\"og:image:height\" content=\"642\" \/>\n\t<meta property=\"og:image:type\" content=\"image\/jpeg\" \/>\n<meta name=\"author\" content=\"Jo\u00ebl Diawa\" \/>\n<meta name=\"twitter:card\" content=\"summary_large_image\" \/>\n<meta name=\"twitter:label1\" content=\"\u00c9crit par\" \/>\n\t<meta name=\"twitter:data1\" content=\"Jo\u00ebl Diawa\" \/>\n\t<meta name=\"twitter:label2\" content=\"Dur\u00e9e de lecture estim\u00e9e\" \/>\n\t<meta name=\"twitter:data2\" content=\"3 minutes\" \/>\n<script type=\"application\/ld+json\" class=\"yoast-schema-graph\">{\"@context\":\"https:\\\/\\\/schema.org\",\"@graph\":[{\"@type\":\"Article\",\"@id\":\"https:\\\/\\\/infos-droitshumains.net\\\/?p=9925#article\",\"isPartOf\":{\"@id\":\"https:\\\/\\\/infos-droitshumains.net\\\/?p=9925\"},\"author\":{\"name\":\"Jo\u00ebl Diawa\",\"@id\":\"https:\\\/\\\/infos-droitshumains.net\\\/#\\\/schema\\\/person\\\/3dc5e921c3302172e0ed4362f96faab7\"},\"headline\":\"RDC : Vers la mise en place de la fili\u00e8re de m\u00e9decine l\u00e9gale dans les universit\u00e9s\",\"datePublished\":\"2024-05-14T16:20:48+00:00\",\"dateModified\":\"2024-05-14T16:49:45+00:00\",\"mainEntityOfPage\":{\"@id\":\"https:\\\/\\\/infos-droitshumains.net\\\/?p=9925\"},\"wordCount\":401,\"commentCount\":0,\"publisher\":{\"@id\":\"https:\\\/\\\/infos-droitshumains.net\\\/#organization\"},\"image\":{\"@id\":\"https:\\\/\\\/infos-droitshumains.net\\\/?p=9925#primaryimage\"},\"thumbnailUrl\":\"https:\\\/\\\/i0.wp.com\\\/infos-droitshumains.net\\\/wp-content\\\/uploads\\\/2024\\\/05\\\/IMG-20240514-WA0075_2.jpg?fit=1015%2C642&ssl=1\",\"articleSection\":[\"Droits Humains\"],\"inLanguage\":\"fr-FR\",\"potentialAction\":[{\"@type\":\"CommentAction\",\"name\":\"Comment\",\"target\":[\"https:\\\/\\\/infos-droitshumains.net\\\/?p=9925#respond\"]}]},{\"@type\":\"WebPage\",\"@id\":\"https:\\\/\\\/infos-droitshumains.net\\\/?p=9925\",\"url\":\"https:\\\/\\\/infos-droitshumains.net\\\/?p=9925\",\"name\":\"RDC : Vers la mise en place de la fili\u00e8re de m\u00e9decine l\u00e9gale dans les universit\u00e9s - Infos Droits Humains\",\"isPartOf\":{\"@id\":\"https:\\\/\\\/infos-droitshumains.net\\\/#website\"},\"primaryImageOfPage\":{\"@id\":\"https:\\\/\\\/infos-droitshumains.net\\\/?p=9925#primaryimage\"},\"image\":{\"@id\":\"https:\\\/\\\/infos-droitshumains.net\\\/?p=9925#primaryimage\"},\"thumbnailUrl\":\"https:\\\/\\\/i0.wp.com\\\/infos-droitshumains.net\\\/wp-content\\\/uploads\\\/2024\\\/05\\\/IMG-20240514-WA0075_2.jpg?fit=1015%2C642&ssl=1\",\"datePublished\":\"2024-05-14T16:20:48+00:00\",\"dateModified\":\"2024-05-14T16:49:45+00:00\",\"breadcrumb\":{\"@id\":\"https:\\\/\\\/infos-droitshumains.net\\\/?p=9925#breadcrumb\"},\"inLanguage\":\"fr-FR\",\"potentialAction\":[{\"@type\":\"ReadAction\",\"target\":[\"https:\\\/\\\/infos-droitshumains.net\\\/?p=9925\"]}]},{\"@type\":\"ImageObject\",\"inLanguage\":\"fr-FR\",\"@id\":\"https:\\\/\\\/infos-droitshumains.net\\\/?p=9925#primaryimage\",\"url\":\"https:\\\/\\\/i0.wp.com\\\/infos-droitshumains.net\\\/wp-content\\\/uploads\\\/2024\\\/05\\\/IMG-20240514-WA0075_2.jpg?fit=1015%2C642&ssl=1\",\"contentUrl\":\"https:\\\/\\\/i0.wp.com\\\/infos-droitshumains.net\\\/wp-content\\\/uploads\\\/2024\\\/05\\\/IMG-20240514-WA0075_2.jpg?fit=1015%2C642&ssl=1\",\"width\":1015,\"height\":642},{\"@type\":\"BreadcrumbList\",\"@id\":\"https:\\\/\\\/infos-droitshumains.net\\\/?p=9925#breadcrumb\",\"itemListElement\":[{\"@type\":\"ListItem\",\"position\":1,\"name\":\"Accueil\",\"item\":\"https:\\\/\\\/infos-droitshumains.net\\\/\"},{\"@type\":\"ListItem\",\"position\":2,\"name\":\"RDC : Vers la mise en place de la fili\u00e8re de m\u00e9decine l\u00e9gale dans les universit\u00e9s\"}]},{\"@type\":\"WebSite\",\"@id\":\"https:\\\/\\\/infos-droitshumains.net\\\/#website\",\"url\":\"https:\\\/\\\/infos-droitshumains.net\\\/\",\"name\":\"Infos Droits Humains\",\"description\":\"S&#039;informer est un droit\",\"publisher\":{\"@id\":\"https:\\\/\\\/infos-droitshumains.net\\\/#organization\"},\"potentialAction\":[{\"@type\":\"SearchAction\",\"target\":{\"@type\":\"EntryPoint\",\"urlTemplate\":\"https:\\\/\\\/infos-droitshumains.net\\\/?s={search_term_string}\"},\"query-input\":{\"@type\":\"PropertyValueSpecification\",\"valueRequired\":true,\"valueName\":\"search_term_string\"}}],\"inLanguage\":\"fr-FR\"},{\"@type\":\"Organization\",\"@id\":\"https:\\\/\\\/infos-droitshumains.net\\\/#organization\",\"name\":\"Infos Droits Humains\",\"url\":\"https:\\\/\\\/infos-droitshumains.net\\\/\",\"logo\":{\"@type\":\"ImageObject\",\"inLanguage\":\"fr-FR\",\"@id\":\"https:\\\/\\\/infos-droitshumains.net\\\/#\\\/schema\\\/logo\\\/image\\\/\",\"url\":\"https:\\\/\\\/i0.wp.com\\\/infos-droitshumains.net\\\/wp-content\\\/uploads\\\/2022\\\/05\\\/Logo.png?fit=333%2C129&ssl=1\",\"contentUrl\":\"https:\\\/\\\/i0.wp.com\\\/infos-droitshumains.net\\\/wp-content\\\/uploads\\\/2022\\\/05\\\/Logo.png?fit=333%2C129&ssl=1\",\"width\":333,\"height\":129,\"caption\":\"Infos Droits Humains\"},\"image\":{\"@id\":\"https:\\\/\\\/infos-droitshumains.net\\\/#\\\/schema\\\/logo\\\/image\\\/\"}},{\"@type\":\"Person\",\"@id\":\"https:\\\/\\\/infos-droitshumains.net\\\/#\\\/schema\\\/person\\\/3dc5e921c3302172e0ed4362f96faab7\",\"name\":\"Jo\u00ebl Diawa\",\"image\":{\"@type\":\"ImageObject\",\"inLanguage\":\"fr-FR\",\"@id\":\"https:\\\/\\\/secure.gravatar.com\\\/avatar\\\/729bea6ff4604c624417803c477363be8e3c7186deaa65713313f9b4b820f41c?s=96&d=mm&r=g\",\"url\":\"https:\\\/\\\/secure.gravatar.com\\\/avatar\\\/729bea6ff4604c624417803c477363be8e3c7186deaa65713313f9b4b820f41c?s=96&d=mm&r=g\",\"contentUrl\":\"https:\\\/\\\/secure.gravatar.com\\\/avatar\\\/729bea6ff4604c624417803c477363be8e3c7186deaa65713313f9b4b820f41c?s=96&d=mm&r=g\",\"caption\":\"Jo\u00ebl Diawa\"},\"sameAs\":[\"https:\\\/\\\/www.infos-droitshumains.net\"],\"url\":\"https:\\\/\\\/infos-droitshumains.net\\\/?author=2\"}]}<\/script>\n<!-- \/ Yoast SEO plugin. -->","yoast_head_json":{"title":"RDC : Vers la mise en place de la fili\u00e8re de m\u00e9decine l\u00e9gale dans les universit\u00e9s - Infos Droits Humains","robots":{"index":"index","follow":"follow","max-snippet":"max-snippet:-1","max-image-preview":"max-image-preview:large","max-video-preview":"max-video-preview:-1"},"canonical":"https:\/\/infos-droitshumains.net\/?p=9925","og_locale":"fr_FR","og_type":"article","og_title":"RDC : Vers la mise en place de la fili\u00e8re de m\u00e9decine l\u00e9gale dans les universit\u00e9s - Infos Droits Humains","og_description":"R\u00e9daction : +243817406088 La m\u00e9decine l\u00e9gale reste anonyme en R\u00e9publique D\u00e9mocratique du Congo ; or,...","og_url":"https:\/\/infos-droitshumains.net\/?p=9925","og_site_name":"Infos Droits Humains","article_published_time":"2024-05-14T16:20:48+00:00","article_modified_time":"2024-05-14T16:49:45+00:00","og_image":[{"width":1015,"height":642,"url":"https:\/\/infos-droitshumains.net\/wp-content\/uploads\/2024\/05\/IMG-20240514-WA0075_2.jpg","type":"image\/jpeg"}],"author":"Jo\u00ebl Diawa","twitter_card":"summary_large_image","twitter_misc":{"\u00c9crit par":"Jo\u00ebl Diawa","Dur\u00e9e de lecture estim\u00e9e":"3 minutes"},"schema":{"@context":"https:\/\/schema.org","@graph":[{"@type":"Article","@id":"https:\/\/infos-droitshumains.net\/?p=9925#article","isPartOf":{"@id":"https:\/\/infos-droitshumains.net\/?p=9925"},"author":{"name":"Jo\u00ebl Diawa","@id":"https:\/\/infos-droitshumains.net\/#\/schema\/person\/3dc5e921c3302172e0ed4362f96faab7"},"headline":"RDC : Vers la mise en place de la fili\u00e8re de m\u00e9decine l\u00e9gale dans les universit\u00e9s","datePublished":"2024-05-14T16:20:48+00:00","dateModified":"2024-05-14T16:49:45+00:00","mainEntityOfPage":{"@id":"https:\/\/infos-droitshumains.net\/?p=9925"},"wordCount":401,"commentCount":0,"publisher":{"@id":"https:\/\/infos-droitshumains.net\/#organization"},"image":{"@id":"https:\/\/infos-droitshumains.net\/?p=9925#primaryimage"},"thumbnailUrl":"https:\/\/i0.wp.com\/infos-droitshumains.net\/wp-content\/uploads\/2024\/05\/IMG-20240514-WA0075_2.jpg?fit=1015%2C642&ssl=1","articleSection":["Droits Humains"],"inLanguage":"fr-FR","potentialAction":[{"@type":"CommentAction","name":"Comment","target":["https:\/\/infos-droitshumains.net\/?p=9925#respond"]}]},{"@type":"WebPage","@id":"https:\/\/infos-droitshumains.net\/?p=9925","url":"https:\/\/infos-droitshumains.net\/?p=9925","name":"RDC : Vers la mise en place de la fili\u00e8re de m\u00e9decine l\u00e9gale dans les universit\u00e9s - Infos Droits Humains","isPartOf":{"@id":"https:\/\/infos-droitshumains.net\/#website"},"primaryImageOfPage":{"@id":"https:\/\/infos-droitshumains.net\/?p=9925#primaryimage"},"image":{"@id":"https:\/\/infos-droitshumains.net\/?p=9925#primaryimage"},"thumbnailUrl":"https:\/\/i0.wp.com\/infos-droitshumains.net\/wp-content\/uploads\/2024\/05\/IMG-20240514-WA0075_2.jpg?fit=1015%2C642&ssl=1","datePublished":"2024-05-14T16:20:48+00:00","dateModified":"2024-05-14T16:49:45+00:00","breadcrumb":{"@id":"https:\/\/infos-droitshumains.net\/?p=9925#breadcrumb"},"inLanguage":"fr-FR","potentialAction":[{"@type":"ReadAction","target":["https:\/\/infos-droitshumains.net\/?p=9925"]}]},{"@type":"ImageObject","inLanguage":"fr-FR","@id":"https:\/\/infos-droitshumains.net\/?p=9925#primaryimage","url":"https:\/\/i0.wp.com\/infos-droitshumains.net\/wp-content\/uploads\/2024\/05\/IMG-20240514-WA0075_2.jpg?fit=1015%2C642&ssl=1","contentUrl":"https:\/\/i0.wp.com\/infos-droitshumains.net\/wp-content\/uploads\/2024\/05\/IMG-20240514-WA0075_2.jpg?fit=1015%2C642&ssl=1","width":1015,"height":642},{"@type":"BreadcrumbList","@id":"https:\/\/infos-droitshumains.net\/?p=9925#breadcrumb","itemListElement":[{"@type":"ListItem","position":1,"name":"Accueil","item":"https:\/\/infos-droitshumains.net\/"},{"@type":"ListItem","position":2,"name":"RDC : Vers la mise en place de la fili\u00e8re de m\u00e9decine l\u00e9gale dans les universit\u00e9s"}]},{"@type":"WebSite","@id":"https:\/\/infos-droitshumains.net\/#website","url":"https:\/\/infos-droitshumains.net\/","name":"Infos Droits Humains","description":"S&#039;informer est un droit","publisher":{"@id":"https:\/\/infos-droitshumains.net\/#organization"},"potentialAction":[{"@type":"SearchAction","target":{"@type":"EntryPoint","urlTemplate":"https:\/\/infos-droitshumains.net\/?s={search_term_string}"},"query-input":{"@type":"PropertyValueSpecification","valueRequired":true,"valueName":"search_term_string"}}],"inLanguage":"fr-FR"},{"@type":"Organization","@id":"https:\/\/infos-droitshumains.net\/#organization","name":"Infos Droits Humains","url":"https:\/\/infos-droitshumains.net\/","logo":{"@type":"ImageObject","inLanguage":"fr-FR","@id":"https:\/\/infos-droitshumains.net\/#\/schema\/logo\/image\/","url":"https:\/\/i0.wp.com\/infos-droitshumains.net\/wp-content\/uploads\/2022\/05\/Logo.png?fit=333%2C129&ssl=1","contentUrl":"https:\/\/i0.wp.com\/infos-droitshumains.net\/wp-content\/uploads\/2022\/05\/Logo.png?fit=333%2C129&ssl=1","width":333,"height":129,"caption":"Infos Droits Humains"},"image":{"@id":"https:\/\/infos-droitshumains.net\/#\/schema\/logo\/image\/"}},{"@type":"Person","@id":"https:\/\/infos-droitshumains.net\/#\/schema\/person\/3dc5e921c3302172e0ed4362f96faab7","name":"Jo\u00ebl Diawa","image":{"@type":"ImageObject","inLanguage":"fr-FR","@id":"https:\/\/secure.gravatar.com\/avatar\/729bea6ff4604c624417803c477363be8e3c7186deaa65713313f9b4b820f41c?s=96&d=mm&r=g","url":"https:\/\/secure.gravatar.com\/avatar\/729bea6ff4604c624417803c477363be8e3c7186deaa65713313f9b4b820f41c?s=96&d=mm&r=g","contentUrl":"https:\/\/secure.gravatar.com\/avatar\/729bea6ff4604c624417803c477363be8e3c7186deaa65713313f9b4b820f41c?s=96&d=mm&r=g","caption":"Jo\u00ebl Diawa"},"sameAs":["https:\/\/www.infos-droitshumains.net"],"url":"https:\/\/infos-droitshumains.net\/?author=2"}]}},"featured_image_urls":{"full":["https:\/\/i0.wp.com\/infos-droitshumains.net\/wp-content\/uploads\/2024\/05\/IMG-20240514-WA0075_2.jpg?fit=1015%2C642&ssl=1",1015,642,false],"thumbnail":["https:\/\/i0.wp.com\/infos-droitshumains.net\/wp-content\/uploads\/2024\/05\/IMG-20240514-WA0075_2.jpg?resize=150%2C150&ssl=1",150,150,true],"medium":["https:\/\/i0.wp.com\/infos-droitshumains.net\/wp-content\/uploads\/2024\/05\/IMG-20240514-WA0075_2.jpg?fit=300%2C190&ssl=1",300,190,true],"medium_large":["https:\/\/i0.wp.com\/infos-droitshumains.net\/wp-content\/uploads\/2024\/05\/IMG-20240514-WA0075_2.jpg?fit=640%2C405&ssl=1",640,405,true],"large":["https:\/\/i0.wp.com\/infos-droitshumains.net\/wp-content\/uploads\/2024\/05\/IMG-20240514-WA0075_2.jpg?fit=640%2C405&ssl=1",640,405,true],"1536x1536":["https:\/\/i0.wp.com\/infos-droitshumains.net\/wp-content\/uploads\/2024\/05\/IMG-20240514-WA0075_2.jpg?fit=1015%2C642&ssl=1",1015,642,true],"2048x2048":["https:\/\/i0.wp.com\/infos-droitshumains.net\/wp-content\/uploads\/2024\/05\/IMG-20240514-WA0075_2.jpg?fit=1015%2C642&ssl=1",1015,642,true],"covernews-slider-full":["https:\/\/i0.wp.com\/infos-droitshumains.net\/wp-content\/uploads\/2024\/05\/IMG-20240514-WA0075_2.jpg?resize=1015%2C642&ssl=1",1015,642,true],"covernews-slider-center":["https:\/\/i0.wp.com\/infos-droitshumains.net\/wp-content\/uploads\/2024\/05\/IMG-20240514-WA0075_2.jpg?resize=800%2C500&ssl=1",800,500,true],"covernews-featured":["https:\/\/i0.wp.com\/infos-droitshumains.net\/wp-content\/uploads\/2024\/05\/IMG-20240514-WA0075_2.jpg?fit=1015%2C642&ssl=1",1015,642,true],"covernews-medium":["https:\/\/i0.wp.com\/infos-droitshumains.net\/wp-content\/uploads\/2024\/05\/IMG-20240514-WA0075_2.jpg?resize=540%2C340&ssl=1",540,340,true],"covernews-medium-square":["https:\/\/i0.wp.com\/infos-droitshumains.net\/wp-content\/uploads\/2024\/05\/IMG-20240514-WA0075_2.jpg?resize=400%2C250&ssl=1",400,250,true]},"author_info":{"display_name":"Jo\u00ebl Diawa","author_link":"https:\/\/infos-droitshumains.net\/?author=2"},"category_info":"<a href=\"https:\/\/infos-droitshumains.net\/?cat=7\" rel=\"category\">Droits Humains<\/a>","tag_info":"Droits Humains","comment_count":"0","jetpack_featured_media_url":"https:\/\/i0.wp.com\/infos-droitshumains.net\/wp-content\/uploads\/2024\/05\/IMG-20240514-WA0075_2.jpg?fit=1015%2C642&ssl=1","jetpack-related-posts":[],"jetpack_sharing_enabled":true,"_links":{"self":[{"href":"https:\/\/infos-droitshumains.net\/index.php?rest_route=\/wp\/v2\/posts\/9925","targetHints":{"allow":["GET"]}}],"collection":[{"href":"https:\/\/infos-droitshumains.net\/index.php?rest_route=\/wp\/v2\/posts"}],"about":[{"href":"https:\/\/infos-droitshumains.net\/index.php?rest_route=\/wp\/v2\/types\/post"}],"author":[{"embeddable":true,"href":"https:\/\/infos-droitshumains.net\/index.php?rest_route=\/wp\/v2\/users\/2"}],"replies":[{"embeddable":true,"href":"https:\/\/infos-droitshumains.net\/index.php?rest_route=%2Fwp%2Fv2%2Fcomments&post=9925"}],"version-history":[{"count":4,"href":"https:\/\/infos-droitshumains.net\/index.php?rest_route=\/wp\/v2\/posts\/9925\/revisions"}],"predecessor-version":[{"id":9932,"href":"https:\/\/infos-droitshumains.net\/index.php?rest_route=\/wp\/v2\/posts\/9925\/revisions\/9932"}],"wp:featuredmedia":[{"embeddable":true,"href":"https:\/\/infos-droitshumains.net\/index.php?rest_route=\/wp\/v2\/media\/9933"}],"wp:attachment":[{"href":"https:\/\/infos-droitshumains.net\/index.php?rest_route=%2Fwp%2Fv2%2Fmedia&parent=9925"}],"wp:term":[{"taxonomy":"category","embeddable":true,"href":"https:\/\/infos-droitshumains.net\/index.php?rest_route=%2Fwp%2Fv2%2Fcategories&post=9925"},{"taxonomy":"post_tag","embeddable":true,"href":"https:\/\/infos-droitshumains.net\/index.php?rest_route=%2Fwp%2Fv2%2Ftags&post=9925"}],"curies":[{"name":"wp","href":"https:\/\/api.w.org\/{rel}","templated":true}]}}