{"id":9893,"date":"2024-05-02T14:40:55","date_gmt":"2024-05-02T12:40:55","guid":{"rendered":"https:\/\/infos-droitshumains.net\/?p=9893"},"modified":"2024-05-03T14:10:21","modified_gmt":"2024-05-03T12:10:21","slug":"election-du-tickey-bumba-iyeli-au-gouvernorat-de-kinshasa-merlin-kamalandua-salue-la-victoire-de-la-raison","status":"publish","type":"post","link":"https:\/\/infos-droitshumains.net\/?p=9893","title":{"rendered":"Election du ticket Bumba-Iyeli au gouvernorat de Kinshasa\u00a0: Merlin Kamalandua salue la victoire de la raison"},"content":{"rendered":"\n<p><strong>R\u00e9daction :+243817406088<\/strong><\/p>\n\n\n\n<h3 class=\"wp-block-heading has-vivid-red-color has-text-color has-link-color wp-elements-c6c3838242d68ba14b980c2099cebb49\">Le ticket de l\u2019Union Sacr\u00e9e \u00e0 l\u2019\u00e9lection du gouverneur de la ville province de Kinshasa a battu \u00e0 plate couture tous les autres tickets\u00a0; une victoire sans appel avec 37 voix sur les 47 \u00e9lus; une victoire vivement salu\u00e9e par Merlin Kamalandua.<\/h3>\n\n\n\n<p>Pour le Pr\u00e9sident de l\u2019Asbl Telemisa Bumbu Daniel Bumbu Lubaki et Eddy Iyeli Molangi avec leur programme, \u00ab&nbsp;Kinshasa ezo bonga&nbsp;\u00bb ont un profil pour donner un nouveau souffle \u00e0 la capitale de la R\u00e9publique D\u00e9mocratique du Congo.<\/p>\n\n\n\n<p><em>\u00ab&nbsp;Si j\u2019\u00e9tais \u00e9lu d\u00e9put\u00e9 provincial, ce ticket serait \u00e9galement mon choix. Je suis tr\u00e8s content que les d\u00e9put\u00e9s provinciaux aient fait confiance en ces dignes kinois dans le vrai sens du mot. Avec cette immense programme de \u2018\u2019Kinshasa ezo bonga\u2019\u2019 que nous avons eu le temps de lire, nous restons convaincu que cette fois-ci les kinois vont retrouver leur compte dans la gestion de la chose publique&nbsp;\u00bb<\/em>, a dit Merlin Kamalandua qui a \u00e9t\u00e9 massivement \u00e9lu dans la commune de Bumbu mais n\u2019a pu \u00eatre proclam\u00e9 par la CENI faute du seuil d\u2019\u00e9ligibilit\u00e9 non atteint par sa famille politique.<\/p>\n\n\n\n<p>Ce natif et digne fils de la commune de Bumbu croit en ce tandem pour le d\u00e9veloppement de la ville de Kinshasa en g\u00e9n\u00e9ral et de sa commune en particulier.<\/p>\n\n\n\n<p><em>\u00ab&nbsp;Nous l\u2019Asbl Telemisa Bumbu, avons plusieurs projets de d\u00e9veloppement non seulement pour notre commune, mais pour tout Kinshasa&nbsp;; et nous esp\u00e9rons qu\u2019il y aura une bonne collaboration avec les autorit\u00e9s urbaines pour le d\u00e9veloppement de notre soci\u00e9t\u00e9. On parle de la commune de Bumbu certes, &nbsp;puisque &nbsp;c\u2019est la commune qui nous a vu naitre et grandir, mais dans sa globalit\u00e9, nos projets sont \u00e0 port\u00e9e g\u00e9n\u00e9ral et nous esp\u00e9rons que \u00e7a b\u00e9n\u00e9ficiera \u00e0 toute la ville de Kinshasa.&nbsp;\u00bb, <\/em>a souhait\u00e9 Merllin Kamalandua.<\/p>\n\n\n\n<p>Cet ancien candidat d\u00e9put\u00e9 provincial qui attend l\u2019appui des autorit\u00e9s de la ville, souhaite une collaboration permanente avec l\u2019Asbl Telemisa Bumbu afin que cette derni\u00e8re contribue substantiellement au d\u00e9veloppement de la capitale.<\/p>\n\n\n\n<p>Initiatrice de plusieurs projets de d\u00e9veloppement, l\u2019Asbl Telemisa Bumbu entend entre autre de sortir la municipalit\u00e9 de Bumbu de la clandestinit\u00e9, et \u00e0 doter la commune de ses dignes repr\u00e9sentants dans toutes les institutions du pays.<\/p>\n\n\n\n<p>Jo\u00ebl Diawa<\/p>\n","protected":false},"excerpt":{"rendered":"<p>R\u00e9daction :+243817406088 Le ticket de l\u2019Union Sacr\u00e9e \u00e0 l\u2019\u00e9lection du gouverneur de la ville province&#8230;<\/p>\n","protected":false},"author":2,"featured_media":9913,"comment_status":"open","ping_status":"open","sticky":false,"template":"","format":"standard","meta":{"_jetpack_memberships_contains_paid_content":false,"footnotes":""},"categories":[8],"tags":[],"class_list":["post-9893","post","type-post","status-publish","format-standard","has-post-thumbnail","hentry","category-societe"],"yoast_head":"<!-- This site is optimized with the Yoast SEO plugin v27.5 - https:\/\/yoast.com\/product\/yoast-seo-wordpress\/ -->\n<title>Election du ticket Bumba-Iyeli au gouvernorat de Kinshasa\u00a0: Merlin Kamalandua salue la victoire de la raison - Infos Droits Humains<\/title>\n<meta name=\"robots\" content=\"index, follow, max-snippet:-1, max-image-preview:large, max-video-preview:-1\" \/>\n<link rel=\"canonical\" href=\"https:\/\/infos-droitshumains.net\/?p=9893\" \/>\n<meta property=\"og:locale\" content=\"fr_FR\" \/>\n<meta property=\"og:type\" content=\"article\" \/>\n<meta property=\"og:title\" content=\"Election du ticket Bumba-Iyeli au gouvernorat de Kinshasa\u00a0: Merlin Kamalandua salue la victoire de la raison - Infos Droits Humains\" \/>\n<meta property=\"og:description\" content=\"R\u00e9daction :+243817406088 Le ticket de l\u2019Union Sacr\u00e9e \u00e0 l\u2019\u00e9lection du gouverneur de la ville province...\" \/>\n<meta property=\"og:url\" content=\"https:\/\/infos-droitshumains.net\/?p=9893\" \/>\n<meta property=\"og:site_name\" content=\"Infos Droits Humains\" \/>\n<meta property=\"article:published_time\" content=\"2024-05-02T12:40:55+00:00\" \/>\n<meta property=\"article:modified_time\" content=\"2024-05-03T12:10:21+00:00\" \/>\n<meta property=\"og:image\" content=\"https:\/\/infos-droitshumains.net\/wp-content\/uploads\/2024\/05\/IMG-20240503-WA0028.jpg\" \/>\n\t<meta property=\"og:image:width\" content=\"1000\" \/>\n\t<meta property=\"og:image:height\" content=\"1000\" \/>\n\t<meta property=\"og:image:type\" content=\"image\/jpeg\" \/>\n<meta name=\"author\" content=\"Jo\u00ebl Diawa\" \/>\n<meta name=\"twitter:card\" content=\"summary_large_image\" \/>\n<meta name=\"twitter:label1\" content=\"\u00c9crit par\" \/>\n\t<meta name=\"twitter:data1\" content=\"Jo\u00ebl Diawa\" \/>\n\t<meta name=\"twitter:label2\" content=\"Dur\u00e9e de lecture estim\u00e9e\" \/>\n\t<meta name=\"twitter:data2\" content=\"3 minutes\" \/>\n<script type=\"application\/ld+json\" class=\"yoast-schema-graph\">{\"@context\":\"https:\\\/\\\/schema.org\",\"@graph\":[{\"@type\":\"Article\",\"@id\":\"https:\\\/\\\/infos-droitshumains.net\\\/?p=9893#article\",\"isPartOf\":{\"@id\":\"https:\\\/\\\/infos-droitshumains.net\\\/?p=9893\"},\"author\":{\"name\":\"Jo\u00ebl Diawa\",\"@id\":\"https:\\\/\\\/infos-droitshumains.net\\\/#\\\/schema\\\/person\\\/3dc5e921c3302172e0ed4362f96faab7\"},\"headline\":\"Election du ticket Bumba-Iyeli au gouvernorat de Kinshasa\u00a0: Merlin Kamalandua salue la victoire de la raison\",\"datePublished\":\"2024-05-02T12:40:55+00:00\",\"dateModified\":\"2024-05-03T12:10:21+00:00\",\"mainEntityOfPage\":{\"@id\":\"https:\\\/\\\/infos-droitshumains.net\\\/?p=9893\"},\"wordCount\":421,\"commentCount\":0,\"publisher\":{\"@id\":\"https:\\\/\\\/infos-droitshumains.net\\\/#organization\"},\"image\":{\"@id\":\"https:\\\/\\\/infos-droitshumains.net\\\/?p=9893#primaryimage\"},\"thumbnailUrl\":\"https:\\\/\\\/i0.wp.com\\\/infos-droitshumains.net\\\/wp-content\\\/uploads\\\/2024\\\/05\\\/IMG-20240503-WA0028.jpg?fit=1000%2C1000&ssl=1\",\"articleSection\":[\"Soci\u00e9t\u00e9\"],\"inLanguage\":\"fr-FR\",\"potentialAction\":[{\"@type\":\"CommentAction\",\"name\":\"Comment\",\"target\":[\"https:\\\/\\\/infos-droitshumains.net\\\/?p=9893#respond\"]}]},{\"@type\":\"WebPage\",\"@id\":\"https:\\\/\\\/infos-droitshumains.net\\\/?p=9893\",\"url\":\"https:\\\/\\\/infos-droitshumains.net\\\/?p=9893\",\"name\":\"Election du ticket Bumba-Iyeli au gouvernorat de Kinshasa\u00a0: Merlin Kamalandua salue la victoire de la raison - Infos Droits Humains\",\"isPartOf\":{\"@id\":\"https:\\\/\\\/infos-droitshumains.net\\\/#website\"},\"primaryImageOfPage\":{\"@id\":\"https:\\\/\\\/infos-droitshumains.net\\\/?p=9893#primaryimage\"},\"image\":{\"@id\":\"https:\\\/\\\/infos-droitshumains.net\\\/?p=9893#primaryimage\"},\"thumbnailUrl\":\"https:\\\/\\\/i0.wp.com\\\/infos-droitshumains.net\\\/wp-content\\\/uploads\\\/2024\\\/05\\\/IMG-20240503-WA0028.jpg?fit=1000%2C1000&ssl=1\",\"datePublished\":\"2024-05-02T12:40:55+00:00\",\"dateModified\":\"2024-05-03T12:10:21+00:00\",\"breadcrumb\":{\"@id\":\"https:\\\/\\\/infos-droitshumains.net\\\/?p=9893#breadcrumb\"},\"inLanguage\":\"fr-FR\",\"potentialAction\":[{\"@type\":\"ReadAction\",\"target\":[\"https:\\\/\\\/infos-droitshumains.net\\\/?p=9893\"]}]},{\"@type\":\"ImageObject\",\"inLanguage\":\"fr-FR\",\"@id\":\"https:\\\/\\\/infos-droitshumains.net\\\/?p=9893#primaryimage\",\"url\":\"https:\\\/\\\/i0.wp.com\\\/infos-droitshumains.net\\\/wp-content\\\/uploads\\\/2024\\\/05\\\/IMG-20240503-WA0028.jpg?fit=1000%2C1000&ssl=1\",\"contentUrl\":\"https:\\\/\\\/i0.wp.com\\\/infos-droitshumains.net\\\/wp-content\\\/uploads\\\/2024\\\/05\\\/IMG-20240503-WA0028.jpg?fit=1000%2C1000&ssl=1\",\"width\":1000,\"height\":1000},{\"@type\":\"BreadcrumbList\",\"@id\":\"https:\\\/\\\/infos-droitshumains.net\\\/?p=9893#breadcrumb\",\"itemListElement\":[{\"@type\":\"ListItem\",\"position\":1,\"name\":\"Accueil\",\"item\":\"https:\\\/\\\/infos-droitshumains.net\\\/\"},{\"@type\":\"ListItem\",\"position\":2,\"name\":\"Election du ticket Bumba-Iyeli au gouvernorat de Kinshasa\u00a0: Merlin Kamalandua salue la victoire de la raison\"}]},{\"@type\":\"WebSite\",\"@id\":\"https:\\\/\\\/infos-droitshumains.net\\\/#website\",\"url\":\"https:\\\/\\\/infos-droitshumains.net\\\/\",\"name\":\"Infos Droits Humains\",\"description\":\"S&#039;informer est un droit\",\"publisher\":{\"@id\":\"https:\\\/\\\/infos-droitshumains.net\\\/#organization\"},\"potentialAction\":[{\"@type\":\"SearchAction\",\"target\":{\"@type\":\"EntryPoint\",\"urlTemplate\":\"https:\\\/\\\/infos-droitshumains.net\\\/?s={search_term_string}\"},\"query-input\":{\"@type\":\"PropertyValueSpecification\",\"valueRequired\":true,\"valueName\":\"search_term_string\"}}],\"inLanguage\":\"fr-FR\"},{\"@type\":\"Organization\",\"@id\":\"https:\\\/\\\/infos-droitshumains.net\\\/#organization\",\"name\":\"Infos Droits Humains\",\"url\":\"https:\\\/\\\/infos-droitshumains.net\\\/\",\"logo\":{\"@type\":\"ImageObject\",\"inLanguage\":\"fr-FR\",\"@id\":\"https:\\\/\\\/infos-droitshumains.net\\\/#\\\/schema\\\/logo\\\/image\\\/\",\"url\":\"https:\\\/\\\/i0.wp.com\\\/infos-droitshumains.net\\\/wp-content\\\/uploads\\\/2022\\\/05\\\/Logo.png?fit=333%2C129&ssl=1\",\"contentUrl\":\"https:\\\/\\\/i0.wp.com\\\/infos-droitshumains.net\\\/wp-content\\\/uploads\\\/2022\\\/05\\\/Logo.png?fit=333%2C129&ssl=1\",\"width\":333,\"height\":129,\"caption\":\"Infos Droits Humains\"},\"image\":{\"@id\":\"https:\\\/\\\/infos-droitshumains.net\\\/#\\\/schema\\\/logo\\\/image\\\/\"}},{\"@type\":\"Person\",\"@id\":\"https:\\\/\\\/infos-droitshumains.net\\\/#\\\/schema\\\/person\\\/3dc5e921c3302172e0ed4362f96faab7\",\"name\":\"Jo\u00ebl Diawa\",\"image\":{\"@type\":\"ImageObject\",\"inLanguage\":\"fr-FR\",\"@id\":\"https:\\\/\\\/secure.gravatar.com\\\/avatar\\\/729bea6ff4604c624417803c477363be8e3c7186deaa65713313f9b4b820f41c?s=96&d=mm&r=g\",\"url\":\"https:\\\/\\\/secure.gravatar.com\\\/avatar\\\/729bea6ff4604c624417803c477363be8e3c7186deaa65713313f9b4b820f41c?s=96&d=mm&r=g\",\"contentUrl\":\"https:\\\/\\\/secure.gravatar.com\\\/avatar\\\/729bea6ff4604c624417803c477363be8e3c7186deaa65713313f9b4b820f41c?s=96&d=mm&r=g\",\"caption\":\"Jo\u00ebl Diawa\"},\"sameAs\":[\"https:\\\/\\\/www.infos-droitshumains.net\"],\"url\":\"https:\\\/\\\/infos-droitshumains.net\\\/?author=2\"}]}<\/script>\n<!-- \/ Yoast SEO plugin. -->","yoast_head_json":{"title":"Election du ticket Bumba-Iyeli au gouvernorat de Kinshasa\u00a0: Merlin Kamalandua salue la victoire de la raison - Infos Droits Humains","robots":{"index":"index","follow":"follow","max-snippet":"max-snippet:-1","max-image-preview":"max-image-preview:large","max-video-preview":"max-video-preview:-1"},"canonical":"https:\/\/infos-droitshumains.net\/?p=9893","og_locale":"fr_FR","og_type":"article","og_title":"Election du ticket Bumba-Iyeli au gouvernorat de Kinshasa\u00a0: Merlin Kamalandua salue la victoire de la raison - Infos Droits Humains","og_description":"R\u00e9daction :+243817406088 Le ticket de l\u2019Union Sacr\u00e9e \u00e0 l\u2019\u00e9lection du gouverneur de la ville province...","og_url":"https:\/\/infos-droitshumains.net\/?p=9893","og_site_name":"Infos Droits Humains","article_published_time":"2024-05-02T12:40:55+00:00","article_modified_time":"2024-05-03T12:10:21+00:00","og_image":[{"width":1000,"height":1000,"url":"https:\/\/infos-droitshumains.net\/wp-content\/uploads\/2024\/05\/IMG-20240503-WA0028.jpg","type":"image\/jpeg"}],"author":"Jo\u00ebl Diawa","twitter_card":"summary_large_image","twitter_misc":{"\u00c9crit par":"Jo\u00ebl Diawa","Dur\u00e9e de lecture estim\u00e9e":"3 minutes"},"schema":{"@context":"https:\/\/schema.org","@graph":[{"@type":"Article","@id":"https:\/\/infos-droitshumains.net\/?p=9893#article","isPartOf":{"@id":"https:\/\/infos-droitshumains.net\/?p=9893"},"author":{"name":"Jo\u00ebl Diawa","@id":"https:\/\/infos-droitshumains.net\/#\/schema\/person\/3dc5e921c3302172e0ed4362f96faab7"},"headline":"Election du ticket Bumba-Iyeli au gouvernorat de Kinshasa\u00a0: Merlin Kamalandua salue la victoire de la raison","datePublished":"2024-05-02T12:40:55+00:00","dateModified":"2024-05-03T12:10:21+00:00","mainEntityOfPage":{"@id":"https:\/\/infos-droitshumains.net\/?p=9893"},"wordCount":421,"commentCount":0,"publisher":{"@id":"https:\/\/infos-droitshumains.net\/#organization"},"image":{"@id":"https:\/\/infos-droitshumains.net\/?p=9893#primaryimage"},"thumbnailUrl":"https:\/\/i0.wp.com\/infos-droitshumains.net\/wp-content\/uploads\/2024\/05\/IMG-20240503-WA0028.jpg?fit=1000%2C1000&ssl=1","articleSection":["Soci\u00e9t\u00e9"],"inLanguage":"fr-FR","potentialAction":[{"@type":"CommentAction","name":"Comment","target":["https:\/\/infos-droitshumains.net\/?p=9893#respond"]}]},{"@type":"WebPage","@id":"https:\/\/infos-droitshumains.net\/?p=9893","url":"https:\/\/infos-droitshumains.net\/?p=9893","name":"Election du ticket Bumba-Iyeli au gouvernorat de Kinshasa\u00a0: Merlin Kamalandua salue la victoire de la raison - Infos Droits Humains","isPartOf":{"@id":"https:\/\/infos-droitshumains.net\/#website"},"primaryImageOfPage":{"@id":"https:\/\/infos-droitshumains.net\/?p=9893#primaryimage"},"image":{"@id":"https:\/\/infos-droitshumains.net\/?p=9893#primaryimage"},"thumbnailUrl":"https:\/\/i0.wp.com\/infos-droitshumains.net\/wp-content\/uploads\/2024\/05\/IMG-20240503-WA0028.jpg?fit=1000%2C1000&ssl=1","datePublished":"2024-05-02T12:40:55+00:00","dateModified":"2024-05-03T12:10:21+00:00","breadcrumb":{"@id":"https:\/\/infos-droitshumains.net\/?p=9893#breadcrumb"},"inLanguage":"fr-FR","potentialAction":[{"@type":"ReadAction","target":["https:\/\/infos-droitshumains.net\/?p=9893"]}]},{"@type":"ImageObject","inLanguage":"fr-FR","@id":"https:\/\/infos-droitshumains.net\/?p=9893#primaryimage","url":"https:\/\/i0.wp.com\/infos-droitshumains.net\/wp-content\/uploads\/2024\/05\/IMG-20240503-WA0028.jpg?fit=1000%2C1000&ssl=1","contentUrl":"https:\/\/i0.wp.com\/infos-droitshumains.net\/wp-content\/uploads\/2024\/05\/IMG-20240503-WA0028.jpg?fit=1000%2C1000&ssl=1","width":1000,"height":1000},{"@type":"BreadcrumbList","@id":"https:\/\/infos-droitshumains.net\/?p=9893#breadcrumb","itemListElement":[{"@type":"ListItem","position":1,"name":"Accueil","item":"https:\/\/infos-droitshumains.net\/"},{"@type":"ListItem","position":2,"name":"Election du ticket Bumba-Iyeli au gouvernorat de Kinshasa\u00a0: Merlin Kamalandua salue la victoire de la raison"}]},{"@type":"WebSite","@id":"https:\/\/infos-droitshumains.net\/#website","url":"https:\/\/infos-droitshumains.net\/","name":"Infos Droits Humains","description":"S&#039;informer est un droit","publisher":{"@id":"https:\/\/infos-droitshumains.net\/#organization"},"potentialAction":[{"@type":"SearchAction","target":{"@type":"EntryPoint","urlTemplate":"https:\/\/infos-droitshumains.net\/?s={search_term_string}"},"query-input":{"@type":"PropertyValueSpecification","valueRequired":true,"valueName":"search_term_string"}}],"inLanguage":"fr-FR"},{"@type":"Organization","@id":"https:\/\/infos-droitshumains.net\/#organization","name":"Infos Droits Humains","url":"https:\/\/infos-droitshumains.net\/","logo":{"@type":"ImageObject","inLanguage":"fr-FR","@id":"https:\/\/infos-droitshumains.net\/#\/schema\/logo\/image\/","url":"https:\/\/i0.wp.com\/infos-droitshumains.net\/wp-content\/uploads\/2022\/05\/Logo.png?fit=333%2C129&ssl=1","contentUrl":"https:\/\/i0.wp.com\/infos-droitshumains.net\/wp-content\/uploads\/2022\/05\/Logo.png?fit=333%2C129&ssl=1","width":333,"height":129,"caption":"Infos Droits Humains"},"image":{"@id":"https:\/\/infos-droitshumains.net\/#\/schema\/logo\/image\/"}},{"@type":"Person","@id":"https:\/\/infos-droitshumains.net\/#\/schema\/person\/3dc5e921c3302172e0ed4362f96faab7","name":"Jo\u00ebl Diawa","image":{"@type":"ImageObject","inLanguage":"fr-FR","@id":"https:\/\/secure.gravatar.com\/avatar\/729bea6ff4604c624417803c477363be8e3c7186deaa65713313f9b4b820f41c?s=96&d=mm&r=g","url":"https:\/\/secure.gravatar.com\/avatar\/729bea6ff4604c624417803c477363be8e3c7186deaa65713313f9b4b820f41c?s=96&d=mm&r=g","contentUrl":"https:\/\/secure.gravatar.com\/avatar\/729bea6ff4604c624417803c477363be8e3c7186deaa65713313f9b4b820f41c?s=96&d=mm&r=g","caption":"Jo\u00ebl Diawa"},"sameAs":["https:\/\/www.infos-droitshumains.net"],"url":"https:\/\/infos-droitshumains.net\/?author=2"}]}},"featured_image_urls":{"full":["https:\/\/i0.wp.com\/infos-droitshumains.net\/wp-content\/uploads\/2024\/05\/IMG-20240503-WA0028.jpg?fit=1000%2C1000&ssl=1",1000,1000,false],"thumbnail":["https:\/\/i0.wp.com\/infos-droitshumains.net\/wp-content\/uploads\/2024\/05\/IMG-20240503-WA0028.jpg?resize=150%2C150&ssl=1",150,150,true],"medium":["https:\/\/i0.wp.com\/infos-droitshumains.net\/wp-content\/uploads\/2024\/05\/IMG-20240503-WA0028.jpg?fit=300%2C300&ssl=1",300,300,true],"medium_large":["https:\/\/i0.wp.com\/infos-droitshumains.net\/wp-content\/uploads\/2024\/05\/IMG-20240503-WA0028.jpg?fit=640%2C640&ssl=1",640,640,true],"large":["https:\/\/i0.wp.com\/infos-droitshumains.net\/wp-content\/uploads\/2024\/05\/IMG-20240503-WA0028.jpg?fit=640%2C640&ssl=1",640,640,true],"1536x1536":["https:\/\/i0.wp.com\/infos-droitshumains.net\/wp-content\/uploads\/2024\/05\/IMG-20240503-WA0028.jpg?fit=1000%2C1000&ssl=1",1000,1000,true],"2048x2048":["https:\/\/i0.wp.com\/infos-droitshumains.net\/wp-content\/uploads\/2024\/05\/IMG-20240503-WA0028.jpg?fit=1000%2C1000&ssl=1",1000,1000,true],"covernews-slider-full":["https:\/\/i0.wp.com\/infos-droitshumains.net\/wp-content\/uploads\/2024\/05\/IMG-20240503-WA0028.jpg?resize=1000%2C715&ssl=1",1000,715,true],"covernews-slider-center":["https:\/\/i0.wp.com\/infos-droitshumains.net\/wp-content\/uploads\/2024\/05\/IMG-20240503-WA0028.jpg?resize=800%2C500&ssl=1",800,500,true],"covernews-featured":["https:\/\/i0.wp.com\/infos-droitshumains.net\/wp-content\/uploads\/2024\/05\/IMG-20240503-WA0028.jpg?fit=1000%2C1000&ssl=1",1000,1000,true],"covernews-medium":["https:\/\/i0.wp.com\/infos-droitshumains.net\/wp-content\/uploads\/2024\/05\/IMG-20240503-WA0028.jpg?resize=540%2C340&ssl=1",540,340,true],"covernews-medium-square":["https:\/\/i0.wp.com\/infos-droitshumains.net\/wp-content\/uploads\/2024\/05\/IMG-20240503-WA0028.jpg?resize=400%2C250&ssl=1",400,250,true]},"author_info":{"display_name":"Jo\u00ebl Diawa","author_link":"https:\/\/infos-droitshumains.net\/?author=2"},"category_info":"<a href=\"https:\/\/infos-droitshumains.net\/?cat=8\" rel=\"category\">Soci\u00e9t\u00e9<\/a>","tag_info":"Soci\u00e9t\u00e9","comment_count":"0","jetpack_featured_media_url":"https:\/\/i0.wp.com\/infos-droitshumains.net\/wp-content\/uploads\/2024\/05\/IMG-20240503-WA0028.jpg?fit=1000%2C1000&ssl=1","jetpack-related-posts":[],"jetpack_sharing_enabled":true,"_links":{"self":[{"href":"https:\/\/infos-droitshumains.net\/index.php?rest_route=\/wp\/v2\/posts\/9893","targetHints":{"allow":["GET"]}}],"collection":[{"href":"https:\/\/infos-droitshumains.net\/index.php?rest_route=\/wp\/v2\/posts"}],"about":[{"href":"https:\/\/infos-droitshumains.net\/index.php?rest_route=\/wp\/v2\/types\/post"}],"author":[{"embeddable":true,"href":"https:\/\/infos-droitshumains.net\/index.php?rest_route=\/wp\/v2\/users\/2"}],"replies":[{"embeddable":true,"href":"https:\/\/infos-droitshumains.net\/index.php?rest_route=%2Fwp%2Fv2%2Fcomments&post=9893"}],"version-history":[{"count":4,"href":"https:\/\/infos-droitshumains.net\/index.php?rest_route=\/wp\/v2\/posts\/9893\/revisions"}],"predecessor-version":[{"id":9914,"href":"https:\/\/infos-droitshumains.net\/index.php?rest_route=\/wp\/v2\/posts\/9893\/revisions\/9914"}],"wp:featuredmedia":[{"embeddable":true,"href":"https:\/\/infos-droitshumains.net\/index.php?rest_route=\/wp\/v2\/media\/9913"}],"wp:attachment":[{"href":"https:\/\/infos-droitshumains.net\/index.php?rest_route=%2Fwp%2Fv2%2Fmedia&parent=9893"}],"wp:term":[{"taxonomy":"category","embeddable":true,"href":"https:\/\/infos-droitshumains.net\/index.php?rest_route=%2Fwp%2Fv2%2Fcategories&post=9893"},{"taxonomy":"post_tag","embeddable":true,"href":"https:\/\/infos-droitshumains.net\/index.php?rest_route=%2Fwp%2Fv2%2Ftags&post=9893"}],"curies":[{"name":"wp","href":"https:\/\/api.w.org\/{rel}","templated":true}]}}