{"id":9803,"date":"2024-04-25T19:14:33","date_gmt":"2024-04-25T17:14:33","guid":{"rendered":"https:\/\/infos-droitshumains.net\/?p=9803"},"modified":"2024-04-25T20:16:48","modified_gmt":"2024-04-25T18:16:48","slug":"le-7eme-congres-de-la-fa-uja-a-pose-des-jalons-pour-la-formation-des-tres-bons-juristes-en-matiere-des-contrats-extractifs-me-junior-kapuya","status":"publish","type":"post","link":"https:\/\/infos-droitshumains.net\/?p=9803","title":{"rendered":"Le 7\u00e8me congr\u00e8s de la FA-UJA a pos\u00e9 des\u00a0 jalons pour la formation des tr\u00e8s bons juristes en mati\u00e8re\u00a0des contrats extractifs (Me. Junior Kapuya)"},"content":{"rendered":"\n<p><strong>R\u00e9daction :+243817406088<\/strong><\/p>\n\n\n\n<h3 class=\"wp-block-heading has-vivid-red-color has-text-color has-link-color wp-elements-c1745e1150e031f4fbf56efba45c8de6\">La F\u00e9d\u00e9ration Africaine des Associations et Unions des Jeunes Avocats a tir\u00e9 les rideaux de son 7<sup>\u00e8me<\/sup> congr\u00e8s ce vendredi 19 avril 2024 \u00e0 travers une excursion organis\u00e9e dans un site touristique hupp\u00e9 situ\u00e9 \u00e0 quelques kilom\u00e8tres du centre-ville de Kinshasa.<\/h3>\n\n\n\n<p>Ce congr\u00e8s s\u2019est cl\u00f4tur\u00e9 sur une note de satisfaction pour le comit\u00e9 local d\u2019organisation qui laisse la place \u00e0 l\u2019\u00e9valuation.<\/p>\n\n\n\n<p><em>\u00ab&nbsp;Il serait pr\u00e9tentieux de ma part de pouvoir se jeter des fleurs ou faire des \u00e9valuations, mais nous nous fions \u00e0 ce que nos confr\u00e8res, les diff\u00e9rents participants nous envoient comme information&nbsp;; de la vue g\u00e9n\u00e9rale, c\u2019\u00e9tait une tr\u00e8s belle r\u00e9ussite&nbsp;\u00bb<\/em>, a modestement r\u00e9agi Me. Junior Kapuya, pr\u00e9sident de ce comit\u00e9 local d\u2019organisation \u00e9vitant tout narcissisme.<\/p>\n\n\n\n<p>Le congr\u00e8s a connu une magnifique organisation, c\u2019est ce qu\u2019ont estim\u00e9 les participants convergeant leurs sentiments.<\/p>\n\n\n\n<p><em>\u00ab&nbsp;C\u2019est plus que satisfaisant\u2026 \u00e7a d\u00e9passe m\u00eame les commentaires. Un beau cadre, les gens sont accueillants, l\u2019hospitalit\u00e9 ne fait pas d\u00e9faut. De passage, je remercie les confr\u00e8res de tous les barreaux de la R\u00e9publique D\u00e9mocratique du Congo pour cette organisation magnifique&nbsp;\u00bb<\/em>, a dit Me. Abdou Raman Dabo, membre de l\u2019Union des Jeunes Avocats du barreau de Guin\u00e9e rench\u00e9ri par Alifa Habib Kon\u00e9, deux fois Pr\u00e9sident de l\u2019UJA du barreau du Mali qui n\u2019a pas manqu\u00e9 \u00e0 <em>\u00ab&nbsp;f\u00e9licit\u00e9 l\u2019\u00e9quipe commise \u00e0 l\u2019organisation de ce congr\u00e8s&nbsp;\u00bb<\/em>.<\/p>\n\n\n\n<p><strong><em>\u00ab&nbsp;La n\u00e9gociation des conventions extractives en Afrique&nbsp;\u00bb<\/em><\/strong>, c\u2019est au tour de ce th\u00e8me central qu\u2019ont tourn\u00e9 les assises de Kinshasa. Pour Me. Kapuya, c\u2019est avant tout <em>\u00ab&nbsp;la formation, la comp\u00e9tence et l\u2019ouverture des jeunes avocats aux nouveaux domaines du droit notamment, en ce qui concerne les contrats extractifs&nbsp;\u00bb<\/em>, qui ont \u00e9t\u00e9 mises en \u00e9vidence.<\/p>\n\n\n\n<p>L\u2019Afrique n\u2019ayant pas assez de sp\u00e9cialit\u00e9 en cette nouvelle mati\u00e8re du droit, le 7<sup>\u00e8me<\/sup> congr\u00e8s de la F\u00e9d\u00e9ration Africaine des Unions et Associations des Jeunes Avocats aura \u00e9t\u00e9 un bon d\u00e9part dans la formation des sp\u00e9cialistes africains.<\/p>\n\n\n\n<p><em>\u00ab&nbsp;A travers ce congr\u00e8s et les th\u00e9matiques exploit\u00e9es, nous avons pos\u00e9 des tr\u00e8s bons jalons et nous pouvons sereinement envisager l\u2019avenir avec beaucoup plus d\u2019optimisme en se disant que nous avons sem\u00e9s et que cette semence-l\u00e0 va germer des tr\u00e8s bons juristes en la mati\u00e8re&nbsp;\u00bb<\/em>, a conclu avec optimisme le pr\u00e9sident du comit\u00e9 d\u2019organisation de ce congr\u00e8s.<\/p>\n\n\n\n<p>Ce 7<sup>\u00e8me<\/sup> congr\u00e8s organis\u00e9 \u00e0 Kinshasa a co\u00efncid\u00e9 avec la c\u00e9l\u00e9bration du 15<sup>\u00e8me<\/sup> anniversaire d\u2019existence de la F\u00e9d\u00e9ration. Elle a connu la participation de plus de 250 avocats membres des Unions et Associations des Jeunes avocats venus de 16 pays d\u2019Afrique outre la R\u00e9publique D\u00e9mocratique du Congo pays h\u00f4te.<\/p>\n\n\n\n<p>Jo\u00ebl Diawa<\/p>\n","protected":false},"excerpt":{"rendered":"<p>R\u00e9daction :+243817406088 La F\u00e9d\u00e9ration Africaine des Associations et Unions des Jeunes Avocats a tir\u00e9 les&#8230;<\/p>\n","protected":false},"author":2,"featured_media":9832,"comment_status":"open","ping_status":"open","sticky":false,"template":"","format":"standard","meta":{"_jetpack_memberships_contains_paid_content":false,"footnotes":""},"categories":[6],"tags":[],"class_list":["post-9803","post","type-post","status-publish","format-standard","has-post-thumbnail","hentry","category-justice"],"yoast_head":"<!-- This site is optimized with the Yoast SEO plugin v27.5 - https:\/\/yoast.com\/product\/yoast-seo-wordpress\/ -->\n<title>Le 7\u00e8me congr\u00e8s de la FA-UJA a pos\u00e9 des\u00a0 jalons pour la formation des tr\u00e8s bons juristes en mati\u00e8re\u00a0des contrats extractifs (Me. Junior Kapuya) - Infos Droits Humains<\/title>\n<meta name=\"robots\" content=\"index, follow, max-snippet:-1, max-image-preview:large, max-video-preview:-1\" \/>\n<link rel=\"canonical\" href=\"https:\/\/infos-droitshumains.net\/?p=9803\" \/>\n<meta property=\"og:locale\" content=\"fr_FR\" \/>\n<meta property=\"og:type\" content=\"article\" \/>\n<meta property=\"og:title\" content=\"Le 7\u00e8me congr\u00e8s de la FA-UJA a pos\u00e9 des\u00a0 jalons pour la formation des tr\u00e8s bons juristes en mati\u00e8re\u00a0des contrats extractifs (Me. Junior Kapuya) - Infos Droits Humains\" \/>\n<meta property=\"og:description\" content=\"R\u00e9daction :+243817406088 La F\u00e9d\u00e9ration Africaine des Associations et Unions des Jeunes Avocats a tir\u00e9 les...\" \/>\n<meta property=\"og:url\" content=\"https:\/\/infos-droitshumains.net\/?p=9803\" \/>\n<meta property=\"og:site_name\" content=\"Infos Droits Humains\" \/>\n<meta property=\"article:published_time\" content=\"2024-04-25T17:14:33+00:00\" \/>\n<meta property=\"article:modified_time\" content=\"2024-04-25T18:16:48+00:00\" \/>\n<meta property=\"og:image\" content=\"https:\/\/infos-droitshumains.net\/wp-content\/uploads\/2024\/04\/IMG-20240425-WA0089_1.jpg\" \/>\n\t<meta property=\"og:image:width\" content=\"720\" \/>\n\t<meta property=\"og:image:height\" content=\"639\" \/>\n\t<meta property=\"og:image:type\" content=\"image\/jpeg\" \/>\n<meta name=\"author\" content=\"Jo\u00ebl Diawa\" \/>\n<meta name=\"twitter:card\" content=\"summary_large_image\" \/>\n<meta name=\"twitter:label1\" content=\"\u00c9crit par\" \/>\n\t<meta name=\"twitter:data1\" content=\"Jo\u00ebl Diawa\" \/>\n\t<meta name=\"twitter:label2\" content=\"Dur\u00e9e de lecture estim\u00e9e\" \/>\n\t<meta name=\"twitter:data2\" content=\"3 minutes\" \/>\n<script type=\"application\/ld+json\" class=\"yoast-schema-graph\">{\"@context\":\"https:\\\/\\\/schema.org\",\"@graph\":[{\"@type\":\"Article\",\"@id\":\"https:\\\/\\\/infos-droitshumains.net\\\/?p=9803#article\",\"isPartOf\":{\"@id\":\"https:\\\/\\\/infos-droitshumains.net\\\/?p=9803\"},\"author\":{\"name\":\"Jo\u00ebl Diawa\",\"@id\":\"https:\\\/\\\/infos-droitshumains.net\\\/#\\\/schema\\\/person\\\/3dc5e921c3302172e0ed4362f96faab7\"},\"headline\":\"Le 7\u00e8me congr\u00e8s de la FA-UJA a pos\u00e9 des\u00a0 jalons pour la formation des tr\u00e8s bons juristes en mati\u00e8re\u00a0des contrats extractifs (Me. Junior Kapuya)\",\"datePublished\":\"2024-04-25T17:14:33+00:00\",\"dateModified\":\"2024-04-25T18:16:48+00:00\",\"mainEntityOfPage\":{\"@id\":\"https:\\\/\\\/infos-droitshumains.net\\\/?p=9803\"},\"wordCount\":530,\"commentCount\":0,\"publisher\":{\"@id\":\"https:\\\/\\\/infos-droitshumains.net\\\/#organization\"},\"image\":{\"@id\":\"https:\\\/\\\/infos-droitshumains.net\\\/?p=9803#primaryimage\"},\"thumbnailUrl\":\"https:\\\/\\\/i0.wp.com\\\/infos-droitshumains.net\\\/wp-content\\\/uploads\\\/2024\\\/04\\\/IMG-20240425-WA0089_1.jpg?fit=720%2C639&ssl=1\",\"articleSection\":[\"Justice\"],\"inLanguage\":\"fr-FR\",\"potentialAction\":[{\"@type\":\"CommentAction\",\"name\":\"Comment\",\"target\":[\"https:\\\/\\\/infos-droitshumains.net\\\/?p=9803#respond\"]}]},{\"@type\":\"WebPage\",\"@id\":\"https:\\\/\\\/infos-droitshumains.net\\\/?p=9803\",\"url\":\"https:\\\/\\\/infos-droitshumains.net\\\/?p=9803\",\"name\":\"Le 7\u00e8me congr\u00e8s de la FA-UJA a pos\u00e9 des\u00a0 jalons pour la formation des tr\u00e8s bons juristes en mati\u00e8re\u00a0des contrats extractifs (Me. Junior Kapuya) - Infos Droits Humains\",\"isPartOf\":{\"@id\":\"https:\\\/\\\/infos-droitshumains.net\\\/#website\"},\"primaryImageOfPage\":{\"@id\":\"https:\\\/\\\/infos-droitshumains.net\\\/?p=9803#primaryimage\"},\"image\":{\"@id\":\"https:\\\/\\\/infos-droitshumains.net\\\/?p=9803#primaryimage\"},\"thumbnailUrl\":\"https:\\\/\\\/i0.wp.com\\\/infos-droitshumains.net\\\/wp-content\\\/uploads\\\/2024\\\/04\\\/IMG-20240425-WA0089_1.jpg?fit=720%2C639&ssl=1\",\"datePublished\":\"2024-04-25T17:14:33+00:00\",\"dateModified\":\"2024-04-25T18:16:48+00:00\",\"breadcrumb\":{\"@id\":\"https:\\\/\\\/infos-droitshumains.net\\\/?p=9803#breadcrumb\"},\"inLanguage\":\"fr-FR\",\"potentialAction\":[{\"@type\":\"ReadAction\",\"target\":[\"https:\\\/\\\/infos-droitshumains.net\\\/?p=9803\"]}]},{\"@type\":\"ImageObject\",\"inLanguage\":\"fr-FR\",\"@id\":\"https:\\\/\\\/infos-droitshumains.net\\\/?p=9803#primaryimage\",\"url\":\"https:\\\/\\\/i0.wp.com\\\/infos-droitshumains.net\\\/wp-content\\\/uploads\\\/2024\\\/04\\\/IMG-20240425-WA0089_1.jpg?fit=720%2C639&ssl=1\",\"contentUrl\":\"https:\\\/\\\/i0.wp.com\\\/infos-droitshumains.net\\\/wp-content\\\/uploads\\\/2024\\\/04\\\/IMG-20240425-WA0089_1.jpg?fit=720%2C639&ssl=1\",\"width\":720,\"height\":639},{\"@type\":\"BreadcrumbList\",\"@id\":\"https:\\\/\\\/infos-droitshumains.net\\\/?p=9803#breadcrumb\",\"itemListElement\":[{\"@type\":\"ListItem\",\"position\":1,\"name\":\"Accueil\",\"item\":\"https:\\\/\\\/infos-droitshumains.net\\\/\"},{\"@type\":\"ListItem\",\"position\":2,\"name\":\"Le 7\u00e8me congr\u00e8s de la FA-UJA a pos\u00e9 des\u00a0 jalons pour la formation des tr\u00e8s bons juristes en mati\u00e8re\u00a0des contrats extractifs (Me. Junior Kapuya)\"}]},{\"@type\":\"WebSite\",\"@id\":\"https:\\\/\\\/infos-droitshumains.net\\\/#website\",\"url\":\"https:\\\/\\\/infos-droitshumains.net\\\/\",\"name\":\"Infos Droits Humains\",\"description\":\"S&#039;informer est un droit\",\"publisher\":{\"@id\":\"https:\\\/\\\/infos-droitshumains.net\\\/#organization\"},\"potentialAction\":[{\"@type\":\"SearchAction\",\"target\":{\"@type\":\"EntryPoint\",\"urlTemplate\":\"https:\\\/\\\/infos-droitshumains.net\\\/?s={search_term_string}\"},\"query-input\":{\"@type\":\"PropertyValueSpecification\",\"valueRequired\":true,\"valueName\":\"search_term_string\"}}],\"inLanguage\":\"fr-FR\"},{\"@type\":\"Organization\",\"@id\":\"https:\\\/\\\/infos-droitshumains.net\\\/#organization\",\"name\":\"Infos Droits Humains\",\"url\":\"https:\\\/\\\/infos-droitshumains.net\\\/\",\"logo\":{\"@type\":\"ImageObject\",\"inLanguage\":\"fr-FR\",\"@id\":\"https:\\\/\\\/infos-droitshumains.net\\\/#\\\/schema\\\/logo\\\/image\\\/\",\"url\":\"https:\\\/\\\/i0.wp.com\\\/infos-droitshumains.net\\\/wp-content\\\/uploads\\\/2022\\\/05\\\/Logo.png?fit=333%2C129&ssl=1\",\"contentUrl\":\"https:\\\/\\\/i0.wp.com\\\/infos-droitshumains.net\\\/wp-content\\\/uploads\\\/2022\\\/05\\\/Logo.png?fit=333%2C129&ssl=1\",\"width\":333,\"height\":129,\"caption\":\"Infos Droits Humains\"},\"image\":{\"@id\":\"https:\\\/\\\/infos-droitshumains.net\\\/#\\\/schema\\\/logo\\\/image\\\/\"}},{\"@type\":\"Person\",\"@id\":\"https:\\\/\\\/infos-droitshumains.net\\\/#\\\/schema\\\/person\\\/3dc5e921c3302172e0ed4362f96faab7\",\"name\":\"Jo\u00ebl Diawa\",\"image\":{\"@type\":\"ImageObject\",\"inLanguage\":\"fr-FR\",\"@id\":\"https:\\\/\\\/secure.gravatar.com\\\/avatar\\\/729bea6ff4604c624417803c477363be8e3c7186deaa65713313f9b4b820f41c?s=96&d=mm&r=g\",\"url\":\"https:\\\/\\\/secure.gravatar.com\\\/avatar\\\/729bea6ff4604c624417803c477363be8e3c7186deaa65713313f9b4b820f41c?s=96&d=mm&r=g\",\"contentUrl\":\"https:\\\/\\\/secure.gravatar.com\\\/avatar\\\/729bea6ff4604c624417803c477363be8e3c7186deaa65713313f9b4b820f41c?s=96&d=mm&r=g\",\"caption\":\"Jo\u00ebl Diawa\"},\"sameAs\":[\"https:\\\/\\\/www.infos-droitshumains.net\"],\"url\":\"https:\\\/\\\/infos-droitshumains.net\\\/?author=2\"}]}<\/script>\n<!-- \/ Yoast SEO plugin. -->","yoast_head_json":{"title":"Le 7\u00e8me congr\u00e8s de la FA-UJA a pos\u00e9 des\u00a0 jalons pour la formation des tr\u00e8s bons juristes en mati\u00e8re\u00a0des contrats extractifs (Me. Junior Kapuya) - Infos Droits Humains","robots":{"index":"index","follow":"follow","max-snippet":"max-snippet:-1","max-image-preview":"max-image-preview:large","max-video-preview":"max-video-preview:-1"},"canonical":"https:\/\/infos-droitshumains.net\/?p=9803","og_locale":"fr_FR","og_type":"article","og_title":"Le 7\u00e8me congr\u00e8s de la FA-UJA a pos\u00e9 des\u00a0 jalons pour la formation des tr\u00e8s bons juristes en mati\u00e8re\u00a0des contrats extractifs (Me. Junior Kapuya) - Infos Droits Humains","og_description":"R\u00e9daction :+243817406088 La F\u00e9d\u00e9ration Africaine des Associations et Unions des Jeunes Avocats a tir\u00e9 les...","og_url":"https:\/\/infos-droitshumains.net\/?p=9803","og_site_name":"Infos Droits Humains","article_published_time":"2024-04-25T17:14:33+00:00","article_modified_time":"2024-04-25T18:16:48+00:00","og_image":[{"width":720,"height":639,"url":"https:\/\/infos-droitshumains.net\/wp-content\/uploads\/2024\/04\/IMG-20240425-WA0089_1.jpg","type":"image\/jpeg"}],"author":"Jo\u00ebl Diawa","twitter_card":"summary_large_image","twitter_misc":{"\u00c9crit par":"Jo\u00ebl Diawa","Dur\u00e9e de lecture estim\u00e9e":"3 minutes"},"schema":{"@context":"https:\/\/schema.org","@graph":[{"@type":"Article","@id":"https:\/\/infos-droitshumains.net\/?p=9803#article","isPartOf":{"@id":"https:\/\/infos-droitshumains.net\/?p=9803"},"author":{"name":"Jo\u00ebl Diawa","@id":"https:\/\/infos-droitshumains.net\/#\/schema\/person\/3dc5e921c3302172e0ed4362f96faab7"},"headline":"Le 7\u00e8me congr\u00e8s de la FA-UJA a pos\u00e9 des\u00a0 jalons pour la formation des tr\u00e8s bons juristes en mati\u00e8re\u00a0des contrats extractifs (Me. Junior Kapuya)","datePublished":"2024-04-25T17:14:33+00:00","dateModified":"2024-04-25T18:16:48+00:00","mainEntityOfPage":{"@id":"https:\/\/infos-droitshumains.net\/?p=9803"},"wordCount":530,"commentCount":0,"publisher":{"@id":"https:\/\/infos-droitshumains.net\/#organization"},"image":{"@id":"https:\/\/infos-droitshumains.net\/?p=9803#primaryimage"},"thumbnailUrl":"https:\/\/i0.wp.com\/infos-droitshumains.net\/wp-content\/uploads\/2024\/04\/IMG-20240425-WA0089_1.jpg?fit=720%2C639&ssl=1","articleSection":["Justice"],"inLanguage":"fr-FR","potentialAction":[{"@type":"CommentAction","name":"Comment","target":["https:\/\/infos-droitshumains.net\/?p=9803#respond"]}]},{"@type":"WebPage","@id":"https:\/\/infos-droitshumains.net\/?p=9803","url":"https:\/\/infos-droitshumains.net\/?p=9803","name":"Le 7\u00e8me congr\u00e8s de la FA-UJA a pos\u00e9 des\u00a0 jalons pour la formation des tr\u00e8s bons juristes en mati\u00e8re\u00a0des contrats extractifs (Me. Junior Kapuya) - Infos Droits Humains","isPartOf":{"@id":"https:\/\/infos-droitshumains.net\/#website"},"primaryImageOfPage":{"@id":"https:\/\/infos-droitshumains.net\/?p=9803#primaryimage"},"image":{"@id":"https:\/\/infos-droitshumains.net\/?p=9803#primaryimage"},"thumbnailUrl":"https:\/\/i0.wp.com\/infos-droitshumains.net\/wp-content\/uploads\/2024\/04\/IMG-20240425-WA0089_1.jpg?fit=720%2C639&ssl=1","datePublished":"2024-04-25T17:14:33+00:00","dateModified":"2024-04-25T18:16:48+00:00","breadcrumb":{"@id":"https:\/\/infos-droitshumains.net\/?p=9803#breadcrumb"},"inLanguage":"fr-FR","potentialAction":[{"@type":"ReadAction","target":["https:\/\/infos-droitshumains.net\/?p=9803"]}]},{"@type":"ImageObject","inLanguage":"fr-FR","@id":"https:\/\/infos-droitshumains.net\/?p=9803#primaryimage","url":"https:\/\/i0.wp.com\/infos-droitshumains.net\/wp-content\/uploads\/2024\/04\/IMG-20240425-WA0089_1.jpg?fit=720%2C639&ssl=1","contentUrl":"https:\/\/i0.wp.com\/infos-droitshumains.net\/wp-content\/uploads\/2024\/04\/IMG-20240425-WA0089_1.jpg?fit=720%2C639&ssl=1","width":720,"height":639},{"@type":"BreadcrumbList","@id":"https:\/\/infos-droitshumains.net\/?p=9803#breadcrumb","itemListElement":[{"@type":"ListItem","position":1,"name":"Accueil","item":"https:\/\/infos-droitshumains.net\/"},{"@type":"ListItem","position":2,"name":"Le 7\u00e8me congr\u00e8s de la FA-UJA a pos\u00e9 des\u00a0 jalons pour la formation des tr\u00e8s bons juristes en mati\u00e8re\u00a0des contrats extractifs (Me. Junior Kapuya)"}]},{"@type":"WebSite","@id":"https:\/\/infos-droitshumains.net\/#website","url":"https:\/\/infos-droitshumains.net\/","name":"Infos Droits Humains","description":"S&#039;informer est un droit","publisher":{"@id":"https:\/\/infos-droitshumains.net\/#organization"},"potentialAction":[{"@type":"SearchAction","target":{"@type":"EntryPoint","urlTemplate":"https:\/\/infos-droitshumains.net\/?s={search_term_string}"},"query-input":{"@type":"PropertyValueSpecification","valueRequired":true,"valueName":"search_term_string"}}],"inLanguage":"fr-FR"},{"@type":"Organization","@id":"https:\/\/infos-droitshumains.net\/#organization","name":"Infos Droits Humains","url":"https:\/\/infos-droitshumains.net\/","logo":{"@type":"ImageObject","inLanguage":"fr-FR","@id":"https:\/\/infos-droitshumains.net\/#\/schema\/logo\/image\/","url":"https:\/\/i0.wp.com\/infos-droitshumains.net\/wp-content\/uploads\/2022\/05\/Logo.png?fit=333%2C129&ssl=1","contentUrl":"https:\/\/i0.wp.com\/infos-droitshumains.net\/wp-content\/uploads\/2022\/05\/Logo.png?fit=333%2C129&ssl=1","width":333,"height":129,"caption":"Infos Droits Humains"},"image":{"@id":"https:\/\/infos-droitshumains.net\/#\/schema\/logo\/image\/"}},{"@type":"Person","@id":"https:\/\/infos-droitshumains.net\/#\/schema\/person\/3dc5e921c3302172e0ed4362f96faab7","name":"Jo\u00ebl Diawa","image":{"@type":"ImageObject","inLanguage":"fr-FR","@id":"https:\/\/secure.gravatar.com\/avatar\/729bea6ff4604c624417803c477363be8e3c7186deaa65713313f9b4b820f41c?s=96&d=mm&r=g","url":"https:\/\/secure.gravatar.com\/avatar\/729bea6ff4604c624417803c477363be8e3c7186deaa65713313f9b4b820f41c?s=96&d=mm&r=g","contentUrl":"https:\/\/secure.gravatar.com\/avatar\/729bea6ff4604c624417803c477363be8e3c7186deaa65713313f9b4b820f41c?s=96&d=mm&r=g","caption":"Jo\u00ebl Diawa"},"sameAs":["https:\/\/www.infos-droitshumains.net"],"url":"https:\/\/infos-droitshumains.net\/?author=2"}]}},"featured_image_urls":{"full":["https:\/\/i0.wp.com\/infos-droitshumains.net\/wp-content\/uploads\/2024\/04\/IMG-20240425-WA0089_1.jpg?fit=720%2C639&ssl=1",720,639,false],"thumbnail":["https:\/\/i0.wp.com\/infos-droitshumains.net\/wp-content\/uploads\/2024\/04\/IMG-20240425-WA0089_1.jpg?resize=150%2C150&ssl=1",150,150,true],"medium":["https:\/\/i0.wp.com\/infos-droitshumains.net\/wp-content\/uploads\/2024\/04\/IMG-20240425-WA0089_1.jpg?fit=300%2C266&ssl=1",300,266,true],"medium_large":["https:\/\/i0.wp.com\/infos-droitshumains.net\/wp-content\/uploads\/2024\/04\/IMG-20240425-WA0089_1.jpg?fit=640%2C568&ssl=1",640,568,true],"large":["https:\/\/i0.wp.com\/infos-droitshumains.net\/wp-content\/uploads\/2024\/04\/IMG-20240425-WA0089_1.jpg?fit=640%2C568&ssl=1",640,568,true],"1536x1536":["https:\/\/i0.wp.com\/infos-droitshumains.net\/wp-content\/uploads\/2024\/04\/IMG-20240425-WA0089_1.jpg?fit=720%2C639&ssl=1",720,639,true],"2048x2048":["https:\/\/i0.wp.com\/infos-droitshumains.net\/wp-content\/uploads\/2024\/04\/IMG-20240425-WA0089_1.jpg?fit=720%2C639&ssl=1",720,639,true],"covernews-slider-full":["https:\/\/i0.wp.com\/infos-droitshumains.net\/wp-content\/uploads\/2024\/04\/IMG-20240425-WA0089_1.jpg?resize=720%2C639&ssl=1",720,639,true],"covernews-slider-center":["https:\/\/i0.wp.com\/infos-droitshumains.net\/wp-content\/uploads\/2024\/04\/IMG-20240425-WA0089_1.jpg?resize=720%2C500&ssl=1",720,500,true],"covernews-featured":["https:\/\/i0.wp.com\/infos-droitshumains.net\/wp-content\/uploads\/2024\/04\/IMG-20240425-WA0089_1.jpg?fit=720%2C639&ssl=1",720,639,true],"covernews-medium":["https:\/\/i0.wp.com\/infos-droitshumains.net\/wp-content\/uploads\/2024\/04\/IMG-20240425-WA0089_1.jpg?resize=540%2C340&ssl=1",540,340,true],"covernews-medium-square":["https:\/\/i0.wp.com\/infos-droitshumains.net\/wp-content\/uploads\/2024\/04\/IMG-20240425-WA0089_1.jpg?resize=400%2C250&ssl=1",400,250,true]},"author_info":{"display_name":"Jo\u00ebl Diawa","author_link":"https:\/\/infos-droitshumains.net\/?author=2"},"category_info":"<a href=\"https:\/\/infos-droitshumains.net\/?cat=6\" rel=\"category\">Justice<\/a>","tag_info":"Justice","comment_count":"0","jetpack_featured_media_url":"https:\/\/i0.wp.com\/infos-droitshumains.net\/wp-content\/uploads\/2024\/04\/IMG-20240425-WA0089_1.jpg?fit=720%2C639&ssl=1","jetpack-related-posts":[],"jetpack_sharing_enabled":true,"_links":{"self":[{"href":"https:\/\/infos-droitshumains.net\/index.php?rest_route=\/wp\/v2\/posts\/9803","targetHints":{"allow":["GET"]}}],"collection":[{"href":"https:\/\/infos-droitshumains.net\/index.php?rest_route=\/wp\/v2\/posts"}],"about":[{"href":"https:\/\/infos-droitshumains.net\/index.php?rest_route=\/wp\/v2\/types\/post"}],"author":[{"embeddable":true,"href":"https:\/\/infos-droitshumains.net\/index.php?rest_route=\/wp\/v2\/users\/2"}],"replies":[{"embeddable":true,"href":"https:\/\/infos-droitshumains.net\/index.php?rest_route=%2Fwp%2Fv2%2Fcomments&post=9803"}],"version-history":[{"count":1,"href":"https:\/\/infos-droitshumains.net\/index.php?rest_route=\/wp\/v2\/posts\/9803\/revisions"}],"predecessor-version":[{"id":9804,"href":"https:\/\/infos-droitshumains.net\/index.php?rest_route=\/wp\/v2\/posts\/9803\/revisions\/9804"}],"wp:featuredmedia":[{"embeddable":true,"href":"https:\/\/infos-droitshumains.net\/index.php?rest_route=\/wp\/v2\/media\/9832"}],"wp:attachment":[{"href":"https:\/\/infos-droitshumains.net\/index.php?rest_route=%2Fwp%2Fv2%2Fmedia&parent=9803"}],"wp:term":[{"taxonomy":"category","embeddable":true,"href":"https:\/\/infos-droitshumains.net\/index.php?rest_route=%2Fwp%2Fv2%2Fcategories&post=9803"},{"taxonomy":"post_tag","embeddable":true,"href":"https:\/\/infos-droitshumains.net\/index.php?rest_route=%2Fwp%2Fv2%2Ftags&post=9803"}],"curies":[{"name":"wp","href":"https:\/\/api.w.org\/{rel}","templated":true}]}}