{"id":9754,"date":"2024-04-24T02:31:10","date_gmt":"2024-04-24T00:31:10","guid":{"rendered":"https:\/\/infos-droitshumains.net\/?p=9754"},"modified":"2024-04-24T12:16:17","modified_gmt":"2024-04-24T10:16:17","slug":"presidence-de-lassemblee-nationale-les-5-elements-qui-ont-concourus-au-choix-de-kamerhe-a-lunion-sacree","status":"publish","type":"post","link":"https:\/\/infos-droitshumains.net\/?p=9754","title":{"rendered":"Pr\u00e9sidence de l&rsquo;Assembl\u00e9e Nationale: Les 5 \u00e9l\u00e9ments qui ont concouru au choix de Kamerhe \u00e0 l\u2019Union Sacr\u00e9e (Chronique de Jo\u00ebl Diawa)"},"content":{"rendered":"\n<p><strong>R\u00e9daction :+243817406088<\/strong><\/p>\n\n\n\n<h4 class=\"wp-block-heading has-vivid-red-color has-text-color has-link-color wp-elements-9fe3dd5e252d7b622bdc9b859d966cd2\">Le Pr\u00e9sident de l&rsquo;Union pour la Nation Congolais a \u00e9t\u00e9 pl\u00e9biscit\u00e9, au terme des primaires organis\u00e9es ce mardi 23 avril, candidat de la coalition au pouvoir, pour briguer le perchoir de la chambre basse du parlement. Sur les 372 d\u00e9put\u00e9s, il a obtenu 183 voix contre respectivement 113 et 69 pour Christophe Mboso et Modeste Bahati, ses deux challengers. Dans cette chronique, nous revenons sur les \u00e9l\u00e9ments ayant concouru au choix port\u00e9 sur l&rsquo;\u00e9lu de Bukavu.<\/h4>\n\n\n\n<p><strong><em>Alli\u00e9 de premi\u00e8re heure de F\u00e9lix Tshisekedi<\/em><\/strong><\/p>\n\n\n\n<p>Depuis Gen\u00e8ve, d&rsquo;aucun se rappelle qu&rsquo;en 2018, quand l&rsquo;opposition s&rsquo;est r\u00e9unie \u00e0 la recherche d&rsquo;un candidat commun pour faire face au candidat de la majorit\u00e9 de Joseph Kabila en vue des \u00e9lections de d\u00e9cembre, seul Vital Kamerhe avait cru en F\u00e9lix Tshisekedi. Cette minorit\u00e9 devrait faire face \u00e0 deux blocs financi\u00e8rement assis; d&rsquo;un c\u00f4t\u00e9 la coalition Lamuka avec la candidature de Martin Fayulu et de l&rsquo;autre, le Front Commun pour le Congo qui soutenait la candidature d&rsquo;Emmanuel Shadary.<\/p>\n\n\n\n<p>L&rsquo;accord de Nairobi fut conclu entre les deux hommes cr\u00e9ant ainsi la coalition Cap pour le Changement. Avec les maigres moyens, les deux compagnons b\u00e2tirent campagne et gagn\u00e8rent l&rsquo;\u00e9lection contre toute attente. Pendant ce temps, les deux challengers de Kamerhe l\u00e9chaient les bottes de Joseph Kabila, faisaient la queue \u00e0 Kingakati et cravachaient jour et nuit pour la victoire de Shadary.<\/p>\n\n\n\n<p>Faute de l&rsquo;obtention de la majorit\u00e9 parlementaire par le CACH, l&rsquo;accord de Nairobi ne sera pas appliqu\u00e9, Vital Kamerhe ne sera ni nomm\u00e9 premier ministre ni d\u00e9sign\u00e9 candidat du CACH pour la pr\u00e9sidentielle de 2023. Celui qui est surnomm\u00e9 <em>\u2018\u2019le pacificateur\u2019\u2019<\/em> conc\u00e9da\u00a0 pour l&rsquo;int\u00e9r\u00eat sup\u00e9rieur de la nation.<\/p>\n\n\n\n<p><strong><em>Une humiliation \u00ab\u00a0injuste\u00a0\u00bb<\/em><\/strong><\/p>\n\n\n\n<p>Malgr\u00e9 le fait d&rsquo;avoir conc\u00e9d\u00e9, mettant de c\u00f4t\u00e9 les int\u00e9r\u00eats \u00e9go\u00efstes, Vital Kamerhe se verra coller un proc\u00e8s que ses partisans ont toujours qualifi\u00e9 <em>\u00ab\u00a0d&rsquo;injustice\u00a0\u00bb<\/em> dans le cadre de la tr\u00e8s c\u00e9l\u00e8bre affaire 100 jours. Livr\u00e9 \u00e0 la vindicte populaire, vilipend\u00e9 par l\u2019opinion et accus\u00e9 du d\u00e9tournement des deniers public, il sera condamn\u00e9 \u00e0 20 ans de servitude p\u00e9nale principale, assortie d\u2019une privation des droits civiques. Une sentence confirm\u00e9e au degr\u00e9 d\u2019appel. Chapelet au coup, catholique pratiquant, clamant son innocence, l&rsquo;homme n&rsquo;a jamais perdu confiance en soi. C\u2019est au degr\u00e9 de la cassation que sa condamnation sera cass\u00e9e avec renvoie. L&rsquo;homme est r\u00e9tabli dans ses droits et peux recouvrer\u00a0 ais\u00e9ment ses droits civiques.<\/p>\n\n\n\n<p>\u00c0 l&rsquo;instar des hommes politiques c\u00e9l\u00e8bres comme Nelson Mandela, apr\u00e8s la prison, Vital Kamerhe s\u2019est vu ragaillardi politiquement et occupe dor\u00e9navant une place pr\u00e9pond\u00e9rante dans la vie politique du pays.<\/p>\n\n\n\n<p><strong><em>Un homme qui b\u00e9n\u00e9ficie de la confiance totale du Chef de l&rsquo;\u00c9tat<\/em><\/strong><\/p>\n\n\n\n<p><em>\u00ab&nbsp;Je suis totalement d\u00e9sol\u00e9 de ce qui lui arrive, affect\u00e9 aussi. Je ne l\u2019ai (l\u2019arrestation de Kamerhe) pas voulu contrairement \u00e0 certains dires mal intentionn\u00e9s\u2026Malheureusement de fil en aiguille on en est arriv\u00e9 l\u00e0\u2026 Je continue \u00e0 croire que Vital Kamerhe est non seulement quelqu\u2019un de s\u00e9rieux, mais en plus, quelqu\u2019un dont, la r\u00e9publique a besoin gr\u00e2ce \u00e0 son intelligence et gr\u00e2ce \u00e0 son exp\u00e9rience. Et je suis convaincu qu\u2019il jouera \u00e0 nouveau un r\u00f4le dans ce pays&nbsp;\u00bb<\/em>, d\u00e9clarait le Pr\u00e9sident F\u00e9lix Tshisekedi en 2020 alors que Kamerhe, son directeur de cabinet, \u00e9tait d\u00e9tenu \u00e0 la prison centrale de Makala.<\/p>\n\n\n\n<p>Ces mots de F\u00e9lix Tshisekedi sont plus qu&rsquo;\u00e9vocateurs et t\u00e9moignent combien il a toujours fait confiance en celui qui a \u00e9t\u00e9 non seulement son directeur de cabinet pendant environ deux ans, mais surtout, son compagnon de lutte.<\/p>\n\n\n\n<p><strong><em>Le pass\u00e9 \u00e9logieux au perchoir<\/em><\/strong><\/p>\n\n\n\n<p>En 2007, au terme des premi\u00e8res \u00e9lections d\u00e9mocratiques de la troisi\u00e8me r\u00e9publique, Vital Kamerhe qui avait abattu un travail titanesque dans la pacification du pays, sera \u00e9lu Pr\u00e9sident de l\u2019Assembl\u00e9e Nationale. L\u2019histoire retiendra que jusqu\u2019\u00e0 pr\u00e9sent, il reste encore le meilleur speaker que la chambre basse du parlement n&rsquo;a connu. Pendant son mandat, cette chambre parlementaire \u00e9tait devenue un v\u00e9ritable temple de la d\u00e9mocratie\u00a0; les d\u00e9put\u00e9s prenaient la parole sans restriction, arguments contre arguments pour que chaque congolais soit \u00e9clair\u00e9 sur la gestion de la chose publique.<\/p>\n\n\n\n<p>Malheureusement, cette aventure n\u2019aura dur\u00e9 \u00e0 peine deux ans puisqu\u2019en mars 2009, il a accept\u00e9 de d\u00e9missionner de son poste parce que l\u2019autorisation fut donn\u00e9e aux troupes rwandaises d\u2019entr\u00e9e sur le territoire congolaise pour faire la paix\u00a0sans que l\u2019Assembl\u00e9e ne soit inform\u00e9e. Le meilleur \u00e9lu de la R\u00e9publique n\u2019avait donc pas tenu compte des int\u00e9r\u00eats qui \u00e9taient les siens et la position qu\u2019il avait aux cot\u00e9s de Joseph Kabila.<\/p>\n\n\n\n<p><strong><em>Les \u00e9lus sont unanimes<\/em><\/strong><\/p>\n\n\n\n<p>Bien qu&rsquo;ayant une exp\u00e9rience av\u00e9r\u00e9e et les \u00e9paules pour, il restait \u00e0 Kamerhe la lourde t\u00e2che de convaincre ses coll\u00e8gues \u00e0 porter le choix en sa personne. Soumis \u00e0 la joute oratoire, 10 minutes lui ont suffi pour conqu\u00e9rir tous les \u00e9lecteurs.<\/p>\n\n\n\n<p><em>\u00ab&nbsp;Notre mission est de redorer l\u2019image de l\u2019Assembl\u00e9e nationale, lui redonner sa lettre de noblesse. Le d\u00e9bat sur l\u2019agression dont est victime le pays sera d\u2019actualit\u00e9 au niveau de l\u2019Assembl\u00e9e nationale pour que le monde entier comprenne que nous sommes agress\u00e9s&nbsp;\u00bb<\/em>, a-t-il dit avant de rench\u00e9rir <em>\u00ab&nbsp;\u2026Je vous pr\u00e9viens maintenant, ceux qui veulent voter pour moi, je ne vais pas vous flatter pour vous dire, quand je tiendrais ce micro-l\u00e0, que vous soyez de l\u2019opposition ou de la majorit\u00e9, nous devons voir l\u2019impact qui d\u00e9coule de la constitution.&nbsp;\u00bb<\/em><\/p>\n\n\n\n<p>Concernant la situation des \u00e9lus, Vital Kamerhe a pris &nbsp;des exemples \u00e0 la vol\u00e9e, tir\u00e9s de son exp\u00e9rience comme pr\u00e9sident de l\u2019Assembl\u00e9e Nationale&nbsp;; Des cas tr\u00e8s difficiles des d\u00e9put\u00e9s, mais r\u00e9solus gr\u00e2ce \u00e0 son intervention aupr\u00e8s des autorit\u00e9s des autres institutions. Parmi les cas sociaux r\u00e9solus, il a cit\u00e9 celui de Christophe Mboso, \u00e0 l\u2019\u00e9poque d\u00e9put\u00e9 national.<\/p>\n\n\n\n<p>Les \u00e9lus sont unanimes que c\u2019est lui l\u2019homme de la situation, Kamerhe c\u2019est le choix vital pour revitaliser la chambre basse du parlement. Son av\u00e8nement est un \u00e9v\u00e9nement qui va redorer le blason de la Chambre basse du parlement et permettre \u00e0 la fonction parlementaire retrouver ses lettres de noblesse<em>.<\/em><\/p>\n\n\n\n<p>Jo\u00ebl Diawa<\/p>\n","protected":false},"excerpt":{"rendered":"<p>R\u00e9daction :+243817406088 Le Pr\u00e9sident de l&rsquo;Union pour la Nation Congolais a \u00e9t\u00e9 pl\u00e9biscit\u00e9, au terme&#8230;<\/p>\n","protected":false},"author":2,"featured_media":9759,"comment_status":"open","ping_status":"open","sticky":false,"template":"","format":"standard","meta":{"_jetpack_memberships_contains_paid_content":false,"footnotes":""},"categories":[3],"tags":[],"class_list":["post-9754","post","type-post","status-publish","format-standard","has-post-thumbnail","hentry","category-politique"],"yoast_head":"<!-- This site is optimized with the Yoast SEO plugin v27.5 - https:\/\/yoast.com\/product\/yoast-seo-wordpress\/ -->\n<title>Pr\u00e9sidence de l&#039;Assembl\u00e9e Nationale: Les 5 \u00e9l\u00e9ments qui ont concouru au choix de Kamerhe \u00e0 l\u2019Union Sacr\u00e9e (Chronique de Jo\u00ebl Diawa) - Infos Droits Humains<\/title>\n<meta name=\"robots\" content=\"index, follow, max-snippet:-1, max-image-preview:large, max-video-preview:-1\" \/>\n<link rel=\"canonical\" href=\"https:\/\/infos-droitshumains.net\/?p=9754\" \/>\n<meta property=\"og:locale\" content=\"fr_FR\" \/>\n<meta property=\"og:type\" content=\"article\" \/>\n<meta property=\"og:title\" content=\"Pr\u00e9sidence de l&#039;Assembl\u00e9e Nationale: Les 5 \u00e9l\u00e9ments qui ont concouru au choix de Kamerhe \u00e0 l\u2019Union Sacr\u00e9e (Chronique de Jo\u00ebl Diawa) - Infos Droits Humains\" \/>\n<meta property=\"og:description\" content=\"R\u00e9daction :+243817406088 Le Pr\u00e9sident de l&rsquo;Union pour la Nation Congolais a \u00e9t\u00e9 pl\u00e9biscit\u00e9, au terme...\" \/>\n<meta property=\"og:url\" content=\"https:\/\/infos-droitshumains.net\/?p=9754\" \/>\n<meta property=\"og:site_name\" content=\"Infos Droits Humains\" \/>\n<meta property=\"article:published_time\" content=\"2024-04-24T00:31:10+00:00\" \/>\n<meta property=\"article:modified_time\" content=\"2024-04-24T10:16:17+00:00\" \/>\n<meta property=\"og:image\" content=\"https:\/\/infos-droitshumains.net\/wp-content\/uploads\/2024\/04\/VK.jpg\" \/>\n\t<meta property=\"og:image:width\" content=\"720\" \/>\n\t<meta property=\"og:image:height\" content=\"720\" \/>\n\t<meta property=\"og:image:type\" content=\"image\/jpeg\" \/>\n<meta name=\"author\" content=\"Jo\u00ebl Diawa\" \/>\n<meta name=\"twitter:card\" content=\"summary_large_image\" \/>\n<meta name=\"twitter:label1\" content=\"\u00c9crit par\" \/>\n\t<meta name=\"twitter:data1\" content=\"Jo\u00ebl Diawa\" \/>\n\t<meta name=\"twitter:label2\" content=\"Dur\u00e9e de lecture estim\u00e9e\" \/>\n\t<meta name=\"twitter:data2\" content=\"6 minutes\" \/>\n<script type=\"application\/ld+json\" class=\"yoast-schema-graph\">{\"@context\":\"https:\\\/\\\/schema.org\",\"@graph\":[{\"@type\":\"Article\",\"@id\":\"https:\\\/\\\/infos-droitshumains.net\\\/?p=9754#article\",\"isPartOf\":{\"@id\":\"https:\\\/\\\/infos-droitshumains.net\\\/?p=9754\"},\"author\":{\"name\":\"Jo\u00ebl Diawa\",\"@id\":\"https:\\\/\\\/infos-droitshumains.net\\\/#\\\/schema\\\/person\\\/3dc5e921c3302172e0ed4362f96faab7\"},\"headline\":\"Pr\u00e9sidence de l&rsquo;Assembl\u00e9e Nationale: Les 5 \u00e9l\u00e9ments qui ont concouru au choix de Kamerhe \u00e0 l\u2019Union Sacr\u00e9e (Chronique de Jo\u00ebl Diawa)\",\"datePublished\":\"2024-04-24T00:31:10+00:00\",\"dateModified\":\"2024-04-24T10:16:17+00:00\",\"mainEntityOfPage\":{\"@id\":\"https:\\\/\\\/infos-droitshumains.net\\\/?p=9754\"},\"wordCount\":1119,\"commentCount\":0,\"publisher\":{\"@id\":\"https:\\\/\\\/infos-droitshumains.net\\\/#organization\"},\"image\":{\"@id\":\"https:\\\/\\\/infos-droitshumains.net\\\/?p=9754#primaryimage\"},\"thumbnailUrl\":\"https:\\\/\\\/i0.wp.com\\\/infos-droitshumains.net\\\/wp-content\\\/uploads\\\/2024\\\/04\\\/VK.jpg?fit=720%2C720&ssl=1\",\"articleSection\":[\"Politique\"],\"inLanguage\":\"fr-FR\",\"potentialAction\":[{\"@type\":\"CommentAction\",\"name\":\"Comment\",\"target\":[\"https:\\\/\\\/infos-droitshumains.net\\\/?p=9754#respond\"]}]},{\"@type\":\"WebPage\",\"@id\":\"https:\\\/\\\/infos-droitshumains.net\\\/?p=9754\",\"url\":\"https:\\\/\\\/infos-droitshumains.net\\\/?p=9754\",\"name\":\"Pr\u00e9sidence de l'Assembl\u00e9e Nationale: Les 5 \u00e9l\u00e9ments qui ont concouru au choix de Kamerhe \u00e0 l\u2019Union Sacr\u00e9e (Chronique de Jo\u00ebl Diawa) - Infos Droits Humains\",\"isPartOf\":{\"@id\":\"https:\\\/\\\/infos-droitshumains.net\\\/#website\"},\"primaryImageOfPage\":{\"@id\":\"https:\\\/\\\/infos-droitshumains.net\\\/?p=9754#primaryimage\"},\"image\":{\"@id\":\"https:\\\/\\\/infos-droitshumains.net\\\/?p=9754#primaryimage\"},\"thumbnailUrl\":\"https:\\\/\\\/i0.wp.com\\\/infos-droitshumains.net\\\/wp-content\\\/uploads\\\/2024\\\/04\\\/VK.jpg?fit=720%2C720&ssl=1\",\"datePublished\":\"2024-04-24T00:31:10+00:00\",\"dateModified\":\"2024-04-24T10:16:17+00:00\",\"breadcrumb\":{\"@id\":\"https:\\\/\\\/infos-droitshumains.net\\\/?p=9754#breadcrumb\"},\"inLanguage\":\"fr-FR\",\"potentialAction\":[{\"@type\":\"ReadAction\",\"target\":[\"https:\\\/\\\/infos-droitshumains.net\\\/?p=9754\"]}]},{\"@type\":\"ImageObject\",\"inLanguage\":\"fr-FR\",\"@id\":\"https:\\\/\\\/infos-droitshumains.net\\\/?p=9754#primaryimage\",\"url\":\"https:\\\/\\\/i0.wp.com\\\/infos-droitshumains.net\\\/wp-content\\\/uploads\\\/2024\\\/04\\\/VK.jpg?fit=720%2C720&ssl=1\",\"contentUrl\":\"https:\\\/\\\/i0.wp.com\\\/infos-droitshumains.net\\\/wp-content\\\/uploads\\\/2024\\\/04\\\/VK.jpg?fit=720%2C720&ssl=1\",\"width\":720,\"height\":720},{\"@type\":\"BreadcrumbList\",\"@id\":\"https:\\\/\\\/infos-droitshumains.net\\\/?p=9754#breadcrumb\",\"itemListElement\":[{\"@type\":\"ListItem\",\"position\":1,\"name\":\"Accueil\",\"item\":\"https:\\\/\\\/infos-droitshumains.net\\\/\"},{\"@type\":\"ListItem\",\"position\":2,\"name\":\"Pr\u00e9sidence de l&rsquo;Assembl\u00e9e Nationale: Les 5 \u00e9l\u00e9ments qui ont concouru au choix de Kamerhe \u00e0 l\u2019Union Sacr\u00e9e (Chronique de Jo\u00ebl Diawa)\"}]},{\"@type\":\"WebSite\",\"@id\":\"https:\\\/\\\/infos-droitshumains.net\\\/#website\",\"url\":\"https:\\\/\\\/infos-droitshumains.net\\\/\",\"name\":\"Infos Droits Humains\",\"description\":\"S&#039;informer est un droit\",\"publisher\":{\"@id\":\"https:\\\/\\\/infos-droitshumains.net\\\/#organization\"},\"potentialAction\":[{\"@type\":\"SearchAction\",\"target\":{\"@type\":\"EntryPoint\",\"urlTemplate\":\"https:\\\/\\\/infos-droitshumains.net\\\/?s={search_term_string}\"},\"query-input\":{\"@type\":\"PropertyValueSpecification\",\"valueRequired\":true,\"valueName\":\"search_term_string\"}}],\"inLanguage\":\"fr-FR\"},{\"@type\":\"Organization\",\"@id\":\"https:\\\/\\\/infos-droitshumains.net\\\/#organization\",\"name\":\"Infos Droits Humains\",\"url\":\"https:\\\/\\\/infos-droitshumains.net\\\/\",\"logo\":{\"@type\":\"ImageObject\",\"inLanguage\":\"fr-FR\",\"@id\":\"https:\\\/\\\/infos-droitshumains.net\\\/#\\\/schema\\\/logo\\\/image\\\/\",\"url\":\"https:\\\/\\\/i0.wp.com\\\/infos-droitshumains.net\\\/wp-content\\\/uploads\\\/2022\\\/05\\\/Logo.png?fit=333%2C129&ssl=1\",\"contentUrl\":\"https:\\\/\\\/i0.wp.com\\\/infos-droitshumains.net\\\/wp-content\\\/uploads\\\/2022\\\/05\\\/Logo.png?fit=333%2C129&ssl=1\",\"width\":333,\"height\":129,\"caption\":\"Infos Droits Humains\"},\"image\":{\"@id\":\"https:\\\/\\\/infos-droitshumains.net\\\/#\\\/schema\\\/logo\\\/image\\\/\"}},{\"@type\":\"Person\",\"@id\":\"https:\\\/\\\/infos-droitshumains.net\\\/#\\\/schema\\\/person\\\/3dc5e921c3302172e0ed4362f96faab7\",\"name\":\"Jo\u00ebl Diawa\",\"image\":{\"@type\":\"ImageObject\",\"inLanguage\":\"fr-FR\",\"@id\":\"https:\\\/\\\/secure.gravatar.com\\\/avatar\\\/729bea6ff4604c624417803c477363be8e3c7186deaa65713313f9b4b820f41c?s=96&d=mm&r=g\",\"url\":\"https:\\\/\\\/secure.gravatar.com\\\/avatar\\\/729bea6ff4604c624417803c477363be8e3c7186deaa65713313f9b4b820f41c?s=96&d=mm&r=g\",\"contentUrl\":\"https:\\\/\\\/secure.gravatar.com\\\/avatar\\\/729bea6ff4604c624417803c477363be8e3c7186deaa65713313f9b4b820f41c?s=96&d=mm&r=g\",\"caption\":\"Jo\u00ebl Diawa\"},\"sameAs\":[\"https:\\\/\\\/www.infos-droitshumains.net\"],\"url\":\"https:\\\/\\\/infos-droitshumains.net\\\/?author=2\"}]}<\/script>\n<!-- \/ Yoast SEO plugin. -->","yoast_head_json":{"title":"Pr\u00e9sidence de l'Assembl\u00e9e Nationale: Les 5 \u00e9l\u00e9ments qui ont concouru au choix de Kamerhe \u00e0 l\u2019Union Sacr\u00e9e (Chronique de Jo\u00ebl Diawa) - Infos Droits Humains","robots":{"index":"index","follow":"follow","max-snippet":"max-snippet:-1","max-image-preview":"max-image-preview:large","max-video-preview":"max-video-preview:-1"},"canonical":"https:\/\/infos-droitshumains.net\/?p=9754","og_locale":"fr_FR","og_type":"article","og_title":"Pr\u00e9sidence de l'Assembl\u00e9e Nationale: Les 5 \u00e9l\u00e9ments qui ont concouru au choix de Kamerhe \u00e0 l\u2019Union Sacr\u00e9e (Chronique de Jo\u00ebl Diawa) - Infos Droits Humains","og_description":"R\u00e9daction :+243817406088 Le Pr\u00e9sident de l&rsquo;Union pour la Nation Congolais a \u00e9t\u00e9 pl\u00e9biscit\u00e9, au terme...","og_url":"https:\/\/infos-droitshumains.net\/?p=9754","og_site_name":"Infos Droits Humains","article_published_time":"2024-04-24T00:31:10+00:00","article_modified_time":"2024-04-24T10:16:17+00:00","og_image":[{"width":720,"height":720,"url":"https:\/\/infos-droitshumains.net\/wp-content\/uploads\/2024\/04\/VK.jpg","type":"image\/jpeg"}],"author":"Jo\u00ebl Diawa","twitter_card":"summary_large_image","twitter_misc":{"\u00c9crit par":"Jo\u00ebl Diawa","Dur\u00e9e de lecture estim\u00e9e":"6 minutes"},"schema":{"@context":"https:\/\/schema.org","@graph":[{"@type":"Article","@id":"https:\/\/infos-droitshumains.net\/?p=9754#article","isPartOf":{"@id":"https:\/\/infos-droitshumains.net\/?p=9754"},"author":{"name":"Jo\u00ebl Diawa","@id":"https:\/\/infos-droitshumains.net\/#\/schema\/person\/3dc5e921c3302172e0ed4362f96faab7"},"headline":"Pr\u00e9sidence de l&rsquo;Assembl\u00e9e Nationale: Les 5 \u00e9l\u00e9ments qui ont concouru au choix de Kamerhe \u00e0 l\u2019Union Sacr\u00e9e (Chronique de Jo\u00ebl Diawa)","datePublished":"2024-04-24T00:31:10+00:00","dateModified":"2024-04-24T10:16:17+00:00","mainEntityOfPage":{"@id":"https:\/\/infos-droitshumains.net\/?p=9754"},"wordCount":1119,"commentCount":0,"publisher":{"@id":"https:\/\/infos-droitshumains.net\/#organization"},"image":{"@id":"https:\/\/infos-droitshumains.net\/?p=9754#primaryimage"},"thumbnailUrl":"https:\/\/i0.wp.com\/infos-droitshumains.net\/wp-content\/uploads\/2024\/04\/VK.jpg?fit=720%2C720&ssl=1","articleSection":["Politique"],"inLanguage":"fr-FR","potentialAction":[{"@type":"CommentAction","name":"Comment","target":["https:\/\/infos-droitshumains.net\/?p=9754#respond"]}]},{"@type":"WebPage","@id":"https:\/\/infos-droitshumains.net\/?p=9754","url":"https:\/\/infos-droitshumains.net\/?p=9754","name":"Pr\u00e9sidence de l'Assembl\u00e9e Nationale: Les 5 \u00e9l\u00e9ments qui ont concouru au choix de Kamerhe \u00e0 l\u2019Union Sacr\u00e9e (Chronique de Jo\u00ebl Diawa) - Infos Droits Humains","isPartOf":{"@id":"https:\/\/infos-droitshumains.net\/#website"},"primaryImageOfPage":{"@id":"https:\/\/infos-droitshumains.net\/?p=9754#primaryimage"},"image":{"@id":"https:\/\/infos-droitshumains.net\/?p=9754#primaryimage"},"thumbnailUrl":"https:\/\/i0.wp.com\/infos-droitshumains.net\/wp-content\/uploads\/2024\/04\/VK.jpg?fit=720%2C720&ssl=1","datePublished":"2024-04-24T00:31:10+00:00","dateModified":"2024-04-24T10:16:17+00:00","breadcrumb":{"@id":"https:\/\/infos-droitshumains.net\/?p=9754#breadcrumb"},"inLanguage":"fr-FR","potentialAction":[{"@type":"ReadAction","target":["https:\/\/infos-droitshumains.net\/?p=9754"]}]},{"@type":"ImageObject","inLanguage":"fr-FR","@id":"https:\/\/infos-droitshumains.net\/?p=9754#primaryimage","url":"https:\/\/i0.wp.com\/infos-droitshumains.net\/wp-content\/uploads\/2024\/04\/VK.jpg?fit=720%2C720&ssl=1","contentUrl":"https:\/\/i0.wp.com\/infos-droitshumains.net\/wp-content\/uploads\/2024\/04\/VK.jpg?fit=720%2C720&ssl=1","width":720,"height":720},{"@type":"BreadcrumbList","@id":"https:\/\/infos-droitshumains.net\/?p=9754#breadcrumb","itemListElement":[{"@type":"ListItem","position":1,"name":"Accueil","item":"https:\/\/infos-droitshumains.net\/"},{"@type":"ListItem","position":2,"name":"Pr\u00e9sidence de l&rsquo;Assembl\u00e9e Nationale: Les 5 \u00e9l\u00e9ments qui ont concouru au choix de Kamerhe \u00e0 l\u2019Union Sacr\u00e9e (Chronique de Jo\u00ebl Diawa)"}]},{"@type":"WebSite","@id":"https:\/\/infos-droitshumains.net\/#website","url":"https:\/\/infos-droitshumains.net\/","name":"Infos Droits Humains","description":"S&#039;informer est un droit","publisher":{"@id":"https:\/\/infos-droitshumains.net\/#organization"},"potentialAction":[{"@type":"SearchAction","target":{"@type":"EntryPoint","urlTemplate":"https:\/\/infos-droitshumains.net\/?s={search_term_string}"},"query-input":{"@type":"PropertyValueSpecification","valueRequired":true,"valueName":"search_term_string"}}],"inLanguage":"fr-FR"},{"@type":"Organization","@id":"https:\/\/infos-droitshumains.net\/#organization","name":"Infos Droits Humains","url":"https:\/\/infos-droitshumains.net\/","logo":{"@type":"ImageObject","inLanguage":"fr-FR","@id":"https:\/\/infos-droitshumains.net\/#\/schema\/logo\/image\/","url":"https:\/\/i0.wp.com\/infos-droitshumains.net\/wp-content\/uploads\/2022\/05\/Logo.png?fit=333%2C129&ssl=1","contentUrl":"https:\/\/i0.wp.com\/infos-droitshumains.net\/wp-content\/uploads\/2022\/05\/Logo.png?fit=333%2C129&ssl=1","width":333,"height":129,"caption":"Infos Droits Humains"},"image":{"@id":"https:\/\/infos-droitshumains.net\/#\/schema\/logo\/image\/"}},{"@type":"Person","@id":"https:\/\/infos-droitshumains.net\/#\/schema\/person\/3dc5e921c3302172e0ed4362f96faab7","name":"Jo\u00ebl Diawa","image":{"@type":"ImageObject","inLanguage":"fr-FR","@id":"https:\/\/secure.gravatar.com\/avatar\/729bea6ff4604c624417803c477363be8e3c7186deaa65713313f9b4b820f41c?s=96&d=mm&r=g","url":"https:\/\/secure.gravatar.com\/avatar\/729bea6ff4604c624417803c477363be8e3c7186deaa65713313f9b4b820f41c?s=96&d=mm&r=g","contentUrl":"https:\/\/secure.gravatar.com\/avatar\/729bea6ff4604c624417803c477363be8e3c7186deaa65713313f9b4b820f41c?s=96&d=mm&r=g","caption":"Jo\u00ebl Diawa"},"sameAs":["https:\/\/www.infos-droitshumains.net"],"url":"https:\/\/infos-droitshumains.net\/?author=2"}]}},"featured_image_urls":{"full":["https:\/\/i0.wp.com\/infos-droitshumains.net\/wp-content\/uploads\/2024\/04\/VK.jpg?fit=720%2C720&ssl=1",720,720,false],"thumbnail":["https:\/\/i0.wp.com\/infos-droitshumains.net\/wp-content\/uploads\/2024\/04\/VK.jpg?resize=150%2C150&ssl=1",150,150,true],"medium":["https:\/\/i0.wp.com\/infos-droitshumains.net\/wp-content\/uploads\/2024\/04\/VK.jpg?fit=300%2C300&ssl=1",300,300,true],"medium_large":["https:\/\/i0.wp.com\/infos-droitshumains.net\/wp-content\/uploads\/2024\/04\/VK.jpg?fit=640%2C640&ssl=1",640,640,true],"large":["https:\/\/i0.wp.com\/infos-droitshumains.net\/wp-content\/uploads\/2024\/04\/VK.jpg?fit=640%2C640&ssl=1",640,640,true],"1536x1536":["https:\/\/i0.wp.com\/infos-droitshumains.net\/wp-content\/uploads\/2024\/04\/VK.jpg?fit=720%2C720&ssl=1",720,720,true],"2048x2048":["https:\/\/i0.wp.com\/infos-droitshumains.net\/wp-content\/uploads\/2024\/04\/VK.jpg?fit=720%2C720&ssl=1",720,720,true],"covernews-slider-full":["https:\/\/i0.wp.com\/infos-droitshumains.net\/wp-content\/uploads\/2024\/04\/VK.jpg?resize=720%2C715&ssl=1",720,715,true],"covernews-slider-center":["https:\/\/i0.wp.com\/infos-droitshumains.net\/wp-content\/uploads\/2024\/04\/VK.jpg?resize=720%2C500&ssl=1",720,500,true],"covernews-featured":["https:\/\/i0.wp.com\/infos-droitshumains.net\/wp-content\/uploads\/2024\/04\/VK.jpg?fit=720%2C720&ssl=1",720,720,true],"covernews-medium":["https:\/\/i0.wp.com\/infos-droitshumains.net\/wp-content\/uploads\/2024\/04\/VK.jpg?resize=540%2C340&ssl=1",540,340,true],"covernews-medium-square":["https:\/\/i0.wp.com\/infos-droitshumains.net\/wp-content\/uploads\/2024\/04\/VK.jpg?resize=400%2C250&ssl=1",400,250,true]},"author_info":{"display_name":"Jo\u00ebl Diawa","author_link":"https:\/\/infos-droitshumains.net\/?author=2"},"category_info":"<a href=\"https:\/\/infos-droitshumains.net\/?cat=3\" rel=\"category\">Politique<\/a>","tag_info":"Politique","comment_count":"0","jetpack_featured_media_url":"https:\/\/i0.wp.com\/infos-droitshumains.net\/wp-content\/uploads\/2024\/04\/VK.jpg?fit=720%2C720&ssl=1","jetpack-related-posts":[],"jetpack_sharing_enabled":true,"_links":{"self":[{"href":"https:\/\/infos-droitshumains.net\/index.php?rest_route=\/wp\/v2\/posts\/9754","targetHints":{"allow":["GET"]}}],"collection":[{"href":"https:\/\/infos-droitshumains.net\/index.php?rest_route=\/wp\/v2\/posts"}],"about":[{"href":"https:\/\/infos-droitshumains.net\/index.php?rest_route=\/wp\/v2\/types\/post"}],"author":[{"embeddable":true,"href":"https:\/\/infos-droitshumains.net\/index.php?rest_route=\/wp\/v2\/users\/2"}],"replies":[{"embeddable":true,"href":"https:\/\/infos-droitshumains.net\/index.php?rest_route=%2Fwp%2Fv2%2Fcomments&post=9754"}],"version-history":[{"count":17,"href":"https:\/\/infos-droitshumains.net\/index.php?rest_route=\/wp\/v2\/posts\/9754\/revisions"}],"predecessor-version":[{"id":9776,"href":"https:\/\/infos-droitshumains.net\/index.php?rest_route=\/wp\/v2\/posts\/9754\/revisions\/9776"}],"wp:featuredmedia":[{"embeddable":true,"href":"https:\/\/infos-droitshumains.net\/index.php?rest_route=\/wp\/v2\/media\/9759"}],"wp:attachment":[{"href":"https:\/\/infos-droitshumains.net\/index.php?rest_route=%2Fwp%2Fv2%2Fmedia&parent=9754"}],"wp:term":[{"taxonomy":"category","embeddable":true,"href":"https:\/\/infos-droitshumains.net\/index.php?rest_route=%2Fwp%2Fv2%2Fcategories&post=9754"},{"taxonomy":"post_tag","embeddable":true,"href":"https:\/\/infos-droitshumains.net\/index.php?rest_route=%2Fwp%2Fv2%2Ftags&post=9754"}],"curies":[{"name":"wp","href":"https:\/\/api.w.org\/{rel}","templated":true}]}}