{"id":9730,"date":"2024-04-17T03:15:12","date_gmt":"2024-04-17T01:15:12","guid":{"rendered":"https:\/\/infos-droitshumains.net\/?p=9730"},"modified":"2024-04-17T13:43:17","modified_gmt":"2024-04-17T11:43:17","slug":"rdc-pour-meurtre-de-son-epouse-moussa-mondo-condamne-a-la-peine-maximale","status":"publish","type":"post","link":"https:\/\/infos-droitshumains.net\/?p=9730","title":{"rendered":"RDC\u00a0: accus\u00e9 d&rsquo;homicide de son \u00e9pouse, Moussa Mondo condamn\u00e9 \u00e0 la peine maximale"},"content":{"rendered":"\n<p><strong>R\u00e9daction:+243817406088<\/strong><\/p>\n\n\n\n<h4 class=\"wp-block-heading has-vivid-red-color has-text-color has-link-color wp-elements-a59c2e8ae16b8bff0a00390c513ba166\">Poursuivi par le parquet pour les infractions de coups et blessures volontaires et homicide volontaire, Moussa Mondo a \u00e9t\u00e9 d\u00e9f\u00e9r\u00e9 ce mardi 17 avril 2024 en proc\u00e9dure de flagrance, par devant le Tribunal de Grande Instance de Kinshasa\/Gombe.<\/h4>\n\n\n\n<p>En effet, l\u2019ancien vice-ministre des hydrocarbures du gouvernement Ilunkamba est accus\u00e9 d\u2019avoir tabass\u00e9 Kadidja (sa femme de nationalit\u00e9 malgache) jusqu\u2019\u00e0 lui donn\u00e9 la mort&nbsp;; plusieurs images dans ce sens ayant fait le tour de la toile. &nbsp;Pendant pr\u00e8s de 3 heures d\u2019instruction, le pr\u00e9venu n\u2019a fait que rejet\u00e9 toutes les accusations mises \u00e0 sa charge ce, en d\u00e9pit des conversations vocales entre la victime et sa famille situ\u00e9e \u00e0 Madagascar. Dans ces conversations, l\u2019on entend Kadidja raconter son calvaire aux membres de sa famille&nbsp;; des \u00e9l\u00e9ments sonores qui constituent l\u2019une des preuves d\u00e9tenues par le minist\u00e8re public pour qui, la dame \u00e9tait d\u00e9c\u00e9d\u00e9e le 14 avril dernier de suite des coups qu\u2019elle aurait re\u00e7us de son mari.<\/p>\n\n\n\n<p><em>\u00ab&nbsp;J&rsquo;ai tellement mal, j&rsquo;ai beaucoup souffert avec ma femme mais personne ne veut me croire. Je confirme que je n&rsquo;ai jamais tabass\u00e9 ma femme, je suis innocent, et je sollicite mon acquittement\u00bb<\/em>, a r\u00e9pliqu\u00e9 Moussa en sanglotant.<\/p>\n\n\n\n<p>L\u2019organe poursuivant a fait venir deux renseignantes dont les t\u00e9moignages ont converg\u00e9s dans le sens de confirmer les pr\u00e9ventions port\u00e9es contre ce cadre du parti de Joseph Kabila. Mais ses conseils ont sollicit\u00e9 du Tribunal la r\u00e9quisition du m\u00e9decin traitant de la victime pour plus d&rsquo;\u00e9clairage. <em>\u00ab&nbsp;Nous sommes quelque peu limit\u00e9, il y a urgence de faire appel aux m\u00e9decins plus pr\u00e9cis\u00e9ment le m\u00e9decin traitant que le minist\u00e8re public n&rsquo;a pas eu le soin de faire appel pendant l&rsquo;instruction&nbsp;\u00bb<\/em>, a demand\u00e9&nbsp; l&rsquo;un des membres du collectif.<\/p>\n\n\n\n<p>Le minist\u00e8re public dit ne pas trouver d&rsquo;inconv\u00e9nient que l&rsquo;expertise m\u00e9dicale soit requise mais pour le Tribunal, la n\u00e9cessit\u00e9 de faire appel \u00e0 cette expertise ne se justifie pas.<\/p>\n\n\n\n<p>Se fondant sur les dispositions des articles 43 et 48 du code p\u00e9nal congolais livre deuxi\u00e8me, le minist\u00e8re public a requis 20 ans de servitude p\u00e9nale, la d\u00e9fense a par contre dans sa plaidoirie essay\u00e9 de prouver qu&rsquo;aucun certificat m\u00e9dical n&rsquo;atteste ce qui est imput\u00e9 \u00e0 leur client. <em>\u00ab&nbsp;\u2026Donc, l&rsquo;infraction d&rsquo;homicide&nbsp; volontaire n&rsquo;est pas \u00e9tablie, pas de lien de causalit\u00e9 avec la mort qui s&rsquo;en est suivi. Seul le m\u00e9decin pouvait l&rsquo;attester. En l&rsquo;absence de toute expertise m\u00e9dicale, si vous \u00eates convaincus qu&rsquo;il est coupable, condamnez-le au minimum de la peine car notre client n\u2019a pas d\u2019ant\u00e9c\u00e9dent judiciaire.&nbsp;\u00bb<\/em><\/p>\n\n\n\n<p>Le Tribunal, apr\u00e8s avoir \u00e9clair\u00e9 sa religion, a dit \u00e9tabli en fait comme en droit, l\u2019infraction d\u2019homicide praeter intentionnelle mise \u00e0 charge de Moussa Mondo et l\u2019a condamn\u00e9 par cons\u00e9quence, \u00e0 20 ans de servitude p\u00e9nale principale et \u00e0 une amande d\u2019un millions de francs congolais ordonnant ainsi son arrestation imm\u00e9diate.<\/p>\n\n\n\n<p>Jo\u00ebl Diawa<\/p>\n","protected":false},"excerpt":{"rendered":"<p>R\u00e9daction:+243817406088 Poursuivi par le parquet pour les infractions de coups et blessures volontaires et homicide&#8230;<\/p>\n","protected":false},"author":2,"featured_media":9733,"comment_status":"open","ping_status":"open","sticky":false,"template":"","format":"standard","meta":{"_jetpack_memberships_contains_paid_content":false,"footnotes":""},"categories":[6],"tags":[],"class_list":["post-9730","post","type-post","status-publish","format-standard","has-post-thumbnail","hentry","category-justice"],"yoast_head":"<!-- This site is optimized with the Yoast SEO plugin v27.5 - https:\/\/yoast.com\/product\/yoast-seo-wordpress\/ -->\n<title>RDC\u00a0: accus\u00e9 d&#039;homicide de son \u00e9pouse, Moussa Mondo condamn\u00e9 \u00e0 la peine maximale - Infos Droits Humains<\/title>\n<meta name=\"robots\" content=\"index, follow, max-snippet:-1, max-image-preview:large, max-video-preview:-1\" \/>\n<link rel=\"canonical\" href=\"https:\/\/infos-droitshumains.net\/?p=9730\" \/>\n<meta property=\"og:locale\" content=\"fr_FR\" \/>\n<meta property=\"og:type\" content=\"article\" \/>\n<meta property=\"og:title\" content=\"RDC\u00a0: accus\u00e9 d&#039;homicide de son \u00e9pouse, Moussa Mondo condamn\u00e9 \u00e0 la peine maximale - Infos Droits Humains\" \/>\n<meta property=\"og:description\" content=\"R\u00e9daction:+243817406088 Poursuivi par le parquet pour les infractions de coups et blessures volontaires et homicide...\" \/>\n<meta property=\"og:url\" content=\"https:\/\/infos-droitshumains.net\/?p=9730\" \/>\n<meta property=\"og:site_name\" content=\"Infos Droits Humains\" \/>\n<meta property=\"article:published_time\" content=\"2024-04-17T01:15:12+00:00\" \/>\n<meta property=\"article:modified_time\" content=\"2024-04-17T11:43:17+00:00\" \/>\n<meta property=\"og:image\" content=\"https:\/\/infos-droitshumains.net\/wp-content\/uploads\/2024\/04\/IMG_20240416_231247_686.jpg\" \/>\n\t<meta property=\"og:image:width\" content=\"773\" \/>\n\t<meta property=\"og:image:height\" content=\"466\" \/>\n\t<meta property=\"og:image:type\" content=\"image\/jpeg\" \/>\n<meta name=\"author\" content=\"Jo\u00ebl Diawa\" \/>\n<meta name=\"twitter:card\" content=\"summary_large_image\" \/>\n<meta name=\"twitter:label1\" content=\"\u00c9crit par\" \/>\n\t<meta name=\"twitter:data1\" content=\"Jo\u00ebl Diawa\" \/>\n\t<meta name=\"twitter:label2\" content=\"Dur\u00e9e de lecture estim\u00e9e\" \/>\n\t<meta name=\"twitter:data2\" content=\"3 minutes\" \/>\n<script type=\"application\/ld+json\" class=\"yoast-schema-graph\">{\"@context\":\"https:\\\/\\\/schema.org\",\"@graph\":[{\"@type\":\"Article\",\"@id\":\"https:\\\/\\\/infos-droitshumains.net\\\/?p=9730#article\",\"isPartOf\":{\"@id\":\"https:\\\/\\\/infos-droitshumains.net\\\/?p=9730\"},\"author\":{\"name\":\"Jo\u00ebl Diawa\",\"@id\":\"https:\\\/\\\/infos-droitshumains.net\\\/#\\\/schema\\\/person\\\/3dc5e921c3302172e0ed4362f96faab7\"},\"headline\":\"RDC\u00a0: accus\u00e9 d&rsquo;homicide de son \u00e9pouse, Moussa Mondo condamn\u00e9 \u00e0 la peine maximale\",\"datePublished\":\"2024-04-17T01:15:12+00:00\",\"dateModified\":\"2024-04-17T11:43:17+00:00\",\"mainEntityOfPage\":{\"@id\":\"https:\\\/\\\/infos-droitshumains.net\\\/?p=9730\"},\"wordCount\":528,\"commentCount\":0,\"publisher\":{\"@id\":\"https:\\\/\\\/infos-droitshumains.net\\\/#organization\"},\"image\":{\"@id\":\"https:\\\/\\\/infos-droitshumains.net\\\/?p=9730#primaryimage\"},\"thumbnailUrl\":\"https:\\\/\\\/i0.wp.com\\\/infos-droitshumains.net\\\/wp-content\\\/uploads\\\/2024\\\/04\\\/IMG_20240416_231247_686.jpg?fit=773%2C466&ssl=1\",\"articleSection\":[\"Justice\"],\"inLanguage\":\"fr-FR\",\"potentialAction\":[{\"@type\":\"CommentAction\",\"name\":\"Comment\",\"target\":[\"https:\\\/\\\/infos-droitshumains.net\\\/?p=9730#respond\"]}]},{\"@type\":\"WebPage\",\"@id\":\"https:\\\/\\\/infos-droitshumains.net\\\/?p=9730\",\"url\":\"https:\\\/\\\/infos-droitshumains.net\\\/?p=9730\",\"name\":\"RDC\u00a0: accus\u00e9 d'homicide de son \u00e9pouse, Moussa Mondo condamn\u00e9 \u00e0 la peine maximale - Infos Droits Humains\",\"isPartOf\":{\"@id\":\"https:\\\/\\\/infos-droitshumains.net\\\/#website\"},\"primaryImageOfPage\":{\"@id\":\"https:\\\/\\\/infos-droitshumains.net\\\/?p=9730#primaryimage\"},\"image\":{\"@id\":\"https:\\\/\\\/infos-droitshumains.net\\\/?p=9730#primaryimage\"},\"thumbnailUrl\":\"https:\\\/\\\/i0.wp.com\\\/infos-droitshumains.net\\\/wp-content\\\/uploads\\\/2024\\\/04\\\/IMG_20240416_231247_686.jpg?fit=773%2C466&ssl=1\",\"datePublished\":\"2024-04-17T01:15:12+00:00\",\"dateModified\":\"2024-04-17T11:43:17+00:00\",\"breadcrumb\":{\"@id\":\"https:\\\/\\\/infos-droitshumains.net\\\/?p=9730#breadcrumb\"},\"inLanguage\":\"fr-FR\",\"potentialAction\":[{\"@type\":\"ReadAction\",\"target\":[\"https:\\\/\\\/infos-droitshumains.net\\\/?p=9730\"]}]},{\"@type\":\"ImageObject\",\"inLanguage\":\"fr-FR\",\"@id\":\"https:\\\/\\\/infos-droitshumains.net\\\/?p=9730#primaryimage\",\"url\":\"https:\\\/\\\/i0.wp.com\\\/infos-droitshumains.net\\\/wp-content\\\/uploads\\\/2024\\\/04\\\/IMG_20240416_231247_686.jpg?fit=773%2C466&ssl=1\",\"contentUrl\":\"https:\\\/\\\/i0.wp.com\\\/infos-droitshumains.net\\\/wp-content\\\/uploads\\\/2024\\\/04\\\/IMG_20240416_231247_686.jpg?fit=773%2C466&ssl=1\",\"width\":773,\"height\":466},{\"@type\":\"BreadcrumbList\",\"@id\":\"https:\\\/\\\/infos-droitshumains.net\\\/?p=9730#breadcrumb\",\"itemListElement\":[{\"@type\":\"ListItem\",\"position\":1,\"name\":\"Accueil\",\"item\":\"https:\\\/\\\/infos-droitshumains.net\\\/\"},{\"@type\":\"ListItem\",\"position\":2,\"name\":\"RDC\u00a0: accus\u00e9 d&rsquo;homicide de son \u00e9pouse, Moussa Mondo condamn\u00e9 \u00e0 la peine maximale\"}]},{\"@type\":\"WebSite\",\"@id\":\"https:\\\/\\\/infos-droitshumains.net\\\/#website\",\"url\":\"https:\\\/\\\/infos-droitshumains.net\\\/\",\"name\":\"Infos Droits Humains\",\"description\":\"S&#039;informer est un droit\",\"publisher\":{\"@id\":\"https:\\\/\\\/infos-droitshumains.net\\\/#organization\"},\"potentialAction\":[{\"@type\":\"SearchAction\",\"target\":{\"@type\":\"EntryPoint\",\"urlTemplate\":\"https:\\\/\\\/infos-droitshumains.net\\\/?s={search_term_string}\"},\"query-input\":{\"@type\":\"PropertyValueSpecification\",\"valueRequired\":true,\"valueName\":\"search_term_string\"}}],\"inLanguage\":\"fr-FR\"},{\"@type\":\"Organization\",\"@id\":\"https:\\\/\\\/infos-droitshumains.net\\\/#organization\",\"name\":\"Infos Droits Humains\",\"url\":\"https:\\\/\\\/infos-droitshumains.net\\\/\",\"logo\":{\"@type\":\"ImageObject\",\"inLanguage\":\"fr-FR\",\"@id\":\"https:\\\/\\\/infos-droitshumains.net\\\/#\\\/schema\\\/logo\\\/image\\\/\",\"url\":\"https:\\\/\\\/i0.wp.com\\\/infos-droitshumains.net\\\/wp-content\\\/uploads\\\/2022\\\/05\\\/Logo.png?fit=333%2C129&ssl=1\",\"contentUrl\":\"https:\\\/\\\/i0.wp.com\\\/infos-droitshumains.net\\\/wp-content\\\/uploads\\\/2022\\\/05\\\/Logo.png?fit=333%2C129&ssl=1\",\"width\":333,\"height\":129,\"caption\":\"Infos Droits Humains\"},\"image\":{\"@id\":\"https:\\\/\\\/infos-droitshumains.net\\\/#\\\/schema\\\/logo\\\/image\\\/\"}},{\"@type\":\"Person\",\"@id\":\"https:\\\/\\\/infos-droitshumains.net\\\/#\\\/schema\\\/person\\\/3dc5e921c3302172e0ed4362f96faab7\",\"name\":\"Jo\u00ebl Diawa\",\"image\":{\"@type\":\"ImageObject\",\"inLanguage\":\"fr-FR\",\"@id\":\"https:\\\/\\\/secure.gravatar.com\\\/avatar\\\/729bea6ff4604c624417803c477363be8e3c7186deaa65713313f9b4b820f41c?s=96&d=mm&r=g\",\"url\":\"https:\\\/\\\/secure.gravatar.com\\\/avatar\\\/729bea6ff4604c624417803c477363be8e3c7186deaa65713313f9b4b820f41c?s=96&d=mm&r=g\",\"contentUrl\":\"https:\\\/\\\/secure.gravatar.com\\\/avatar\\\/729bea6ff4604c624417803c477363be8e3c7186deaa65713313f9b4b820f41c?s=96&d=mm&r=g\",\"caption\":\"Jo\u00ebl Diawa\"},\"sameAs\":[\"https:\\\/\\\/www.infos-droitshumains.net\"],\"url\":\"https:\\\/\\\/infos-droitshumains.net\\\/?author=2\"}]}<\/script>\n<!-- \/ Yoast SEO plugin. -->","yoast_head_json":{"title":"RDC\u00a0: accus\u00e9 d'homicide de son \u00e9pouse, Moussa Mondo condamn\u00e9 \u00e0 la peine maximale - Infos Droits Humains","robots":{"index":"index","follow":"follow","max-snippet":"max-snippet:-1","max-image-preview":"max-image-preview:large","max-video-preview":"max-video-preview:-1"},"canonical":"https:\/\/infos-droitshumains.net\/?p=9730","og_locale":"fr_FR","og_type":"article","og_title":"RDC\u00a0: accus\u00e9 d'homicide de son \u00e9pouse, Moussa Mondo condamn\u00e9 \u00e0 la peine maximale - Infos Droits Humains","og_description":"R\u00e9daction:+243817406088 Poursuivi par le parquet pour les infractions de coups et blessures volontaires et homicide...","og_url":"https:\/\/infos-droitshumains.net\/?p=9730","og_site_name":"Infos Droits Humains","article_published_time":"2024-04-17T01:15:12+00:00","article_modified_time":"2024-04-17T11:43:17+00:00","og_image":[{"width":773,"height":466,"url":"https:\/\/infos-droitshumains.net\/wp-content\/uploads\/2024\/04\/IMG_20240416_231247_686.jpg","type":"image\/jpeg"}],"author":"Jo\u00ebl Diawa","twitter_card":"summary_large_image","twitter_misc":{"\u00c9crit par":"Jo\u00ebl Diawa","Dur\u00e9e de lecture estim\u00e9e":"3 minutes"},"schema":{"@context":"https:\/\/schema.org","@graph":[{"@type":"Article","@id":"https:\/\/infos-droitshumains.net\/?p=9730#article","isPartOf":{"@id":"https:\/\/infos-droitshumains.net\/?p=9730"},"author":{"name":"Jo\u00ebl Diawa","@id":"https:\/\/infos-droitshumains.net\/#\/schema\/person\/3dc5e921c3302172e0ed4362f96faab7"},"headline":"RDC\u00a0: accus\u00e9 d&rsquo;homicide de son \u00e9pouse, Moussa Mondo condamn\u00e9 \u00e0 la peine maximale","datePublished":"2024-04-17T01:15:12+00:00","dateModified":"2024-04-17T11:43:17+00:00","mainEntityOfPage":{"@id":"https:\/\/infos-droitshumains.net\/?p=9730"},"wordCount":528,"commentCount":0,"publisher":{"@id":"https:\/\/infos-droitshumains.net\/#organization"},"image":{"@id":"https:\/\/infos-droitshumains.net\/?p=9730#primaryimage"},"thumbnailUrl":"https:\/\/i0.wp.com\/infos-droitshumains.net\/wp-content\/uploads\/2024\/04\/IMG_20240416_231247_686.jpg?fit=773%2C466&ssl=1","articleSection":["Justice"],"inLanguage":"fr-FR","potentialAction":[{"@type":"CommentAction","name":"Comment","target":["https:\/\/infos-droitshumains.net\/?p=9730#respond"]}]},{"@type":"WebPage","@id":"https:\/\/infos-droitshumains.net\/?p=9730","url":"https:\/\/infos-droitshumains.net\/?p=9730","name":"RDC\u00a0: accus\u00e9 d'homicide de son \u00e9pouse, Moussa Mondo condamn\u00e9 \u00e0 la peine maximale - Infos Droits Humains","isPartOf":{"@id":"https:\/\/infos-droitshumains.net\/#website"},"primaryImageOfPage":{"@id":"https:\/\/infos-droitshumains.net\/?p=9730#primaryimage"},"image":{"@id":"https:\/\/infos-droitshumains.net\/?p=9730#primaryimage"},"thumbnailUrl":"https:\/\/i0.wp.com\/infos-droitshumains.net\/wp-content\/uploads\/2024\/04\/IMG_20240416_231247_686.jpg?fit=773%2C466&ssl=1","datePublished":"2024-04-17T01:15:12+00:00","dateModified":"2024-04-17T11:43:17+00:00","breadcrumb":{"@id":"https:\/\/infos-droitshumains.net\/?p=9730#breadcrumb"},"inLanguage":"fr-FR","potentialAction":[{"@type":"ReadAction","target":["https:\/\/infos-droitshumains.net\/?p=9730"]}]},{"@type":"ImageObject","inLanguage":"fr-FR","@id":"https:\/\/infos-droitshumains.net\/?p=9730#primaryimage","url":"https:\/\/i0.wp.com\/infos-droitshumains.net\/wp-content\/uploads\/2024\/04\/IMG_20240416_231247_686.jpg?fit=773%2C466&ssl=1","contentUrl":"https:\/\/i0.wp.com\/infos-droitshumains.net\/wp-content\/uploads\/2024\/04\/IMG_20240416_231247_686.jpg?fit=773%2C466&ssl=1","width":773,"height":466},{"@type":"BreadcrumbList","@id":"https:\/\/infos-droitshumains.net\/?p=9730#breadcrumb","itemListElement":[{"@type":"ListItem","position":1,"name":"Accueil","item":"https:\/\/infos-droitshumains.net\/"},{"@type":"ListItem","position":2,"name":"RDC\u00a0: accus\u00e9 d&rsquo;homicide de son \u00e9pouse, Moussa Mondo condamn\u00e9 \u00e0 la peine maximale"}]},{"@type":"WebSite","@id":"https:\/\/infos-droitshumains.net\/#website","url":"https:\/\/infos-droitshumains.net\/","name":"Infos Droits Humains","description":"S&#039;informer est un droit","publisher":{"@id":"https:\/\/infos-droitshumains.net\/#organization"},"potentialAction":[{"@type":"SearchAction","target":{"@type":"EntryPoint","urlTemplate":"https:\/\/infos-droitshumains.net\/?s={search_term_string}"},"query-input":{"@type":"PropertyValueSpecification","valueRequired":true,"valueName":"search_term_string"}}],"inLanguage":"fr-FR"},{"@type":"Organization","@id":"https:\/\/infos-droitshumains.net\/#organization","name":"Infos Droits Humains","url":"https:\/\/infos-droitshumains.net\/","logo":{"@type":"ImageObject","inLanguage":"fr-FR","@id":"https:\/\/infos-droitshumains.net\/#\/schema\/logo\/image\/","url":"https:\/\/i0.wp.com\/infos-droitshumains.net\/wp-content\/uploads\/2022\/05\/Logo.png?fit=333%2C129&ssl=1","contentUrl":"https:\/\/i0.wp.com\/infos-droitshumains.net\/wp-content\/uploads\/2022\/05\/Logo.png?fit=333%2C129&ssl=1","width":333,"height":129,"caption":"Infos Droits Humains"},"image":{"@id":"https:\/\/infos-droitshumains.net\/#\/schema\/logo\/image\/"}},{"@type":"Person","@id":"https:\/\/infos-droitshumains.net\/#\/schema\/person\/3dc5e921c3302172e0ed4362f96faab7","name":"Jo\u00ebl Diawa","image":{"@type":"ImageObject","inLanguage":"fr-FR","@id":"https:\/\/secure.gravatar.com\/avatar\/729bea6ff4604c624417803c477363be8e3c7186deaa65713313f9b4b820f41c?s=96&d=mm&r=g","url":"https:\/\/secure.gravatar.com\/avatar\/729bea6ff4604c624417803c477363be8e3c7186deaa65713313f9b4b820f41c?s=96&d=mm&r=g","contentUrl":"https:\/\/secure.gravatar.com\/avatar\/729bea6ff4604c624417803c477363be8e3c7186deaa65713313f9b4b820f41c?s=96&d=mm&r=g","caption":"Jo\u00ebl Diawa"},"sameAs":["https:\/\/www.infos-droitshumains.net"],"url":"https:\/\/infos-droitshumains.net\/?author=2"}]}},"featured_image_urls":{"full":["https:\/\/i0.wp.com\/infos-droitshumains.net\/wp-content\/uploads\/2024\/04\/IMG_20240416_231247_686.jpg?fit=773%2C466&ssl=1",773,466,false],"thumbnail":["https:\/\/i0.wp.com\/infos-droitshumains.net\/wp-content\/uploads\/2024\/04\/IMG_20240416_231247_686.jpg?resize=150%2C150&ssl=1",150,150,true],"medium":["https:\/\/i0.wp.com\/infos-droitshumains.net\/wp-content\/uploads\/2024\/04\/IMG_20240416_231247_686.jpg?fit=300%2C181&ssl=1",300,181,true],"medium_large":["https:\/\/i0.wp.com\/infos-droitshumains.net\/wp-content\/uploads\/2024\/04\/IMG_20240416_231247_686.jpg?fit=640%2C386&ssl=1",640,386,true],"large":["https:\/\/i0.wp.com\/infos-droitshumains.net\/wp-content\/uploads\/2024\/04\/IMG_20240416_231247_686.jpg?fit=640%2C386&ssl=1",640,386,true],"1536x1536":["https:\/\/i0.wp.com\/infos-droitshumains.net\/wp-content\/uploads\/2024\/04\/IMG_20240416_231247_686.jpg?fit=773%2C466&ssl=1",773,466,true],"2048x2048":["https:\/\/i0.wp.com\/infos-droitshumains.net\/wp-content\/uploads\/2024\/04\/IMG_20240416_231247_686.jpg?fit=773%2C466&ssl=1",773,466,true],"covernews-slider-full":["https:\/\/i0.wp.com\/infos-droitshumains.net\/wp-content\/uploads\/2024\/04\/IMG_20240416_231247_686.jpg?resize=773%2C466&ssl=1",773,466,true],"covernews-slider-center":["https:\/\/i0.wp.com\/infos-droitshumains.net\/wp-content\/uploads\/2024\/04\/IMG_20240416_231247_686.jpg?resize=773%2C466&ssl=1",773,466,true],"covernews-featured":["https:\/\/i0.wp.com\/infos-droitshumains.net\/wp-content\/uploads\/2024\/04\/IMG_20240416_231247_686.jpg?fit=773%2C466&ssl=1",773,466,true],"covernews-medium":["https:\/\/i0.wp.com\/infos-droitshumains.net\/wp-content\/uploads\/2024\/04\/IMG_20240416_231247_686.jpg?resize=540%2C340&ssl=1",540,340,true],"covernews-medium-square":["https:\/\/i0.wp.com\/infos-droitshumains.net\/wp-content\/uploads\/2024\/04\/IMG_20240416_231247_686.jpg?resize=400%2C250&ssl=1",400,250,true]},"author_info":{"display_name":"Jo\u00ebl Diawa","author_link":"https:\/\/infos-droitshumains.net\/?author=2"},"category_info":"<a href=\"https:\/\/infos-droitshumains.net\/?cat=6\" rel=\"category\">Justice<\/a>","tag_info":"Justice","comment_count":"0","jetpack_featured_media_url":"https:\/\/i0.wp.com\/infos-droitshumains.net\/wp-content\/uploads\/2024\/04\/IMG_20240416_231247_686.jpg?fit=773%2C466&ssl=1","jetpack-related-posts":[],"jetpack_sharing_enabled":true,"_links":{"self":[{"href":"https:\/\/infos-droitshumains.net\/index.php?rest_route=\/wp\/v2\/posts\/9730","targetHints":{"allow":["GET"]}}],"collection":[{"href":"https:\/\/infos-droitshumains.net\/index.php?rest_route=\/wp\/v2\/posts"}],"about":[{"href":"https:\/\/infos-droitshumains.net\/index.php?rest_route=\/wp\/v2\/types\/post"}],"author":[{"embeddable":true,"href":"https:\/\/infos-droitshumains.net\/index.php?rest_route=\/wp\/v2\/users\/2"}],"replies":[{"embeddable":true,"href":"https:\/\/infos-droitshumains.net\/index.php?rest_route=%2Fwp%2Fv2%2Fcomments&post=9730"}],"version-history":[{"count":6,"href":"https:\/\/infos-droitshumains.net\/index.php?rest_route=\/wp\/v2\/posts\/9730\/revisions"}],"predecessor-version":[{"id":9744,"href":"https:\/\/infos-droitshumains.net\/index.php?rest_route=\/wp\/v2\/posts\/9730\/revisions\/9744"}],"wp:featuredmedia":[{"embeddable":true,"href":"https:\/\/infos-droitshumains.net\/index.php?rest_route=\/wp\/v2\/media\/9733"}],"wp:attachment":[{"href":"https:\/\/infos-droitshumains.net\/index.php?rest_route=%2Fwp%2Fv2%2Fmedia&parent=9730"}],"wp:term":[{"taxonomy":"category","embeddable":true,"href":"https:\/\/infos-droitshumains.net\/index.php?rest_route=%2Fwp%2Fv2%2Fcategories&post=9730"},{"taxonomy":"post_tag","embeddable":true,"href":"https:\/\/infos-droitshumains.net\/index.php?rest_route=%2Fwp%2Fv2%2Ftags&post=9730"}],"curies":[{"name":"wp","href":"https:\/\/api.w.org\/{rel}","templated":true}]}}