{"id":9654,"date":"2024-04-04T18:55:28","date_gmt":"2024-04-04T16:55:28","guid":{"rendered":"https:\/\/infos-droitshumains.net\/?p=9654"},"modified":"2024-04-04T20:26:56","modified_gmt":"2024-04-04T18:26:56","slug":"nomination-de-judith-siminwa-tuluka-au-poste-de-premier-ministre-wilpf-section-rdc-promet-son-accompagnement-a-la-nouvelle-cheffe-de-lexecutif-national","status":"publish","type":"post","link":"https:\/\/infos-droitshumains.net\/?p=9654","title":{"rendered":"Nomination de Judith Suminua Tuluka au poste de premier ministre: La WILPF section RDC promet son accompagnement \u00e0 la nouvelle cheffe de l&rsquo;ex\u00e9cutif national"},"content":{"rendered":"\n<p><strong>R\u00e9daction:+243817406088<\/strong><\/p>\n\n\n\n<h4 class=\"wp-block-heading has-vivid-red-color has-text-color has-link-color wp-elements-c1d90947e592a2fb34cc7cd1ea39e70d\">La pr\u00e9sidente de la ligue internationale des femmes pour la paix et la libert\u00e9, section WILPF\/ RDC a, dans un message post\u00e9 sur son compte Instagram, trouv\u00e9 des mots justes pour saluer cette nomination, qui selon elle, augure une nouvelle page de l&rsquo;histoire de la RDC sur la gouvernance politique.<\/h4>\n\n\n\n<p>\u00c0 travers ce choix port\u00e9 sur la femme, Lisette Mavungu remercie le pr\u00e9sident F\u00e9lix Antoine Tshisekedi qui vient une fois de plus mat\u00e9rialiser sa volont\u00e9 de voir la gente f\u00e9minine participer \u00e0 la gestion de la chose publique.<\/p>\n\n\n\n<p><em>\u00ab Mes remerciements vont \u00e0 son Excellence Monsieur le pr\u00e9sident de la R\u00e9publique, F\u00e9lix Antoine Tshisekedi pour cet exemple \u00e9loquent de la masculinit\u00e9 positive dont il a \u00e9t\u00e9 d\u00e9clar\u00e9 champion de la masculinit\u00e9 positive par ses pairs africains \u00bb<\/em>, a-t-elle dit.<\/p>\n\n\n\n<p>Toujours dans ce m\u00eame ordre d&rsquo;id\u00e9e , Lisette Mavungu voit en cette nomination un r\u00e9confort pour tous ceux qui sont engag\u00e9s dans la lutte pour la participation de la femme aux postes d\u00e9cisionnels du pays. La femme qui est un acteur majeur de d\u00e9veloppement dont le r\u00e9sultat n&rsquo;est plus \u00e0 d\u00e9montrer.<\/p>\n\n\n\n<p>Loin d&rsquo;\u00eatre satisfaite, la pr\u00e9sidente de WILPF RDC plaide en ce que la pr\u00e9sence de la femme soit remarquable lors de la composition du nouveau gouvernement de Judith Suminua Tuluka.<\/p>\n\n\n\n<p>Par ailleurs, Lisette Mavungu a invit\u00e9 les femmes \u00e0 ne pas se contenter de ce qui est fait mais de travailler encore plus pour faire valoir ce dont elles sont capables ce, avant de r\u00e9it\u00e9rer ses sinc\u00e8res f\u00e9licitations, encouragements et son accompagnement \u00e0 la nouvelle locataire de la primature.<\/p>\n\n\n\n<p>Chantal Kabasua Kezza<\/p>\n","protected":false},"excerpt":{"rendered":"<p>R\u00e9daction:+243817406088 La pr\u00e9sidente de la ligue internationale des femmes pour la paix et la libert\u00e9,&#8230;<\/p>\n","protected":false},"author":2,"featured_media":9664,"comment_status":"open","ping_status":"open","sticky":false,"template":"","format":"standard","meta":{"_jetpack_memberships_contains_paid_content":false,"footnotes":""},"categories":[3],"tags":[],"class_list":["post-9654","post","type-post","status-publish","format-standard","has-post-thumbnail","hentry","category-politique"],"yoast_head":"<!-- This site is optimized with the Yoast SEO plugin v27.5 - https:\/\/yoast.com\/product\/yoast-seo-wordpress\/ -->\n<title>Nomination de Judith Suminua Tuluka au poste de premier ministre: La WILPF section RDC promet son accompagnement \u00e0 la nouvelle cheffe de l&#039;ex\u00e9cutif national - Infos Droits Humains<\/title>\n<meta name=\"robots\" content=\"index, follow, max-snippet:-1, max-image-preview:large, max-video-preview:-1\" \/>\n<link rel=\"canonical\" href=\"https:\/\/infos-droitshumains.net\/?p=9654\" \/>\n<meta property=\"og:locale\" content=\"fr_FR\" \/>\n<meta property=\"og:type\" content=\"article\" \/>\n<meta property=\"og:title\" content=\"Nomination de Judith Suminua Tuluka au poste de premier ministre: La WILPF section RDC promet son accompagnement \u00e0 la nouvelle cheffe de l&#039;ex\u00e9cutif national - Infos Droits Humains\" \/>\n<meta property=\"og:description\" content=\"R\u00e9daction:+243817406088 La pr\u00e9sidente de la ligue internationale des femmes pour la paix et la libert\u00e9,...\" \/>\n<meta property=\"og:url\" content=\"https:\/\/infos-droitshumains.net\/?p=9654\" \/>\n<meta property=\"og:site_name\" content=\"Infos Droits Humains\" \/>\n<meta property=\"article:published_time\" content=\"2024-04-04T16:55:28+00:00\" \/>\n<meta property=\"article:modified_time\" content=\"2024-04-04T18:26:56+00:00\" \/>\n<meta property=\"og:image\" content=\"https:\/\/infos-droitshumains.net\/wp-content\/uploads\/2024\/04\/IMG-20240404-WA0055_2.jpg\" \/>\n\t<meta property=\"og:image:width\" content=\"646\" \/>\n\t<meta property=\"og:image:height\" content=\"480\" \/>\n\t<meta property=\"og:image:type\" content=\"image\/jpeg\" \/>\n<meta name=\"author\" content=\"Jo\u00ebl Diawa\" \/>\n<meta name=\"twitter:card\" content=\"summary_large_image\" \/>\n<meta name=\"twitter:label1\" content=\"\u00c9crit par\" \/>\n\t<meta name=\"twitter:data1\" content=\"Jo\u00ebl Diawa\" \/>\n\t<meta name=\"twitter:label2\" content=\"Dur\u00e9e de lecture estim\u00e9e\" \/>\n\t<meta name=\"twitter:data2\" content=\"2 minutes\" \/>\n<script type=\"application\/ld+json\" class=\"yoast-schema-graph\">{\"@context\":\"https:\\\/\\\/schema.org\",\"@graph\":[{\"@type\":\"Article\",\"@id\":\"https:\\\/\\\/infos-droitshumains.net\\\/?p=9654#article\",\"isPartOf\":{\"@id\":\"https:\\\/\\\/infos-droitshumains.net\\\/?p=9654\"},\"author\":{\"name\":\"Jo\u00ebl Diawa\",\"@id\":\"https:\\\/\\\/infos-droitshumains.net\\\/#\\\/schema\\\/person\\\/3dc5e921c3302172e0ed4362f96faab7\"},\"headline\":\"Nomination de Judith Suminua Tuluka au poste de premier ministre: La WILPF section RDC promet son accompagnement \u00e0 la nouvelle cheffe de l&rsquo;ex\u00e9cutif national\",\"datePublished\":\"2024-04-04T16:55:28+00:00\",\"dateModified\":\"2024-04-04T18:26:56+00:00\",\"mainEntityOfPage\":{\"@id\":\"https:\\\/\\\/infos-droitshumains.net\\\/?p=9654\"},\"wordCount\":303,\"commentCount\":0,\"publisher\":{\"@id\":\"https:\\\/\\\/infos-droitshumains.net\\\/#organization\"},\"image\":{\"@id\":\"https:\\\/\\\/infos-droitshumains.net\\\/?p=9654#primaryimage\"},\"thumbnailUrl\":\"https:\\\/\\\/i0.wp.com\\\/infos-droitshumains.net\\\/wp-content\\\/uploads\\\/2024\\\/04\\\/IMG-20240404-WA0055_2.jpg?fit=646%2C480&ssl=1\",\"articleSection\":[\"Politique\"],\"inLanguage\":\"fr-FR\",\"potentialAction\":[{\"@type\":\"CommentAction\",\"name\":\"Comment\",\"target\":[\"https:\\\/\\\/infos-droitshumains.net\\\/?p=9654#respond\"]}]},{\"@type\":\"WebPage\",\"@id\":\"https:\\\/\\\/infos-droitshumains.net\\\/?p=9654\",\"url\":\"https:\\\/\\\/infos-droitshumains.net\\\/?p=9654\",\"name\":\"Nomination de Judith Suminua Tuluka au poste de premier ministre: La WILPF section RDC promet son accompagnement \u00e0 la nouvelle cheffe de l'ex\u00e9cutif national - Infos Droits Humains\",\"isPartOf\":{\"@id\":\"https:\\\/\\\/infos-droitshumains.net\\\/#website\"},\"primaryImageOfPage\":{\"@id\":\"https:\\\/\\\/infos-droitshumains.net\\\/?p=9654#primaryimage\"},\"image\":{\"@id\":\"https:\\\/\\\/infos-droitshumains.net\\\/?p=9654#primaryimage\"},\"thumbnailUrl\":\"https:\\\/\\\/i0.wp.com\\\/infos-droitshumains.net\\\/wp-content\\\/uploads\\\/2024\\\/04\\\/IMG-20240404-WA0055_2.jpg?fit=646%2C480&ssl=1\",\"datePublished\":\"2024-04-04T16:55:28+00:00\",\"dateModified\":\"2024-04-04T18:26:56+00:00\",\"breadcrumb\":{\"@id\":\"https:\\\/\\\/infos-droitshumains.net\\\/?p=9654#breadcrumb\"},\"inLanguage\":\"fr-FR\",\"potentialAction\":[{\"@type\":\"ReadAction\",\"target\":[\"https:\\\/\\\/infos-droitshumains.net\\\/?p=9654\"]}]},{\"@type\":\"ImageObject\",\"inLanguage\":\"fr-FR\",\"@id\":\"https:\\\/\\\/infos-droitshumains.net\\\/?p=9654#primaryimage\",\"url\":\"https:\\\/\\\/i0.wp.com\\\/infos-droitshumains.net\\\/wp-content\\\/uploads\\\/2024\\\/04\\\/IMG-20240404-WA0055_2.jpg?fit=646%2C480&ssl=1\",\"contentUrl\":\"https:\\\/\\\/i0.wp.com\\\/infos-droitshumains.net\\\/wp-content\\\/uploads\\\/2024\\\/04\\\/IMG-20240404-WA0055_2.jpg?fit=646%2C480&ssl=1\",\"width\":646,\"height\":480},{\"@type\":\"BreadcrumbList\",\"@id\":\"https:\\\/\\\/infos-droitshumains.net\\\/?p=9654#breadcrumb\",\"itemListElement\":[{\"@type\":\"ListItem\",\"position\":1,\"name\":\"Accueil\",\"item\":\"https:\\\/\\\/infos-droitshumains.net\\\/\"},{\"@type\":\"ListItem\",\"position\":2,\"name\":\"Nomination de Judith Suminua Tuluka au poste de premier ministre: La WILPF section RDC promet son accompagnement \u00e0 la nouvelle cheffe de l&rsquo;ex\u00e9cutif national\"}]},{\"@type\":\"WebSite\",\"@id\":\"https:\\\/\\\/infos-droitshumains.net\\\/#website\",\"url\":\"https:\\\/\\\/infos-droitshumains.net\\\/\",\"name\":\"Infos Droits Humains\",\"description\":\"S&#039;informer est un droit\",\"publisher\":{\"@id\":\"https:\\\/\\\/infos-droitshumains.net\\\/#organization\"},\"potentialAction\":[{\"@type\":\"SearchAction\",\"target\":{\"@type\":\"EntryPoint\",\"urlTemplate\":\"https:\\\/\\\/infos-droitshumains.net\\\/?s={search_term_string}\"},\"query-input\":{\"@type\":\"PropertyValueSpecification\",\"valueRequired\":true,\"valueName\":\"search_term_string\"}}],\"inLanguage\":\"fr-FR\"},{\"@type\":\"Organization\",\"@id\":\"https:\\\/\\\/infos-droitshumains.net\\\/#organization\",\"name\":\"Infos Droits Humains\",\"url\":\"https:\\\/\\\/infos-droitshumains.net\\\/\",\"logo\":{\"@type\":\"ImageObject\",\"inLanguage\":\"fr-FR\",\"@id\":\"https:\\\/\\\/infos-droitshumains.net\\\/#\\\/schema\\\/logo\\\/image\\\/\",\"url\":\"https:\\\/\\\/i0.wp.com\\\/infos-droitshumains.net\\\/wp-content\\\/uploads\\\/2022\\\/05\\\/Logo.png?fit=333%2C129&ssl=1\",\"contentUrl\":\"https:\\\/\\\/i0.wp.com\\\/infos-droitshumains.net\\\/wp-content\\\/uploads\\\/2022\\\/05\\\/Logo.png?fit=333%2C129&ssl=1\",\"width\":333,\"height\":129,\"caption\":\"Infos Droits Humains\"},\"image\":{\"@id\":\"https:\\\/\\\/infos-droitshumains.net\\\/#\\\/schema\\\/logo\\\/image\\\/\"}},{\"@type\":\"Person\",\"@id\":\"https:\\\/\\\/infos-droitshumains.net\\\/#\\\/schema\\\/person\\\/3dc5e921c3302172e0ed4362f96faab7\",\"name\":\"Jo\u00ebl Diawa\",\"image\":{\"@type\":\"ImageObject\",\"inLanguage\":\"fr-FR\",\"@id\":\"https:\\\/\\\/secure.gravatar.com\\\/avatar\\\/729bea6ff4604c624417803c477363be8e3c7186deaa65713313f9b4b820f41c?s=96&d=mm&r=g\",\"url\":\"https:\\\/\\\/secure.gravatar.com\\\/avatar\\\/729bea6ff4604c624417803c477363be8e3c7186deaa65713313f9b4b820f41c?s=96&d=mm&r=g\",\"contentUrl\":\"https:\\\/\\\/secure.gravatar.com\\\/avatar\\\/729bea6ff4604c624417803c477363be8e3c7186deaa65713313f9b4b820f41c?s=96&d=mm&r=g\",\"caption\":\"Jo\u00ebl Diawa\"},\"sameAs\":[\"https:\\\/\\\/www.infos-droitshumains.net\"],\"url\":\"https:\\\/\\\/infos-droitshumains.net\\\/?author=2\"}]}<\/script>\n<!-- \/ Yoast SEO plugin. -->","yoast_head_json":{"title":"Nomination de Judith Suminua Tuluka au poste de premier ministre: La WILPF section RDC promet son accompagnement \u00e0 la nouvelle cheffe de l'ex\u00e9cutif national - Infos Droits Humains","robots":{"index":"index","follow":"follow","max-snippet":"max-snippet:-1","max-image-preview":"max-image-preview:large","max-video-preview":"max-video-preview:-1"},"canonical":"https:\/\/infos-droitshumains.net\/?p=9654","og_locale":"fr_FR","og_type":"article","og_title":"Nomination de Judith Suminua Tuluka au poste de premier ministre: La WILPF section RDC promet son accompagnement \u00e0 la nouvelle cheffe de l'ex\u00e9cutif national - Infos Droits Humains","og_description":"R\u00e9daction:+243817406088 La pr\u00e9sidente de la ligue internationale des femmes pour la paix et la libert\u00e9,...","og_url":"https:\/\/infos-droitshumains.net\/?p=9654","og_site_name":"Infos Droits Humains","article_published_time":"2024-04-04T16:55:28+00:00","article_modified_time":"2024-04-04T18:26:56+00:00","og_image":[{"width":646,"height":480,"url":"https:\/\/infos-droitshumains.net\/wp-content\/uploads\/2024\/04\/IMG-20240404-WA0055_2.jpg","type":"image\/jpeg"}],"author":"Jo\u00ebl Diawa","twitter_card":"summary_large_image","twitter_misc":{"\u00c9crit par":"Jo\u00ebl Diawa","Dur\u00e9e de lecture estim\u00e9e":"2 minutes"},"schema":{"@context":"https:\/\/schema.org","@graph":[{"@type":"Article","@id":"https:\/\/infos-droitshumains.net\/?p=9654#article","isPartOf":{"@id":"https:\/\/infos-droitshumains.net\/?p=9654"},"author":{"name":"Jo\u00ebl Diawa","@id":"https:\/\/infos-droitshumains.net\/#\/schema\/person\/3dc5e921c3302172e0ed4362f96faab7"},"headline":"Nomination de Judith Suminua Tuluka au poste de premier ministre: La WILPF section RDC promet son accompagnement \u00e0 la nouvelle cheffe de l&rsquo;ex\u00e9cutif national","datePublished":"2024-04-04T16:55:28+00:00","dateModified":"2024-04-04T18:26:56+00:00","mainEntityOfPage":{"@id":"https:\/\/infos-droitshumains.net\/?p=9654"},"wordCount":303,"commentCount":0,"publisher":{"@id":"https:\/\/infos-droitshumains.net\/#organization"},"image":{"@id":"https:\/\/infos-droitshumains.net\/?p=9654#primaryimage"},"thumbnailUrl":"https:\/\/i0.wp.com\/infos-droitshumains.net\/wp-content\/uploads\/2024\/04\/IMG-20240404-WA0055_2.jpg?fit=646%2C480&ssl=1","articleSection":["Politique"],"inLanguage":"fr-FR","potentialAction":[{"@type":"CommentAction","name":"Comment","target":["https:\/\/infos-droitshumains.net\/?p=9654#respond"]}]},{"@type":"WebPage","@id":"https:\/\/infos-droitshumains.net\/?p=9654","url":"https:\/\/infos-droitshumains.net\/?p=9654","name":"Nomination de Judith Suminua Tuluka au poste de premier ministre: La WILPF section RDC promet son accompagnement \u00e0 la nouvelle cheffe de l'ex\u00e9cutif national - Infos Droits Humains","isPartOf":{"@id":"https:\/\/infos-droitshumains.net\/#website"},"primaryImageOfPage":{"@id":"https:\/\/infos-droitshumains.net\/?p=9654#primaryimage"},"image":{"@id":"https:\/\/infos-droitshumains.net\/?p=9654#primaryimage"},"thumbnailUrl":"https:\/\/i0.wp.com\/infos-droitshumains.net\/wp-content\/uploads\/2024\/04\/IMG-20240404-WA0055_2.jpg?fit=646%2C480&ssl=1","datePublished":"2024-04-04T16:55:28+00:00","dateModified":"2024-04-04T18:26:56+00:00","breadcrumb":{"@id":"https:\/\/infos-droitshumains.net\/?p=9654#breadcrumb"},"inLanguage":"fr-FR","potentialAction":[{"@type":"ReadAction","target":["https:\/\/infos-droitshumains.net\/?p=9654"]}]},{"@type":"ImageObject","inLanguage":"fr-FR","@id":"https:\/\/infos-droitshumains.net\/?p=9654#primaryimage","url":"https:\/\/i0.wp.com\/infos-droitshumains.net\/wp-content\/uploads\/2024\/04\/IMG-20240404-WA0055_2.jpg?fit=646%2C480&ssl=1","contentUrl":"https:\/\/i0.wp.com\/infos-droitshumains.net\/wp-content\/uploads\/2024\/04\/IMG-20240404-WA0055_2.jpg?fit=646%2C480&ssl=1","width":646,"height":480},{"@type":"BreadcrumbList","@id":"https:\/\/infos-droitshumains.net\/?p=9654#breadcrumb","itemListElement":[{"@type":"ListItem","position":1,"name":"Accueil","item":"https:\/\/infos-droitshumains.net\/"},{"@type":"ListItem","position":2,"name":"Nomination de Judith Suminua Tuluka au poste de premier ministre: La WILPF section RDC promet son accompagnement \u00e0 la nouvelle cheffe de l&rsquo;ex\u00e9cutif national"}]},{"@type":"WebSite","@id":"https:\/\/infos-droitshumains.net\/#website","url":"https:\/\/infos-droitshumains.net\/","name":"Infos Droits Humains","description":"S&#039;informer est un droit","publisher":{"@id":"https:\/\/infos-droitshumains.net\/#organization"},"potentialAction":[{"@type":"SearchAction","target":{"@type":"EntryPoint","urlTemplate":"https:\/\/infos-droitshumains.net\/?s={search_term_string}"},"query-input":{"@type":"PropertyValueSpecification","valueRequired":true,"valueName":"search_term_string"}}],"inLanguage":"fr-FR"},{"@type":"Organization","@id":"https:\/\/infos-droitshumains.net\/#organization","name":"Infos Droits Humains","url":"https:\/\/infos-droitshumains.net\/","logo":{"@type":"ImageObject","inLanguage":"fr-FR","@id":"https:\/\/infos-droitshumains.net\/#\/schema\/logo\/image\/","url":"https:\/\/i0.wp.com\/infos-droitshumains.net\/wp-content\/uploads\/2022\/05\/Logo.png?fit=333%2C129&ssl=1","contentUrl":"https:\/\/i0.wp.com\/infos-droitshumains.net\/wp-content\/uploads\/2022\/05\/Logo.png?fit=333%2C129&ssl=1","width":333,"height":129,"caption":"Infos Droits Humains"},"image":{"@id":"https:\/\/infos-droitshumains.net\/#\/schema\/logo\/image\/"}},{"@type":"Person","@id":"https:\/\/infos-droitshumains.net\/#\/schema\/person\/3dc5e921c3302172e0ed4362f96faab7","name":"Jo\u00ebl Diawa","image":{"@type":"ImageObject","inLanguage":"fr-FR","@id":"https:\/\/secure.gravatar.com\/avatar\/729bea6ff4604c624417803c477363be8e3c7186deaa65713313f9b4b820f41c?s=96&d=mm&r=g","url":"https:\/\/secure.gravatar.com\/avatar\/729bea6ff4604c624417803c477363be8e3c7186deaa65713313f9b4b820f41c?s=96&d=mm&r=g","contentUrl":"https:\/\/secure.gravatar.com\/avatar\/729bea6ff4604c624417803c477363be8e3c7186deaa65713313f9b4b820f41c?s=96&d=mm&r=g","caption":"Jo\u00ebl Diawa"},"sameAs":["https:\/\/www.infos-droitshumains.net"],"url":"https:\/\/infos-droitshumains.net\/?author=2"}]}},"featured_image_urls":{"full":["https:\/\/i0.wp.com\/infos-droitshumains.net\/wp-content\/uploads\/2024\/04\/IMG-20240404-WA0055_2.jpg?fit=646%2C480&ssl=1",646,480,false],"thumbnail":["https:\/\/i0.wp.com\/infos-droitshumains.net\/wp-content\/uploads\/2024\/04\/IMG-20240404-WA0055_2.jpg?resize=150%2C150&ssl=1",150,150,true],"medium":["https:\/\/i0.wp.com\/infos-droitshumains.net\/wp-content\/uploads\/2024\/04\/IMG-20240404-WA0055_2.jpg?fit=300%2C223&ssl=1",300,223,true],"medium_large":["https:\/\/i0.wp.com\/infos-droitshumains.net\/wp-content\/uploads\/2024\/04\/IMG-20240404-WA0055_2.jpg?fit=640%2C476&ssl=1",640,476,true],"large":["https:\/\/i0.wp.com\/infos-droitshumains.net\/wp-content\/uploads\/2024\/04\/IMG-20240404-WA0055_2.jpg?fit=640%2C476&ssl=1",640,476,true],"1536x1536":["https:\/\/i0.wp.com\/infos-droitshumains.net\/wp-content\/uploads\/2024\/04\/IMG-20240404-WA0055_2.jpg?fit=646%2C480&ssl=1",646,480,true],"2048x2048":["https:\/\/i0.wp.com\/infos-droitshumains.net\/wp-content\/uploads\/2024\/04\/IMG-20240404-WA0055_2.jpg?fit=646%2C480&ssl=1",646,480,true],"covernews-slider-full":["https:\/\/i0.wp.com\/infos-droitshumains.net\/wp-content\/uploads\/2024\/04\/IMG-20240404-WA0055_2.jpg?resize=646%2C480&ssl=1",646,480,true],"covernews-slider-center":["https:\/\/i0.wp.com\/infos-droitshumains.net\/wp-content\/uploads\/2024\/04\/IMG-20240404-WA0055_2.jpg?resize=646%2C480&ssl=1",646,480,true],"covernews-featured":["https:\/\/i0.wp.com\/infos-droitshumains.net\/wp-content\/uploads\/2024\/04\/IMG-20240404-WA0055_2.jpg?fit=646%2C480&ssl=1",646,480,true],"covernews-medium":["https:\/\/i0.wp.com\/infos-droitshumains.net\/wp-content\/uploads\/2024\/04\/IMG-20240404-WA0055_2.jpg?resize=540%2C340&ssl=1",540,340,true],"covernews-medium-square":["https:\/\/i0.wp.com\/infos-droitshumains.net\/wp-content\/uploads\/2024\/04\/IMG-20240404-WA0055_2.jpg?resize=400%2C250&ssl=1",400,250,true]},"author_info":{"display_name":"Jo\u00ebl Diawa","author_link":"https:\/\/infos-droitshumains.net\/?author=2"},"category_info":"<a href=\"https:\/\/infos-droitshumains.net\/?cat=3\" rel=\"category\">Politique<\/a>","tag_info":"Politique","comment_count":"0","jetpack_featured_media_url":"https:\/\/i0.wp.com\/infos-droitshumains.net\/wp-content\/uploads\/2024\/04\/IMG-20240404-WA0055_2.jpg?fit=646%2C480&ssl=1","jetpack-related-posts":[],"jetpack_sharing_enabled":true,"_links":{"self":[{"href":"https:\/\/infos-droitshumains.net\/index.php?rest_route=\/wp\/v2\/posts\/9654","targetHints":{"allow":["GET"]}}],"collection":[{"href":"https:\/\/infos-droitshumains.net\/index.php?rest_route=\/wp\/v2\/posts"}],"about":[{"href":"https:\/\/infos-droitshumains.net\/index.php?rest_route=\/wp\/v2\/types\/post"}],"author":[{"embeddable":true,"href":"https:\/\/infos-droitshumains.net\/index.php?rest_route=\/wp\/v2\/users\/2"}],"replies":[{"embeddable":true,"href":"https:\/\/infos-droitshumains.net\/index.php?rest_route=%2Fwp%2Fv2%2Fcomments&post=9654"}],"version-history":[{"count":9,"href":"https:\/\/infos-droitshumains.net\/index.php?rest_route=\/wp\/v2\/posts\/9654\/revisions"}],"predecessor-version":[{"id":9665,"href":"https:\/\/infos-droitshumains.net\/index.php?rest_route=\/wp\/v2\/posts\/9654\/revisions\/9665"}],"wp:featuredmedia":[{"embeddable":true,"href":"https:\/\/infos-droitshumains.net\/index.php?rest_route=\/wp\/v2\/media\/9664"}],"wp:attachment":[{"href":"https:\/\/infos-droitshumains.net\/index.php?rest_route=%2Fwp%2Fv2%2Fmedia&parent=9654"}],"wp:term":[{"taxonomy":"category","embeddable":true,"href":"https:\/\/infos-droitshumains.net\/index.php?rest_route=%2Fwp%2Fv2%2Fcategories&post=9654"},{"taxonomy":"post_tag","embeddable":true,"href":"https:\/\/infos-droitshumains.net\/index.php?rest_route=%2Fwp%2Fv2%2Ftags&post=9654"}],"curies":[{"name":"wp","href":"https:\/\/api.w.org\/{rel}","templated":true}]}}