{"id":9647,"date":"2024-04-02T20:55:11","date_gmt":"2024-04-02T18:55:11","guid":{"rendered":"https:\/\/infos-droitshumains.net\/?p=9647"},"modified":"2024-04-03T00:40:45","modified_gmt":"2024-04-02T22:40:45","slug":"rdc-la-nomination-de-judith-tuluka-suminwa-est-une-etape-significative-vers-legalite-des-genres-et-le-renforcement-du-leadership-feminin-jdh","status":"publish","type":"post","link":"https:\/\/infos-droitshumains.net\/?p=9647","title":{"rendered":"RDC\u00a0: \u00ab\u00a0La nomination de Judith Tuluka Suminwa est une \u00e9tape significative vers l&rsquo;\u00e9galit\u00e9 des genres et le renforcement du leadership f\u00e9minin (JDH)"},"content":{"rendered":"\n<p><strong>R\u00e9daction:+243817406088<\/strong><\/p>\n\n\n\n<h4 class=\"wp-block-heading has-vivid-red-color has-text-color has-link-color wp-elements-f1bffc1930e2f4df744aa2adb5723516\">La nomination de Judith Tuluka Suminwa au poste de Premier Ministre constitue une \u00e9tape significative vers l\u2019\u00e9galit\u00e9 des genres et le renforcement du leadership f\u00e9minin en R\u00e9publique D\u00e9mocratique du Congo. C&rsquo;est ce que ressort du communiqu\u00e9 de presse de l\u2019ONG Journalistes pour les Droits Humains rendu public ce mardi 2 avril 2024.<\/h4>\n\n\n\n<p>\u00c0 en croire cette structure canadienne, l&rsquo;acte pos\u00e9 par le pr\u00e9sident de la r\u00e9publique en nommant une femme \u00e0 la primature est la r\u00e9sultante de ses plaidoyers ainsi que l&rsquo;ensemble de la soci\u00e9t\u00e9 civile dans la promotion des droits des femmes et des filles.<\/p>\n\n\n\n<p><em>\u00ab&nbsp;Cette nomination, qui est une premi\u00e8re dans l\u2019histoire de la RDC, marque un moment de fiert\u00e9 pour toutes les femme congolaises et t\u00e9moigne des efforts soutenus par JDH dans la promotion de l\u2019\u00e9galit\u00e9 des sexes et de l&rsquo;autonomisation des femmes. Aujourd\u2019hui, nous c\u00e9l\u00e9brons cette r\u00e9alisation majeure, fruit de notre travail acharn\u00e9 et de notre plaidoyer ainsi que de toute la soci\u00e9t\u00e9 civile congolaise en faveur du leadership f\u00e9minin en RDC&nbsp;\u00bb<\/em>, lit-on dans ce communiqu\u00e9.<\/p>\n\n\n\n<p>Journalistes pour les Droits Humains dit poursuivre son combat de la promotion de l&rsquo;\u00e9galit\u00e9 des sexes et des chances en RDC.<\/p>\n\n\n\n<p><em>\u00ab\u00a0Tout en saluant la d\u00e9termination du Pr\u00e9sident de la R\u00e9publique dans la promotion du genre en RDC, nous f\u00e9licitons Madame Judith Tuluka pour son nouveau r\u00f4le et,  nous nous engageons \u00e0 continuer notre travail acharn\u00e9 pour cr\u00e9er un environnement o\u00f9 les femmes peuvent exceller et occuper des postes de responsabilit\u00e9 \u00e0 tous les niveaux de la soci\u00e9t\u00e9.\u00a0\u00bb<\/em><\/p>\n\n\n\n<p>Depuis 2019, Journalistes pour les Droits Humains en partenariat avec la soci\u00e9t\u00e9 civile, m\u00e8ne dans le cadre de son projet Canada Monde, un vaste plaidoyer pour la promotion des droits des femmes et filles et la promotion de celles-ci aux postes de prise de d\u00e9cision. Un plaidoyer qui avait abouti entre autre, \u00e0 la composition d&rsquo;un gouvernement national o\u00f9 le taux de participation des femmes \u00e9tait pass\u00e9 de 18 \u00e0 27%.<\/p>\n\n\n\n<p>Chantal Kabasua<\/p>\n","protected":false},"excerpt":{"rendered":"<p>R\u00e9daction:+243817406088 La nomination de Judith Tuluka Suminwa au poste de Premier Ministre constitue une \u00e9tape&#8230;<\/p>\n","protected":false},"author":2,"featured_media":9650,"comment_status":"open","ping_status":"open","sticky":false,"template":"","format":"standard","meta":{"_jetpack_memberships_contains_paid_content":false,"footnotes":""},"categories":[7],"tags":[],"class_list":["post-9647","post","type-post","status-publish","format-standard","has-post-thumbnail","hentry","category-droits-humains"],"yoast_head":"<!-- This site is optimized with the Yoast SEO plugin v27.5 - https:\/\/yoast.com\/product\/yoast-seo-wordpress\/ -->\n<title>RDC\u00a0: &quot;La nomination de Judith Tuluka Suminwa est une \u00e9tape significative vers l&#039;\u00e9galit\u00e9 des genres et le renforcement du leadership f\u00e9minin (JDH) - Infos Droits Humains<\/title>\n<meta name=\"robots\" content=\"index, follow, max-snippet:-1, max-image-preview:large, max-video-preview:-1\" \/>\n<link rel=\"canonical\" href=\"https:\/\/infos-droitshumains.net\/?p=9647\" \/>\n<meta property=\"og:locale\" content=\"fr_FR\" \/>\n<meta property=\"og:type\" content=\"article\" \/>\n<meta property=\"og:title\" content=\"RDC\u00a0: &quot;La nomination de Judith Tuluka Suminwa est une \u00e9tape significative vers l&#039;\u00e9galit\u00e9 des genres et le renforcement du leadership f\u00e9minin (JDH) - Infos Droits Humains\" \/>\n<meta property=\"og:description\" content=\"R\u00e9daction:+243817406088 La nomination de Judith Tuluka Suminwa au poste de Premier Ministre constitue une \u00e9tape...\" \/>\n<meta property=\"og:url\" content=\"https:\/\/infos-droitshumains.net\/?p=9647\" \/>\n<meta property=\"og:site_name\" content=\"Infos Droits Humains\" \/>\n<meta property=\"article:published_time\" content=\"2024-04-02T18:55:11+00:00\" \/>\n<meta property=\"article:modified_time\" content=\"2024-04-02T22:40:45+00:00\" \/>\n<meta property=\"og:image\" content=\"https:\/\/infos-droitshumains.net\/wp-content\/uploads\/2024\/04\/20240402_75959.jpg\" \/>\n\t<meta property=\"og:image:width\" content=\"800\" \/>\n\t<meta property=\"og:image:height\" content=\"600\" \/>\n\t<meta property=\"og:image:type\" content=\"image\/jpeg\" \/>\n<meta name=\"author\" content=\"Jo\u00ebl Diawa\" \/>\n<meta name=\"twitter:card\" content=\"summary_large_image\" \/>\n<meta name=\"twitter:label1\" content=\"\u00c9crit par\" \/>\n\t<meta name=\"twitter:data1\" content=\"Jo\u00ebl Diawa\" \/>\n\t<meta name=\"twitter:label2\" content=\"Dur\u00e9e de lecture estim\u00e9e\" \/>\n\t<meta name=\"twitter:data2\" content=\"2 minutes\" \/>\n<script type=\"application\/ld+json\" class=\"yoast-schema-graph\">{\"@context\":\"https:\\\/\\\/schema.org\",\"@graph\":[{\"@type\":\"Article\",\"@id\":\"https:\\\/\\\/infos-droitshumains.net\\\/?p=9647#article\",\"isPartOf\":{\"@id\":\"https:\\\/\\\/infos-droitshumains.net\\\/?p=9647\"},\"author\":{\"name\":\"Jo\u00ebl Diawa\",\"@id\":\"https:\\\/\\\/infos-droitshumains.net\\\/#\\\/schema\\\/person\\\/3dc5e921c3302172e0ed4362f96faab7\"},\"headline\":\"RDC\u00a0: \u00ab\u00a0La nomination de Judith Tuluka Suminwa est une \u00e9tape significative vers l&rsquo;\u00e9galit\u00e9 des genres et le renforcement du leadership f\u00e9minin (JDH)\",\"datePublished\":\"2024-04-02T18:55:11+00:00\",\"dateModified\":\"2024-04-02T22:40:45+00:00\",\"mainEntityOfPage\":{\"@id\":\"https:\\\/\\\/infos-droitshumains.net\\\/?p=9647\"},\"wordCount\":368,\"commentCount\":0,\"publisher\":{\"@id\":\"https:\\\/\\\/infos-droitshumains.net\\\/#organization\"},\"image\":{\"@id\":\"https:\\\/\\\/infos-droitshumains.net\\\/?p=9647#primaryimage\"},\"thumbnailUrl\":\"https:\\\/\\\/i0.wp.com\\\/infos-droitshumains.net\\\/wp-content\\\/uploads\\\/2024\\\/04\\\/20240402_75959.jpg?fit=800%2C600&ssl=1\",\"articleSection\":[\"Droits Humains\"],\"inLanguage\":\"fr-FR\",\"potentialAction\":[{\"@type\":\"CommentAction\",\"name\":\"Comment\",\"target\":[\"https:\\\/\\\/infos-droitshumains.net\\\/?p=9647#respond\"]}]},{\"@type\":\"WebPage\",\"@id\":\"https:\\\/\\\/infos-droitshumains.net\\\/?p=9647\",\"url\":\"https:\\\/\\\/infos-droitshumains.net\\\/?p=9647\",\"name\":\"RDC\u00a0: \\\"La nomination de Judith Tuluka Suminwa est une \u00e9tape significative vers l'\u00e9galit\u00e9 des genres et le renforcement du leadership f\u00e9minin (JDH) - Infos Droits Humains\",\"isPartOf\":{\"@id\":\"https:\\\/\\\/infos-droitshumains.net\\\/#website\"},\"primaryImageOfPage\":{\"@id\":\"https:\\\/\\\/infos-droitshumains.net\\\/?p=9647#primaryimage\"},\"image\":{\"@id\":\"https:\\\/\\\/infos-droitshumains.net\\\/?p=9647#primaryimage\"},\"thumbnailUrl\":\"https:\\\/\\\/i0.wp.com\\\/infos-droitshumains.net\\\/wp-content\\\/uploads\\\/2024\\\/04\\\/20240402_75959.jpg?fit=800%2C600&ssl=1\",\"datePublished\":\"2024-04-02T18:55:11+00:00\",\"dateModified\":\"2024-04-02T22:40:45+00:00\",\"breadcrumb\":{\"@id\":\"https:\\\/\\\/infos-droitshumains.net\\\/?p=9647#breadcrumb\"},\"inLanguage\":\"fr-FR\",\"potentialAction\":[{\"@type\":\"ReadAction\",\"target\":[\"https:\\\/\\\/infos-droitshumains.net\\\/?p=9647\"]}]},{\"@type\":\"ImageObject\",\"inLanguage\":\"fr-FR\",\"@id\":\"https:\\\/\\\/infos-droitshumains.net\\\/?p=9647#primaryimage\",\"url\":\"https:\\\/\\\/i0.wp.com\\\/infos-droitshumains.net\\\/wp-content\\\/uploads\\\/2024\\\/04\\\/20240402_75959.jpg?fit=800%2C600&ssl=1\",\"contentUrl\":\"https:\\\/\\\/i0.wp.com\\\/infos-droitshumains.net\\\/wp-content\\\/uploads\\\/2024\\\/04\\\/20240402_75959.jpg?fit=800%2C600&ssl=1\",\"width\":800,\"height\":600},{\"@type\":\"BreadcrumbList\",\"@id\":\"https:\\\/\\\/infos-droitshumains.net\\\/?p=9647#breadcrumb\",\"itemListElement\":[{\"@type\":\"ListItem\",\"position\":1,\"name\":\"Accueil\",\"item\":\"https:\\\/\\\/infos-droitshumains.net\\\/\"},{\"@type\":\"ListItem\",\"position\":2,\"name\":\"RDC\u00a0: \u00ab\u00a0La nomination de Judith Tuluka Suminwa est une \u00e9tape significative vers l&rsquo;\u00e9galit\u00e9 des genres et le renforcement du leadership f\u00e9minin (JDH)\"}]},{\"@type\":\"WebSite\",\"@id\":\"https:\\\/\\\/infos-droitshumains.net\\\/#website\",\"url\":\"https:\\\/\\\/infos-droitshumains.net\\\/\",\"name\":\"Infos Droits Humains\",\"description\":\"S&#039;informer est un droit\",\"publisher\":{\"@id\":\"https:\\\/\\\/infos-droitshumains.net\\\/#organization\"},\"potentialAction\":[{\"@type\":\"SearchAction\",\"target\":{\"@type\":\"EntryPoint\",\"urlTemplate\":\"https:\\\/\\\/infos-droitshumains.net\\\/?s={search_term_string}\"},\"query-input\":{\"@type\":\"PropertyValueSpecification\",\"valueRequired\":true,\"valueName\":\"search_term_string\"}}],\"inLanguage\":\"fr-FR\"},{\"@type\":\"Organization\",\"@id\":\"https:\\\/\\\/infos-droitshumains.net\\\/#organization\",\"name\":\"Infos Droits Humains\",\"url\":\"https:\\\/\\\/infos-droitshumains.net\\\/\",\"logo\":{\"@type\":\"ImageObject\",\"inLanguage\":\"fr-FR\",\"@id\":\"https:\\\/\\\/infos-droitshumains.net\\\/#\\\/schema\\\/logo\\\/image\\\/\",\"url\":\"https:\\\/\\\/i0.wp.com\\\/infos-droitshumains.net\\\/wp-content\\\/uploads\\\/2022\\\/05\\\/Logo.png?fit=333%2C129&ssl=1\",\"contentUrl\":\"https:\\\/\\\/i0.wp.com\\\/infos-droitshumains.net\\\/wp-content\\\/uploads\\\/2022\\\/05\\\/Logo.png?fit=333%2C129&ssl=1\",\"width\":333,\"height\":129,\"caption\":\"Infos Droits Humains\"},\"image\":{\"@id\":\"https:\\\/\\\/infos-droitshumains.net\\\/#\\\/schema\\\/logo\\\/image\\\/\"}},{\"@type\":\"Person\",\"@id\":\"https:\\\/\\\/infos-droitshumains.net\\\/#\\\/schema\\\/person\\\/3dc5e921c3302172e0ed4362f96faab7\",\"name\":\"Jo\u00ebl Diawa\",\"image\":{\"@type\":\"ImageObject\",\"inLanguage\":\"fr-FR\",\"@id\":\"https:\\\/\\\/secure.gravatar.com\\\/avatar\\\/729bea6ff4604c624417803c477363be8e3c7186deaa65713313f9b4b820f41c?s=96&d=mm&r=g\",\"url\":\"https:\\\/\\\/secure.gravatar.com\\\/avatar\\\/729bea6ff4604c624417803c477363be8e3c7186deaa65713313f9b4b820f41c?s=96&d=mm&r=g\",\"contentUrl\":\"https:\\\/\\\/secure.gravatar.com\\\/avatar\\\/729bea6ff4604c624417803c477363be8e3c7186deaa65713313f9b4b820f41c?s=96&d=mm&r=g\",\"caption\":\"Jo\u00ebl Diawa\"},\"sameAs\":[\"https:\\\/\\\/www.infos-droitshumains.net\"],\"url\":\"https:\\\/\\\/infos-droitshumains.net\\\/?author=2\"}]}<\/script>\n<!-- \/ Yoast SEO plugin. -->","yoast_head_json":{"title":"RDC\u00a0: \"La nomination de Judith Tuluka Suminwa est une \u00e9tape significative vers l'\u00e9galit\u00e9 des genres et le renforcement du leadership f\u00e9minin (JDH) - Infos Droits Humains","robots":{"index":"index","follow":"follow","max-snippet":"max-snippet:-1","max-image-preview":"max-image-preview:large","max-video-preview":"max-video-preview:-1"},"canonical":"https:\/\/infos-droitshumains.net\/?p=9647","og_locale":"fr_FR","og_type":"article","og_title":"RDC\u00a0: \"La nomination de Judith Tuluka Suminwa est une \u00e9tape significative vers l'\u00e9galit\u00e9 des genres et le renforcement du leadership f\u00e9minin (JDH) - Infos Droits Humains","og_description":"R\u00e9daction:+243817406088 La nomination de Judith Tuluka Suminwa au poste de Premier Ministre constitue une \u00e9tape...","og_url":"https:\/\/infos-droitshumains.net\/?p=9647","og_site_name":"Infos Droits Humains","article_published_time":"2024-04-02T18:55:11+00:00","article_modified_time":"2024-04-02T22:40:45+00:00","og_image":[{"width":800,"height":600,"url":"https:\/\/infos-droitshumains.net\/wp-content\/uploads\/2024\/04\/20240402_75959.jpg","type":"image\/jpeg"}],"author":"Jo\u00ebl Diawa","twitter_card":"summary_large_image","twitter_misc":{"\u00c9crit par":"Jo\u00ebl Diawa","Dur\u00e9e de lecture estim\u00e9e":"2 minutes"},"schema":{"@context":"https:\/\/schema.org","@graph":[{"@type":"Article","@id":"https:\/\/infos-droitshumains.net\/?p=9647#article","isPartOf":{"@id":"https:\/\/infos-droitshumains.net\/?p=9647"},"author":{"name":"Jo\u00ebl Diawa","@id":"https:\/\/infos-droitshumains.net\/#\/schema\/person\/3dc5e921c3302172e0ed4362f96faab7"},"headline":"RDC\u00a0: \u00ab\u00a0La nomination de Judith Tuluka Suminwa est une \u00e9tape significative vers l&rsquo;\u00e9galit\u00e9 des genres et le renforcement du leadership f\u00e9minin (JDH)","datePublished":"2024-04-02T18:55:11+00:00","dateModified":"2024-04-02T22:40:45+00:00","mainEntityOfPage":{"@id":"https:\/\/infos-droitshumains.net\/?p=9647"},"wordCount":368,"commentCount":0,"publisher":{"@id":"https:\/\/infos-droitshumains.net\/#organization"},"image":{"@id":"https:\/\/infos-droitshumains.net\/?p=9647#primaryimage"},"thumbnailUrl":"https:\/\/i0.wp.com\/infos-droitshumains.net\/wp-content\/uploads\/2024\/04\/20240402_75959.jpg?fit=800%2C600&ssl=1","articleSection":["Droits Humains"],"inLanguage":"fr-FR","potentialAction":[{"@type":"CommentAction","name":"Comment","target":["https:\/\/infos-droitshumains.net\/?p=9647#respond"]}]},{"@type":"WebPage","@id":"https:\/\/infos-droitshumains.net\/?p=9647","url":"https:\/\/infos-droitshumains.net\/?p=9647","name":"RDC\u00a0: \"La nomination de Judith Tuluka Suminwa est une \u00e9tape significative vers l'\u00e9galit\u00e9 des genres et le renforcement du leadership f\u00e9minin (JDH) - Infos Droits Humains","isPartOf":{"@id":"https:\/\/infos-droitshumains.net\/#website"},"primaryImageOfPage":{"@id":"https:\/\/infos-droitshumains.net\/?p=9647#primaryimage"},"image":{"@id":"https:\/\/infos-droitshumains.net\/?p=9647#primaryimage"},"thumbnailUrl":"https:\/\/i0.wp.com\/infos-droitshumains.net\/wp-content\/uploads\/2024\/04\/20240402_75959.jpg?fit=800%2C600&ssl=1","datePublished":"2024-04-02T18:55:11+00:00","dateModified":"2024-04-02T22:40:45+00:00","breadcrumb":{"@id":"https:\/\/infos-droitshumains.net\/?p=9647#breadcrumb"},"inLanguage":"fr-FR","potentialAction":[{"@type":"ReadAction","target":["https:\/\/infos-droitshumains.net\/?p=9647"]}]},{"@type":"ImageObject","inLanguage":"fr-FR","@id":"https:\/\/infos-droitshumains.net\/?p=9647#primaryimage","url":"https:\/\/i0.wp.com\/infos-droitshumains.net\/wp-content\/uploads\/2024\/04\/20240402_75959.jpg?fit=800%2C600&ssl=1","contentUrl":"https:\/\/i0.wp.com\/infos-droitshumains.net\/wp-content\/uploads\/2024\/04\/20240402_75959.jpg?fit=800%2C600&ssl=1","width":800,"height":600},{"@type":"BreadcrumbList","@id":"https:\/\/infos-droitshumains.net\/?p=9647#breadcrumb","itemListElement":[{"@type":"ListItem","position":1,"name":"Accueil","item":"https:\/\/infos-droitshumains.net\/"},{"@type":"ListItem","position":2,"name":"RDC\u00a0: \u00ab\u00a0La nomination de Judith Tuluka Suminwa est une \u00e9tape significative vers l&rsquo;\u00e9galit\u00e9 des genres et le renforcement du leadership f\u00e9minin (JDH)"}]},{"@type":"WebSite","@id":"https:\/\/infos-droitshumains.net\/#website","url":"https:\/\/infos-droitshumains.net\/","name":"Infos Droits Humains","description":"S&#039;informer est un droit","publisher":{"@id":"https:\/\/infos-droitshumains.net\/#organization"},"potentialAction":[{"@type":"SearchAction","target":{"@type":"EntryPoint","urlTemplate":"https:\/\/infos-droitshumains.net\/?s={search_term_string}"},"query-input":{"@type":"PropertyValueSpecification","valueRequired":true,"valueName":"search_term_string"}}],"inLanguage":"fr-FR"},{"@type":"Organization","@id":"https:\/\/infos-droitshumains.net\/#organization","name":"Infos Droits Humains","url":"https:\/\/infos-droitshumains.net\/","logo":{"@type":"ImageObject","inLanguage":"fr-FR","@id":"https:\/\/infos-droitshumains.net\/#\/schema\/logo\/image\/","url":"https:\/\/i0.wp.com\/infos-droitshumains.net\/wp-content\/uploads\/2022\/05\/Logo.png?fit=333%2C129&ssl=1","contentUrl":"https:\/\/i0.wp.com\/infos-droitshumains.net\/wp-content\/uploads\/2022\/05\/Logo.png?fit=333%2C129&ssl=1","width":333,"height":129,"caption":"Infos Droits Humains"},"image":{"@id":"https:\/\/infos-droitshumains.net\/#\/schema\/logo\/image\/"}},{"@type":"Person","@id":"https:\/\/infos-droitshumains.net\/#\/schema\/person\/3dc5e921c3302172e0ed4362f96faab7","name":"Jo\u00ebl Diawa","image":{"@type":"ImageObject","inLanguage":"fr-FR","@id":"https:\/\/secure.gravatar.com\/avatar\/729bea6ff4604c624417803c477363be8e3c7186deaa65713313f9b4b820f41c?s=96&d=mm&r=g","url":"https:\/\/secure.gravatar.com\/avatar\/729bea6ff4604c624417803c477363be8e3c7186deaa65713313f9b4b820f41c?s=96&d=mm&r=g","contentUrl":"https:\/\/secure.gravatar.com\/avatar\/729bea6ff4604c624417803c477363be8e3c7186deaa65713313f9b4b820f41c?s=96&d=mm&r=g","caption":"Jo\u00ebl Diawa"},"sameAs":["https:\/\/www.infos-droitshumains.net"],"url":"https:\/\/infos-droitshumains.net\/?author=2"}]}},"featured_image_urls":{"full":["https:\/\/i0.wp.com\/infos-droitshumains.net\/wp-content\/uploads\/2024\/04\/20240402_75959.jpg?fit=800%2C600&ssl=1",800,600,false],"thumbnail":["https:\/\/i0.wp.com\/infos-droitshumains.net\/wp-content\/uploads\/2024\/04\/20240402_75959.jpg?resize=150%2C150&ssl=1",150,150,true],"medium":["https:\/\/i0.wp.com\/infos-droitshumains.net\/wp-content\/uploads\/2024\/04\/20240402_75959.jpg?fit=300%2C225&ssl=1",300,225,true],"medium_large":["https:\/\/i0.wp.com\/infos-droitshumains.net\/wp-content\/uploads\/2024\/04\/20240402_75959.jpg?fit=640%2C480&ssl=1",640,480,true],"large":["https:\/\/i0.wp.com\/infos-droitshumains.net\/wp-content\/uploads\/2024\/04\/20240402_75959.jpg?fit=640%2C480&ssl=1",640,480,true],"1536x1536":["https:\/\/i0.wp.com\/infos-droitshumains.net\/wp-content\/uploads\/2024\/04\/20240402_75959.jpg?fit=800%2C600&ssl=1",800,600,true],"2048x2048":["https:\/\/i0.wp.com\/infos-droitshumains.net\/wp-content\/uploads\/2024\/04\/20240402_75959.jpg?fit=800%2C600&ssl=1",800,600,true],"covernews-slider-full":["https:\/\/i0.wp.com\/infos-droitshumains.net\/wp-content\/uploads\/2024\/04\/20240402_75959.jpg?resize=800%2C600&ssl=1",800,600,true],"covernews-slider-center":["https:\/\/i0.wp.com\/infos-droitshumains.net\/wp-content\/uploads\/2024\/04\/20240402_75959.jpg?resize=800%2C500&ssl=1",800,500,true],"covernews-featured":["https:\/\/i0.wp.com\/infos-droitshumains.net\/wp-content\/uploads\/2024\/04\/20240402_75959.jpg?fit=800%2C600&ssl=1",800,600,true],"covernews-medium":["https:\/\/i0.wp.com\/infos-droitshumains.net\/wp-content\/uploads\/2024\/04\/20240402_75959.jpg?resize=540%2C340&ssl=1",540,340,true],"covernews-medium-square":["https:\/\/i0.wp.com\/infos-droitshumains.net\/wp-content\/uploads\/2024\/04\/20240402_75959.jpg?resize=400%2C250&ssl=1",400,250,true]},"author_info":{"display_name":"Jo\u00ebl Diawa","author_link":"https:\/\/infos-droitshumains.net\/?author=2"},"category_info":"<a href=\"https:\/\/infos-droitshumains.net\/?cat=7\" rel=\"category\">Droits Humains<\/a>","tag_info":"Droits Humains","comment_count":"0","jetpack_featured_media_url":"https:\/\/i0.wp.com\/infos-droitshumains.net\/wp-content\/uploads\/2024\/04\/20240402_75959.jpg?fit=800%2C600&ssl=1","jetpack-related-posts":[],"jetpack_sharing_enabled":true,"_links":{"self":[{"href":"https:\/\/infos-droitshumains.net\/index.php?rest_route=\/wp\/v2\/posts\/9647","targetHints":{"allow":["GET"]}}],"collection":[{"href":"https:\/\/infos-droitshumains.net\/index.php?rest_route=\/wp\/v2\/posts"}],"about":[{"href":"https:\/\/infos-droitshumains.net\/index.php?rest_route=\/wp\/v2\/types\/post"}],"author":[{"embeddable":true,"href":"https:\/\/infos-droitshumains.net\/index.php?rest_route=\/wp\/v2\/users\/2"}],"replies":[{"embeddable":true,"href":"https:\/\/infos-droitshumains.net\/index.php?rest_route=%2Fwp%2Fv2%2Fcomments&post=9647"}],"version-history":[{"count":2,"href":"https:\/\/infos-droitshumains.net\/index.php?rest_route=\/wp\/v2\/posts\/9647\/revisions"}],"predecessor-version":[{"id":9652,"href":"https:\/\/infos-droitshumains.net\/index.php?rest_route=\/wp\/v2\/posts\/9647\/revisions\/9652"}],"wp:featuredmedia":[{"embeddable":true,"href":"https:\/\/infos-droitshumains.net\/index.php?rest_route=\/wp\/v2\/media\/9650"}],"wp:attachment":[{"href":"https:\/\/infos-droitshumains.net\/index.php?rest_route=%2Fwp%2Fv2%2Fmedia&parent=9647"}],"wp:term":[{"taxonomy":"category","embeddable":true,"href":"https:\/\/infos-droitshumains.net\/index.php?rest_route=%2Fwp%2Fv2%2Fcategories&post=9647"},{"taxonomy":"post_tag","embeddable":true,"href":"https:\/\/infos-droitshumains.net\/index.php?rest_route=%2Fwp%2Fv2%2Ftags&post=9647"}],"curies":[{"name":"wp","href":"https:\/\/api.w.org\/{rel}","templated":true}]}}