{"id":9529,"date":"2024-03-26T21:08:48","date_gmt":"2024-03-26T20:08:48","guid":{"rendered":"https:\/\/infos-droitshumains.net\/?p=9529"},"modified":"2024-03-26T21:18:27","modified_gmt":"2024-03-26T20:18:27","slug":"femmes-qui-inspirent-cherine-luzaisu-lusienge-une-lyceenne-de-luila-devenu-batonnier-le-parcours-dune-avocate-exemplaire","status":"publish","type":"post","link":"https:\/\/infos-droitshumains.net\/?p=9529","title":{"rendered":"Femmes qui inspirent\u00a0: Cherine Luzaisu Lusienge, une lyc\u00e9enne de Luila devenue B\u00e2tonnier. Le parcours d\u2019une avocate exemplaire"},"content":{"rendered":"\n<p><strong>R\u00e9daction:+243817406088<\/strong><\/p>\n\n\n\n<h4 class=\"wp-block-heading has-vivid-red-color has-text-color has-link-color wp-elements-5e2b41e020344567da4ead2f604857eb\">La rubrique \u2018\u2019Femmes qui inspirent\u2019\u2019 de la r\u00e9daction du Journal T\u00e9l\u00e9vis\u00e9 des Droits Humains met en lumi\u00e8re pour son neuvi\u00e8me num\u00e9ro, Me. Cherine Luzaisu Lusienge, B\u00e2tonnier de l\u2019ordre du barreau du Kongo-Central.<\/h4>\n\n\n\n<p>Apr\u00e8s avoir d\u00e9croch\u00e9 1990, son dipl\u00f4me d\u2019Etat en litt\u00e9raire au lyc\u00e9e Luila, Cherine Luzaisu prend l\u2019inscription \u00e0 l\u2019Universit\u00e9 Kongo (ex UNIBAZ) d\u2019o\u00f9 elle sortira &nbsp;en 1998 avec le titre de de Licence en droit public. Ce titre acad\u00e9mique lui a valu l\u2019inscription en mai 2000, au tableau de l\u2019ordre du Barreau du Kongo-Central (Ex Barreau de Matadi) comme avocate et depuis, elle y exerce sa profession de mani\u00e8re ininterrompue.<\/p>\n\n\n\n<p>Les comp\u00e9tences Cherine Luzaisu lui ont valu la promotion au sein de son barreau o\u00f9 elle a si\u00e9g\u00e9 comme membre du conseil de l\u2019ordre entre 2006 et 2019. Le sacre, c\u2019est son \u00e9lection en octobre 2021 comme B\u00e2tonnier du Barreau du Kongo-Central, faisant d\u2019elle, la premi\u00e8re femme b\u00e2tonnier de ce barreau et l\u2019une des rares en RDC et en Afrique.<\/p>\n\n\n\n<p>Cherine Luzaisu Lusienge draine aussi derri\u00e8re elle, une grande exp\u00e9rience internationale. Entre avril et mai 2011, &nbsp;elle a \u00e9t\u00e9 professionnelle invit\u00e9e \u00e0 la Cour P\u00e9nale Internationale (la Haye), affect\u00e9 au greffe. Inscrite en 2012 comme Conseil sur la liste de la Cour P\u00e9nale Internationale &nbsp;et Conseil\u2013consultant pour le Bureau Public des Conseils pour les Victimes, (OPCV)&nbsp; \u00e0 la Cour p\u00e9nale Internationale dans le cadre du proc\u00e8s du Procureur contre Bosco Ntaganda depuis janvier 2014. Avocat inscrit sur la liste des conseils de la Cour Africaine des droits de l\u2019homme &nbsp;et des peuples depuis Juillet 2022, elle a \u00e9t\u00e9 \u00e9galement experte&nbsp; de la RDC lors des assisses de mars 2018 aux nations unies en marge de la journ\u00e9e internationale des droits des femmes.<\/p>\n\n\n\n<p>Entre janvier 2013&nbsp; \u00e0 mars 2014, elle a travaill\u00e9 comme Point Focal -Consultante en&nbsp; droits de l\u2019homme dans la province du kongo central pour le compte de Human Right Watch.<\/p>\n\n\n\n<p>D\u00e9tentrice d\u2019un&nbsp; Master II&nbsp; en Droit du Cyberespace Africain&nbsp; de l\u2019Universit\u00e9 Gaston berger du S\u00e9n\u00e9gal depuis 2019 et soucieuse de perfectionner ses connaissances professionnelles, celle qui est surnomm\u00e9e par les intimes <em>\u00ab&nbsp;m\u00e8re Luza&nbsp;\u00bb <\/em>a en outre suivi plusieurs formations notamment sur le droit de l\u2019homme, le droit et protection de l\u2019environnement, Comprendre et analyser les enjeux et les actions du d\u00e9veloppement durable. Les derni\u00e8res ont \u00e9t\u00e9 organis\u00e9es par l\u2019institut de la francophonie pour le d\u00e9veloppement durable et l\u2019universit\u00e9 L\u00e9opold&nbsp; Senghor.<\/p>\n\n\n\n<p>En tant que juriste, Cherine Luzaisu Lusienge a une exp\u00e9rience av\u00e9r\u00e9e&nbsp; avec une connaissance approfondie du syst\u00e8me de la justice et administration congolaises, en droit p\u00e9nal, droit humanitaire, droit p\u00e9nal international, droit de l\u2019homme et de la justice p\u00e9nale internationale, droit des soci\u00e9t\u00e9s, droit du travail sur la proc\u00e9dure et questions d\u2019applicabilit\u00e9, droit bancaire en mati\u00e8re d\u2019hypoth\u00e8que, droit de l\u2019Ohada&nbsp; ainsi qu\u2019aux n\u00e9gociations&nbsp; aboutissant sur un r\u00e8glement \u00e0 l\u2019amiable. Ma\u00eetrise parfaite&nbsp; du code&nbsp; maritime congolais et vaste expertise des us et coutumes du droit maritime international.<\/p>\n\n\n\n<p>Avant d\u2019embrasser la profession d\u2019avocat, le b\u00e2tonnier Cherine Luzaisu a travaill\u00e9 entre juillet 1999 et janvier 2000 comme charg\u00e9e du personnel au bureau d\u2019\u00e9tudes BEETOR \u00e0 Kinshasa.<\/p>\n\n\n\n<p>Outre ses taches professionnelles, Madame le B\u00e2tonnier du barreau du Kongo-Central est aussi membres de plusieurs associations et activit\u00e9s professionnelles dont de l\u2019alliance Internationale des femmes Avocates (AIFA) et l\u2019Association du Barreau pr\u00e8s la CPI&nbsp; (ABPCI) dont elle est cofondatrice&nbsp;; association des femmes juristes congolaises Kongo Central (AFEJUCO), r\u00e9seau de la lutte contre les violences sexuelles et bas\u00e9es sur le genre. (Kongo Central), l\u2019Union Internationale des Avocats. (UIA), l\u2019association International de Droit P\u00e9nal (AIDP), le r\u00e9seau des avocats congolais du num\u00e9rique, le r\u00e9seau des acteurs congolais du num\u00e9rique, l\u2019acad\u00e9mie africaine de droit p\u00e9nal international, etc\u2026<\/p>\n\n\n\n<p>Une carri\u00e8re sonnante et \u00e9loquentes qui a valu \u00e0 <em>\u2018\u2019m\u00e8re Luza\u2019\u2019<\/em> plusieurs awards comme laur\u00e9ate du prix Excellence Ne kongo pour sa participation dans le plaidoyer en d\u00e9fense des enfants dits sorciers, prix mama awards 2013 (Prix panafricain de la promotion de la femme), meilleure femme avocate du Barreau du Kongo Central, prix Kanga Liputa&nbsp; Femme Juriste etc\u2026<\/p>\n\n\n\n<p>Merlin Kamalandua<\/p>\n","protected":false},"excerpt":{"rendered":"<p>R\u00e9daction:+243817406088 La rubrique \u2018\u2019Femmes qui inspirent\u2019\u2019 de la r\u00e9daction du Journal T\u00e9l\u00e9vis\u00e9 des Droits Humains&#8230;<\/p>\n","protected":false},"author":2,"featured_media":9532,"comment_status":"open","ping_status":"open","sticky":false,"template":"","format":"standard","meta":{"_jetpack_memberships_contains_paid_content":false,"footnotes":""},"categories":[6],"tags":[],"class_list":["post-9529","post","type-post","status-publish","format-standard","has-post-thumbnail","hentry","category-justice"],"yoast_head":"<!-- This site is optimized with the Yoast SEO plugin v27.5 - https:\/\/yoast.com\/product\/yoast-seo-wordpress\/ -->\n<title>Femmes qui inspirent\u00a0: Cherine Luzaisu Lusienge, une lyc\u00e9enne de Luila devenue B\u00e2tonnier. Le parcours d\u2019une avocate exemplaire - Infos Droits Humains<\/title>\n<meta name=\"robots\" content=\"index, follow, max-snippet:-1, max-image-preview:large, max-video-preview:-1\" \/>\n<link rel=\"canonical\" href=\"https:\/\/infos-droitshumains.net\/?p=9529\" \/>\n<meta property=\"og:locale\" content=\"fr_FR\" \/>\n<meta property=\"og:type\" content=\"article\" \/>\n<meta property=\"og:title\" content=\"Femmes qui inspirent\u00a0: Cherine Luzaisu Lusienge, une lyc\u00e9enne de Luila devenue B\u00e2tonnier. Le parcours d\u2019une avocate exemplaire - Infos Droits Humains\" \/>\n<meta property=\"og:description\" content=\"R\u00e9daction:+243817406088 La rubrique \u2018\u2019Femmes qui inspirent\u2019\u2019 de la r\u00e9daction du Journal T\u00e9l\u00e9vis\u00e9 des Droits Humains...\" \/>\n<meta property=\"og:url\" content=\"https:\/\/infos-droitshumains.net\/?p=9529\" \/>\n<meta property=\"og:site_name\" content=\"Infos Droits Humains\" \/>\n<meta property=\"article:published_time\" content=\"2024-03-26T20:08:48+00:00\" \/>\n<meta property=\"article:modified_time\" content=\"2024-03-26T20:18:27+00:00\" \/>\n<meta property=\"og:image\" content=\"https:\/\/infos-droitshumains.net\/wp-content\/uploads\/2024\/03\/images-57_1.jpeg\" \/>\n\t<meta property=\"og:image:width\" content=\"650\" \/>\n\t<meta property=\"og:image:height\" content=\"471\" \/>\n\t<meta property=\"og:image:type\" content=\"image\/jpeg\" \/>\n<meta name=\"author\" content=\"Jo\u00ebl Diawa\" \/>\n<meta name=\"twitter:card\" content=\"summary_large_image\" \/>\n<meta name=\"twitter:label1\" content=\"\u00c9crit par\" \/>\n\t<meta name=\"twitter:data1\" content=\"Jo\u00ebl Diawa\" \/>\n\t<meta name=\"twitter:label2\" content=\"Dur\u00e9e de lecture estim\u00e9e\" \/>\n\t<meta name=\"twitter:data2\" content=\"4 minutes\" \/>\n<script type=\"application\/ld+json\" class=\"yoast-schema-graph\">{\"@context\":\"https:\\\/\\\/schema.org\",\"@graph\":[{\"@type\":\"Article\",\"@id\":\"https:\\\/\\\/infos-droitshumains.net\\\/?p=9529#article\",\"isPartOf\":{\"@id\":\"https:\\\/\\\/infos-droitshumains.net\\\/?p=9529\"},\"author\":{\"name\":\"Jo\u00ebl Diawa\",\"@id\":\"https:\\\/\\\/infos-droitshumains.net\\\/#\\\/schema\\\/person\\\/3dc5e921c3302172e0ed4362f96faab7\"},\"headline\":\"Femmes qui inspirent\u00a0: Cherine Luzaisu Lusienge, une lyc\u00e9enne de Luila devenue B\u00e2tonnier. Le parcours d\u2019une avocate exemplaire\",\"datePublished\":\"2024-03-26T20:08:48+00:00\",\"dateModified\":\"2024-03-26T20:18:27+00:00\",\"mainEntityOfPage\":{\"@id\":\"https:\\\/\\\/infos-droitshumains.net\\\/?p=9529\"},\"wordCount\":785,\"commentCount\":0,\"publisher\":{\"@id\":\"https:\\\/\\\/infos-droitshumains.net\\\/#organization\"},\"image\":{\"@id\":\"https:\\\/\\\/infos-droitshumains.net\\\/?p=9529#primaryimage\"},\"thumbnailUrl\":\"https:\\\/\\\/i0.wp.com\\\/infos-droitshumains.net\\\/wp-content\\\/uploads\\\/2024\\\/03\\\/images-57_1.jpeg?fit=650%2C471&ssl=1\",\"articleSection\":[\"Justice\"],\"inLanguage\":\"fr-FR\",\"potentialAction\":[{\"@type\":\"CommentAction\",\"name\":\"Comment\",\"target\":[\"https:\\\/\\\/infos-droitshumains.net\\\/?p=9529#respond\"]}]},{\"@type\":\"WebPage\",\"@id\":\"https:\\\/\\\/infos-droitshumains.net\\\/?p=9529\",\"url\":\"https:\\\/\\\/infos-droitshumains.net\\\/?p=9529\",\"name\":\"Femmes qui inspirent\u00a0: Cherine Luzaisu Lusienge, une lyc\u00e9enne de Luila devenue B\u00e2tonnier. Le parcours d\u2019une avocate exemplaire - Infos Droits Humains\",\"isPartOf\":{\"@id\":\"https:\\\/\\\/infos-droitshumains.net\\\/#website\"},\"primaryImageOfPage\":{\"@id\":\"https:\\\/\\\/infos-droitshumains.net\\\/?p=9529#primaryimage\"},\"image\":{\"@id\":\"https:\\\/\\\/infos-droitshumains.net\\\/?p=9529#primaryimage\"},\"thumbnailUrl\":\"https:\\\/\\\/i0.wp.com\\\/infos-droitshumains.net\\\/wp-content\\\/uploads\\\/2024\\\/03\\\/images-57_1.jpeg?fit=650%2C471&ssl=1\",\"datePublished\":\"2024-03-26T20:08:48+00:00\",\"dateModified\":\"2024-03-26T20:18:27+00:00\",\"breadcrumb\":{\"@id\":\"https:\\\/\\\/infos-droitshumains.net\\\/?p=9529#breadcrumb\"},\"inLanguage\":\"fr-FR\",\"potentialAction\":[{\"@type\":\"ReadAction\",\"target\":[\"https:\\\/\\\/infos-droitshumains.net\\\/?p=9529\"]}]},{\"@type\":\"ImageObject\",\"inLanguage\":\"fr-FR\",\"@id\":\"https:\\\/\\\/infos-droitshumains.net\\\/?p=9529#primaryimage\",\"url\":\"https:\\\/\\\/i0.wp.com\\\/infos-droitshumains.net\\\/wp-content\\\/uploads\\\/2024\\\/03\\\/images-57_1.jpeg?fit=650%2C471&ssl=1\",\"contentUrl\":\"https:\\\/\\\/i0.wp.com\\\/infos-droitshumains.net\\\/wp-content\\\/uploads\\\/2024\\\/03\\\/images-57_1.jpeg?fit=650%2C471&ssl=1\",\"width\":650,\"height\":471},{\"@type\":\"BreadcrumbList\",\"@id\":\"https:\\\/\\\/infos-droitshumains.net\\\/?p=9529#breadcrumb\",\"itemListElement\":[{\"@type\":\"ListItem\",\"position\":1,\"name\":\"Accueil\",\"item\":\"https:\\\/\\\/infos-droitshumains.net\\\/\"},{\"@type\":\"ListItem\",\"position\":2,\"name\":\"Femmes qui inspirent\u00a0: Cherine Luzaisu Lusienge, une lyc\u00e9enne de Luila devenue B\u00e2tonnier. Le parcours d\u2019une avocate exemplaire\"}]},{\"@type\":\"WebSite\",\"@id\":\"https:\\\/\\\/infos-droitshumains.net\\\/#website\",\"url\":\"https:\\\/\\\/infos-droitshumains.net\\\/\",\"name\":\"Infos Droits Humains\",\"description\":\"S&#039;informer est un droit\",\"publisher\":{\"@id\":\"https:\\\/\\\/infos-droitshumains.net\\\/#organization\"},\"potentialAction\":[{\"@type\":\"SearchAction\",\"target\":{\"@type\":\"EntryPoint\",\"urlTemplate\":\"https:\\\/\\\/infos-droitshumains.net\\\/?s={search_term_string}\"},\"query-input\":{\"@type\":\"PropertyValueSpecification\",\"valueRequired\":true,\"valueName\":\"search_term_string\"}}],\"inLanguage\":\"fr-FR\"},{\"@type\":\"Organization\",\"@id\":\"https:\\\/\\\/infos-droitshumains.net\\\/#organization\",\"name\":\"Infos Droits Humains\",\"url\":\"https:\\\/\\\/infos-droitshumains.net\\\/\",\"logo\":{\"@type\":\"ImageObject\",\"inLanguage\":\"fr-FR\",\"@id\":\"https:\\\/\\\/infos-droitshumains.net\\\/#\\\/schema\\\/logo\\\/image\\\/\",\"url\":\"https:\\\/\\\/i0.wp.com\\\/infos-droitshumains.net\\\/wp-content\\\/uploads\\\/2022\\\/05\\\/Logo.png?fit=333%2C129&ssl=1\",\"contentUrl\":\"https:\\\/\\\/i0.wp.com\\\/infos-droitshumains.net\\\/wp-content\\\/uploads\\\/2022\\\/05\\\/Logo.png?fit=333%2C129&ssl=1\",\"width\":333,\"height\":129,\"caption\":\"Infos Droits Humains\"},\"image\":{\"@id\":\"https:\\\/\\\/infos-droitshumains.net\\\/#\\\/schema\\\/logo\\\/image\\\/\"}},{\"@type\":\"Person\",\"@id\":\"https:\\\/\\\/infos-droitshumains.net\\\/#\\\/schema\\\/person\\\/3dc5e921c3302172e0ed4362f96faab7\",\"name\":\"Jo\u00ebl Diawa\",\"image\":{\"@type\":\"ImageObject\",\"inLanguage\":\"fr-FR\",\"@id\":\"https:\\\/\\\/secure.gravatar.com\\\/avatar\\\/729bea6ff4604c624417803c477363be8e3c7186deaa65713313f9b4b820f41c?s=96&d=mm&r=g\",\"url\":\"https:\\\/\\\/secure.gravatar.com\\\/avatar\\\/729bea6ff4604c624417803c477363be8e3c7186deaa65713313f9b4b820f41c?s=96&d=mm&r=g\",\"contentUrl\":\"https:\\\/\\\/secure.gravatar.com\\\/avatar\\\/729bea6ff4604c624417803c477363be8e3c7186deaa65713313f9b4b820f41c?s=96&d=mm&r=g\",\"caption\":\"Jo\u00ebl Diawa\"},\"sameAs\":[\"https:\\\/\\\/www.infos-droitshumains.net\"],\"url\":\"https:\\\/\\\/infos-droitshumains.net\\\/?author=2\"}]}<\/script>\n<!-- \/ Yoast SEO plugin. -->","yoast_head_json":{"title":"Femmes qui inspirent\u00a0: Cherine Luzaisu Lusienge, une lyc\u00e9enne de Luila devenue B\u00e2tonnier. Le parcours d\u2019une avocate exemplaire - Infos Droits Humains","robots":{"index":"index","follow":"follow","max-snippet":"max-snippet:-1","max-image-preview":"max-image-preview:large","max-video-preview":"max-video-preview:-1"},"canonical":"https:\/\/infos-droitshumains.net\/?p=9529","og_locale":"fr_FR","og_type":"article","og_title":"Femmes qui inspirent\u00a0: Cherine Luzaisu Lusienge, une lyc\u00e9enne de Luila devenue B\u00e2tonnier. Le parcours d\u2019une avocate exemplaire - Infos Droits Humains","og_description":"R\u00e9daction:+243817406088 La rubrique \u2018\u2019Femmes qui inspirent\u2019\u2019 de la r\u00e9daction du Journal T\u00e9l\u00e9vis\u00e9 des Droits Humains...","og_url":"https:\/\/infos-droitshumains.net\/?p=9529","og_site_name":"Infos Droits Humains","article_published_time":"2024-03-26T20:08:48+00:00","article_modified_time":"2024-03-26T20:18:27+00:00","og_image":[{"width":650,"height":471,"url":"https:\/\/infos-droitshumains.net\/wp-content\/uploads\/2024\/03\/images-57_1.jpeg","type":"image\/jpeg"}],"author":"Jo\u00ebl Diawa","twitter_card":"summary_large_image","twitter_misc":{"\u00c9crit par":"Jo\u00ebl Diawa","Dur\u00e9e de lecture estim\u00e9e":"4 minutes"},"schema":{"@context":"https:\/\/schema.org","@graph":[{"@type":"Article","@id":"https:\/\/infos-droitshumains.net\/?p=9529#article","isPartOf":{"@id":"https:\/\/infos-droitshumains.net\/?p=9529"},"author":{"name":"Jo\u00ebl Diawa","@id":"https:\/\/infos-droitshumains.net\/#\/schema\/person\/3dc5e921c3302172e0ed4362f96faab7"},"headline":"Femmes qui inspirent\u00a0: Cherine Luzaisu Lusienge, une lyc\u00e9enne de Luila devenue B\u00e2tonnier. Le parcours d\u2019une avocate exemplaire","datePublished":"2024-03-26T20:08:48+00:00","dateModified":"2024-03-26T20:18:27+00:00","mainEntityOfPage":{"@id":"https:\/\/infos-droitshumains.net\/?p=9529"},"wordCount":785,"commentCount":0,"publisher":{"@id":"https:\/\/infos-droitshumains.net\/#organization"},"image":{"@id":"https:\/\/infos-droitshumains.net\/?p=9529#primaryimage"},"thumbnailUrl":"https:\/\/i0.wp.com\/infos-droitshumains.net\/wp-content\/uploads\/2024\/03\/images-57_1.jpeg?fit=650%2C471&ssl=1","articleSection":["Justice"],"inLanguage":"fr-FR","potentialAction":[{"@type":"CommentAction","name":"Comment","target":["https:\/\/infos-droitshumains.net\/?p=9529#respond"]}]},{"@type":"WebPage","@id":"https:\/\/infos-droitshumains.net\/?p=9529","url":"https:\/\/infos-droitshumains.net\/?p=9529","name":"Femmes qui inspirent\u00a0: Cherine Luzaisu Lusienge, une lyc\u00e9enne de Luila devenue B\u00e2tonnier. Le parcours d\u2019une avocate exemplaire - Infos Droits Humains","isPartOf":{"@id":"https:\/\/infos-droitshumains.net\/#website"},"primaryImageOfPage":{"@id":"https:\/\/infos-droitshumains.net\/?p=9529#primaryimage"},"image":{"@id":"https:\/\/infos-droitshumains.net\/?p=9529#primaryimage"},"thumbnailUrl":"https:\/\/i0.wp.com\/infos-droitshumains.net\/wp-content\/uploads\/2024\/03\/images-57_1.jpeg?fit=650%2C471&ssl=1","datePublished":"2024-03-26T20:08:48+00:00","dateModified":"2024-03-26T20:18:27+00:00","breadcrumb":{"@id":"https:\/\/infos-droitshumains.net\/?p=9529#breadcrumb"},"inLanguage":"fr-FR","potentialAction":[{"@type":"ReadAction","target":["https:\/\/infos-droitshumains.net\/?p=9529"]}]},{"@type":"ImageObject","inLanguage":"fr-FR","@id":"https:\/\/infos-droitshumains.net\/?p=9529#primaryimage","url":"https:\/\/i0.wp.com\/infos-droitshumains.net\/wp-content\/uploads\/2024\/03\/images-57_1.jpeg?fit=650%2C471&ssl=1","contentUrl":"https:\/\/i0.wp.com\/infos-droitshumains.net\/wp-content\/uploads\/2024\/03\/images-57_1.jpeg?fit=650%2C471&ssl=1","width":650,"height":471},{"@type":"BreadcrumbList","@id":"https:\/\/infos-droitshumains.net\/?p=9529#breadcrumb","itemListElement":[{"@type":"ListItem","position":1,"name":"Accueil","item":"https:\/\/infos-droitshumains.net\/"},{"@type":"ListItem","position":2,"name":"Femmes qui inspirent\u00a0: Cherine Luzaisu Lusienge, une lyc\u00e9enne de Luila devenue B\u00e2tonnier. Le parcours d\u2019une avocate exemplaire"}]},{"@type":"WebSite","@id":"https:\/\/infos-droitshumains.net\/#website","url":"https:\/\/infos-droitshumains.net\/","name":"Infos Droits Humains","description":"S&#039;informer est un droit","publisher":{"@id":"https:\/\/infos-droitshumains.net\/#organization"},"potentialAction":[{"@type":"SearchAction","target":{"@type":"EntryPoint","urlTemplate":"https:\/\/infos-droitshumains.net\/?s={search_term_string}"},"query-input":{"@type":"PropertyValueSpecification","valueRequired":true,"valueName":"search_term_string"}}],"inLanguage":"fr-FR"},{"@type":"Organization","@id":"https:\/\/infos-droitshumains.net\/#organization","name":"Infos Droits Humains","url":"https:\/\/infos-droitshumains.net\/","logo":{"@type":"ImageObject","inLanguage":"fr-FR","@id":"https:\/\/infos-droitshumains.net\/#\/schema\/logo\/image\/","url":"https:\/\/i0.wp.com\/infos-droitshumains.net\/wp-content\/uploads\/2022\/05\/Logo.png?fit=333%2C129&ssl=1","contentUrl":"https:\/\/i0.wp.com\/infos-droitshumains.net\/wp-content\/uploads\/2022\/05\/Logo.png?fit=333%2C129&ssl=1","width":333,"height":129,"caption":"Infos Droits Humains"},"image":{"@id":"https:\/\/infos-droitshumains.net\/#\/schema\/logo\/image\/"}},{"@type":"Person","@id":"https:\/\/infos-droitshumains.net\/#\/schema\/person\/3dc5e921c3302172e0ed4362f96faab7","name":"Jo\u00ebl Diawa","image":{"@type":"ImageObject","inLanguage":"fr-FR","@id":"https:\/\/secure.gravatar.com\/avatar\/729bea6ff4604c624417803c477363be8e3c7186deaa65713313f9b4b820f41c?s=96&d=mm&r=g","url":"https:\/\/secure.gravatar.com\/avatar\/729bea6ff4604c624417803c477363be8e3c7186deaa65713313f9b4b820f41c?s=96&d=mm&r=g","contentUrl":"https:\/\/secure.gravatar.com\/avatar\/729bea6ff4604c624417803c477363be8e3c7186deaa65713313f9b4b820f41c?s=96&d=mm&r=g","caption":"Jo\u00ebl Diawa"},"sameAs":["https:\/\/www.infos-droitshumains.net"],"url":"https:\/\/infos-droitshumains.net\/?author=2"}]}},"featured_image_urls":{"full":["https:\/\/i0.wp.com\/infos-droitshumains.net\/wp-content\/uploads\/2024\/03\/images-57_1.jpeg?fit=650%2C471&ssl=1",650,471,false],"thumbnail":["https:\/\/i0.wp.com\/infos-droitshumains.net\/wp-content\/uploads\/2024\/03\/images-57_1.jpeg?resize=150%2C150&ssl=1",150,150,true],"medium":["https:\/\/i0.wp.com\/infos-droitshumains.net\/wp-content\/uploads\/2024\/03\/images-57_1.jpeg?fit=300%2C217&ssl=1",300,217,true],"medium_large":["https:\/\/i0.wp.com\/infos-droitshumains.net\/wp-content\/uploads\/2024\/03\/images-57_1.jpeg?fit=640%2C464&ssl=1",640,464,true],"large":["https:\/\/i0.wp.com\/infos-droitshumains.net\/wp-content\/uploads\/2024\/03\/images-57_1.jpeg?fit=640%2C464&ssl=1",640,464,true],"1536x1536":["https:\/\/i0.wp.com\/infos-droitshumains.net\/wp-content\/uploads\/2024\/03\/images-57_1.jpeg?fit=650%2C471&ssl=1",650,471,true],"2048x2048":["https:\/\/i0.wp.com\/infos-droitshumains.net\/wp-content\/uploads\/2024\/03\/images-57_1.jpeg?fit=650%2C471&ssl=1",650,471,true],"covernews-slider-full":["https:\/\/i0.wp.com\/infos-droitshumains.net\/wp-content\/uploads\/2024\/03\/images-57_1.jpeg?resize=650%2C471&ssl=1",650,471,true],"covernews-slider-center":["https:\/\/i0.wp.com\/infos-droitshumains.net\/wp-content\/uploads\/2024\/03\/images-57_1.jpeg?resize=650%2C471&ssl=1",650,471,true],"covernews-featured":["https:\/\/i0.wp.com\/infos-droitshumains.net\/wp-content\/uploads\/2024\/03\/images-57_1.jpeg?fit=650%2C471&ssl=1",650,471,true],"covernews-medium":["https:\/\/i0.wp.com\/infos-droitshumains.net\/wp-content\/uploads\/2024\/03\/images-57_1.jpeg?resize=540%2C340&ssl=1",540,340,true],"covernews-medium-square":["https:\/\/i0.wp.com\/infos-droitshumains.net\/wp-content\/uploads\/2024\/03\/images-57_1.jpeg?resize=400%2C250&ssl=1",400,250,true]},"author_info":{"display_name":"Jo\u00ebl Diawa","author_link":"https:\/\/infos-droitshumains.net\/?author=2"},"category_info":"<a href=\"https:\/\/infos-droitshumains.net\/?cat=6\" rel=\"category\">Justice<\/a>","tag_info":"Justice","comment_count":"0","jetpack_featured_media_url":"https:\/\/i0.wp.com\/infos-droitshumains.net\/wp-content\/uploads\/2024\/03\/images-57_1.jpeg?fit=650%2C471&ssl=1","jetpack-related-posts":[],"jetpack_sharing_enabled":true,"_links":{"self":[{"href":"https:\/\/infos-droitshumains.net\/index.php?rest_route=\/wp\/v2\/posts\/9529","targetHints":{"allow":["GET"]}}],"collection":[{"href":"https:\/\/infos-droitshumains.net\/index.php?rest_route=\/wp\/v2\/posts"}],"about":[{"href":"https:\/\/infos-droitshumains.net\/index.php?rest_route=\/wp\/v2\/types\/post"}],"author":[{"embeddable":true,"href":"https:\/\/infos-droitshumains.net\/index.php?rest_route=\/wp\/v2\/users\/2"}],"replies":[{"embeddable":true,"href":"https:\/\/infos-droitshumains.net\/index.php?rest_route=%2Fwp%2Fv2%2Fcomments&post=9529"}],"version-history":[{"count":2,"href":"https:\/\/infos-droitshumains.net\/index.php?rest_route=\/wp\/v2\/posts\/9529\/revisions"}],"predecessor-version":[{"id":9531,"href":"https:\/\/infos-droitshumains.net\/index.php?rest_route=\/wp\/v2\/posts\/9529\/revisions\/9531"}],"wp:featuredmedia":[{"embeddable":true,"href":"https:\/\/infos-droitshumains.net\/index.php?rest_route=\/wp\/v2\/media\/9532"}],"wp:attachment":[{"href":"https:\/\/infos-droitshumains.net\/index.php?rest_route=%2Fwp%2Fv2%2Fmedia&parent=9529"}],"wp:term":[{"taxonomy":"category","embeddable":true,"href":"https:\/\/infos-droitshumains.net\/index.php?rest_route=%2Fwp%2Fv2%2Fcategories&post=9529"},{"taxonomy":"post_tag","embeddable":true,"href":"https:\/\/infos-droitshumains.net\/index.php?rest_route=%2Fwp%2Fv2%2Ftags&post=9529"}],"curies":[{"name":"wp","href":"https:\/\/api.w.org\/{rel}","templated":true}]}}