{"id":9508,"date":"2024-03-26T11:27:43","date_gmt":"2024-03-26T10:27:43","guid":{"rendered":"https:\/\/infos-droitshumains.net\/?p=9508"},"modified":"2024-03-26T12:47:44","modified_gmt":"2024-03-26T11:47:44","slug":"18eme-conference-des-batonniers-de-la-rdc-jean-claude-mbaki-plaide-pour-la-protection-des-batonniers-apres-lexercice-de-son-mandat","status":"publish","type":"post","link":"https:\/\/infos-droitshumains.net\/?p=9508","title":{"rendered":"18\u00e8me conf\u00e9rence des b\u00e2tonniers de la RDC\u00a0: Le B\u00e2tonnier Jean-Claude Mbaki plaide pour la protection du b\u00e2tonnier apr\u00e8s l\u2019exercice de son mandat"},"content":{"rendered":"\n<p><strong>R\u00e9daction:+243817406088<\/strong><\/p>\n\n\n\n<h4 class=\"wp-block-heading has-vivid-red-color has-text-color has-link-color wp-elements-095d79cca0908735fbcb9a20376cd81a\">Dans le cadre de la 18<sup>\u00e8me<\/sup> conf\u00e9rence des b\u00e2tonniers et l\u2019Assembl\u00e9e G\u00e9n\u00e9rale ordinaire de l\u2019Ordre National des Avocats s\u2019est ouverte ce lundi 25 mars 2024 \u00e0 Kinshasa, Me. Jean-Claude Mbaki Siluzaku &nbsp;qui reste pr\u00e9occup\u00e9 par le statut d\u2019ancien b\u00e2tonnier a, dans une r\u00e9flexion, formuler un plaidoyer coul\u00e9 sous forme d\u2019une proposition. Il s\u2019agit de la cr\u00e9ation d\u2019un comit\u00e9 des sages au sein des barreaux.<\/h4>\n\n\n\n<p>Le b\u00e2tonnier de l\u2019ordre du barreau de Kinshasa\/Gombe dit ne pas plaider pour une <em>\u00ab&nbsp;immunit\u00e9 des poursuites \u00e0 charge d\u2019un b\u00e2tonnier&nbsp;\u00bb<\/em>&nbsp;mais plut\u00f4t, il s\u2019est interrog\u00e9 sur <em>\u00ab&nbsp;le devenir du b\u00e2tonnier apr\u00e8s l\u2019accomplissement de son ou de ses mandats&nbsp;\u00bb<\/em> lui qui estime que <em>\u00ab&nbsp;le b\u00e2tonnier tue le b\u00e2tonnier&nbsp;\u00bb<\/em>&nbsp;; <em>\u00ab&nbsp;le b\u00e2tonnier d\u00e9sacralise le b\u00e2tonnier&nbsp;\u00bb<\/em>.<\/p>\n\n\n\n<p><em>\u00ab&nbsp;D\u00e8s qu\u2019un b\u00e2tonnier est \u00e9lu, parmi ses objectifs qu\u2019il se fixe&nbsp;; comment descendre celui qui l\u2019a pr\u00e9c\u00e9d\u00e9, \u00e7a devient m\u00eame comme un objectif de son mandat. Et m\u00eame celui qui est parti, comme raison de vivre, comment torpiller celui qui le succ\u00e8de, comment lui jeter les peaux de banane\u2026 Beaucoup des b\u00e2tonniers sont morts parce qu\u2019ils ont \u00e9t\u00e9 tellement attrist\u00e9s du comportement de leurs successeur ou de leurs pr\u00e9d\u00e9cesseur&nbsp;\u00bb<\/em>, a d\u00e9nonc\u00e9 le B\u00e2tonnier Mbaki.<\/p>\n\n\n\n<p>Au-del\u00e0 des d\u00e9f\u00e9rences pense-il, ce que le B\u00e2tonnier exercice comme travail <em>\u00ab&nbsp;une mis\u00e8re&nbsp;\u00bb<\/em>, car passant <em>\u00ab&nbsp;40 \u00e0 60% de son temps au barreau&nbsp;\u00bb<\/em>. <em>\u00ab&nbsp;Vous achevez un, ou deux mandats, croyant avoir accompli ou rendu service au barreau, on vous pourchasse, on vous cr\u00e9er encore des mis\u00e8res&nbsp;\u00bb<\/em>, a en outre regrett\u00e9 le B\u00e2tonnier de Kinshasa\/Gombe qui a propos\u00e9 pour palier \u00e0 cette situation, <em>\u00ab&nbsp;la cr\u00e9ation d\u2019une structure informelle, une sorte de comit\u00e9 des sages compos\u00e9e d\u2019anciens b\u00e2tonniers de sorte que lorsqu\u2019il y a un cas o\u00f9 l\u2019on veut ouvrir des mesures disciplinaire contre un b\u00e2tonnier qui n\u2019est plus en fonction, qu\u2019on puisse consulter ce comit\u00e9 des sages pour voir s\u2019il y a lieu de poursuivre un b\u00e2tonnier&nbsp;; parce qu\u2019il y a des cas qui rel\u00e8vent de la l\u00e9g\u00e8ret\u00e9&nbsp;\u00bb<\/em>, a d\u00e9clar\u00e9 Jean-Claude Mbaki.<\/p>\n\n\n\n<p>Cette pr\u00e9occupation avait \u00e9t\u00e9 adopt\u00e9e et inscrite \u00e0 l\u2019ordre du jour et l\u2019auteur se dit satisfait de <em>\u00ab&nbsp;soulever la question de l\u2019avenir de celui qui, pendant un temps, s\u2019est consacr\u00e9 au service de ses pairs&nbsp;\u00bb<\/em>.<\/p>\n\n\n\n<p>Jo\u00ebl Diawa<\/p>\n","protected":false},"excerpt":{"rendered":"<p>R\u00e9daction:+243817406088 Dans le cadre de la 18\u00e8me conf\u00e9rence des b\u00e2tonniers et l\u2019Assembl\u00e9e G\u00e9n\u00e9rale ordinaire de&#8230;<\/p>\n","protected":false},"author":2,"featured_media":9526,"comment_status":"open","ping_status":"open","sticky":false,"template":"","format":"standard","meta":{"_jetpack_memberships_contains_paid_content":false,"footnotes":""},"categories":[6],"tags":[],"class_list":["post-9508","post","type-post","status-publish","format-standard","has-post-thumbnail","hentry","category-justice"],"yoast_head":"<!-- This site is optimized with the Yoast SEO plugin v27.5 - https:\/\/yoast.com\/product\/yoast-seo-wordpress\/ -->\n<title>18\u00e8me conf\u00e9rence des b\u00e2tonniers de la RDC\u00a0: Le B\u00e2tonnier Jean-Claude Mbaki plaide pour la protection du b\u00e2tonnier apr\u00e8s l\u2019exercice de son mandat - Infos Droits Humains<\/title>\n<meta name=\"robots\" content=\"index, follow, max-snippet:-1, max-image-preview:large, max-video-preview:-1\" \/>\n<link rel=\"canonical\" href=\"https:\/\/infos-droitshumains.net\/?p=9508\" \/>\n<meta property=\"og:locale\" content=\"fr_FR\" \/>\n<meta property=\"og:type\" content=\"article\" \/>\n<meta property=\"og:title\" content=\"18\u00e8me conf\u00e9rence des b\u00e2tonniers de la RDC\u00a0: Le B\u00e2tonnier Jean-Claude Mbaki plaide pour la protection du b\u00e2tonnier apr\u00e8s l\u2019exercice de son mandat - Infos Droits Humains\" \/>\n<meta property=\"og:description\" content=\"R\u00e9daction:+243817406088 Dans le cadre de la 18\u00e8me conf\u00e9rence des b\u00e2tonniers et l\u2019Assembl\u00e9e G\u00e9n\u00e9rale ordinaire de...\" \/>\n<meta property=\"og:url\" content=\"https:\/\/infos-droitshumains.net\/?p=9508\" \/>\n<meta property=\"og:site_name\" content=\"Infos Droits Humains\" \/>\n<meta property=\"article:published_time\" content=\"2024-03-26T10:27:43+00:00\" \/>\n<meta property=\"article:modified_time\" content=\"2024-03-26T11:47:44+00:00\" \/>\n<meta property=\"og:image\" content=\"https:\/\/infos-droitshumains.net\/wp-content\/uploads\/2024\/03\/IMG-20240326-WA0032_1.jpg\" \/>\n\t<meta property=\"og:image:width\" content=\"960\" \/>\n\t<meta property=\"og:image:height\" content=\"544\" \/>\n\t<meta property=\"og:image:type\" content=\"image\/jpeg\" \/>\n<meta name=\"author\" content=\"Jo\u00ebl Diawa\" \/>\n<meta name=\"twitter:card\" content=\"summary_large_image\" \/>\n<meta name=\"twitter:label1\" content=\"\u00c9crit par\" \/>\n\t<meta name=\"twitter:data1\" content=\"Jo\u00ebl Diawa\" \/>\n\t<meta name=\"twitter:label2\" content=\"Dur\u00e9e de lecture estim\u00e9e\" \/>\n\t<meta name=\"twitter:data2\" content=\"3 minutes\" \/>\n<script type=\"application\/ld+json\" class=\"yoast-schema-graph\">{\"@context\":\"https:\\\/\\\/schema.org\",\"@graph\":[{\"@type\":\"Article\",\"@id\":\"https:\\\/\\\/infos-droitshumains.net\\\/?p=9508#article\",\"isPartOf\":{\"@id\":\"https:\\\/\\\/infos-droitshumains.net\\\/?p=9508\"},\"author\":{\"name\":\"Jo\u00ebl Diawa\",\"@id\":\"https:\\\/\\\/infos-droitshumains.net\\\/#\\\/schema\\\/person\\\/3dc5e921c3302172e0ed4362f96faab7\"},\"headline\":\"18\u00e8me conf\u00e9rence des b\u00e2tonniers de la RDC\u00a0: Le B\u00e2tonnier Jean-Claude Mbaki plaide pour la protection du b\u00e2tonnier apr\u00e8s l\u2019exercice de son mandat\",\"datePublished\":\"2024-03-26T10:27:43+00:00\",\"dateModified\":\"2024-03-26T11:47:44+00:00\",\"mainEntityOfPage\":{\"@id\":\"https:\\\/\\\/infos-droitshumains.net\\\/?p=9508\"},\"wordCount\":485,\"commentCount\":0,\"publisher\":{\"@id\":\"https:\\\/\\\/infos-droitshumains.net\\\/#organization\"},\"image\":{\"@id\":\"https:\\\/\\\/infos-droitshumains.net\\\/?p=9508#primaryimage\"},\"thumbnailUrl\":\"https:\\\/\\\/i0.wp.com\\\/infos-droitshumains.net\\\/wp-content\\\/uploads\\\/2024\\\/03\\\/IMG-20240326-WA0032_1.jpg?fit=960%2C544&ssl=1\",\"articleSection\":[\"Justice\"],\"inLanguage\":\"fr-FR\",\"potentialAction\":[{\"@type\":\"CommentAction\",\"name\":\"Comment\",\"target\":[\"https:\\\/\\\/infos-droitshumains.net\\\/?p=9508#respond\"]}]},{\"@type\":\"WebPage\",\"@id\":\"https:\\\/\\\/infos-droitshumains.net\\\/?p=9508\",\"url\":\"https:\\\/\\\/infos-droitshumains.net\\\/?p=9508\",\"name\":\"18\u00e8me conf\u00e9rence des b\u00e2tonniers de la RDC\u00a0: Le B\u00e2tonnier Jean-Claude Mbaki plaide pour la protection du b\u00e2tonnier apr\u00e8s l\u2019exercice de son mandat - Infos Droits Humains\",\"isPartOf\":{\"@id\":\"https:\\\/\\\/infos-droitshumains.net\\\/#website\"},\"primaryImageOfPage\":{\"@id\":\"https:\\\/\\\/infos-droitshumains.net\\\/?p=9508#primaryimage\"},\"image\":{\"@id\":\"https:\\\/\\\/infos-droitshumains.net\\\/?p=9508#primaryimage\"},\"thumbnailUrl\":\"https:\\\/\\\/i0.wp.com\\\/infos-droitshumains.net\\\/wp-content\\\/uploads\\\/2024\\\/03\\\/IMG-20240326-WA0032_1.jpg?fit=960%2C544&ssl=1\",\"datePublished\":\"2024-03-26T10:27:43+00:00\",\"dateModified\":\"2024-03-26T11:47:44+00:00\",\"breadcrumb\":{\"@id\":\"https:\\\/\\\/infos-droitshumains.net\\\/?p=9508#breadcrumb\"},\"inLanguage\":\"fr-FR\",\"potentialAction\":[{\"@type\":\"ReadAction\",\"target\":[\"https:\\\/\\\/infos-droitshumains.net\\\/?p=9508\"]}]},{\"@type\":\"ImageObject\",\"inLanguage\":\"fr-FR\",\"@id\":\"https:\\\/\\\/infos-droitshumains.net\\\/?p=9508#primaryimage\",\"url\":\"https:\\\/\\\/i0.wp.com\\\/infos-droitshumains.net\\\/wp-content\\\/uploads\\\/2024\\\/03\\\/IMG-20240326-WA0032_1.jpg?fit=960%2C544&ssl=1\",\"contentUrl\":\"https:\\\/\\\/i0.wp.com\\\/infos-droitshumains.net\\\/wp-content\\\/uploads\\\/2024\\\/03\\\/IMG-20240326-WA0032_1.jpg?fit=960%2C544&ssl=1\",\"width\":960,\"height\":544},{\"@type\":\"BreadcrumbList\",\"@id\":\"https:\\\/\\\/infos-droitshumains.net\\\/?p=9508#breadcrumb\",\"itemListElement\":[{\"@type\":\"ListItem\",\"position\":1,\"name\":\"Accueil\",\"item\":\"https:\\\/\\\/infos-droitshumains.net\\\/\"},{\"@type\":\"ListItem\",\"position\":2,\"name\":\"18\u00e8me conf\u00e9rence des b\u00e2tonniers de la RDC\u00a0: Le B\u00e2tonnier Jean-Claude Mbaki plaide pour la protection du b\u00e2tonnier apr\u00e8s l\u2019exercice de son mandat\"}]},{\"@type\":\"WebSite\",\"@id\":\"https:\\\/\\\/infos-droitshumains.net\\\/#website\",\"url\":\"https:\\\/\\\/infos-droitshumains.net\\\/\",\"name\":\"Infos Droits Humains\",\"description\":\"S&#039;informer est un droit\",\"publisher\":{\"@id\":\"https:\\\/\\\/infos-droitshumains.net\\\/#organization\"},\"potentialAction\":[{\"@type\":\"SearchAction\",\"target\":{\"@type\":\"EntryPoint\",\"urlTemplate\":\"https:\\\/\\\/infos-droitshumains.net\\\/?s={search_term_string}\"},\"query-input\":{\"@type\":\"PropertyValueSpecification\",\"valueRequired\":true,\"valueName\":\"search_term_string\"}}],\"inLanguage\":\"fr-FR\"},{\"@type\":\"Organization\",\"@id\":\"https:\\\/\\\/infos-droitshumains.net\\\/#organization\",\"name\":\"Infos Droits Humains\",\"url\":\"https:\\\/\\\/infos-droitshumains.net\\\/\",\"logo\":{\"@type\":\"ImageObject\",\"inLanguage\":\"fr-FR\",\"@id\":\"https:\\\/\\\/infos-droitshumains.net\\\/#\\\/schema\\\/logo\\\/image\\\/\",\"url\":\"https:\\\/\\\/i0.wp.com\\\/infos-droitshumains.net\\\/wp-content\\\/uploads\\\/2022\\\/05\\\/Logo.png?fit=333%2C129&ssl=1\",\"contentUrl\":\"https:\\\/\\\/i0.wp.com\\\/infos-droitshumains.net\\\/wp-content\\\/uploads\\\/2022\\\/05\\\/Logo.png?fit=333%2C129&ssl=1\",\"width\":333,\"height\":129,\"caption\":\"Infos Droits Humains\"},\"image\":{\"@id\":\"https:\\\/\\\/infos-droitshumains.net\\\/#\\\/schema\\\/logo\\\/image\\\/\"}},{\"@type\":\"Person\",\"@id\":\"https:\\\/\\\/infos-droitshumains.net\\\/#\\\/schema\\\/person\\\/3dc5e921c3302172e0ed4362f96faab7\",\"name\":\"Jo\u00ebl Diawa\",\"image\":{\"@type\":\"ImageObject\",\"inLanguage\":\"fr-FR\",\"@id\":\"https:\\\/\\\/secure.gravatar.com\\\/avatar\\\/729bea6ff4604c624417803c477363be8e3c7186deaa65713313f9b4b820f41c?s=96&d=mm&r=g\",\"url\":\"https:\\\/\\\/secure.gravatar.com\\\/avatar\\\/729bea6ff4604c624417803c477363be8e3c7186deaa65713313f9b4b820f41c?s=96&d=mm&r=g\",\"contentUrl\":\"https:\\\/\\\/secure.gravatar.com\\\/avatar\\\/729bea6ff4604c624417803c477363be8e3c7186deaa65713313f9b4b820f41c?s=96&d=mm&r=g\",\"caption\":\"Jo\u00ebl Diawa\"},\"sameAs\":[\"https:\\\/\\\/www.infos-droitshumains.net\"],\"url\":\"https:\\\/\\\/infos-droitshumains.net\\\/?author=2\"}]}<\/script>\n<!-- \/ Yoast SEO plugin. -->","yoast_head_json":{"title":"18\u00e8me conf\u00e9rence des b\u00e2tonniers de la RDC\u00a0: Le B\u00e2tonnier Jean-Claude Mbaki plaide pour la protection du b\u00e2tonnier apr\u00e8s l\u2019exercice de son mandat - Infos Droits Humains","robots":{"index":"index","follow":"follow","max-snippet":"max-snippet:-1","max-image-preview":"max-image-preview:large","max-video-preview":"max-video-preview:-1"},"canonical":"https:\/\/infos-droitshumains.net\/?p=9508","og_locale":"fr_FR","og_type":"article","og_title":"18\u00e8me conf\u00e9rence des b\u00e2tonniers de la RDC\u00a0: Le B\u00e2tonnier Jean-Claude Mbaki plaide pour la protection du b\u00e2tonnier apr\u00e8s l\u2019exercice de son mandat - Infos Droits Humains","og_description":"R\u00e9daction:+243817406088 Dans le cadre de la 18\u00e8me conf\u00e9rence des b\u00e2tonniers et l\u2019Assembl\u00e9e G\u00e9n\u00e9rale ordinaire de...","og_url":"https:\/\/infos-droitshumains.net\/?p=9508","og_site_name":"Infos Droits Humains","article_published_time":"2024-03-26T10:27:43+00:00","article_modified_time":"2024-03-26T11:47:44+00:00","og_image":[{"width":960,"height":544,"url":"https:\/\/infos-droitshumains.net\/wp-content\/uploads\/2024\/03\/IMG-20240326-WA0032_1.jpg","type":"image\/jpeg"}],"author":"Jo\u00ebl Diawa","twitter_card":"summary_large_image","twitter_misc":{"\u00c9crit par":"Jo\u00ebl Diawa","Dur\u00e9e de lecture estim\u00e9e":"3 minutes"},"schema":{"@context":"https:\/\/schema.org","@graph":[{"@type":"Article","@id":"https:\/\/infos-droitshumains.net\/?p=9508#article","isPartOf":{"@id":"https:\/\/infos-droitshumains.net\/?p=9508"},"author":{"name":"Jo\u00ebl Diawa","@id":"https:\/\/infos-droitshumains.net\/#\/schema\/person\/3dc5e921c3302172e0ed4362f96faab7"},"headline":"18\u00e8me conf\u00e9rence des b\u00e2tonniers de la RDC\u00a0: Le B\u00e2tonnier Jean-Claude Mbaki plaide pour la protection du b\u00e2tonnier apr\u00e8s l\u2019exercice de son mandat","datePublished":"2024-03-26T10:27:43+00:00","dateModified":"2024-03-26T11:47:44+00:00","mainEntityOfPage":{"@id":"https:\/\/infos-droitshumains.net\/?p=9508"},"wordCount":485,"commentCount":0,"publisher":{"@id":"https:\/\/infos-droitshumains.net\/#organization"},"image":{"@id":"https:\/\/infos-droitshumains.net\/?p=9508#primaryimage"},"thumbnailUrl":"https:\/\/i0.wp.com\/infos-droitshumains.net\/wp-content\/uploads\/2024\/03\/IMG-20240326-WA0032_1.jpg?fit=960%2C544&ssl=1","articleSection":["Justice"],"inLanguage":"fr-FR","potentialAction":[{"@type":"CommentAction","name":"Comment","target":["https:\/\/infos-droitshumains.net\/?p=9508#respond"]}]},{"@type":"WebPage","@id":"https:\/\/infos-droitshumains.net\/?p=9508","url":"https:\/\/infos-droitshumains.net\/?p=9508","name":"18\u00e8me conf\u00e9rence des b\u00e2tonniers de la RDC\u00a0: Le B\u00e2tonnier Jean-Claude Mbaki plaide pour la protection du b\u00e2tonnier apr\u00e8s l\u2019exercice de son mandat - Infos Droits Humains","isPartOf":{"@id":"https:\/\/infos-droitshumains.net\/#website"},"primaryImageOfPage":{"@id":"https:\/\/infos-droitshumains.net\/?p=9508#primaryimage"},"image":{"@id":"https:\/\/infos-droitshumains.net\/?p=9508#primaryimage"},"thumbnailUrl":"https:\/\/i0.wp.com\/infos-droitshumains.net\/wp-content\/uploads\/2024\/03\/IMG-20240326-WA0032_1.jpg?fit=960%2C544&ssl=1","datePublished":"2024-03-26T10:27:43+00:00","dateModified":"2024-03-26T11:47:44+00:00","breadcrumb":{"@id":"https:\/\/infos-droitshumains.net\/?p=9508#breadcrumb"},"inLanguage":"fr-FR","potentialAction":[{"@type":"ReadAction","target":["https:\/\/infos-droitshumains.net\/?p=9508"]}]},{"@type":"ImageObject","inLanguage":"fr-FR","@id":"https:\/\/infos-droitshumains.net\/?p=9508#primaryimage","url":"https:\/\/i0.wp.com\/infos-droitshumains.net\/wp-content\/uploads\/2024\/03\/IMG-20240326-WA0032_1.jpg?fit=960%2C544&ssl=1","contentUrl":"https:\/\/i0.wp.com\/infos-droitshumains.net\/wp-content\/uploads\/2024\/03\/IMG-20240326-WA0032_1.jpg?fit=960%2C544&ssl=1","width":960,"height":544},{"@type":"BreadcrumbList","@id":"https:\/\/infos-droitshumains.net\/?p=9508#breadcrumb","itemListElement":[{"@type":"ListItem","position":1,"name":"Accueil","item":"https:\/\/infos-droitshumains.net\/"},{"@type":"ListItem","position":2,"name":"18\u00e8me conf\u00e9rence des b\u00e2tonniers de la RDC\u00a0: Le B\u00e2tonnier Jean-Claude Mbaki plaide pour la protection du b\u00e2tonnier apr\u00e8s l\u2019exercice de son mandat"}]},{"@type":"WebSite","@id":"https:\/\/infos-droitshumains.net\/#website","url":"https:\/\/infos-droitshumains.net\/","name":"Infos Droits Humains","description":"S&#039;informer est un droit","publisher":{"@id":"https:\/\/infos-droitshumains.net\/#organization"},"potentialAction":[{"@type":"SearchAction","target":{"@type":"EntryPoint","urlTemplate":"https:\/\/infos-droitshumains.net\/?s={search_term_string}"},"query-input":{"@type":"PropertyValueSpecification","valueRequired":true,"valueName":"search_term_string"}}],"inLanguage":"fr-FR"},{"@type":"Organization","@id":"https:\/\/infos-droitshumains.net\/#organization","name":"Infos Droits Humains","url":"https:\/\/infos-droitshumains.net\/","logo":{"@type":"ImageObject","inLanguage":"fr-FR","@id":"https:\/\/infos-droitshumains.net\/#\/schema\/logo\/image\/","url":"https:\/\/i0.wp.com\/infos-droitshumains.net\/wp-content\/uploads\/2022\/05\/Logo.png?fit=333%2C129&ssl=1","contentUrl":"https:\/\/i0.wp.com\/infos-droitshumains.net\/wp-content\/uploads\/2022\/05\/Logo.png?fit=333%2C129&ssl=1","width":333,"height":129,"caption":"Infos Droits Humains"},"image":{"@id":"https:\/\/infos-droitshumains.net\/#\/schema\/logo\/image\/"}},{"@type":"Person","@id":"https:\/\/infos-droitshumains.net\/#\/schema\/person\/3dc5e921c3302172e0ed4362f96faab7","name":"Jo\u00ebl Diawa","image":{"@type":"ImageObject","inLanguage":"fr-FR","@id":"https:\/\/secure.gravatar.com\/avatar\/729bea6ff4604c624417803c477363be8e3c7186deaa65713313f9b4b820f41c?s=96&d=mm&r=g","url":"https:\/\/secure.gravatar.com\/avatar\/729bea6ff4604c624417803c477363be8e3c7186deaa65713313f9b4b820f41c?s=96&d=mm&r=g","contentUrl":"https:\/\/secure.gravatar.com\/avatar\/729bea6ff4604c624417803c477363be8e3c7186deaa65713313f9b4b820f41c?s=96&d=mm&r=g","caption":"Jo\u00ebl Diawa"},"sameAs":["https:\/\/www.infos-droitshumains.net"],"url":"https:\/\/infos-droitshumains.net\/?author=2"}]}},"featured_image_urls":{"full":["https:\/\/i0.wp.com\/infos-droitshumains.net\/wp-content\/uploads\/2024\/03\/IMG-20240326-WA0032_1.jpg?fit=960%2C544&ssl=1",960,544,false],"thumbnail":["https:\/\/i0.wp.com\/infos-droitshumains.net\/wp-content\/uploads\/2024\/03\/IMG-20240326-WA0032_1.jpg?resize=150%2C150&ssl=1",150,150,true],"medium":["https:\/\/i0.wp.com\/infos-droitshumains.net\/wp-content\/uploads\/2024\/03\/IMG-20240326-WA0032_1.jpg?fit=300%2C170&ssl=1",300,170,true],"medium_large":["https:\/\/i0.wp.com\/infos-droitshumains.net\/wp-content\/uploads\/2024\/03\/IMG-20240326-WA0032_1.jpg?fit=640%2C363&ssl=1",640,363,true],"large":["https:\/\/i0.wp.com\/infos-droitshumains.net\/wp-content\/uploads\/2024\/03\/IMG-20240326-WA0032_1.jpg?fit=640%2C363&ssl=1",640,363,true],"1536x1536":["https:\/\/i0.wp.com\/infos-droitshumains.net\/wp-content\/uploads\/2024\/03\/IMG-20240326-WA0032_1.jpg?fit=960%2C544&ssl=1",960,544,true],"2048x2048":["https:\/\/i0.wp.com\/infos-droitshumains.net\/wp-content\/uploads\/2024\/03\/IMG-20240326-WA0032_1.jpg?fit=960%2C544&ssl=1",960,544,true],"covernews-slider-full":["https:\/\/i0.wp.com\/infos-droitshumains.net\/wp-content\/uploads\/2024\/03\/IMG-20240326-WA0032_1.jpg?resize=960%2C544&ssl=1",960,544,true],"covernews-slider-center":["https:\/\/i0.wp.com\/infos-droitshumains.net\/wp-content\/uploads\/2024\/03\/IMG-20240326-WA0032_1.jpg?resize=800%2C500&ssl=1",800,500,true],"covernews-featured":["https:\/\/i0.wp.com\/infos-droitshumains.net\/wp-content\/uploads\/2024\/03\/IMG-20240326-WA0032_1.jpg?fit=960%2C544&ssl=1",960,544,true],"covernews-medium":["https:\/\/i0.wp.com\/infos-droitshumains.net\/wp-content\/uploads\/2024\/03\/IMG-20240326-WA0032_1.jpg?resize=540%2C340&ssl=1",540,340,true],"covernews-medium-square":["https:\/\/i0.wp.com\/infos-droitshumains.net\/wp-content\/uploads\/2024\/03\/IMG-20240326-WA0032_1.jpg?resize=400%2C250&ssl=1",400,250,true]},"author_info":{"display_name":"Jo\u00ebl Diawa","author_link":"https:\/\/infos-droitshumains.net\/?author=2"},"category_info":"<a href=\"https:\/\/infos-droitshumains.net\/?cat=6\" rel=\"category\">Justice<\/a>","tag_info":"Justice","comment_count":"0","jetpack_featured_media_url":"https:\/\/i0.wp.com\/infos-droitshumains.net\/wp-content\/uploads\/2024\/03\/IMG-20240326-WA0032_1.jpg?fit=960%2C544&ssl=1","jetpack-related-posts":[],"jetpack_sharing_enabled":true,"_links":{"self":[{"href":"https:\/\/infos-droitshumains.net\/index.php?rest_route=\/wp\/v2\/posts\/9508","targetHints":{"allow":["GET"]}}],"collection":[{"href":"https:\/\/infos-droitshumains.net\/index.php?rest_route=\/wp\/v2\/posts"}],"about":[{"href":"https:\/\/infos-droitshumains.net\/index.php?rest_route=\/wp\/v2\/types\/post"}],"author":[{"embeddable":true,"href":"https:\/\/infos-droitshumains.net\/index.php?rest_route=\/wp\/v2\/users\/2"}],"replies":[{"embeddable":true,"href":"https:\/\/infos-droitshumains.net\/index.php?rest_route=%2Fwp%2Fv2%2Fcomments&post=9508"}],"version-history":[{"count":2,"href":"https:\/\/infos-droitshumains.net\/index.php?rest_route=\/wp\/v2\/posts\/9508\/revisions"}],"predecessor-version":[{"id":9525,"href":"https:\/\/infos-droitshumains.net\/index.php?rest_route=\/wp\/v2\/posts\/9508\/revisions\/9525"}],"wp:featuredmedia":[{"embeddable":true,"href":"https:\/\/infos-droitshumains.net\/index.php?rest_route=\/wp\/v2\/media\/9526"}],"wp:attachment":[{"href":"https:\/\/infos-droitshumains.net\/index.php?rest_route=%2Fwp%2Fv2%2Fmedia&parent=9508"}],"wp:term":[{"taxonomy":"category","embeddable":true,"href":"https:\/\/infos-droitshumains.net\/index.php?rest_route=%2Fwp%2Fv2%2Fcategories&post=9508"},{"taxonomy":"post_tag","embeddable":true,"href":"https:\/\/infos-droitshumains.net\/index.php?rest_route=%2Fwp%2Fv2%2Ftags&post=9508"}],"curies":[{"name":"wp","href":"https:\/\/api.w.org\/{rel}","templated":true}]}}