{"id":9505,"date":"2024-03-26T11:25:10","date_gmt":"2024-03-26T10:25:10","guid":{"rendered":"https:\/\/infos-droitshumains.net\/?p=9505"},"modified":"2024-03-26T22:20:26","modified_gmt":"2024-03-26T21:20:26","slug":"18eme-conference-des-batonniers-congolais-le-batonnier-michele-shebele-appelle-a-la-constitution-des-grandes-structures-des-cabinets-davocats-pour-faire-face-a-lenvahissement","status":"publish","type":"post","link":"https:\/\/infos-droitshumains.net\/?p=9505","title":{"rendered":"18\u00e8me conf\u00e9rence des b\u00e2tonniers congolais\u00a0: Le B\u00e2tonnier National Michel Shebele appelle \u00e0 la constitution des grandes structures des cabinets d\u2019avocats pour faire face \u00e0 l\u2019envahissement des cabinets \u00e9trangers"},"content":{"rendered":"\n<p><strong>R\u00e9daction:+243817406088<\/strong><\/p>\n\n\n\n<h4 class=\"wp-block-heading has-vivid-red-color has-text-color has-link-color wp-elements-ab7a87754accb6db690ad8f044b9691e\">Organis\u00e9e par les barreaux de Kinshasa Gombe et Matete sous la coordination du b\u00e2tonnier national, la 18<sup>\u00e8me<\/sup> conf\u00e9rence des b\u00e2tonniers et l\u2019Assembl\u00e9e G\u00e9n\u00e9rale ordinaire de l\u2019Ordre National des Avocats s\u2019est ouverte ce lundi 25 mars 2024 \u00e0 Kinshasa. Durant trois jours, b\u00e2tonniers en exercice, anciens b\u00e2tonniers et membres des conseils de l\u2019ordre de tous les barreaux de la R\u00e9publique D\u00e9mocratique du Congo sont appel\u00e9s \u00e0 penser et repenser leur noble profession<\/h4>\n\n\n\n<figure class=\"wp-block-image alignfull size-full\"><img data-recalc-dims=\"1\" fetchpriority=\"high\" decoding=\"async\" width=\"640\" height=\"363\" src=\"https:\/\/i0.wp.com\/infos-droitshumains.net\/wp-content\/uploads\/2024\/03\/IMG-20240326-WA0030_1.jpg?resize=640%2C363&#038;ssl=1\" alt=\"\" class=\"wp-image-9512\" srcset=\"https:\/\/i0.wp.com\/infos-droitshumains.net\/wp-content\/uploads\/2024\/03\/IMG-20240326-WA0030_1.jpg?w=960&amp;ssl=1 960w, https:\/\/i0.wp.com\/infos-droitshumains.net\/wp-content\/uploads\/2024\/03\/IMG-20240326-WA0030_1.jpg?resize=300%2C170&amp;ssl=1 300w, https:\/\/i0.wp.com\/infos-droitshumains.net\/wp-content\/uploads\/2024\/03\/IMG-20240326-WA0030_1.jpg?resize=768%2C435&amp;ssl=1 768w\" sizes=\"(max-width: 640px) 100vw, 640px\" \/><\/figure>\n\n\n\n<p>A en croire le B\u00e2tonnier Jean-Claude Mabki de l\u2019ordre du barreau de Kinshasa\/Gombe, lors de cette conf\u00e9rence, l\u2019on discute de tout ce qui concerne l\u2019exercice de la profession par l\u2019avocat\u00a0; le devenir de l\u2019avocat.<\/p>\n\n\n\n<figure class=\"wp-block-image alignfull size-full\"><img data-recalc-dims=\"1\" decoding=\"async\" width=\"640\" height=\"363\" src=\"https:\/\/i0.wp.com\/infos-droitshumains.net\/wp-content\/uploads\/2024\/03\/IMG-20240326-WA0032.jpg?resize=640%2C363&#038;ssl=1\" alt=\"\" class=\"wp-image-9515\" srcset=\"https:\/\/i0.wp.com\/infos-droitshumains.net\/wp-content\/uploads\/2024\/03\/IMG-20240326-WA0032.jpg?w=960&amp;ssl=1 960w, https:\/\/i0.wp.com\/infos-droitshumains.net\/wp-content\/uploads\/2024\/03\/IMG-20240326-WA0032.jpg?resize=300%2C170&amp;ssl=1 300w, https:\/\/i0.wp.com\/infos-droitshumains.net\/wp-content\/uploads\/2024\/03\/IMG-20240326-WA0032.jpg?resize=768%2C435&amp;ssl=1 768w\" sizes=\"(max-width: 640px) 100vw, 640px\" \/><\/figure>\n\n\n\n<p><em>\u00ab&nbsp;On fait l\u2019\u00e9tat de lieu de ce qui s\u2019est pass\u00e9 depuis la derni\u00e8re session et apr\u00e8s, on fait des projections vers l\u2019avenir en essayant de soumettre \u00e0 Monsieur le B\u00e2tonnier national, les propositions, des r\u00e9solutions qui, \u00e0 son tour, va les faire couler soit en circulaire, soit en d\u00e9cision du Conseil National de l\u2019Ordre&nbsp;\u00bb<\/em>, a-t-il indiqu\u00e9.<\/p>\n\n\n\n<p>Faisant l\u2019\u00e9tat de lieu de l\u2019exercice de la profession d\u2019avocat en RDC, le B\u00e2tonnier National a dans son allocution, exprim\u00e9 quelques inqui\u00e9tudes.<\/p>\n\n\n\n<p>La premi\u00e8re est celle li\u00e9e \u00e0 la mutation du monde avec l\u2019av\u00e8nement du num\u00e9rique et l\u2019intelligence art\u00e9rielle\u00a0; une mutation qui touche aussi <em>\u00ab\u00a0le droit\u00a0\u00bb<\/em> car <em>\u00ab\u00a0les r\u00e8gles qui r\u00e9gissent notre profession devraient \u00e9galement l\u2019\u00eatre sans pour autant entamer les fondamentaux qui constituent le sens m\u00eame de notre profession\u00a0\u00bb<\/em>, estime le B\u00e2tonnier Michel Shebele.<\/p>\n\n\n\n<p>Dans ce si\u00e8cle ou le num\u00e9rique et l\u2019intelligence art\u00e9rielle dominent le monde, certains logiciels et applications et certains algorithmes dans le cadre de l\u2019intelligence artificielle <em>\u00ab&nbsp;sont capables de r\u00e9pondre aux pr\u00e9occupations juridiques de nos clients et de leur fournir des r\u00e9ponses ad\u00e9quates et appropri\u00e9es sans l\u2019intervention de l\u2019avocat&nbsp;\u00bb<\/em>. Mais le b\u00e2tonnier Shebele reste convaincu que cette \u00e9volution technologique&nbsp;pourra \u00e9galement faciliter leur &nbsp;travail d\u2019o\u00f9 cette invitation \u00e0 tous les avocats de la RDC par le truchement de leurs b\u00e2tonniers \u00e0 ne pas \u00eatre <em>\u00ab&nbsp;r\u00e9fracteurs \u00e0 l\u2019\u00e9volution technologique&nbsp;\u00bb<\/em> et \u00e0 ne pas regarder passer le train du num\u00e9rique&nbsp;:<\/p>\n\n\n\n<figure class=\"wp-block-image alignfull size-full\"><img data-recalc-dims=\"1\" decoding=\"async\" width=\"640\" height=\"363\" src=\"https:\/\/i0.wp.com\/infos-droitshumains.net\/wp-content\/uploads\/2024\/03\/IMG-20240326-WA0031_1.jpg?resize=640%2C363&#038;ssl=1\" alt=\"\" class=\"wp-image-9517\" srcset=\"https:\/\/i0.wp.com\/infos-droitshumains.net\/wp-content\/uploads\/2024\/03\/IMG-20240326-WA0031_1.jpg?w=960&amp;ssl=1 960w, https:\/\/i0.wp.com\/infos-droitshumains.net\/wp-content\/uploads\/2024\/03\/IMG-20240326-WA0031_1.jpg?resize=300%2C170&amp;ssl=1 300w, https:\/\/i0.wp.com\/infos-droitshumains.net\/wp-content\/uploads\/2024\/03\/IMG-20240326-WA0031_1.jpg?resize=768%2C435&amp;ssl=1 768w\" sizes=\"(max-width: 640px) 100vw, 640px\" \/><\/figure>\n\n\n\n<p>&nbsp;<em>\u00ab&nbsp;Prenons place \u00e0 bord de ce train et avan\u00e7ons. Nous sommes appel\u00e9s \u00e0 apprendre cette nouvelle technologie et \u00e0 la&nbsp; domestiquer pour en tirer les meilleurs r\u00e9sultats. Ce qui est moderne dans l\u2019exercice de la profession d\u2019avocat doit nous int\u00e9resser afin d\u2019\u00e9viter l\u2019archa\u00efsme qui caract\u00e9rise certaine de nos r\u00e8gles et notre mani\u00e8re de travailler au quotidien&nbsp;\u00bb<\/em>, a insist\u00e9 Michel Shebele.<\/p>\n\n\n\n<p>Une autre probl\u00e9matique \u00e9voqu\u00e9e par le B\u00e2tonnier Shebele est celle li\u00e9e \u00e0 l\u2019envahissement de l\u2019Afrique par des grandes structures des cabinets \u00e9trangers. Il reste en outre convaincu que les cabinets d\u2019avocat congolais sont \u00e0 mesure de faire face \u00e0 un tel envahissement&nbsp;mais \u00e0 quelques conditions&nbsp;:<\/p>\n\n\n\n<p><em>\u00ab&nbsp;Il nous faut toute une autre organisation dans l\u2019avenir et une autre mani\u00e8re d\u2019exercer la profession d\u2019avocat dans notre pays. En effet, il nous faut une formation rigoureuse et continue pour \u00eatre comp\u00e9titif\u2026non seulement dans les mati\u00e8res de droit, mais aussi dans d\u2019autres mati\u00e8res de droit et dans le domaine de l\u2019informatique&nbsp;\u00bb, <\/em>a-t-il insist\u00e9 avant d\u2019administrer un piqure de rappel<em> \u00ab&nbsp;Le moment n\u2019est-il pas indiqu\u00e9 \u00e0 penser \u00e0 des grands ensembles, \u00e0 des grandes structures des cabinets d\u2019avocats congolais pour faire face \u00e0 un tel envahissement afin de lutter \u00e0 armes \u00e9gales tout en investissant aux nouvelles technologies de l\u2019information et de la communication, outils souvent utilis\u00e9s par des lesdites grandes structures d\u2019avocats \u00e9trangers qui envahissent l\u2019Afrique&nbsp;?\u00bb<\/em><\/p>\n\n\n\n<p>Le b\u00e2tonnier National a enfin, rappel\u00e9 \u00e0 l\u2019ordre les avocats qui exercent plut\u00f4t leurs professions <em>\u00ab\u00a0presque sous le manguier, sans domicile professionnel fixe, tant\u00f4t devant les portes des prisons, tant\u00f4t dans les couloirs des palais de justice\u00a0\u00bb<\/em>. Pour lui, cette fa\u00e7on d\u2019exercer la profession d\u2019avocat <em>\u00ab\u00a0ne peut nullement contribuer ni au progr\u00e8s ni \u00e0 l\u2019excellence\u00a0\u00bb<\/em>.<\/p>\n\n\n\n<figure class=\"wp-block-image alignfull size-full\"><img data-recalc-dims=\"1\" loading=\"lazy\" decoding=\"async\" width=\"640\" height=\"363\" src=\"https:\/\/i0.wp.com\/infos-droitshumains.net\/wp-content\/uploads\/2024\/03\/IMG-20240326-WA0029_1.jpg?resize=640%2C363&#038;ssl=1\" alt=\"\" class=\"wp-image-9521\" srcset=\"https:\/\/i0.wp.com\/infos-droitshumains.net\/wp-content\/uploads\/2024\/03\/IMG-20240326-WA0029_1.jpg?w=960&amp;ssl=1 960w, https:\/\/i0.wp.com\/infos-droitshumains.net\/wp-content\/uploads\/2024\/03\/IMG-20240326-WA0029_1.jpg?resize=300%2C170&amp;ssl=1 300w, https:\/\/i0.wp.com\/infos-droitshumains.net\/wp-content\/uploads\/2024\/03\/IMG-20240326-WA0029_1.jpg?resize=768%2C435&amp;ssl=1 768w\" sizes=\"(max-width: 640px) 100vw, 640px\" \/><\/figure>\n\n\n\n<p>Cette 18<sup>\u00e8me<\/sup> conf\u00e9rence des b\u00e2tonniers combin\u00e9e \u00e0 l\u2019assembl\u00e9e g\u00e9n\u00e9rale du Conseil National de l\u2019Ordre aurait d\u00fb \u00eatre re\u00e7ue par le barreau du Sud-Kivu dans la ville du Bukavu. Suite aux pr\u00e9occupations s\u00e9curitaires, elle a d\u00fb \u00eatre la d\u00e9localis\u00e9e \u00e0 Kinshasa sur proposition de plusieurs b\u00e2tonniers. L\u2019assembl\u00e9e g\u00e9n\u00e9rale se tiendra ce mardi 26 mars au cours de laquelle, le B\u00e2tonnier National pr\u00e9sentera le rapport des activit\u00e9s organis\u00e9e durant l\u2019ann\u00e9e derni\u00e8re par le Conseil National de l\u2019Ordre.<\/p>\n\n\n\n<p>Jo\u00ebl Diawa<\/p>\n","protected":false},"excerpt":{"rendered":"<p>R\u00e9daction:+243817406088 Organis\u00e9e par les barreaux de Kinshasa Gombe et Matete sous la coordination du b\u00e2tonnier&#8230;<\/p>\n","protected":false},"author":2,"featured_media":9524,"comment_status":"open","ping_status":"open","sticky":false,"template":"","format":"standard","meta":{"_jetpack_memberships_contains_paid_content":false,"footnotes":""},"categories":[6],"tags":[],"class_list":["post-9505","post","type-post","status-publish","format-standard","has-post-thumbnail","hentry","category-justice"],"yoast_head":"<!-- This site is optimized with the Yoast SEO plugin v27.5 - https:\/\/yoast.com\/product\/yoast-seo-wordpress\/ -->\n<title>18\u00e8me conf\u00e9rence des b\u00e2tonniers congolais\u00a0: Le B\u00e2tonnier National Michel Shebele appelle \u00e0 la constitution des grandes structures des cabinets d\u2019avocats pour faire face \u00e0 l\u2019envahissement des cabinets \u00e9trangers - Infos Droits Humains<\/title>\n<meta name=\"robots\" content=\"index, follow, max-snippet:-1, max-image-preview:large, max-video-preview:-1\" \/>\n<link rel=\"canonical\" href=\"https:\/\/infos-droitshumains.net\/?p=9505\" \/>\n<meta property=\"og:locale\" content=\"fr_FR\" \/>\n<meta property=\"og:type\" content=\"article\" \/>\n<meta property=\"og:title\" content=\"18\u00e8me conf\u00e9rence des b\u00e2tonniers congolais\u00a0: Le B\u00e2tonnier National Michel Shebele appelle \u00e0 la constitution des grandes structures des cabinets d\u2019avocats pour faire face \u00e0 l\u2019envahissement des cabinets \u00e9trangers - Infos Droits Humains\" \/>\n<meta property=\"og:description\" content=\"R\u00e9daction:+243817406088 Organis\u00e9e par les barreaux de Kinshasa Gombe et Matete sous la coordination du b\u00e2tonnier...\" \/>\n<meta property=\"og:url\" content=\"https:\/\/infos-droitshumains.net\/?p=9505\" \/>\n<meta property=\"og:site_name\" content=\"Infos Droits Humains\" \/>\n<meta property=\"article:published_time\" content=\"2024-03-26T10:25:10+00:00\" \/>\n<meta property=\"article:modified_time\" content=\"2024-03-26T21:20:26+00:00\" \/>\n<meta property=\"og:image\" content=\"https:\/\/infos-droitshumains.net\/wp-content\/uploads\/2024\/03\/IMG-20240326-WA0033_1.jpg\" \/>\n\t<meta property=\"og:image:width\" content=\"960\" \/>\n\t<meta property=\"og:image:height\" content=\"544\" \/>\n\t<meta property=\"og:image:type\" content=\"image\/jpeg\" \/>\n<meta name=\"author\" content=\"Jo\u00ebl Diawa\" \/>\n<meta name=\"twitter:card\" content=\"summary_large_image\" \/>\n<meta name=\"twitter:label1\" content=\"\u00c9crit par\" \/>\n\t<meta name=\"twitter:data1\" content=\"Jo\u00ebl Diawa\" \/>\n\t<meta name=\"twitter:label2\" content=\"Dur\u00e9e de lecture estim\u00e9e\" \/>\n\t<meta name=\"twitter:data2\" content=\"5 minutes\" \/>\n<script type=\"application\/ld+json\" class=\"yoast-schema-graph\">{\"@context\":\"https:\\\/\\\/schema.org\",\"@graph\":[{\"@type\":\"Article\",\"@id\":\"https:\\\/\\\/infos-droitshumains.net\\\/?p=9505#article\",\"isPartOf\":{\"@id\":\"https:\\\/\\\/infos-droitshumains.net\\\/?p=9505\"},\"author\":{\"name\":\"Jo\u00ebl Diawa\",\"@id\":\"https:\\\/\\\/infos-droitshumains.net\\\/#\\\/schema\\\/person\\\/3dc5e921c3302172e0ed4362f96faab7\"},\"headline\":\"18\u00e8me conf\u00e9rence des b\u00e2tonniers congolais\u00a0: Le B\u00e2tonnier National Michel Shebele appelle \u00e0 la constitution des grandes structures des cabinets d\u2019avocats pour faire face \u00e0 l\u2019envahissement des cabinets \u00e9trangers\",\"datePublished\":\"2024-03-26T10:25:10+00:00\",\"dateModified\":\"2024-03-26T21:20:26+00:00\",\"mainEntityOfPage\":{\"@id\":\"https:\\\/\\\/infos-droitshumains.net\\\/?p=9505\"},\"wordCount\":853,\"commentCount\":0,\"publisher\":{\"@id\":\"https:\\\/\\\/infos-droitshumains.net\\\/#organization\"},\"image\":{\"@id\":\"https:\\\/\\\/infos-droitshumains.net\\\/?p=9505#primaryimage\"},\"thumbnailUrl\":\"https:\\\/\\\/i0.wp.com\\\/infos-droitshumains.net\\\/wp-content\\\/uploads\\\/2024\\\/03\\\/IMG-20240326-WA0033_1.jpg?fit=960%2C544&ssl=1\",\"articleSection\":[\"Justice\"],\"inLanguage\":\"fr-FR\",\"potentialAction\":[{\"@type\":\"CommentAction\",\"name\":\"Comment\",\"target\":[\"https:\\\/\\\/infos-droitshumains.net\\\/?p=9505#respond\"]}]},{\"@type\":\"WebPage\",\"@id\":\"https:\\\/\\\/infos-droitshumains.net\\\/?p=9505\",\"url\":\"https:\\\/\\\/infos-droitshumains.net\\\/?p=9505\",\"name\":\"18\u00e8me conf\u00e9rence des b\u00e2tonniers congolais\u00a0: Le B\u00e2tonnier National Michel Shebele appelle \u00e0 la constitution des grandes structures des cabinets d\u2019avocats pour faire face \u00e0 l\u2019envahissement des cabinets \u00e9trangers - Infos Droits Humains\",\"isPartOf\":{\"@id\":\"https:\\\/\\\/infos-droitshumains.net\\\/#website\"},\"primaryImageOfPage\":{\"@id\":\"https:\\\/\\\/infos-droitshumains.net\\\/?p=9505#primaryimage\"},\"image\":{\"@id\":\"https:\\\/\\\/infos-droitshumains.net\\\/?p=9505#primaryimage\"},\"thumbnailUrl\":\"https:\\\/\\\/i0.wp.com\\\/infos-droitshumains.net\\\/wp-content\\\/uploads\\\/2024\\\/03\\\/IMG-20240326-WA0033_1.jpg?fit=960%2C544&ssl=1\",\"datePublished\":\"2024-03-26T10:25:10+00:00\",\"dateModified\":\"2024-03-26T21:20:26+00:00\",\"breadcrumb\":{\"@id\":\"https:\\\/\\\/infos-droitshumains.net\\\/?p=9505#breadcrumb\"},\"inLanguage\":\"fr-FR\",\"potentialAction\":[{\"@type\":\"ReadAction\",\"target\":[\"https:\\\/\\\/infos-droitshumains.net\\\/?p=9505\"]}]},{\"@type\":\"ImageObject\",\"inLanguage\":\"fr-FR\",\"@id\":\"https:\\\/\\\/infos-droitshumains.net\\\/?p=9505#primaryimage\",\"url\":\"https:\\\/\\\/i0.wp.com\\\/infos-droitshumains.net\\\/wp-content\\\/uploads\\\/2024\\\/03\\\/IMG-20240326-WA0033_1.jpg?fit=960%2C544&ssl=1\",\"contentUrl\":\"https:\\\/\\\/i0.wp.com\\\/infos-droitshumains.net\\\/wp-content\\\/uploads\\\/2024\\\/03\\\/IMG-20240326-WA0033_1.jpg?fit=960%2C544&ssl=1\",\"width\":960,\"height\":544},{\"@type\":\"BreadcrumbList\",\"@id\":\"https:\\\/\\\/infos-droitshumains.net\\\/?p=9505#breadcrumb\",\"itemListElement\":[{\"@type\":\"ListItem\",\"position\":1,\"name\":\"Accueil\",\"item\":\"https:\\\/\\\/infos-droitshumains.net\\\/\"},{\"@type\":\"ListItem\",\"position\":2,\"name\":\"18\u00e8me conf\u00e9rence des b\u00e2tonniers congolais\u00a0: Le B\u00e2tonnier National Michel Shebele appelle \u00e0 la constitution des grandes structures des cabinets d\u2019avocats pour faire face \u00e0 l\u2019envahissement des cabinets \u00e9trangers\"}]},{\"@type\":\"WebSite\",\"@id\":\"https:\\\/\\\/infos-droitshumains.net\\\/#website\",\"url\":\"https:\\\/\\\/infos-droitshumains.net\\\/\",\"name\":\"Infos Droits Humains\",\"description\":\"S&#039;informer est un droit\",\"publisher\":{\"@id\":\"https:\\\/\\\/infos-droitshumains.net\\\/#organization\"},\"potentialAction\":[{\"@type\":\"SearchAction\",\"target\":{\"@type\":\"EntryPoint\",\"urlTemplate\":\"https:\\\/\\\/infos-droitshumains.net\\\/?s={search_term_string}\"},\"query-input\":{\"@type\":\"PropertyValueSpecification\",\"valueRequired\":true,\"valueName\":\"search_term_string\"}}],\"inLanguage\":\"fr-FR\"},{\"@type\":\"Organization\",\"@id\":\"https:\\\/\\\/infos-droitshumains.net\\\/#organization\",\"name\":\"Infos Droits Humains\",\"url\":\"https:\\\/\\\/infos-droitshumains.net\\\/\",\"logo\":{\"@type\":\"ImageObject\",\"inLanguage\":\"fr-FR\",\"@id\":\"https:\\\/\\\/infos-droitshumains.net\\\/#\\\/schema\\\/logo\\\/image\\\/\",\"url\":\"https:\\\/\\\/i0.wp.com\\\/infos-droitshumains.net\\\/wp-content\\\/uploads\\\/2022\\\/05\\\/Logo.png?fit=333%2C129&ssl=1\",\"contentUrl\":\"https:\\\/\\\/i0.wp.com\\\/infos-droitshumains.net\\\/wp-content\\\/uploads\\\/2022\\\/05\\\/Logo.png?fit=333%2C129&ssl=1\",\"width\":333,\"height\":129,\"caption\":\"Infos Droits Humains\"},\"image\":{\"@id\":\"https:\\\/\\\/infos-droitshumains.net\\\/#\\\/schema\\\/logo\\\/image\\\/\"}},{\"@type\":\"Person\",\"@id\":\"https:\\\/\\\/infos-droitshumains.net\\\/#\\\/schema\\\/person\\\/3dc5e921c3302172e0ed4362f96faab7\",\"name\":\"Jo\u00ebl Diawa\",\"image\":{\"@type\":\"ImageObject\",\"inLanguage\":\"fr-FR\",\"@id\":\"https:\\\/\\\/secure.gravatar.com\\\/avatar\\\/729bea6ff4604c624417803c477363be8e3c7186deaa65713313f9b4b820f41c?s=96&d=mm&r=g\",\"url\":\"https:\\\/\\\/secure.gravatar.com\\\/avatar\\\/729bea6ff4604c624417803c477363be8e3c7186deaa65713313f9b4b820f41c?s=96&d=mm&r=g\",\"contentUrl\":\"https:\\\/\\\/secure.gravatar.com\\\/avatar\\\/729bea6ff4604c624417803c477363be8e3c7186deaa65713313f9b4b820f41c?s=96&d=mm&r=g\",\"caption\":\"Jo\u00ebl Diawa\"},\"sameAs\":[\"https:\\\/\\\/www.infos-droitshumains.net\"],\"url\":\"https:\\\/\\\/infos-droitshumains.net\\\/?author=2\"}]}<\/script>\n<!-- \/ Yoast SEO plugin. -->","yoast_head_json":{"title":"18\u00e8me conf\u00e9rence des b\u00e2tonniers congolais\u00a0: Le B\u00e2tonnier National Michel Shebele appelle \u00e0 la constitution des grandes structures des cabinets d\u2019avocats pour faire face \u00e0 l\u2019envahissement des cabinets \u00e9trangers - Infos Droits Humains","robots":{"index":"index","follow":"follow","max-snippet":"max-snippet:-1","max-image-preview":"max-image-preview:large","max-video-preview":"max-video-preview:-1"},"canonical":"https:\/\/infos-droitshumains.net\/?p=9505","og_locale":"fr_FR","og_type":"article","og_title":"18\u00e8me conf\u00e9rence des b\u00e2tonniers congolais\u00a0: Le B\u00e2tonnier National Michel Shebele appelle \u00e0 la constitution des grandes structures des cabinets d\u2019avocats pour faire face \u00e0 l\u2019envahissement des cabinets \u00e9trangers - Infos Droits Humains","og_description":"R\u00e9daction:+243817406088 Organis\u00e9e par les barreaux de Kinshasa Gombe et Matete sous la coordination du b\u00e2tonnier...","og_url":"https:\/\/infos-droitshumains.net\/?p=9505","og_site_name":"Infos Droits Humains","article_published_time":"2024-03-26T10:25:10+00:00","article_modified_time":"2024-03-26T21:20:26+00:00","og_image":[{"width":960,"height":544,"url":"https:\/\/infos-droitshumains.net\/wp-content\/uploads\/2024\/03\/IMG-20240326-WA0033_1.jpg","type":"image\/jpeg"}],"author":"Jo\u00ebl Diawa","twitter_card":"summary_large_image","twitter_misc":{"\u00c9crit par":"Jo\u00ebl Diawa","Dur\u00e9e de lecture estim\u00e9e":"5 minutes"},"schema":{"@context":"https:\/\/schema.org","@graph":[{"@type":"Article","@id":"https:\/\/infos-droitshumains.net\/?p=9505#article","isPartOf":{"@id":"https:\/\/infos-droitshumains.net\/?p=9505"},"author":{"name":"Jo\u00ebl Diawa","@id":"https:\/\/infos-droitshumains.net\/#\/schema\/person\/3dc5e921c3302172e0ed4362f96faab7"},"headline":"18\u00e8me conf\u00e9rence des b\u00e2tonniers congolais\u00a0: Le B\u00e2tonnier National Michel Shebele appelle \u00e0 la constitution des grandes structures des cabinets d\u2019avocats pour faire face \u00e0 l\u2019envahissement des cabinets \u00e9trangers","datePublished":"2024-03-26T10:25:10+00:00","dateModified":"2024-03-26T21:20:26+00:00","mainEntityOfPage":{"@id":"https:\/\/infos-droitshumains.net\/?p=9505"},"wordCount":853,"commentCount":0,"publisher":{"@id":"https:\/\/infos-droitshumains.net\/#organization"},"image":{"@id":"https:\/\/infos-droitshumains.net\/?p=9505#primaryimage"},"thumbnailUrl":"https:\/\/i0.wp.com\/infos-droitshumains.net\/wp-content\/uploads\/2024\/03\/IMG-20240326-WA0033_1.jpg?fit=960%2C544&ssl=1","articleSection":["Justice"],"inLanguage":"fr-FR","potentialAction":[{"@type":"CommentAction","name":"Comment","target":["https:\/\/infos-droitshumains.net\/?p=9505#respond"]}]},{"@type":"WebPage","@id":"https:\/\/infos-droitshumains.net\/?p=9505","url":"https:\/\/infos-droitshumains.net\/?p=9505","name":"18\u00e8me conf\u00e9rence des b\u00e2tonniers congolais\u00a0: Le B\u00e2tonnier National Michel Shebele appelle \u00e0 la constitution des grandes structures des cabinets d\u2019avocats pour faire face \u00e0 l\u2019envahissement des cabinets \u00e9trangers - Infos Droits Humains","isPartOf":{"@id":"https:\/\/infos-droitshumains.net\/#website"},"primaryImageOfPage":{"@id":"https:\/\/infos-droitshumains.net\/?p=9505#primaryimage"},"image":{"@id":"https:\/\/infos-droitshumains.net\/?p=9505#primaryimage"},"thumbnailUrl":"https:\/\/i0.wp.com\/infos-droitshumains.net\/wp-content\/uploads\/2024\/03\/IMG-20240326-WA0033_1.jpg?fit=960%2C544&ssl=1","datePublished":"2024-03-26T10:25:10+00:00","dateModified":"2024-03-26T21:20:26+00:00","breadcrumb":{"@id":"https:\/\/infos-droitshumains.net\/?p=9505#breadcrumb"},"inLanguage":"fr-FR","potentialAction":[{"@type":"ReadAction","target":["https:\/\/infos-droitshumains.net\/?p=9505"]}]},{"@type":"ImageObject","inLanguage":"fr-FR","@id":"https:\/\/infos-droitshumains.net\/?p=9505#primaryimage","url":"https:\/\/i0.wp.com\/infos-droitshumains.net\/wp-content\/uploads\/2024\/03\/IMG-20240326-WA0033_1.jpg?fit=960%2C544&ssl=1","contentUrl":"https:\/\/i0.wp.com\/infos-droitshumains.net\/wp-content\/uploads\/2024\/03\/IMG-20240326-WA0033_1.jpg?fit=960%2C544&ssl=1","width":960,"height":544},{"@type":"BreadcrumbList","@id":"https:\/\/infos-droitshumains.net\/?p=9505#breadcrumb","itemListElement":[{"@type":"ListItem","position":1,"name":"Accueil","item":"https:\/\/infos-droitshumains.net\/"},{"@type":"ListItem","position":2,"name":"18\u00e8me conf\u00e9rence des b\u00e2tonniers congolais\u00a0: Le B\u00e2tonnier National Michel Shebele appelle \u00e0 la constitution des grandes structures des cabinets d\u2019avocats pour faire face \u00e0 l\u2019envahissement des cabinets \u00e9trangers"}]},{"@type":"WebSite","@id":"https:\/\/infos-droitshumains.net\/#website","url":"https:\/\/infos-droitshumains.net\/","name":"Infos Droits Humains","description":"S&#039;informer est un droit","publisher":{"@id":"https:\/\/infos-droitshumains.net\/#organization"},"potentialAction":[{"@type":"SearchAction","target":{"@type":"EntryPoint","urlTemplate":"https:\/\/infos-droitshumains.net\/?s={search_term_string}"},"query-input":{"@type":"PropertyValueSpecification","valueRequired":true,"valueName":"search_term_string"}}],"inLanguage":"fr-FR"},{"@type":"Organization","@id":"https:\/\/infos-droitshumains.net\/#organization","name":"Infos Droits Humains","url":"https:\/\/infos-droitshumains.net\/","logo":{"@type":"ImageObject","inLanguage":"fr-FR","@id":"https:\/\/infos-droitshumains.net\/#\/schema\/logo\/image\/","url":"https:\/\/i0.wp.com\/infos-droitshumains.net\/wp-content\/uploads\/2022\/05\/Logo.png?fit=333%2C129&ssl=1","contentUrl":"https:\/\/i0.wp.com\/infos-droitshumains.net\/wp-content\/uploads\/2022\/05\/Logo.png?fit=333%2C129&ssl=1","width":333,"height":129,"caption":"Infos Droits Humains"},"image":{"@id":"https:\/\/infos-droitshumains.net\/#\/schema\/logo\/image\/"}},{"@type":"Person","@id":"https:\/\/infos-droitshumains.net\/#\/schema\/person\/3dc5e921c3302172e0ed4362f96faab7","name":"Jo\u00ebl Diawa","image":{"@type":"ImageObject","inLanguage":"fr-FR","@id":"https:\/\/secure.gravatar.com\/avatar\/729bea6ff4604c624417803c477363be8e3c7186deaa65713313f9b4b820f41c?s=96&d=mm&r=g","url":"https:\/\/secure.gravatar.com\/avatar\/729bea6ff4604c624417803c477363be8e3c7186deaa65713313f9b4b820f41c?s=96&d=mm&r=g","contentUrl":"https:\/\/secure.gravatar.com\/avatar\/729bea6ff4604c624417803c477363be8e3c7186deaa65713313f9b4b820f41c?s=96&d=mm&r=g","caption":"Jo\u00ebl Diawa"},"sameAs":["https:\/\/www.infos-droitshumains.net"],"url":"https:\/\/infos-droitshumains.net\/?author=2"}]}},"featured_image_urls":{"full":["https:\/\/i0.wp.com\/infos-droitshumains.net\/wp-content\/uploads\/2024\/03\/IMG-20240326-WA0033_1.jpg?fit=960%2C544&ssl=1",960,544,false],"thumbnail":["https:\/\/i0.wp.com\/infos-droitshumains.net\/wp-content\/uploads\/2024\/03\/IMG-20240326-WA0033_1.jpg?resize=150%2C150&ssl=1",150,150,true],"medium":["https:\/\/i0.wp.com\/infos-droitshumains.net\/wp-content\/uploads\/2024\/03\/IMG-20240326-WA0033_1.jpg?fit=300%2C170&ssl=1",300,170,true],"medium_large":["https:\/\/i0.wp.com\/infos-droitshumains.net\/wp-content\/uploads\/2024\/03\/IMG-20240326-WA0033_1.jpg?fit=640%2C363&ssl=1",640,363,true],"large":["https:\/\/i0.wp.com\/infos-droitshumains.net\/wp-content\/uploads\/2024\/03\/IMG-20240326-WA0033_1.jpg?fit=640%2C363&ssl=1",640,363,true],"1536x1536":["https:\/\/i0.wp.com\/infos-droitshumains.net\/wp-content\/uploads\/2024\/03\/IMG-20240326-WA0033_1.jpg?fit=960%2C544&ssl=1",960,544,true],"2048x2048":["https:\/\/i0.wp.com\/infos-droitshumains.net\/wp-content\/uploads\/2024\/03\/IMG-20240326-WA0033_1.jpg?fit=960%2C544&ssl=1",960,544,true],"covernews-slider-full":["https:\/\/i0.wp.com\/infos-droitshumains.net\/wp-content\/uploads\/2024\/03\/IMG-20240326-WA0033_1.jpg?resize=960%2C544&ssl=1",960,544,true],"covernews-slider-center":["https:\/\/i0.wp.com\/infos-droitshumains.net\/wp-content\/uploads\/2024\/03\/IMG-20240326-WA0033_1.jpg?resize=800%2C500&ssl=1",800,500,true],"covernews-featured":["https:\/\/i0.wp.com\/infos-droitshumains.net\/wp-content\/uploads\/2024\/03\/IMG-20240326-WA0033_1.jpg?fit=960%2C544&ssl=1",960,544,true],"covernews-medium":["https:\/\/i0.wp.com\/infos-droitshumains.net\/wp-content\/uploads\/2024\/03\/IMG-20240326-WA0033_1.jpg?resize=540%2C340&ssl=1",540,340,true],"covernews-medium-square":["https:\/\/i0.wp.com\/infos-droitshumains.net\/wp-content\/uploads\/2024\/03\/IMG-20240326-WA0033_1.jpg?resize=400%2C250&ssl=1",400,250,true]},"author_info":{"display_name":"Jo\u00ebl Diawa","author_link":"https:\/\/infos-droitshumains.net\/?author=2"},"category_info":"<a href=\"https:\/\/infos-droitshumains.net\/?cat=6\" rel=\"category\">Justice<\/a>","tag_info":"Justice","comment_count":"0","jetpack_featured_media_url":"https:\/\/i0.wp.com\/infos-droitshumains.net\/wp-content\/uploads\/2024\/03\/IMG-20240326-WA0033_1.jpg?fit=960%2C544&ssl=1","jetpack-related-posts":[],"jetpack_sharing_enabled":true,"_links":{"self":[{"href":"https:\/\/infos-droitshumains.net\/index.php?rest_route=\/wp\/v2\/posts\/9505","targetHints":{"allow":["GET"]}}],"collection":[{"href":"https:\/\/infos-droitshumains.net\/index.php?rest_route=\/wp\/v2\/posts"}],"about":[{"href":"https:\/\/infos-droitshumains.net\/index.php?rest_route=\/wp\/v2\/types\/post"}],"author":[{"embeddable":true,"href":"https:\/\/infos-droitshumains.net\/index.php?rest_route=\/wp\/v2\/users\/2"}],"replies":[{"embeddable":true,"href":"https:\/\/infos-droitshumains.net\/index.php?rest_route=%2Fwp%2Fv2%2Fcomments&post=9505"}],"version-history":[{"count":10,"href":"https:\/\/infos-droitshumains.net\/index.php?rest_route=\/wp\/v2\/posts\/9505\/revisions"}],"predecessor-version":[{"id":9535,"href":"https:\/\/infos-droitshumains.net\/index.php?rest_route=\/wp\/v2\/posts\/9505\/revisions\/9535"}],"wp:featuredmedia":[{"embeddable":true,"href":"https:\/\/infos-droitshumains.net\/index.php?rest_route=\/wp\/v2\/media\/9524"}],"wp:attachment":[{"href":"https:\/\/infos-droitshumains.net\/index.php?rest_route=%2Fwp%2Fv2%2Fmedia&parent=9505"}],"wp:term":[{"taxonomy":"category","embeddable":true,"href":"https:\/\/infos-droitshumains.net\/index.php?rest_route=%2Fwp%2Fv2%2Fcategories&post=9505"},{"taxonomy":"post_tag","embeddable":true,"href":"https:\/\/infos-droitshumains.net\/index.php?rest_route=%2Fwp%2Fv2%2Ftags&post=9505"}],"curies":[{"name":"wp","href":"https:\/\/api.w.org\/{rel}","templated":true}]}}