{"id":9483,"date":"2024-03-22T15:00:00","date_gmt":"2024-03-22T14:00:00","guid":{"rendered":"https:\/\/infos-droitshumains.net\/?p=9483"},"modified":"2024-03-22T08:16:21","modified_gmt":"2024-03-22T07:16:21","slug":"femmes-qui-inspirent-charlotte-malaika-laini-un-esprit-ouvert-et-reservee-pour-la-justice-congolaise","status":"publish","type":"post","link":"https:\/\/infos-droitshumains.net\/?p=9483","title":{"rendered":"Femmes qui inspirent\u00a0: Charlotte Mala\u00efka La\u00efni, un esprit ouvert et r\u00e9serv\u00e9e pour la justice congolaise"},"content":{"rendered":"\n<p><strong>R\u00e9daction:+243817406088<\/strong><\/p>\n\n\n\n<h4 class=\"wp-block-heading has-vivid-red-color has-text-color has-link-color wp-elements-3328f374770183d5e3737ea02c710efb\">Dans le cadre de sa rubrique \u2018\u2019Femmes qui inspirent\u2019\u2019 con\u00e7ue sp\u00e9cialement \u00e0 l\u2019occasion du mois de mars d\u00e9di\u00e9 \u00e0 la d\u00e9fense et la promotion des droit des femmes, la r\u00e9daction du Journal T\u00e9l\u00e9vis\u00e9 des Droits Humains se donne la mission de promouvoir les femmes qui marquent et\/ou qui ont marqu\u00e9 le secteur de la justice et des Droits Humains en R\u00e9publique D\u00e9mocratique du Congo. Pour cette huiti\u00e8me \u00e9dition, nous vous pr\u00e9sentons Mala\u00efka La\u00efni charlotte, juge au Tribunal de Grande Instance de Kinshasa\/Gombe.<\/h4>\n\n\n\n<p>D\u00e9tentrice d\u2019un dipl\u00f4me de licencie en Droit Priv\u00e9 Judiciaire&nbsp; de l&rsquo;universit\u00e9 de Kinshasa depuis 2007, charlotte Mala\u00efka La\u00efni a int\u00e9gr\u00e9 la magistrature en 2011 au terme d\u2019un concours organis\u00e9 par le Conseil Sup\u00e9rieur de la Magistrature.<\/p>\n\n\n\n<p>Affect\u00e9e au Parquet de Grande Instance de Kinshasa\/Gombe, elle y officia entre 2011 et 2016 en qualit\u00e9 de substitut du Procureur de la R\u00e9publique, avant d\u2019etre vers\u00e9e au si\u00e8ge et affect\u00e9e au Tribunal de Paix de Kinshasa\/Gombe.<\/p>\n\n\n\n<p>En 2018, Mala\u00efka La\u00efni est \u00e9lev\u00e9e au grade de Pr\u00e9sident du Tribunal de Paix et affect\u00e9e comme Pr\u00e9sident du Tribunal de Paix de Kinshasa\/Assossa.<\/p>\n\n\n\n<p>Apr\u00e8s cinq ans des bons et loyaux services rendus \u00e0 la nation dans le cadre de ses fonctions, elle sera, au terme de l\u2019ordonnance d\u2019organisation judiciaire N\u00b0023\/154 du 15 aout 2023 portant nomination des magistrats civils du si\u00e8ge, Pr\u00e9sident du Tribunal de Grande Instance avant d\u2019\u00eatre affect\u00e9e par ordonnance d\u2019organisation judiciaire N\u00b023\/156 du 15 aout 2023 portant affectation des magistrats civils, au Tribunal de Grande Instance de Kinshasa\/Gombe o\u00f9 elle fait office de juge d\u2019instance.<\/p>\n\n\n\n<p>Avant de rejoindre le pouvoir judiciaire, Charlotte Mala\u00efka La\u00efni a aussi travaill\u00e9 entre 2008 et 2010 comme agent au bureau d&rsquo;\u00e9tudes du gouverneur de la ville de Kinshasa.<\/p>\n\n\n\n<p>Ouverte d\u2019esprit, mais tr\u00e8s r\u00e9serv\u00e9e, ceux qui ne l\u2019ont jamais approch\u00e9 ne saurons d\u00e9couvrir ce qu\u2019elle est tr\u00e8s exactement. Native de la ville de Kindu dans la province du Maniema, Mala\u00efka La\u00efni charlotte est \u00e9galement femme de foyer, mari\u00e9e \u00e0 &nbsp;Landu Nzunga.<\/p>\n\n\n\n<p>Jo\u00ebl Diawa<\/p>\n","protected":false},"excerpt":{"rendered":"<p>R\u00e9daction:+243817406088 Dans le cadre de sa rubrique \u2018\u2019Femmes qui inspirent\u2019\u2019 con\u00e7ue sp\u00e9cialement \u00e0 l\u2019occasion du&#8230;<\/p>\n","protected":false},"author":2,"featured_media":9480,"comment_status":"open","ping_status":"open","sticky":false,"template":"","format":"standard","meta":{"_jetpack_memberships_contains_paid_content":false,"footnotes":""},"categories":[6],"tags":[],"class_list":["post-9483","post","type-post","status-publish","format-standard","has-post-thumbnail","hentry","category-justice"],"yoast_head":"<!-- This site is optimized with the Yoast SEO plugin v27.5 - https:\/\/yoast.com\/product\/yoast-seo-wordpress\/ -->\n<title>Femmes qui inspirent\u00a0: Charlotte Mala\u00efka La\u00efni, un esprit ouvert et r\u00e9serv\u00e9e pour la justice congolaise - Infos Droits Humains<\/title>\n<meta name=\"robots\" content=\"index, follow, max-snippet:-1, max-image-preview:large, max-video-preview:-1\" \/>\n<link rel=\"canonical\" href=\"https:\/\/infos-droitshumains.net\/?p=9483\" \/>\n<meta property=\"og:locale\" content=\"fr_FR\" \/>\n<meta property=\"og:type\" content=\"article\" \/>\n<meta property=\"og:title\" content=\"Femmes qui inspirent\u00a0: Charlotte Mala\u00efka La\u00efni, un esprit ouvert et r\u00e9serv\u00e9e pour la justice congolaise - Infos Droits Humains\" \/>\n<meta property=\"og:description\" content=\"R\u00e9daction:+243817406088 Dans le cadre de sa rubrique \u2018\u2019Femmes qui inspirent\u2019\u2019 con\u00e7ue sp\u00e9cialement \u00e0 l\u2019occasion du...\" \/>\n<meta property=\"og:url\" content=\"https:\/\/infos-droitshumains.net\/?p=9483\" \/>\n<meta property=\"og:site_name\" content=\"Infos Droits Humains\" \/>\n<meta property=\"article:published_time\" content=\"2024-03-22T14:00:00+00:00\" \/>\n<meta property=\"og:image\" content=\"https:\/\/i0.wp.com\/infos-droitshumains.net\/wp-content\/uploads\/2024\/03\/MALAIKA-1.jpg?fit=810%2C809&ssl=1\" \/>\n\t<meta property=\"og:image:width\" content=\"810\" \/>\n\t<meta property=\"og:image:height\" content=\"809\" \/>\n\t<meta property=\"og:image:type\" content=\"image\/jpeg\" \/>\n<meta name=\"author\" content=\"Jo\u00ebl Diawa\" \/>\n<meta name=\"twitter:card\" content=\"summary_large_image\" \/>\n<meta name=\"twitter:label1\" content=\"\u00c9crit par\" \/>\n\t<meta name=\"twitter:data1\" content=\"Jo\u00ebl Diawa\" \/>\n\t<meta name=\"twitter:label2\" content=\"Dur\u00e9e de lecture estim\u00e9e\" \/>\n\t<meta name=\"twitter:data2\" content=\"2 minutes\" \/>\n<script type=\"application\/ld+json\" class=\"yoast-schema-graph\">{\"@context\":\"https:\\\/\\\/schema.org\",\"@graph\":[{\"@type\":\"Article\",\"@id\":\"https:\\\/\\\/infos-droitshumains.net\\\/?p=9483#article\",\"isPartOf\":{\"@id\":\"https:\\\/\\\/infos-droitshumains.net\\\/?p=9483\"},\"author\":{\"name\":\"Jo\u00ebl Diawa\",\"@id\":\"https:\\\/\\\/infos-droitshumains.net\\\/#\\\/schema\\\/person\\\/3dc5e921c3302172e0ed4362f96faab7\"},\"headline\":\"Femmes qui inspirent\u00a0: Charlotte Mala\u00efka La\u00efni, un esprit ouvert et r\u00e9serv\u00e9e pour la justice congolaise\",\"datePublished\":\"2024-03-22T14:00:00+00:00\",\"mainEntityOfPage\":{\"@id\":\"https:\\\/\\\/infos-droitshumains.net\\\/?p=9483\"},\"wordCount\":398,\"commentCount\":0,\"publisher\":{\"@id\":\"https:\\\/\\\/infos-droitshumains.net\\\/#organization\"},\"image\":{\"@id\":\"https:\\\/\\\/infos-droitshumains.net\\\/?p=9483#primaryimage\"},\"thumbnailUrl\":\"https:\\\/\\\/i0.wp.com\\\/infos-droitshumains.net\\\/wp-content\\\/uploads\\\/2024\\\/03\\\/MALAIKA-1.jpg?fit=810%2C809&ssl=1\",\"articleSection\":[\"Justice\"],\"inLanguage\":\"fr-FR\",\"potentialAction\":[{\"@type\":\"CommentAction\",\"name\":\"Comment\",\"target\":[\"https:\\\/\\\/infos-droitshumains.net\\\/?p=9483#respond\"]}]},{\"@type\":\"WebPage\",\"@id\":\"https:\\\/\\\/infos-droitshumains.net\\\/?p=9483\",\"url\":\"https:\\\/\\\/infos-droitshumains.net\\\/?p=9483\",\"name\":\"Femmes qui inspirent\u00a0: Charlotte Mala\u00efka La\u00efni, un esprit ouvert et r\u00e9serv\u00e9e pour la justice congolaise - Infos Droits Humains\",\"isPartOf\":{\"@id\":\"https:\\\/\\\/infos-droitshumains.net\\\/#website\"},\"primaryImageOfPage\":{\"@id\":\"https:\\\/\\\/infos-droitshumains.net\\\/?p=9483#primaryimage\"},\"image\":{\"@id\":\"https:\\\/\\\/infos-droitshumains.net\\\/?p=9483#primaryimage\"},\"thumbnailUrl\":\"https:\\\/\\\/i0.wp.com\\\/infos-droitshumains.net\\\/wp-content\\\/uploads\\\/2024\\\/03\\\/MALAIKA-1.jpg?fit=810%2C809&ssl=1\",\"datePublished\":\"2024-03-22T14:00:00+00:00\",\"breadcrumb\":{\"@id\":\"https:\\\/\\\/infos-droitshumains.net\\\/?p=9483#breadcrumb\"},\"inLanguage\":\"fr-FR\",\"potentialAction\":[{\"@type\":\"ReadAction\",\"target\":[\"https:\\\/\\\/infos-droitshumains.net\\\/?p=9483\"]}]},{\"@type\":\"ImageObject\",\"inLanguage\":\"fr-FR\",\"@id\":\"https:\\\/\\\/infos-droitshumains.net\\\/?p=9483#primaryimage\",\"url\":\"https:\\\/\\\/i0.wp.com\\\/infos-droitshumains.net\\\/wp-content\\\/uploads\\\/2024\\\/03\\\/MALAIKA-1.jpg?fit=810%2C809&ssl=1\",\"contentUrl\":\"https:\\\/\\\/i0.wp.com\\\/infos-droitshumains.net\\\/wp-content\\\/uploads\\\/2024\\\/03\\\/MALAIKA-1.jpg?fit=810%2C809&ssl=1\",\"width\":810,\"height\":809},{\"@type\":\"BreadcrumbList\",\"@id\":\"https:\\\/\\\/infos-droitshumains.net\\\/?p=9483#breadcrumb\",\"itemListElement\":[{\"@type\":\"ListItem\",\"position\":1,\"name\":\"Accueil\",\"item\":\"https:\\\/\\\/infos-droitshumains.net\\\/\"},{\"@type\":\"ListItem\",\"position\":2,\"name\":\"Femmes qui inspirent\u00a0: Charlotte Mala\u00efka La\u00efni, un esprit ouvert et r\u00e9serv\u00e9e pour la justice congolaise\"}]},{\"@type\":\"WebSite\",\"@id\":\"https:\\\/\\\/infos-droitshumains.net\\\/#website\",\"url\":\"https:\\\/\\\/infos-droitshumains.net\\\/\",\"name\":\"Infos Droits Humains\",\"description\":\"S&#039;informer est un droit\",\"publisher\":{\"@id\":\"https:\\\/\\\/infos-droitshumains.net\\\/#organization\"},\"potentialAction\":[{\"@type\":\"SearchAction\",\"target\":{\"@type\":\"EntryPoint\",\"urlTemplate\":\"https:\\\/\\\/infos-droitshumains.net\\\/?s={search_term_string}\"},\"query-input\":{\"@type\":\"PropertyValueSpecification\",\"valueRequired\":true,\"valueName\":\"search_term_string\"}}],\"inLanguage\":\"fr-FR\"},{\"@type\":\"Organization\",\"@id\":\"https:\\\/\\\/infos-droitshumains.net\\\/#organization\",\"name\":\"Infos Droits Humains\",\"url\":\"https:\\\/\\\/infos-droitshumains.net\\\/\",\"logo\":{\"@type\":\"ImageObject\",\"inLanguage\":\"fr-FR\",\"@id\":\"https:\\\/\\\/infos-droitshumains.net\\\/#\\\/schema\\\/logo\\\/image\\\/\",\"url\":\"https:\\\/\\\/i0.wp.com\\\/infos-droitshumains.net\\\/wp-content\\\/uploads\\\/2022\\\/05\\\/Logo.png?fit=333%2C129&ssl=1\",\"contentUrl\":\"https:\\\/\\\/i0.wp.com\\\/infos-droitshumains.net\\\/wp-content\\\/uploads\\\/2022\\\/05\\\/Logo.png?fit=333%2C129&ssl=1\",\"width\":333,\"height\":129,\"caption\":\"Infos Droits Humains\"},\"image\":{\"@id\":\"https:\\\/\\\/infos-droitshumains.net\\\/#\\\/schema\\\/logo\\\/image\\\/\"}},{\"@type\":\"Person\",\"@id\":\"https:\\\/\\\/infos-droitshumains.net\\\/#\\\/schema\\\/person\\\/3dc5e921c3302172e0ed4362f96faab7\",\"name\":\"Jo\u00ebl Diawa\",\"image\":{\"@type\":\"ImageObject\",\"inLanguage\":\"fr-FR\",\"@id\":\"https:\\\/\\\/secure.gravatar.com\\\/avatar\\\/729bea6ff4604c624417803c477363be8e3c7186deaa65713313f9b4b820f41c?s=96&d=mm&r=g\",\"url\":\"https:\\\/\\\/secure.gravatar.com\\\/avatar\\\/729bea6ff4604c624417803c477363be8e3c7186deaa65713313f9b4b820f41c?s=96&d=mm&r=g\",\"contentUrl\":\"https:\\\/\\\/secure.gravatar.com\\\/avatar\\\/729bea6ff4604c624417803c477363be8e3c7186deaa65713313f9b4b820f41c?s=96&d=mm&r=g\",\"caption\":\"Jo\u00ebl Diawa\"},\"sameAs\":[\"https:\\\/\\\/www.infos-droitshumains.net\"],\"url\":\"https:\\\/\\\/infos-droitshumains.net\\\/?author=2\"}]}<\/script>\n<!-- \/ Yoast SEO plugin. -->","yoast_head_json":{"title":"Femmes qui inspirent\u00a0: Charlotte Mala\u00efka La\u00efni, un esprit ouvert et r\u00e9serv\u00e9e pour la justice congolaise - Infos Droits Humains","robots":{"index":"index","follow":"follow","max-snippet":"max-snippet:-1","max-image-preview":"max-image-preview:large","max-video-preview":"max-video-preview:-1"},"canonical":"https:\/\/infos-droitshumains.net\/?p=9483","og_locale":"fr_FR","og_type":"article","og_title":"Femmes qui inspirent\u00a0: Charlotte Mala\u00efka La\u00efni, un esprit ouvert et r\u00e9serv\u00e9e pour la justice congolaise - Infos Droits Humains","og_description":"R\u00e9daction:+243817406088 Dans le cadre de sa rubrique \u2018\u2019Femmes qui inspirent\u2019\u2019 con\u00e7ue sp\u00e9cialement \u00e0 l\u2019occasion du...","og_url":"https:\/\/infos-droitshumains.net\/?p=9483","og_site_name":"Infos Droits Humains","article_published_time":"2024-03-22T14:00:00+00:00","og_image":[{"width":810,"height":809,"url":"https:\/\/i0.wp.com\/infos-droitshumains.net\/wp-content\/uploads\/2024\/03\/MALAIKA-1.jpg?fit=810%2C809&ssl=1","type":"image\/jpeg"}],"author":"Jo\u00ebl Diawa","twitter_card":"summary_large_image","twitter_misc":{"\u00c9crit par":"Jo\u00ebl Diawa","Dur\u00e9e de lecture estim\u00e9e":"2 minutes"},"schema":{"@context":"https:\/\/schema.org","@graph":[{"@type":"Article","@id":"https:\/\/infos-droitshumains.net\/?p=9483#article","isPartOf":{"@id":"https:\/\/infos-droitshumains.net\/?p=9483"},"author":{"name":"Jo\u00ebl Diawa","@id":"https:\/\/infos-droitshumains.net\/#\/schema\/person\/3dc5e921c3302172e0ed4362f96faab7"},"headline":"Femmes qui inspirent\u00a0: Charlotte Mala\u00efka La\u00efni, un esprit ouvert et r\u00e9serv\u00e9e pour la justice congolaise","datePublished":"2024-03-22T14:00:00+00:00","mainEntityOfPage":{"@id":"https:\/\/infos-droitshumains.net\/?p=9483"},"wordCount":398,"commentCount":0,"publisher":{"@id":"https:\/\/infos-droitshumains.net\/#organization"},"image":{"@id":"https:\/\/infos-droitshumains.net\/?p=9483#primaryimage"},"thumbnailUrl":"https:\/\/i0.wp.com\/infos-droitshumains.net\/wp-content\/uploads\/2024\/03\/MALAIKA-1.jpg?fit=810%2C809&ssl=1","articleSection":["Justice"],"inLanguage":"fr-FR","potentialAction":[{"@type":"CommentAction","name":"Comment","target":["https:\/\/infos-droitshumains.net\/?p=9483#respond"]}]},{"@type":"WebPage","@id":"https:\/\/infos-droitshumains.net\/?p=9483","url":"https:\/\/infos-droitshumains.net\/?p=9483","name":"Femmes qui inspirent\u00a0: Charlotte Mala\u00efka La\u00efni, un esprit ouvert et r\u00e9serv\u00e9e pour la justice congolaise - Infos Droits Humains","isPartOf":{"@id":"https:\/\/infos-droitshumains.net\/#website"},"primaryImageOfPage":{"@id":"https:\/\/infos-droitshumains.net\/?p=9483#primaryimage"},"image":{"@id":"https:\/\/infos-droitshumains.net\/?p=9483#primaryimage"},"thumbnailUrl":"https:\/\/i0.wp.com\/infos-droitshumains.net\/wp-content\/uploads\/2024\/03\/MALAIKA-1.jpg?fit=810%2C809&ssl=1","datePublished":"2024-03-22T14:00:00+00:00","breadcrumb":{"@id":"https:\/\/infos-droitshumains.net\/?p=9483#breadcrumb"},"inLanguage":"fr-FR","potentialAction":[{"@type":"ReadAction","target":["https:\/\/infos-droitshumains.net\/?p=9483"]}]},{"@type":"ImageObject","inLanguage":"fr-FR","@id":"https:\/\/infos-droitshumains.net\/?p=9483#primaryimage","url":"https:\/\/i0.wp.com\/infos-droitshumains.net\/wp-content\/uploads\/2024\/03\/MALAIKA-1.jpg?fit=810%2C809&ssl=1","contentUrl":"https:\/\/i0.wp.com\/infos-droitshumains.net\/wp-content\/uploads\/2024\/03\/MALAIKA-1.jpg?fit=810%2C809&ssl=1","width":810,"height":809},{"@type":"BreadcrumbList","@id":"https:\/\/infos-droitshumains.net\/?p=9483#breadcrumb","itemListElement":[{"@type":"ListItem","position":1,"name":"Accueil","item":"https:\/\/infos-droitshumains.net\/"},{"@type":"ListItem","position":2,"name":"Femmes qui inspirent\u00a0: Charlotte Mala\u00efka La\u00efni, un esprit ouvert et r\u00e9serv\u00e9e pour la justice congolaise"}]},{"@type":"WebSite","@id":"https:\/\/infos-droitshumains.net\/#website","url":"https:\/\/infos-droitshumains.net\/","name":"Infos Droits Humains","description":"S&#039;informer est un droit","publisher":{"@id":"https:\/\/infos-droitshumains.net\/#organization"},"potentialAction":[{"@type":"SearchAction","target":{"@type":"EntryPoint","urlTemplate":"https:\/\/infos-droitshumains.net\/?s={search_term_string}"},"query-input":{"@type":"PropertyValueSpecification","valueRequired":true,"valueName":"search_term_string"}}],"inLanguage":"fr-FR"},{"@type":"Organization","@id":"https:\/\/infos-droitshumains.net\/#organization","name":"Infos Droits Humains","url":"https:\/\/infos-droitshumains.net\/","logo":{"@type":"ImageObject","inLanguage":"fr-FR","@id":"https:\/\/infos-droitshumains.net\/#\/schema\/logo\/image\/","url":"https:\/\/i0.wp.com\/infos-droitshumains.net\/wp-content\/uploads\/2022\/05\/Logo.png?fit=333%2C129&ssl=1","contentUrl":"https:\/\/i0.wp.com\/infos-droitshumains.net\/wp-content\/uploads\/2022\/05\/Logo.png?fit=333%2C129&ssl=1","width":333,"height":129,"caption":"Infos Droits Humains"},"image":{"@id":"https:\/\/infos-droitshumains.net\/#\/schema\/logo\/image\/"}},{"@type":"Person","@id":"https:\/\/infos-droitshumains.net\/#\/schema\/person\/3dc5e921c3302172e0ed4362f96faab7","name":"Jo\u00ebl Diawa","image":{"@type":"ImageObject","inLanguage":"fr-FR","@id":"https:\/\/secure.gravatar.com\/avatar\/729bea6ff4604c624417803c477363be8e3c7186deaa65713313f9b4b820f41c?s=96&d=mm&r=g","url":"https:\/\/secure.gravatar.com\/avatar\/729bea6ff4604c624417803c477363be8e3c7186deaa65713313f9b4b820f41c?s=96&d=mm&r=g","contentUrl":"https:\/\/secure.gravatar.com\/avatar\/729bea6ff4604c624417803c477363be8e3c7186deaa65713313f9b4b820f41c?s=96&d=mm&r=g","caption":"Jo\u00ebl Diawa"},"sameAs":["https:\/\/www.infos-droitshumains.net"],"url":"https:\/\/infos-droitshumains.net\/?author=2"}]}},"featured_image_urls":{"full":["https:\/\/i0.wp.com\/infos-droitshumains.net\/wp-content\/uploads\/2024\/03\/MALAIKA-1.jpg?fit=810%2C809&ssl=1",810,809,false],"thumbnail":["https:\/\/i0.wp.com\/infos-droitshumains.net\/wp-content\/uploads\/2024\/03\/MALAIKA-1.jpg?resize=150%2C150&ssl=1",150,150,true],"medium":["https:\/\/i0.wp.com\/infos-droitshumains.net\/wp-content\/uploads\/2024\/03\/MALAIKA-1.jpg?fit=300%2C300&ssl=1",300,300,true],"medium_large":["https:\/\/i0.wp.com\/infos-droitshumains.net\/wp-content\/uploads\/2024\/03\/MALAIKA-1.jpg?fit=640%2C639&ssl=1",640,639,true],"large":["https:\/\/i0.wp.com\/infos-droitshumains.net\/wp-content\/uploads\/2024\/03\/MALAIKA-1.jpg?fit=640%2C639&ssl=1",640,639,true],"1536x1536":["https:\/\/i0.wp.com\/infos-droitshumains.net\/wp-content\/uploads\/2024\/03\/MALAIKA-1.jpg?fit=810%2C809&ssl=1",810,809,true],"2048x2048":["https:\/\/i0.wp.com\/infos-droitshumains.net\/wp-content\/uploads\/2024\/03\/MALAIKA-1.jpg?fit=810%2C809&ssl=1",810,809,true],"covernews-slider-full":["https:\/\/i0.wp.com\/infos-droitshumains.net\/wp-content\/uploads\/2024\/03\/MALAIKA-1.jpg?resize=810%2C715&ssl=1",810,715,true],"covernews-slider-center":["https:\/\/i0.wp.com\/infos-droitshumains.net\/wp-content\/uploads\/2024\/03\/MALAIKA-1.jpg?resize=800%2C500&ssl=1",800,500,true],"covernews-featured":["https:\/\/i0.wp.com\/infos-droitshumains.net\/wp-content\/uploads\/2024\/03\/MALAIKA-1.jpg?fit=810%2C809&ssl=1",810,809,true],"covernews-medium":["https:\/\/i0.wp.com\/infos-droitshumains.net\/wp-content\/uploads\/2024\/03\/MALAIKA-1.jpg?resize=540%2C340&ssl=1",540,340,true],"covernews-medium-square":["https:\/\/i0.wp.com\/infos-droitshumains.net\/wp-content\/uploads\/2024\/03\/MALAIKA-1.jpg?resize=400%2C250&ssl=1",400,250,true]},"author_info":{"display_name":"Jo\u00ebl Diawa","author_link":"https:\/\/infos-droitshumains.net\/?author=2"},"category_info":"<a href=\"https:\/\/infos-droitshumains.net\/?cat=6\" rel=\"category\">Justice<\/a>","tag_info":"Justice","comment_count":"0","jetpack_featured_media_url":"https:\/\/i0.wp.com\/infos-droitshumains.net\/wp-content\/uploads\/2024\/03\/MALAIKA-1.jpg?fit=810%2C809&ssl=1","jetpack-related-posts":[],"jetpack_sharing_enabled":true,"_links":{"self":[{"href":"https:\/\/infos-droitshumains.net\/index.php?rest_route=\/wp\/v2\/posts\/9483","targetHints":{"allow":["GET"]}}],"collection":[{"href":"https:\/\/infos-droitshumains.net\/index.php?rest_route=\/wp\/v2\/posts"}],"about":[{"href":"https:\/\/infos-droitshumains.net\/index.php?rest_route=\/wp\/v2\/types\/post"}],"author":[{"embeddable":true,"href":"https:\/\/infos-droitshumains.net\/index.php?rest_route=\/wp\/v2\/users\/2"}],"replies":[{"embeddable":true,"href":"https:\/\/infos-droitshumains.net\/index.php?rest_route=%2Fwp%2Fv2%2Fcomments&post=9483"}],"version-history":[{"count":1,"href":"https:\/\/infos-droitshumains.net\/index.php?rest_route=\/wp\/v2\/posts\/9483\/revisions"}],"predecessor-version":[{"id":9484,"href":"https:\/\/infos-droitshumains.net\/index.php?rest_route=\/wp\/v2\/posts\/9483\/revisions\/9484"}],"wp:featuredmedia":[{"embeddable":true,"href":"https:\/\/infos-droitshumains.net\/index.php?rest_route=\/wp\/v2\/media\/9480"}],"wp:attachment":[{"href":"https:\/\/infos-droitshumains.net\/index.php?rest_route=%2Fwp%2Fv2%2Fmedia&parent=9483"}],"wp:term":[{"taxonomy":"category","embeddable":true,"href":"https:\/\/infos-droitshumains.net\/index.php?rest_route=%2Fwp%2Fv2%2Fcategories&post=9483"},{"taxonomy":"post_tag","embeddable":true,"href":"https:\/\/infos-droitshumains.net\/index.php?rest_route=%2Fwp%2Fv2%2Ftags&post=9483"}],"curies":[{"name":"wp","href":"https:\/\/api.w.org\/{rel}","templated":true}]}}