{"id":9478,"date":"2024-03-21T12:01:01","date_gmt":"2024-03-21T11:01:01","guid":{"rendered":"https:\/\/infos-droitshumains.net\/?p=9478"},"modified":"2024-03-21T12:11:10","modified_gmt":"2024-03-21T11:11:10","slug":"femmes-qui-inspirent-josephine-mbela-tshiandaye-priorite-a-la-defense-des-droits-de-lhomme","status":"publish","type":"post","link":"https:\/\/infos-droitshumains.net\/?p=9478","title":{"rendered":"Femmes qui inspirent\u00a0: Jos\u00e9phine Mbela Tshiandaye, priorit\u00e9 \u00e0 la d\u00e9fense des droits de l\u2019homme"},"content":{"rendered":"\n<p><strong>R\u00e9daction:+243817406088<\/strong><\/p>\n\n\n\n<h4 class=\"wp-block-heading has-vivid-red-color has-text-color has-link-color wp-elements-423f2a281ea454c2c5ad3068fe0e2f7e\">Femmes qui inspirent num\u00e9ro septi\u00e8me de la r\u00e9daction du Journal T\u00e9l\u00e9vis\u00e9 des Droits Humains met en vedette Jos\u00e9phine Mbela Tshiandaye, avocate et d\u00e9fenseur des droits de l\u2019homme.<\/h4>\n\n\n\n<p>Licenci\u00e9e en Droit Public International de l\u2019Universit\u00e9 Protestante au Congo en 2005, Jos\u00e9phine Mbela est depuis juillet 2017, avocate asserment\u00e9e au barreau de Kinshasa\/Matete.<\/p>\n\n\n\n<p>D\u00e9j\u00e0 en 2016, elle avait rejoint l\u2019Association congolaise pour l\u2019acc\u00e8s \u00e0 la justice (CAAJ) en en tant que charg\u00e9e de plaidoyer pour les questions relatives aux droits des femmes et des enfants.<\/p>\n\n\n\n<p>Au cours de son mandat en tant que charg\u00e9e de plaidoyer, elle a particip\u00e9 activement \u00e0 plusieurs activit\u00e9s de haut niveau, notamment, l\u2019Atelier sur la transparence et l\u2019\u00e9thique dans les institutions gouvernementales en R\u00e9publique d\u00e9mocratique du Congo; l\u2019\u00e9laboration de la strat\u00e9gie nationale de lutte contre la corruption dont elle \u00e9tait la facilitatrice&nbsp;; l\u2019\u00e9laboration de la loi sur la protection des lanceurs d\u2019alerte. Jos\u00e9phine Mbela a aussi agi en tant que porte-parole au nom du peuple congolais devant le Conseil de s\u00e9curit\u00e9 des Nations unies pour d\u00e9fendre les besoins du peuple congolais. Tr\u00e8s active sur les plateformes de m\u00e9dias sociaux ainsi que sur la sc\u00e8ne politique, elle interagit souvent avec des dirigeants politiques, des membres de la communaut\u00e9 internationale et de la soci\u00e9t\u00e9 civile congolaise.<\/p>\n\n\n\n<p>Titulaire d&rsquo;une ma\u00eetrise en droit international de l\u2019Universit\u00e9 Protestante au Congo, Jos\u00e9phine Mbela est experte dans les domaines suivants&nbsp;: le rapport national d\u2019\u00e9valuation des risques de blanchiment d\u2019argent, la lutte contre le d\u00e9tournement de fonds publics et le blanchiment d\u2019argent, la m\u00e9diation et le lobbying.<\/p>\n\n\n\n<p>Avocate et d\u00e9fenseur des droits de l\u2019homme, charg\u00e9e de plaidoyer et de l\u2019administration au sein de l\u2019association congolaise pour l\u2019acc\u00e8s \u00e0 la justice \u00ab&nbsp; ACAJ&nbsp;\u00bb, Mbela est sp\u00e9cialis\u00e9e en arbitrage et m\u00e9diation, membre de plusieurs associations dont l\u2019Alliance Internationale des Femmes Avocate \u00ab&nbsp;AIFA&nbsp;\u00bb; Comit\u00e9 Consultatif de Lutte contre le Blanchiment de Capitaux et le Financement du Terrorisme, (COLUB), Coalition pour la Cour Africaine. Elle est en outre, assistante juridique aux nations unies et initiatrice de l\u2019acad\u00e9mie des gestions publiques.<\/p>\n\n\n\n<p>Avant d\u2019embrasser la profession d\u2019avocat, Jos\u00e9phine Mbela a travaill\u00e9 \u00e0 la Mission des Nations Unies au Congo (MONUC) o\u00f9 elle a servi entre 2008 et 2010 en tant qu\u2019assistante de protocole au Bureau du Repr\u00e9sentant sp\u00e9cial du Secr\u00e9taire g\u00e9n\u00e9ral. La MONUC est ensuite devenue la Mission des Nations unies pour la stabilisation en R\u00e9publique d\u00e9mocratique du Congo (MONUSCO), elle a continu\u00e9 \u00e0 servir en tant qu\u2019assistante au protocole jusqu\u2019en f\u00e9vrier 2012, elle est pass\u00e9e aux ressources humaines et a rejoint le Bureau du Conseiller juridique principal en tant qu\u2019assistante administrative\/juridique.<\/p>\n\n\n\n<p>Merlin Kamalandua<\/p>\n","protected":false},"excerpt":{"rendered":"<p>R\u00e9daction:+243817406088 Femmes qui inspirent num\u00e9ro septi\u00e8me de la r\u00e9daction du Journal T\u00e9l\u00e9vis\u00e9 des Droits Humains&#8230;<\/p>\n","protected":false},"author":2,"featured_media":9481,"comment_status":"open","ping_status":"open","sticky":false,"template":"","format":"standard","meta":{"_jetpack_memberships_contains_paid_content":false,"footnotes":""},"categories":[6],"tags":[],"class_list":["post-9478","post","type-post","status-publish","format-standard","has-post-thumbnail","hentry","category-justice"],"yoast_head":"<!-- This site is optimized with the Yoast SEO plugin v27.5 - https:\/\/yoast.com\/product\/yoast-seo-wordpress\/ -->\n<title>Femmes qui inspirent\u00a0: Jos\u00e9phine Mbela Tshiandaye, priorit\u00e9 \u00e0 la d\u00e9fense des droits de l\u2019homme - Infos Droits Humains<\/title>\n<meta name=\"robots\" content=\"index, follow, max-snippet:-1, max-image-preview:large, max-video-preview:-1\" \/>\n<link rel=\"canonical\" href=\"https:\/\/infos-droitshumains.net\/?p=9478\" \/>\n<meta property=\"og:locale\" content=\"fr_FR\" \/>\n<meta property=\"og:type\" content=\"article\" \/>\n<meta property=\"og:title\" content=\"Femmes qui inspirent\u00a0: Jos\u00e9phine Mbela Tshiandaye, priorit\u00e9 \u00e0 la d\u00e9fense des droits de l\u2019homme - Infos Droits Humains\" \/>\n<meta property=\"og:description\" content=\"R\u00e9daction:+243817406088 Femmes qui inspirent num\u00e9ro septi\u00e8me de la r\u00e9daction du Journal T\u00e9l\u00e9vis\u00e9 des Droits Humains...\" \/>\n<meta property=\"og:url\" content=\"https:\/\/infos-droitshumains.net\/?p=9478\" \/>\n<meta property=\"og:site_name\" content=\"Infos Droits Humains\" \/>\n<meta property=\"article:published_time\" content=\"2024-03-21T11:01:01+00:00\" \/>\n<meta property=\"article:modified_time\" content=\"2024-03-21T11:11:10+00:00\" \/>\n<meta property=\"og:image\" content=\"https:\/\/infos-droitshumains.net\/wp-content\/uploads\/2024\/03\/JOSEPHINE.jpg\" \/>\n\t<meta property=\"og:image:width\" content=\"637\" \/>\n\t<meta property=\"og:image:height\" content=\"932\" \/>\n\t<meta property=\"og:image:type\" content=\"image\/jpeg\" \/>\n<meta name=\"author\" content=\"Jo\u00ebl Diawa\" \/>\n<meta name=\"twitter:card\" content=\"summary_large_image\" \/>\n<meta name=\"twitter:label1\" content=\"\u00c9crit par\" \/>\n\t<meta name=\"twitter:data1\" content=\"Jo\u00ebl Diawa\" \/>\n\t<meta name=\"twitter:label2\" content=\"Dur\u00e9e de lecture estim\u00e9e\" \/>\n\t<meta name=\"twitter:data2\" content=\"3 minutes\" \/>\n<script type=\"application\/ld+json\" class=\"yoast-schema-graph\">{\"@context\":\"https:\\\/\\\/schema.org\",\"@graph\":[{\"@type\":\"Article\",\"@id\":\"https:\\\/\\\/infos-droitshumains.net\\\/?p=9478#article\",\"isPartOf\":{\"@id\":\"https:\\\/\\\/infos-droitshumains.net\\\/?p=9478\"},\"author\":{\"name\":\"Jo\u00ebl Diawa\",\"@id\":\"https:\\\/\\\/infos-droitshumains.net\\\/#\\\/schema\\\/person\\\/3dc5e921c3302172e0ed4362f96faab7\"},\"headline\":\"Femmes qui inspirent\u00a0: Jos\u00e9phine Mbela Tshiandaye, priorit\u00e9 \u00e0 la d\u00e9fense des droits de l\u2019homme\",\"datePublished\":\"2024-03-21T11:01:01+00:00\",\"dateModified\":\"2024-03-21T11:11:10+00:00\",\"mainEntityOfPage\":{\"@id\":\"https:\\\/\\\/infos-droitshumains.net\\\/?p=9478\"},\"wordCount\":508,\"commentCount\":0,\"publisher\":{\"@id\":\"https:\\\/\\\/infos-droitshumains.net\\\/#organization\"},\"image\":{\"@id\":\"https:\\\/\\\/infos-droitshumains.net\\\/?p=9478#primaryimage\"},\"thumbnailUrl\":\"https:\\\/\\\/i0.wp.com\\\/infos-droitshumains.net\\\/wp-content\\\/uploads\\\/2024\\\/03\\\/JOSEPHINE.jpg?fit=637%2C932&ssl=1\",\"articleSection\":[\"Justice\"],\"inLanguage\":\"fr-FR\",\"potentialAction\":[{\"@type\":\"CommentAction\",\"name\":\"Comment\",\"target\":[\"https:\\\/\\\/infos-droitshumains.net\\\/?p=9478#respond\"]}]},{\"@type\":\"WebPage\",\"@id\":\"https:\\\/\\\/infos-droitshumains.net\\\/?p=9478\",\"url\":\"https:\\\/\\\/infos-droitshumains.net\\\/?p=9478\",\"name\":\"Femmes qui inspirent\u00a0: Jos\u00e9phine Mbela Tshiandaye, priorit\u00e9 \u00e0 la d\u00e9fense des droits de l\u2019homme - Infos Droits Humains\",\"isPartOf\":{\"@id\":\"https:\\\/\\\/infos-droitshumains.net\\\/#website\"},\"primaryImageOfPage\":{\"@id\":\"https:\\\/\\\/infos-droitshumains.net\\\/?p=9478#primaryimage\"},\"image\":{\"@id\":\"https:\\\/\\\/infos-droitshumains.net\\\/?p=9478#primaryimage\"},\"thumbnailUrl\":\"https:\\\/\\\/i0.wp.com\\\/infos-droitshumains.net\\\/wp-content\\\/uploads\\\/2024\\\/03\\\/JOSEPHINE.jpg?fit=637%2C932&ssl=1\",\"datePublished\":\"2024-03-21T11:01:01+00:00\",\"dateModified\":\"2024-03-21T11:11:10+00:00\",\"breadcrumb\":{\"@id\":\"https:\\\/\\\/infos-droitshumains.net\\\/?p=9478#breadcrumb\"},\"inLanguage\":\"fr-FR\",\"potentialAction\":[{\"@type\":\"ReadAction\",\"target\":[\"https:\\\/\\\/infos-droitshumains.net\\\/?p=9478\"]}]},{\"@type\":\"ImageObject\",\"inLanguage\":\"fr-FR\",\"@id\":\"https:\\\/\\\/infos-droitshumains.net\\\/?p=9478#primaryimage\",\"url\":\"https:\\\/\\\/i0.wp.com\\\/infos-droitshumains.net\\\/wp-content\\\/uploads\\\/2024\\\/03\\\/JOSEPHINE.jpg?fit=637%2C932&ssl=1\",\"contentUrl\":\"https:\\\/\\\/i0.wp.com\\\/infos-droitshumains.net\\\/wp-content\\\/uploads\\\/2024\\\/03\\\/JOSEPHINE.jpg?fit=637%2C932&ssl=1\",\"width\":637,\"height\":932},{\"@type\":\"BreadcrumbList\",\"@id\":\"https:\\\/\\\/infos-droitshumains.net\\\/?p=9478#breadcrumb\",\"itemListElement\":[{\"@type\":\"ListItem\",\"position\":1,\"name\":\"Accueil\",\"item\":\"https:\\\/\\\/infos-droitshumains.net\\\/\"},{\"@type\":\"ListItem\",\"position\":2,\"name\":\"Femmes qui inspirent\u00a0: Jos\u00e9phine Mbela Tshiandaye, priorit\u00e9 \u00e0 la d\u00e9fense des droits de l\u2019homme\"}]},{\"@type\":\"WebSite\",\"@id\":\"https:\\\/\\\/infos-droitshumains.net\\\/#website\",\"url\":\"https:\\\/\\\/infos-droitshumains.net\\\/\",\"name\":\"Infos Droits Humains\",\"description\":\"S&#039;informer est un droit\",\"publisher\":{\"@id\":\"https:\\\/\\\/infos-droitshumains.net\\\/#organization\"},\"potentialAction\":[{\"@type\":\"SearchAction\",\"target\":{\"@type\":\"EntryPoint\",\"urlTemplate\":\"https:\\\/\\\/infos-droitshumains.net\\\/?s={search_term_string}\"},\"query-input\":{\"@type\":\"PropertyValueSpecification\",\"valueRequired\":true,\"valueName\":\"search_term_string\"}}],\"inLanguage\":\"fr-FR\"},{\"@type\":\"Organization\",\"@id\":\"https:\\\/\\\/infos-droitshumains.net\\\/#organization\",\"name\":\"Infos Droits Humains\",\"url\":\"https:\\\/\\\/infos-droitshumains.net\\\/\",\"logo\":{\"@type\":\"ImageObject\",\"inLanguage\":\"fr-FR\",\"@id\":\"https:\\\/\\\/infos-droitshumains.net\\\/#\\\/schema\\\/logo\\\/image\\\/\",\"url\":\"https:\\\/\\\/i0.wp.com\\\/infos-droitshumains.net\\\/wp-content\\\/uploads\\\/2022\\\/05\\\/Logo.png?fit=333%2C129&ssl=1\",\"contentUrl\":\"https:\\\/\\\/i0.wp.com\\\/infos-droitshumains.net\\\/wp-content\\\/uploads\\\/2022\\\/05\\\/Logo.png?fit=333%2C129&ssl=1\",\"width\":333,\"height\":129,\"caption\":\"Infos Droits Humains\"},\"image\":{\"@id\":\"https:\\\/\\\/infos-droitshumains.net\\\/#\\\/schema\\\/logo\\\/image\\\/\"}},{\"@type\":\"Person\",\"@id\":\"https:\\\/\\\/infos-droitshumains.net\\\/#\\\/schema\\\/person\\\/3dc5e921c3302172e0ed4362f96faab7\",\"name\":\"Jo\u00ebl Diawa\",\"image\":{\"@type\":\"ImageObject\",\"inLanguage\":\"fr-FR\",\"@id\":\"https:\\\/\\\/secure.gravatar.com\\\/avatar\\\/729bea6ff4604c624417803c477363be8e3c7186deaa65713313f9b4b820f41c?s=96&d=mm&r=g\",\"url\":\"https:\\\/\\\/secure.gravatar.com\\\/avatar\\\/729bea6ff4604c624417803c477363be8e3c7186deaa65713313f9b4b820f41c?s=96&d=mm&r=g\",\"contentUrl\":\"https:\\\/\\\/secure.gravatar.com\\\/avatar\\\/729bea6ff4604c624417803c477363be8e3c7186deaa65713313f9b4b820f41c?s=96&d=mm&r=g\",\"caption\":\"Jo\u00ebl Diawa\"},\"sameAs\":[\"https:\\\/\\\/www.infos-droitshumains.net\"],\"url\":\"https:\\\/\\\/infos-droitshumains.net\\\/?author=2\"}]}<\/script>\n<!-- \/ Yoast SEO plugin. -->","yoast_head_json":{"title":"Femmes qui inspirent\u00a0: Jos\u00e9phine Mbela Tshiandaye, priorit\u00e9 \u00e0 la d\u00e9fense des droits de l\u2019homme - Infos Droits Humains","robots":{"index":"index","follow":"follow","max-snippet":"max-snippet:-1","max-image-preview":"max-image-preview:large","max-video-preview":"max-video-preview:-1"},"canonical":"https:\/\/infos-droitshumains.net\/?p=9478","og_locale":"fr_FR","og_type":"article","og_title":"Femmes qui inspirent\u00a0: Jos\u00e9phine Mbela Tshiandaye, priorit\u00e9 \u00e0 la d\u00e9fense des droits de l\u2019homme - Infos Droits Humains","og_description":"R\u00e9daction:+243817406088 Femmes qui inspirent num\u00e9ro septi\u00e8me de la r\u00e9daction du Journal T\u00e9l\u00e9vis\u00e9 des Droits Humains...","og_url":"https:\/\/infos-droitshumains.net\/?p=9478","og_site_name":"Infos Droits Humains","article_published_time":"2024-03-21T11:01:01+00:00","article_modified_time":"2024-03-21T11:11:10+00:00","og_image":[{"width":637,"height":932,"url":"https:\/\/infos-droitshumains.net\/wp-content\/uploads\/2024\/03\/JOSEPHINE.jpg","type":"image\/jpeg"}],"author":"Jo\u00ebl Diawa","twitter_card":"summary_large_image","twitter_misc":{"\u00c9crit par":"Jo\u00ebl Diawa","Dur\u00e9e de lecture estim\u00e9e":"3 minutes"},"schema":{"@context":"https:\/\/schema.org","@graph":[{"@type":"Article","@id":"https:\/\/infos-droitshumains.net\/?p=9478#article","isPartOf":{"@id":"https:\/\/infos-droitshumains.net\/?p=9478"},"author":{"name":"Jo\u00ebl Diawa","@id":"https:\/\/infos-droitshumains.net\/#\/schema\/person\/3dc5e921c3302172e0ed4362f96faab7"},"headline":"Femmes qui inspirent\u00a0: Jos\u00e9phine Mbela Tshiandaye, priorit\u00e9 \u00e0 la d\u00e9fense des droits de l\u2019homme","datePublished":"2024-03-21T11:01:01+00:00","dateModified":"2024-03-21T11:11:10+00:00","mainEntityOfPage":{"@id":"https:\/\/infos-droitshumains.net\/?p=9478"},"wordCount":508,"commentCount":0,"publisher":{"@id":"https:\/\/infos-droitshumains.net\/#organization"},"image":{"@id":"https:\/\/infos-droitshumains.net\/?p=9478#primaryimage"},"thumbnailUrl":"https:\/\/i0.wp.com\/infos-droitshumains.net\/wp-content\/uploads\/2024\/03\/JOSEPHINE.jpg?fit=637%2C932&ssl=1","articleSection":["Justice"],"inLanguage":"fr-FR","potentialAction":[{"@type":"CommentAction","name":"Comment","target":["https:\/\/infos-droitshumains.net\/?p=9478#respond"]}]},{"@type":"WebPage","@id":"https:\/\/infos-droitshumains.net\/?p=9478","url":"https:\/\/infos-droitshumains.net\/?p=9478","name":"Femmes qui inspirent\u00a0: Jos\u00e9phine Mbela Tshiandaye, priorit\u00e9 \u00e0 la d\u00e9fense des droits de l\u2019homme - Infos Droits Humains","isPartOf":{"@id":"https:\/\/infos-droitshumains.net\/#website"},"primaryImageOfPage":{"@id":"https:\/\/infos-droitshumains.net\/?p=9478#primaryimage"},"image":{"@id":"https:\/\/infos-droitshumains.net\/?p=9478#primaryimage"},"thumbnailUrl":"https:\/\/i0.wp.com\/infos-droitshumains.net\/wp-content\/uploads\/2024\/03\/JOSEPHINE.jpg?fit=637%2C932&ssl=1","datePublished":"2024-03-21T11:01:01+00:00","dateModified":"2024-03-21T11:11:10+00:00","breadcrumb":{"@id":"https:\/\/infos-droitshumains.net\/?p=9478#breadcrumb"},"inLanguage":"fr-FR","potentialAction":[{"@type":"ReadAction","target":["https:\/\/infos-droitshumains.net\/?p=9478"]}]},{"@type":"ImageObject","inLanguage":"fr-FR","@id":"https:\/\/infos-droitshumains.net\/?p=9478#primaryimage","url":"https:\/\/i0.wp.com\/infos-droitshumains.net\/wp-content\/uploads\/2024\/03\/JOSEPHINE.jpg?fit=637%2C932&ssl=1","contentUrl":"https:\/\/i0.wp.com\/infos-droitshumains.net\/wp-content\/uploads\/2024\/03\/JOSEPHINE.jpg?fit=637%2C932&ssl=1","width":637,"height":932},{"@type":"BreadcrumbList","@id":"https:\/\/infos-droitshumains.net\/?p=9478#breadcrumb","itemListElement":[{"@type":"ListItem","position":1,"name":"Accueil","item":"https:\/\/infos-droitshumains.net\/"},{"@type":"ListItem","position":2,"name":"Femmes qui inspirent\u00a0: Jos\u00e9phine Mbela Tshiandaye, priorit\u00e9 \u00e0 la d\u00e9fense des droits de l\u2019homme"}]},{"@type":"WebSite","@id":"https:\/\/infos-droitshumains.net\/#website","url":"https:\/\/infos-droitshumains.net\/","name":"Infos Droits Humains","description":"S&#039;informer est un droit","publisher":{"@id":"https:\/\/infos-droitshumains.net\/#organization"},"potentialAction":[{"@type":"SearchAction","target":{"@type":"EntryPoint","urlTemplate":"https:\/\/infos-droitshumains.net\/?s={search_term_string}"},"query-input":{"@type":"PropertyValueSpecification","valueRequired":true,"valueName":"search_term_string"}}],"inLanguage":"fr-FR"},{"@type":"Organization","@id":"https:\/\/infos-droitshumains.net\/#organization","name":"Infos Droits Humains","url":"https:\/\/infos-droitshumains.net\/","logo":{"@type":"ImageObject","inLanguage":"fr-FR","@id":"https:\/\/infos-droitshumains.net\/#\/schema\/logo\/image\/","url":"https:\/\/i0.wp.com\/infos-droitshumains.net\/wp-content\/uploads\/2022\/05\/Logo.png?fit=333%2C129&ssl=1","contentUrl":"https:\/\/i0.wp.com\/infos-droitshumains.net\/wp-content\/uploads\/2022\/05\/Logo.png?fit=333%2C129&ssl=1","width":333,"height":129,"caption":"Infos Droits Humains"},"image":{"@id":"https:\/\/infos-droitshumains.net\/#\/schema\/logo\/image\/"}},{"@type":"Person","@id":"https:\/\/infos-droitshumains.net\/#\/schema\/person\/3dc5e921c3302172e0ed4362f96faab7","name":"Jo\u00ebl Diawa","image":{"@type":"ImageObject","inLanguage":"fr-FR","@id":"https:\/\/secure.gravatar.com\/avatar\/729bea6ff4604c624417803c477363be8e3c7186deaa65713313f9b4b820f41c?s=96&d=mm&r=g","url":"https:\/\/secure.gravatar.com\/avatar\/729bea6ff4604c624417803c477363be8e3c7186deaa65713313f9b4b820f41c?s=96&d=mm&r=g","contentUrl":"https:\/\/secure.gravatar.com\/avatar\/729bea6ff4604c624417803c477363be8e3c7186deaa65713313f9b4b820f41c?s=96&d=mm&r=g","caption":"Jo\u00ebl Diawa"},"sameAs":["https:\/\/www.infos-droitshumains.net"],"url":"https:\/\/infos-droitshumains.net\/?author=2"}]}},"featured_image_urls":{"full":["https:\/\/i0.wp.com\/infos-droitshumains.net\/wp-content\/uploads\/2024\/03\/JOSEPHINE.jpg?fit=637%2C932&ssl=1",637,932,false],"thumbnail":["https:\/\/i0.wp.com\/infos-droitshumains.net\/wp-content\/uploads\/2024\/03\/JOSEPHINE.jpg?resize=150%2C150&ssl=1",150,150,true],"medium":["https:\/\/i0.wp.com\/infos-droitshumains.net\/wp-content\/uploads\/2024\/03\/JOSEPHINE.jpg?fit=205%2C300&ssl=1",205,300,true],"medium_large":["https:\/\/i0.wp.com\/infos-droitshumains.net\/wp-content\/uploads\/2024\/03\/JOSEPHINE.jpg?fit=637%2C932&ssl=1",637,932,true],"large":["https:\/\/i0.wp.com\/infos-droitshumains.net\/wp-content\/uploads\/2024\/03\/JOSEPHINE.jpg?fit=637%2C932&ssl=1",637,932,true],"1536x1536":["https:\/\/i0.wp.com\/infos-droitshumains.net\/wp-content\/uploads\/2024\/03\/JOSEPHINE.jpg?fit=637%2C932&ssl=1",637,932,true],"2048x2048":["https:\/\/i0.wp.com\/infos-droitshumains.net\/wp-content\/uploads\/2024\/03\/JOSEPHINE.jpg?fit=637%2C932&ssl=1",637,932,true],"covernews-slider-full":["https:\/\/i0.wp.com\/infos-droitshumains.net\/wp-content\/uploads\/2024\/03\/JOSEPHINE.jpg?resize=637%2C715&ssl=1",637,715,true],"covernews-slider-center":["https:\/\/i0.wp.com\/infos-droitshumains.net\/wp-content\/uploads\/2024\/03\/JOSEPHINE.jpg?resize=637%2C500&ssl=1",637,500,true],"covernews-featured":["https:\/\/i0.wp.com\/infos-droitshumains.net\/wp-content\/uploads\/2024\/03\/JOSEPHINE.jpg?fit=637%2C932&ssl=1",637,932,true],"covernews-medium":["https:\/\/i0.wp.com\/infos-droitshumains.net\/wp-content\/uploads\/2024\/03\/JOSEPHINE.jpg?resize=540%2C340&ssl=1",540,340,true],"covernews-medium-square":["https:\/\/i0.wp.com\/infos-droitshumains.net\/wp-content\/uploads\/2024\/03\/JOSEPHINE.jpg?resize=400%2C250&ssl=1",400,250,true]},"author_info":{"display_name":"Jo\u00ebl Diawa","author_link":"https:\/\/infos-droitshumains.net\/?author=2"},"category_info":"<a href=\"https:\/\/infos-droitshumains.net\/?cat=6\" rel=\"category\">Justice<\/a>","tag_info":"Justice","comment_count":"0","jetpack_featured_media_url":"https:\/\/i0.wp.com\/infos-droitshumains.net\/wp-content\/uploads\/2024\/03\/JOSEPHINE.jpg?fit=637%2C932&ssl=1","jetpack-related-posts":[],"jetpack_sharing_enabled":true,"_links":{"self":[{"href":"https:\/\/infos-droitshumains.net\/index.php?rest_route=\/wp\/v2\/posts\/9478","targetHints":{"allow":["GET"]}}],"collection":[{"href":"https:\/\/infos-droitshumains.net\/index.php?rest_route=\/wp\/v2\/posts"}],"about":[{"href":"https:\/\/infos-droitshumains.net\/index.php?rest_route=\/wp\/v2\/types\/post"}],"author":[{"embeddable":true,"href":"https:\/\/infos-droitshumains.net\/index.php?rest_route=\/wp\/v2\/users\/2"}],"replies":[{"embeddable":true,"href":"https:\/\/infos-droitshumains.net\/index.php?rest_route=%2Fwp%2Fv2%2Fcomments&post=9478"}],"version-history":[{"count":1,"href":"https:\/\/infos-droitshumains.net\/index.php?rest_route=\/wp\/v2\/posts\/9478\/revisions"}],"predecessor-version":[{"id":9479,"href":"https:\/\/infos-droitshumains.net\/index.php?rest_route=\/wp\/v2\/posts\/9478\/revisions\/9479"}],"wp:featuredmedia":[{"embeddable":true,"href":"https:\/\/infos-droitshumains.net\/index.php?rest_route=\/wp\/v2\/media\/9481"}],"wp:attachment":[{"href":"https:\/\/infos-droitshumains.net\/index.php?rest_route=%2Fwp%2Fv2%2Fmedia&parent=9478"}],"wp:term":[{"taxonomy":"category","embeddable":true,"href":"https:\/\/infos-droitshumains.net\/index.php?rest_route=%2Fwp%2Fv2%2Fcategories&post=9478"},{"taxonomy":"post_tag","embeddable":true,"href":"https:\/\/infos-droitshumains.net\/index.php?rest_route=%2Fwp%2Fv2%2Ftags&post=9478"}],"curies":[{"name":"wp","href":"https:\/\/api.w.org\/{rel}","templated":true}]}}