{"id":9428,"date":"2024-03-17T09:03:46","date_gmt":"2024-03-17T08:03:46","guid":{"rendered":"https:\/\/infos-droitshumains.net\/?p=9428"},"modified":"2024-03-17T09:03:49","modified_gmt":"2024-03-17T08:03:49","slug":"kinshasa-le-tgi-ndjili-tire-les-rideaux-des-contentieux-des-elections-municipales","status":"publish","type":"post","link":"https:\/\/infos-droitshumains.net\/?p=9428","title":{"rendered":"Kinshasa\u00a0: Le TGI\/N&rsquo;djili tire les rideaux des contentieux des \u00e9lections municipales"},"content":{"rendered":"\n<p><strong>R\u00e9daction:+243817406088<\/strong><\/p>\n\n\n\n<h4 class=\"wp-block-heading has-vivid-red-color has-text-color has-link-color wp-elements-7920edb21c28e4a9964fcb4e89743df2\">Apr\u00e8s trois jours d\u2019audiences intenses, le Tribunal de Grande Instance de Kinshasa\/N\u2019djili a cl\u00f4tur\u00e9 ce samedi 16 mars 2024, les contentieux des r\u00e9sultats provisoires des \u00e9lections des conseillers communaux.<\/h4>\n\n\n\n<p>Les audiences de ce jour ont concern\u00e9 la circonscription \u00e9lectorale de Masina pour laquelle, 11 affaires au total avaient \u00e9t\u00e9 enr\u00f4l\u00e9es au greffe de cette juridiction.<\/p>\n\n\n\n<p>Il y a par exemple celle enr\u00f4l\u00e9e sous RCE 011 qui oppose le regroupement politique Action Alternative des Acteurs pour l\u2019Amour du Congo, 4AC vs AV&nbsp;et son candidat Mpetsha Patrick&nbsp; contre la Commission Electorale Nationale Ind\u00e9pendante et le regroupement Alliance pour les Valeurs, (AV) et sa candidate Mbombo Msaonda.<\/p>\n\n\n\n<p>En effet, le requ\u00e9rant attaque la d\u00e9cision de la CENI portant proclamation des r\u00e9sultats provisoires des \u00e9lections des conseillers municipaux estimant que le si\u00e8ge attribu\u00e9 au candidat de AV aurait d\u00fb revenir \u00e0 son candidat d\u2019o\u00f9, il sollicite l\u2019annulation de cette d\u00e9cision.<\/p>\n\n\n\n<p>Prenant la parole, les experts de la CENI&nbsp;ont expliqu\u00e9 qu\u2019aucun parti ou regroupement politique n\u2019a atteint le seuil moins encore le conscient \u00e9lectoral. Donc, la r\u00e9partition des si\u00e8ges s\u2019est fait tenant compte du principe du plus fort reste. Et avec 5563 voix, la liste 4AC qui a d\u00e9j\u00e0 obtenu un si\u00e8ge ne pouvait en avoir un deuxi\u00e8me.<\/p>\n\n\n\n<p>Sur le plan de la forme, la partie d\u00e9fenderesse a sollicit\u00e9 l\u2019irrecevabilit\u00e9 de la requ\u00eate pour deux exceptions, d\u2019abord, le d\u00e9faut de qualit\u00e9 du mandant (Tambwe Eliezer) qui a sign\u00e9 la procuration sp\u00e9ciale en violation de l\u2019article 24 des statuts de leur regroupement&nbsp;; ensuite, pour pr\u00e9maturit\u00e9 de l\u2019action car la procuration sp\u00e9ciale ayant \u00e9t\u00e9 sign\u00e9 deux mois avant les \u00e9lections.<\/p>\n\n\n\n<p>Il y a \u00e9galement cette affaire enr\u00f4l\u00e9e sous RCE 007 o\u00f9 le parti politique Pour Notre Congo PNCO attaque la d\u00e9cision de la CENI ayant proclam\u00e9e Mayimbu Mabaya Djimi de l\u2019Alliance 24 au d\u00e9triment de Ntumba Kalonda Jean-Bosco. Une d\u00e9cision que PNCO consid\u00e8re comme une erreur mat\u00e9rielle qu\u2019il faille corriger.<\/p>\n\n\n\n<p>La particularit\u00e9 de cette affaire se trouve au niveau o\u00f9 le requ\u00e9rant a pris le soin de produire les proc\u00e8s-verbaux attestant que son candidat \u00e0 lui seul, a obtenu 2981 voix le classant devant toute la liste de A24.<\/p>\n\n\n\n<p>Les experts de la centrale \u00e9lectorale ont remis en cause ces proc\u00e8s-verbaux qui selon eux, \u00ab&nbsp;\u00e9nervent les dispositions des articles 66 et 61de loi \u00e9lectorale&nbsp;\u00bb car, pas authentiques. A les en croire, la liste du requ\u00e9rant n\u2019a r\u00e9alis\u00e9 que 2611 voix avec tous ses 15 candidats align\u00e9s.<\/p>\n\n\n\n<p>Les avocats de A24 ont soulev\u00e9 le d\u00e9faut de qualit\u00e9 dans le chef du mandant, le d\u00e9faut de production d\u2019agr\u00e9ment et de r\u00e9c\u00e9piss\u00e9 pour convaincre les juges \u00e0 d\u00e9clarer la requ\u00eate irrecevable.<\/p>\n\n\n\n<p>S\u2019appuyant sur la violation de l\u2019article 25 alin\u00e9a 2 de la loi \u00e9lectorale par le requ\u00e9rant, le minist\u00e8re public sollicite du tribunal de d\u00e9cr\u00e9ter l\u2019irrecevable de la requ\u00eate.<\/p>\n\n\n\n<p>C\u00e9l\u00e9rit\u00e9 oblige, le Tribunal de Grande Instance de Kinshasa\/N\u2019djili qui a pris toutes les affaires en d\u00e9lib\u00e9r\u00e9, a promis de rendre ses jugements au plus tard, le 18 mars 2024.<\/p>\n\n\n\n<figure class=\"wp-block-image alignfull size-full\"><img data-recalc-dims=\"1\" fetchpriority=\"high\" decoding=\"async\" width=\"640\" height=\"360\" src=\"https:\/\/i0.wp.com\/infos-droitshumains.net\/wp-content\/uploads\/2024\/03\/MARTHE.jpg?resize=640%2C360&#038;ssl=1\" alt=\"\" class=\"wp-image-9430\" srcset=\"https:\/\/i0.wp.com\/infos-droitshumains.net\/wp-content\/uploads\/2024\/03\/MARTHE.jpg?w=960&amp;ssl=1 960w, https:\/\/i0.wp.com\/infos-droitshumains.net\/wp-content\/uploads\/2024\/03\/MARTHE.jpg?resize=300%2C169&amp;ssl=1 300w, https:\/\/i0.wp.com\/infos-droitshumains.net\/wp-content\/uploads\/2024\/03\/MARTHE.jpg?resize=768%2C432&amp;ssl=1 768w\" sizes=\"(max-width: 640px) 100vw, 640px\" \/><figcaption class=\"wp-element-caption\">Marthe FIKILINI, pdte du TGI\/N&rsquo;djili. Photo jtdh du 16\/03\/2024<\/figcaption><\/figure>\n\n\n\n<figure class=\"wp-block-image alignfull size-large\"><img data-recalc-dims=\"1\" decoding=\"async\" width=\"640\" height=\"434\" src=\"https:\/\/i0.wp.com\/infos-droitshumains.net\/wp-content\/uploads\/2024\/03\/JONAS-1.jpg?resize=640%2C434&#038;ssl=1\" alt=\"\" class=\"wp-image-9432\" srcset=\"https:\/\/i0.wp.com\/infos-droitshumains.net\/wp-content\/uploads\/2024\/03\/JONAS-1.jpg?resize=1024%2C695&amp;ssl=1 1024w, https:\/\/i0.wp.com\/infos-droitshumains.net\/wp-content\/uploads\/2024\/03\/JONAS-1.jpg?resize=300%2C204&amp;ssl=1 300w, https:\/\/i0.wp.com\/infos-droitshumains.net\/wp-content\/uploads\/2024\/03\/JONAS-1.jpg?resize=768%2C521&amp;ssl=1 768w, https:\/\/i0.wp.com\/infos-droitshumains.net\/wp-content\/uploads\/2024\/03\/JONAS-1.jpg?w=1080&amp;ssl=1 1080w\" sizes=\"(max-width: 640px) 100vw, 640px\" \/><figcaption class=\"wp-element-caption\">Jonas Kisubi, Prorep du PGI\/N&rsquo;djili. Photo jtdh du 16\/03\/2024<\/figcaption><\/figure>\n\n\n\n<p>Des jugements qui sans nul doute, resterons dans les annales du Tribunal de Grande Instance de Kinshasa\/N\u2019djili par le fait d\u2019\u00eatre les premiers en la mati\u00e8re pour ce tribunal, d\u2019o\u00f9 la pr\u00e9sence \u00e0 toutes les audiences de Marthe Fikilini Kankolongo et Jonas Kisubi Bantuikoko respectivement, Pr\u00e9sidente du tribunal de c\u00e9ans et Procureur de la R\u00e9publique du parquet pr\u00e8s le tribunal de c\u00e9ans.<\/p>\n\n\n\n<p>Jo\u00ebl Diawa<\/p>\n","protected":false},"excerpt":{"rendered":"<p>R\u00e9daction:+243817406088 Apr\u00e8s trois jours d\u2019audiences intenses, le Tribunal de Grande Instance de Kinshasa\/N\u2019djili a cl\u00f4tur\u00e9&#8230;<\/p>\n","protected":false},"author":2,"featured_media":9429,"comment_status":"open","ping_status":"open","sticky":false,"template":"","format":"standard","meta":{"_jetpack_memberships_contains_paid_content":false,"footnotes":""},"categories":[6],"tags":[],"class_list":["post-9428","post","type-post","status-publish","format-standard","has-post-thumbnail","hentry","category-justice"],"yoast_head":"<!-- This site is optimized with the Yoast SEO plugin v27.5 - https:\/\/yoast.com\/product\/yoast-seo-wordpress\/ -->\n<title>Kinshasa\u00a0: Le TGI\/N&#039;djili tire les rideaux des contentieux des \u00e9lections municipales - Infos Droits Humains<\/title>\n<meta name=\"robots\" content=\"index, follow, max-snippet:-1, max-image-preview:large, max-video-preview:-1\" \/>\n<link rel=\"canonical\" href=\"https:\/\/infos-droitshumains.net\/?p=9428\" \/>\n<meta property=\"og:locale\" content=\"fr_FR\" \/>\n<meta property=\"og:type\" content=\"article\" \/>\n<meta property=\"og:title\" content=\"Kinshasa\u00a0: Le TGI\/N&#039;djili tire les rideaux des contentieux des \u00e9lections municipales - Infos Droits Humains\" \/>\n<meta property=\"og:description\" content=\"R\u00e9daction:+243817406088 Apr\u00e8s trois jours d\u2019audiences intenses, le Tribunal de Grande Instance de Kinshasa\/N\u2019djili a cl\u00f4tur\u00e9...\" \/>\n<meta property=\"og:url\" content=\"https:\/\/infos-droitshumains.net\/?p=9428\" \/>\n<meta property=\"og:site_name\" content=\"Infos Droits Humains\" \/>\n<meta property=\"article:published_time\" content=\"2024-03-17T08:03:46+00:00\" \/>\n<meta property=\"article:modified_time\" content=\"2024-03-17T08:03:49+00:00\" \/>\n<meta property=\"og:image\" content=\"https:\/\/infos-droitshumains.net\/wp-content\/uploads\/2024\/03\/TGI.jpg\" \/>\n\t<meta property=\"og:image:width\" content=\"960\" \/>\n\t<meta property=\"og:image:height\" content=\"540\" \/>\n\t<meta property=\"og:image:type\" content=\"image\/jpeg\" \/>\n<meta name=\"author\" content=\"Jo\u00ebl Diawa\" \/>\n<meta name=\"twitter:card\" content=\"summary_large_image\" \/>\n<meta name=\"twitter:label1\" content=\"\u00c9crit par\" \/>\n\t<meta name=\"twitter:data1\" content=\"Jo\u00ebl Diawa\" \/>\n\t<meta name=\"twitter:label2\" content=\"Dur\u00e9e de lecture estim\u00e9e\" \/>\n\t<meta name=\"twitter:data2\" content=\"4 minutes\" \/>\n<script type=\"application\/ld+json\" class=\"yoast-schema-graph\">{\"@context\":\"https:\\\/\\\/schema.org\",\"@graph\":[{\"@type\":\"Article\",\"@id\":\"https:\\\/\\\/infos-droitshumains.net\\\/?p=9428#article\",\"isPartOf\":{\"@id\":\"https:\\\/\\\/infos-droitshumains.net\\\/?p=9428\"},\"author\":{\"name\":\"Jo\u00ebl Diawa\",\"@id\":\"https:\\\/\\\/infos-droitshumains.net\\\/#\\\/schema\\\/person\\\/3dc5e921c3302172e0ed4362f96faab7\"},\"headline\":\"Kinshasa\u00a0: Le TGI\\\/N&rsquo;djili tire les rideaux des contentieux des \u00e9lections municipales\",\"datePublished\":\"2024-03-17T08:03:46+00:00\",\"dateModified\":\"2024-03-17T08:03:49+00:00\",\"mainEntityOfPage\":{\"@id\":\"https:\\\/\\\/infos-droitshumains.net\\\/?p=9428\"},\"wordCount\":662,\"commentCount\":0,\"publisher\":{\"@id\":\"https:\\\/\\\/infos-droitshumains.net\\\/#organization\"},\"image\":{\"@id\":\"https:\\\/\\\/infos-droitshumains.net\\\/?p=9428#primaryimage\"},\"thumbnailUrl\":\"https:\\\/\\\/i0.wp.com\\\/infos-droitshumains.net\\\/wp-content\\\/uploads\\\/2024\\\/03\\\/TGI.jpg?fit=960%2C540&ssl=1\",\"articleSection\":[\"Justice\"],\"inLanguage\":\"fr-FR\",\"potentialAction\":[{\"@type\":\"CommentAction\",\"name\":\"Comment\",\"target\":[\"https:\\\/\\\/infos-droitshumains.net\\\/?p=9428#respond\"]}]},{\"@type\":\"WebPage\",\"@id\":\"https:\\\/\\\/infos-droitshumains.net\\\/?p=9428\",\"url\":\"https:\\\/\\\/infos-droitshumains.net\\\/?p=9428\",\"name\":\"Kinshasa\u00a0: Le TGI\\\/N'djili tire les rideaux des contentieux des \u00e9lections municipales - Infos Droits Humains\",\"isPartOf\":{\"@id\":\"https:\\\/\\\/infos-droitshumains.net\\\/#website\"},\"primaryImageOfPage\":{\"@id\":\"https:\\\/\\\/infos-droitshumains.net\\\/?p=9428#primaryimage\"},\"image\":{\"@id\":\"https:\\\/\\\/infos-droitshumains.net\\\/?p=9428#primaryimage\"},\"thumbnailUrl\":\"https:\\\/\\\/i0.wp.com\\\/infos-droitshumains.net\\\/wp-content\\\/uploads\\\/2024\\\/03\\\/TGI.jpg?fit=960%2C540&ssl=1\",\"datePublished\":\"2024-03-17T08:03:46+00:00\",\"dateModified\":\"2024-03-17T08:03:49+00:00\",\"breadcrumb\":{\"@id\":\"https:\\\/\\\/infos-droitshumains.net\\\/?p=9428#breadcrumb\"},\"inLanguage\":\"fr-FR\",\"potentialAction\":[{\"@type\":\"ReadAction\",\"target\":[\"https:\\\/\\\/infos-droitshumains.net\\\/?p=9428\"]}]},{\"@type\":\"ImageObject\",\"inLanguage\":\"fr-FR\",\"@id\":\"https:\\\/\\\/infos-droitshumains.net\\\/?p=9428#primaryimage\",\"url\":\"https:\\\/\\\/i0.wp.com\\\/infos-droitshumains.net\\\/wp-content\\\/uploads\\\/2024\\\/03\\\/TGI.jpg?fit=960%2C540&ssl=1\",\"contentUrl\":\"https:\\\/\\\/i0.wp.com\\\/infos-droitshumains.net\\\/wp-content\\\/uploads\\\/2024\\\/03\\\/TGI.jpg?fit=960%2C540&ssl=1\",\"width\":960,\"height\":540},{\"@type\":\"BreadcrumbList\",\"@id\":\"https:\\\/\\\/infos-droitshumains.net\\\/?p=9428#breadcrumb\",\"itemListElement\":[{\"@type\":\"ListItem\",\"position\":1,\"name\":\"Accueil\",\"item\":\"https:\\\/\\\/infos-droitshumains.net\\\/\"},{\"@type\":\"ListItem\",\"position\":2,\"name\":\"Kinshasa\u00a0: Le TGI\\\/N&rsquo;djili tire les rideaux des contentieux des \u00e9lections municipales\"}]},{\"@type\":\"WebSite\",\"@id\":\"https:\\\/\\\/infos-droitshumains.net\\\/#website\",\"url\":\"https:\\\/\\\/infos-droitshumains.net\\\/\",\"name\":\"Infos Droits Humains\",\"description\":\"S&#039;informer est un droit\",\"publisher\":{\"@id\":\"https:\\\/\\\/infos-droitshumains.net\\\/#organization\"},\"potentialAction\":[{\"@type\":\"SearchAction\",\"target\":{\"@type\":\"EntryPoint\",\"urlTemplate\":\"https:\\\/\\\/infos-droitshumains.net\\\/?s={search_term_string}\"},\"query-input\":{\"@type\":\"PropertyValueSpecification\",\"valueRequired\":true,\"valueName\":\"search_term_string\"}}],\"inLanguage\":\"fr-FR\"},{\"@type\":\"Organization\",\"@id\":\"https:\\\/\\\/infos-droitshumains.net\\\/#organization\",\"name\":\"Infos Droits Humains\",\"url\":\"https:\\\/\\\/infos-droitshumains.net\\\/\",\"logo\":{\"@type\":\"ImageObject\",\"inLanguage\":\"fr-FR\",\"@id\":\"https:\\\/\\\/infos-droitshumains.net\\\/#\\\/schema\\\/logo\\\/image\\\/\",\"url\":\"https:\\\/\\\/i0.wp.com\\\/infos-droitshumains.net\\\/wp-content\\\/uploads\\\/2022\\\/05\\\/Logo.png?fit=333%2C129&ssl=1\",\"contentUrl\":\"https:\\\/\\\/i0.wp.com\\\/infos-droitshumains.net\\\/wp-content\\\/uploads\\\/2022\\\/05\\\/Logo.png?fit=333%2C129&ssl=1\",\"width\":333,\"height\":129,\"caption\":\"Infos Droits Humains\"},\"image\":{\"@id\":\"https:\\\/\\\/infos-droitshumains.net\\\/#\\\/schema\\\/logo\\\/image\\\/\"}},{\"@type\":\"Person\",\"@id\":\"https:\\\/\\\/infos-droitshumains.net\\\/#\\\/schema\\\/person\\\/3dc5e921c3302172e0ed4362f96faab7\",\"name\":\"Jo\u00ebl Diawa\",\"image\":{\"@type\":\"ImageObject\",\"inLanguage\":\"fr-FR\",\"@id\":\"https:\\\/\\\/secure.gravatar.com\\\/avatar\\\/729bea6ff4604c624417803c477363be8e3c7186deaa65713313f9b4b820f41c?s=96&d=mm&r=g\",\"url\":\"https:\\\/\\\/secure.gravatar.com\\\/avatar\\\/729bea6ff4604c624417803c477363be8e3c7186deaa65713313f9b4b820f41c?s=96&d=mm&r=g\",\"contentUrl\":\"https:\\\/\\\/secure.gravatar.com\\\/avatar\\\/729bea6ff4604c624417803c477363be8e3c7186deaa65713313f9b4b820f41c?s=96&d=mm&r=g\",\"caption\":\"Jo\u00ebl Diawa\"},\"sameAs\":[\"https:\\\/\\\/www.infos-droitshumains.net\"],\"url\":\"https:\\\/\\\/infos-droitshumains.net\\\/?author=2\"}]}<\/script>\n<!-- \/ Yoast SEO plugin. -->","yoast_head_json":{"title":"Kinshasa\u00a0: Le TGI\/N'djili tire les rideaux des contentieux des \u00e9lections municipales - Infos Droits Humains","robots":{"index":"index","follow":"follow","max-snippet":"max-snippet:-1","max-image-preview":"max-image-preview:large","max-video-preview":"max-video-preview:-1"},"canonical":"https:\/\/infos-droitshumains.net\/?p=9428","og_locale":"fr_FR","og_type":"article","og_title":"Kinshasa\u00a0: Le TGI\/N'djili tire les rideaux des contentieux des \u00e9lections municipales - Infos Droits Humains","og_description":"R\u00e9daction:+243817406088 Apr\u00e8s trois jours d\u2019audiences intenses, le Tribunal de Grande Instance de Kinshasa\/N\u2019djili a cl\u00f4tur\u00e9...","og_url":"https:\/\/infos-droitshumains.net\/?p=9428","og_site_name":"Infos Droits Humains","article_published_time":"2024-03-17T08:03:46+00:00","article_modified_time":"2024-03-17T08:03:49+00:00","og_image":[{"width":960,"height":540,"url":"https:\/\/infos-droitshumains.net\/wp-content\/uploads\/2024\/03\/TGI.jpg","type":"image\/jpeg"}],"author":"Jo\u00ebl Diawa","twitter_card":"summary_large_image","twitter_misc":{"\u00c9crit par":"Jo\u00ebl Diawa","Dur\u00e9e de lecture estim\u00e9e":"4 minutes"},"schema":{"@context":"https:\/\/schema.org","@graph":[{"@type":"Article","@id":"https:\/\/infos-droitshumains.net\/?p=9428#article","isPartOf":{"@id":"https:\/\/infos-droitshumains.net\/?p=9428"},"author":{"name":"Jo\u00ebl Diawa","@id":"https:\/\/infos-droitshumains.net\/#\/schema\/person\/3dc5e921c3302172e0ed4362f96faab7"},"headline":"Kinshasa\u00a0: Le TGI\/N&rsquo;djili tire les rideaux des contentieux des \u00e9lections municipales","datePublished":"2024-03-17T08:03:46+00:00","dateModified":"2024-03-17T08:03:49+00:00","mainEntityOfPage":{"@id":"https:\/\/infos-droitshumains.net\/?p=9428"},"wordCount":662,"commentCount":0,"publisher":{"@id":"https:\/\/infos-droitshumains.net\/#organization"},"image":{"@id":"https:\/\/infos-droitshumains.net\/?p=9428#primaryimage"},"thumbnailUrl":"https:\/\/i0.wp.com\/infos-droitshumains.net\/wp-content\/uploads\/2024\/03\/TGI.jpg?fit=960%2C540&ssl=1","articleSection":["Justice"],"inLanguage":"fr-FR","potentialAction":[{"@type":"CommentAction","name":"Comment","target":["https:\/\/infos-droitshumains.net\/?p=9428#respond"]}]},{"@type":"WebPage","@id":"https:\/\/infos-droitshumains.net\/?p=9428","url":"https:\/\/infos-droitshumains.net\/?p=9428","name":"Kinshasa\u00a0: Le TGI\/N'djili tire les rideaux des contentieux des \u00e9lections municipales - Infos Droits Humains","isPartOf":{"@id":"https:\/\/infos-droitshumains.net\/#website"},"primaryImageOfPage":{"@id":"https:\/\/infos-droitshumains.net\/?p=9428#primaryimage"},"image":{"@id":"https:\/\/infos-droitshumains.net\/?p=9428#primaryimage"},"thumbnailUrl":"https:\/\/i0.wp.com\/infos-droitshumains.net\/wp-content\/uploads\/2024\/03\/TGI.jpg?fit=960%2C540&ssl=1","datePublished":"2024-03-17T08:03:46+00:00","dateModified":"2024-03-17T08:03:49+00:00","breadcrumb":{"@id":"https:\/\/infos-droitshumains.net\/?p=9428#breadcrumb"},"inLanguage":"fr-FR","potentialAction":[{"@type":"ReadAction","target":["https:\/\/infos-droitshumains.net\/?p=9428"]}]},{"@type":"ImageObject","inLanguage":"fr-FR","@id":"https:\/\/infos-droitshumains.net\/?p=9428#primaryimage","url":"https:\/\/i0.wp.com\/infos-droitshumains.net\/wp-content\/uploads\/2024\/03\/TGI.jpg?fit=960%2C540&ssl=1","contentUrl":"https:\/\/i0.wp.com\/infos-droitshumains.net\/wp-content\/uploads\/2024\/03\/TGI.jpg?fit=960%2C540&ssl=1","width":960,"height":540},{"@type":"BreadcrumbList","@id":"https:\/\/infos-droitshumains.net\/?p=9428#breadcrumb","itemListElement":[{"@type":"ListItem","position":1,"name":"Accueil","item":"https:\/\/infos-droitshumains.net\/"},{"@type":"ListItem","position":2,"name":"Kinshasa\u00a0: Le TGI\/N&rsquo;djili tire les rideaux des contentieux des \u00e9lections municipales"}]},{"@type":"WebSite","@id":"https:\/\/infos-droitshumains.net\/#website","url":"https:\/\/infos-droitshumains.net\/","name":"Infos Droits Humains","description":"S&#039;informer est un droit","publisher":{"@id":"https:\/\/infos-droitshumains.net\/#organization"},"potentialAction":[{"@type":"SearchAction","target":{"@type":"EntryPoint","urlTemplate":"https:\/\/infos-droitshumains.net\/?s={search_term_string}"},"query-input":{"@type":"PropertyValueSpecification","valueRequired":true,"valueName":"search_term_string"}}],"inLanguage":"fr-FR"},{"@type":"Organization","@id":"https:\/\/infos-droitshumains.net\/#organization","name":"Infos Droits Humains","url":"https:\/\/infos-droitshumains.net\/","logo":{"@type":"ImageObject","inLanguage":"fr-FR","@id":"https:\/\/infos-droitshumains.net\/#\/schema\/logo\/image\/","url":"https:\/\/i0.wp.com\/infos-droitshumains.net\/wp-content\/uploads\/2022\/05\/Logo.png?fit=333%2C129&ssl=1","contentUrl":"https:\/\/i0.wp.com\/infos-droitshumains.net\/wp-content\/uploads\/2022\/05\/Logo.png?fit=333%2C129&ssl=1","width":333,"height":129,"caption":"Infos Droits Humains"},"image":{"@id":"https:\/\/infos-droitshumains.net\/#\/schema\/logo\/image\/"}},{"@type":"Person","@id":"https:\/\/infos-droitshumains.net\/#\/schema\/person\/3dc5e921c3302172e0ed4362f96faab7","name":"Jo\u00ebl Diawa","image":{"@type":"ImageObject","inLanguage":"fr-FR","@id":"https:\/\/secure.gravatar.com\/avatar\/729bea6ff4604c624417803c477363be8e3c7186deaa65713313f9b4b820f41c?s=96&d=mm&r=g","url":"https:\/\/secure.gravatar.com\/avatar\/729bea6ff4604c624417803c477363be8e3c7186deaa65713313f9b4b820f41c?s=96&d=mm&r=g","contentUrl":"https:\/\/secure.gravatar.com\/avatar\/729bea6ff4604c624417803c477363be8e3c7186deaa65713313f9b4b820f41c?s=96&d=mm&r=g","caption":"Jo\u00ebl Diawa"},"sameAs":["https:\/\/www.infos-droitshumains.net"],"url":"https:\/\/infos-droitshumains.net\/?author=2"}]}},"featured_image_urls":{"full":["https:\/\/i0.wp.com\/infos-droitshumains.net\/wp-content\/uploads\/2024\/03\/TGI.jpg?fit=960%2C540&ssl=1",960,540,false],"thumbnail":["https:\/\/i0.wp.com\/infos-droitshumains.net\/wp-content\/uploads\/2024\/03\/TGI.jpg?resize=150%2C150&ssl=1",150,150,true],"medium":["https:\/\/i0.wp.com\/infos-droitshumains.net\/wp-content\/uploads\/2024\/03\/TGI.jpg?fit=300%2C169&ssl=1",300,169,true],"medium_large":["https:\/\/i0.wp.com\/infos-droitshumains.net\/wp-content\/uploads\/2024\/03\/TGI.jpg?fit=640%2C360&ssl=1",640,360,true],"large":["https:\/\/i0.wp.com\/infos-droitshumains.net\/wp-content\/uploads\/2024\/03\/TGI.jpg?fit=640%2C360&ssl=1",640,360,true],"1536x1536":["https:\/\/i0.wp.com\/infos-droitshumains.net\/wp-content\/uploads\/2024\/03\/TGI.jpg?fit=960%2C540&ssl=1",960,540,true],"2048x2048":["https:\/\/i0.wp.com\/infos-droitshumains.net\/wp-content\/uploads\/2024\/03\/TGI.jpg?fit=960%2C540&ssl=1",960,540,true],"covernews-slider-full":["https:\/\/i0.wp.com\/infos-droitshumains.net\/wp-content\/uploads\/2024\/03\/TGI.jpg?resize=960%2C540&ssl=1",960,540,true],"covernews-slider-center":["https:\/\/i0.wp.com\/infos-droitshumains.net\/wp-content\/uploads\/2024\/03\/TGI.jpg?resize=800%2C500&ssl=1",800,500,true],"covernews-featured":["https:\/\/i0.wp.com\/infos-droitshumains.net\/wp-content\/uploads\/2024\/03\/TGI.jpg?fit=960%2C540&ssl=1",960,540,true],"covernews-medium":["https:\/\/i0.wp.com\/infos-droitshumains.net\/wp-content\/uploads\/2024\/03\/TGI.jpg?resize=540%2C340&ssl=1",540,340,true],"covernews-medium-square":["https:\/\/i0.wp.com\/infos-droitshumains.net\/wp-content\/uploads\/2024\/03\/TGI.jpg?resize=400%2C250&ssl=1",400,250,true]},"author_info":{"display_name":"Jo\u00ebl Diawa","author_link":"https:\/\/infos-droitshumains.net\/?author=2"},"category_info":"<a href=\"https:\/\/infos-droitshumains.net\/?cat=6\" rel=\"category\">Justice<\/a>","tag_info":"Justice","comment_count":"0","jetpack_featured_media_url":"https:\/\/i0.wp.com\/infos-droitshumains.net\/wp-content\/uploads\/2024\/03\/TGI.jpg?fit=960%2C540&ssl=1","jetpack-related-posts":[],"jetpack_sharing_enabled":true,"_links":{"self":[{"href":"https:\/\/infos-droitshumains.net\/index.php?rest_route=\/wp\/v2\/posts\/9428","targetHints":{"allow":["GET"]}}],"collection":[{"href":"https:\/\/infos-droitshumains.net\/index.php?rest_route=\/wp\/v2\/posts"}],"about":[{"href":"https:\/\/infos-droitshumains.net\/index.php?rest_route=\/wp\/v2\/types\/post"}],"author":[{"embeddable":true,"href":"https:\/\/infos-droitshumains.net\/index.php?rest_route=\/wp\/v2\/users\/2"}],"replies":[{"embeddable":true,"href":"https:\/\/infos-droitshumains.net\/index.php?rest_route=%2Fwp%2Fv2%2Fcomments&post=9428"}],"version-history":[{"count":1,"href":"https:\/\/infos-droitshumains.net\/index.php?rest_route=\/wp\/v2\/posts\/9428\/revisions"}],"predecessor-version":[{"id":9433,"href":"https:\/\/infos-droitshumains.net\/index.php?rest_route=\/wp\/v2\/posts\/9428\/revisions\/9433"}],"wp:featuredmedia":[{"embeddable":true,"href":"https:\/\/infos-droitshumains.net\/index.php?rest_route=\/wp\/v2\/media\/9429"}],"wp:attachment":[{"href":"https:\/\/infos-droitshumains.net\/index.php?rest_route=%2Fwp%2Fv2%2Fmedia&parent=9428"}],"wp:term":[{"taxonomy":"category","embeddable":true,"href":"https:\/\/infos-droitshumains.net\/index.php?rest_route=%2Fwp%2Fv2%2Fcategories&post=9428"},{"taxonomy":"post_tag","embeddable":true,"href":"https:\/\/infos-droitshumains.net\/index.php?rest_route=%2Fwp%2Fv2%2Ftags&post=9428"}],"curies":[{"name":"wp","href":"https:\/\/api.w.org\/{rel}","templated":true}]}}