{"id":9406,"date":"2024-03-15T13:42:38","date_gmt":"2024-03-15T12:42:38","guid":{"rendered":"https:\/\/infos-droitshumains.net\/?p=9406"},"modified":"2024-03-15T13:42:42","modified_gmt":"2024-03-15T12:42:42","slug":"rdc-les-textes-juridiques-relatifs-au-fonctionnement-de-lentite-de-liaison-des-droits-de-lhomme-viennent-de-subir-des-reformes","status":"publish","type":"post","link":"https:\/\/infos-droitshumains.net\/?p=9406","title":{"rendered":"RDC : les textes juridiques relatifs au fonctionnement de l&rsquo;entit\u00e9 de liaison des droits de l&rsquo;homme viennent de subir des r\u00e9formes"},"content":{"rendered":"\n<p><strong>R\u00e9daction:+243817406088<\/strong><\/p>\n\n\n\n<h4 class=\"wp-block-heading has-vivid-red-color has-text-color has-link-color wp-elements-b61a3c60657c75c8392dbaad7394ea4b\">Dans l&rsquo;optique de rendre op\u00e9rationnelle l&rsquo;entit\u00e9 de liaison des droits de l&rsquo;homme en R\u00e9publique D\u00e9mocratique du Congo, les textes juridiques relatifs au fonctionnement de cette structure ont subi des r\u00e9formes profondes. c&rsquo;\u00e9tait \u00e0 l&rsquo;issue d&rsquo;un atelier de deux jours organis\u00e9 \u00e0 Kinshasa du 13 au 14 mars 2024 par le minist\u00e8re des droits humains en collaboration avec le Bureau Conjoint des Nations Unies aux Droits de l&rsquo;Homme et le secr\u00e9tariat technique de l&rsquo;entit\u00e9 de liaison des droits de l&rsquo;homme.<\/h4>\n\n\n\n<p><em>\u00ab\u00a0Il faut vraiment f\u00e9liciter les acteurs qui sont l\u00e0, les encourager. Ensemble, nous allons arriver \u00e0 bon port pour redorer l&rsquo;image de notre pays en mati\u00e8re de promotion et protection des droits de l&rsquo;homme pour tous sans discrimination, sans distinction aucune\u00a0\u00bb<\/em>, a dit Paul Nsapu, pr\u00e9sident de la Commission Nationale des Droits de l&rsquo;Homme lors de la cl\u00f4ture de cet atelier.<\/p>\n\n\n\n<figure class=\"wp-block-image alignfull size-full\"><img data-recalc-dims=\"1\" fetchpriority=\"high\" decoding=\"async\" width=\"640\" height=\"480\" src=\"https:\/\/i0.wp.com\/infos-droitshumains.net\/wp-content\/uploads\/2024\/03\/ARIS-6.jpg?resize=640%2C480&#038;ssl=1\" alt=\"\" class=\"wp-image-9408\" srcset=\"https:\/\/i0.wp.com\/infos-droitshumains.net\/wp-content\/uploads\/2024\/03\/ARIS-6.jpg?w=1024&amp;ssl=1 1024w, https:\/\/i0.wp.com\/infos-droitshumains.net\/wp-content\/uploads\/2024\/03\/ARIS-6.jpg?resize=300%2C225&amp;ssl=1 300w, https:\/\/i0.wp.com\/infos-droitshumains.net\/wp-content\/uploads\/2024\/03\/ARIS-6.jpg?resize=768%2C576&amp;ssl=1 768w\" sizes=\"(max-width: 640px) 100vw, 640px\" \/><\/figure>\n\n\n\n<p>Faisant partie du membre du comit\u00e9 de pilotage de l&rsquo;entit\u00e9 de liaison des droits de l&rsquo;homme, le Fonds National des R\u00e9parations des Victimes de violences sexuelles li\u00e9es aux conflits et d&rsquo;autres crimes contre la paix et la s\u00e9curit\u00e9 de l&rsquo;humanit\u00e9, (FONAREV), par l&rsquo;entremise de son directeur g\u00e9n\u00e9ral, dit attendre de pied ferme l&rsquo;effectivit\u00e9 de cette structure des droits de l&rsquo;homme pour contribuer davantage \u00e0 la r\u00e9partition des victimes des violences. Lucien Lundula de la FONAREV soutient par ailleurs qu\u2019ils vont <em>\u00ab Beaucoup \u00e0 contribuer\u00a0\u00bb<\/em> \u00e9tant donn\u00e9 qu\u2019ils sont <em>\u00ab\u00a0la partie technique du gouvernement congolais en mati\u00e8re de r\u00e9paration des personnes touch\u00e9es par les violences dans le but de contribuer \u00e0 l&rsquo;avancement du respect des droits humains en RDC\u00a0\u00bb<\/em>.<\/p>\n\n\n\n<figure class=\"wp-block-image alignfull size-full\"><img data-recalc-dims=\"1\" decoding=\"async\" width=\"640\" height=\"480\" src=\"https:\/\/i0.wp.com\/infos-droitshumains.net\/wp-content\/uploads\/2024\/03\/ARIS-5.jpg?resize=640%2C480&#038;ssl=1\" alt=\"\" class=\"wp-image-9409\" srcset=\"https:\/\/i0.wp.com\/infos-droitshumains.net\/wp-content\/uploads\/2024\/03\/ARIS-5.jpg?w=1024&amp;ssl=1 1024w, https:\/\/i0.wp.com\/infos-droitshumains.net\/wp-content\/uploads\/2024\/03\/ARIS-5.jpg?resize=300%2C225&amp;ssl=1 300w, https:\/\/i0.wp.com\/infos-droitshumains.net\/wp-content\/uploads\/2024\/03\/ARIS-5.jpg?resize=768%2C576&amp;ssl=1 768w\" sizes=\"(max-width: 640px) 100vw, 640px\" \/><\/figure>\n\n\n\n<p>Pour sa part, la directrice adjointe du BCNUDH a sollicit\u00e9 au ministre des droits humains de faire urgence au niveau de l&rsquo;\u00c9tat la validation des textes juridiques r\u00e9form\u00e9s relatifs au fonctionnement de l&rsquo;entit\u00e9 de liaison des droits de l&rsquo;homme.<\/p>\n\n\n\n<p><em>\u00ab\u00a0J&rsquo;aimerai saisir l&rsquo;opportunit\u00e9 de la pr\u00e9sence du ministre des droits humains en sa qualit\u00e9 du vice-pr\u00e9sident du comit\u00e9 de pilotage pour lui demander de porter au plus haut niveau de l&rsquo;\u00c9tat l&rsquo;urgence et la n\u00e9cessit\u00e9 de la validation de ces textes juridiques \u00e9labor\u00e9s afin de renforcer les initiatives du gouvernement dans sa qu\u00eate RDC, respectueuse des droits de l&rsquo;homme et protectrice des libert\u00e9s fondamentales\u00a0\u00bb<\/em>, a indiqu\u00e9 Anne-Marie Dongui.<\/p>\n\n\n\n<figure class=\"wp-block-image alignfull size-full\"><img data-recalc-dims=\"1\" decoding=\"async\" width=\"640\" height=\"424\" src=\"https:\/\/i0.wp.com\/infos-droitshumains.net\/wp-content\/uploads\/2024\/03\/ARIS-3.jpg?resize=640%2C424&#038;ssl=1\" alt=\"\" class=\"wp-image-9411\" srcset=\"https:\/\/i0.wp.com\/infos-droitshumains.net\/wp-content\/uploads\/2024\/03\/ARIS-3.jpg?w=1024&amp;ssl=1 1024w, https:\/\/i0.wp.com\/infos-droitshumains.net\/wp-content\/uploads\/2024\/03\/ARIS-3.jpg?resize=300%2C199&amp;ssl=1 300w, https:\/\/i0.wp.com\/infos-droitshumains.net\/wp-content\/uploads\/2024\/03\/ARIS-3.jpg?resize=768%2C509&amp;ssl=1 768w\" sizes=\"(max-width: 640px) 100vw, 640px\" \/><\/figure>\n\n\n\n<p>Tenant ferme de l&rsquo;op\u00e9rationnalisation de l&rsquo;entit\u00e9 de liaison des droits de l&rsquo;homme en RDC, le ministre des droits humains a rassur\u00e9 d\u2019endosser ce combat jusqu&rsquo;au bout.<\/p>\n\n\n\n<p><em>\u00ab&nbsp;Ce qui \u00e9tait un souhait, va devenir d\u00e9sormais une r\u00e9alit\u00e9. parce que d\u00e9sormais, le projet de d\u00e9cret modifiant et compl\u00e9tant celui de 2009 portant cr\u00e9ation, organisation et fonctionnement de l&rsquo;entit\u00e9 de liaison des droits de l&rsquo;homme en RDC sera une r\u00e9alit\u00e9. Nous pourrons le porter&nbsp;; mais aussi, le projet d&rsquo;arr\u00eat\u00e9 modifiant et compl\u00e9tant celui portant mesures d&rsquo;application du d\u00e9cret de 2009 sera une effectivit\u00e9&nbsp;\u00bb<\/em>, a promis Albert-Fabrice Puela.<\/p>\n\n\n\n<figure class=\"wp-block-image alignfull size-full\"><img data-recalc-dims=\"1\" loading=\"lazy\" decoding=\"async\" width=\"640\" height=\"423\" src=\"https:\/\/i0.wp.com\/infos-droitshumains.net\/wp-content\/uploads\/2024\/03\/ARIS-4.jpg?resize=640%2C423&#038;ssl=1\" alt=\"\" class=\"wp-image-9410\" srcset=\"https:\/\/i0.wp.com\/infos-droitshumains.net\/wp-content\/uploads\/2024\/03\/ARIS-4.jpg?w=1024&amp;ssl=1 1024w, https:\/\/i0.wp.com\/infos-droitshumains.net\/wp-content\/uploads\/2024\/03\/ARIS-4.jpg?resize=300%2C198&amp;ssl=1 300w, https:\/\/i0.wp.com\/infos-droitshumains.net\/wp-content\/uploads\/2024\/03\/ARIS-4.jpg?resize=768%2C508&amp;ssl=1 768w\" sizes=\"(max-width: 640px) 100vw, 640px\" \/><\/figure>\n\n\n\n<p>Apr\u00e8s les retouches apport\u00e9es sur le d\u00e9cret n\u00b009\/35 du 12 ao\u00fbt 2009 portant cr\u00e9ation, organisation et fonctionnement de l&rsquo;entit\u00e9 de liaison des droits de l&rsquo;homme, son r\u00e8glement int\u00e9rieur&nbsp;; et l&rsquo;arr\u00eat\u00e9 modifiant et compl\u00e9tant celui de 2011 portant mesures d&rsquo;application du d\u00e9cret de 2009,&nbsp;&nbsp; il reste le toilettage de tous ces textes avant leur pr\u00e9sentation \u00e0 l\u2019ex\u00e9cutif et au parlement.<\/p>\n\n\n\n<p>Il sied de rappeler que l&rsquo;entit\u00e9 de liaison des droits de l&rsquo;homme est un cadre de concertation et de collaboration impliquant les acteurs nationaux et internationaux \u0153uvrant pour la promotion et la protection des droits humains.<\/p>\n\n\n\n<p>AM<\/p>\n","protected":false},"excerpt":{"rendered":"<p>R\u00e9daction:+243817406088 Dans l&rsquo;optique de rendre op\u00e9rationnelle l&rsquo;entit\u00e9 de liaison des droits de l&rsquo;homme en R\u00e9publique&#8230;<\/p>\n","protected":false},"author":2,"featured_media":9407,"comment_status":"open","ping_status":"open","sticky":false,"template":"","format":"standard","meta":{"_jetpack_memberships_contains_paid_content":false,"footnotes":""},"categories":[7],"tags":[],"class_list":["post-9406","post","type-post","status-publish","format-standard","has-post-thumbnail","hentry","category-droits-humains"],"yoast_head":"<!-- This site is optimized with the Yoast SEO plugin v27.5 - https:\/\/yoast.com\/product\/yoast-seo-wordpress\/ -->\n<title>RDC : les textes juridiques relatifs au fonctionnement de l&#039;entit\u00e9 de liaison des droits de l&#039;homme viennent de subir des r\u00e9formes - Infos Droits Humains<\/title>\n<meta name=\"robots\" content=\"index, follow, max-snippet:-1, max-image-preview:large, max-video-preview:-1\" \/>\n<link rel=\"canonical\" href=\"https:\/\/infos-droitshumains.net\/?p=9406\" \/>\n<meta property=\"og:locale\" content=\"fr_FR\" \/>\n<meta property=\"og:type\" content=\"article\" \/>\n<meta property=\"og:title\" content=\"RDC : les textes juridiques relatifs au fonctionnement de l&#039;entit\u00e9 de liaison des droits de l&#039;homme viennent de subir des r\u00e9formes - Infos Droits Humains\" \/>\n<meta property=\"og:description\" content=\"R\u00e9daction:+243817406088 Dans l&rsquo;optique de rendre op\u00e9rationnelle l&rsquo;entit\u00e9 de liaison des droits de l&rsquo;homme en R\u00e9publique...\" \/>\n<meta property=\"og:url\" content=\"https:\/\/infos-droitshumains.net\/?p=9406\" \/>\n<meta property=\"og:site_name\" content=\"Infos Droits Humains\" \/>\n<meta property=\"article:published_time\" content=\"2024-03-15T12:42:38+00:00\" \/>\n<meta property=\"article:modified_time\" content=\"2024-03-15T12:42:42+00:00\" \/>\n<meta property=\"og:image\" content=\"https:\/\/infos-droitshumains.net\/wp-content\/uploads\/2024\/03\/ART.jpg\" \/>\n\t<meta property=\"og:image:width\" content=\"1024\" \/>\n\t<meta property=\"og:image:height\" content=\"668\" \/>\n\t<meta property=\"og:image:type\" content=\"image\/jpeg\" \/>\n<meta name=\"author\" content=\"Jo\u00ebl Diawa\" \/>\n<meta name=\"twitter:card\" content=\"summary_large_image\" \/>\n<meta name=\"twitter:label1\" content=\"\u00c9crit par\" \/>\n\t<meta name=\"twitter:data1\" content=\"Jo\u00ebl Diawa\" \/>\n\t<meta name=\"twitter:label2\" content=\"Dur\u00e9e de lecture estim\u00e9e\" \/>\n\t<meta name=\"twitter:data2\" content=\"4 minutes\" \/>\n<script type=\"application\/ld+json\" class=\"yoast-schema-graph\">{\"@context\":\"https:\\\/\\\/schema.org\",\"@graph\":[{\"@type\":\"Article\",\"@id\":\"https:\\\/\\\/infos-droitshumains.net\\\/?p=9406#article\",\"isPartOf\":{\"@id\":\"https:\\\/\\\/infos-droitshumains.net\\\/?p=9406\"},\"author\":{\"name\":\"Jo\u00ebl Diawa\",\"@id\":\"https:\\\/\\\/infos-droitshumains.net\\\/#\\\/schema\\\/person\\\/3dc5e921c3302172e0ed4362f96faab7\"},\"headline\":\"RDC : les textes juridiques relatifs au fonctionnement de l&rsquo;entit\u00e9 de liaison des droits de l&rsquo;homme viennent de subir des r\u00e9formes\",\"datePublished\":\"2024-03-15T12:42:38+00:00\",\"dateModified\":\"2024-03-15T12:42:42+00:00\",\"mainEntityOfPage\":{\"@id\":\"https:\\\/\\\/infos-droitshumains.net\\\/?p=9406\"},\"wordCount\":624,\"commentCount\":0,\"publisher\":{\"@id\":\"https:\\\/\\\/infos-droitshumains.net\\\/#organization\"},\"image\":{\"@id\":\"https:\\\/\\\/infos-droitshumains.net\\\/?p=9406#primaryimage\"},\"thumbnailUrl\":\"https:\\\/\\\/i0.wp.com\\\/infos-droitshumains.net\\\/wp-content\\\/uploads\\\/2024\\\/03\\\/ART.jpg?fit=1024%2C668&ssl=1\",\"articleSection\":[\"Droits Humains\"],\"inLanguage\":\"fr-FR\",\"potentialAction\":[{\"@type\":\"CommentAction\",\"name\":\"Comment\",\"target\":[\"https:\\\/\\\/infos-droitshumains.net\\\/?p=9406#respond\"]}]},{\"@type\":\"WebPage\",\"@id\":\"https:\\\/\\\/infos-droitshumains.net\\\/?p=9406\",\"url\":\"https:\\\/\\\/infos-droitshumains.net\\\/?p=9406\",\"name\":\"RDC : les textes juridiques relatifs au fonctionnement de l'entit\u00e9 de liaison des droits de l'homme viennent de subir des r\u00e9formes - Infos Droits Humains\",\"isPartOf\":{\"@id\":\"https:\\\/\\\/infos-droitshumains.net\\\/#website\"},\"primaryImageOfPage\":{\"@id\":\"https:\\\/\\\/infos-droitshumains.net\\\/?p=9406#primaryimage\"},\"image\":{\"@id\":\"https:\\\/\\\/infos-droitshumains.net\\\/?p=9406#primaryimage\"},\"thumbnailUrl\":\"https:\\\/\\\/i0.wp.com\\\/infos-droitshumains.net\\\/wp-content\\\/uploads\\\/2024\\\/03\\\/ART.jpg?fit=1024%2C668&ssl=1\",\"datePublished\":\"2024-03-15T12:42:38+00:00\",\"dateModified\":\"2024-03-15T12:42:42+00:00\",\"breadcrumb\":{\"@id\":\"https:\\\/\\\/infos-droitshumains.net\\\/?p=9406#breadcrumb\"},\"inLanguage\":\"fr-FR\",\"potentialAction\":[{\"@type\":\"ReadAction\",\"target\":[\"https:\\\/\\\/infos-droitshumains.net\\\/?p=9406\"]}]},{\"@type\":\"ImageObject\",\"inLanguage\":\"fr-FR\",\"@id\":\"https:\\\/\\\/infos-droitshumains.net\\\/?p=9406#primaryimage\",\"url\":\"https:\\\/\\\/i0.wp.com\\\/infos-droitshumains.net\\\/wp-content\\\/uploads\\\/2024\\\/03\\\/ART.jpg?fit=1024%2C668&ssl=1\",\"contentUrl\":\"https:\\\/\\\/i0.wp.com\\\/infos-droitshumains.net\\\/wp-content\\\/uploads\\\/2024\\\/03\\\/ART.jpg?fit=1024%2C668&ssl=1\",\"width\":1024,\"height\":668},{\"@type\":\"BreadcrumbList\",\"@id\":\"https:\\\/\\\/infos-droitshumains.net\\\/?p=9406#breadcrumb\",\"itemListElement\":[{\"@type\":\"ListItem\",\"position\":1,\"name\":\"Accueil\",\"item\":\"https:\\\/\\\/infos-droitshumains.net\\\/\"},{\"@type\":\"ListItem\",\"position\":2,\"name\":\"RDC : les textes juridiques relatifs au fonctionnement de l&rsquo;entit\u00e9 de liaison des droits de l&rsquo;homme viennent de subir des r\u00e9formes\"}]},{\"@type\":\"WebSite\",\"@id\":\"https:\\\/\\\/infos-droitshumains.net\\\/#website\",\"url\":\"https:\\\/\\\/infos-droitshumains.net\\\/\",\"name\":\"Infos Droits Humains\",\"description\":\"S&#039;informer est un droit\",\"publisher\":{\"@id\":\"https:\\\/\\\/infos-droitshumains.net\\\/#organization\"},\"potentialAction\":[{\"@type\":\"SearchAction\",\"target\":{\"@type\":\"EntryPoint\",\"urlTemplate\":\"https:\\\/\\\/infos-droitshumains.net\\\/?s={search_term_string}\"},\"query-input\":{\"@type\":\"PropertyValueSpecification\",\"valueRequired\":true,\"valueName\":\"search_term_string\"}}],\"inLanguage\":\"fr-FR\"},{\"@type\":\"Organization\",\"@id\":\"https:\\\/\\\/infos-droitshumains.net\\\/#organization\",\"name\":\"Infos Droits Humains\",\"url\":\"https:\\\/\\\/infos-droitshumains.net\\\/\",\"logo\":{\"@type\":\"ImageObject\",\"inLanguage\":\"fr-FR\",\"@id\":\"https:\\\/\\\/infos-droitshumains.net\\\/#\\\/schema\\\/logo\\\/image\\\/\",\"url\":\"https:\\\/\\\/i0.wp.com\\\/infos-droitshumains.net\\\/wp-content\\\/uploads\\\/2022\\\/05\\\/Logo.png?fit=333%2C129&ssl=1\",\"contentUrl\":\"https:\\\/\\\/i0.wp.com\\\/infos-droitshumains.net\\\/wp-content\\\/uploads\\\/2022\\\/05\\\/Logo.png?fit=333%2C129&ssl=1\",\"width\":333,\"height\":129,\"caption\":\"Infos Droits Humains\"},\"image\":{\"@id\":\"https:\\\/\\\/infos-droitshumains.net\\\/#\\\/schema\\\/logo\\\/image\\\/\"}},{\"@type\":\"Person\",\"@id\":\"https:\\\/\\\/infos-droitshumains.net\\\/#\\\/schema\\\/person\\\/3dc5e921c3302172e0ed4362f96faab7\",\"name\":\"Jo\u00ebl Diawa\",\"image\":{\"@type\":\"ImageObject\",\"inLanguage\":\"fr-FR\",\"@id\":\"https:\\\/\\\/secure.gravatar.com\\\/avatar\\\/729bea6ff4604c624417803c477363be8e3c7186deaa65713313f9b4b820f41c?s=96&d=mm&r=g\",\"url\":\"https:\\\/\\\/secure.gravatar.com\\\/avatar\\\/729bea6ff4604c624417803c477363be8e3c7186deaa65713313f9b4b820f41c?s=96&d=mm&r=g\",\"contentUrl\":\"https:\\\/\\\/secure.gravatar.com\\\/avatar\\\/729bea6ff4604c624417803c477363be8e3c7186deaa65713313f9b4b820f41c?s=96&d=mm&r=g\",\"caption\":\"Jo\u00ebl Diawa\"},\"sameAs\":[\"https:\\\/\\\/www.infos-droitshumains.net\"],\"url\":\"https:\\\/\\\/infos-droitshumains.net\\\/?author=2\"}]}<\/script>\n<!-- \/ Yoast SEO plugin. -->","yoast_head_json":{"title":"RDC : les textes juridiques relatifs au fonctionnement de l'entit\u00e9 de liaison des droits de l'homme viennent de subir des r\u00e9formes - Infos Droits Humains","robots":{"index":"index","follow":"follow","max-snippet":"max-snippet:-1","max-image-preview":"max-image-preview:large","max-video-preview":"max-video-preview:-1"},"canonical":"https:\/\/infos-droitshumains.net\/?p=9406","og_locale":"fr_FR","og_type":"article","og_title":"RDC : les textes juridiques relatifs au fonctionnement de l'entit\u00e9 de liaison des droits de l'homme viennent de subir des r\u00e9formes - Infos Droits Humains","og_description":"R\u00e9daction:+243817406088 Dans l&rsquo;optique de rendre op\u00e9rationnelle l&rsquo;entit\u00e9 de liaison des droits de l&rsquo;homme en R\u00e9publique...","og_url":"https:\/\/infos-droitshumains.net\/?p=9406","og_site_name":"Infos Droits Humains","article_published_time":"2024-03-15T12:42:38+00:00","article_modified_time":"2024-03-15T12:42:42+00:00","og_image":[{"width":1024,"height":668,"url":"https:\/\/infos-droitshumains.net\/wp-content\/uploads\/2024\/03\/ART.jpg","type":"image\/jpeg"}],"author":"Jo\u00ebl Diawa","twitter_card":"summary_large_image","twitter_misc":{"\u00c9crit par":"Jo\u00ebl Diawa","Dur\u00e9e de lecture estim\u00e9e":"4 minutes"},"schema":{"@context":"https:\/\/schema.org","@graph":[{"@type":"Article","@id":"https:\/\/infos-droitshumains.net\/?p=9406#article","isPartOf":{"@id":"https:\/\/infos-droitshumains.net\/?p=9406"},"author":{"name":"Jo\u00ebl Diawa","@id":"https:\/\/infos-droitshumains.net\/#\/schema\/person\/3dc5e921c3302172e0ed4362f96faab7"},"headline":"RDC : les textes juridiques relatifs au fonctionnement de l&rsquo;entit\u00e9 de liaison des droits de l&rsquo;homme viennent de subir des r\u00e9formes","datePublished":"2024-03-15T12:42:38+00:00","dateModified":"2024-03-15T12:42:42+00:00","mainEntityOfPage":{"@id":"https:\/\/infos-droitshumains.net\/?p=9406"},"wordCount":624,"commentCount":0,"publisher":{"@id":"https:\/\/infos-droitshumains.net\/#organization"},"image":{"@id":"https:\/\/infos-droitshumains.net\/?p=9406#primaryimage"},"thumbnailUrl":"https:\/\/i0.wp.com\/infos-droitshumains.net\/wp-content\/uploads\/2024\/03\/ART.jpg?fit=1024%2C668&ssl=1","articleSection":["Droits Humains"],"inLanguage":"fr-FR","potentialAction":[{"@type":"CommentAction","name":"Comment","target":["https:\/\/infos-droitshumains.net\/?p=9406#respond"]}]},{"@type":"WebPage","@id":"https:\/\/infos-droitshumains.net\/?p=9406","url":"https:\/\/infos-droitshumains.net\/?p=9406","name":"RDC : les textes juridiques relatifs au fonctionnement de l'entit\u00e9 de liaison des droits de l'homme viennent de subir des r\u00e9formes - Infos Droits Humains","isPartOf":{"@id":"https:\/\/infos-droitshumains.net\/#website"},"primaryImageOfPage":{"@id":"https:\/\/infos-droitshumains.net\/?p=9406#primaryimage"},"image":{"@id":"https:\/\/infos-droitshumains.net\/?p=9406#primaryimage"},"thumbnailUrl":"https:\/\/i0.wp.com\/infos-droitshumains.net\/wp-content\/uploads\/2024\/03\/ART.jpg?fit=1024%2C668&ssl=1","datePublished":"2024-03-15T12:42:38+00:00","dateModified":"2024-03-15T12:42:42+00:00","breadcrumb":{"@id":"https:\/\/infos-droitshumains.net\/?p=9406#breadcrumb"},"inLanguage":"fr-FR","potentialAction":[{"@type":"ReadAction","target":["https:\/\/infos-droitshumains.net\/?p=9406"]}]},{"@type":"ImageObject","inLanguage":"fr-FR","@id":"https:\/\/infos-droitshumains.net\/?p=9406#primaryimage","url":"https:\/\/i0.wp.com\/infos-droitshumains.net\/wp-content\/uploads\/2024\/03\/ART.jpg?fit=1024%2C668&ssl=1","contentUrl":"https:\/\/i0.wp.com\/infos-droitshumains.net\/wp-content\/uploads\/2024\/03\/ART.jpg?fit=1024%2C668&ssl=1","width":1024,"height":668},{"@type":"BreadcrumbList","@id":"https:\/\/infos-droitshumains.net\/?p=9406#breadcrumb","itemListElement":[{"@type":"ListItem","position":1,"name":"Accueil","item":"https:\/\/infos-droitshumains.net\/"},{"@type":"ListItem","position":2,"name":"RDC : les textes juridiques relatifs au fonctionnement de l&rsquo;entit\u00e9 de liaison des droits de l&rsquo;homme viennent de subir des r\u00e9formes"}]},{"@type":"WebSite","@id":"https:\/\/infos-droitshumains.net\/#website","url":"https:\/\/infos-droitshumains.net\/","name":"Infos Droits Humains","description":"S&#039;informer est un droit","publisher":{"@id":"https:\/\/infos-droitshumains.net\/#organization"},"potentialAction":[{"@type":"SearchAction","target":{"@type":"EntryPoint","urlTemplate":"https:\/\/infos-droitshumains.net\/?s={search_term_string}"},"query-input":{"@type":"PropertyValueSpecification","valueRequired":true,"valueName":"search_term_string"}}],"inLanguage":"fr-FR"},{"@type":"Organization","@id":"https:\/\/infos-droitshumains.net\/#organization","name":"Infos Droits Humains","url":"https:\/\/infos-droitshumains.net\/","logo":{"@type":"ImageObject","inLanguage":"fr-FR","@id":"https:\/\/infos-droitshumains.net\/#\/schema\/logo\/image\/","url":"https:\/\/i0.wp.com\/infos-droitshumains.net\/wp-content\/uploads\/2022\/05\/Logo.png?fit=333%2C129&ssl=1","contentUrl":"https:\/\/i0.wp.com\/infos-droitshumains.net\/wp-content\/uploads\/2022\/05\/Logo.png?fit=333%2C129&ssl=1","width":333,"height":129,"caption":"Infos Droits Humains"},"image":{"@id":"https:\/\/infos-droitshumains.net\/#\/schema\/logo\/image\/"}},{"@type":"Person","@id":"https:\/\/infos-droitshumains.net\/#\/schema\/person\/3dc5e921c3302172e0ed4362f96faab7","name":"Jo\u00ebl Diawa","image":{"@type":"ImageObject","inLanguage":"fr-FR","@id":"https:\/\/secure.gravatar.com\/avatar\/729bea6ff4604c624417803c477363be8e3c7186deaa65713313f9b4b820f41c?s=96&d=mm&r=g","url":"https:\/\/secure.gravatar.com\/avatar\/729bea6ff4604c624417803c477363be8e3c7186deaa65713313f9b4b820f41c?s=96&d=mm&r=g","contentUrl":"https:\/\/secure.gravatar.com\/avatar\/729bea6ff4604c624417803c477363be8e3c7186deaa65713313f9b4b820f41c?s=96&d=mm&r=g","caption":"Jo\u00ebl Diawa"},"sameAs":["https:\/\/www.infos-droitshumains.net"],"url":"https:\/\/infos-droitshumains.net\/?author=2"}]}},"featured_image_urls":{"full":["https:\/\/i0.wp.com\/infos-droitshumains.net\/wp-content\/uploads\/2024\/03\/ART.jpg?fit=1024%2C668&ssl=1",1024,668,false],"thumbnail":["https:\/\/i0.wp.com\/infos-droitshumains.net\/wp-content\/uploads\/2024\/03\/ART.jpg?resize=150%2C150&ssl=1",150,150,true],"medium":["https:\/\/i0.wp.com\/infos-droitshumains.net\/wp-content\/uploads\/2024\/03\/ART.jpg?fit=300%2C196&ssl=1",300,196,true],"medium_large":["https:\/\/i0.wp.com\/infos-droitshumains.net\/wp-content\/uploads\/2024\/03\/ART.jpg?fit=640%2C418&ssl=1",640,418,true],"large":["https:\/\/i0.wp.com\/infos-droitshumains.net\/wp-content\/uploads\/2024\/03\/ART.jpg?fit=640%2C418&ssl=1",640,418,true],"1536x1536":["https:\/\/i0.wp.com\/infos-droitshumains.net\/wp-content\/uploads\/2024\/03\/ART.jpg?fit=1024%2C668&ssl=1",1024,668,true],"2048x2048":["https:\/\/i0.wp.com\/infos-droitshumains.net\/wp-content\/uploads\/2024\/03\/ART.jpg?fit=1024%2C668&ssl=1",1024,668,true],"covernews-slider-full":["https:\/\/i0.wp.com\/infos-droitshumains.net\/wp-content\/uploads\/2024\/03\/ART.jpg?resize=1024%2C668&ssl=1",1024,668,true],"covernews-slider-center":["https:\/\/i0.wp.com\/infos-droitshumains.net\/wp-content\/uploads\/2024\/03\/ART.jpg?resize=800%2C500&ssl=1",800,500,true],"covernews-featured":["https:\/\/i0.wp.com\/infos-droitshumains.net\/wp-content\/uploads\/2024\/03\/ART.jpg?fit=1024%2C668&ssl=1",1024,668,true],"covernews-medium":["https:\/\/i0.wp.com\/infos-droitshumains.net\/wp-content\/uploads\/2024\/03\/ART.jpg?resize=540%2C340&ssl=1",540,340,true],"covernews-medium-square":["https:\/\/i0.wp.com\/infos-droitshumains.net\/wp-content\/uploads\/2024\/03\/ART.jpg?resize=400%2C250&ssl=1",400,250,true]},"author_info":{"display_name":"Jo\u00ebl Diawa","author_link":"https:\/\/infos-droitshumains.net\/?author=2"},"category_info":"<a href=\"https:\/\/infos-droitshumains.net\/?cat=7\" rel=\"category\">Droits Humains<\/a>","tag_info":"Droits Humains","comment_count":"0","jetpack_featured_media_url":"https:\/\/i0.wp.com\/infos-droitshumains.net\/wp-content\/uploads\/2024\/03\/ART.jpg?fit=1024%2C668&ssl=1","jetpack-related-posts":[],"jetpack_sharing_enabled":true,"_links":{"self":[{"href":"https:\/\/infos-droitshumains.net\/index.php?rest_route=\/wp\/v2\/posts\/9406","targetHints":{"allow":["GET"]}}],"collection":[{"href":"https:\/\/infos-droitshumains.net\/index.php?rest_route=\/wp\/v2\/posts"}],"about":[{"href":"https:\/\/infos-droitshumains.net\/index.php?rest_route=\/wp\/v2\/types\/post"}],"author":[{"embeddable":true,"href":"https:\/\/infos-droitshumains.net\/index.php?rest_route=\/wp\/v2\/users\/2"}],"replies":[{"embeddable":true,"href":"https:\/\/infos-droitshumains.net\/index.php?rest_route=%2Fwp%2Fv2%2Fcomments&post=9406"}],"version-history":[{"count":1,"href":"https:\/\/infos-droitshumains.net\/index.php?rest_route=\/wp\/v2\/posts\/9406\/revisions"}],"predecessor-version":[{"id":9412,"href":"https:\/\/infos-droitshumains.net\/index.php?rest_route=\/wp\/v2\/posts\/9406\/revisions\/9412"}],"wp:featuredmedia":[{"embeddable":true,"href":"https:\/\/infos-droitshumains.net\/index.php?rest_route=\/wp\/v2\/media\/9407"}],"wp:attachment":[{"href":"https:\/\/infos-droitshumains.net\/index.php?rest_route=%2Fwp%2Fv2%2Fmedia&parent=9406"}],"wp:term":[{"taxonomy":"category","embeddable":true,"href":"https:\/\/infos-droitshumains.net\/index.php?rest_route=%2Fwp%2Fv2%2Fcategories&post=9406"},{"taxonomy":"post_tag","embeddable":true,"href":"https:\/\/infos-droitshumains.net\/index.php?rest_route=%2Fwp%2Fv2%2Ftags&post=9406"}],"curies":[{"name":"wp","href":"https:\/\/api.w.org\/{rel}","templated":true}]}}