{"id":9402,"date":"2024-03-15T10:42:54","date_gmt":"2024-03-15T09:42:54","guid":{"rendered":"https:\/\/infos-droitshumains.net\/?p=9402"},"modified":"2024-03-15T14:09:14","modified_gmt":"2024-03-15T13:09:14","slug":"femmes-qui-inspirent-me-sylvie-ntumba-kabeya-une-toge-noire-pour-la-defense-des-enfants-et-des-vulnerables","status":"publish","type":"post","link":"https:\/\/infos-droitshumains.net\/?p=9402","title":{"rendered":"Femmes qui inspirent\u00a0: Me. Sylvie Ntumba Kabeya, une toge noire pour la d\u00e9fense des enfants et des vuln\u00e9rables"},"content":{"rendered":"\n<p><strong>R\u00e9daction:+243817406088<\/strong><\/p>\n\n\n\n<h4 class=\"wp-block-heading has-vivid-red-color has-text-color has-link-color wp-elements-fb3cbee8dd4cd5eb6ee7f8152c66cc6c\">S\u2019il y a en R\u00e9publique D\u00e9mocratique du Congo, des avocats qui se sont sp\u00e9cialis\u00e9s dans les droits des affaires, p\u00e9nal, \u00e9conomique ou toute autre discipline, rare sont ceux et celles qui ont accept\u00e9 de porter la toge pour d\u00e9fendre la cause des enfants et de tous les vuln\u00e9rables en g\u00e9n\u00e9ral. Dans cette derni\u00e8re cat\u00e9gorie se trouve une femme d\u2019exception&nbsp;; Maitre Sylvie Diamante Laura Ntumba Kabeya. C\u2019est elle qui est sous les projecteurs dans ce quatri\u00e8me num\u00e9ro de <strong>\u00ab&nbsp;Femmes qui inspirent&nbsp;\u00bb<\/strong>.<\/h4>\n\n\n\n<p>Fraichement sortie de l\u2019Universit\u00e9 de Kinshasa dipl\u00f4me de licence en mains avec mention distinction, Sylvie Ntumba Kabeya int\u00e9gra le barreau pr\u00e8s la cour d\u2019appel de Kinshasa\/Gombe en 2005. Passionn\u00e9e par la d\u00e9fense de la cause de l\u2019enfant et des personnes vuln\u00e9rables, elle s\u2019y sp\u00e9cialisera et sera d\u00e9sign\u00e9 en 2012, &nbsp;membre du collectif des avocats d\u00e9fenseurs des Droits des&nbsp; enfants dans le cadre d\u2019un projet pilot\u00e9 par l\u2019Unicef et le Bureau des consultations gratuites du Barreau de Kinshasa\/Gombe pour l\u2019assistance judiciaire gratuite des enfants en conflit avec la loi et les enfants victimes et <strong><sub>&nbsp;<\/sub><\/strong>t\u00e9moins.<\/p>\n\n\n\n<p>L\u2019exp\u00e9rience acquise dans ce projet lui a valu entre octobre 2016 et octobre 2022, les fonctions de pr\u00e9sidente du Bureau des Consultations gratuites, (BCG) du barreau pr\u00e8s la Cour d\u2019Appel de Kinshasa Gombe dans le cadre de la gestion des projets de l\u2019assistance gratuite des enfants en conflit avec la loi et victimes financ\u00e9s par le PNUD.<\/p>\n\n\n\n<p>Formatrice certifi\u00e9e en droit de l\u2019enfant, protection de la femme et&nbsp;&nbsp;&nbsp; pr\u00e9vention de la&nbsp; traite des personnes, Sylvie Ntumba se verra attribuer entre d\u00e9cembre 2019 et d\u00e9cembre 2022, la charge d\u2019assistante juridique charg\u00e9e de la sensibilisation et de fonds d\u2019assistance&nbsp;&nbsp;&nbsp; aux victimes au sein de l\u2019Agence pour la Pr\u00e9vention et la Lutte contre la Traite des&nbsp;&nbsp;&nbsp; Personnes (un service sp\u00e9cialis\u00e9 de la pr\u00e9sidence de la R\u00e9publique D\u00e9mocratique du Congo).<\/p>\n\n\n\n<p>Outre sa profession, cette femme de valeur a aussi travaill\u00e9 comme analyste au cabinet du&nbsp; Conseiller&nbsp; Sp\u00e9cial&nbsp;&nbsp; du Chef de l\u2019Etat en mati\u00e8re de Bonne Gouvernance, de lutte contre la Corruption, le Blanchiment des&nbsp;&nbsp;&nbsp; Capitaux et le Financement du terrorisme.<\/p>\n\n\n\n<p>Soucieuse de perfectionner ses connaissances, Sylvie Ntumba Kabeya a suivi plusieurs formations pratiques dont voici certaines&nbsp;:<\/p>\n\n\n\n<ul class=\"wp-block-list\">\n<li>Lutte contre la traite, exploitation et trafic d\u2019enfants, ILEA- ROSWELL, New Mexico, F\u00e9vrier 2020 ;<\/li>\n\n\n\n<li>Elaboration de projets, suivi et \u00e9valuation, Institut National de Pr\u00e9paration Professionnelle (INPP), 2018, Kinshasa ;<\/li>\n\n\n\n<li>Enseignement des Droits humains selon la technologie de l\u2019\u00e9tude de L . Ron Hubbard, comportant la fa\u00e7on de vivre et de travailler avec les enfants et les droits de l\u2019homme, Institut Africain de formation en droit humain(INAFD), Kinshasa, octobre 2016 ;<strong><\/strong><\/li>\n\n\n\n<li>L\u2019enfant et le droit international des droits de l\u2019homme, institut international des droits de l\u2019homme 46<sup>\u00e8me<\/sup> session ; juillet 2015, Strasbourg\/France ;<\/li>\n\n\n\n<li>Les conflits arm\u00e9s et le droit international des droits de l\u2019homme, 47<sup>\u00e8me<\/sup> session Annuelle d\u2019enseignement en droit international et droit compar\u00e9 de droit de l\u2019homme, Fondation Ren\u00e9 CASSINS, Institut international des Droits de l\u2019homme ; juillet 2016, Strasbourg\/France ;<\/li>\n\n\n\n<li>Sant\u00e9 et Droit international des droits de l\u2019homme, Fondation Ren\u00e9 CASSINS 48<sup>\u00e8me<\/sup> session, juillet 2017, Strasbourg\/France ;<\/li>\n\n\n\n<li>Les modes alternatifs de r\u00e8glement des conflits, conf\u00e9rence internationale des barreaux de tradition juridique commune, D\u00e9cembre 2019, Lausanne\/Suisse ;<\/li>\n\n\n\n<li>L\u2019\u00e9tat de droit et le terrorisme, conf\u00e9rence internationale des barreaux de tradition juridique commune, D\u00e9cembre 2016, Yaound\u00e9\/Cameroun ;<\/li>\n\n\n\n<li>Les techniques de sensibilisation en milieux carc\u00e9ral, Avocats sans fronti\u00e8res, Kinshasa 2015 ;<\/li>\n\n\n\n<li>Protection des droits \u00e9conomiques, civils et politiques en milieu carc\u00e9ral ; Avocats sans fronti\u00e8res ; Kinshasa 2015<\/li>\n\n\n\n<li>La protection judiciaire de l\u2019enfant en conflit avec la loi, Avocats sans fronti\u00e8res ; Kinshasa 2015<\/li>\n\n\n\n<li>Les \u00e9l\u00e9ments de proc\u00e9dure en phase pr\u00e9 juridictionnelle et devant le tribunal pour enfants, Avocats sans fronti\u00e8res ; Kinshasa 2015 ;<\/li>\n\n\n\n<li>La protection de l\u2019enfant et la probl\u00e9matique de l\u2019enfant de la rue et sa r\u00e9int\u00e9gration, Programme d\u2019Appui \u00e0, la justice ; Kinshasa 2014 ;<\/li>\n\n\n\n<li>Le recours prioritaire aux mesures non privatives de libert\u00e9 dans la justice des mineurs en R\u00e9publique d\u00e9mocratique de Congo ; ASF \/Kinshasa 2014 ;<\/li>\n\n\n\n<li>La d\u00e9tention pr\u00e9ventive, ASF\/Kinshasa 2014<\/li>\n\n\n\n<li>Les exceptions et fins de non-recevoir en proc\u00e9dure p\u00e9nale et civile, technique de r\u00e9daction des actes et probl\u00e9matique des d\u00e9tentions ill\u00e9gales en R\u00e9publique\u00a0 D\u00e9mocratique du Congo, Programme d\u2019Appui \u00e0 la justice\/Kinshasa 2013 ;<\/li>\n\n\n\n<li>Droit de la jeunesse : Avocat de l\u2019enfant entre mythe et r\u00e9alit\u00e9\/UNICEF, Kinshasa2013 ;<\/li>\n\n\n\n<li>L\u2019enfant en conflit avec la loi, les enfants victimes et les autres victimes de violences sexuelles, UNICEF\/Kinshasa 2012 ;<\/li>\n\n\n\n<li>La justice pour mineurs : Unicef\/Kinshasa 2011 ;<\/li>\n\n\n\n<li>Les techniques de plaidoyer : ANEW\/Kinshasa 2010 ;<\/li>\n\n\n\n<li>Les missions de la police face aux enjeux de la promotion et de la protection des droits de l\u2019homme pour un dialogue population et police, S\u00e9curitas Congo\/Kinshasa 2009 ;<\/li>\n\n\n\n<li>Atelier de vulgarisation de la convention collective interprofessionnelle nationale du travail, Maison africaine de recherche du travail\/Kinshasa 2006.<\/li>\n<\/ul>\n\n\n\n<p>Me. Sylvie Ntumba Kabeya qui est par ailleurs membre de plusieurs associations de d\u00e9fense des droits de l&rsquo;homme au nombre desquelles: Association des Femmes Avocates, Alliance Internationale des Femmes Avocates, Les Grandes Dames pour la D\u00e9fense des Vuln\u00e9rables, n&rsquo;a jamais oubli\u00e9 sa profession de pr\u00e9dilection. Postuler, conclure et plaider en toute mati\u00e8re (sauf restriction l\u00e9gale) devant les juridictions pour le <strong><sub>\u00a0<\/sub><\/strong>compte des clients ; Assister ou repr\u00e9senter les parties en justice demeurent sa motivation.<\/p>\n\n\n\n<p>Le cot\u00e9 enseignante de Sylvie Ntumba m\u00e9rite en ce jour d\u2019\u00eatre mise en \u00e9vidence. Depuis 2015, elle est Chef de travaux\u00a0 \u00e0 la facult\u00e9 de Droit de\u00a0 L\u2019Universit\u00e9 de\u00a0 Kinshasa. Formatrice certifi\u00e9e en protection des droits de l\u2019homme de l\u2019Institut International\u00a0 des droits de l\u2019Homme de Strasbourg\u00a0; cette avocate est aussi enseignante des\u00a0 cours de\u00a0 droit de la protection de\u00a0 l\u2019enfant et pratiques adapt\u00e9es \u00e0 l\u2019enfant, et celui de droit international humanitaire, Charg\u00e9e du\u00a0\u00a0 cours d\u2019initiation \u00e0 la\u00a0\u00a0\u00a0 Recherche scientifique \u00a0\u00e0 l\u2019Universit\u00e9 Chr\u00e9tienne de Kinshasa,\u00a0 (UCKIN) et formatrice \u00e0 l\u2019acad\u00e9mie de la police \u00e0 Kinshasa, charg\u00e9e du cours droit commercial g\u00e9n\u00e9ral OHADA.<\/p>\n\n\n\n<p>D\u00e9tentrice d&rsquo;un dipl\u00f4me d&rsquo;\u00e9tude sup\u00e9rieure en droit priv\u00e9 et judiciaire (avec mention grande distinction) depuis 2017, elle est actuellement en phase terminale de la r\u00e9daction de sa th\u00e8se doctorale selon toute vraisemblance, sera soutenu d&rsquo;ici \u00e0 la fin de l&rsquo;ann\u00e9e 2024.<\/p>\n\n\n\n<p>Scientifique aguerrie, &nbsp;Sylvie Ntumba compte dans son actif&nbsp; plusieurs publications au nombre desquelles<strong><em>, \u00ab&nbsp;Protection judiciaire de l\u2019enfant en droit congolais&nbsp;: mythe ou r\u00e9alit\u00e9&nbsp;\u00bb, \u00ab&nbsp;d\u00e9termination du juge naturel de l\u2019enfant pendant la proc\u00e9dure de divorce&nbsp;: enjeux et perspectives&nbsp;\u00bb, \u00ab&nbsp;Les instruments juridiques internationaux et nationaux de la protection de l\u2019enfant&nbsp;\u00bb, \u00ab&nbsp;Des \u00e9lections en Afrique&nbsp;\u00bb, \u00ab&nbsp;M\u00e9canisme de r\u00e9f\u00e9rencement des victimes de la traite des personnes en R\u00e9publique D\u00e9mocratique du Congo, le r\u00f4le des acteurs de premi\u00e8re ligne&nbsp;\u00bb<\/em><\/strong>, etc\u2026<\/p>\n\n\n\n<p>Notez par ailleurs que cette derni\u00e8re est un document collectif, produit en octobre 2021 avec le concours de l\u2019Organisation Internationale pour les Migration, (OIM).<\/p>\n\n\n\n<p>Mari\u00e9e au pharmacien Dominique Mpoy Kadima depuis 2002 et m\u00e8re de quatre enfants, Me. Sylvie Ntumba ne m\u00e9nage aucun effort pour s&rsquo;occuper convenablement de son foyer en d\u00e9pit de ses multiples taches professionnelles.<\/p>\n\n\n\n<p>Jo\u00ebl Diawa<\/p>\n","protected":false},"excerpt":{"rendered":"<p>R\u00e9daction:+243817406088 S\u2019il y a en R\u00e9publique D\u00e9mocratique du Congo, des avocats qui se sont sp\u00e9cialis\u00e9s&#8230;<\/p>\n","protected":false},"author":2,"featured_media":9404,"comment_status":"open","ping_status":"open","sticky":false,"template":"","format":"standard","meta":{"_jetpack_memberships_contains_paid_content":false,"footnotes":""},"categories":[6],"tags":[],"class_list":["post-9402","post","type-post","status-publish","format-standard","has-post-thumbnail","hentry","category-justice"],"yoast_head":"<!-- This site is optimized with the Yoast SEO plugin v27.5 - https:\/\/yoast.com\/product\/yoast-seo-wordpress\/ -->\n<title>Femmes qui inspirent\u00a0: Me. Sylvie Ntumba Kabeya, une toge noire pour la d\u00e9fense des enfants et des vuln\u00e9rables - Infos Droits Humains<\/title>\n<meta name=\"robots\" content=\"index, follow, max-snippet:-1, max-image-preview:large, max-video-preview:-1\" \/>\n<link rel=\"canonical\" href=\"https:\/\/infos-droitshumains.net\/?p=9402\" \/>\n<meta property=\"og:locale\" content=\"fr_FR\" \/>\n<meta property=\"og:type\" content=\"article\" \/>\n<meta property=\"og:title\" content=\"Femmes qui inspirent\u00a0: Me. Sylvie Ntumba Kabeya, une toge noire pour la d\u00e9fense des enfants et des vuln\u00e9rables - Infos Droits Humains\" \/>\n<meta property=\"og:description\" content=\"R\u00e9daction:+243817406088 S\u2019il y a en R\u00e9publique D\u00e9mocratique du Congo, des avocats qui se sont sp\u00e9cialis\u00e9s...\" \/>\n<meta property=\"og:url\" content=\"https:\/\/infos-droitshumains.net\/?p=9402\" \/>\n<meta property=\"og:site_name\" content=\"Infos Droits Humains\" \/>\n<meta property=\"article:published_time\" content=\"2024-03-15T09:42:54+00:00\" \/>\n<meta property=\"article:modified_time\" content=\"2024-03-15T13:09:14+00:00\" \/>\n<meta property=\"og:image\" content=\"https:\/\/infos-droitshumains.net\/wp-content\/uploads\/2024\/03\/IMG-20240315-WA0017_1.jpg\" \/>\n\t<meta property=\"og:image:width\" content=\"683\" \/>\n\t<meta property=\"og:image:height\" content=\"746\" \/>\n\t<meta property=\"og:image:type\" content=\"image\/jpeg\" \/>\n<meta name=\"author\" content=\"Jo\u00ebl Diawa\" \/>\n<meta name=\"twitter:card\" content=\"summary_large_image\" \/>\n<meta name=\"twitter:label1\" content=\"\u00c9crit par\" \/>\n\t<meta name=\"twitter:data1\" content=\"Jo\u00ebl Diawa\" \/>\n\t<meta name=\"twitter:label2\" content=\"Dur\u00e9e de lecture estim\u00e9e\" \/>\n\t<meta name=\"twitter:data2\" content=\"6 minutes\" \/>\n<script type=\"application\/ld+json\" class=\"yoast-schema-graph\">{\"@context\":\"https:\\\/\\\/schema.org\",\"@graph\":[{\"@type\":\"Article\",\"@id\":\"https:\\\/\\\/infos-droitshumains.net\\\/?p=9402#article\",\"isPartOf\":{\"@id\":\"https:\\\/\\\/infos-droitshumains.net\\\/?p=9402\"},\"author\":{\"name\":\"Jo\u00ebl Diawa\",\"@id\":\"https:\\\/\\\/infos-droitshumains.net\\\/#\\\/schema\\\/person\\\/3dc5e921c3302172e0ed4362f96faab7\"},\"headline\":\"Femmes qui inspirent\u00a0: Me. Sylvie Ntumba Kabeya, une toge noire pour la d\u00e9fense des enfants et des vuln\u00e9rables\",\"datePublished\":\"2024-03-15T09:42:54+00:00\",\"dateModified\":\"2024-03-15T13:09:14+00:00\",\"mainEntityOfPage\":{\"@id\":\"https:\\\/\\\/infos-droitshumains.net\\\/?p=9402\"},\"wordCount\":1310,\"commentCount\":0,\"publisher\":{\"@id\":\"https:\\\/\\\/infos-droitshumains.net\\\/#organization\"},\"image\":{\"@id\":\"https:\\\/\\\/infos-droitshumains.net\\\/?p=9402#primaryimage\"},\"thumbnailUrl\":\"https:\\\/\\\/i0.wp.com\\\/infos-droitshumains.net\\\/wp-content\\\/uploads\\\/2024\\\/03\\\/IMG-20240315-WA0017_1.jpg?fit=683%2C746&ssl=1\",\"articleSection\":[\"Justice\"],\"inLanguage\":\"fr-FR\",\"potentialAction\":[{\"@type\":\"CommentAction\",\"name\":\"Comment\",\"target\":[\"https:\\\/\\\/infos-droitshumains.net\\\/?p=9402#respond\"]}]},{\"@type\":\"WebPage\",\"@id\":\"https:\\\/\\\/infos-droitshumains.net\\\/?p=9402\",\"url\":\"https:\\\/\\\/infos-droitshumains.net\\\/?p=9402\",\"name\":\"Femmes qui inspirent\u00a0: Me. Sylvie Ntumba Kabeya, une toge noire pour la d\u00e9fense des enfants et des vuln\u00e9rables - Infos Droits Humains\",\"isPartOf\":{\"@id\":\"https:\\\/\\\/infos-droitshumains.net\\\/#website\"},\"primaryImageOfPage\":{\"@id\":\"https:\\\/\\\/infos-droitshumains.net\\\/?p=9402#primaryimage\"},\"image\":{\"@id\":\"https:\\\/\\\/infos-droitshumains.net\\\/?p=9402#primaryimage\"},\"thumbnailUrl\":\"https:\\\/\\\/i0.wp.com\\\/infos-droitshumains.net\\\/wp-content\\\/uploads\\\/2024\\\/03\\\/IMG-20240315-WA0017_1.jpg?fit=683%2C746&ssl=1\",\"datePublished\":\"2024-03-15T09:42:54+00:00\",\"dateModified\":\"2024-03-15T13:09:14+00:00\",\"breadcrumb\":{\"@id\":\"https:\\\/\\\/infos-droitshumains.net\\\/?p=9402#breadcrumb\"},\"inLanguage\":\"fr-FR\",\"potentialAction\":[{\"@type\":\"ReadAction\",\"target\":[\"https:\\\/\\\/infos-droitshumains.net\\\/?p=9402\"]}]},{\"@type\":\"ImageObject\",\"inLanguage\":\"fr-FR\",\"@id\":\"https:\\\/\\\/infos-droitshumains.net\\\/?p=9402#primaryimage\",\"url\":\"https:\\\/\\\/i0.wp.com\\\/infos-droitshumains.net\\\/wp-content\\\/uploads\\\/2024\\\/03\\\/IMG-20240315-WA0017_1.jpg?fit=683%2C746&ssl=1\",\"contentUrl\":\"https:\\\/\\\/i0.wp.com\\\/infos-droitshumains.net\\\/wp-content\\\/uploads\\\/2024\\\/03\\\/IMG-20240315-WA0017_1.jpg?fit=683%2C746&ssl=1\",\"width\":683,\"height\":746},{\"@type\":\"BreadcrumbList\",\"@id\":\"https:\\\/\\\/infos-droitshumains.net\\\/?p=9402#breadcrumb\",\"itemListElement\":[{\"@type\":\"ListItem\",\"position\":1,\"name\":\"Accueil\",\"item\":\"https:\\\/\\\/infos-droitshumains.net\\\/\"},{\"@type\":\"ListItem\",\"position\":2,\"name\":\"Femmes qui inspirent\u00a0: Me. Sylvie Ntumba Kabeya, une toge noire pour la d\u00e9fense des enfants et des vuln\u00e9rables\"}]},{\"@type\":\"WebSite\",\"@id\":\"https:\\\/\\\/infos-droitshumains.net\\\/#website\",\"url\":\"https:\\\/\\\/infos-droitshumains.net\\\/\",\"name\":\"Infos Droits Humains\",\"description\":\"S&#039;informer est un droit\",\"publisher\":{\"@id\":\"https:\\\/\\\/infos-droitshumains.net\\\/#organization\"},\"potentialAction\":[{\"@type\":\"SearchAction\",\"target\":{\"@type\":\"EntryPoint\",\"urlTemplate\":\"https:\\\/\\\/infos-droitshumains.net\\\/?s={search_term_string}\"},\"query-input\":{\"@type\":\"PropertyValueSpecification\",\"valueRequired\":true,\"valueName\":\"search_term_string\"}}],\"inLanguage\":\"fr-FR\"},{\"@type\":\"Organization\",\"@id\":\"https:\\\/\\\/infos-droitshumains.net\\\/#organization\",\"name\":\"Infos Droits Humains\",\"url\":\"https:\\\/\\\/infos-droitshumains.net\\\/\",\"logo\":{\"@type\":\"ImageObject\",\"inLanguage\":\"fr-FR\",\"@id\":\"https:\\\/\\\/infos-droitshumains.net\\\/#\\\/schema\\\/logo\\\/image\\\/\",\"url\":\"https:\\\/\\\/i0.wp.com\\\/infos-droitshumains.net\\\/wp-content\\\/uploads\\\/2022\\\/05\\\/Logo.png?fit=333%2C129&ssl=1\",\"contentUrl\":\"https:\\\/\\\/i0.wp.com\\\/infos-droitshumains.net\\\/wp-content\\\/uploads\\\/2022\\\/05\\\/Logo.png?fit=333%2C129&ssl=1\",\"width\":333,\"height\":129,\"caption\":\"Infos Droits Humains\"},\"image\":{\"@id\":\"https:\\\/\\\/infos-droitshumains.net\\\/#\\\/schema\\\/logo\\\/image\\\/\"}},{\"@type\":\"Person\",\"@id\":\"https:\\\/\\\/infos-droitshumains.net\\\/#\\\/schema\\\/person\\\/3dc5e921c3302172e0ed4362f96faab7\",\"name\":\"Jo\u00ebl Diawa\",\"image\":{\"@type\":\"ImageObject\",\"inLanguage\":\"fr-FR\",\"@id\":\"https:\\\/\\\/secure.gravatar.com\\\/avatar\\\/729bea6ff4604c624417803c477363be8e3c7186deaa65713313f9b4b820f41c?s=96&d=mm&r=g\",\"url\":\"https:\\\/\\\/secure.gravatar.com\\\/avatar\\\/729bea6ff4604c624417803c477363be8e3c7186deaa65713313f9b4b820f41c?s=96&d=mm&r=g\",\"contentUrl\":\"https:\\\/\\\/secure.gravatar.com\\\/avatar\\\/729bea6ff4604c624417803c477363be8e3c7186deaa65713313f9b4b820f41c?s=96&d=mm&r=g\",\"caption\":\"Jo\u00ebl Diawa\"},\"sameAs\":[\"https:\\\/\\\/www.infos-droitshumains.net\"],\"url\":\"https:\\\/\\\/infos-droitshumains.net\\\/?author=2\"}]}<\/script>\n<!-- \/ Yoast SEO plugin. -->","yoast_head_json":{"title":"Femmes qui inspirent\u00a0: Me. Sylvie Ntumba Kabeya, une toge noire pour la d\u00e9fense des enfants et des vuln\u00e9rables - Infos Droits Humains","robots":{"index":"index","follow":"follow","max-snippet":"max-snippet:-1","max-image-preview":"max-image-preview:large","max-video-preview":"max-video-preview:-1"},"canonical":"https:\/\/infos-droitshumains.net\/?p=9402","og_locale":"fr_FR","og_type":"article","og_title":"Femmes qui inspirent\u00a0: Me. Sylvie Ntumba Kabeya, une toge noire pour la d\u00e9fense des enfants et des vuln\u00e9rables - Infos Droits Humains","og_description":"R\u00e9daction:+243817406088 S\u2019il y a en R\u00e9publique D\u00e9mocratique du Congo, des avocats qui se sont sp\u00e9cialis\u00e9s...","og_url":"https:\/\/infos-droitshumains.net\/?p=9402","og_site_name":"Infos Droits Humains","article_published_time":"2024-03-15T09:42:54+00:00","article_modified_time":"2024-03-15T13:09:14+00:00","og_image":[{"width":683,"height":746,"url":"https:\/\/infos-droitshumains.net\/wp-content\/uploads\/2024\/03\/IMG-20240315-WA0017_1.jpg","type":"image\/jpeg"}],"author":"Jo\u00ebl Diawa","twitter_card":"summary_large_image","twitter_misc":{"\u00c9crit par":"Jo\u00ebl Diawa","Dur\u00e9e de lecture estim\u00e9e":"6 minutes"},"schema":{"@context":"https:\/\/schema.org","@graph":[{"@type":"Article","@id":"https:\/\/infos-droitshumains.net\/?p=9402#article","isPartOf":{"@id":"https:\/\/infos-droitshumains.net\/?p=9402"},"author":{"name":"Jo\u00ebl Diawa","@id":"https:\/\/infos-droitshumains.net\/#\/schema\/person\/3dc5e921c3302172e0ed4362f96faab7"},"headline":"Femmes qui inspirent\u00a0: Me. Sylvie Ntumba Kabeya, une toge noire pour la d\u00e9fense des enfants et des vuln\u00e9rables","datePublished":"2024-03-15T09:42:54+00:00","dateModified":"2024-03-15T13:09:14+00:00","mainEntityOfPage":{"@id":"https:\/\/infos-droitshumains.net\/?p=9402"},"wordCount":1310,"commentCount":0,"publisher":{"@id":"https:\/\/infos-droitshumains.net\/#organization"},"image":{"@id":"https:\/\/infos-droitshumains.net\/?p=9402#primaryimage"},"thumbnailUrl":"https:\/\/i0.wp.com\/infos-droitshumains.net\/wp-content\/uploads\/2024\/03\/IMG-20240315-WA0017_1.jpg?fit=683%2C746&ssl=1","articleSection":["Justice"],"inLanguage":"fr-FR","potentialAction":[{"@type":"CommentAction","name":"Comment","target":["https:\/\/infos-droitshumains.net\/?p=9402#respond"]}]},{"@type":"WebPage","@id":"https:\/\/infos-droitshumains.net\/?p=9402","url":"https:\/\/infos-droitshumains.net\/?p=9402","name":"Femmes qui inspirent\u00a0: Me. Sylvie Ntumba Kabeya, une toge noire pour la d\u00e9fense des enfants et des vuln\u00e9rables - Infos Droits Humains","isPartOf":{"@id":"https:\/\/infos-droitshumains.net\/#website"},"primaryImageOfPage":{"@id":"https:\/\/infos-droitshumains.net\/?p=9402#primaryimage"},"image":{"@id":"https:\/\/infos-droitshumains.net\/?p=9402#primaryimage"},"thumbnailUrl":"https:\/\/i0.wp.com\/infos-droitshumains.net\/wp-content\/uploads\/2024\/03\/IMG-20240315-WA0017_1.jpg?fit=683%2C746&ssl=1","datePublished":"2024-03-15T09:42:54+00:00","dateModified":"2024-03-15T13:09:14+00:00","breadcrumb":{"@id":"https:\/\/infos-droitshumains.net\/?p=9402#breadcrumb"},"inLanguage":"fr-FR","potentialAction":[{"@type":"ReadAction","target":["https:\/\/infos-droitshumains.net\/?p=9402"]}]},{"@type":"ImageObject","inLanguage":"fr-FR","@id":"https:\/\/infos-droitshumains.net\/?p=9402#primaryimage","url":"https:\/\/i0.wp.com\/infos-droitshumains.net\/wp-content\/uploads\/2024\/03\/IMG-20240315-WA0017_1.jpg?fit=683%2C746&ssl=1","contentUrl":"https:\/\/i0.wp.com\/infos-droitshumains.net\/wp-content\/uploads\/2024\/03\/IMG-20240315-WA0017_1.jpg?fit=683%2C746&ssl=1","width":683,"height":746},{"@type":"BreadcrumbList","@id":"https:\/\/infos-droitshumains.net\/?p=9402#breadcrumb","itemListElement":[{"@type":"ListItem","position":1,"name":"Accueil","item":"https:\/\/infos-droitshumains.net\/"},{"@type":"ListItem","position":2,"name":"Femmes qui inspirent\u00a0: Me. Sylvie Ntumba Kabeya, une toge noire pour la d\u00e9fense des enfants et des vuln\u00e9rables"}]},{"@type":"WebSite","@id":"https:\/\/infos-droitshumains.net\/#website","url":"https:\/\/infos-droitshumains.net\/","name":"Infos Droits Humains","description":"S&#039;informer est un droit","publisher":{"@id":"https:\/\/infos-droitshumains.net\/#organization"},"potentialAction":[{"@type":"SearchAction","target":{"@type":"EntryPoint","urlTemplate":"https:\/\/infos-droitshumains.net\/?s={search_term_string}"},"query-input":{"@type":"PropertyValueSpecification","valueRequired":true,"valueName":"search_term_string"}}],"inLanguage":"fr-FR"},{"@type":"Organization","@id":"https:\/\/infos-droitshumains.net\/#organization","name":"Infos Droits Humains","url":"https:\/\/infos-droitshumains.net\/","logo":{"@type":"ImageObject","inLanguage":"fr-FR","@id":"https:\/\/infos-droitshumains.net\/#\/schema\/logo\/image\/","url":"https:\/\/i0.wp.com\/infos-droitshumains.net\/wp-content\/uploads\/2022\/05\/Logo.png?fit=333%2C129&ssl=1","contentUrl":"https:\/\/i0.wp.com\/infos-droitshumains.net\/wp-content\/uploads\/2022\/05\/Logo.png?fit=333%2C129&ssl=1","width":333,"height":129,"caption":"Infos Droits Humains"},"image":{"@id":"https:\/\/infos-droitshumains.net\/#\/schema\/logo\/image\/"}},{"@type":"Person","@id":"https:\/\/infos-droitshumains.net\/#\/schema\/person\/3dc5e921c3302172e0ed4362f96faab7","name":"Jo\u00ebl Diawa","image":{"@type":"ImageObject","inLanguage":"fr-FR","@id":"https:\/\/secure.gravatar.com\/avatar\/729bea6ff4604c624417803c477363be8e3c7186deaa65713313f9b4b820f41c?s=96&d=mm&r=g","url":"https:\/\/secure.gravatar.com\/avatar\/729bea6ff4604c624417803c477363be8e3c7186deaa65713313f9b4b820f41c?s=96&d=mm&r=g","contentUrl":"https:\/\/secure.gravatar.com\/avatar\/729bea6ff4604c624417803c477363be8e3c7186deaa65713313f9b4b820f41c?s=96&d=mm&r=g","caption":"Jo\u00ebl Diawa"},"sameAs":["https:\/\/www.infos-droitshumains.net"],"url":"https:\/\/infos-droitshumains.net\/?author=2"}]}},"featured_image_urls":{"full":["https:\/\/i0.wp.com\/infos-droitshumains.net\/wp-content\/uploads\/2024\/03\/IMG-20240315-WA0017_1.jpg?fit=683%2C746&ssl=1",683,746,false],"thumbnail":["https:\/\/i0.wp.com\/infos-droitshumains.net\/wp-content\/uploads\/2024\/03\/IMG-20240315-WA0017_1.jpg?resize=150%2C150&ssl=1",150,150,true],"medium":["https:\/\/i0.wp.com\/infos-droitshumains.net\/wp-content\/uploads\/2024\/03\/IMG-20240315-WA0017_1.jpg?fit=275%2C300&ssl=1",275,300,true],"medium_large":["https:\/\/i0.wp.com\/infos-droitshumains.net\/wp-content\/uploads\/2024\/03\/IMG-20240315-WA0017_1.jpg?fit=640%2C699&ssl=1",640,699,true],"large":["https:\/\/i0.wp.com\/infos-droitshumains.net\/wp-content\/uploads\/2024\/03\/IMG-20240315-WA0017_1.jpg?fit=640%2C699&ssl=1",640,699,true],"1536x1536":["https:\/\/i0.wp.com\/infos-droitshumains.net\/wp-content\/uploads\/2024\/03\/IMG-20240315-WA0017_1.jpg?fit=683%2C746&ssl=1",683,746,true],"2048x2048":["https:\/\/i0.wp.com\/infos-droitshumains.net\/wp-content\/uploads\/2024\/03\/IMG-20240315-WA0017_1.jpg?fit=683%2C746&ssl=1",683,746,true],"covernews-slider-full":["https:\/\/i0.wp.com\/infos-droitshumains.net\/wp-content\/uploads\/2024\/03\/IMG-20240315-WA0017_1.jpg?resize=683%2C715&ssl=1",683,715,true],"covernews-slider-center":["https:\/\/i0.wp.com\/infos-droitshumains.net\/wp-content\/uploads\/2024\/03\/IMG-20240315-WA0017_1.jpg?resize=683%2C500&ssl=1",683,500,true],"covernews-featured":["https:\/\/i0.wp.com\/infos-droitshumains.net\/wp-content\/uploads\/2024\/03\/IMG-20240315-WA0017_1.jpg?fit=683%2C746&ssl=1",683,746,true],"covernews-medium":["https:\/\/i0.wp.com\/infos-droitshumains.net\/wp-content\/uploads\/2024\/03\/IMG-20240315-WA0017_1.jpg?resize=540%2C340&ssl=1",540,340,true],"covernews-medium-square":["https:\/\/i0.wp.com\/infos-droitshumains.net\/wp-content\/uploads\/2024\/03\/IMG-20240315-WA0017_1.jpg?resize=400%2C250&ssl=1",400,250,true]},"author_info":{"display_name":"Jo\u00ebl Diawa","author_link":"https:\/\/infos-droitshumains.net\/?author=2"},"category_info":"<a href=\"https:\/\/infos-droitshumains.net\/?cat=6\" rel=\"category\">Justice<\/a>","tag_info":"Justice","comment_count":"0","jetpack_featured_media_url":"https:\/\/i0.wp.com\/infos-droitshumains.net\/wp-content\/uploads\/2024\/03\/IMG-20240315-WA0017_1.jpg?fit=683%2C746&ssl=1","jetpack-related-posts":[],"jetpack_sharing_enabled":true,"_links":{"self":[{"href":"https:\/\/infos-droitshumains.net\/index.php?rest_route=\/wp\/v2\/posts\/9402","targetHints":{"allow":["GET"]}}],"collection":[{"href":"https:\/\/infos-droitshumains.net\/index.php?rest_route=\/wp\/v2\/posts"}],"about":[{"href":"https:\/\/infos-droitshumains.net\/index.php?rest_route=\/wp\/v2\/types\/post"}],"author":[{"embeddable":true,"href":"https:\/\/infos-droitshumains.net\/index.php?rest_route=\/wp\/v2\/users\/2"}],"replies":[{"embeddable":true,"href":"https:\/\/infos-droitshumains.net\/index.php?rest_route=%2Fwp%2Fv2%2Fcomments&post=9402"}],"version-history":[{"count":7,"href":"https:\/\/infos-droitshumains.net\/index.php?rest_route=\/wp\/v2\/posts\/9402\/revisions"}],"predecessor-version":[{"id":9423,"href":"https:\/\/infos-droitshumains.net\/index.php?rest_route=\/wp\/v2\/posts\/9402\/revisions\/9423"}],"wp:featuredmedia":[{"embeddable":true,"href":"https:\/\/infos-droitshumains.net\/index.php?rest_route=\/wp\/v2\/media\/9404"}],"wp:attachment":[{"href":"https:\/\/infos-droitshumains.net\/index.php?rest_route=%2Fwp%2Fv2%2Fmedia&parent=9402"}],"wp:term":[{"taxonomy":"category","embeddable":true,"href":"https:\/\/infos-droitshumains.net\/index.php?rest_route=%2Fwp%2Fv2%2Fcategories&post=9402"},{"taxonomy":"post_tag","embeddable":true,"href":"https:\/\/infos-droitshumains.net\/index.php?rest_route=%2Fwp%2Fv2%2Ftags&post=9402"}],"curies":[{"name":"wp","href":"https:\/\/api.w.org\/{rel}","templated":true}]}}