{"id":9389,"date":"2024-03-14T18:27:40","date_gmt":"2024-03-14T17:27:40","guid":{"rendered":"https:\/\/infos-droitshumains.net\/?p=9389"},"modified":"2024-03-14T18:33:13","modified_gmt":"2024-03-14T17:33:13","slug":"contentieux-electoraux-confirmee-elue-de-sandowa-par-la-cour-constitutionnelle-princesse-adele-kayinda-obtient-le-soutien-et-laccompagnement-de-lasbl-adelu","status":"publish","type":"post","link":"https:\/\/infos-droitshumains.net\/?p=9389","title":{"rendered":"Contentieux \u00e9lectoraux\u00a0: confirm\u00e9e \u00e9lue de Sandowa par la Cour Constitutionnelle, Princesse Ad\u00e8le Kayinda obtient le soutien et l\u2019accompagnement de l\u2019Asbl ADELU"},"content":{"rendered":"\n<p><strong>R\u00e9daction:+243817406088<\/strong><\/p>\n\n\n\n<h4 class=\"wp-block-heading has-vivid-red-color has-text-color has-link-color wp-elements-70eedd45883bc7aff5b1a98cf4ae6713\">C\u2019est depuis le mardi 12 mars 2024 que la Cour Constitutionnelle a prononc\u00e9 ses arr\u00eats sur les contentieux des r\u00e9sultats des l\u00e9gislatives nationales du 20 d\u00e9cembre dernier. Sur les 1123 affaires enr\u00f4l\u00e9es, instruites et plaid\u00e9es, 49 dossiers seulement ont \u00e9t\u00e9 jug\u00e9s recevables et fond\u00e9s au\u00a0 nombre desquels, celui, de la Princesse Ad\u00e8le Kayinda Mayina dans la circonscription de Sandowa.<\/h4>\n\n\n\n<p>L\u2019autorit\u00e9 morale de l\u2019Alliance des D\u00e9mocrates Chr\u00e9tiens, (ALDEC) a par cons\u00e9quent, retrouv\u00e9 son si\u00e8ge \u00e0 l\u2019Assembl\u00e9e Nationale, de quoi satisfaire les cadres et militants de ce parti politique membre de l\u2019Union sacr\u00e9e \u00e0 l\u2019instar de l\u2019Asbl les Amis de D\u00e9sir\u00e9 Luhahi, (ADELU). Dans une d\u00e9claration rendue publique \u00e0 Kinshasa, ce jeudi 14 mars 2024.<\/p>\n\n\n\n<p><em>\u00ab&nbsp;Le camarade D\u00e9sir\u00e9 Luhahi Niama, pr\u00e9sident de l&rsquo;Asbl Les Amis De D\u00e9sire Luhahi (ADELU) ainsi que tous les membres de l&rsquo;Amicale f\u00e9licitent,&nbsp; la Princesse Ad\u00e8le Kayinda, leur Autorit\u00e9 morale pour sa confirmation par la Cour Constitutionnelle en qualit\u00e9 de d\u00e9put\u00e9 nationale \u00e9lue de Sandowa. Nous remercions l\u2019\u00e9ternel Dieu des arm\u00e9es pour avoir permis que notre autorit\u00e9 morale soit r\u00e9tablie dans ses droits. Comme nous disons au sein de&nbsp; notre parti, avec Dieu, nous sommes tous des vainqueurs. Ceci est une victoire qui ouvre d\u00e9sormais la porte \u00e0 la b\u00e9n\u00e9diction<\/em>&nbsp;\u00bb, lit-on dans cette d\u00e9claration.<\/p>\n\n\n\n<p>Cette structure, base incontournable de l\u2019Alliance des D\u00e9mocrates Chr\u00e9tiens a par ailleurs promis d\u2019apporter un soutien ind\u00e9fectible \u00e0 l\u2019\u00e9lue de Sandowa afin de bien mat\u00e9rialiser dans vision du Chef de l\u2019Etat pour son second mandat.<\/p>\n\n\n\n<p><em>\u00ab&nbsp;A cet effet, ADELU et son Pr\u00e9sident, le camarade D\u00e9sir\u00e9 Luhahi restent d\u00e9termin\u00e9s \u00e0 soutenir et \u00e0 accompagner l&rsquo;Honorable Princesse Ad\u00e8le KAYINDA au cours de cette nouvelle l\u00e9gislature et \u00e0 \u00e9voluer selon la vision du Pr\u00e9sident de la R\u00e9publique et Chef d&rsquo;Etat F\u00e9lix Antoine Tshisekedi Tshilombo, pour l&rsquo;int\u00e9r\u00eat sup\u00e9rieur de la R\u00e9publique D\u00e9mocratique du Congo&nbsp;\u00bb<\/em>, rench\u00e9rit le Pr\u00e9sident de l\u2019ADELU qui rend en outre <em>\u00ab&nbsp;un hommage d\u00e9f\u00e9rent au Pr\u00e9sident de la R\u00e9publique et f\u00e9licitent la Haute Cour pour le travail de qualit\u00e9 abattu&nbsp;\u00bb<\/em>.<\/p>\n\n\n\n<p>Dans sa d\u00e9cision portant publication des r\u00e9sultats provisoires des l\u00e9gislatives nationales du 20 d\u00e9cembre 2023, la Commission Electorale Nationale Ind\u00e9pendante a estim\u00e9 que la liste d\u2019ALDEC n\u2019avait pas atteint le seuil. Une erreur mat\u00e9rielle corrig\u00e9e par la haute Cour apr\u00e8s que le parti ait attaqu\u00e9 cette d\u00e9cision de la centrale \u00e9lectorale.<\/p>\n\n\n\n<p>L\u2019Asbl les Amis de D\u00e9sir\u00e9 Luhahi, (ADELU) \u00e0 travers la candidature de son Pr\u00e9sident dans la circonscription \u00e9lectorale de Mont-Amba a largement contribu\u00e9 au seuil de la liste du parti avec pas moins de 5.000 voix obtenues. Bien que n\u2019ayant pas \u00e9t\u00e9 proclam\u00e9 par la CENI, D\u00e9sir\u00e9 Luhahi Niama reste une pi\u00e8ce essentielle pour l\u2019efficacit\u00e9 et le fonctionnement harmonieux du parti du Princesse Ad\u00e8le Kayinda.<\/p>\n\n\n\n<p>Jo\u00ebl Diawa<\/p>\n","protected":false},"excerpt":{"rendered":"<p>R\u00e9daction:+243817406088 C\u2019est depuis le mardi 12 mars 2024 que la Cour Constitutionnelle a prononc\u00e9 ses&#8230;<\/p>\n","protected":false},"author":2,"featured_media":9390,"comment_status":"open","ping_status":"open","sticky":false,"template":"","format":"standard","meta":{"_jetpack_memberships_contains_paid_content":false,"footnotes":""},"categories":[3],"tags":[],"class_list":["post-9389","post","type-post","status-publish","format-standard","has-post-thumbnail","hentry","category-politique"],"yoast_head":"<!-- This site is optimized with the Yoast SEO plugin v27.5 - https:\/\/yoast.com\/product\/yoast-seo-wordpress\/ -->\n<title>Contentieux \u00e9lectoraux\u00a0: confirm\u00e9e \u00e9lue de Sandowa par la Cour Constitutionnelle, Princesse Ad\u00e8le Kayinda obtient le soutien et l\u2019accompagnement de l\u2019Asbl ADELU - Infos Droits Humains<\/title>\n<meta name=\"robots\" content=\"index, follow, max-snippet:-1, max-image-preview:large, max-video-preview:-1\" \/>\n<link rel=\"canonical\" href=\"https:\/\/infos-droitshumains.net\/?p=9389\" \/>\n<meta property=\"og:locale\" content=\"fr_FR\" \/>\n<meta property=\"og:type\" content=\"article\" \/>\n<meta property=\"og:title\" content=\"Contentieux \u00e9lectoraux\u00a0: confirm\u00e9e \u00e9lue de Sandowa par la Cour Constitutionnelle, Princesse Ad\u00e8le Kayinda obtient le soutien et l\u2019accompagnement de l\u2019Asbl ADELU - Infos Droits Humains\" \/>\n<meta property=\"og:description\" content=\"R\u00e9daction:+243817406088 C\u2019est depuis le mardi 12 mars 2024 que la Cour Constitutionnelle a prononc\u00e9 ses...\" \/>\n<meta property=\"og:url\" content=\"https:\/\/infos-droitshumains.net\/?p=9389\" \/>\n<meta property=\"og:site_name\" content=\"Infos Droits Humains\" \/>\n<meta property=\"article:published_time\" content=\"2024-03-14T17:27:40+00:00\" \/>\n<meta property=\"article:modified_time\" content=\"2024-03-14T17:33:13+00:00\" \/>\n<meta property=\"og:image\" content=\"https:\/\/infos-droitshumains.net\/wp-content\/uploads\/2024\/03\/IMG-20230813-WA0015.jpg\" \/>\n\t<meta property=\"og:image:width\" content=\"886\" \/>\n\t<meta property=\"og:image:height\" content=\"592\" \/>\n\t<meta property=\"og:image:type\" content=\"image\/jpeg\" \/>\n<meta name=\"author\" content=\"Jo\u00ebl Diawa\" \/>\n<meta name=\"twitter:card\" content=\"summary_large_image\" \/>\n<meta name=\"twitter:label1\" content=\"\u00c9crit par\" \/>\n\t<meta name=\"twitter:data1\" content=\"Jo\u00ebl Diawa\" \/>\n\t<meta name=\"twitter:label2\" content=\"Dur\u00e9e de lecture estim\u00e9e\" \/>\n\t<meta name=\"twitter:data2\" content=\"3 minutes\" \/>\n<script type=\"application\/ld+json\" class=\"yoast-schema-graph\">{\"@context\":\"https:\\\/\\\/schema.org\",\"@graph\":[{\"@type\":\"Article\",\"@id\":\"https:\\\/\\\/infos-droitshumains.net\\\/?p=9389#article\",\"isPartOf\":{\"@id\":\"https:\\\/\\\/infos-droitshumains.net\\\/?p=9389\"},\"author\":{\"name\":\"Jo\u00ebl Diawa\",\"@id\":\"https:\\\/\\\/infos-droitshumains.net\\\/#\\\/schema\\\/person\\\/3dc5e921c3302172e0ed4362f96faab7\"},\"headline\":\"Contentieux \u00e9lectoraux\u00a0: confirm\u00e9e \u00e9lue de Sandowa par la Cour Constitutionnelle, Princesse Ad\u00e8le Kayinda obtient le soutien et l\u2019accompagnement de l\u2019Asbl ADELU\",\"datePublished\":\"2024-03-14T17:27:40+00:00\",\"dateModified\":\"2024-03-14T17:33:13+00:00\",\"mainEntityOfPage\":{\"@id\":\"https:\\\/\\\/infos-droitshumains.net\\\/?p=9389\"},\"wordCount\":546,\"commentCount\":0,\"publisher\":{\"@id\":\"https:\\\/\\\/infos-droitshumains.net\\\/#organization\"},\"image\":{\"@id\":\"https:\\\/\\\/infos-droitshumains.net\\\/?p=9389#primaryimage\"},\"thumbnailUrl\":\"https:\\\/\\\/i0.wp.com\\\/infos-droitshumains.net\\\/wp-content\\\/uploads\\\/2024\\\/03\\\/IMG-20230813-WA0015.jpg?fit=886%2C592&ssl=1\",\"articleSection\":[\"Politique\"],\"inLanguage\":\"fr-FR\",\"potentialAction\":[{\"@type\":\"CommentAction\",\"name\":\"Comment\",\"target\":[\"https:\\\/\\\/infos-droitshumains.net\\\/?p=9389#respond\"]}]},{\"@type\":\"WebPage\",\"@id\":\"https:\\\/\\\/infos-droitshumains.net\\\/?p=9389\",\"url\":\"https:\\\/\\\/infos-droitshumains.net\\\/?p=9389\",\"name\":\"Contentieux \u00e9lectoraux\u00a0: confirm\u00e9e \u00e9lue de Sandowa par la Cour Constitutionnelle, Princesse Ad\u00e8le Kayinda obtient le soutien et l\u2019accompagnement de l\u2019Asbl ADELU - Infos Droits Humains\",\"isPartOf\":{\"@id\":\"https:\\\/\\\/infos-droitshumains.net\\\/#website\"},\"primaryImageOfPage\":{\"@id\":\"https:\\\/\\\/infos-droitshumains.net\\\/?p=9389#primaryimage\"},\"image\":{\"@id\":\"https:\\\/\\\/infos-droitshumains.net\\\/?p=9389#primaryimage\"},\"thumbnailUrl\":\"https:\\\/\\\/i0.wp.com\\\/infos-droitshumains.net\\\/wp-content\\\/uploads\\\/2024\\\/03\\\/IMG-20230813-WA0015.jpg?fit=886%2C592&ssl=1\",\"datePublished\":\"2024-03-14T17:27:40+00:00\",\"dateModified\":\"2024-03-14T17:33:13+00:00\",\"breadcrumb\":{\"@id\":\"https:\\\/\\\/infos-droitshumains.net\\\/?p=9389#breadcrumb\"},\"inLanguage\":\"fr-FR\",\"potentialAction\":[{\"@type\":\"ReadAction\",\"target\":[\"https:\\\/\\\/infos-droitshumains.net\\\/?p=9389\"]}]},{\"@type\":\"ImageObject\",\"inLanguage\":\"fr-FR\",\"@id\":\"https:\\\/\\\/infos-droitshumains.net\\\/?p=9389#primaryimage\",\"url\":\"https:\\\/\\\/i0.wp.com\\\/infos-droitshumains.net\\\/wp-content\\\/uploads\\\/2024\\\/03\\\/IMG-20230813-WA0015.jpg?fit=886%2C592&ssl=1\",\"contentUrl\":\"https:\\\/\\\/i0.wp.com\\\/infos-droitshumains.net\\\/wp-content\\\/uploads\\\/2024\\\/03\\\/IMG-20230813-WA0015.jpg?fit=886%2C592&ssl=1\",\"width\":886,\"height\":592},{\"@type\":\"BreadcrumbList\",\"@id\":\"https:\\\/\\\/infos-droitshumains.net\\\/?p=9389#breadcrumb\",\"itemListElement\":[{\"@type\":\"ListItem\",\"position\":1,\"name\":\"Accueil\",\"item\":\"https:\\\/\\\/infos-droitshumains.net\\\/\"},{\"@type\":\"ListItem\",\"position\":2,\"name\":\"Contentieux \u00e9lectoraux\u00a0: confirm\u00e9e \u00e9lue de Sandowa par la Cour Constitutionnelle, Princesse Ad\u00e8le Kayinda obtient le soutien et l\u2019accompagnement de l\u2019Asbl ADELU\"}]},{\"@type\":\"WebSite\",\"@id\":\"https:\\\/\\\/infos-droitshumains.net\\\/#website\",\"url\":\"https:\\\/\\\/infos-droitshumains.net\\\/\",\"name\":\"Infos Droits Humains\",\"description\":\"S&#039;informer est un droit\",\"publisher\":{\"@id\":\"https:\\\/\\\/infos-droitshumains.net\\\/#organization\"},\"potentialAction\":[{\"@type\":\"SearchAction\",\"target\":{\"@type\":\"EntryPoint\",\"urlTemplate\":\"https:\\\/\\\/infos-droitshumains.net\\\/?s={search_term_string}\"},\"query-input\":{\"@type\":\"PropertyValueSpecification\",\"valueRequired\":true,\"valueName\":\"search_term_string\"}}],\"inLanguage\":\"fr-FR\"},{\"@type\":\"Organization\",\"@id\":\"https:\\\/\\\/infos-droitshumains.net\\\/#organization\",\"name\":\"Infos Droits Humains\",\"url\":\"https:\\\/\\\/infos-droitshumains.net\\\/\",\"logo\":{\"@type\":\"ImageObject\",\"inLanguage\":\"fr-FR\",\"@id\":\"https:\\\/\\\/infos-droitshumains.net\\\/#\\\/schema\\\/logo\\\/image\\\/\",\"url\":\"https:\\\/\\\/i0.wp.com\\\/infos-droitshumains.net\\\/wp-content\\\/uploads\\\/2022\\\/05\\\/Logo.png?fit=333%2C129&ssl=1\",\"contentUrl\":\"https:\\\/\\\/i0.wp.com\\\/infos-droitshumains.net\\\/wp-content\\\/uploads\\\/2022\\\/05\\\/Logo.png?fit=333%2C129&ssl=1\",\"width\":333,\"height\":129,\"caption\":\"Infos Droits Humains\"},\"image\":{\"@id\":\"https:\\\/\\\/infos-droitshumains.net\\\/#\\\/schema\\\/logo\\\/image\\\/\"}},{\"@type\":\"Person\",\"@id\":\"https:\\\/\\\/infos-droitshumains.net\\\/#\\\/schema\\\/person\\\/3dc5e921c3302172e0ed4362f96faab7\",\"name\":\"Jo\u00ebl Diawa\",\"image\":{\"@type\":\"ImageObject\",\"inLanguage\":\"fr-FR\",\"@id\":\"https:\\\/\\\/secure.gravatar.com\\\/avatar\\\/729bea6ff4604c624417803c477363be8e3c7186deaa65713313f9b4b820f41c?s=96&d=mm&r=g\",\"url\":\"https:\\\/\\\/secure.gravatar.com\\\/avatar\\\/729bea6ff4604c624417803c477363be8e3c7186deaa65713313f9b4b820f41c?s=96&d=mm&r=g\",\"contentUrl\":\"https:\\\/\\\/secure.gravatar.com\\\/avatar\\\/729bea6ff4604c624417803c477363be8e3c7186deaa65713313f9b4b820f41c?s=96&d=mm&r=g\",\"caption\":\"Jo\u00ebl Diawa\"},\"sameAs\":[\"https:\\\/\\\/www.infos-droitshumains.net\"],\"url\":\"https:\\\/\\\/infos-droitshumains.net\\\/?author=2\"}]}<\/script>\n<!-- \/ Yoast SEO plugin. -->","yoast_head_json":{"title":"Contentieux \u00e9lectoraux\u00a0: confirm\u00e9e \u00e9lue de Sandowa par la Cour Constitutionnelle, Princesse Ad\u00e8le Kayinda obtient le soutien et l\u2019accompagnement de l\u2019Asbl ADELU - Infos Droits Humains","robots":{"index":"index","follow":"follow","max-snippet":"max-snippet:-1","max-image-preview":"max-image-preview:large","max-video-preview":"max-video-preview:-1"},"canonical":"https:\/\/infos-droitshumains.net\/?p=9389","og_locale":"fr_FR","og_type":"article","og_title":"Contentieux \u00e9lectoraux\u00a0: confirm\u00e9e \u00e9lue de Sandowa par la Cour Constitutionnelle, Princesse Ad\u00e8le Kayinda obtient le soutien et l\u2019accompagnement de l\u2019Asbl ADELU - Infos Droits Humains","og_description":"R\u00e9daction:+243817406088 C\u2019est depuis le mardi 12 mars 2024 que la Cour Constitutionnelle a prononc\u00e9 ses...","og_url":"https:\/\/infos-droitshumains.net\/?p=9389","og_site_name":"Infos Droits Humains","article_published_time":"2024-03-14T17:27:40+00:00","article_modified_time":"2024-03-14T17:33:13+00:00","og_image":[{"width":886,"height":592,"url":"https:\/\/infos-droitshumains.net\/wp-content\/uploads\/2024\/03\/IMG-20230813-WA0015.jpg","type":"image\/jpeg"}],"author":"Jo\u00ebl Diawa","twitter_card":"summary_large_image","twitter_misc":{"\u00c9crit par":"Jo\u00ebl Diawa","Dur\u00e9e de lecture estim\u00e9e":"3 minutes"},"schema":{"@context":"https:\/\/schema.org","@graph":[{"@type":"Article","@id":"https:\/\/infos-droitshumains.net\/?p=9389#article","isPartOf":{"@id":"https:\/\/infos-droitshumains.net\/?p=9389"},"author":{"name":"Jo\u00ebl Diawa","@id":"https:\/\/infos-droitshumains.net\/#\/schema\/person\/3dc5e921c3302172e0ed4362f96faab7"},"headline":"Contentieux \u00e9lectoraux\u00a0: confirm\u00e9e \u00e9lue de Sandowa par la Cour Constitutionnelle, Princesse Ad\u00e8le Kayinda obtient le soutien et l\u2019accompagnement de l\u2019Asbl ADELU","datePublished":"2024-03-14T17:27:40+00:00","dateModified":"2024-03-14T17:33:13+00:00","mainEntityOfPage":{"@id":"https:\/\/infos-droitshumains.net\/?p=9389"},"wordCount":546,"commentCount":0,"publisher":{"@id":"https:\/\/infos-droitshumains.net\/#organization"},"image":{"@id":"https:\/\/infos-droitshumains.net\/?p=9389#primaryimage"},"thumbnailUrl":"https:\/\/i0.wp.com\/infos-droitshumains.net\/wp-content\/uploads\/2024\/03\/IMG-20230813-WA0015.jpg?fit=886%2C592&ssl=1","articleSection":["Politique"],"inLanguage":"fr-FR","potentialAction":[{"@type":"CommentAction","name":"Comment","target":["https:\/\/infos-droitshumains.net\/?p=9389#respond"]}]},{"@type":"WebPage","@id":"https:\/\/infos-droitshumains.net\/?p=9389","url":"https:\/\/infos-droitshumains.net\/?p=9389","name":"Contentieux \u00e9lectoraux\u00a0: confirm\u00e9e \u00e9lue de Sandowa par la Cour Constitutionnelle, Princesse Ad\u00e8le Kayinda obtient le soutien et l\u2019accompagnement de l\u2019Asbl ADELU - Infos Droits Humains","isPartOf":{"@id":"https:\/\/infos-droitshumains.net\/#website"},"primaryImageOfPage":{"@id":"https:\/\/infos-droitshumains.net\/?p=9389#primaryimage"},"image":{"@id":"https:\/\/infos-droitshumains.net\/?p=9389#primaryimage"},"thumbnailUrl":"https:\/\/i0.wp.com\/infos-droitshumains.net\/wp-content\/uploads\/2024\/03\/IMG-20230813-WA0015.jpg?fit=886%2C592&ssl=1","datePublished":"2024-03-14T17:27:40+00:00","dateModified":"2024-03-14T17:33:13+00:00","breadcrumb":{"@id":"https:\/\/infos-droitshumains.net\/?p=9389#breadcrumb"},"inLanguage":"fr-FR","potentialAction":[{"@type":"ReadAction","target":["https:\/\/infos-droitshumains.net\/?p=9389"]}]},{"@type":"ImageObject","inLanguage":"fr-FR","@id":"https:\/\/infos-droitshumains.net\/?p=9389#primaryimage","url":"https:\/\/i0.wp.com\/infos-droitshumains.net\/wp-content\/uploads\/2024\/03\/IMG-20230813-WA0015.jpg?fit=886%2C592&ssl=1","contentUrl":"https:\/\/i0.wp.com\/infos-droitshumains.net\/wp-content\/uploads\/2024\/03\/IMG-20230813-WA0015.jpg?fit=886%2C592&ssl=1","width":886,"height":592},{"@type":"BreadcrumbList","@id":"https:\/\/infos-droitshumains.net\/?p=9389#breadcrumb","itemListElement":[{"@type":"ListItem","position":1,"name":"Accueil","item":"https:\/\/infos-droitshumains.net\/"},{"@type":"ListItem","position":2,"name":"Contentieux \u00e9lectoraux\u00a0: confirm\u00e9e \u00e9lue de Sandowa par la Cour Constitutionnelle, Princesse Ad\u00e8le Kayinda obtient le soutien et l\u2019accompagnement de l\u2019Asbl ADELU"}]},{"@type":"WebSite","@id":"https:\/\/infos-droitshumains.net\/#website","url":"https:\/\/infos-droitshumains.net\/","name":"Infos Droits Humains","description":"S&#039;informer est un droit","publisher":{"@id":"https:\/\/infos-droitshumains.net\/#organization"},"potentialAction":[{"@type":"SearchAction","target":{"@type":"EntryPoint","urlTemplate":"https:\/\/infos-droitshumains.net\/?s={search_term_string}"},"query-input":{"@type":"PropertyValueSpecification","valueRequired":true,"valueName":"search_term_string"}}],"inLanguage":"fr-FR"},{"@type":"Organization","@id":"https:\/\/infos-droitshumains.net\/#organization","name":"Infos Droits Humains","url":"https:\/\/infos-droitshumains.net\/","logo":{"@type":"ImageObject","inLanguage":"fr-FR","@id":"https:\/\/infos-droitshumains.net\/#\/schema\/logo\/image\/","url":"https:\/\/i0.wp.com\/infos-droitshumains.net\/wp-content\/uploads\/2022\/05\/Logo.png?fit=333%2C129&ssl=1","contentUrl":"https:\/\/i0.wp.com\/infos-droitshumains.net\/wp-content\/uploads\/2022\/05\/Logo.png?fit=333%2C129&ssl=1","width":333,"height":129,"caption":"Infos Droits Humains"},"image":{"@id":"https:\/\/infos-droitshumains.net\/#\/schema\/logo\/image\/"}},{"@type":"Person","@id":"https:\/\/infos-droitshumains.net\/#\/schema\/person\/3dc5e921c3302172e0ed4362f96faab7","name":"Jo\u00ebl Diawa","image":{"@type":"ImageObject","inLanguage":"fr-FR","@id":"https:\/\/secure.gravatar.com\/avatar\/729bea6ff4604c624417803c477363be8e3c7186deaa65713313f9b4b820f41c?s=96&d=mm&r=g","url":"https:\/\/secure.gravatar.com\/avatar\/729bea6ff4604c624417803c477363be8e3c7186deaa65713313f9b4b820f41c?s=96&d=mm&r=g","contentUrl":"https:\/\/secure.gravatar.com\/avatar\/729bea6ff4604c624417803c477363be8e3c7186deaa65713313f9b4b820f41c?s=96&d=mm&r=g","caption":"Jo\u00ebl Diawa"},"sameAs":["https:\/\/www.infos-droitshumains.net"],"url":"https:\/\/infos-droitshumains.net\/?author=2"}]}},"featured_image_urls":{"full":["https:\/\/i0.wp.com\/infos-droitshumains.net\/wp-content\/uploads\/2024\/03\/IMG-20230813-WA0015.jpg?fit=886%2C592&ssl=1",886,592,false],"thumbnail":["https:\/\/i0.wp.com\/infos-droitshumains.net\/wp-content\/uploads\/2024\/03\/IMG-20230813-WA0015.jpg?resize=150%2C150&ssl=1",150,150,true],"medium":["https:\/\/i0.wp.com\/infos-droitshumains.net\/wp-content\/uploads\/2024\/03\/IMG-20230813-WA0015.jpg?fit=300%2C200&ssl=1",300,200,true],"medium_large":["https:\/\/i0.wp.com\/infos-droitshumains.net\/wp-content\/uploads\/2024\/03\/IMG-20230813-WA0015.jpg?fit=640%2C428&ssl=1",640,428,true],"large":["https:\/\/i0.wp.com\/infos-droitshumains.net\/wp-content\/uploads\/2024\/03\/IMG-20230813-WA0015.jpg?fit=640%2C428&ssl=1",640,428,true],"1536x1536":["https:\/\/i0.wp.com\/infos-droitshumains.net\/wp-content\/uploads\/2024\/03\/IMG-20230813-WA0015.jpg?fit=886%2C592&ssl=1",886,592,true],"2048x2048":["https:\/\/i0.wp.com\/infos-droitshumains.net\/wp-content\/uploads\/2024\/03\/IMG-20230813-WA0015.jpg?fit=886%2C592&ssl=1",886,592,true],"covernews-slider-full":["https:\/\/i0.wp.com\/infos-droitshumains.net\/wp-content\/uploads\/2024\/03\/IMG-20230813-WA0015.jpg?resize=886%2C592&ssl=1",886,592,true],"covernews-slider-center":["https:\/\/i0.wp.com\/infos-droitshumains.net\/wp-content\/uploads\/2024\/03\/IMG-20230813-WA0015.jpg?resize=800%2C500&ssl=1",800,500,true],"covernews-featured":["https:\/\/i0.wp.com\/infos-droitshumains.net\/wp-content\/uploads\/2024\/03\/IMG-20230813-WA0015.jpg?fit=886%2C592&ssl=1",886,592,true],"covernews-medium":["https:\/\/i0.wp.com\/infos-droitshumains.net\/wp-content\/uploads\/2024\/03\/IMG-20230813-WA0015.jpg?resize=540%2C340&ssl=1",540,340,true],"covernews-medium-square":["https:\/\/i0.wp.com\/infos-droitshumains.net\/wp-content\/uploads\/2024\/03\/IMG-20230813-WA0015.jpg?resize=400%2C250&ssl=1",400,250,true]},"author_info":{"display_name":"Jo\u00ebl Diawa","author_link":"https:\/\/infos-droitshumains.net\/?author=2"},"category_info":"<a href=\"https:\/\/infos-droitshumains.net\/?cat=3\" rel=\"category\">Politique<\/a>","tag_info":"Politique","comment_count":"0","jetpack_featured_media_url":"https:\/\/i0.wp.com\/infos-droitshumains.net\/wp-content\/uploads\/2024\/03\/IMG-20230813-WA0015.jpg?fit=886%2C592&ssl=1","jetpack-related-posts":[],"jetpack_sharing_enabled":true,"_links":{"self":[{"href":"https:\/\/infos-droitshumains.net\/index.php?rest_route=\/wp\/v2\/posts\/9389","targetHints":{"allow":["GET"]}}],"collection":[{"href":"https:\/\/infos-droitshumains.net\/index.php?rest_route=\/wp\/v2\/posts"}],"about":[{"href":"https:\/\/infos-droitshumains.net\/index.php?rest_route=\/wp\/v2\/types\/post"}],"author":[{"embeddable":true,"href":"https:\/\/infos-droitshumains.net\/index.php?rest_route=\/wp\/v2\/users\/2"}],"replies":[{"embeddable":true,"href":"https:\/\/infos-droitshumains.net\/index.php?rest_route=%2Fwp%2Fv2%2Fcomments&post=9389"}],"version-history":[{"count":2,"href":"https:\/\/infos-droitshumains.net\/index.php?rest_route=\/wp\/v2\/posts\/9389\/revisions"}],"predecessor-version":[{"id":9393,"href":"https:\/\/infos-droitshumains.net\/index.php?rest_route=\/wp\/v2\/posts\/9389\/revisions\/9393"}],"wp:featuredmedia":[{"embeddable":true,"href":"https:\/\/infos-droitshumains.net\/index.php?rest_route=\/wp\/v2\/media\/9390"}],"wp:attachment":[{"href":"https:\/\/infos-droitshumains.net\/index.php?rest_route=%2Fwp%2Fv2%2Fmedia&parent=9389"}],"wp:term":[{"taxonomy":"category","embeddable":true,"href":"https:\/\/infos-droitshumains.net\/index.php?rest_route=%2Fwp%2Fv2%2Fcategories&post=9389"},{"taxonomy":"post_tag","embeddable":true,"href":"https:\/\/infos-droitshumains.net\/index.php?rest_route=%2Fwp%2Fv2%2Ftags&post=9389"}],"curies":[{"name":"wp","href":"https:\/\/api.w.org\/{rel}","templated":true}]}}