{"id":9379,"date":"2024-03-14T01:34:51","date_gmt":"2024-03-14T00:34:51","guid":{"rendered":"https:\/\/infos-droitshumains.net\/?p=9379"},"modified":"2024-03-14T14:40:22","modified_gmt":"2024-03-14T13:40:22","slug":"tgi-matete-le-president-samy-samutondi-echange-avec-les-vendeurs-du-marche-tomba-afin-de-degager-la-voie-dacces-au-palais-de-justice","status":"publish","type":"post","link":"https:\/\/infos-droitshumains.net\/?p=9379","title":{"rendered":"TGI\/Matete\u00a0: Le Pr\u00e9sident Samy Samutondi \u00e9change avec les vendeurs du march\u00e9 tomba afin de d\u00e9gager la voie d\u2019acc\u00e8s au palais de justice"},"content":{"rendered":"\n<p><strong>R\u00e9daction:+243817406088<\/strong><\/p>\n\n\n\n<h4 class=\"wp-block-heading has-vivid-red-color has-text-color has-link-color wp-elements-3f23686cdc930e7258ed04f6fd82c5db\">C\u2019est un vent nouveau qui s\u2019insuffle peu \u00e0 peu au Tribunal de Grande Instance de Kinshasa\/Matete depuis l\u2019av\u00e8nement de son actuel Pr\u00e9sident Samy Samutondi Ikomba. Cette juridiction jadis mal r\u00e9put\u00e9e retrouve au fil du temps son lustre d\u2019en temps.<\/h4>\n\n\n\n<p>Ayant enregistr\u00e9 les dol\u00e9ances des magistrats, avocats, justiciables et autres visiteurs sur les difficult\u00e9s d\u2019acc\u00e9der au palais de justice qui abrite le TGI\/Matete, Samy Samutondi n\u2019a pas fait sourde oreille et a pris des mesures draconiennes afin que tous les vendeurs du march\u00e9 tomba qui \u00e9talent leurs marchandises sur la voie publique qui m\u00e8ne vers le palais d\u00e9gagent.<\/p>\n\n\n\n<p>C\u2019est dans ce cadre qu\u2019accompagn\u00e9 de la Pr\u00e9sidente du Tribunal de Paix de Kinshasa\/Matete et le Procureur de la R\u00e9publique, Chef du parquet pr\u00e8s cette tribunal, le professeur Samutondi a effectu\u00e9 ce mercredi 13 mars 2024, une descente au march\u00e9 Tomba. Objectif, sensibiliser les vendeurs sur le bien-fond\u00e9 de laisser libre la voie qui m\u00e8ne vers le palais.<\/p>\n\n\n\n<figure class=\"wp-block-image alignfull size-large\"><img data-recalc-dims=\"1\" fetchpriority=\"high\" decoding=\"async\" width=\"640\" height=\"288\" src=\"https:\/\/i0.wp.com\/infos-droitshumains.net\/wp-content\/uploads\/2024\/03\/MAT1.jpg?resize=640%2C288&#038;ssl=1\" alt=\"\" class=\"wp-image-9381\" srcset=\"https:\/\/i0.wp.com\/infos-droitshumains.net\/wp-content\/uploads\/2024\/03\/MAT1.jpg?resize=1024%2C461&amp;ssl=1 1024w, https:\/\/i0.wp.com\/infos-droitshumains.net\/wp-content\/uploads\/2024\/03\/MAT1.jpg?resize=300%2C135&amp;ssl=1 300w, https:\/\/i0.wp.com\/infos-droitshumains.net\/wp-content\/uploads\/2024\/03\/MAT1.jpg?resize=768%2C346&amp;ssl=1 768w, https:\/\/i0.wp.com\/infos-droitshumains.net\/wp-content\/uploads\/2024\/03\/MAT1.jpg?w=1040&amp;ssl=1 1040w\" sizes=\"(max-width: 640px) 100vw, 640px\" \/><\/figure>\n\n\n\n<p><em>\u00ab&nbsp;On aurait pu venir vous d\u00e9placer par force, mais nous avons le sens de l\u2019humanisme, nous ne pouvons pas vous faire du mal, c\u2019est pourquoi nous sommes venus vous demander, vous qui \u00e9tal\u00e9s vos articles sur la voie publique, de bien vouloir ne plus vendre ici. Cette route a \u00e9t\u00e9 construite pour faciliter l\u2019acc\u00e8s au palais de justice, mais il y plusieurs personnes qui, quand elles viennent chez nous, d\u00e9plorent le fait que la route soit bloqu\u00e9e par vous, ce n\u2019est pas bien, et \u00e7a ne donne pas une bonne image&nbsp;\u00bb<\/em>, a dit le pr\u00e9sident Samutondi \u00e0 ces vendeurs. Dans un ton beaucoup plus courtois il a rench\u00e9rit&nbsp;: <em>\u00ab&nbsp;Les Tribunaux et le parquet sont pour vous. Une fois que vous avez un probl\u00e8me, c\u2019est chez nous que vous viendrez chercher la solution, de ce fait aider nous a bien faire notre travail pour votre bien&nbsp;\u00bb<\/em>.<\/p>\n\n\n\n<p>Un message pass\u00e9 p\u00e9dagogiquement &nbsp;sous forme d\u2019un \u00e9change dont les destinataires ont vivement salu\u00e9 tout en promettant de s\u2019ex\u00e9cuter dans l\u2019imm\u00e9diat.<\/p>\n\n\n\n<p><em>\u00ab&nbsp;Nous sommes tr\u00e8s ravi que vous veniez nous avertir. D\u00e8s aujourd\u2019hui, nous prenons des dispositions pour que la voie soit lib\u00e9r\u00e9e&nbsp;\u00bb<\/em>, a rassur\u00e9 une vendeuse des fers. <em>\u00ab&nbsp;Vous avez pris une bonne initiative, mais tout ce que nous pouvons vous demander, c\u2019est &nbsp;de faire le suivi de votre d\u00e9cision car, il y ceux qui peuvent l\u2019ex\u00e9cuter, mais quand il n\u2019y a pas de suivi, la situation redeviendra comme au paravent&nbsp;\u00bb<\/em>, a rench\u00e9rit un vendeur des peintures.<\/p>\n\n\n\n<figure class=\"wp-block-image alignfull size-large\"><img data-recalc-dims=\"1\" decoding=\"async\" width=\"640\" height=\"288\" src=\"https:\/\/i0.wp.com\/infos-droitshumains.net\/wp-content\/uploads\/2024\/03\/MAT2.jpg?resize=640%2C288&#038;ssl=1\" alt=\"\" class=\"wp-image-9382\" srcset=\"https:\/\/i0.wp.com\/infos-droitshumains.net\/wp-content\/uploads\/2024\/03\/MAT2.jpg?resize=1024%2C461&amp;ssl=1 1024w, https:\/\/i0.wp.com\/infos-droitshumains.net\/wp-content\/uploads\/2024\/03\/MAT2.jpg?resize=300%2C135&amp;ssl=1 300w, https:\/\/i0.wp.com\/infos-droitshumains.net\/wp-content\/uploads\/2024\/03\/MAT2.jpg?resize=768%2C346&amp;ssl=1 768w, https:\/\/i0.wp.com\/infos-droitshumains.net\/wp-content\/uploads\/2024\/03\/MAT2.jpg?w=1040&amp;ssl=1 1040w\" sizes=\"(max-width: 640px) 100vw, 640px\" \/><\/figure>\n\n\n\n<p>C\u2019est sous les applaudissements que Samy Samutondi, Jos\u00e9phine Mukonkole et Jeampy Mulumba Kabongo qui se faisaient accompagner par leurs coll\u00e8gues respectifs ont cl\u00f4tur\u00e9 cet \u00e9change avant d\u2019aller poser sur la route principale, le panneau d\u2019orientation vers palais de justice.<\/p>\n\n\n\n<figure class=\"wp-block-image alignfull size-large\"><img data-recalc-dims=\"1\" decoding=\"async\" width=\"640\" height=\"288\" src=\"https:\/\/i0.wp.com\/infos-droitshumains.net\/wp-content\/uploads\/2024\/03\/MAT5.jpg?resize=640%2C288&#038;ssl=1\" alt=\"\" class=\"wp-image-9383\" srcset=\"https:\/\/i0.wp.com\/infos-droitshumains.net\/wp-content\/uploads\/2024\/03\/MAT5.jpg?resize=1024%2C461&amp;ssl=1 1024w, https:\/\/i0.wp.com\/infos-droitshumains.net\/wp-content\/uploads\/2024\/03\/MAT5.jpg?resize=300%2C135&amp;ssl=1 300w, https:\/\/i0.wp.com\/infos-droitshumains.net\/wp-content\/uploads\/2024\/03\/MAT5.jpg?resize=768%2C346&amp;ssl=1 768w, https:\/\/i0.wp.com\/infos-droitshumains.net\/wp-content\/uploads\/2024\/03\/MAT5.jpg?w=1040&amp;ssl=1 1040w\" sizes=\"(max-width: 640px) 100vw, 640px\" \/><\/figure>\n\n\n\n<p>Un grand soulagement pour beaucoup des gens qui avaient du mal \u00e0 acc\u00e9der \u00e0 ce palais qui est situ\u00e9 en plein c\u0153ur du march\u00e9 tomba dans la commune de Matete.<\/p>\n\n\n\n<p>Une r\u00e9alisation qui rentre dans l\u2019actif de Samy Samutondi Ikomba qui, \u00e0 peine six mois, a apport\u00e9 beaucoup des r\u00e9forme bien que la marche \u00e0 suivre soit encore tr\u00e8s longue.<\/p>\n\n\n\n<p>Jo\u00ebl Diawa<\/p>\n","protected":false},"excerpt":{"rendered":"<p>R\u00e9daction:+243817406088 C\u2019est un vent nouveau qui s\u2019insuffle peu \u00e0 peu au Tribunal de Grande Instance&#8230;<\/p>\n","protected":false},"author":2,"featured_media":9380,"comment_status":"open","ping_status":"open","sticky":false,"template":"","format":"standard","meta":{"_jetpack_memberships_contains_paid_content":false,"footnotes":""},"categories":[6],"tags":[],"class_list":["post-9379","post","type-post","status-publish","format-standard","has-post-thumbnail","hentry","category-justice"],"yoast_head":"<!-- This site is optimized with the Yoast SEO plugin v27.5 - https:\/\/yoast.com\/product\/yoast-seo-wordpress\/ -->\n<title>TGI\/Matete\u00a0: Le Pr\u00e9sident Samy Samutondi \u00e9change avec les vendeurs du march\u00e9 tomba afin de d\u00e9gager la voie d\u2019acc\u00e8s au palais de justice - Infos Droits Humains<\/title>\n<meta name=\"robots\" content=\"index, follow, max-snippet:-1, max-image-preview:large, max-video-preview:-1\" \/>\n<link rel=\"canonical\" href=\"https:\/\/infos-droitshumains.net\/?p=9379\" \/>\n<meta property=\"og:locale\" content=\"fr_FR\" \/>\n<meta property=\"og:type\" content=\"article\" \/>\n<meta property=\"og:title\" content=\"TGI\/Matete\u00a0: Le Pr\u00e9sident Samy Samutondi \u00e9change avec les vendeurs du march\u00e9 tomba afin de d\u00e9gager la voie d\u2019acc\u00e8s au palais de justice - Infos Droits Humains\" \/>\n<meta property=\"og:description\" content=\"R\u00e9daction:+243817406088 C\u2019est un vent nouveau qui s\u2019insuffle peu \u00e0 peu au Tribunal de Grande Instance...\" \/>\n<meta property=\"og:url\" content=\"https:\/\/infos-droitshumains.net\/?p=9379\" \/>\n<meta property=\"og:site_name\" content=\"Infos Droits Humains\" \/>\n<meta property=\"article:published_time\" content=\"2024-03-14T00:34:51+00:00\" \/>\n<meta property=\"article:modified_time\" content=\"2024-03-14T13:40:22+00:00\" \/>\n<meta property=\"og:image\" content=\"https:\/\/infos-droitshumains.net\/wp-content\/uploads\/2024\/03\/MAT3.jpg\" \/>\n\t<meta property=\"og:image:width\" content=\"1040\" \/>\n\t<meta property=\"og:image:height\" content=\"468\" \/>\n\t<meta property=\"og:image:type\" content=\"image\/jpeg\" \/>\n<meta name=\"author\" content=\"Jo\u00ebl Diawa\" \/>\n<meta name=\"twitter:card\" content=\"summary_large_image\" \/>\n<meta name=\"twitter:label1\" content=\"\u00c9crit par\" \/>\n\t<meta name=\"twitter:data1\" content=\"Jo\u00ebl Diawa\" \/>\n\t<meta name=\"twitter:label2\" content=\"Dur\u00e9e de lecture estim\u00e9e\" \/>\n\t<meta name=\"twitter:data2\" content=\"4 minutes\" \/>\n<script type=\"application\/ld+json\" class=\"yoast-schema-graph\">{\"@context\":\"https:\\\/\\\/schema.org\",\"@graph\":[{\"@type\":\"Article\",\"@id\":\"https:\\\/\\\/infos-droitshumains.net\\\/?p=9379#article\",\"isPartOf\":{\"@id\":\"https:\\\/\\\/infos-droitshumains.net\\\/?p=9379\"},\"author\":{\"name\":\"Jo\u00ebl Diawa\",\"@id\":\"https:\\\/\\\/infos-droitshumains.net\\\/#\\\/schema\\\/person\\\/3dc5e921c3302172e0ed4362f96faab7\"},\"headline\":\"TGI\\\/Matete\u00a0: Le Pr\u00e9sident Samy Samutondi \u00e9change avec les vendeurs du march\u00e9 tomba afin de d\u00e9gager la voie d\u2019acc\u00e8s au palais de justice\",\"datePublished\":\"2024-03-14T00:34:51+00:00\",\"dateModified\":\"2024-03-14T13:40:22+00:00\",\"mainEntityOfPage\":{\"@id\":\"https:\\\/\\\/infos-droitshumains.net\\\/?p=9379\"},\"wordCount\":597,\"commentCount\":0,\"publisher\":{\"@id\":\"https:\\\/\\\/infos-droitshumains.net\\\/#organization\"},\"image\":{\"@id\":\"https:\\\/\\\/infos-droitshumains.net\\\/?p=9379#primaryimage\"},\"thumbnailUrl\":\"https:\\\/\\\/i0.wp.com\\\/infos-droitshumains.net\\\/wp-content\\\/uploads\\\/2024\\\/03\\\/MAT3.jpg?fit=1040%2C468&ssl=1\",\"articleSection\":[\"Justice\"],\"inLanguage\":\"fr-FR\",\"potentialAction\":[{\"@type\":\"CommentAction\",\"name\":\"Comment\",\"target\":[\"https:\\\/\\\/infos-droitshumains.net\\\/?p=9379#respond\"]}]},{\"@type\":\"WebPage\",\"@id\":\"https:\\\/\\\/infos-droitshumains.net\\\/?p=9379\",\"url\":\"https:\\\/\\\/infos-droitshumains.net\\\/?p=9379\",\"name\":\"TGI\\\/Matete\u00a0: Le Pr\u00e9sident Samy Samutondi \u00e9change avec les vendeurs du march\u00e9 tomba afin de d\u00e9gager la voie d\u2019acc\u00e8s au palais de justice - Infos Droits Humains\",\"isPartOf\":{\"@id\":\"https:\\\/\\\/infos-droitshumains.net\\\/#website\"},\"primaryImageOfPage\":{\"@id\":\"https:\\\/\\\/infos-droitshumains.net\\\/?p=9379#primaryimage\"},\"image\":{\"@id\":\"https:\\\/\\\/infos-droitshumains.net\\\/?p=9379#primaryimage\"},\"thumbnailUrl\":\"https:\\\/\\\/i0.wp.com\\\/infos-droitshumains.net\\\/wp-content\\\/uploads\\\/2024\\\/03\\\/MAT3.jpg?fit=1040%2C468&ssl=1\",\"datePublished\":\"2024-03-14T00:34:51+00:00\",\"dateModified\":\"2024-03-14T13:40:22+00:00\",\"breadcrumb\":{\"@id\":\"https:\\\/\\\/infos-droitshumains.net\\\/?p=9379#breadcrumb\"},\"inLanguage\":\"fr-FR\",\"potentialAction\":[{\"@type\":\"ReadAction\",\"target\":[\"https:\\\/\\\/infos-droitshumains.net\\\/?p=9379\"]}]},{\"@type\":\"ImageObject\",\"inLanguage\":\"fr-FR\",\"@id\":\"https:\\\/\\\/infos-droitshumains.net\\\/?p=9379#primaryimage\",\"url\":\"https:\\\/\\\/i0.wp.com\\\/infos-droitshumains.net\\\/wp-content\\\/uploads\\\/2024\\\/03\\\/MAT3.jpg?fit=1040%2C468&ssl=1\",\"contentUrl\":\"https:\\\/\\\/i0.wp.com\\\/infos-droitshumains.net\\\/wp-content\\\/uploads\\\/2024\\\/03\\\/MAT3.jpg?fit=1040%2C468&ssl=1\",\"width\":1040,\"height\":468},{\"@type\":\"BreadcrumbList\",\"@id\":\"https:\\\/\\\/infos-droitshumains.net\\\/?p=9379#breadcrumb\",\"itemListElement\":[{\"@type\":\"ListItem\",\"position\":1,\"name\":\"Accueil\",\"item\":\"https:\\\/\\\/infos-droitshumains.net\\\/\"},{\"@type\":\"ListItem\",\"position\":2,\"name\":\"TGI\\\/Matete\u00a0: Le Pr\u00e9sident Samy Samutondi \u00e9change avec les vendeurs du march\u00e9 tomba afin de d\u00e9gager la voie d\u2019acc\u00e8s au palais de justice\"}]},{\"@type\":\"WebSite\",\"@id\":\"https:\\\/\\\/infos-droitshumains.net\\\/#website\",\"url\":\"https:\\\/\\\/infos-droitshumains.net\\\/\",\"name\":\"Infos Droits Humains\",\"description\":\"S&#039;informer est un droit\",\"publisher\":{\"@id\":\"https:\\\/\\\/infos-droitshumains.net\\\/#organization\"},\"potentialAction\":[{\"@type\":\"SearchAction\",\"target\":{\"@type\":\"EntryPoint\",\"urlTemplate\":\"https:\\\/\\\/infos-droitshumains.net\\\/?s={search_term_string}\"},\"query-input\":{\"@type\":\"PropertyValueSpecification\",\"valueRequired\":true,\"valueName\":\"search_term_string\"}}],\"inLanguage\":\"fr-FR\"},{\"@type\":\"Organization\",\"@id\":\"https:\\\/\\\/infos-droitshumains.net\\\/#organization\",\"name\":\"Infos Droits Humains\",\"url\":\"https:\\\/\\\/infos-droitshumains.net\\\/\",\"logo\":{\"@type\":\"ImageObject\",\"inLanguage\":\"fr-FR\",\"@id\":\"https:\\\/\\\/infos-droitshumains.net\\\/#\\\/schema\\\/logo\\\/image\\\/\",\"url\":\"https:\\\/\\\/i0.wp.com\\\/infos-droitshumains.net\\\/wp-content\\\/uploads\\\/2022\\\/05\\\/Logo.png?fit=333%2C129&ssl=1\",\"contentUrl\":\"https:\\\/\\\/i0.wp.com\\\/infos-droitshumains.net\\\/wp-content\\\/uploads\\\/2022\\\/05\\\/Logo.png?fit=333%2C129&ssl=1\",\"width\":333,\"height\":129,\"caption\":\"Infos Droits Humains\"},\"image\":{\"@id\":\"https:\\\/\\\/infos-droitshumains.net\\\/#\\\/schema\\\/logo\\\/image\\\/\"}},{\"@type\":\"Person\",\"@id\":\"https:\\\/\\\/infos-droitshumains.net\\\/#\\\/schema\\\/person\\\/3dc5e921c3302172e0ed4362f96faab7\",\"name\":\"Jo\u00ebl Diawa\",\"image\":{\"@type\":\"ImageObject\",\"inLanguage\":\"fr-FR\",\"@id\":\"https:\\\/\\\/secure.gravatar.com\\\/avatar\\\/729bea6ff4604c624417803c477363be8e3c7186deaa65713313f9b4b820f41c?s=96&d=mm&r=g\",\"url\":\"https:\\\/\\\/secure.gravatar.com\\\/avatar\\\/729bea6ff4604c624417803c477363be8e3c7186deaa65713313f9b4b820f41c?s=96&d=mm&r=g\",\"contentUrl\":\"https:\\\/\\\/secure.gravatar.com\\\/avatar\\\/729bea6ff4604c624417803c477363be8e3c7186deaa65713313f9b4b820f41c?s=96&d=mm&r=g\",\"caption\":\"Jo\u00ebl Diawa\"},\"sameAs\":[\"https:\\\/\\\/www.infos-droitshumains.net\"],\"url\":\"https:\\\/\\\/infos-droitshumains.net\\\/?author=2\"}]}<\/script>\n<!-- \/ Yoast SEO plugin. -->","yoast_head_json":{"title":"TGI\/Matete\u00a0: Le Pr\u00e9sident Samy Samutondi \u00e9change avec les vendeurs du march\u00e9 tomba afin de d\u00e9gager la voie d\u2019acc\u00e8s au palais de justice - Infos Droits Humains","robots":{"index":"index","follow":"follow","max-snippet":"max-snippet:-1","max-image-preview":"max-image-preview:large","max-video-preview":"max-video-preview:-1"},"canonical":"https:\/\/infos-droitshumains.net\/?p=9379","og_locale":"fr_FR","og_type":"article","og_title":"TGI\/Matete\u00a0: Le Pr\u00e9sident Samy Samutondi \u00e9change avec les vendeurs du march\u00e9 tomba afin de d\u00e9gager la voie d\u2019acc\u00e8s au palais de justice - Infos Droits Humains","og_description":"R\u00e9daction:+243817406088 C\u2019est un vent nouveau qui s\u2019insuffle peu \u00e0 peu au Tribunal de Grande Instance...","og_url":"https:\/\/infos-droitshumains.net\/?p=9379","og_site_name":"Infos Droits Humains","article_published_time":"2024-03-14T00:34:51+00:00","article_modified_time":"2024-03-14T13:40:22+00:00","og_image":[{"width":1040,"height":468,"url":"https:\/\/infos-droitshumains.net\/wp-content\/uploads\/2024\/03\/MAT3.jpg","type":"image\/jpeg"}],"author":"Jo\u00ebl Diawa","twitter_card":"summary_large_image","twitter_misc":{"\u00c9crit par":"Jo\u00ebl Diawa","Dur\u00e9e de lecture estim\u00e9e":"4 minutes"},"schema":{"@context":"https:\/\/schema.org","@graph":[{"@type":"Article","@id":"https:\/\/infos-droitshumains.net\/?p=9379#article","isPartOf":{"@id":"https:\/\/infos-droitshumains.net\/?p=9379"},"author":{"name":"Jo\u00ebl Diawa","@id":"https:\/\/infos-droitshumains.net\/#\/schema\/person\/3dc5e921c3302172e0ed4362f96faab7"},"headline":"TGI\/Matete\u00a0: Le Pr\u00e9sident Samy Samutondi \u00e9change avec les vendeurs du march\u00e9 tomba afin de d\u00e9gager la voie d\u2019acc\u00e8s au palais de justice","datePublished":"2024-03-14T00:34:51+00:00","dateModified":"2024-03-14T13:40:22+00:00","mainEntityOfPage":{"@id":"https:\/\/infos-droitshumains.net\/?p=9379"},"wordCount":597,"commentCount":0,"publisher":{"@id":"https:\/\/infos-droitshumains.net\/#organization"},"image":{"@id":"https:\/\/infos-droitshumains.net\/?p=9379#primaryimage"},"thumbnailUrl":"https:\/\/i0.wp.com\/infos-droitshumains.net\/wp-content\/uploads\/2024\/03\/MAT3.jpg?fit=1040%2C468&ssl=1","articleSection":["Justice"],"inLanguage":"fr-FR","potentialAction":[{"@type":"CommentAction","name":"Comment","target":["https:\/\/infos-droitshumains.net\/?p=9379#respond"]}]},{"@type":"WebPage","@id":"https:\/\/infos-droitshumains.net\/?p=9379","url":"https:\/\/infos-droitshumains.net\/?p=9379","name":"TGI\/Matete\u00a0: Le Pr\u00e9sident Samy Samutondi \u00e9change avec les vendeurs du march\u00e9 tomba afin de d\u00e9gager la voie d\u2019acc\u00e8s au palais de justice - Infos Droits Humains","isPartOf":{"@id":"https:\/\/infos-droitshumains.net\/#website"},"primaryImageOfPage":{"@id":"https:\/\/infos-droitshumains.net\/?p=9379#primaryimage"},"image":{"@id":"https:\/\/infos-droitshumains.net\/?p=9379#primaryimage"},"thumbnailUrl":"https:\/\/i0.wp.com\/infos-droitshumains.net\/wp-content\/uploads\/2024\/03\/MAT3.jpg?fit=1040%2C468&ssl=1","datePublished":"2024-03-14T00:34:51+00:00","dateModified":"2024-03-14T13:40:22+00:00","breadcrumb":{"@id":"https:\/\/infos-droitshumains.net\/?p=9379#breadcrumb"},"inLanguage":"fr-FR","potentialAction":[{"@type":"ReadAction","target":["https:\/\/infos-droitshumains.net\/?p=9379"]}]},{"@type":"ImageObject","inLanguage":"fr-FR","@id":"https:\/\/infos-droitshumains.net\/?p=9379#primaryimage","url":"https:\/\/i0.wp.com\/infos-droitshumains.net\/wp-content\/uploads\/2024\/03\/MAT3.jpg?fit=1040%2C468&ssl=1","contentUrl":"https:\/\/i0.wp.com\/infos-droitshumains.net\/wp-content\/uploads\/2024\/03\/MAT3.jpg?fit=1040%2C468&ssl=1","width":1040,"height":468},{"@type":"BreadcrumbList","@id":"https:\/\/infos-droitshumains.net\/?p=9379#breadcrumb","itemListElement":[{"@type":"ListItem","position":1,"name":"Accueil","item":"https:\/\/infos-droitshumains.net\/"},{"@type":"ListItem","position":2,"name":"TGI\/Matete\u00a0: Le Pr\u00e9sident Samy Samutondi \u00e9change avec les vendeurs du march\u00e9 tomba afin de d\u00e9gager la voie d\u2019acc\u00e8s au palais de justice"}]},{"@type":"WebSite","@id":"https:\/\/infos-droitshumains.net\/#website","url":"https:\/\/infos-droitshumains.net\/","name":"Infos Droits Humains","description":"S&#039;informer est un droit","publisher":{"@id":"https:\/\/infos-droitshumains.net\/#organization"},"potentialAction":[{"@type":"SearchAction","target":{"@type":"EntryPoint","urlTemplate":"https:\/\/infos-droitshumains.net\/?s={search_term_string}"},"query-input":{"@type":"PropertyValueSpecification","valueRequired":true,"valueName":"search_term_string"}}],"inLanguage":"fr-FR"},{"@type":"Organization","@id":"https:\/\/infos-droitshumains.net\/#organization","name":"Infos Droits Humains","url":"https:\/\/infos-droitshumains.net\/","logo":{"@type":"ImageObject","inLanguage":"fr-FR","@id":"https:\/\/infos-droitshumains.net\/#\/schema\/logo\/image\/","url":"https:\/\/i0.wp.com\/infos-droitshumains.net\/wp-content\/uploads\/2022\/05\/Logo.png?fit=333%2C129&ssl=1","contentUrl":"https:\/\/i0.wp.com\/infos-droitshumains.net\/wp-content\/uploads\/2022\/05\/Logo.png?fit=333%2C129&ssl=1","width":333,"height":129,"caption":"Infos Droits Humains"},"image":{"@id":"https:\/\/infos-droitshumains.net\/#\/schema\/logo\/image\/"}},{"@type":"Person","@id":"https:\/\/infos-droitshumains.net\/#\/schema\/person\/3dc5e921c3302172e0ed4362f96faab7","name":"Jo\u00ebl Diawa","image":{"@type":"ImageObject","inLanguage":"fr-FR","@id":"https:\/\/secure.gravatar.com\/avatar\/729bea6ff4604c624417803c477363be8e3c7186deaa65713313f9b4b820f41c?s=96&d=mm&r=g","url":"https:\/\/secure.gravatar.com\/avatar\/729bea6ff4604c624417803c477363be8e3c7186deaa65713313f9b4b820f41c?s=96&d=mm&r=g","contentUrl":"https:\/\/secure.gravatar.com\/avatar\/729bea6ff4604c624417803c477363be8e3c7186deaa65713313f9b4b820f41c?s=96&d=mm&r=g","caption":"Jo\u00ebl Diawa"},"sameAs":["https:\/\/www.infos-droitshumains.net"],"url":"https:\/\/infos-droitshumains.net\/?author=2"}]}},"featured_image_urls":{"full":["https:\/\/i0.wp.com\/infos-droitshumains.net\/wp-content\/uploads\/2024\/03\/MAT3.jpg?fit=1040%2C468&ssl=1",1040,468,false],"thumbnail":["https:\/\/i0.wp.com\/infos-droitshumains.net\/wp-content\/uploads\/2024\/03\/MAT3.jpg?resize=150%2C150&ssl=1",150,150,true],"medium":["https:\/\/i0.wp.com\/infos-droitshumains.net\/wp-content\/uploads\/2024\/03\/MAT3.jpg?fit=300%2C135&ssl=1",300,135,true],"medium_large":["https:\/\/i0.wp.com\/infos-droitshumains.net\/wp-content\/uploads\/2024\/03\/MAT3.jpg?fit=640%2C288&ssl=1",640,288,true],"large":["https:\/\/i0.wp.com\/infos-droitshumains.net\/wp-content\/uploads\/2024\/03\/MAT3.jpg?fit=640%2C288&ssl=1",640,288,true],"1536x1536":["https:\/\/i0.wp.com\/infos-droitshumains.net\/wp-content\/uploads\/2024\/03\/MAT3.jpg?fit=1040%2C468&ssl=1",1040,468,true],"2048x2048":["https:\/\/i0.wp.com\/infos-droitshumains.net\/wp-content\/uploads\/2024\/03\/MAT3.jpg?fit=1040%2C468&ssl=1",1040,468,true],"covernews-slider-full":["https:\/\/i0.wp.com\/infos-droitshumains.net\/wp-content\/uploads\/2024\/03\/MAT3.jpg?resize=1040%2C468&ssl=1",1040,468,true],"covernews-slider-center":["https:\/\/i0.wp.com\/infos-droitshumains.net\/wp-content\/uploads\/2024\/03\/MAT3.jpg?resize=800%2C468&ssl=1",800,468,true],"covernews-featured":["https:\/\/i0.wp.com\/infos-droitshumains.net\/wp-content\/uploads\/2024\/03\/MAT3.jpg?fit=1024%2C461&ssl=1",1024,461,true],"covernews-medium":["https:\/\/i0.wp.com\/infos-droitshumains.net\/wp-content\/uploads\/2024\/03\/MAT3.jpg?resize=540%2C340&ssl=1",540,340,true],"covernews-medium-square":["https:\/\/i0.wp.com\/infos-droitshumains.net\/wp-content\/uploads\/2024\/03\/MAT3.jpg?resize=400%2C250&ssl=1",400,250,true]},"author_info":{"display_name":"Jo\u00ebl Diawa","author_link":"https:\/\/infos-droitshumains.net\/?author=2"},"category_info":"<a href=\"https:\/\/infos-droitshumains.net\/?cat=6\" rel=\"category\">Justice<\/a>","tag_info":"Justice","comment_count":"0","jetpack_featured_media_url":"https:\/\/i0.wp.com\/infos-droitshumains.net\/wp-content\/uploads\/2024\/03\/MAT3.jpg?fit=1040%2C468&ssl=1","jetpack-related-posts":[],"jetpack_sharing_enabled":true,"_links":{"self":[{"href":"https:\/\/infos-droitshumains.net\/index.php?rest_route=\/wp\/v2\/posts\/9379","targetHints":{"allow":["GET"]}}],"collection":[{"href":"https:\/\/infos-droitshumains.net\/index.php?rest_route=\/wp\/v2\/posts"}],"about":[{"href":"https:\/\/infos-droitshumains.net\/index.php?rest_route=\/wp\/v2\/types\/post"}],"author":[{"embeddable":true,"href":"https:\/\/infos-droitshumains.net\/index.php?rest_route=\/wp\/v2\/users\/2"}],"replies":[{"embeddable":true,"href":"https:\/\/infos-droitshumains.net\/index.php?rest_route=%2Fwp%2Fv2%2Fcomments&post=9379"}],"version-history":[{"count":2,"href":"https:\/\/infos-droitshumains.net\/index.php?rest_route=\/wp\/v2\/posts\/9379\/revisions"}],"predecessor-version":[{"id":9385,"href":"https:\/\/infos-droitshumains.net\/index.php?rest_route=\/wp\/v2\/posts\/9379\/revisions\/9385"}],"wp:featuredmedia":[{"embeddable":true,"href":"https:\/\/infos-droitshumains.net\/index.php?rest_route=\/wp\/v2\/media\/9380"}],"wp:attachment":[{"href":"https:\/\/infos-droitshumains.net\/index.php?rest_route=%2Fwp%2Fv2%2Fmedia&parent=9379"}],"wp:term":[{"taxonomy":"category","embeddable":true,"href":"https:\/\/infos-droitshumains.net\/index.php?rest_route=%2Fwp%2Fv2%2Fcategories&post=9379"},{"taxonomy":"post_tag","embeddable":true,"href":"https:\/\/infos-droitshumains.net\/index.php?rest_route=%2Fwp%2Fv2%2Ftags&post=9379"}],"curies":[{"name":"wp","href":"https:\/\/api.w.org\/{rel}","templated":true}]}}