{"id":9348,"date":"2024-03-12T18:45:45","date_gmt":"2024-03-12T17:45:45","guid":{"rendered":"https:\/\/infos-droitshumains.net\/?p=9348"},"modified":"2024-03-12T18:45:48","modified_gmt":"2024-03-12T17:45:48","slug":"7eme-congres-de-la-fa-uja-kinshasa-est-a-60-pret-a-accueillir-les-assises-me-bienseance-njangu","status":"publish","type":"post","link":"https:\/\/infos-droitshumains.net\/?p=9348","title":{"rendered":"7\u00e8me congr\u00e8s de la FA-UJA\u00a0: Kinshasa est \u00e0 60% pr\u00eat \u00e0 accueillir les assises  (Me. Biens\u00e9ance Njangu)"},"content":{"rendered":"\n<p><strong>R\u00e9daction:+243817406088<\/strong><\/p>\n\n\n\n<h4 class=\"wp-block-heading has-vivid-red-color has-text-color has-link-color wp-elements-192d7ea760c8679b8660f3c3e494ab99\">A un peu plus d\u2019un mois du 7<sup>\u00e8me<\/sup> congr\u00e8s de la F\u00e9d\u00e9ration Africaine des Associations et Union des Jeunes Avocats, (FA-UJA) qui se tiendra du 16 au 19 avril \u00e0 Kinshasa, le comit\u00e9 local d\u2019organisation met des bouchers doubles pour la r\u00e9ussite de ce grand \u00e9v\u00e8nement qui r\u00e9unira les jeunes avocats de plusieurs pays du monde.<\/h4>\n\n\n\n<p>Au stade actuel, ce comit\u00e9 pilot\u00e9 par Me. Junior Kapuya est d\u00e9j\u00e0 \u00e0 60% pr\u00eat \u00e0 organiser ce grand \u00e9v\u00e8nement. C\u2019est ce que nous a r\u00e9v\u00e9l\u00e9 Me. Biens\u00e9ance Njangu dans une interview exclusive accord\u00e9e \u00e0 la r\u00e9daction du Journal T\u00e9l\u00e9vis\u00e9 des Droits Humains.<\/p>\n\n\n\n<p>Pour la Pr\u00e9sidente de la FA-UJA Chacune des quatre commissions mises en place <em>\u00ab&nbsp;essaie d\u2019avancer dans ce sens qu\u2019\u00e0 ce jour, on peut dire que selon l\u2019\u00e9valuation on est au tour de 60% et que bient\u00f4t l\u2019on pourra vraiment avoir le tableau tel que nous le pr\u00e9voyons&nbsp;\u00bb.<\/em> <em>\u00ab&nbsp;Nous avons d\u00e9j\u00e0 mise en place tous les panels, le th\u00e8me a \u00e9t\u00e9 choisi&nbsp;et les diff\u00e9rents sous-th\u00e8mes ont d\u00e9j\u00e0 \u00e9t\u00e9 \u00e9labor\u00e9s et les panels constitu\u00e9s, d\u2019ailleurs, tous les panelistes sont d\u00e9j\u00e0 \u00e0 pied d\u2019\u0153uvre&nbsp;\u00bb<\/em>, a-t-elle indiqu\u00e9.<\/p>\n\n\n\n<p>Sur le plan logistique, un lien d\u2019inscription a \u00e9t\u00e9 mis en place, et au jour d\u2019aujourd\u2019hui <em>\u00ab&nbsp;122 participants se sont d\u00e9j\u00e0 fait inscrire sur un total de 250 participants attendus&nbsp;\u00bb<\/em>, a pr\u00e9cis\u00e9 Me. Biens\u00e9ance Njangu selon qui, le comit\u00e9 local d\u2019organisation est aussi entr\u00e9 en contact avec la migration et les affaires \u00e9trang\u00e8res <em>\u00ab&nbsp;pour voir dans quelle mesure ils pourront faciliter l\u2019entr\u00e9e des confr\u00e8res pour cette activit\u00e9&nbsp;\u00bb<\/em>.<\/p>\n\n\n\n<p>Si l\u2019objectif principal reste purement scientifique, l\u2019aspect confraternel sera aussi mis \u00e0 contribution dans ce 7<sup>\u00e8me<\/sup> congr\u00e8s de la F\u00e9d\u00e9ration Africaine des Associations et Union des Jeunes Avocats.<\/p>\n\n\n\n<p><em>\u00ab&nbsp;\u2026 Sur le plan scientifique, il y aura le renforcement des capacit\u00e9s de nous tous parce que, ce sont des questions avec lesquelles nous allons entrer en contact pour la premi\u00e8re fois, nous allons acqu\u00e9rir des nouvelles connaissances&nbsp;; mais entre temps, nous allons avoir la possibilit\u00e9 de partager avec les experts en la mati\u00e8re. Et puis, \u00e9tant donn\u00e9 que ce sont de questions techniques de pratique professionnelle en droit minier, \u00e7a pourra aider beaucoup des confr\u00e8res qui viennent d\u2019entrer dans la profession de se d\u00e9termin\u00e9 \u00e0 aimer ce domaine et \u00e0 essayer de s\u2019y int\u00e9resser beaucoup plus. Et sur le plan confraternel, c\u2019est juste aussi un moment festif o\u00f9 on \u00e9change avec les confr\u00e8res des diff\u00e9rents barreaux, de diff\u00e9rents pays qui sont tr\u00e8s int\u00e9ress\u00e9s \u00e0 venir visiter Kinshasa et \u00e0 passer des moments avec nous parce qu\u2019ils savent que Kinshasa accueillie les gens avec beaucoup de faste&nbsp;\u00bb<\/em>, a rench\u00e9ri la pr\u00e9sidente de la FA-UJA qui a par ailleurs lanc\u00e9 un message \u00e0 tous les jeunes avocats du monde entier&nbsp;:<\/p>\n\n\n\n<p><em>\u00ab&nbsp;Chers confr\u00e8re d\u2019ici et d\u2019ailleurs, de l\u2019Afrique et du monde entier, chers jeunes confr\u00e8res, venez participer \u00e0 ce congr\u00e8s, vous ne regretterez pas. C\u2019est une occasion qui va vous \u00eatre tr\u00e8s utile, qui ne pourra peut-\u00eatre pas revenir, mais si \u00e7a revenait, elle le sera sous une autre forme. Venez profiter de ces nouvelles connaissances, venez ouvrir votre r\u00e9seau professionnel et vous ne regretterai rien&nbsp;\u00bb<\/em>.<\/p>\n\n\n\n<p>A l\u2019issue de ces travaux, le comit\u00e9 de Maitre Biens\u00e9ance Njangu va devoir passer le flambeau \u00e0 une nouvelle \u00e9quipe. Apr\u00e8s deux ans d\u2019exercice, celle qui a \u00e9t\u00e9 pr\u00e9sidente de la f\u00e9d\u00e9ration dit sortir t\u00eate haute. <em>\u00ab&nbsp;\u2026 j\u2019ai servi, j\u2019ai fait ce que je pensai que je pouvais. Avoir \u00e9t\u00e9 au service des autres pendant deux ans m\u2019a fait beaucoup de bien&nbsp;; je suis \u00e0 la f\u00e9d\u00e9ration depuis environs 13 ans, j\u2019ai appris, j\u2019ai vu des gens passer \u00e0 la t\u00eate de la f\u00e9d\u00e9ration que j\u2019appr\u00e9ciai et je me suis dit, il fallait que je serve. A ce jour, pour avoir servi pendant les deux ans avec tout ce que j\u2019ai eu comme r\u00e9alisation avec le bureau et tous les autres confr\u00e8res qui nous ont accompagn\u00e9s pendant ce temps, je peux en \u00eatre fi\u00e8re&nbsp;\u00bb<\/em>, s\u2019est-elle satisfaite avant d\u2019inviter le bureau qui va lui succ\u00e9der \u00e0 <em>\u00ab&nbsp;avoir un grand c\u0153ur&nbsp;\u00bb<\/em> parce que dit-elle, pour servir, il faut avoir <em>\u00ab&nbsp;de la patience, de la volont\u00e9 et beaucoup plus de l\u2019abn\u00e9gation&nbsp;\u00bb<\/em>.<\/p>\n\n\n\n<p>Le 7<sup>\u00e8me<\/sup> congr\u00e8s de la F\u00e9d\u00e9ration Africaine des Associations et Union des Jeunes Avocats, (FA-UJA) se tiendra sous le th\u00e8me&nbsp;: \u00ab&nbsp;La n\u00e9gociation des conventions extractive en Afrique&nbsp;\u00bb. Elle sera marqu\u00e9e par deux grandes parties \u00e0 savoir, scientifique et r\u00e9cr\u00e9ative. Des assises qui connaitront la participation de 22 Unions des Jeunes Avocats de 14 pays diff\u00e9rents.<\/p>\n\n\n\n<p>Jo\u00ebl Diawa<\/p>\n","protected":false},"excerpt":{"rendered":"<p>R\u00e9daction:+243817406088 A un peu plus d\u2019un mois du 7\u00e8me congr\u00e8s de la F\u00e9d\u00e9ration Africaine des&#8230;<\/p>\n","protected":false},"author":2,"featured_media":9349,"comment_status":"open","ping_status":"open","sticky":false,"template":"","format":"standard","meta":{"_jetpack_memberships_contains_paid_content":false,"footnotes":""},"categories":[6],"tags":[],"class_list":["post-9348","post","type-post","status-publish","format-standard","has-post-thumbnail","hentry","category-justice"],"yoast_head":"<!-- This site is optimized with the Yoast SEO plugin v27.5 - https:\/\/yoast.com\/product\/yoast-seo-wordpress\/ -->\n<title>7\u00e8me congr\u00e8s de la FA-UJA\u00a0: Kinshasa est \u00e0 60% pr\u00eat \u00e0 accueillir les assises (Me. Biens\u00e9ance Njangu) - Infos Droits Humains<\/title>\n<meta name=\"robots\" content=\"index, follow, max-snippet:-1, max-image-preview:large, max-video-preview:-1\" \/>\n<link rel=\"canonical\" href=\"https:\/\/infos-droitshumains.net\/?p=9348\" \/>\n<meta property=\"og:locale\" content=\"fr_FR\" \/>\n<meta property=\"og:type\" content=\"article\" \/>\n<meta property=\"og:title\" content=\"7\u00e8me congr\u00e8s de la FA-UJA\u00a0: Kinshasa est \u00e0 60% pr\u00eat \u00e0 accueillir les assises (Me. Biens\u00e9ance Njangu) - Infos Droits Humains\" \/>\n<meta property=\"og:description\" content=\"R\u00e9daction:+243817406088 A un peu plus d\u2019un mois du 7\u00e8me congr\u00e8s de la F\u00e9d\u00e9ration Africaine des...\" \/>\n<meta property=\"og:url\" content=\"https:\/\/infos-droitshumains.net\/?p=9348\" \/>\n<meta property=\"og:site_name\" content=\"Infos Droits Humains\" \/>\n<meta property=\"article:published_time\" content=\"2024-03-12T17:45:45+00:00\" \/>\n<meta property=\"article:modified_time\" content=\"2024-03-12T17:45:48+00:00\" \/>\n<meta property=\"og:image\" content=\"https:\/\/infos-droitshumains.net\/wp-content\/uploads\/2024\/03\/FAUJA2.jpg\" \/>\n\t<meta property=\"og:image:width\" content=\"960\" \/>\n\t<meta property=\"og:image:height\" content=\"544\" \/>\n\t<meta property=\"og:image:type\" content=\"image\/jpeg\" \/>\n<meta name=\"author\" content=\"Jo\u00ebl Diawa\" \/>\n<meta name=\"twitter:card\" content=\"summary_large_image\" \/>\n<meta name=\"twitter:label1\" content=\"\u00c9crit par\" \/>\n\t<meta name=\"twitter:data1\" content=\"Jo\u00ebl Diawa\" \/>\n\t<meta name=\"twitter:label2\" content=\"Dur\u00e9e de lecture estim\u00e9e\" \/>\n\t<meta name=\"twitter:data2\" content=\"4 minutes\" \/>\n<script type=\"application\/ld+json\" class=\"yoast-schema-graph\">{\"@context\":\"https:\\\/\\\/schema.org\",\"@graph\":[{\"@type\":\"Article\",\"@id\":\"https:\\\/\\\/infos-droitshumains.net\\\/?p=9348#article\",\"isPartOf\":{\"@id\":\"https:\\\/\\\/infos-droitshumains.net\\\/?p=9348\"},\"author\":{\"name\":\"Jo\u00ebl Diawa\",\"@id\":\"https:\\\/\\\/infos-droitshumains.net\\\/#\\\/schema\\\/person\\\/3dc5e921c3302172e0ed4362f96faab7\"},\"headline\":\"7\u00e8me congr\u00e8s de la FA-UJA\u00a0: Kinshasa est \u00e0 60% pr\u00eat \u00e0 accueillir les assises (Me. Biens\u00e9ance Njangu)\",\"datePublished\":\"2024-03-12T17:45:45+00:00\",\"dateModified\":\"2024-03-12T17:45:48+00:00\",\"mainEntityOfPage\":{\"@id\":\"https:\\\/\\\/infos-droitshumains.net\\\/?p=9348\"},\"wordCount\":874,\"commentCount\":0,\"publisher\":{\"@id\":\"https:\\\/\\\/infos-droitshumains.net\\\/#organization\"},\"image\":{\"@id\":\"https:\\\/\\\/infos-droitshumains.net\\\/?p=9348#primaryimage\"},\"thumbnailUrl\":\"https:\\\/\\\/i0.wp.com\\\/infos-droitshumains.net\\\/wp-content\\\/uploads\\\/2024\\\/03\\\/FAUJA2.jpg?fit=960%2C544&ssl=1\",\"articleSection\":[\"Justice\"],\"inLanguage\":\"fr-FR\",\"potentialAction\":[{\"@type\":\"CommentAction\",\"name\":\"Comment\",\"target\":[\"https:\\\/\\\/infos-droitshumains.net\\\/?p=9348#respond\"]}]},{\"@type\":\"WebPage\",\"@id\":\"https:\\\/\\\/infos-droitshumains.net\\\/?p=9348\",\"url\":\"https:\\\/\\\/infos-droitshumains.net\\\/?p=9348\",\"name\":\"7\u00e8me congr\u00e8s de la FA-UJA\u00a0: Kinshasa est \u00e0 60% pr\u00eat \u00e0 accueillir les assises (Me. Biens\u00e9ance Njangu) - Infos Droits Humains\",\"isPartOf\":{\"@id\":\"https:\\\/\\\/infos-droitshumains.net\\\/#website\"},\"primaryImageOfPage\":{\"@id\":\"https:\\\/\\\/infos-droitshumains.net\\\/?p=9348#primaryimage\"},\"image\":{\"@id\":\"https:\\\/\\\/infos-droitshumains.net\\\/?p=9348#primaryimage\"},\"thumbnailUrl\":\"https:\\\/\\\/i0.wp.com\\\/infos-droitshumains.net\\\/wp-content\\\/uploads\\\/2024\\\/03\\\/FAUJA2.jpg?fit=960%2C544&ssl=1\",\"datePublished\":\"2024-03-12T17:45:45+00:00\",\"dateModified\":\"2024-03-12T17:45:48+00:00\",\"breadcrumb\":{\"@id\":\"https:\\\/\\\/infos-droitshumains.net\\\/?p=9348#breadcrumb\"},\"inLanguage\":\"fr-FR\",\"potentialAction\":[{\"@type\":\"ReadAction\",\"target\":[\"https:\\\/\\\/infos-droitshumains.net\\\/?p=9348\"]}]},{\"@type\":\"ImageObject\",\"inLanguage\":\"fr-FR\",\"@id\":\"https:\\\/\\\/infos-droitshumains.net\\\/?p=9348#primaryimage\",\"url\":\"https:\\\/\\\/i0.wp.com\\\/infos-droitshumains.net\\\/wp-content\\\/uploads\\\/2024\\\/03\\\/FAUJA2.jpg?fit=960%2C544&ssl=1\",\"contentUrl\":\"https:\\\/\\\/i0.wp.com\\\/infos-droitshumains.net\\\/wp-content\\\/uploads\\\/2024\\\/03\\\/FAUJA2.jpg?fit=960%2C544&ssl=1\",\"width\":960,\"height\":544},{\"@type\":\"BreadcrumbList\",\"@id\":\"https:\\\/\\\/infos-droitshumains.net\\\/?p=9348#breadcrumb\",\"itemListElement\":[{\"@type\":\"ListItem\",\"position\":1,\"name\":\"Accueil\",\"item\":\"https:\\\/\\\/infos-droitshumains.net\\\/\"},{\"@type\":\"ListItem\",\"position\":2,\"name\":\"7\u00e8me congr\u00e8s de la FA-UJA\u00a0: Kinshasa est \u00e0 60% pr\u00eat \u00e0 accueillir les assises (Me. Biens\u00e9ance Njangu)\"}]},{\"@type\":\"WebSite\",\"@id\":\"https:\\\/\\\/infos-droitshumains.net\\\/#website\",\"url\":\"https:\\\/\\\/infos-droitshumains.net\\\/\",\"name\":\"Infos Droits Humains\",\"description\":\"S&#039;informer est un droit\",\"publisher\":{\"@id\":\"https:\\\/\\\/infos-droitshumains.net\\\/#organization\"},\"potentialAction\":[{\"@type\":\"SearchAction\",\"target\":{\"@type\":\"EntryPoint\",\"urlTemplate\":\"https:\\\/\\\/infos-droitshumains.net\\\/?s={search_term_string}\"},\"query-input\":{\"@type\":\"PropertyValueSpecification\",\"valueRequired\":true,\"valueName\":\"search_term_string\"}}],\"inLanguage\":\"fr-FR\"},{\"@type\":\"Organization\",\"@id\":\"https:\\\/\\\/infos-droitshumains.net\\\/#organization\",\"name\":\"Infos Droits Humains\",\"url\":\"https:\\\/\\\/infos-droitshumains.net\\\/\",\"logo\":{\"@type\":\"ImageObject\",\"inLanguage\":\"fr-FR\",\"@id\":\"https:\\\/\\\/infos-droitshumains.net\\\/#\\\/schema\\\/logo\\\/image\\\/\",\"url\":\"https:\\\/\\\/i0.wp.com\\\/infos-droitshumains.net\\\/wp-content\\\/uploads\\\/2022\\\/05\\\/Logo.png?fit=333%2C129&ssl=1\",\"contentUrl\":\"https:\\\/\\\/i0.wp.com\\\/infos-droitshumains.net\\\/wp-content\\\/uploads\\\/2022\\\/05\\\/Logo.png?fit=333%2C129&ssl=1\",\"width\":333,\"height\":129,\"caption\":\"Infos Droits Humains\"},\"image\":{\"@id\":\"https:\\\/\\\/infos-droitshumains.net\\\/#\\\/schema\\\/logo\\\/image\\\/\"}},{\"@type\":\"Person\",\"@id\":\"https:\\\/\\\/infos-droitshumains.net\\\/#\\\/schema\\\/person\\\/3dc5e921c3302172e0ed4362f96faab7\",\"name\":\"Jo\u00ebl Diawa\",\"image\":{\"@type\":\"ImageObject\",\"inLanguage\":\"fr-FR\",\"@id\":\"https:\\\/\\\/secure.gravatar.com\\\/avatar\\\/729bea6ff4604c624417803c477363be8e3c7186deaa65713313f9b4b820f41c?s=96&d=mm&r=g\",\"url\":\"https:\\\/\\\/secure.gravatar.com\\\/avatar\\\/729bea6ff4604c624417803c477363be8e3c7186deaa65713313f9b4b820f41c?s=96&d=mm&r=g\",\"contentUrl\":\"https:\\\/\\\/secure.gravatar.com\\\/avatar\\\/729bea6ff4604c624417803c477363be8e3c7186deaa65713313f9b4b820f41c?s=96&d=mm&r=g\",\"caption\":\"Jo\u00ebl Diawa\"},\"sameAs\":[\"https:\\\/\\\/www.infos-droitshumains.net\"],\"url\":\"https:\\\/\\\/infos-droitshumains.net\\\/?author=2\"}]}<\/script>\n<!-- \/ Yoast SEO plugin. -->","yoast_head_json":{"title":"7\u00e8me congr\u00e8s de la FA-UJA\u00a0: Kinshasa est \u00e0 60% pr\u00eat \u00e0 accueillir les assises (Me. Biens\u00e9ance Njangu) - Infos Droits Humains","robots":{"index":"index","follow":"follow","max-snippet":"max-snippet:-1","max-image-preview":"max-image-preview:large","max-video-preview":"max-video-preview:-1"},"canonical":"https:\/\/infos-droitshumains.net\/?p=9348","og_locale":"fr_FR","og_type":"article","og_title":"7\u00e8me congr\u00e8s de la FA-UJA\u00a0: Kinshasa est \u00e0 60% pr\u00eat \u00e0 accueillir les assises (Me. Biens\u00e9ance Njangu) - Infos Droits Humains","og_description":"R\u00e9daction:+243817406088 A un peu plus d\u2019un mois du 7\u00e8me congr\u00e8s de la F\u00e9d\u00e9ration Africaine des...","og_url":"https:\/\/infos-droitshumains.net\/?p=9348","og_site_name":"Infos Droits Humains","article_published_time":"2024-03-12T17:45:45+00:00","article_modified_time":"2024-03-12T17:45:48+00:00","og_image":[{"width":960,"height":544,"url":"https:\/\/infos-droitshumains.net\/wp-content\/uploads\/2024\/03\/FAUJA2.jpg","type":"image\/jpeg"}],"author":"Jo\u00ebl Diawa","twitter_card":"summary_large_image","twitter_misc":{"\u00c9crit par":"Jo\u00ebl Diawa","Dur\u00e9e de lecture estim\u00e9e":"4 minutes"},"schema":{"@context":"https:\/\/schema.org","@graph":[{"@type":"Article","@id":"https:\/\/infos-droitshumains.net\/?p=9348#article","isPartOf":{"@id":"https:\/\/infos-droitshumains.net\/?p=9348"},"author":{"name":"Jo\u00ebl Diawa","@id":"https:\/\/infos-droitshumains.net\/#\/schema\/person\/3dc5e921c3302172e0ed4362f96faab7"},"headline":"7\u00e8me congr\u00e8s de la FA-UJA\u00a0: Kinshasa est \u00e0 60% pr\u00eat \u00e0 accueillir les assises (Me. Biens\u00e9ance Njangu)","datePublished":"2024-03-12T17:45:45+00:00","dateModified":"2024-03-12T17:45:48+00:00","mainEntityOfPage":{"@id":"https:\/\/infos-droitshumains.net\/?p=9348"},"wordCount":874,"commentCount":0,"publisher":{"@id":"https:\/\/infos-droitshumains.net\/#organization"},"image":{"@id":"https:\/\/infos-droitshumains.net\/?p=9348#primaryimage"},"thumbnailUrl":"https:\/\/i0.wp.com\/infos-droitshumains.net\/wp-content\/uploads\/2024\/03\/FAUJA2.jpg?fit=960%2C544&ssl=1","articleSection":["Justice"],"inLanguage":"fr-FR","potentialAction":[{"@type":"CommentAction","name":"Comment","target":["https:\/\/infos-droitshumains.net\/?p=9348#respond"]}]},{"@type":"WebPage","@id":"https:\/\/infos-droitshumains.net\/?p=9348","url":"https:\/\/infos-droitshumains.net\/?p=9348","name":"7\u00e8me congr\u00e8s de la FA-UJA\u00a0: Kinshasa est \u00e0 60% pr\u00eat \u00e0 accueillir les assises (Me. Biens\u00e9ance Njangu) - Infos Droits Humains","isPartOf":{"@id":"https:\/\/infos-droitshumains.net\/#website"},"primaryImageOfPage":{"@id":"https:\/\/infos-droitshumains.net\/?p=9348#primaryimage"},"image":{"@id":"https:\/\/infos-droitshumains.net\/?p=9348#primaryimage"},"thumbnailUrl":"https:\/\/i0.wp.com\/infos-droitshumains.net\/wp-content\/uploads\/2024\/03\/FAUJA2.jpg?fit=960%2C544&ssl=1","datePublished":"2024-03-12T17:45:45+00:00","dateModified":"2024-03-12T17:45:48+00:00","breadcrumb":{"@id":"https:\/\/infos-droitshumains.net\/?p=9348#breadcrumb"},"inLanguage":"fr-FR","potentialAction":[{"@type":"ReadAction","target":["https:\/\/infos-droitshumains.net\/?p=9348"]}]},{"@type":"ImageObject","inLanguage":"fr-FR","@id":"https:\/\/infos-droitshumains.net\/?p=9348#primaryimage","url":"https:\/\/i0.wp.com\/infos-droitshumains.net\/wp-content\/uploads\/2024\/03\/FAUJA2.jpg?fit=960%2C544&ssl=1","contentUrl":"https:\/\/i0.wp.com\/infos-droitshumains.net\/wp-content\/uploads\/2024\/03\/FAUJA2.jpg?fit=960%2C544&ssl=1","width":960,"height":544},{"@type":"BreadcrumbList","@id":"https:\/\/infos-droitshumains.net\/?p=9348#breadcrumb","itemListElement":[{"@type":"ListItem","position":1,"name":"Accueil","item":"https:\/\/infos-droitshumains.net\/"},{"@type":"ListItem","position":2,"name":"7\u00e8me congr\u00e8s de la FA-UJA\u00a0: Kinshasa est \u00e0 60% pr\u00eat \u00e0 accueillir les assises (Me. Biens\u00e9ance Njangu)"}]},{"@type":"WebSite","@id":"https:\/\/infos-droitshumains.net\/#website","url":"https:\/\/infos-droitshumains.net\/","name":"Infos Droits Humains","description":"S&#039;informer est un droit","publisher":{"@id":"https:\/\/infos-droitshumains.net\/#organization"},"potentialAction":[{"@type":"SearchAction","target":{"@type":"EntryPoint","urlTemplate":"https:\/\/infos-droitshumains.net\/?s={search_term_string}"},"query-input":{"@type":"PropertyValueSpecification","valueRequired":true,"valueName":"search_term_string"}}],"inLanguage":"fr-FR"},{"@type":"Organization","@id":"https:\/\/infos-droitshumains.net\/#organization","name":"Infos Droits Humains","url":"https:\/\/infos-droitshumains.net\/","logo":{"@type":"ImageObject","inLanguage":"fr-FR","@id":"https:\/\/infos-droitshumains.net\/#\/schema\/logo\/image\/","url":"https:\/\/i0.wp.com\/infos-droitshumains.net\/wp-content\/uploads\/2022\/05\/Logo.png?fit=333%2C129&ssl=1","contentUrl":"https:\/\/i0.wp.com\/infos-droitshumains.net\/wp-content\/uploads\/2022\/05\/Logo.png?fit=333%2C129&ssl=1","width":333,"height":129,"caption":"Infos Droits Humains"},"image":{"@id":"https:\/\/infos-droitshumains.net\/#\/schema\/logo\/image\/"}},{"@type":"Person","@id":"https:\/\/infos-droitshumains.net\/#\/schema\/person\/3dc5e921c3302172e0ed4362f96faab7","name":"Jo\u00ebl Diawa","image":{"@type":"ImageObject","inLanguage":"fr-FR","@id":"https:\/\/secure.gravatar.com\/avatar\/729bea6ff4604c624417803c477363be8e3c7186deaa65713313f9b4b820f41c?s=96&d=mm&r=g","url":"https:\/\/secure.gravatar.com\/avatar\/729bea6ff4604c624417803c477363be8e3c7186deaa65713313f9b4b820f41c?s=96&d=mm&r=g","contentUrl":"https:\/\/secure.gravatar.com\/avatar\/729bea6ff4604c624417803c477363be8e3c7186deaa65713313f9b4b820f41c?s=96&d=mm&r=g","caption":"Jo\u00ebl Diawa"},"sameAs":["https:\/\/www.infos-droitshumains.net"],"url":"https:\/\/infos-droitshumains.net\/?author=2"}]}},"featured_image_urls":{"full":["https:\/\/i0.wp.com\/infos-droitshumains.net\/wp-content\/uploads\/2024\/03\/FAUJA2.jpg?fit=960%2C544&ssl=1",960,544,false],"thumbnail":["https:\/\/i0.wp.com\/infos-droitshumains.net\/wp-content\/uploads\/2024\/03\/FAUJA2.jpg?resize=150%2C150&ssl=1",150,150,true],"medium":["https:\/\/i0.wp.com\/infos-droitshumains.net\/wp-content\/uploads\/2024\/03\/FAUJA2.jpg?fit=300%2C170&ssl=1",300,170,true],"medium_large":["https:\/\/i0.wp.com\/infos-droitshumains.net\/wp-content\/uploads\/2024\/03\/FAUJA2.jpg?fit=640%2C363&ssl=1",640,363,true],"large":["https:\/\/i0.wp.com\/infos-droitshumains.net\/wp-content\/uploads\/2024\/03\/FAUJA2.jpg?fit=640%2C363&ssl=1",640,363,true],"1536x1536":["https:\/\/i0.wp.com\/infos-droitshumains.net\/wp-content\/uploads\/2024\/03\/FAUJA2.jpg?fit=960%2C544&ssl=1",960,544,true],"2048x2048":["https:\/\/i0.wp.com\/infos-droitshumains.net\/wp-content\/uploads\/2024\/03\/FAUJA2.jpg?fit=960%2C544&ssl=1",960,544,true],"covernews-slider-full":["https:\/\/i0.wp.com\/infos-droitshumains.net\/wp-content\/uploads\/2024\/03\/FAUJA2.jpg?resize=960%2C544&ssl=1",960,544,true],"covernews-slider-center":["https:\/\/i0.wp.com\/infos-droitshumains.net\/wp-content\/uploads\/2024\/03\/FAUJA2.jpg?resize=800%2C500&ssl=1",800,500,true],"covernews-featured":["https:\/\/i0.wp.com\/infos-droitshumains.net\/wp-content\/uploads\/2024\/03\/FAUJA2.jpg?fit=960%2C544&ssl=1",960,544,true],"covernews-medium":["https:\/\/i0.wp.com\/infos-droitshumains.net\/wp-content\/uploads\/2024\/03\/FAUJA2.jpg?resize=540%2C340&ssl=1",540,340,true],"covernews-medium-square":["https:\/\/i0.wp.com\/infos-droitshumains.net\/wp-content\/uploads\/2024\/03\/FAUJA2.jpg?resize=400%2C250&ssl=1",400,250,true]},"author_info":{"display_name":"Jo\u00ebl Diawa","author_link":"https:\/\/infos-droitshumains.net\/?author=2"},"category_info":"<a href=\"https:\/\/infos-droitshumains.net\/?cat=6\" rel=\"category\">Justice<\/a>","tag_info":"Justice","comment_count":"0","jetpack_featured_media_url":"https:\/\/i0.wp.com\/infos-droitshumains.net\/wp-content\/uploads\/2024\/03\/FAUJA2.jpg?fit=960%2C544&ssl=1","jetpack-related-posts":[],"jetpack_sharing_enabled":true,"_links":{"self":[{"href":"https:\/\/infos-droitshumains.net\/index.php?rest_route=\/wp\/v2\/posts\/9348","targetHints":{"allow":["GET"]}}],"collection":[{"href":"https:\/\/infos-droitshumains.net\/index.php?rest_route=\/wp\/v2\/posts"}],"about":[{"href":"https:\/\/infos-droitshumains.net\/index.php?rest_route=\/wp\/v2\/types\/post"}],"author":[{"embeddable":true,"href":"https:\/\/infos-droitshumains.net\/index.php?rest_route=\/wp\/v2\/users\/2"}],"replies":[{"embeddable":true,"href":"https:\/\/infos-droitshumains.net\/index.php?rest_route=%2Fwp%2Fv2%2Fcomments&post=9348"}],"version-history":[{"count":1,"href":"https:\/\/infos-droitshumains.net\/index.php?rest_route=\/wp\/v2\/posts\/9348\/revisions"}],"predecessor-version":[{"id":9350,"href":"https:\/\/infos-droitshumains.net\/index.php?rest_route=\/wp\/v2\/posts\/9348\/revisions\/9350"}],"wp:featuredmedia":[{"embeddable":true,"href":"https:\/\/infos-droitshumains.net\/index.php?rest_route=\/wp\/v2\/media\/9349"}],"wp:attachment":[{"href":"https:\/\/infos-droitshumains.net\/index.php?rest_route=%2Fwp%2Fv2%2Fmedia&parent=9348"}],"wp:term":[{"taxonomy":"category","embeddable":true,"href":"https:\/\/infos-droitshumains.net\/index.php?rest_route=%2Fwp%2Fv2%2Fcategories&post=9348"},{"taxonomy":"post_tag","embeddable":true,"href":"https:\/\/infos-droitshumains.net\/index.php?rest_route=%2Fwp%2Fv2%2Ftags&post=9348"}],"curies":[{"name":"wp","href":"https:\/\/api.w.org\/{rel}","templated":true}]}}