{"id":917,"date":"2021-10-12T14:35:04","date_gmt":"2021-10-12T12:35:04","guid":{"rendered":"https:\/\/infos-droitshumains.net\/?p=917"},"modified":"2023-04-06T12:11:44","modified_gmt":"2023-04-06T10:11:44","slug":"kinshasa-aifa-rdc-lance-la-compagne-de-sensibilisation-des-jeunes-filles-sur-les-violences","status":"publish","type":"post","link":"https:\/\/infos-droitshumains.net\/?p=917","title":{"rendered":"Kinshasa : AIFA-RDC lance la compagne de sensibilisation des jeunes filles sur les violences"},"content":{"rendered":"\n<p><strong>R\u00e9daction :+243817406088<\/strong><\/p>\n\n\n\n<p><strong>l&rsquo;Alliance Internationale des Femmes Avocates dans sa section RDC, AIFA-RDC, a symbolique choisi la date du 11 octobre o\u00f9 l&rsquo;humanit\u00e9 toute enti\u00e8re c\u00e9l\u00e8bre la journ\u00e9e de la jeune fille pour lancer \u00e0 Kinshasa, la campagne de sensibilisation des \u00e9l\u00e8ves et \u00e9tudiants sur les violences.<\/strong><\/p>\n\n\n\n<p>Le go a \u00e9t\u00e9 donn\u00e9 par Chantal Yelu Mulop, conseill\u00e8re sp\u00e9ciale du chef de l&rsquo;\u00c9tat en charge de la jeunesse et lutte contre les violences faites aux femmes. Cette derni\u00e8re a accept\u00e9 de parrainer cette campagne tout en \u00e9tant porteuse de la vision du chef de l&rsquo;\u00c9tat. C&rsquo;est pour elle, une occasion pour briser le silence d&rsquo;inciter les victimes \u00e0 briser le silence :<\/p>\n\n\n\n<p><em>\u00ab\u00a0L&rsquo;\u00e9ducation sexuelle est devenue de plus en plus une \u00e9ducation tabou dans nos familles, on en parle peu dans des \u00e9coles. Il est temps maintenant d&rsquo;en parler, de briser la glace. Avec l&rsquo;accompagnement de l&rsquo;AIFA-RDC , on va permettre \u00e0 cette jeunesse \u00e0 mieux comprendre, \u00e0 se faire respecter\u00a0\u00bb.<\/em><\/p>\n\n\n\n<figure class=\"wp-block-image alignfull size-large\"><img data-recalc-dims=\"1\" height=\"480\" width=\"640\" decoding=\"async\" src=\"https:\/\/i0.wp.com\/infos-droitshumains.net\/wp-content\/uploads\/2021\/10\/IMG_20211011_104301_995-1024x768.jpg?resize=640%2C480&#038;ssl=1\" alt=\"\" class=\"wp-image-919\" \/><\/figure>\n\n\n\n<p>Une fois le silence bris\u00e9, AIFA-RDC \u00e0-travers cette campagne, va donner \u00e0 ces jeunes filles les outils n\u00e9cessaires pour devenir des v\u00e9ritables piliers de la soci\u00e9t\u00e9 de demain, \u00e0 l&rsquo;instar du th\u00e8me choisi pour cette campagne, \u00ab\u00a0Jeunesse responsable, pilier de la soci\u00e9t\u00e9 de demain :<\/p>\n\n\n\n<p><em>\u00ab\u00a0Nous avons juste d\u00e9cid\u00e9 de nous assumer entant que soci\u00e9t\u00e9 civile, en tant que femme, m\u00e8re ou \u00e9ducatrice. Nous irons donner aux jeunes filles les outils pour pouvoir mieux se conduire, aller de l&rsquo;avant et devenir le pilier de la soci\u00e9t\u00e9 de demain\u00a0\u00bb<\/em> a laiss\u00e9 entendre Me Jo\u00eblle Kona Mbamba, pr\u00e9sidente de AIFA-RDC<\/p>\n\n\n\n<figure class=\"wp-block-image alignfull size-large\"><img data-recalc-dims=\"1\" height=\"480\" width=\"640\" decoding=\"async\" src=\"https:\/\/i0.wp.com\/infos-droitshumains.net\/wp-content\/uploads\/2021\/10\/IMG_20211011_113234_921-1024x768.jpg?resize=640%2C480&#038;ssl=1\" alt=\"\" class=\"wp-image-920\" \/><\/figure>\n\n\n\n<p>Briser le silence et donner des outils n\u00e9cessaires \u00e0 ces jeunes afin de lutter contre les violences sexuelles est un grand pas, mais il faudra aussi accompagner ces jeunes filles \u00e0 d\u00e9noncer les cas des violences. C&rsquo;est dans ce cadre que Ma\u00eetre Belinda Luntadila, membre de AIFA-RDC, a plaid\u00e9 pour la mise en place d&rsquo;une clinique juridique pour les consultations gratuites :<\/p>\n\n\n\n<p><em>\u00ab\u00a0Cette campagne se lie \u00e0 celle qui va suivre de 16 jours d&rsquo;activisme de lutte contre les violences faites \u00e0 la femme. Nous serons sur terrain au pr\u00e8s des \u00e9coles, moi j&rsquo;aurais \u00e9galement \u00e0 conduire une cellule, pour sensibiliser les jeunes filles par rapport \u00e0 la prise de conscience des abus qu&rsquo;elles peuvent subir et qu&rsquo;elles subissent en milieu scolaire\u2026Les avocates nous sommes l\u00e0, non seulement pour \u00eatre payer, mais surtout pour la gratuit\u00e9 que nous voulons offrir \u00e0 ces jeunes filles qui parfois ne savent pas s&rsquo;exprimer\u00a0\u00bb<\/em><\/p>\n\n\n\n<figure class=\"wp-block-image alignfull size-large\"><img data-recalc-dims=\"1\" height=\"480\" width=\"640\" decoding=\"async\" src=\"https:\/\/i0.wp.com\/infos-droitshumains.net\/wp-content\/uploads\/2021\/10\/IMG_20211011_110714_311-1024x768.jpg?resize=640%2C480&#038;ssl=1\" alt=\"\" class=\"wp-image-921\" \/><\/figure>\n\n\n\n<p>La cible principale se trouve \u00eatre les \u00e9l\u00e8ves qui \u00e9taient repr\u00e9sent\u00e9s par un \u00e9chantillon, le ministre de l&rsquo;EPST, ici repr\u00e9sent\u00e9 a promis de se faire porte \u00e9tendard de cette campagne tout en \u00ab\u00a0<em>accompagnant<\/em> <em>les jeunes filles avec une \u00e9ducation holistique\u00a0\u00bb<\/em><\/p>\n\n\n\n<figure class=\"wp-block-image alignfull size-large\"><img data-recalc-dims=\"1\" height=\"480\" width=\"640\" decoding=\"async\" src=\"https:\/\/i0.wp.com\/infos-droitshumains.net\/wp-content\/uploads\/2021\/10\/IMG_20211011_103732_529-1024x768.jpg?resize=640%2C480&#038;ssl=1\" alt=\"\" class=\"wp-image-922\" \/><\/figure>\n\n\n\n<p>A partir de ce vendredi 15 octobre, les \u00e9quipes de AIFA-RDC seront d\u00e9ploy\u00e9es dans diff\u00e9rentes \u00e9coles de la capitale pour lancer cette campagne qui ira jusqu&rsquo;au 12 novembre. Elle va s&rsquo;\u00e9tendre \u00e0-travers toutes les 26 provinces de la RDC.<\/p>\n\n\n\n<p>Jo\u00ebl Diawa<\/p>\n","protected":false},"excerpt":{"rendered":"<p>R\u00e9daction :+243817406088 l&rsquo;Alliance Internationale des Femmes Avocates dans sa section RDC, AIFA-RDC, a symbolique choisi&#8230;<\/p>\n","protected":false},"author":2,"featured_media":0,"comment_status":"closed","ping_status":"open","sticky":false,"template":"","format":"standard","meta":{"_jetpack_memberships_contains_paid_content":false,"footnotes":""},"categories":[1],"tags":[],"class_list":["post-917","post","type-post","status-publish","format-standard","hentry","category-non-classe"],"yoast_head":"<!-- This site is optimized with the Yoast SEO plugin v27.5 - https:\/\/yoast.com\/product\/yoast-seo-wordpress\/ -->\n<title>Kinshasa : AIFA-RDC lance la compagne de sensibilisation des jeunes filles sur les violences - Infos Droits Humains<\/title>\n<meta name=\"robots\" content=\"index, follow, max-snippet:-1, max-image-preview:large, max-video-preview:-1\" \/>\n<link rel=\"canonical\" href=\"https:\/\/infos-droitshumains.net\/?p=917\" \/>\n<meta property=\"og:locale\" content=\"fr_FR\" \/>\n<meta property=\"og:type\" content=\"article\" \/>\n<meta property=\"og:title\" content=\"Kinshasa : AIFA-RDC lance la compagne de sensibilisation des jeunes filles sur les violences - Infos Droits Humains\" \/>\n<meta property=\"og:description\" content=\"R\u00e9daction :+243817406088 l&rsquo;Alliance Internationale des Femmes Avocates dans sa section RDC, AIFA-RDC, a symbolique choisi...\" \/>\n<meta property=\"og:url\" content=\"https:\/\/infos-droitshumains.net\/?p=917\" \/>\n<meta property=\"og:site_name\" content=\"Infos Droits Humains\" \/>\n<meta property=\"article:published_time\" content=\"2021-10-12T12:35:04+00:00\" \/>\n<meta property=\"article:modified_time\" content=\"2023-04-06T10:11:44+00:00\" \/>\n<meta property=\"og:image\" content=\"https:\/\/infos-droitshumains.net\/wp-content\/uploads\/2021\/10\/IMG_20211011_104301_995-1024x768.jpg\" \/>\n<meta name=\"author\" content=\"Jo\u00ebl Diawa\" \/>\n<meta name=\"twitter:card\" content=\"summary_large_image\" \/>\n<meta name=\"twitter:label1\" content=\"\u00c9crit par\" \/>\n\t<meta name=\"twitter:data1\" content=\"Jo\u00ebl Diawa\" \/>\n\t<meta name=\"twitter:label2\" content=\"Dur\u00e9e de lecture estim\u00e9e\" \/>\n\t<meta name=\"twitter:data2\" content=\"3 minutes\" \/>\n<script type=\"application\/ld+json\" class=\"yoast-schema-graph\">{\"@context\":\"https:\\\/\\\/schema.org\",\"@graph\":[{\"@type\":\"Article\",\"@id\":\"https:\\\/\\\/infos-droitshumains.net\\\/?p=917#article\",\"isPartOf\":{\"@id\":\"https:\\\/\\\/infos-droitshumains.net\\\/?p=917\"},\"author\":{\"name\":\"Jo\u00ebl Diawa\",\"@id\":\"https:\\\/\\\/infos-droitshumains.net\\\/#\\\/schema\\\/person\\\/3dc5e921c3302172e0ed4362f96faab7\"},\"headline\":\"Kinshasa : AIFA-RDC lance la compagne de sensibilisation des jeunes filles sur les violences\",\"datePublished\":\"2021-10-12T12:35:04+00:00\",\"dateModified\":\"2023-04-06T10:11:44+00:00\",\"mainEntityOfPage\":{\"@id\":\"https:\\\/\\\/infos-droitshumains.net\\\/?p=917\"},\"wordCount\":514,\"publisher\":{\"@id\":\"https:\\\/\\\/infos-droitshumains.net\\\/#organization\"},\"image\":{\"@id\":\"https:\\\/\\\/infos-droitshumains.net\\\/?p=917#primaryimage\"},\"thumbnailUrl\":\"https:\\\/\\\/infos-droitshumains.net\\\/wp-content\\\/uploads\\\/2021\\\/10\\\/IMG_20211011_104301_995-1024x768.jpg\",\"inLanguage\":\"fr-FR\"},{\"@type\":\"WebPage\",\"@id\":\"https:\\\/\\\/infos-droitshumains.net\\\/?p=917\",\"url\":\"https:\\\/\\\/infos-droitshumains.net\\\/?p=917\",\"name\":\"Kinshasa : AIFA-RDC lance la compagne de sensibilisation des jeunes filles sur les violences - Infos Droits Humains\",\"isPartOf\":{\"@id\":\"https:\\\/\\\/infos-droitshumains.net\\\/#website\"},\"primaryImageOfPage\":{\"@id\":\"https:\\\/\\\/infos-droitshumains.net\\\/?p=917#primaryimage\"},\"image\":{\"@id\":\"https:\\\/\\\/infos-droitshumains.net\\\/?p=917#primaryimage\"},\"thumbnailUrl\":\"https:\\\/\\\/infos-droitshumains.net\\\/wp-content\\\/uploads\\\/2021\\\/10\\\/IMG_20211011_104301_995-1024x768.jpg\",\"datePublished\":\"2021-10-12T12:35:04+00:00\",\"dateModified\":\"2023-04-06T10:11:44+00:00\",\"breadcrumb\":{\"@id\":\"https:\\\/\\\/infos-droitshumains.net\\\/?p=917#breadcrumb\"},\"inLanguage\":\"fr-FR\",\"potentialAction\":[{\"@type\":\"ReadAction\",\"target\":[\"https:\\\/\\\/infos-droitshumains.net\\\/?p=917\"]}]},{\"@type\":\"ImageObject\",\"inLanguage\":\"fr-FR\",\"@id\":\"https:\\\/\\\/infos-droitshumains.net\\\/?p=917#primaryimage\",\"url\":\"https:\\\/\\\/infos-droitshumains.net\\\/wp-content\\\/uploads\\\/2021\\\/10\\\/IMG_20211011_104301_995-1024x768.jpg\",\"contentUrl\":\"https:\\\/\\\/infos-droitshumains.net\\\/wp-content\\\/uploads\\\/2021\\\/10\\\/IMG_20211011_104301_995-1024x768.jpg\"},{\"@type\":\"BreadcrumbList\",\"@id\":\"https:\\\/\\\/infos-droitshumains.net\\\/?p=917#breadcrumb\",\"itemListElement\":[{\"@type\":\"ListItem\",\"position\":1,\"name\":\"Accueil\",\"item\":\"https:\\\/\\\/infos-droitshumains.net\\\/\"},{\"@type\":\"ListItem\",\"position\":2,\"name\":\"Kinshasa : AIFA-RDC lance la compagne de sensibilisation des jeunes filles sur les violences\"}]},{\"@type\":\"WebSite\",\"@id\":\"https:\\\/\\\/infos-droitshumains.net\\\/#website\",\"url\":\"https:\\\/\\\/infos-droitshumains.net\\\/\",\"name\":\"Infos Droits Humains\",\"description\":\"S&#039;informer est un droit\",\"publisher\":{\"@id\":\"https:\\\/\\\/infos-droitshumains.net\\\/#organization\"},\"potentialAction\":[{\"@type\":\"SearchAction\",\"target\":{\"@type\":\"EntryPoint\",\"urlTemplate\":\"https:\\\/\\\/infos-droitshumains.net\\\/?s={search_term_string}\"},\"query-input\":{\"@type\":\"PropertyValueSpecification\",\"valueRequired\":true,\"valueName\":\"search_term_string\"}}],\"inLanguage\":\"fr-FR\"},{\"@type\":\"Organization\",\"@id\":\"https:\\\/\\\/infos-droitshumains.net\\\/#organization\",\"name\":\"Infos Droits Humains\",\"url\":\"https:\\\/\\\/infos-droitshumains.net\\\/\",\"logo\":{\"@type\":\"ImageObject\",\"inLanguage\":\"fr-FR\",\"@id\":\"https:\\\/\\\/infos-droitshumains.net\\\/#\\\/schema\\\/logo\\\/image\\\/\",\"url\":\"https:\\\/\\\/i0.wp.com\\\/infos-droitshumains.net\\\/wp-content\\\/uploads\\\/2022\\\/05\\\/Logo.png?fit=333%2C129&ssl=1\",\"contentUrl\":\"https:\\\/\\\/i0.wp.com\\\/infos-droitshumains.net\\\/wp-content\\\/uploads\\\/2022\\\/05\\\/Logo.png?fit=333%2C129&ssl=1\",\"width\":333,\"height\":129,\"caption\":\"Infos Droits Humains\"},\"image\":{\"@id\":\"https:\\\/\\\/infos-droitshumains.net\\\/#\\\/schema\\\/logo\\\/image\\\/\"}},{\"@type\":\"Person\",\"@id\":\"https:\\\/\\\/infos-droitshumains.net\\\/#\\\/schema\\\/person\\\/3dc5e921c3302172e0ed4362f96faab7\",\"name\":\"Jo\u00ebl Diawa\",\"image\":{\"@type\":\"ImageObject\",\"inLanguage\":\"fr-FR\",\"@id\":\"https:\\\/\\\/secure.gravatar.com\\\/avatar\\\/729bea6ff4604c624417803c477363be8e3c7186deaa65713313f9b4b820f41c?s=96&d=mm&r=g\",\"url\":\"https:\\\/\\\/secure.gravatar.com\\\/avatar\\\/729bea6ff4604c624417803c477363be8e3c7186deaa65713313f9b4b820f41c?s=96&d=mm&r=g\",\"contentUrl\":\"https:\\\/\\\/secure.gravatar.com\\\/avatar\\\/729bea6ff4604c624417803c477363be8e3c7186deaa65713313f9b4b820f41c?s=96&d=mm&r=g\",\"caption\":\"Jo\u00ebl Diawa\"},\"sameAs\":[\"https:\\\/\\\/www.infos-droitshumains.net\"],\"url\":\"https:\\\/\\\/infos-droitshumains.net\\\/?author=2\"}]}<\/script>\n<!-- \/ Yoast SEO plugin. -->","yoast_head_json":{"title":"Kinshasa : AIFA-RDC lance la compagne de sensibilisation des jeunes filles sur les violences - Infos Droits Humains","robots":{"index":"index","follow":"follow","max-snippet":"max-snippet:-1","max-image-preview":"max-image-preview:large","max-video-preview":"max-video-preview:-1"},"canonical":"https:\/\/infos-droitshumains.net\/?p=917","og_locale":"fr_FR","og_type":"article","og_title":"Kinshasa : AIFA-RDC lance la compagne de sensibilisation des jeunes filles sur les violences - Infos Droits Humains","og_description":"R\u00e9daction :+243817406088 l&rsquo;Alliance Internationale des Femmes Avocates dans sa section RDC, AIFA-RDC, a symbolique choisi...","og_url":"https:\/\/infos-droitshumains.net\/?p=917","og_site_name":"Infos Droits Humains","article_published_time":"2021-10-12T12:35:04+00:00","article_modified_time":"2023-04-06T10:11:44+00:00","og_image":[{"url":"https:\/\/infos-droitshumains.net\/wp-content\/uploads\/2021\/10\/IMG_20211011_104301_995-1024x768.jpg","type":"","width":"","height":""}],"author":"Jo\u00ebl Diawa","twitter_card":"summary_large_image","twitter_misc":{"\u00c9crit par":"Jo\u00ebl Diawa","Dur\u00e9e de lecture estim\u00e9e":"3 minutes"},"schema":{"@context":"https:\/\/schema.org","@graph":[{"@type":"Article","@id":"https:\/\/infos-droitshumains.net\/?p=917#article","isPartOf":{"@id":"https:\/\/infos-droitshumains.net\/?p=917"},"author":{"name":"Jo\u00ebl Diawa","@id":"https:\/\/infos-droitshumains.net\/#\/schema\/person\/3dc5e921c3302172e0ed4362f96faab7"},"headline":"Kinshasa : AIFA-RDC lance la compagne de sensibilisation des jeunes filles sur les violences","datePublished":"2021-10-12T12:35:04+00:00","dateModified":"2023-04-06T10:11:44+00:00","mainEntityOfPage":{"@id":"https:\/\/infos-droitshumains.net\/?p=917"},"wordCount":514,"publisher":{"@id":"https:\/\/infos-droitshumains.net\/#organization"},"image":{"@id":"https:\/\/infos-droitshumains.net\/?p=917#primaryimage"},"thumbnailUrl":"https:\/\/infos-droitshumains.net\/wp-content\/uploads\/2021\/10\/IMG_20211011_104301_995-1024x768.jpg","inLanguage":"fr-FR"},{"@type":"WebPage","@id":"https:\/\/infos-droitshumains.net\/?p=917","url":"https:\/\/infos-droitshumains.net\/?p=917","name":"Kinshasa : AIFA-RDC lance la compagne de sensibilisation des jeunes filles sur les violences - Infos Droits Humains","isPartOf":{"@id":"https:\/\/infos-droitshumains.net\/#website"},"primaryImageOfPage":{"@id":"https:\/\/infos-droitshumains.net\/?p=917#primaryimage"},"image":{"@id":"https:\/\/infos-droitshumains.net\/?p=917#primaryimage"},"thumbnailUrl":"https:\/\/infos-droitshumains.net\/wp-content\/uploads\/2021\/10\/IMG_20211011_104301_995-1024x768.jpg","datePublished":"2021-10-12T12:35:04+00:00","dateModified":"2023-04-06T10:11:44+00:00","breadcrumb":{"@id":"https:\/\/infos-droitshumains.net\/?p=917#breadcrumb"},"inLanguage":"fr-FR","potentialAction":[{"@type":"ReadAction","target":["https:\/\/infos-droitshumains.net\/?p=917"]}]},{"@type":"ImageObject","inLanguage":"fr-FR","@id":"https:\/\/infos-droitshumains.net\/?p=917#primaryimage","url":"https:\/\/infos-droitshumains.net\/wp-content\/uploads\/2021\/10\/IMG_20211011_104301_995-1024x768.jpg","contentUrl":"https:\/\/infos-droitshumains.net\/wp-content\/uploads\/2021\/10\/IMG_20211011_104301_995-1024x768.jpg"},{"@type":"BreadcrumbList","@id":"https:\/\/infos-droitshumains.net\/?p=917#breadcrumb","itemListElement":[{"@type":"ListItem","position":1,"name":"Accueil","item":"https:\/\/infos-droitshumains.net\/"},{"@type":"ListItem","position":2,"name":"Kinshasa : AIFA-RDC lance la compagne de sensibilisation des jeunes filles sur les violences"}]},{"@type":"WebSite","@id":"https:\/\/infos-droitshumains.net\/#website","url":"https:\/\/infos-droitshumains.net\/","name":"Infos Droits Humains","description":"S&#039;informer est un droit","publisher":{"@id":"https:\/\/infos-droitshumains.net\/#organization"},"potentialAction":[{"@type":"SearchAction","target":{"@type":"EntryPoint","urlTemplate":"https:\/\/infos-droitshumains.net\/?s={search_term_string}"},"query-input":{"@type":"PropertyValueSpecification","valueRequired":true,"valueName":"search_term_string"}}],"inLanguage":"fr-FR"},{"@type":"Organization","@id":"https:\/\/infos-droitshumains.net\/#organization","name":"Infos Droits Humains","url":"https:\/\/infos-droitshumains.net\/","logo":{"@type":"ImageObject","inLanguage":"fr-FR","@id":"https:\/\/infos-droitshumains.net\/#\/schema\/logo\/image\/","url":"https:\/\/i0.wp.com\/infos-droitshumains.net\/wp-content\/uploads\/2022\/05\/Logo.png?fit=333%2C129&ssl=1","contentUrl":"https:\/\/i0.wp.com\/infos-droitshumains.net\/wp-content\/uploads\/2022\/05\/Logo.png?fit=333%2C129&ssl=1","width":333,"height":129,"caption":"Infos Droits Humains"},"image":{"@id":"https:\/\/infos-droitshumains.net\/#\/schema\/logo\/image\/"}},{"@type":"Person","@id":"https:\/\/infos-droitshumains.net\/#\/schema\/person\/3dc5e921c3302172e0ed4362f96faab7","name":"Jo\u00ebl Diawa","image":{"@type":"ImageObject","inLanguage":"fr-FR","@id":"https:\/\/secure.gravatar.com\/avatar\/729bea6ff4604c624417803c477363be8e3c7186deaa65713313f9b4b820f41c?s=96&d=mm&r=g","url":"https:\/\/secure.gravatar.com\/avatar\/729bea6ff4604c624417803c477363be8e3c7186deaa65713313f9b4b820f41c?s=96&d=mm&r=g","contentUrl":"https:\/\/secure.gravatar.com\/avatar\/729bea6ff4604c624417803c477363be8e3c7186deaa65713313f9b4b820f41c?s=96&d=mm&r=g","caption":"Jo\u00ebl Diawa"},"sameAs":["https:\/\/www.infos-droitshumains.net"],"url":"https:\/\/infos-droitshumains.net\/?author=2"}]}},"featured_image_urls":{"full":"","thumbnail":"","medium":"","medium_large":"","large":"","1536x1536":"","2048x2048":"","covernews-slider-full":"","covernews-slider-center":"","covernews-featured":"","covernews-medium":"","covernews-medium-square":""},"author_info":{"display_name":"Jo\u00ebl Diawa","author_link":"https:\/\/infos-droitshumains.net\/?author=2"},"category_info":"<a href=\"https:\/\/infos-droitshumains.net\/?cat=1\" rel=\"category\">Non class\u00e9<\/a>","tag_info":"Non class\u00e9","comment_count":"0","jetpack_featured_media_url":"","jetpack-related-posts":[],"jetpack_sharing_enabled":true,"_links":{"self":[{"href":"https:\/\/infos-droitshumains.net\/index.php?rest_route=\/wp\/v2\/posts\/917","targetHints":{"allow":["GET"]}}],"collection":[{"href":"https:\/\/infos-droitshumains.net\/index.php?rest_route=\/wp\/v2\/posts"}],"about":[{"href":"https:\/\/infos-droitshumains.net\/index.php?rest_route=\/wp\/v2\/types\/post"}],"author":[{"embeddable":true,"href":"https:\/\/infos-droitshumains.net\/index.php?rest_route=\/wp\/v2\/users\/2"}],"replies":[{"embeddable":true,"href":"https:\/\/infos-droitshumains.net\/index.php?rest_route=%2Fwp%2Fv2%2Fcomments&post=917"}],"version-history":[{"count":5,"href":"https:\/\/infos-droitshumains.net\/index.php?rest_route=\/wp\/v2\/posts\/917\/revisions"}],"predecessor-version":[{"id":927,"href":"https:\/\/infos-droitshumains.net\/index.php?rest_route=\/wp\/v2\/posts\/917\/revisions\/927"}],"wp:attachment":[{"href":"https:\/\/infos-droitshumains.net\/index.php?rest_route=%2Fwp%2Fv2%2Fmedia&parent=917"}],"wp:term":[{"taxonomy":"category","embeddable":true,"href":"https:\/\/infos-droitshumains.net\/index.php?rest_route=%2Fwp%2Fv2%2Fcategories&post=917"},{"taxonomy":"post_tag","embeddable":true,"href":"https:\/\/infos-droitshumains.net\/index.php?rest_route=%2Fwp%2Fv2%2Ftags&post=917"}],"curies":[{"name":"wp","href":"https:\/\/api.w.org\/{rel}","templated":true}]}}