{"id":9159,"date":"2024-02-23T12:44:05","date_gmt":"2024-02-23T11:44:05","guid":{"rendered":"https:\/\/infos-droitshumains.net\/?p=9159"},"modified":"2024-02-23T12:53:56","modified_gmt":"2024-02-23T11:53:56","slug":"rdc-jai-besoin-dune-justice-qui-est-correcte-et-efficace-sur-laquelle-nous-batirons-letat-de-droit-que-nous-voulons-felix-tshisekedi-pique-a","status":"publish","type":"post","link":"https:\/\/infos-droitshumains.net\/?p=9159","title":{"rendered":"RDC\u00a0: \u00ab\u00a0J\u2019ai besoin d\u2019une justice qui est correcte et efficace sur laquelle, nous b\u00e2tirons l\u2019Etat de droit que nous voulons\u00a0\u00bb. (F\u00e9lix Tshisekedi piqu\u00e9 au vif par l&rsquo;appareil judicaire)"},"content":{"rendered":"\n<p><strong>R\u00e9daction:+243817406088<\/strong><\/p>\n\n\n\n<h4 class=\"wp-block-heading has-vivid-red-color has-text-color has-link-color wp-elements-a71c8a3266cbed9d0845ba666ac98465\">C\u2019est un \u00e9ni\u00e8me regret exprim\u00e9 par le Pr\u00e9sident de la R\u00e9publique D\u00e9mocratique du Congo sur le fonctionnement de la justice de son pays. Face \u00e0 la presse, r\u00e9pondant \u00e0 la question sur la d\u00e9tention du journaliste Stanis Bujakera au cours du briefing du gouvernement de ce jeudi 22 f\u00e9vrier, F\u00e9lix Tshisekedi n\u2019est pas all\u00e9 dans le dos de la cuill\u00e8re pour piquer au vif l\u2019appareil judiciaire.<\/h4>\n\n\n\n<p>Selon ce dernier, <em>\u00ab&nbsp;\u2026 la justice est malade&nbsp;\u00bb<\/em> ce, <em>\u00ab&nbsp;m\u00eame dans le traitement des dossiers&nbsp;\u00bb<\/em>. <em>\u00ab\u2026J\u2019ai parl\u00e9 de la justice qui me donne beaucoup de soucis. Croyez-moi, je n\u2019en dors pas&nbsp;\u00bb<\/em>, a rajout\u00e9 F\u00e9lix Tshisekedi.<\/p>\n\n\n\n<p>Estimant que Stanis Bujakera &nbsp;est victime de cette maladie, il a finalement <em>\u00ab&nbsp;d\u00e9cid\u00e9 d\u2019y mettre son nez&nbsp;\u00bb<\/em>. <em>\u00ab&nbsp;Je n\u2019aime pas le faire croyez-moi, je n\u2019ai jamais appel\u00e9 un juge, je leur fait confiance&nbsp;; j\u2019insiste justement pour qu\u2019ils disent le droit comme il se doit pour que les citoyens en profite&nbsp;\u00bb<\/em>, a-t-il indiqu\u00e9 avant de rappeler la magistrature \u00e0 la raison&nbsp;:<\/p>\n\n\n\n<p><em>\u00ab&nbsp;J\u2019ai besoin d\u2019une justice qui est correcte qui est efficace. C\u2019est sur cette justice que nous b\u00e2tirons l\u2019Etat de droit que nous voulons. Cet Etat qui va transformer le Congo&nbsp;\u00bb<\/em>.<\/p>\n\n\n\n<p>D\u00e9j\u00e0 en juillet de l\u2019ann\u00e9e derni\u00e8re, le Pr\u00e9sident Tshisekedi avait consid\u00e9r\u00e9 le domaine de la justice comme un <em>\u00ab&nbsp;b\u00e9mol&nbsp;\u00bb<\/em>, <em>\u00ab&nbsp;une tache d\u2019huile&nbsp;\u00bb<\/em>&nbsp;\u00e0 mettre sur le bilan de son premier quinquennat.<\/p>\n\n\n\n<p>Il existe ces chefs des juridictions qui ses distinguent par un travail excellent&nbsp;; mais il y en a ceux qui restent encore plong\u00e9s dans les veilles habitudes de l\u2019impunit\u00e9. Cette nouvelle d\u00e9claration du Chef de l\u2019Etat doit \u00eatre consid\u00e9r\u00e9e comme un coup d\u2019\u00e9lectrochoc susceptible de bouger les lignes et mettre en garde ceux qui s\u2019adonnent encore \u00e0 des pratiques peu orthodoxes.<\/p>\n\n\n\n<p>Jo\u00ebl Diawa<\/p>\n","protected":false},"excerpt":{"rendered":"<p>R\u00e9daction:+243817406088 C\u2019est un \u00e9ni\u00e8me regret exprim\u00e9 par le Pr\u00e9sident de la R\u00e9publique D\u00e9mocratique du Congo&#8230;<\/p>\n","protected":false},"author":2,"featured_media":9162,"comment_status":"open","ping_status":"open","sticky":false,"template":"","format":"standard","meta":{"_jetpack_memberships_contains_paid_content":false,"footnotes":""},"categories":[6],"tags":[],"class_list":["post-9159","post","type-post","status-publish","format-standard","has-post-thumbnail","hentry","category-justice"],"yoast_head":"<!-- This site is optimized with the Yoast SEO plugin v27.5 - https:\/\/yoast.com\/product\/yoast-seo-wordpress\/ -->\n<title>RDC\u00a0: \u00ab\u00a0J\u2019ai besoin d\u2019une justice qui est correcte et efficace sur laquelle, nous b\u00e2tirons l\u2019Etat de droit que nous voulons\u00a0\u00bb. (F\u00e9lix Tshisekedi piqu\u00e9 au vif par l&#039;appareil judicaire) - Infos Droits Humains<\/title>\n<meta name=\"robots\" content=\"index, follow, max-snippet:-1, max-image-preview:large, max-video-preview:-1\" \/>\n<link rel=\"canonical\" href=\"https:\/\/infos-droitshumains.net\/?p=9159\" \/>\n<meta property=\"og:locale\" content=\"fr_FR\" \/>\n<meta property=\"og:type\" content=\"article\" \/>\n<meta property=\"og:title\" content=\"RDC\u00a0: \u00ab\u00a0J\u2019ai besoin d\u2019une justice qui est correcte et efficace sur laquelle, nous b\u00e2tirons l\u2019Etat de droit que nous voulons\u00a0\u00bb. (F\u00e9lix Tshisekedi piqu\u00e9 au vif par l&#039;appareil judicaire) - Infos Droits Humains\" \/>\n<meta property=\"og:description\" content=\"R\u00e9daction:+243817406088 C\u2019est un \u00e9ni\u00e8me regret exprim\u00e9 par le Pr\u00e9sident de la R\u00e9publique D\u00e9mocratique du Congo...\" \/>\n<meta property=\"og:url\" content=\"https:\/\/infos-droitshumains.net\/?p=9159\" \/>\n<meta property=\"og:site_name\" content=\"Infos Droits Humains\" \/>\n<meta property=\"article:published_time\" content=\"2024-02-23T11:44:05+00:00\" \/>\n<meta property=\"article:modified_time\" content=\"2024-02-23T11:53:56+00:00\" \/>\n<meta property=\"og:image\" content=\"https:\/\/infos-droitshumains.net\/wp-content\/uploads\/2024\/02\/20240223_123829.jpg\" \/>\n\t<meta property=\"og:image:width\" content=\"1080\" \/>\n\t<meta property=\"og:image:height\" content=\"809\" \/>\n\t<meta property=\"og:image:type\" content=\"image\/jpeg\" \/>\n<meta name=\"author\" content=\"Jo\u00ebl Diawa\" \/>\n<meta name=\"twitter:card\" content=\"summary_large_image\" \/>\n<meta name=\"twitter:label1\" content=\"\u00c9crit par\" \/>\n\t<meta name=\"twitter:data1\" content=\"Jo\u00ebl Diawa\" \/>\n\t<meta name=\"twitter:label2\" content=\"Dur\u00e9e de lecture estim\u00e9e\" \/>\n\t<meta name=\"twitter:data2\" content=\"2 minutes\" \/>\n<script type=\"application\/ld+json\" class=\"yoast-schema-graph\">{\"@context\":\"https:\\\/\\\/schema.org\",\"@graph\":[{\"@type\":\"Article\",\"@id\":\"https:\\\/\\\/infos-droitshumains.net\\\/?p=9159#article\",\"isPartOf\":{\"@id\":\"https:\\\/\\\/infos-droitshumains.net\\\/?p=9159\"},\"author\":{\"name\":\"Jo\u00ebl Diawa\",\"@id\":\"https:\\\/\\\/infos-droitshumains.net\\\/#\\\/schema\\\/person\\\/3dc5e921c3302172e0ed4362f96faab7\"},\"headline\":\"RDC\u00a0: \u00ab\u00a0J\u2019ai besoin d\u2019une justice qui est correcte et efficace sur laquelle, nous b\u00e2tirons l\u2019Etat de droit que nous voulons\u00a0\u00bb. (F\u00e9lix Tshisekedi piqu\u00e9 au vif par l&rsquo;appareil judicaire)\",\"datePublished\":\"2024-02-23T11:44:05+00:00\",\"dateModified\":\"2024-02-23T11:53:56+00:00\",\"mainEntityOfPage\":{\"@id\":\"https:\\\/\\\/infos-droitshumains.net\\\/?p=9159\"},\"wordCount\":377,\"commentCount\":0,\"publisher\":{\"@id\":\"https:\\\/\\\/infos-droitshumains.net\\\/#organization\"},\"image\":{\"@id\":\"https:\\\/\\\/infos-droitshumains.net\\\/?p=9159#primaryimage\"},\"thumbnailUrl\":\"https:\\\/\\\/i0.wp.com\\\/infos-droitshumains.net\\\/wp-content\\\/uploads\\\/2024\\\/02\\\/20240223_123829.jpg?fit=1080%2C809&ssl=1\",\"articleSection\":[\"Justice\"],\"inLanguage\":\"fr-FR\",\"potentialAction\":[{\"@type\":\"CommentAction\",\"name\":\"Comment\",\"target\":[\"https:\\\/\\\/infos-droitshumains.net\\\/?p=9159#respond\"]}]},{\"@type\":\"WebPage\",\"@id\":\"https:\\\/\\\/infos-droitshumains.net\\\/?p=9159\",\"url\":\"https:\\\/\\\/infos-droitshumains.net\\\/?p=9159\",\"name\":\"RDC\u00a0: \u00ab\u00a0J\u2019ai besoin d\u2019une justice qui est correcte et efficace sur laquelle, nous b\u00e2tirons l\u2019Etat de droit que nous voulons\u00a0\u00bb. (F\u00e9lix Tshisekedi piqu\u00e9 au vif par l'appareil judicaire) - Infos Droits Humains\",\"isPartOf\":{\"@id\":\"https:\\\/\\\/infos-droitshumains.net\\\/#website\"},\"primaryImageOfPage\":{\"@id\":\"https:\\\/\\\/infos-droitshumains.net\\\/?p=9159#primaryimage\"},\"image\":{\"@id\":\"https:\\\/\\\/infos-droitshumains.net\\\/?p=9159#primaryimage\"},\"thumbnailUrl\":\"https:\\\/\\\/i0.wp.com\\\/infos-droitshumains.net\\\/wp-content\\\/uploads\\\/2024\\\/02\\\/20240223_123829.jpg?fit=1080%2C809&ssl=1\",\"datePublished\":\"2024-02-23T11:44:05+00:00\",\"dateModified\":\"2024-02-23T11:53:56+00:00\",\"breadcrumb\":{\"@id\":\"https:\\\/\\\/infos-droitshumains.net\\\/?p=9159#breadcrumb\"},\"inLanguage\":\"fr-FR\",\"potentialAction\":[{\"@type\":\"ReadAction\",\"target\":[\"https:\\\/\\\/infos-droitshumains.net\\\/?p=9159\"]}]},{\"@type\":\"ImageObject\",\"inLanguage\":\"fr-FR\",\"@id\":\"https:\\\/\\\/infos-droitshumains.net\\\/?p=9159#primaryimage\",\"url\":\"https:\\\/\\\/i0.wp.com\\\/infos-droitshumains.net\\\/wp-content\\\/uploads\\\/2024\\\/02\\\/20240223_123829.jpg?fit=1080%2C809&ssl=1\",\"contentUrl\":\"https:\\\/\\\/i0.wp.com\\\/infos-droitshumains.net\\\/wp-content\\\/uploads\\\/2024\\\/02\\\/20240223_123829.jpg?fit=1080%2C809&ssl=1\",\"width\":1080,\"height\":809},{\"@type\":\"BreadcrumbList\",\"@id\":\"https:\\\/\\\/infos-droitshumains.net\\\/?p=9159#breadcrumb\",\"itemListElement\":[{\"@type\":\"ListItem\",\"position\":1,\"name\":\"Accueil\",\"item\":\"https:\\\/\\\/infos-droitshumains.net\\\/\"},{\"@type\":\"ListItem\",\"position\":2,\"name\":\"RDC\u00a0: \u00ab\u00a0J\u2019ai besoin d\u2019une justice qui est correcte et efficace sur laquelle, nous b\u00e2tirons l\u2019Etat de droit que nous voulons\u00a0\u00bb. (F\u00e9lix Tshisekedi piqu\u00e9 au vif par l&rsquo;appareil judicaire)\"}]},{\"@type\":\"WebSite\",\"@id\":\"https:\\\/\\\/infos-droitshumains.net\\\/#website\",\"url\":\"https:\\\/\\\/infos-droitshumains.net\\\/\",\"name\":\"Infos Droits Humains\",\"description\":\"S&#039;informer est un droit\",\"publisher\":{\"@id\":\"https:\\\/\\\/infos-droitshumains.net\\\/#organization\"},\"potentialAction\":[{\"@type\":\"SearchAction\",\"target\":{\"@type\":\"EntryPoint\",\"urlTemplate\":\"https:\\\/\\\/infos-droitshumains.net\\\/?s={search_term_string}\"},\"query-input\":{\"@type\":\"PropertyValueSpecification\",\"valueRequired\":true,\"valueName\":\"search_term_string\"}}],\"inLanguage\":\"fr-FR\"},{\"@type\":\"Organization\",\"@id\":\"https:\\\/\\\/infos-droitshumains.net\\\/#organization\",\"name\":\"Infos Droits Humains\",\"url\":\"https:\\\/\\\/infos-droitshumains.net\\\/\",\"logo\":{\"@type\":\"ImageObject\",\"inLanguage\":\"fr-FR\",\"@id\":\"https:\\\/\\\/infos-droitshumains.net\\\/#\\\/schema\\\/logo\\\/image\\\/\",\"url\":\"https:\\\/\\\/i0.wp.com\\\/infos-droitshumains.net\\\/wp-content\\\/uploads\\\/2022\\\/05\\\/Logo.png?fit=333%2C129&ssl=1\",\"contentUrl\":\"https:\\\/\\\/i0.wp.com\\\/infos-droitshumains.net\\\/wp-content\\\/uploads\\\/2022\\\/05\\\/Logo.png?fit=333%2C129&ssl=1\",\"width\":333,\"height\":129,\"caption\":\"Infos Droits Humains\"},\"image\":{\"@id\":\"https:\\\/\\\/infos-droitshumains.net\\\/#\\\/schema\\\/logo\\\/image\\\/\"}},{\"@type\":\"Person\",\"@id\":\"https:\\\/\\\/infos-droitshumains.net\\\/#\\\/schema\\\/person\\\/3dc5e921c3302172e0ed4362f96faab7\",\"name\":\"Jo\u00ebl Diawa\",\"image\":{\"@type\":\"ImageObject\",\"inLanguage\":\"fr-FR\",\"@id\":\"https:\\\/\\\/secure.gravatar.com\\\/avatar\\\/729bea6ff4604c624417803c477363be8e3c7186deaa65713313f9b4b820f41c?s=96&d=mm&r=g\",\"url\":\"https:\\\/\\\/secure.gravatar.com\\\/avatar\\\/729bea6ff4604c624417803c477363be8e3c7186deaa65713313f9b4b820f41c?s=96&d=mm&r=g\",\"contentUrl\":\"https:\\\/\\\/secure.gravatar.com\\\/avatar\\\/729bea6ff4604c624417803c477363be8e3c7186deaa65713313f9b4b820f41c?s=96&d=mm&r=g\",\"caption\":\"Jo\u00ebl Diawa\"},\"sameAs\":[\"https:\\\/\\\/www.infos-droitshumains.net\"],\"url\":\"https:\\\/\\\/infos-droitshumains.net\\\/?author=2\"}]}<\/script>\n<!-- \/ Yoast SEO plugin. -->","yoast_head_json":{"title":"RDC\u00a0: \u00ab\u00a0J\u2019ai besoin d\u2019une justice qui est correcte et efficace sur laquelle, nous b\u00e2tirons l\u2019Etat de droit que nous voulons\u00a0\u00bb. (F\u00e9lix Tshisekedi piqu\u00e9 au vif par l'appareil judicaire) - Infos Droits Humains","robots":{"index":"index","follow":"follow","max-snippet":"max-snippet:-1","max-image-preview":"max-image-preview:large","max-video-preview":"max-video-preview:-1"},"canonical":"https:\/\/infos-droitshumains.net\/?p=9159","og_locale":"fr_FR","og_type":"article","og_title":"RDC\u00a0: \u00ab\u00a0J\u2019ai besoin d\u2019une justice qui est correcte et efficace sur laquelle, nous b\u00e2tirons l\u2019Etat de droit que nous voulons\u00a0\u00bb. (F\u00e9lix Tshisekedi piqu\u00e9 au vif par l'appareil judicaire) - Infos Droits Humains","og_description":"R\u00e9daction:+243817406088 C\u2019est un \u00e9ni\u00e8me regret exprim\u00e9 par le Pr\u00e9sident de la R\u00e9publique D\u00e9mocratique du Congo...","og_url":"https:\/\/infos-droitshumains.net\/?p=9159","og_site_name":"Infos Droits Humains","article_published_time":"2024-02-23T11:44:05+00:00","article_modified_time":"2024-02-23T11:53:56+00:00","og_image":[{"width":1080,"height":809,"url":"https:\/\/infos-droitshumains.net\/wp-content\/uploads\/2024\/02\/20240223_123829.jpg","type":"image\/jpeg"}],"author":"Jo\u00ebl Diawa","twitter_card":"summary_large_image","twitter_misc":{"\u00c9crit par":"Jo\u00ebl Diawa","Dur\u00e9e de lecture estim\u00e9e":"2 minutes"},"schema":{"@context":"https:\/\/schema.org","@graph":[{"@type":"Article","@id":"https:\/\/infos-droitshumains.net\/?p=9159#article","isPartOf":{"@id":"https:\/\/infos-droitshumains.net\/?p=9159"},"author":{"name":"Jo\u00ebl Diawa","@id":"https:\/\/infos-droitshumains.net\/#\/schema\/person\/3dc5e921c3302172e0ed4362f96faab7"},"headline":"RDC\u00a0: \u00ab\u00a0J\u2019ai besoin d\u2019une justice qui est correcte et efficace sur laquelle, nous b\u00e2tirons l\u2019Etat de droit que nous voulons\u00a0\u00bb. (F\u00e9lix Tshisekedi piqu\u00e9 au vif par l&rsquo;appareil judicaire)","datePublished":"2024-02-23T11:44:05+00:00","dateModified":"2024-02-23T11:53:56+00:00","mainEntityOfPage":{"@id":"https:\/\/infos-droitshumains.net\/?p=9159"},"wordCount":377,"commentCount":0,"publisher":{"@id":"https:\/\/infos-droitshumains.net\/#organization"},"image":{"@id":"https:\/\/infos-droitshumains.net\/?p=9159#primaryimage"},"thumbnailUrl":"https:\/\/i0.wp.com\/infos-droitshumains.net\/wp-content\/uploads\/2024\/02\/20240223_123829.jpg?fit=1080%2C809&ssl=1","articleSection":["Justice"],"inLanguage":"fr-FR","potentialAction":[{"@type":"CommentAction","name":"Comment","target":["https:\/\/infos-droitshumains.net\/?p=9159#respond"]}]},{"@type":"WebPage","@id":"https:\/\/infos-droitshumains.net\/?p=9159","url":"https:\/\/infos-droitshumains.net\/?p=9159","name":"RDC\u00a0: \u00ab\u00a0J\u2019ai besoin d\u2019une justice qui est correcte et efficace sur laquelle, nous b\u00e2tirons l\u2019Etat de droit que nous voulons\u00a0\u00bb. (F\u00e9lix Tshisekedi piqu\u00e9 au vif par l'appareil judicaire) - Infos Droits Humains","isPartOf":{"@id":"https:\/\/infos-droitshumains.net\/#website"},"primaryImageOfPage":{"@id":"https:\/\/infos-droitshumains.net\/?p=9159#primaryimage"},"image":{"@id":"https:\/\/infos-droitshumains.net\/?p=9159#primaryimage"},"thumbnailUrl":"https:\/\/i0.wp.com\/infos-droitshumains.net\/wp-content\/uploads\/2024\/02\/20240223_123829.jpg?fit=1080%2C809&ssl=1","datePublished":"2024-02-23T11:44:05+00:00","dateModified":"2024-02-23T11:53:56+00:00","breadcrumb":{"@id":"https:\/\/infos-droitshumains.net\/?p=9159#breadcrumb"},"inLanguage":"fr-FR","potentialAction":[{"@type":"ReadAction","target":["https:\/\/infos-droitshumains.net\/?p=9159"]}]},{"@type":"ImageObject","inLanguage":"fr-FR","@id":"https:\/\/infos-droitshumains.net\/?p=9159#primaryimage","url":"https:\/\/i0.wp.com\/infos-droitshumains.net\/wp-content\/uploads\/2024\/02\/20240223_123829.jpg?fit=1080%2C809&ssl=1","contentUrl":"https:\/\/i0.wp.com\/infos-droitshumains.net\/wp-content\/uploads\/2024\/02\/20240223_123829.jpg?fit=1080%2C809&ssl=1","width":1080,"height":809},{"@type":"BreadcrumbList","@id":"https:\/\/infos-droitshumains.net\/?p=9159#breadcrumb","itemListElement":[{"@type":"ListItem","position":1,"name":"Accueil","item":"https:\/\/infos-droitshumains.net\/"},{"@type":"ListItem","position":2,"name":"RDC\u00a0: \u00ab\u00a0J\u2019ai besoin d\u2019une justice qui est correcte et efficace sur laquelle, nous b\u00e2tirons l\u2019Etat de droit que nous voulons\u00a0\u00bb. (F\u00e9lix Tshisekedi piqu\u00e9 au vif par l&rsquo;appareil judicaire)"}]},{"@type":"WebSite","@id":"https:\/\/infos-droitshumains.net\/#website","url":"https:\/\/infos-droitshumains.net\/","name":"Infos Droits Humains","description":"S&#039;informer est un droit","publisher":{"@id":"https:\/\/infos-droitshumains.net\/#organization"},"potentialAction":[{"@type":"SearchAction","target":{"@type":"EntryPoint","urlTemplate":"https:\/\/infos-droitshumains.net\/?s={search_term_string}"},"query-input":{"@type":"PropertyValueSpecification","valueRequired":true,"valueName":"search_term_string"}}],"inLanguage":"fr-FR"},{"@type":"Organization","@id":"https:\/\/infos-droitshumains.net\/#organization","name":"Infos Droits Humains","url":"https:\/\/infos-droitshumains.net\/","logo":{"@type":"ImageObject","inLanguage":"fr-FR","@id":"https:\/\/infos-droitshumains.net\/#\/schema\/logo\/image\/","url":"https:\/\/i0.wp.com\/infos-droitshumains.net\/wp-content\/uploads\/2022\/05\/Logo.png?fit=333%2C129&ssl=1","contentUrl":"https:\/\/i0.wp.com\/infos-droitshumains.net\/wp-content\/uploads\/2022\/05\/Logo.png?fit=333%2C129&ssl=1","width":333,"height":129,"caption":"Infos Droits Humains"},"image":{"@id":"https:\/\/infos-droitshumains.net\/#\/schema\/logo\/image\/"}},{"@type":"Person","@id":"https:\/\/infos-droitshumains.net\/#\/schema\/person\/3dc5e921c3302172e0ed4362f96faab7","name":"Jo\u00ebl Diawa","image":{"@type":"ImageObject","inLanguage":"fr-FR","@id":"https:\/\/secure.gravatar.com\/avatar\/729bea6ff4604c624417803c477363be8e3c7186deaa65713313f9b4b820f41c?s=96&d=mm&r=g","url":"https:\/\/secure.gravatar.com\/avatar\/729bea6ff4604c624417803c477363be8e3c7186deaa65713313f9b4b820f41c?s=96&d=mm&r=g","contentUrl":"https:\/\/secure.gravatar.com\/avatar\/729bea6ff4604c624417803c477363be8e3c7186deaa65713313f9b4b820f41c?s=96&d=mm&r=g","caption":"Jo\u00ebl Diawa"},"sameAs":["https:\/\/www.infos-droitshumains.net"],"url":"https:\/\/infos-droitshumains.net\/?author=2"}]}},"featured_image_urls":{"full":["https:\/\/i0.wp.com\/infos-droitshumains.net\/wp-content\/uploads\/2024\/02\/20240223_123829.jpg?fit=1080%2C809&ssl=1",1080,809,false],"thumbnail":["https:\/\/i0.wp.com\/infos-droitshumains.net\/wp-content\/uploads\/2024\/02\/20240223_123829.jpg?resize=150%2C150&ssl=1",150,150,true],"medium":["https:\/\/i0.wp.com\/infos-droitshumains.net\/wp-content\/uploads\/2024\/02\/20240223_123829.jpg?fit=300%2C225&ssl=1",300,225,true],"medium_large":["https:\/\/i0.wp.com\/infos-droitshumains.net\/wp-content\/uploads\/2024\/02\/20240223_123829.jpg?fit=640%2C479&ssl=1",640,479,true],"large":["https:\/\/i0.wp.com\/infos-droitshumains.net\/wp-content\/uploads\/2024\/02\/20240223_123829.jpg?fit=640%2C479&ssl=1",640,479,true],"1536x1536":["https:\/\/i0.wp.com\/infos-droitshumains.net\/wp-content\/uploads\/2024\/02\/20240223_123829.jpg?fit=1080%2C809&ssl=1",1080,809,true],"2048x2048":["https:\/\/i0.wp.com\/infos-droitshumains.net\/wp-content\/uploads\/2024\/02\/20240223_123829.jpg?fit=1080%2C809&ssl=1",1080,809,true],"covernews-slider-full":["https:\/\/i0.wp.com\/infos-droitshumains.net\/wp-content\/uploads\/2024\/02\/20240223_123829.jpg?resize=1080%2C715&ssl=1",1080,715,true],"covernews-slider-center":["https:\/\/i0.wp.com\/infos-droitshumains.net\/wp-content\/uploads\/2024\/02\/20240223_123829.jpg?resize=800%2C500&ssl=1",800,500,true],"covernews-featured":["https:\/\/i0.wp.com\/infos-droitshumains.net\/wp-content\/uploads\/2024\/02\/20240223_123829.jpg?fit=1024%2C767&ssl=1",1024,767,true],"covernews-medium":["https:\/\/i0.wp.com\/infos-droitshumains.net\/wp-content\/uploads\/2024\/02\/20240223_123829.jpg?resize=540%2C340&ssl=1",540,340,true],"covernews-medium-square":["https:\/\/i0.wp.com\/infos-droitshumains.net\/wp-content\/uploads\/2024\/02\/20240223_123829.jpg?resize=400%2C250&ssl=1",400,250,true]},"author_info":{"display_name":"Jo\u00ebl Diawa","author_link":"https:\/\/infos-droitshumains.net\/?author=2"},"category_info":"<a href=\"https:\/\/infos-droitshumains.net\/?cat=6\" rel=\"category\">Justice<\/a>","tag_info":"Justice","comment_count":"0","jetpack_featured_media_url":"https:\/\/i0.wp.com\/infos-droitshumains.net\/wp-content\/uploads\/2024\/02\/20240223_123829.jpg?fit=1080%2C809&ssl=1","jetpack-related-posts":[],"jetpack_sharing_enabled":true,"_links":{"self":[{"href":"https:\/\/infos-droitshumains.net\/index.php?rest_route=\/wp\/v2\/posts\/9159","targetHints":{"allow":["GET"]}}],"collection":[{"href":"https:\/\/infos-droitshumains.net\/index.php?rest_route=\/wp\/v2\/posts"}],"about":[{"href":"https:\/\/infos-droitshumains.net\/index.php?rest_route=\/wp\/v2\/types\/post"}],"author":[{"embeddable":true,"href":"https:\/\/infos-droitshumains.net\/index.php?rest_route=\/wp\/v2\/users\/2"}],"replies":[{"embeddable":true,"href":"https:\/\/infos-droitshumains.net\/index.php?rest_route=%2Fwp%2Fv2%2Fcomments&post=9159"}],"version-history":[{"count":4,"href":"https:\/\/infos-droitshumains.net\/index.php?rest_route=\/wp\/v2\/posts\/9159\/revisions"}],"predecessor-version":[{"id":9165,"href":"https:\/\/infos-droitshumains.net\/index.php?rest_route=\/wp\/v2\/posts\/9159\/revisions\/9165"}],"wp:featuredmedia":[{"embeddable":true,"href":"https:\/\/infos-droitshumains.net\/index.php?rest_route=\/wp\/v2\/media\/9162"}],"wp:attachment":[{"href":"https:\/\/infos-droitshumains.net\/index.php?rest_route=%2Fwp%2Fv2%2Fmedia&parent=9159"}],"wp:term":[{"taxonomy":"category","embeddable":true,"href":"https:\/\/infos-droitshumains.net\/index.php?rest_route=%2Fwp%2Fv2%2Fcategories&post=9159"},{"taxonomy":"post_tag","embeddable":true,"href":"https:\/\/infos-droitshumains.net\/index.php?rest_route=%2Fwp%2Fv2%2Ftags&post=9159"}],"curies":[{"name":"wp","href":"https:\/\/api.w.org\/{rel}","templated":true}]}}