{"id":9104,"date":"2024-02-17T21:11:17","date_gmt":"2024-02-17T20:11:17","guid":{"rendered":"https:\/\/infos-droitshumains.net\/?p=9104"},"modified":"2024-02-17T21:21:44","modified_gmt":"2024-02-17T20:21:44","slug":"parquet-pres-le-tripaix-de-kinshasa-pont-kasa-vubu-32-nouveaux-substituts-du-procureur-de-la-republique-pretent-serment","status":"publish","type":"post","link":"https:\/\/infos-droitshumains.net\/?p=9104","title":{"rendered":"Parquet pr\u00e8s le Tripaix de Kinshasa\/Pont Kasa-Vubu\u00a0: 32 nouveaux substituts du procureur de la R\u00e9publique pr\u00eatent serment"},"content":{"rendered":"\n<p><strong>R\u00e9daction:+243817406088<\/strong><\/p>\n\n\n\n<h4 class=\"wp-block-heading has-vivid-red-color has-text-color has-link-color wp-elements-aaac997120b0d07210063e219d6dee59\">C\u2019\u00e9tait un vendredi tr\u00e8s mouvement au parquet pr\u00e8s le Tribunal de Grande Instance de Kinshasa\/Pont Kasa-Vubu. Le tribunal de c\u00e9ans si\u00e9geant en mati\u00e8re de prestation de serment, au cours d\u2019une d\u2019audience publique et solennelle, a r\u00e9ceptionn\u00e9 les serments de 32 magistrats du minist\u00e8re public &nbsp;nouvellement affect\u00e9s dans cet office.<\/h4>\n\n\n\n<p><em>\u00ab&nbsp;Je jure de respecter la constitution et les lois de la R\u00e9publique D\u00e9mocratique du Congo et de remplir loyalement et fid\u00e8lement, avec honneur et dignit\u00e9, les fonctions qui me sont confi\u00e9e&nbsp;\u00bb<\/em>, ont d\u00e9clar\u00e9 chacun de ces officiers du minist\u00e8re public.<\/p>\n\n\n\n<p>L\u2019audience s\u2019est d\u00e9roul\u00e9e en pr\u00e9sence de madame le Procureur de la R\u00e9publique Alexandrine Shungu, Chef du \u00a0parquet pr\u00e8s le Tripaix Pont Kasa-Vubu qui visiblement, s\u2019est montr\u00e9e tr\u00e8s satisfaite d\u2019avoir re\u00e7u des substituts qui vont pouvoir l\u2019aider \u00e0 bien accomplir les missions qui lui sont assign\u00e9es.<\/p>\n\n\n\n<figure class=\"wp-block-image alignfull size-large\"><img data-recalc-dims=\"1\" fetchpriority=\"high\" decoding=\"async\" width=\"640\" height=\"288\" src=\"https:\/\/i0.wp.com\/infos-droitshumains.net\/wp-content\/uploads\/2024\/02\/IMG_20240216_122328_224.jpg?resize=640%2C288&#038;ssl=1\" alt=\"\" class=\"wp-image-9109\" srcset=\"https:\/\/i0.wp.com\/infos-droitshumains.net\/wp-content\/uploads\/2024\/02\/IMG_20240216_122328_224.jpg?resize=1024%2C461&amp;ssl=1 1024w, https:\/\/i0.wp.com\/infos-droitshumains.net\/wp-content\/uploads\/2024\/02\/IMG_20240216_122328_224.jpg?resize=300%2C135&amp;ssl=1 300w, https:\/\/i0.wp.com\/infos-droitshumains.net\/wp-content\/uploads\/2024\/02\/IMG_20240216_122328_224.jpg?resize=768%2C346&amp;ssl=1 768w, https:\/\/i0.wp.com\/infos-droitshumains.net\/wp-content\/uploads\/2024\/02\/IMG_20240216_122328_224.jpg?w=1040&amp;ssl=1 1040w\" sizes=\"(max-width: 640px) 100vw, 640px\" \/><\/figure>\n\n\n\n<p>Cette audience publique et solennelle s\u2019est tenue conform\u00e9ment aux prescrits des articles 13 de l\u2019arr\u00eat\u00e9 d\u2019organisation judiciaire N\u00b0299\/79 du 20 aout 1979 portant r\u00e8glement int\u00e9rieur des cours, tribunaux et parquets et 5 de la loi organique N\u00b0 06\/020 du 10 octobre 2006&nbsp; portant statut des magistrats.<\/p>\n\n\n\n<p>&nbsp;Nomm\u00e9s substituts du procureur de la r\u00e9publique par l\u2019ordonnance d\u2019organisation judiciaire N\u00b023\/071 du 6 juin 2023 portant nomination des magistrats civils du minist\u00e8re publique, parquets g\u00e9n\u00e9raux, parquets de grande instance et parquet pr\u00e8s les tribunaux de paix et affect\u00e9s au parquet pr\u00e8s le tribunal de Paix de Kinshasa\/Pont Kasa-Vubu par d\u00e9cision d\u2019organisation judiciaire&nbsp;du 30 d\u00e9cembre 2023 portant affectation des magistrats civils du minist\u00e8re publique des parquets g\u00e9n\u00e9raux, parquets de grande instance et parquets pr\u00e8s les tribunaux de paix.<\/p>\n\n\n\n<p>Jo\u00ebl Diawa<\/p>\n","protected":false},"excerpt":{"rendered":"<p>R\u00e9daction:+243817406088 C\u2019\u00e9tait un vendredi tr\u00e8s mouvement au parquet pr\u00e8s le Tribunal de Grande Instance de&#8230;<\/p>\n","protected":false},"author":2,"featured_media":9112,"comment_status":"open","ping_status":"open","sticky":false,"template":"","format":"standard","meta":{"_jetpack_memberships_contains_paid_content":false,"footnotes":""},"categories":[6],"tags":[],"class_list":["post-9104","post","type-post","status-publish","format-standard","has-post-thumbnail","hentry","category-justice"],"yoast_head":"<!-- This site is optimized with the Yoast SEO plugin v27.5 - https:\/\/yoast.com\/product\/yoast-seo-wordpress\/ -->\n<title>Parquet pr\u00e8s le Tripaix de Kinshasa\/Pont Kasa-Vubu\u00a0: 32 nouveaux substituts du procureur de la R\u00e9publique pr\u00eatent serment - Infos Droits Humains<\/title>\n<meta name=\"robots\" content=\"index, follow, max-snippet:-1, max-image-preview:large, max-video-preview:-1\" \/>\n<link rel=\"canonical\" href=\"https:\/\/infos-droitshumains.net\/?p=9104\" \/>\n<meta property=\"og:locale\" content=\"fr_FR\" \/>\n<meta property=\"og:type\" content=\"article\" \/>\n<meta property=\"og:title\" content=\"Parquet pr\u00e8s le Tripaix de Kinshasa\/Pont Kasa-Vubu\u00a0: 32 nouveaux substituts du procureur de la R\u00e9publique pr\u00eatent serment - Infos Droits Humains\" \/>\n<meta property=\"og:description\" content=\"R\u00e9daction:+243817406088 C\u2019\u00e9tait un vendredi tr\u00e8s mouvement au parquet pr\u00e8s le Tribunal de Grande Instance de...\" \/>\n<meta property=\"og:url\" content=\"https:\/\/infos-droitshumains.net\/?p=9104\" \/>\n<meta property=\"og:site_name\" content=\"Infos Droits Humains\" \/>\n<meta property=\"article:published_time\" content=\"2024-02-17T20:11:17+00:00\" \/>\n<meta property=\"article:modified_time\" content=\"2024-02-17T20:21:44+00:00\" \/>\n<meta property=\"og:image\" content=\"https:\/\/infos-droitshumains.net\/wp-content\/uploads\/2024\/02\/IMG_20240216_124754_637.jpg\" \/>\n\t<meta property=\"og:image:width\" content=\"1040\" \/>\n\t<meta property=\"og:image:height\" content=\"468\" \/>\n\t<meta property=\"og:image:type\" content=\"image\/jpeg\" \/>\n<meta name=\"author\" content=\"Jo\u00ebl Diawa\" \/>\n<meta name=\"twitter:card\" content=\"summary_large_image\" \/>\n<meta name=\"twitter:label1\" content=\"\u00c9crit par\" \/>\n\t<meta name=\"twitter:data1\" content=\"Jo\u00ebl Diawa\" \/>\n\t<meta name=\"twitter:label2\" content=\"Dur\u00e9e de lecture estim\u00e9e\" \/>\n\t<meta name=\"twitter:data2\" content=\"2 minutes\" \/>\n<script type=\"application\/ld+json\" class=\"yoast-schema-graph\">{\"@context\":\"https:\\\/\\\/schema.org\",\"@graph\":[{\"@type\":\"Article\",\"@id\":\"https:\\\/\\\/infos-droitshumains.net\\\/?p=9104#article\",\"isPartOf\":{\"@id\":\"https:\\\/\\\/infos-droitshumains.net\\\/?p=9104\"},\"author\":{\"name\":\"Jo\u00ebl Diawa\",\"@id\":\"https:\\\/\\\/infos-droitshumains.net\\\/#\\\/schema\\\/person\\\/3dc5e921c3302172e0ed4362f96faab7\"},\"headline\":\"Parquet pr\u00e8s le Tripaix de Kinshasa\\\/Pont Kasa-Vubu\u00a0: 32 nouveaux substituts du procureur de la R\u00e9publique pr\u00eatent serment\",\"datePublished\":\"2024-02-17T20:11:17+00:00\",\"dateModified\":\"2024-02-17T20:21:44+00:00\",\"mainEntityOfPage\":{\"@id\":\"https:\\\/\\\/infos-droitshumains.net\\\/?p=9104\"},\"wordCount\":334,\"commentCount\":0,\"publisher\":{\"@id\":\"https:\\\/\\\/infos-droitshumains.net\\\/#organization\"},\"image\":{\"@id\":\"https:\\\/\\\/infos-droitshumains.net\\\/?p=9104#primaryimage\"},\"thumbnailUrl\":\"https:\\\/\\\/i0.wp.com\\\/infos-droitshumains.net\\\/wp-content\\\/uploads\\\/2024\\\/02\\\/IMG_20240216_124754_637.jpg?fit=1040%2C468&ssl=1\",\"articleSection\":[\"Justice\"],\"inLanguage\":\"fr-FR\",\"potentialAction\":[{\"@type\":\"CommentAction\",\"name\":\"Comment\",\"target\":[\"https:\\\/\\\/infos-droitshumains.net\\\/?p=9104#respond\"]}]},{\"@type\":\"WebPage\",\"@id\":\"https:\\\/\\\/infos-droitshumains.net\\\/?p=9104\",\"url\":\"https:\\\/\\\/infos-droitshumains.net\\\/?p=9104\",\"name\":\"Parquet pr\u00e8s le Tripaix de Kinshasa\\\/Pont Kasa-Vubu\u00a0: 32 nouveaux substituts du procureur de la R\u00e9publique pr\u00eatent serment - Infos Droits Humains\",\"isPartOf\":{\"@id\":\"https:\\\/\\\/infos-droitshumains.net\\\/#website\"},\"primaryImageOfPage\":{\"@id\":\"https:\\\/\\\/infos-droitshumains.net\\\/?p=9104#primaryimage\"},\"image\":{\"@id\":\"https:\\\/\\\/infos-droitshumains.net\\\/?p=9104#primaryimage\"},\"thumbnailUrl\":\"https:\\\/\\\/i0.wp.com\\\/infos-droitshumains.net\\\/wp-content\\\/uploads\\\/2024\\\/02\\\/IMG_20240216_124754_637.jpg?fit=1040%2C468&ssl=1\",\"datePublished\":\"2024-02-17T20:11:17+00:00\",\"dateModified\":\"2024-02-17T20:21:44+00:00\",\"breadcrumb\":{\"@id\":\"https:\\\/\\\/infos-droitshumains.net\\\/?p=9104#breadcrumb\"},\"inLanguage\":\"fr-FR\",\"potentialAction\":[{\"@type\":\"ReadAction\",\"target\":[\"https:\\\/\\\/infos-droitshumains.net\\\/?p=9104\"]}]},{\"@type\":\"ImageObject\",\"inLanguage\":\"fr-FR\",\"@id\":\"https:\\\/\\\/infos-droitshumains.net\\\/?p=9104#primaryimage\",\"url\":\"https:\\\/\\\/i0.wp.com\\\/infos-droitshumains.net\\\/wp-content\\\/uploads\\\/2024\\\/02\\\/IMG_20240216_124754_637.jpg?fit=1040%2C468&ssl=1\",\"contentUrl\":\"https:\\\/\\\/i0.wp.com\\\/infos-droitshumains.net\\\/wp-content\\\/uploads\\\/2024\\\/02\\\/IMG_20240216_124754_637.jpg?fit=1040%2C468&ssl=1\",\"width\":1040,\"height\":468},{\"@type\":\"BreadcrumbList\",\"@id\":\"https:\\\/\\\/infos-droitshumains.net\\\/?p=9104#breadcrumb\",\"itemListElement\":[{\"@type\":\"ListItem\",\"position\":1,\"name\":\"Accueil\",\"item\":\"https:\\\/\\\/infos-droitshumains.net\\\/\"},{\"@type\":\"ListItem\",\"position\":2,\"name\":\"Parquet pr\u00e8s le Tripaix de Kinshasa\\\/Pont Kasa-Vubu\u00a0: 32 nouveaux substituts du procureur de la R\u00e9publique pr\u00eatent serment\"}]},{\"@type\":\"WebSite\",\"@id\":\"https:\\\/\\\/infos-droitshumains.net\\\/#website\",\"url\":\"https:\\\/\\\/infos-droitshumains.net\\\/\",\"name\":\"Infos Droits Humains\",\"description\":\"S&#039;informer est un droit\",\"publisher\":{\"@id\":\"https:\\\/\\\/infos-droitshumains.net\\\/#organization\"},\"potentialAction\":[{\"@type\":\"SearchAction\",\"target\":{\"@type\":\"EntryPoint\",\"urlTemplate\":\"https:\\\/\\\/infos-droitshumains.net\\\/?s={search_term_string}\"},\"query-input\":{\"@type\":\"PropertyValueSpecification\",\"valueRequired\":true,\"valueName\":\"search_term_string\"}}],\"inLanguage\":\"fr-FR\"},{\"@type\":\"Organization\",\"@id\":\"https:\\\/\\\/infos-droitshumains.net\\\/#organization\",\"name\":\"Infos Droits Humains\",\"url\":\"https:\\\/\\\/infos-droitshumains.net\\\/\",\"logo\":{\"@type\":\"ImageObject\",\"inLanguage\":\"fr-FR\",\"@id\":\"https:\\\/\\\/infos-droitshumains.net\\\/#\\\/schema\\\/logo\\\/image\\\/\",\"url\":\"https:\\\/\\\/i0.wp.com\\\/infos-droitshumains.net\\\/wp-content\\\/uploads\\\/2022\\\/05\\\/Logo.png?fit=333%2C129&ssl=1\",\"contentUrl\":\"https:\\\/\\\/i0.wp.com\\\/infos-droitshumains.net\\\/wp-content\\\/uploads\\\/2022\\\/05\\\/Logo.png?fit=333%2C129&ssl=1\",\"width\":333,\"height\":129,\"caption\":\"Infos Droits Humains\"},\"image\":{\"@id\":\"https:\\\/\\\/infos-droitshumains.net\\\/#\\\/schema\\\/logo\\\/image\\\/\"}},{\"@type\":\"Person\",\"@id\":\"https:\\\/\\\/infos-droitshumains.net\\\/#\\\/schema\\\/person\\\/3dc5e921c3302172e0ed4362f96faab7\",\"name\":\"Jo\u00ebl Diawa\",\"image\":{\"@type\":\"ImageObject\",\"inLanguage\":\"fr-FR\",\"@id\":\"https:\\\/\\\/secure.gravatar.com\\\/avatar\\\/729bea6ff4604c624417803c477363be8e3c7186deaa65713313f9b4b820f41c?s=96&d=mm&r=g\",\"url\":\"https:\\\/\\\/secure.gravatar.com\\\/avatar\\\/729bea6ff4604c624417803c477363be8e3c7186deaa65713313f9b4b820f41c?s=96&d=mm&r=g\",\"contentUrl\":\"https:\\\/\\\/secure.gravatar.com\\\/avatar\\\/729bea6ff4604c624417803c477363be8e3c7186deaa65713313f9b4b820f41c?s=96&d=mm&r=g\",\"caption\":\"Jo\u00ebl Diawa\"},\"sameAs\":[\"https:\\\/\\\/www.infos-droitshumains.net\"],\"url\":\"https:\\\/\\\/infos-droitshumains.net\\\/?author=2\"}]}<\/script>\n<!-- \/ Yoast SEO plugin. -->","yoast_head_json":{"title":"Parquet pr\u00e8s le Tripaix de Kinshasa\/Pont Kasa-Vubu\u00a0: 32 nouveaux substituts du procureur de la R\u00e9publique pr\u00eatent serment - Infos Droits Humains","robots":{"index":"index","follow":"follow","max-snippet":"max-snippet:-1","max-image-preview":"max-image-preview:large","max-video-preview":"max-video-preview:-1"},"canonical":"https:\/\/infos-droitshumains.net\/?p=9104","og_locale":"fr_FR","og_type":"article","og_title":"Parquet pr\u00e8s le Tripaix de Kinshasa\/Pont Kasa-Vubu\u00a0: 32 nouveaux substituts du procureur de la R\u00e9publique pr\u00eatent serment - Infos Droits Humains","og_description":"R\u00e9daction:+243817406088 C\u2019\u00e9tait un vendredi tr\u00e8s mouvement au parquet pr\u00e8s le Tribunal de Grande Instance de...","og_url":"https:\/\/infos-droitshumains.net\/?p=9104","og_site_name":"Infos Droits Humains","article_published_time":"2024-02-17T20:11:17+00:00","article_modified_time":"2024-02-17T20:21:44+00:00","og_image":[{"width":1040,"height":468,"url":"https:\/\/infos-droitshumains.net\/wp-content\/uploads\/2024\/02\/IMG_20240216_124754_637.jpg","type":"image\/jpeg"}],"author":"Jo\u00ebl Diawa","twitter_card":"summary_large_image","twitter_misc":{"\u00c9crit par":"Jo\u00ebl Diawa","Dur\u00e9e de lecture estim\u00e9e":"2 minutes"},"schema":{"@context":"https:\/\/schema.org","@graph":[{"@type":"Article","@id":"https:\/\/infos-droitshumains.net\/?p=9104#article","isPartOf":{"@id":"https:\/\/infos-droitshumains.net\/?p=9104"},"author":{"name":"Jo\u00ebl Diawa","@id":"https:\/\/infos-droitshumains.net\/#\/schema\/person\/3dc5e921c3302172e0ed4362f96faab7"},"headline":"Parquet pr\u00e8s le Tripaix de Kinshasa\/Pont Kasa-Vubu\u00a0: 32 nouveaux substituts du procureur de la R\u00e9publique pr\u00eatent serment","datePublished":"2024-02-17T20:11:17+00:00","dateModified":"2024-02-17T20:21:44+00:00","mainEntityOfPage":{"@id":"https:\/\/infos-droitshumains.net\/?p=9104"},"wordCount":334,"commentCount":0,"publisher":{"@id":"https:\/\/infos-droitshumains.net\/#organization"},"image":{"@id":"https:\/\/infos-droitshumains.net\/?p=9104#primaryimage"},"thumbnailUrl":"https:\/\/i0.wp.com\/infos-droitshumains.net\/wp-content\/uploads\/2024\/02\/IMG_20240216_124754_637.jpg?fit=1040%2C468&ssl=1","articleSection":["Justice"],"inLanguage":"fr-FR","potentialAction":[{"@type":"CommentAction","name":"Comment","target":["https:\/\/infos-droitshumains.net\/?p=9104#respond"]}]},{"@type":"WebPage","@id":"https:\/\/infos-droitshumains.net\/?p=9104","url":"https:\/\/infos-droitshumains.net\/?p=9104","name":"Parquet pr\u00e8s le Tripaix de Kinshasa\/Pont Kasa-Vubu\u00a0: 32 nouveaux substituts du procureur de la R\u00e9publique pr\u00eatent serment - Infos Droits Humains","isPartOf":{"@id":"https:\/\/infos-droitshumains.net\/#website"},"primaryImageOfPage":{"@id":"https:\/\/infos-droitshumains.net\/?p=9104#primaryimage"},"image":{"@id":"https:\/\/infos-droitshumains.net\/?p=9104#primaryimage"},"thumbnailUrl":"https:\/\/i0.wp.com\/infos-droitshumains.net\/wp-content\/uploads\/2024\/02\/IMG_20240216_124754_637.jpg?fit=1040%2C468&ssl=1","datePublished":"2024-02-17T20:11:17+00:00","dateModified":"2024-02-17T20:21:44+00:00","breadcrumb":{"@id":"https:\/\/infos-droitshumains.net\/?p=9104#breadcrumb"},"inLanguage":"fr-FR","potentialAction":[{"@type":"ReadAction","target":["https:\/\/infos-droitshumains.net\/?p=9104"]}]},{"@type":"ImageObject","inLanguage":"fr-FR","@id":"https:\/\/infos-droitshumains.net\/?p=9104#primaryimage","url":"https:\/\/i0.wp.com\/infos-droitshumains.net\/wp-content\/uploads\/2024\/02\/IMG_20240216_124754_637.jpg?fit=1040%2C468&ssl=1","contentUrl":"https:\/\/i0.wp.com\/infos-droitshumains.net\/wp-content\/uploads\/2024\/02\/IMG_20240216_124754_637.jpg?fit=1040%2C468&ssl=1","width":1040,"height":468},{"@type":"BreadcrumbList","@id":"https:\/\/infos-droitshumains.net\/?p=9104#breadcrumb","itemListElement":[{"@type":"ListItem","position":1,"name":"Accueil","item":"https:\/\/infos-droitshumains.net\/"},{"@type":"ListItem","position":2,"name":"Parquet pr\u00e8s le Tripaix de Kinshasa\/Pont Kasa-Vubu\u00a0: 32 nouveaux substituts du procureur de la R\u00e9publique pr\u00eatent serment"}]},{"@type":"WebSite","@id":"https:\/\/infos-droitshumains.net\/#website","url":"https:\/\/infos-droitshumains.net\/","name":"Infos Droits Humains","description":"S&#039;informer est un droit","publisher":{"@id":"https:\/\/infos-droitshumains.net\/#organization"},"potentialAction":[{"@type":"SearchAction","target":{"@type":"EntryPoint","urlTemplate":"https:\/\/infos-droitshumains.net\/?s={search_term_string}"},"query-input":{"@type":"PropertyValueSpecification","valueRequired":true,"valueName":"search_term_string"}}],"inLanguage":"fr-FR"},{"@type":"Organization","@id":"https:\/\/infos-droitshumains.net\/#organization","name":"Infos Droits Humains","url":"https:\/\/infos-droitshumains.net\/","logo":{"@type":"ImageObject","inLanguage":"fr-FR","@id":"https:\/\/infos-droitshumains.net\/#\/schema\/logo\/image\/","url":"https:\/\/i0.wp.com\/infos-droitshumains.net\/wp-content\/uploads\/2022\/05\/Logo.png?fit=333%2C129&ssl=1","contentUrl":"https:\/\/i0.wp.com\/infos-droitshumains.net\/wp-content\/uploads\/2022\/05\/Logo.png?fit=333%2C129&ssl=1","width":333,"height":129,"caption":"Infos Droits Humains"},"image":{"@id":"https:\/\/infos-droitshumains.net\/#\/schema\/logo\/image\/"}},{"@type":"Person","@id":"https:\/\/infos-droitshumains.net\/#\/schema\/person\/3dc5e921c3302172e0ed4362f96faab7","name":"Jo\u00ebl Diawa","image":{"@type":"ImageObject","inLanguage":"fr-FR","@id":"https:\/\/secure.gravatar.com\/avatar\/729bea6ff4604c624417803c477363be8e3c7186deaa65713313f9b4b820f41c?s=96&d=mm&r=g","url":"https:\/\/secure.gravatar.com\/avatar\/729bea6ff4604c624417803c477363be8e3c7186deaa65713313f9b4b820f41c?s=96&d=mm&r=g","contentUrl":"https:\/\/secure.gravatar.com\/avatar\/729bea6ff4604c624417803c477363be8e3c7186deaa65713313f9b4b820f41c?s=96&d=mm&r=g","caption":"Jo\u00ebl Diawa"},"sameAs":["https:\/\/www.infos-droitshumains.net"],"url":"https:\/\/infos-droitshumains.net\/?author=2"}]}},"featured_image_urls":{"full":["https:\/\/i0.wp.com\/infos-droitshumains.net\/wp-content\/uploads\/2024\/02\/IMG_20240216_124754_637.jpg?fit=1040%2C468&ssl=1",1040,468,false],"thumbnail":["https:\/\/i0.wp.com\/infos-droitshumains.net\/wp-content\/uploads\/2024\/02\/IMG_20240216_124754_637.jpg?resize=150%2C150&ssl=1",150,150,true],"medium":["https:\/\/i0.wp.com\/infos-droitshumains.net\/wp-content\/uploads\/2024\/02\/IMG_20240216_124754_637.jpg?fit=300%2C135&ssl=1",300,135,true],"medium_large":["https:\/\/i0.wp.com\/infos-droitshumains.net\/wp-content\/uploads\/2024\/02\/IMG_20240216_124754_637.jpg?fit=640%2C288&ssl=1",640,288,true],"large":["https:\/\/i0.wp.com\/infos-droitshumains.net\/wp-content\/uploads\/2024\/02\/IMG_20240216_124754_637.jpg?fit=640%2C288&ssl=1",640,288,true],"1536x1536":["https:\/\/i0.wp.com\/infos-droitshumains.net\/wp-content\/uploads\/2024\/02\/IMG_20240216_124754_637.jpg?fit=1040%2C468&ssl=1",1040,468,true],"2048x2048":["https:\/\/i0.wp.com\/infos-droitshumains.net\/wp-content\/uploads\/2024\/02\/IMG_20240216_124754_637.jpg?fit=1040%2C468&ssl=1",1040,468,true],"covernews-slider-full":["https:\/\/i0.wp.com\/infos-droitshumains.net\/wp-content\/uploads\/2024\/02\/IMG_20240216_124754_637.jpg?resize=1040%2C468&ssl=1",1040,468,true],"covernews-slider-center":["https:\/\/i0.wp.com\/infos-droitshumains.net\/wp-content\/uploads\/2024\/02\/IMG_20240216_124754_637.jpg?resize=800%2C468&ssl=1",800,468,true],"covernews-featured":["https:\/\/i0.wp.com\/infos-droitshumains.net\/wp-content\/uploads\/2024\/02\/IMG_20240216_124754_637.jpg?fit=1024%2C461&ssl=1",1024,461,true],"covernews-medium":["https:\/\/i0.wp.com\/infos-droitshumains.net\/wp-content\/uploads\/2024\/02\/IMG_20240216_124754_637.jpg?resize=540%2C340&ssl=1",540,340,true],"covernews-medium-square":["https:\/\/i0.wp.com\/infos-droitshumains.net\/wp-content\/uploads\/2024\/02\/IMG_20240216_124754_637.jpg?resize=400%2C250&ssl=1",400,250,true]},"author_info":{"display_name":"Jo\u00ebl Diawa","author_link":"https:\/\/infos-droitshumains.net\/?author=2"},"category_info":"<a href=\"https:\/\/infos-droitshumains.net\/?cat=6\" rel=\"category\">Justice<\/a>","tag_info":"Justice","comment_count":"0","jetpack_featured_media_url":"https:\/\/i0.wp.com\/infos-droitshumains.net\/wp-content\/uploads\/2024\/02\/IMG_20240216_124754_637.jpg?fit=1040%2C468&ssl=1","jetpack-related-posts":[],"jetpack_sharing_enabled":true,"_links":{"self":[{"href":"https:\/\/infos-droitshumains.net\/index.php?rest_route=\/wp\/v2\/posts\/9104","targetHints":{"allow":["GET"]}}],"collection":[{"href":"https:\/\/infos-droitshumains.net\/index.php?rest_route=\/wp\/v2\/posts"}],"about":[{"href":"https:\/\/infos-droitshumains.net\/index.php?rest_route=\/wp\/v2\/types\/post"}],"author":[{"embeddable":true,"href":"https:\/\/infos-droitshumains.net\/index.php?rest_route=\/wp\/v2\/users\/2"}],"replies":[{"embeddable":true,"href":"https:\/\/infos-droitshumains.net\/index.php?rest_route=%2Fwp%2Fv2%2Fcomments&post=9104"}],"version-history":[{"count":2,"href":"https:\/\/infos-droitshumains.net\/index.php?rest_route=\/wp\/v2\/posts\/9104\/revisions"}],"predecessor-version":[{"id":9110,"href":"https:\/\/infos-droitshumains.net\/index.php?rest_route=\/wp\/v2\/posts\/9104\/revisions\/9110"}],"wp:featuredmedia":[{"embeddable":true,"href":"https:\/\/infos-droitshumains.net\/index.php?rest_route=\/wp\/v2\/media\/9112"}],"wp:attachment":[{"href":"https:\/\/infos-droitshumains.net\/index.php?rest_route=%2Fwp%2Fv2%2Fmedia&parent=9104"}],"wp:term":[{"taxonomy":"category","embeddable":true,"href":"https:\/\/infos-droitshumains.net\/index.php?rest_route=%2Fwp%2Fv2%2Fcategories&post=9104"},{"taxonomy":"post_tag","embeddable":true,"href":"https:\/\/infos-droitshumains.net\/index.php?rest_route=%2Fwp%2Fv2%2Ftags&post=9104"}],"curies":[{"name":"wp","href":"https:\/\/api.w.org\/{rel}","templated":true}]}}