{"id":9101,"date":"2024-02-17T21:08:54","date_gmt":"2024-02-17T20:08:54","guid":{"rendered":"https:\/\/infos-droitshumains.net\/?p=9101"},"modified":"2024-02-17T21:15:16","modified_gmt":"2024-02-17T20:15:16","slug":"rdc-deux-greffieres-du-tribunal-de-paix-de-kinshasa-matete-condamnees-a-deux-ans-de-prison","status":"publish","type":"post","link":"https:\/\/infos-droitshumains.net\/?p=9101","title":{"rendered":"RDC\u00a0: Deux greffi\u00e8res du Tribunal de Paix de Kinshasa\/Matete condamn\u00e9es \u00e0 deux ans de prison"},"content":{"rendered":"\n<p><strong>R\u00e9daction:+243817406088<\/strong><\/p>\n\n\n\n<h4 class=\"wp-block-heading has-vivid-red-color has-text-color has-link-color wp-elements-2d7c26c26f23d84218eb2f73bec99fde\">Trois greffi\u00e8res du Tribunal de Paix de Kinshasa\/Matete sont pass\u00e9es en proc\u00e9dure de flagrance ce vendredi 16 f\u00e9vrier 2024 par devant le Tribunal de Grande Instance de Kinshasa\/Matete. Il s\u2019agit de Gloria, Fideline et Nana. La premi\u00e8re est greffi\u00e8re en chef alors que la troisi\u00e8me est compte du greffe.<\/h4>\n\n\n\n<p>Ces trois fonctionnaires du minist\u00e8re de la justice \u00e9taient poursuivis pour faux en \u00e9criture et son usage. Il leur est plus pr\u00e9cis\u00e9ment reproch\u00e9 d\u2019avoir, par coop\u00e9ration directe, d\u00e9natur\u00e9 l\u2019existence d\u2019un dossier. Les faits se sont produits le 9 f\u00e9vrier 2024. A en croire l\u2019organe poursuivant, ces greffi\u00e8res auraient \u00e9tablis un dossier parall\u00e8le en attribuant m\u00eame une chambre alors qu\u2019il existait d\u00e9j\u00e0 un autre dossier sur la m\u00eame cause qui se trouvait d\u00e9j\u00e0 sur la table de la Pr\u00e9sidente du Tribunal.<\/p>\n\n\n\n<p>Les conseils des pr\u00e9venus ont soulev\u00e9s quelques pr\u00e9alables parmi lesquels, l\u2019incomp\u00e9tence mat\u00e9riel du tribunal car, c\u2019est <em>\u00ab&nbsp;l\u2019article 124 du code des proc\u00e9dures p\u00e9nales qui est d\u2019application en lieu et place de l\u2019article 125&nbsp;\u00bb. <\/em>Il y a \u00e9galement la probl\u00e9matique du <em>\u00ab&nbsp;temps&nbsp;voisin&nbsp;\u00bb<\/em> qui avait \u00e9t\u00e9 soulev\u00e9 car estiment-ils, l\u2019infraction auraient \u00e9t\u00e9 commise depuis le 9 f\u00e9vrier faute de laquelle, les pr\u00e9venues n\u2019auraient pas du \u00eatre poursuivies en proc\u00e9dure de flagrance.<\/p>\n\n\n\n<p>Le tribunal passe outre ces moyens et s\u2019est d\u00e9clar\u00e9 comp\u00e9tent avant de retenir l\u2019infraction de faux en \u00e9criture pour les pr\u00e9venues Gloria et Fideline et les condamn\u00e9s \u00e0 deux ans de servitude p\u00e9nale principale&nbsp;; la compte Nana a quant \u00e0 elle \u00e9t\u00e9 disculp\u00e9. Les deux condamn\u00e9es au directement \u00e9t\u00e9 transf\u00e9r\u00e9es \u00e0 la prison centrale de Makala o\u00f9 elles devront purger leur peine.<\/p>\n\n\n\n<p>Jo\u00ebl Diawa<\/p>\n","protected":false},"excerpt":{"rendered":"<p>R\u00e9daction:+243817406088 Trois greffi\u00e8res du Tribunal de Paix de Kinshasa\/Matete sont pass\u00e9es en proc\u00e9dure de flagrance&#8230;<\/p>\n","protected":false},"author":2,"featured_media":9107,"comment_status":"open","ping_status":"open","sticky":false,"template":"","format":"standard","meta":{"_jetpack_memberships_contains_paid_content":false,"footnotes":""},"categories":[6],"tags":[],"class_list":["post-9101","post","type-post","status-publish","format-standard","has-post-thumbnail","hentry","category-justice"],"yoast_head":"<!-- This site is optimized with the Yoast SEO plugin v27.5 - https:\/\/yoast.com\/product\/yoast-seo-wordpress\/ -->\n<title>RDC\u00a0: Deux greffi\u00e8res du Tribunal de Paix de Kinshasa\/Matete condamn\u00e9es \u00e0 deux ans de prison - Infos Droits Humains<\/title>\n<meta name=\"robots\" content=\"index, follow, max-snippet:-1, max-image-preview:large, max-video-preview:-1\" \/>\n<link rel=\"canonical\" href=\"https:\/\/infos-droitshumains.net\/?p=9101\" \/>\n<meta property=\"og:locale\" content=\"fr_FR\" \/>\n<meta property=\"og:type\" content=\"article\" \/>\n<meta property=\"og:title\" content=\"RDC\u00a0: Deux greffi\u00e8res du Tribunal de Paix de Kinshasa\/Matete condamn\u00e9es \u00e0 deux ans de prison - Infos Droits Humains\" \/>\n<meta property=\"og:description\" content=\"R\u00e9daction:+243817406088 Trois greffi\u00e8res du Tribunal de Paix de Kinshasa\/Matete sont pass\u00e9es en proc\u00e9dure de flagrance...\" \/>\n<meta property=\"og:url\" content=\"https:\/\/infos-droitshumains.net\/?p=9101\" \/>\n<meta property=\"og:site_name\" content=\"Infos Droits Humains\" \/>\n<meta property=\"article:published_time\" content=\"2024-02-17T20:08:54+00:00\" \/>\n<meta property=\"article:modified_time\" content=\"2024-02-17T20:15:16+00:00\" \/>\n<meta property=\"og:image\" content=\"https:\/\/infos-droitshumains.net\/wp-content\/uploads\/2024\/02\/IMG_20240216_170014_936.jpg\" \/>\n\t<meta property=\"og:image:width\" content=\"1040\" \/>\n\t<meta property=\"og:image:height\" content=\"468\" \/>\n\t<meta property=\"og:image:type\" content=\"image\/jpeg\" \/>\n<meta name=\"author\" content=\"Jo\u00ebl Diawa\" \/>\n<meta name=\"twitter:card\" content=\"summary_large_image\" \/>\n<meta name=\"twitter:label1\" content=\"\u00c9crit par\" \/>\n\t<meta name=\"twitter:data1\" content=\"Jo\u00ebl Diawa\" \/>\n\t<meta name=\"twitter:label2\" content=\"Dur\u00e9e de lecture estim\u00e9e\" \/>\n\t<meta name=\"twitter:data2\" content=\"2 minutes\" \/>\n<script type=\"application\/ld+json\" class=\"yoast-schema-graph\">{\"@context\":\"https:\\\/\\\/schema.org\",\"@graph\":[{\"@type\":\"Article\",\"@id\":\"https:\\\/\\\/infos-droitshumains.net\\\/?p=9101#article\",\"isPartOf\":{\"@id\":\"https:\\\/\\\/infos-droitshumains.net\\\/?p=9101\"},\"author\":{\"name\":\"Jo\u00ebl Diawa\",\"@id\":\"https:\\\/\\\/infos-droitshumains.net\\\/#\\\/schema\\\/person\\\/3dc5e921c3302172e0ed4362f96faab7\"},\"headline\":\"RDC\u00a0: Deux greffi\u00e8res du Tribunal de Paix de Kinshasa\\\/Matete condamn\u00e9es \u00e0 deux ans de prison\",\"datePublished\":\"2024-02-17T20:08:54+00:00\",\"dateModified\":\"2024-02-17T20:15:16+00:00\",\"mainEntityOfPage\":{\"@id\":\"https:\\\/\\\/infos-droitshumains.net\\\/?p=9101\"},\"wordCount\":335,\"commentCount\":0,\"publisher\":{\"@id\":\"https:\\\/\\\/infos-droitshumains.net\\\/#organization\"},\"image\":{\"@id\":\"https:\\\/\\\/infos-droitshumains.net\\\/?p=9101#primaryimage\"},\"thumbnailUrl\":\"https:\\\/\\\/i0.wp.com\\\/infos-droitshumains.net\\\/wp-content\\\/uploads\\\/2024\\\/02\\\/IMG_20240216_170014_936.jpg?fit=1040%2C468&ssl=1\",\"articleSection\":[\"Justice\"],\"inLanguage\":\"fr-FR\",\"potentialAction\":[{\"@type\":\"CommentAction\",\"name\":\"Comment\",\"target\":[\"https:\\\/\\\/infos-droitshumains.net\\\/?p=9101#respond\"]}]},{\"@type\":\"WebPage\",\"@id\":\"https:\\\/\\\/infos-droitshumains.net\\\/?p=9101\",\"url\":\"https:\\\/\\\/infos-droitshumains.net\\\/?p=9101\",\"name\":\"RDC\u00a0: Deux greffi\u00e8res du Tribunal de Paix de Kinshasa\\\/Matete condamn\u00e9es \u00e0 deux ans de prison - Infos Droits Humains\",\"isPartOf\":{\"@id\":\"https:\\\/\\\/infos-droitshumains.net\\\/#website\"},\"primaryImageOfPage\":{\"@id\":\"https:\\\/\\\/infos-droitshumains.net\\\/?p=9101#primaryimage\"},\"image\":{\"@id\":\"https:\\\/\\\/infos-droitshumains.net\\\/?p=9101#primaryimage\"},\"thumbnailUrl\":\"https:\\\/\\\/i0.wp.com\\\/infos-droitshumains.net\\\/wp-content\\\/uploads\\\/2024\\\/02\\\/IMG_20240216_170014_936.jpg?fit=1040%2C468&ssl=1\",\"datePublished\":\"2024-02-17T20:08:54+00:00\",\"dateModified\":\"2024-02-17T20:15:16+00:00\",\"breadcrumb\":{\"@id\":\"https:\\\/\\\/infos-droitshumains.net\\\/?p=9101#breadcrumb\"},\"inLanguage\":\"fr-FR\",\"potentialAction\":[{\"@type\":\"ReadAction\",\"target\":[\"https:\\\/\\\/infos-droitshumains.net\\\/?p=9101\"]}]},{\"@type\":\"ImageObject\",\"inLanguage\":\"fr-FR\",\"@id\":\"https:\\\/\\\/infos-droitshumains.net\\\/?p=9101#primaryimage\",\"url\":\"https:\\\/\\\/i0.wp.com\\\/infos-droitshumains.net\\\/wp-content\\\/uploads\\\/2024\\\/02\\\/IMG_20240216_170014_936.jpg?fit=1040%2C468&ssl=1\",\"contentUrl\":\"https:\\\/\\\/i0.wp.com\\\/infos-droitshumains.net\\\/wp-content\\\/uploads\\\/2024\\\/02\\\/IMG_20240216_170014_936.jpg?fit=1040%2C468&ssl=1\",\"width\":1040,\"height\":468},{\"@type\":\"BreadcrumbList\",\"@id\":\"https:\\\/\\\/infos-droitshumains.net\\\/?p=9101#breadcrumb\",\"itemListElement\":[{\"@type\":\"ListItem\",\"position\":1,\"name\":\"Accueil\",\"item\":\"https:\\\/\\\/infos-droitshumains.net\\\/\"},{\"@type\":\"ListItem\",\"position\":2,\"name\":\"RDC\u00a0: Deux greffi\u00e8res du Tribunal de Paix de Kinshasa\\\/Matete condamn\u00e9es \u00e0 deux ans de prison\"}]},{\"@type\":\"WebSite\",\"@id\":\"https:\\\/\\\/infos-droitshumains.net\\\/#website\",\"url\":\"https:\\\/\\\/infos-droitshumains.net\\\/\",\"name\":\"Infos Droits Humains\",\"description\":\"S&#039;informer est un droit\",\"publisher\":{\"@id\":\"https:\\\/\\\/infos-droitshumains.net\\\/#organization\"},\"potentialAction\":[{\"@type\":\"SearchAction\",\"target\":{\"@type\":\"EntryPoint\",\"urlTemplate\":\"https:\\\/\\\/infos-droitshumains.net\\\/?s={search_term_string}\"},\"query-input\":{\"@type\":\"PropertyValueSpecification\",\"valueRequired\":true,\"valueName\":\"search_term_string\"}}],\"inLanguage\":\"fr-FR\"},{\"@type\":\"Organization\",\"@id\":\"https:\\\/\\\/infos-droitshumains.net\\\/#organization\",\"name\":\"Infos Droits Humains\",\"url\":\"https:\\\/\\\/infos-droitshumains.net\\\/\",\"logo\":{\"@type\":\"ImageObject\",\"inLanguage\":\"fr-FR\",\"@id\":\"https:\\\/\\\/infos-droitshumains.net\\\/#\\\/schema\\\/logo\\\/image\\\/\",\"url\":\"https:\\\/\\\/i0.wp.com\\\/infos-droitshumains.net\\\/wp-content\\\/uploads\\\/2022\\\/05\\\/Logo.png?fit=333%2C129&ssl=1\",\"contentUrl\":\"https:\\\/\\\/i0.wp.com\\\/infos-droitshumains.net\\\/wp-content\\\/uploads\\\/2022\\\/05\\\/Logo.png?fit=333%2C129&ssl=1\",\"width\":333,\"height\":129,\"caption\":\"Infos Droits Humains\"},\"image\":{\"@id\":\"https:\\\/\\\/infos-droitshumains.net\\\/#\\\/schema\\\/logo\\\/image\\\/\"}},{\"@type\":\"Person\",\"@id\":\"https:\\\/\\\/infos-droitshumains.net\\\/#\\\/schema\\\/person\\\/3dc5e921c3302172e0ed4362f96faab7\",\"name\":\"Jo\u00ebl Diawa\",\"image\":{\"@type\":\"ImageObject\",\"inLanguage\":\"fr-FR\",\"@id\":\"https:\\\/\\\/secure.gravatar.com\\\/avatar\\\/729bea6ff4604c624417803c477363be8e3c7186deaa65713313f9b4b820f41c?s=96&d=mm&r=g\",\"url\":\"https:\\\/\\\/secure.gravatar.com\\\/avatar\\\/729bea6ff4604c624417803c477363be8e3c7186deaa65713313f9b4b820f41c?s=96&d=mm&r=g\",\"contentUrl\":\"https:\\\/\\\/secure.gravatar.com\\\/avatar\\\/729bea6ff4604c624417803c477363be8e3c7186deaa65713313f9b4b820f41c?s=96&d=mm&r=g\",\"caption\":\"Jo\u00ebl Diawa\"},\"sameAs\":[\"https:\\\/\\\/www.infos-droitshumains.net\"],\"url\":\"https:\\\/\\\/infos-droitshumains.net\\\/?author=2\"}]}<\/script>\n<!-- \/ Yoast SEO plugin. -->","yoast_head_json":{"title":"RDC\u00a0: Deux greffi\u00e8res du Tribunal de Paix de Kinshasa\/Matete condamn\u00e9es \u00e0 deux ans de prison - Infos Droits Humains","robots":{"index":"index","follow":"follow","max-snippet":"max-snippet:-1","max-image-preview":"max-image-preview:large","max-video-preview":"max-video-preview:-1"},"canonical":"https:\/\/infos-droitshumains.net\/?p=9101","og_locale":"fr_FR","og_type":"article","og_title":"RDC\u00a0: Deux greffi\u00e8res du Tribunal de Paix de Kinshasa\/Matete condamn\u00e9es \u00e0 deux ans de prison - Infos Droits Humains","og_description":"R\u00e9daction:+243817406088 Trois greffi\u00e8res du Tribunal de Paix de Kinshasa\/Matete sont pass\u00e9es en proc\u00e9dure de flagrance...","og_url":"https:\/\/infos-droitshumains.net\/?p=9101","og_site_name":"Infos Droits Humains","article_published_time":"2024-02-17T20:08:54+00:00","article_modified_time":"2024-02-17T20:15:16+00:00","og_image":[{"width":1040,"height":468,"url":"https:\/\/infos-droitshumains.net\/wp-content\/uploads\/2024\/02\/IMG_20240216_170014_936.jpg","type":"image\/jpeg"}],"author":"Jo\u00ebl Diawa","twitter_card":"summary_large_image","twitter_misc":{"\u00c9crit par":"Jo\u00ebl Diawa","Dur\u00e9e de lecture estim\u00e9e":"2 minutes"},"schema":{"@context":"https:\/\/schema.org","@graph":[{"@type":"Article","@id":"https:\/\/infos-droitshumains.net\/?p=9101#article","isPartOf":{"@id":"https:\/\/infos-droitshumains.net\/?p=9101"},"author":{"name":"Jo\u00ebl Diawa","@id":"https:\/\/infos-droitshumains.net\/#\/schema\/person\/3dc5e921c3302172e0ed4362f96faab7"},"headline":"RDC\u00a0: Deux greffi\u00e8res du Tribunal de Paix de Kinshasa\/Matete condamn\u00e9es \u00e0 deux ans de prison","datePublished":"2024-02-17T20:08:54+00:00","dateModified":"2024-02-17T20:15:16+00:00","mainEntityOfPage":{"@id":"https:\/\/infos-droitshumains.net\/?p=9101"},"wordCount":335,"commentCount":0,"publisher":{"@id":"https:\/\/infos-droitshumains.net\/#organization"},"image":{"@id":"https:\/\/infos-droitshumains.net\/?p=9101#primaryimage"},"thumbnailUrl":"https:\/\/i0.wp.com\/infos-droitshumains.net\/wp-content\/uploads\/2024\/02\/IMG_20240216_170014_936.jpg?fit=1040%2C468&ssl=1","articleSection":["Justice"],"inLanguage":"fr-FR","potentialAction":[{"@type":"CommentAction","name":"Comment","target":["https:\/\/infos-droitshumains.net\/?p=9101#respond"]}]},{"@type":"WebPage","@id":"https:\/\/infos-droitshumains.net\/?p=9101","url":"https:\/\/infos-droitshumains.net\/?p=9101","name":"RDC\u00a0: Deux greffi\u00e8res du Tribunal de Paix de Kinshasa\/Matete condamn\u00e9es \u00e0 deux ans de prison - Infos Droits Humains","isPartOf":{"@id":"https:\/\/infos-droitshumains.net\/#website"},"primaryImageOfPage":{"@id":"https:\/\/infos-droitshumains.net\/?p=9101#primaryimage"},"image":{"@id":"https:\/\/infos-droitshumains.net\/?p=9101#primaryimage"},"thumbnailUrl":"https:\/\/i0.wp.com\/infos-droitshumains.net\/wp-content\/uploads\/2024\/02\/IMG_20240216_170014_936.jpg?fit=1040%2C468&ssl=1","datePublished":"2024-02-17T20:08:54+00:00","dateModified":"2024-02-17T20:15:16+00:00","breadcrumb":{"@id":"https:\/\/infos-droitshumains.net\/?p=9101#breadcrumb"},"inLanguage":"fr-FR","potentialAction":[{"@type":"ReadAction","target":["https:\/\/infos-droitshumains.net\/?p=9101"]}]},{"@type":"ImageObject","inLanguage":"fr-FR","@id":"https:\/\/infos-droitshumains.net\/?p=9101#primaryimage","url":"https:\/\/i0.wp.com\/infos-droitshumains.net\/wp-content\/uploads\/2024\/02\/IMG_20240216_170014_936.jpg?fit=1040%2C468&ssl=1","contentUrl":"https:\/\/i0.wp.com\/infos-droitshumains.net\/wp-content\/uploads\/2024\/02\/IMG_20240216_170014_936.jpg?fit=1040%2C468&ssl=1","width":1040,"height":468},{"@type":"BreadcrumbList","@id":"https:\/\/infos-droitshumains.net\/?p=9101#breadcrumb","itemListElement":[{"@type":"ListItem","position":1,"name":"Accueil","item":"https:\/\/infos-droitshumains.net\/"},{"@type":"ListItem","position":2,"name":"RDC\u00a0: Deux greffi\u00e8res du Tribunal de Paix de Kinshasa\/Matete condamn\u00e9es \u00e0 deux ans de prison"}]},{"@type":"WebSite","@id":"https:\/\/infos-droitshumains.net\/#website","url":"https:\/\/infos-droitshumains.net\/","name":"Infos Droits Humains","description":"S&#039;informer est un droit","publisher":{"@id":"https:\/\/infos-droitshumains.net\/#organization"},"potentialAction":[{"@type":"SearchAction","target":{"@type":"EntryPoint","urlTemplate":"https:\/\/infos-droitshumains.net\/?s={search_term_string}"},"query-input":{"@type":"PropertyValueSpecification","valueRequired":true,"valueName":"search_term_string"}}],"inLanguage":"fr-FR"},{"@type":"Organization","@id":"https:\/\/infos-droitshumains.net\/#organization","name":"Infos Droits Humains","url":"https:\/\/infos-droitshumains.net\/","logo":{"@type":"ImageObject","inLanguage":"fr-FR","@id":"https:\/\/infos-droitshumains.net\/#\/schema\/logo\/image\/","url":"https:\/\/i0.wp.com\/infos-droitshumains.net\/wp-content\/uploads\/2022\/05\/Logo.png?fit=333%2C129&ssl=1","contentUrl":"https:\/\/i0.wp.com\/infos-droitshumains.net\/wp-content\/uploads\/2022\/05\/Logo.png?fit=333%2C129&ssl=1","width":333,"height":129,"caption":"Infos Droits Humains"},"image":{"@id":"https:\/\/infos-droitshumains.net\/#\/schema\/logo\/image\/"}},{"@type":"Person","@id":"https:\/\/infos-droitshumains.net\/#\/schema\/person\/3dc5e921c3302172e0ed4362f96faab7","name":"Jo\u00ebl Diawa","image":{"@type":"ImageObject","inLanguage":"fr-FR","@id":"https:\/\/secure.gravatar.com\/avatar\/729bea6ff4604c624417803c477363be8e3c7186deaa65713313f9b4b820f41c?s=96&d=mm&r=g","url":"https:\/\/secure.gravatar.com\/avatar\/729bea6ff4604c624417803c477363be8e3c7186deaa65713313f9b4b820f41c?s=96&d=mm&r=g","contentUrl":"https:\/\/secure.gravatar.com\/avatar\/729bea6ff4604c624417803c477363be8e3c7186deaa65713313f9b4b820f41c?s=96&d=mm&r=g","caption":"Jo\u00ebl Diawa"},"sameAs":["https:\/\/www.infos-droitshumains.net"],"url":"https:\/\/infos-droitshumains.net\/?author=2"}]}},"featured_image_urls":{"full":["https:\/\/i0.wp.com\/infos-droitshumains.net\/wp-content\/uploads\/2024\/02\/IMG_20240216_170014_936.jpg?fit=1040%2C468&ssl=1",1040,468,false],"thumbnail":["https:\/\/i0.wp.com\/infos-droitshumains.net\/wp-content\/uploads\/2024\/02\/IMG_20240216_170014_936.jpg?resize=150%2C150&ssl=1",150,150,true],"medium":["https:\/\/i0.wp.com\/infos-droitshumains.net\/wp-content\/uploads\/2024\/02\/IMG_20240216_170014_936.jpg?fit=300%2C135&ssl=1",300,135,true],"medium_large":["https:\/\/i0.wp.com\/infos-droitshumains.net\/wp-content\/uploads\/2024\/02\/IMG_20240216_170014_936.jpg?fit=640%2C288&ssl=1",640,288,true],"large":["https:\/\/i0.wp.com\/infos-droitshumains.net\/wp-content\/uploads\/2024\/02\/IMG_20240216_170014_936.jpg?fit=640%2C288&ssl=1",640,288,true],"1536x1536":["https:\/\/i0.wp.com\/infos-droitshumains.net\/wp-content\/uploads\/2024\/02\/IMG_20240216_170014_936.jpg?fit=1040%2C468&ssl=1",1040,468,true],"2048x2048":["https:\/\/i0.wp.com\/infos-droitshumains.net\/wp-content\/uploads\/2024\/02\/IMG_20240216_170014_936.jpg?fit=1040%2C468&ssl=1",1040,468,true],"covernews-slider-full":["https:\/\/i0.wp.com\/infos-droitshumains.net\/wp-content\/uploads\/2024\/02\/IMG_20240216_170014_936.jpg?resize=1040%2C468&ssl=1",1040,468,true],"covernews-slider-center":["https:\/\/i0.wp.com\/infos-droitshumains.net\/wp-content\/uploads\/2024\/02\/IMG_20240216_170014_936.jpg?resize=800%2C468&ssl=1",800,468,true],"covernews-featured":["https:\/\/i0.wp.com\/infos-droitshumains.net\/wp-content\/uploads\/2024\/02\/IMG_20240216_170014_936.jpg?fit=1024%2C461&ssl=1",1024,461,true],"covernews-medium":["https:\/\/i0.wp.com\/infos-droitshumains.net\/wp-content\/uploads\/2024\/02\/IMG_20240216_170014_936.jpg?resize=540%2C340&ssl=1",540,340,true],"covernews-medium-square":["https:\/\/i0.wp.com\/infos-droitshumains.net\/wp-content\/uploads\/2024\/02\/IMG_20240216_170014_936.jpg?resize=400%2C250&ssl=1",400,250,true]},"author_info":{"display_name":"Jo\u00ebl Diawa","author_link":"https:\/\/infos-droitshumains.net\/?author=2"},"category_info":"<a href=\"https:\/\/infos-droitshumains.net\/?cat=6\" rel=\"category\">Justice<\/a>","tag_info":"Justice","comment_count":"0","jetpack_featured_media_url":"https:\/\/i0.wp.com\/infos-droitshumains.net\/wp-content\/uploads\/2024\/02\/IMG_20240216_170014_936.jpg?fit=1040%2C468&ssl=1","jetpack-related-posts":[],"jetpack_sharing_enabled":true,"_links":{"self":[{"href":"https:\/\/infos-droitshumains.net\/index.php?rest_route=\/wp\/v2\/posts\/9101","targetHints":{"allow":["GET"]}}],"collection":[{"href":"https:\/\/infos-droitshumains.net\/index.php?rest_route=\/wp\/v2\/posts"}],"about":[{"href":"https:\/\/infos-droitshumains.net\/index.php?rest_route=\/wp\/v2\/types\/post"}],"author":[{"embeddable":true,"href":"https:\/\/infos-droitshumains.net\/index.php?rest_route=\/wp\/v2\/users\/2"}],"replies":[{"embeddable":true,"href":"https:\/\/infos-droitshumains.net\/index.php?rest_route=%2Fwp%2Fv2%2Fcomments&post=9101"}],"version-history":[{"count":1,"href":"https:\/\/infos-droitshumains.net\/index.php?rest_route=\/wp\/v2\/posts\/9101\/revisions"}],"predecessor-version":[{"id":9102,"href":"https:\/\/infos-droitshumains.net\/index.php?rest_route=\/wp\/v2\/posts\/9101\/revisions\/9102"}],"wp:featuredmedia":[{"embeddable":true,"href":"https:\/\/infos-droitshumains.net\/index.php?rest_route=\/wp\/v2\/media\/9107"}],"wp:attachment":[{"href":"https:\/\/infos-droitshumains.net\/index.php?rest_route=%2Fwp%2Fv2%2Fmedia&parent=9101"}],"wp:term":[{"taxonomy":"category","embeddable":true,"href":"https:\/\/infos-droitshumains.net\/index.php?rest_route=%2Fwp%2Fv2%2Fcategories&post=9101"},{"taxonomy":"post_tag","embeddable":true,"href":"https:\/\/infos-droitshumains.net\/index.php?rest_route=%2Fwp%2Fv2%2Ftags&post=9101"}],"curies":[{"name":"wp","href":"https:\/\/api.w.org\/{rel}","templated":true}]}}