{"id":9016,"date":"2024-02-08T23:06:59","date_gmt":"2024-02-08T22:06:59","guid":{"rendered":"https:\/\/infos-droitshumains.net\/?p=9016"},"modified":"2024-02-09T09:27:46","modified_gmt":"2024-02-09T08:27:46","slug":"rdc-la-cour-constitutionnelle-lave-le-gouverneur-gentiny-ngobila-mbaka-des-accusations-de-la-ceni-faute-des-preuves-place-aux-contentieux-des-resultats-pour-retrouver-son-siege","status":"publish","type":"post","link":"https:\/\/infos-droitshumains.net\/?p=9016","title":{"rendered":"RDC\u00a0: La Cour Constitutionnelle lave le gouverneur Gentiny Ngobila Mbaka des accusations de la CENI\u00a0faute des preuves, Place aux contentieux des r\u00e9sultats pour retrouver son si\u00e8ge"},"content":{"rendered":"\n<p><strong>R\u00e9daction:+243817406088<\/strong><\/p>\n\n\n\n<h4 class=\"wp-block-heading has-vivid-red-color has-text-color has-link-color wp-elements-fe3dd582b0a39efaf2a0513e16f1b75b\">La Cour Constitutionnelle a rendu ce jeudi 8 f\u00e9vrier 2024, ses arr\u00eats dans le cadre des contentieux des r\u00e9sultats des \u00e9lections l\u00e9gislatives nationales du 20 d\u00e9cembre dernier. Ces arr\u00eats ont essentiellement concern\u00e9s les requ\u00eates d\u2019un peu plus d\u2019une cinquantaine des 80 candidats qui ont vu leurs suffrages \u00eatre annul\u00e9s par la Commission Electorale Nationale Ind\u00e9pendante pour des pr\u00e9tendus griffes de fraude, vandalisme et d\u00e9tention ill\u00e9gale des Dispositifs Electroniques de Vote, DEV.<\/h4>\n\n\n\n<p>Sur cette liste se trouve Gentiny Ngobila, gouverneur de Kinshasa dont les deux requ\u00eates ont \u00e9t\u00e9 jug\u00e9e recevables mais non fond\u00e9e. Il a \u00e9t\u00e9 renseign\u00e9 qu\u2019un laboratoire des fakenews bien organis\u00e9 qui a \u00e9t\u00e9 cr\u00e9\u00e9 dans le but de distiller des fausses informations tenant \u00e0 pris \u00e0 vouloir faire croire \u00e0 l\u2019opinion que&nbsp; les arr\u00eats rendus par la Cour Constitutionnelle ce jeudi 08 f\u00e9vrier 2024 auraient condamn\u00e9s Gentiny Ngobila Mbaka.<\/p>\n\n\n\n<p>Force est de constater que la Cour elle dans ses arr\u00eats, a relev\u00e9 l\u2019incomp\u00e9tence de la CENI \u00e0 pouvoir annuler les suffrages exprim\u00e9s dans un bureau ou centre de vote ainsi que l\u2019invalidation d\u2019un candidat. La Cour s\u2019est alors retrouv\u00e9e en difficult\u00e9 de se prononcer faute de preuves que devrait lui fournir la CENI.<\/p>\n\n\n\n<p>Au cas o\u00f9 fraude \u00e9lectorale, vandalisme ou d\u00e9tention ill\u00e9gale des DEV il y en a comme l\u2019a pr\u00e9tendu la CENI, le pouvoir reviendrait \u00e0 la Cour de Cassation de condamner le pr\u00e9venu dans le cas sous examen certes, apr\u00e8s une plainte de la victime ou une requ\u00eate du Procureur G\u00e9n\u00e9ral. C\u2019est apr\u00e8s une condamnation d\u00e9finitive et irr\u00e9vocable que le gouverneur peut \u00eatre contraint \u00e0 d\u00e9missionner.<\/p>\n\n\n\n<p>Tant qu\u2019il n\u2019y a pas une d\u00e9cision judiciaire coul\u00e9e en force des choses jug\u00e9es dans le sens de la condamnation du gouverneur Gentiny Ngobila, comment voulez-vous qu\u2019une personne pr\u00e9sum\u00e9e innocente se soumette \u00e0 la vindicte populaire tant qu\u2019il ne se reproche de rien.<\/p>\n\n\n\n<p>Toutes ces p\u00e9rip\u00e9ties ne fait l\u2019ombre d\u2019aucun doute que les instigateurs de ces laboratoires caract\u00e9ris\u00e9s par une haine visc\u00e9rale sont jaloux de la confiance dont b\u00e9n\u00e9ficie le num\u00e9ro un de Kinshasa aupr\u00e8s du Chef de l\u2019Etat. Ils ne jurent cependant qu\u2019\u00e0 ternir son image en le pr\u00e9sentant dans l\u2019opinion, comme ils en ont l\u2019habitude, comme le mal de tous les congolais pour ne pas dire de tous les kinois.<\/p>\n\n\n\n<p>Gentiny Ngobila demeure et demeurera un vaillant soldat de F\u00e9lix Tshisekedi. Il reste d\u00e9termin\u00e9 \u00e0 accompagner ce dernier \u00e0 r\u00e9ussir son deuxi\u00e8me mandat.<\/p>\n\n\n\n<p>Jo\u00ebl Diawa<\/p>\n","protected":false},"excerpt":{"rendered":"<p>R\u00e9daction:+243817406088 La Cour Constitutionnelle a rendu ce jeudi 8 f\u00e9vrier 2024, ses arr\u00eats dans le&#8230;<\/p>\n","protected":false},"author":2,"featured_media":9018,"comment_status":"open","ping_status":"open","sticky":false,"template":"","format":"standard","meta":{"_jetpack_memberships_contains_paid_content":false,"footnotes":""},"categories":[6,3],"tags":[],"class_list":["post-9016","post","type-post","status-publish","format-standard","has-post-thumbnail","hentry","category-justice","category-politique"],"yoast_head":"<!-- This site is optimized with the Yoast SEO plugin v27.5 - https:\/\/yoast.com\/product\/yoast-seo-wordpress\/ -->\n<title>RDC\u00a0: La Cour Constitutionnelle lave le gouverneur Gentiny Ngobila Mbaka des accusations de la CENI\u00a0faute des preuves, Place aux contentieux des r\u00e9sultats pour retrouver son si\u00e8ge - Infos Droits Humains<\/title>\n<meta name=\"robots\" content=\"index, follow, max-snippet:-1, max-image-preview:large, max-video-preview:-1\" \/>\n<link rel=\"canonical\" href=\"https:\/\/infos-droitshumains.net\/?p=9016\" \/>\n<meta property=\"og:locale\" content=\"fr_FR\" \/>\n<meta property=\"og:type\" content=\"article\" \/>\n<meta property=\"og:title\" content=\"RDC\u00a0: La Cour Constitutionnelle lave le gouverneur Gentiny Ngobila Mbaka des accusations de la CENI\u00a0faute des preuves, Place aux contentieux des r\u00e9sultats pour retrouver son si\u00e8ge - Infos Droits Humains\" \/>\n<meta property=\"og:description\" content=\"R\u00e9daction:+243817406088 La Cour Constitutionnelle a rendu ce jeudi 8 f\u00e9vrier 2024, ses arr\u00eats dans le...\" \/>\n<meta property=\"og:url\" content=\"https:\/\/infos-droitshumains.net\/?p=9016\" \/>\n<meta property=\"og:site_name\" content=\"Infos Droits Humains\" \/>\n<meta property=\"article:published_time\" content=\"2024-02-08T22:06:59+00:00\" \/>\n<meta property=\"article:modified_time\" content=\"2024-02-09T08:27:46+00:00\" \/>\n<meta property=\"og:image\" content=\"https:\/\/infos-droitshumains.net\/wp-content\/uploads\/2024\/02\/20240208_224743.jpg\" \/>\n\t<meta property=\"og:image:width\" content=\"879\" \/>\n\t<meta property=\"og:image:height\" content=\"928\" \/>\n\t<meta property=\"og:image:type\" content=\"image\/jpeg\" \/>\n<meta name=\"author\" content=\"Jo\u00ebl Diawa\" \/>\n<meta name=\"twitter:card\" content=\"summary_large_image\" \/>\n<meta name=\"twitter:label1\" content=\"\u00c9crit par\" \/>\n\t<meta name=\"twitter:data1\" content=\"Jo\u00ebl Diawa\" \/>\n\t<meta name=\"twitter:label2\" content=\"Dur\u00e9e de lecture estim\u00e9e\" \/>\n\t<meta name=\"twitter:data2\" content=\"3 minutes\" \/>\n<script type=\"application\/ld+json\" class=\"yoast-schema-graph\">{\"@context\":\"https:\\\/\\\/schema.org\",\"@graph\":[{\"@type\":\"Article\",\"@id\":\"https:\\\/\\\/infos-droitshumains.net\\\/?p=9016#article\",\"isPartOf\":{\"@id\":\"https:\\\/\\\/infos-droitshumains.net\\\/?p=9016\"},\"author\":{\"name\":\"Jo\u00ebl Diawa\",\"@id\":\"https:\\\/\\\/infos-droitshumains.net\\\/#\\\/schema\\\/person\\\/3dc5e921c3302172e0ed4362f96faab7\"},\"headline\":\"RDC\u00a0: La Cour Constitutionnelle lave le gouverneur Gentiny Ngobila Mbaka des accusations de la CENI\u00a0faute des preuves, Place aux contentieux des r\u00e9sultats pour retrouver son si\u00e8ge\",\"datePublished\":\"2024-02-08T22:06:59+00:00\",\"dateModified\":\"2024-02-09T08:27:46+00:00\",\"mainEntityOfPage\":{\"@id\":\"https:\\\/\\\/infos-droitshumains.net\\\/?p=9016\"},\"wordCount\":488,\"commentCount\":0,\"publisher\":{\"@id\":\"https:\\\/\\\/infos-droitshumains.net\\\/#organization\"},\"image\":{\"@id\":\"https:\\\/\\\/infos-droitshumains.net\\\/?p=9016#primaryimage\"},\"thumbnailUrl\":\"https:\\\/\\\/i0.wp.com\\\/infos-droitshumains.net\\\/wp-content\\\/uploads\\\/2024\\\/02\\\/20240208_224743.jpg?fit=879%2C928&ssl=1\",\"articleSection\":[\"Justice\",\"Politique\"],\"inLanguage\":\"fr-FR\",\"potentialAction\":[{\"@type\":\"CommentAction\",\"name\":\"Comment\",\"target\":[\"https:\\\/\\\/infos-droitshumains.net\\\/?p=9016#respond\"]}]},{\"@type\":\"WebPage\",\"@id\":\"https:\\\/\\\/infos-droitshumains.net\\\/?p=9016\",\"url\":\"https:\\\/\\\/infos-droitshumains.net\\\/?p=9016\",\"name\":\"RDC\u00a0: La Cour Constitutionnelle lave le gouverneur Gentiny Ngobila Mbaka des accusations de la CENI\u00a0faute des preuves, Place aux contentieux des r\u00e9sultats pour retrouver son si\u00e8ge - Infos Droits Humains\",\"isPartOf\":{\"@id\":\"https:\\\/\\\/infos-droitshumains.net\\\/#website\"},\"primaryImageOfPage\":{\"@id\":\"https:\\\/\\\/infos-droitshumains.net\\\/?p=9016#primaryimage\"},\"image\":{\"@id\":\"https:\\\/\\\/infos-droitshumains.net\\\/?p=9016#primaryimage\"},\"thumbnailUrl\":\"https:\\\/\\\/i0.wp.com\\\/infos-droitshumains.net\\\/wp-content\\\/uploads\\\/2024\\\/02\\\/20240208_224743.jpg?fit=879%2C928&ssl=1\",\"datePublished\":\"2024-02-08T22:06:59+00:00\",\"dateModified\":\"2024-02-09T08:27:46+00:00\",\"breadcrumb\":{\"@id\":\"https:\\\/\\\/infos-droitshumains.net\\\/?p=9016#breadcrumb\"},\"inLanguage\":\"fr-FR\",\"potentialAction\":[{\"@type\":\"ReadAction\",\"target\":[\"https:\\\/\\\/infos-droitshumains.net\\\/?p=9016\"]}]},{\"@type\":\"ImageObject\",\"inLanguage\":\"fr-FR\",\"@id\":\"https:\\\/\\\/infos-droitshumains.net\\\/?p=9016#primaryimage\",\"url\":\"https:\\\/\\\/i0.wp.com\\\/infos-droitshumains.net\\\/wp-content\\\/uploads\\\/2024\\\/02\\\/20240208_224743.jpg?fit=879%2C928&ssl=1\",\"contentUrl\":\"https:\\\/\\\/i0.wp.com\\\/infos-droitshumains.net\\\/wp-content\\\/uploads\\\/2024\\\/02\\\/20240208_224743.jpg?fit=879%2C928&ssl=1\",\"width\":879,\"height\":928},{\"@type\":\"BreadcrumbList\",\"@id\":\"https:\\\/\\\/infos-droitshumains.net\\\/?p=9016#breadcrumb\",\"itemListElement\":[{\"@type\":\"ListItem\",\"position\":1,\"name\":\"Accueil\",\"item\":\"https:\\\/\\\/infos-droitshumains.net\\\/\"},{\"@type\":\"ListItem\",\"position\":2,\"name\":\"RDC\u00a0: La Cour Constitutionnelle lave le gouverneur Gentiny Ngobila Mbaka des accusations de la CENI\u00a0faute des preuves, Place aux contentieux des r\u00e9sultats pour retrouver son si\u00e8ge\"}]},{\"@type\":\"WebSite\",\"@id\":\"https:\\\/\\\/infos-droitshumains.net\\\/#website\",\"url\":\"https:\\\/\\\/infos-droitshumains.net\\\/\",\"name\":\"Infos Droits Humains\",\"description\":\"S&#039;informer est un droit\",\"publisher\":{\"@id\":\"https:\\\/\\\/infos-droitshumains.net\\\/#organization\"},\"potentialAction\":[{\"@type\":\"SearchAction\",\"target\":{\"@type\":\"EntryPoint\",\"urlTemplate\":\"https:\\\/\\\/infos-droitshumains.net\\\/?s={search_term_string}\"},\"query-input\":{\"@type\":\"PropertyValueSpecification\",\"valueRequired\":true,\"valueName\":\"search_term_string\"}}],\"inLanguage\":\"fr-FR\"},{\"@type\":\"Organization\",\"@id\":\"https:\\\/\\\/infos-droitshumains.net\\\/#organization\",\"name\":\"Infos Droits Humains\",\"url\":\"https:\\\/\\\/infos-droitshumains.net\\\/\",\"logo\":{\"@type\":\"ImageObject\",\"inLanguage\":\"fr-FR\",\"@id\":\"https:\\\/\\\/infos-droitshumains.net\\\/#\\\/schema\\\/logo\\\/image\\\/\",\"url\":\"https:\\\/\\\/i0.wp.com\\\/infos-droitshumains.net\\\/wp-content\\\/uploads\\\/2022\\\/05\\\/Logo.png?fit=333%2C129&ssl=1\",\"contentUrl\":\"https:\\\/\\\/i0.wp.com\\\/infos-droitshumains.net\\\/wp-content\\\/uploads\\\/2022\\\/05\\\/Logo.png?fit=333%2C129&ssl=1\",\"width\":333,\"height\":129,\"caption\":\"Infos Droits Humains\"},\"image\":{\"@id\":\"https:\\\/\\\/infos-droitshumains.net\\\/#\\\/schema\\\/logo\\\/image\\\/\"}},{\"@type\":\"Person\",\"@id\":\"https:\\\/\\\/infos-droitshumains.net\\\/#\\\/schema\\\/person\\\/3dc5e921c3302172e0ed4362f96faab7\",\"name\":\"Jo\u00ebl Diawa\",\"image\":{\"@type\":\"ImageObject\",\"inLanguage\":\"fr-FR\",\"@id\":\"https:\\\/\\\/secure.gravatar.com\\\/avatar\\\/729bea6ff4604c624417803c477363be8e3c7186deaa65713313f9b4b820f41c?s=96&d=mm&r=g\",\"url\":\"https:\\\/\\\/secure.gravatar.com\\\/avatar\\\/729bea6ff4604c624417803c477363be8e3c7186deaa65713313f9b4b820f41c?s=96&d=mm&r=g\",\"contentUrl\":\"https:\\\/\\\/secure.gravatar.com\\\/avatar\\\/729bea6ff4604c624417803c477363be8e3c7186deaa65713313f9b4b820f41c?s=96&d=mm&r=g\",\"caption\":\"Jo\u00ebl Diawa\"},\"sameAs\":[\"https:\\\/\\\/www.infos-droitshumains.net\"],\"url\":\"https:\\\/\\\/infos-droitshumains.net\\\/?author=2\"}]}<\/script>\n<!-- \/ Yoast SEO plugin. -->","yoast_head_json":{"title":"RDC\u00a0: La Cour Constitutionnelle lave le gouverneur Gentiny Ngobila Mbaka des accusations de la CENI\u00a0faute des preuves, Place aux contentieux des r\u00e9sultats pour retrouver son si\u00e8ge - Infos Droits Humains","robots":{"index":"index","follow":"follow","max-snippet":"max-snippet:-1","max-image-preview":"max-image-preview:large","max-video-preview":"max-video-preview:-1"},"canonical":"https:\/\/infos-droitshumains.net\/?p=9016","og_locale":"fr_FR","og_type":"article","og_title":"RDC\u00a0: La Cour Constitutionnelle lave le gouverneur Gentiny Ngobila Mbaka des accusations de la CENI\u00a0faute des preuves, Place aux contentieux des r\u00e9sultats pour retrouver son si\u00e8ge - Infos Droits Humains","og_description":"R\u00e9daction:+243817406088 La Cour Constitutionnelle a rendu ce jeudi 8 f\u00e9vrier 2024, ses arr\u00eats dans le...","og_url":"https:\/\/infos-droitshumains.net\/?p=9016","og_site_name":"Infos Droits Humains","article_published_time":"2024-02-08T22:06:59+00:00","article_modified_time":"2024-02-09T08:27:46+00:00","og_image":[{"width":879,"height":928,"url":"https:\/\/infos-droitshumains.net\/wp-content\/uploads\/2024\/02\/20240208_224743.jpg","type":"image\/jpeg"}],"author":"Jo\u00ebl Diawa","twitter_card":"summary_large_image","twitter_misc":{"\u00c9crit par":"Jo\u00ebl Diawa","Dur\u00e9e de lecture estim\u00e9e":"3 minutes"},"schema":{"@context":"https:\/\/schema.org","@graph":[{"@type":"Article","@id":"https:\/\/infos-droitshumains.net\/?p=9016#article","isPartOf":{"@id":"https:\/\/infos-droitshumains.net\/?p=9016"},"author":{"name":"Jo\u00ebl Diawa","@id":"https:\/\/infos-droitshumains.net\/#\/schema\/person\/3dc5e921c3302172e0ed4362f96faab7"},"headline":"RDC\u00a0: La Cour Constitutionnelle lave le gouverneur Gentiny Ngobila Mbaka des accusations de la CENI\u00a0faute des preuves, Place aux contentieux des r\u00e9sultats pour retrouver son si\u00e8ge","datePublished":"2024-02-08T22:06:59+00:00","dateModified":"2024-02-09T08:27:46+00:00","mainEntityOfPage":{"@id":"https:\/\/infos-droitshumains.net\/?p=9016"},"wordCount":488,"commentCount":0,"publisher":{"@id":"https:\/\/infos-droitshumains.net\/#organization"},"image":{"@id":"https:\/\/infos-droitshumains.net\/?p=9016#primaryimage"},"thumbnailUrl":"https:\/\/i0.wp.com\/infos-droitshumains.net\/wp-content\/uploads\/2024\/02\/20240208_224743.jpg?fit=879%2C928&ssl=1","articleSection":["Justice","Politique"],"inLanguage":"fr-FR","potentialAction":[{"@type":"CommentAction","name":"Comment","target":["https:\/\/infos-droitshumains.net\/?p=9016#respond"]}]},{"@type":"WebPage","@id":"https:\/\/infos-droitshumains.net\/?p=9016","url":"https:\/\/infos-droitshumains.net\/?p=9016","name":"RDC\u00a0: La Cour Constitutionnelle lave le gouverneur Gentiny Ngobila Mbaka des accusations de la CENI\u00a0faute des preuves, Place aux contentieux des r\u00e9sultats pour retrouver son si\u00e8ge - Infos Droits Humains","isPartOf":{"@id":"https:\/\/infos-droitshumains.net\/#website"},"primaryImageOfPage":{"@id":"https:\/\/infos-droitshumains.net\/?p=9016#primaryimage"},"image":{"@id":"https:\/\/infos-droitshumains.net\/?p=9016#primaryimage"},"thumbnailUrl":"https:\/\/i0.wp.com\/infos-droitshumains.net\/wp-content\/uploads\/2024\/02\/20240208_224743.jpg?fit=879%2C928&ssl=1","datePublished":"2024-02-08T22:06:59+00:00","dateModified":"2024-02-09T08:27:46+00:00","breadcrumb":{"@id":"https:\/\/infos-droitshumains.net\/?p=9016#breadcrumb"},"inLanguage":"fr-FR","potentialAction":[{"@type":"ReadAction","target":["https:\/\/infos-droitshumains.net\/?p=9016"]}]},{"@type":"ImageObject","inLanguage":"fr-FR","@id":"https:\/\/infos-droitshumains.net\/?p=9016#primaryimage","url":"https:\/\/i0.wp.com\/infos-droitshumains.net\/wp-content\/uploads\/2024\/02\/20240208_224743.jpg?fit=879%2C928&ssl=1","contentUrl":"https:\/\/i0.wp.com\/infos-droitshumains.net\/wp-content\/uploads\/2024\/02\/20240208_224743.jpg?fit=879%2C928&ssl=1","width":879,"height":928},{"@type":"BreadcrumbList","@id":"https:\/\/infos-droitshumains.net\/?p=9016#breadcrumb","itemListElement":[{"@type":"ListItem","position":1,"name":"Accueil","item":"https:\/\/infos-droitshumains.net\/"},{"@type":"ListItem","position":2,"name":"RDC\u00a0: La Cour Constitutionnelle lave le gouverneur Gentiny Ngobila Mbaka des accusations de la CENI\u00a0faute des preuves, Place aux contentieux des r\u00e9sultats pour retrouver son si\u00e8ge"}]},{"@type":"WebSite","@id":"https:\/\/infos-droitshumains.net\/#website","url":"https:\/\/infos-droitshumains.net\/","name":"Infos Droits Humains","description":"S&#039;informer est un droit","publisher":{"@id":"https:\/\/infos-droitshumains.net\/#organization"},"potentialAction":[{"@type":"SearchAction","target":{"@type":"EntryPoint","urlTemplate":"https:\/\/infos-droitshumains.net\/?s={search_term_string}"},"query-input":{"@type":"PropertyValueSpecification","valueRequired":true,"valueName":"search_term_string"}}],"inLanguage":"fr-FR"},{"@type":"Organization","@id":"https:\/\/infos-droitshumains.net\/#organization","name":"Infos Droits Humains","url":"https:\/\/infos-droitshumains.net\/","logo":{"@type":"ImageObject","inLanguage":"fr-FR","@id":"https:\/\/infos-droitshumains.net\/#\/schema\/logo\/image\/","url":"https:\/\/i0.wp.com\/infos-droitshumains.net\/wp-content\/uploads\/2022\/05\/Logo.png?fit=333%2C129&ssl=1","contentUrl":"https:\/\/i0.wp.com\/infos-droitshumains.net\/wp-content\/uploads\/2022\/05\/Logo.png?fit=333%2C129&ssl=1","width":333,"height":129,"caption":"Infos Droits Humains"},"image":{"@id":"https:\/\/infos-droitshumains.net\/#\/schema\/logo\/image\/"}},{"@type":"Person","@id":"https:\/\/infos-droitshumains.net\/#\/schema\/person\/3dc5e921c3302172e0ed4362f96faab7","name":"Jo\u00ebl Diawa","image":{"@type":"ImageObject","inLanguage":"fr-FR","@id":"https:\/\/secure.gravatar.com\/avatar\/729bea6ff4604c624417803c477363be8e3c7186deaa65713313f9b4b820f41c?s=96&d=mm&r=g","url":"https:\/\/secure.gravatar.com\/avatar\/729bea6ff4604c624417803c477363be8e3c7186deaa65713313f9b4b820f41c?s=96&d=mm&r=g","contentUrl":"https:\/\/secure.gravatar.com\/avatar\/729bea6ff4604c624417803c477363be8e3c7186deaa65713313f9b4b820f41c?s=96&d=mm&r=g","caption":"Jo\u00ebl Diawa"},"sameAs":["https:\/\/www.infos-droitshumains.net"],"url":"https:\/\/infos-droitshumains.net\/?author=2"}]}},"featured_image_urls":{"full":["https:\/\/i0.wp.com\/infos-droitshumains.net\/wp-content\/uploads\/2024\/02\/20240208_224743.jpg?fit=879%2C928&ssl=1",879,928,false],"thumbnail":["https:\/\/i0.wp.com\/infos-droitshumains.net\/wp-content\/uploads\/2024\/02\/20240208_224743.jpg?resize=150%2C150&ssl=1",150,150,true],"medium":["https:\/\/i0.wp.com\/infos-droitshumains.net\/wp-content\/uploads\/2024\/02\/20240208_224743.jpg?fit=284%2C300&ssl=1",284,300,true],"medium_large":["https:\/\/i0.wp.com\/infos-droitshumains.net\/wp-content\/uploads\/2024\/02\/20240208_224743.jpg?fit=640%2C676&ssl=1",640,676,true],"large":["https:\/\/i0.wp.com\/infos-droitshumains.net\/wp-content\/uploads\/2024\/02\/20240208_224743.jpg?fit=640%2C676&ssl=1",640,676,true],"1536x1536":["https:\/\/i0.wp.com\/infos-droitshumains.net\/wp-content\/uploads\/2024\/02\/20240208_224743.jpg?fit=879%2C928&ssl=1",879,928,true],"2048x2048":["https:\/\/i0.wp.com\/infos-droitshumains.net\/wp-content\/uploads\/2024\/02\/20240208_224743.jpg?fit=879%2C928&ssl=1",879,928,true],"covernews-slider-full":["https:\/\/i0.wp.com\/infos-droitshumains.net\/wp-content\/uploads\/2024\/02\/20240208_224743.jpg?resize=879%2C715&ssl=1",879,715,true],"covernews-slider-center":["https:\/\/i0.wp.com\/infos-droitshumains.net\/wp-content\/uploads\/2024\/02\/20240208_224743.jpg?resize=800%2C500&ssl=1",800,500,true],"covernews-featured":["https:\/\/i0.wp.com\/infos-droitshumains.net\/wp-content\/uploads\/2024\/02\/20240208_224743.jpg?fit=879%2C928&ssl=1",879,928,true],"covernews-medium":["https:\/\/i0.wp.com\/infos-droitshumains.net\/wp-content\/uploads\/2024\/02\/20240208_224743.jpg?resize=540%2C340&ssl=1",540,340,true],"covernews-medium-square":["https:\/\/i0.wp.com\/infos-droitshumains.net\/wp-content\/uploads\/2024\/02\/20240208_224743.jpg?resize=400%2C250&ssl=1",400,250,true]},"author_info":{"display_name":"Jo\u00ebl Diawa","author_link":"https:\/\/infos-droitshumains.net\/?author=2"},"category_info":"<a href=\"https:\/\/infos-droitshumains.net\/?cat=6\" rel=\"category\">Justice<\/a> <a href=\"https:\/\/infos-droitshumains.net\/?cat=3\" rel=\"category\">Politique<\/a>","tag_info":"Politique","comment_count":"0","jetpack_featured_media_url":"https:\/\/i0.wp.com\/infos-droitshumains.net\/wp-content\/uploads\/2024\/02\/20240208_224743.jpg?fit=879%2C928&ssl=1","jetpack-related-posts":[],"jetpack_sharing_enabled":true,"_links":{"self":[{"href":"https:\/\/infos-droitshumains.net\/index.php?rest_route=\/wp\/v2\/posts\/9016","targetHints":{"allow":["GET"]}}],"collection":[{"href":"https:\/\/infos-droitshumains.net\/index.php?rest_route=\/wp\/v2\/posts"}],"about":[{"href":"https:\/\/infos-droitshumains.net\/index.php?rest_route=\/wp\/v2\/types\/post"}],"author":[{"embeddable":true,"href":"https:\/\/infos-droitshumains.net\/index.php?rest_route=\/wp\/v2\/users\/2"}],"replies":[{"embeddable":true,"href":"https:\/\/infos-droitshumains.net\/index.php?rest_route=%2Fwp%2Fv2%2Fcomments&post=9016"}],"version-history":[{"count":1,"href":"https:\/\/infos-droitshumains.net\/index.php?rest_route=\/wp\/v2\/posts\/9016\/revisions"}],"predecessor-version":[{"id":9017,"href":"https:\/\/infos-droitshumains.net\/index.php?rest_route=\/wp\/v2\/posts\/9016\/revisions\/9017"}],"wp:featuredmedia":[{"embeddable":true,"href":"https:\/\/infos-droitshumains.net\/index.php?rest_route=\/wp\/v2\/media\/9018"}],"wp:attachment":[{"href":"https:\/\/infos-droitshumains.net\/index.php?rest_route=%2Fwp%2Fv2%2Fmedia&parent=9016"}],"wp:term":[{"taxonomy":"category","embeddable":true,"href":"https:\/\/infos-droitshumains.net\/index.php?rest_route=%2Fwp%2Fv2%2Fcategories&post=9016"},{"taxonomy":"post_tag","embeddable":true,"href":"https:\/\/infos-droitshumains.net\/index.php?rest_route=%2Fwp%2Fv2%2Ftags&post=9016"}],"curies":[{"name":"wp","href":"https:\/\/api.w.org\/{rel}","templated":true}]}}