{"id":9011,"date":"2024-02-06T22:21:39","date_gmt":"2024-02-06T21:21:39","guid":{"rendered":"https:\/\/infos-droitshumains.net\/?p=9011"},"modified":"2024-02-06T22:28:45","modified_gmt":"2024-02-06T21:28:45","slug":"rdc-la-ceni-sest-creee-une-competence-que-la-loi-ne-lui-reconnait-pas-devant-la-cour-constitutionnelle-gentiny-ngobila-et-lacp-a-attaquent-sa-decision","status":"publish","type":"post","link":"https:\/\/infos-droitshumains.net\/?p=9011","title":{"rendered":"RDC: \u00ab\u00a0La CENI s\u2019est cr\u00e9\u00e9e une comp\u00e9tence que la loi ne lui reconnait pas\u00a0\u00bb. Devant la Cour Constitutionnelle, Gentiny Ngobila et l\u2019ACP-A attaquent sa d\u00e9cision \u00ab\u00a0ill\u00e9gale\u00a0\u00bb et \u00ab\u00a0inconstitutionnelle\u00a0\u00bb"},"content":{"rendered":"\n<p><strong>R\u00e9daction:+243817406088<\/strong><\/p>\n\n\n\n<h4 class=\"wp-block-heading has-vivid-red-color has-text-color has-link-color wp-elements-172769d49a4a72d1b2f3d8f595603faf\">Accus\u00e9s de fraude \u00e9lectorale, vandalisme et d\u00e9tention ill\u00e9gale des Dispositifs Electroniques de Vote, -(DEV), 82 candidats aux l\u00e9gislatives nationales du 20 d\u00e9cembre dernier ont vu leurs suffrages \u00eatre annul\u00e9s par la Commission Electorale Nationale Ind\u00e9pendante avant que deux d\u2019entre eux ne soient r\u00e9habilit\u00e9s. Ces victimes \u00e9taient ce lundi 05 f\u00e9vrier \u00e0 la Cour Constitutionnelle afin qu\u2019ils soient r\u00e9tablis dans leurs droit.<\/h4>\n\n\n\n<p>Au nombre des requ\u00e9rants, il y avait le regroupement Alliance des Congolais Progressistes et Alli\u00e9s, ACP-A dont trois candidats align\u00e9s sur listes, pas n\u2019importe lesquels, se trouvaient sur le banc des accus\u00e9s. Il s\u2019agit notamment de son autorit\u00e9 morale, le gouverneur de Kinshasa, Gentiny Ngobila Mbaka, son secr\u00e9taire G\u00e9n\u00e9ral Charles Mbuta Muntu qui est aussi ministre provincial et Marie Nelly Nsasa, align\u00e9s respectivement \u00e0 Funa, Mont-Amba et Lukunga.<\/p>\n\n\n\n<p>Devant les juges constitutionnelle, les avocats de ces trois candidats ont essayez de prouver qu\u2019au-del\u00e0 de l\u2019inconstitutionnalit\u00e9 de la d\u00e9cision prise par la centrale \u00e9lectorale, le droit de la d\u00e9fense avait \u00e9t\u00e9 intentionnellement viol\u00e9.<\/p>\n\n\n\n<p><em>\u00ab&nbsp;M\u00eame devant le juge de jugement&nbsp;\u00bb <\/em>laissent entendre les conseils de Ngobila, <em>&nbsp;\u00ab&nbsp;lors que les faits sont port\u00e9s contre vous, il est de principe que l\u2019accus\u00e9 soit invit\u00e9 pour pr\u00e9senter ses moyens de d\u00e9fense. Lesquels moyens, sont prot\u00e9g\u00e9s et pr\u00e9vus aux articles 19 et 61.5 de la constitution\u2026&nbsp;\u00bb. <\/em>Et d\u2019ajout\u00e9<em> \u00ab&nbsp;Le mieux \u00e0 faire pour la CENI serait d\u2019inviter le regroupement qui avait align\u00e9 le candidat soit, inviter le candidat lui-m\u00eame pour lui pr\u00e9senter ce que les t\u00e9moins et les autres disent au sujet de lui. Apr\u00e8s avoir \u00e9cout\u00e9 le concern\u00e9, la CENI allait prendre une d\u00e9cision rationnelle&nbsp;\u00bb. <\/em>Ne l\u2019ayant pas fait<em>,<\/em> ces avocats attendent dujuge constitutionnel de <em>&nbsp;\u00ab&nbsp;constater que les droits fondamentaux en l\u2019occurrence, le droit de la d\u00e9fense a \u00e9t\u00e9 viol\u00e9&nbsp;\u00bb.<\/em><\/p>\n\n\n\n<p>M\u00eame si l\u2019on se trouverait dans le cas o\u00f9 la CENI est comp\u00e9tente de pouvoir statuer sur cette question, rench\u00e9rissent les conseils de Marie Nelly Tsasa <em>\u00ab&nbsp;cet organe est appel\u00e9 \u00e0 respecter le droit de la d\u00e9fense\u2026&nbsp;\u00bb<\/em> et par le fait que ce droit n\u2019a pas \u00e9t\u00e9 respect\u00e9, ils demandent aux juges qui \u00eates &nbsp;<em>\u00ab&nbsp;le garant des libert\u00e9s et droits fondamentaux des citoyens contre l\u2019arbitraire du pouvoir public&nbsp;\u00bb<\/em>, de <em>\u00ab&nbsp;constater que le regroupement n\u2019a pas \u00e9t\u00e9 appel\u00e9 pour se justifier au vu des faits mis \u00e0 la charge de sa candidate&nbsp;\u00bb<\/em>.<\/p>\n\n\n\n<p>Aux avocats de Charles Mbuta Muntu de relever le caract\u00e8re inconstitutionnel de la d\u00e9cision de la CENI&nbsp;quand elle brandit l\u2019article 29 de la loi organique portant organisation et fonctionnement de la CENI comme soubassement de ladite d\u00e9cision. Ils pensent qu\u2019il s\u2019agit d\u2019une <em>\u00ab&nbsp;fraude \u00e0 la loi&nbsp;\u00bb<\/em>, car, estiment-ils, <em>\u00ab&nbsp;La CENI s\u2019est cr\u00e9\u00e9e une comp\u00e9tence que la loi ne lui reconnait&nbsp;\u00bb<\/em>, une pr\u00e9rogative qui revient au <em>\u00ab&nbsp;juge \u00e9lectoral sur base de l\u2019article 75 de la loi \u00e9lectorale&nbsp;\u00bb<\/em>.<\/p>\n\n\n\n<p>En dehors de vous, nous ne savons pas l\u00e0 o\u00f9 aller. Seul vous qui pouvez r\u00e9tablir la sinc\u00e9rit\u00e9 des r\u00e9sultats. Parce qu\u2019il n\u2019y a pas des preuves, vous allez constater que cette d\u00e9cision ayant annul\u00e9 les suffrages est inconstitutionnelle. Apr\u00e8s avoir constat\u00e9 ainsi, la d\u00e9cision est nulle et non avenue, les suffrages sont maintenant disponibles et la Cour va constater que Ngobila a obtenu le plus des voies sur la liste de l\u2019ACP-A dans la circonscription de la FUNA.<\/p>\n\n\n\n<p>S\u2019agissant des accusations de vandalisme, d\u00e9tention ill\u00e9gale des DEV ainsi que de la fraude imput\u00e9s aux requ\u00e9rants, ce sont des faits de constatation, mais ces derniers regrettent que la CENI n\u2019ait produit &nbsp;<em>\u00ab&nbsp;aucun PV de saisi ou de constatation dress\u00e9 par un officier asserment\u00e9 ayant constat\u00e9 les faits&nbsp;\u00bb. <\/em>Mais la Commission Electorale Nationale Ind\u00e9pendante dit par contre d\u00e9tenir des preuves de ses accusations qu\u2019elle entend verser dans sa note d\u2019observation.<\/p>\n\n\n\n<p>En attendant l\u2019arr\u00eat qui sera rendu le jeudi 08 f\u00e9vrier, L\u2019Alliance des Congolais Progressistes et Alli\u00e9s reste serein et croit ferment que la Cour va reconsid\u00e9rer cette d\u00e9cision de la CENI en corrigeant l\u2019erreur avant&nbsp; de r\u00e9tablir le regroupement dans ses droits.<\/p>\n\n\n\n<p>Jo\u00ebl Diawa<\/p>\n","protected":false},"excerpt":{"rendered":"<p>R\u00e9daction:+243817406088 Accus\u00e9s de fraude \u00e9lectorale, vandalisme et d\u00e9tention ill\u00e9gale des Dispositifs Electroniques de Vote, -(DEV),&#8230;<\/p>\n","protected":false},"author":2,"featured_media":9013,"comment_status":"open","ping_status":"open","sticky":false,"template":"","format":"standard","meta":{"_jetpack_memberships_contains_paid_content":false,"footnotes":""},"categories":[6],"tags":[],"class_list":["post-9011","post","type-post","status-publish","format-standard","has-post-thumbnail","hentry","category-justice"],"yoast_head":"<!-- This site is optimized with the Yoast SEO plugin v27.5 - https:\/\/yoast.com\/product\/yoast-seo-wordpress\/ -->\n<title>RDC: \u00ab\u00a0La CENI s\u2019est cr\u00e9\u00e9e une comp\u00e9tence que la loi ne lui reconnait pas\u00a0\u00bb. Devant la Cour Constitutionnelle, Gentiny Ngobila et l\u2019ACP-A attaquent sa d\u00e9cision \u00ab\u00a0ill\u00e9gale\u00a0\u00bb et \u00ab\u00a0inconstitutionnelle\u00a0\u00bb - Infos Droits Humains<\/title>\n<meta name=\"robots\" content=\"index, follow, max-snippet:-1, max-image-preview:large, max-video-preview:-1\" \/>\n<link rel=\"canonical\" href=\"https:\/\/infos-droitshumains.net\/?p=9011\" \/>\n<meta property=\"og:locale\" content=\"fr_FR\" \/>\n<meta property=\"og:type\" content=\"article\" \/>\n<meta property=\"og:title\" content=\"RDC: \u00ab\u00a0La CENI s\u2019est cr\u00e9\u00e9e une comp\u00e9tence que la loi ne lui reconnait pas\u00a0\u00bb. Devant la Cour Constitutionnelle, Gentiny Ngobila et l\u2019ACP-A attaquent sa d\u00e9cision \u00ab\u00a0ill\u00e9gale\u00a0\u00bb et \u00ab\u00a0inconstitutionnelle\u00a0\u00bb - Infos Droits Humains\" \/>\n<meta property=\"og:description\" content=\"R\u00e9daction:+243817406088 Accus\u00e9s de fraude \u00e9lectorale, vandalisme et d\u00e9tention ill\u00e9gale des Dispositifs Electroniques de Vote, -(DEV),...\" \/>\n<meta property=\"og:url\" content=\"https:\/\/infos-droitshumains.net\/?p=9011\" \/>\n<meta property=\"og:site_name\" content=\"Infos Droits Humains\" \/>\n<meta property=\"article:published_time\" content=\"2024-02-06T21:21:39+00:00\" \/>\n<meta property=\"article:modified_time\" content=\"2024-02-06T21:28:45+00:00\" \/>\n<meta property=\"og:image\" content=\"https:\/\/infos-droitshumains.net\/wp-content\/uploads\/2024\/02\/IMG-20240206-WA0037_1.jpg\" \/>\n\t<meta property=\"og:image:width\" content=\"720\" \/>\n\t<meta property=\"og:image:height\" content=\"720\" \/>\n\t<meta property=\"og:image:type\" content=\"image\/jpeg\" \/>\n<meta name=\"author\" content=\"Jo\u00ebl Diawa\" \/>\n<meta name=\"twitter:card\" content=\"summary_large_image\" \/>\n<meta name=\"twitter:label1\" content=\"\u00c9crit par\" \/>\n\t<meta name=\"twitter:data1\" content=\"Jo\u00ebl Diawa\" \/>\n\t<meta name=\"twitter:label2\" content=\"Dur\u00e9e de lecture estim\u00e9e\" \/>\n\t<meta name=\"twitter:data2\" content=\"4 minutes\" \/>\n<script type=\"application\/ld+json\" class=\"yoast-schema-graph\">{\"@context\":\"https:\\\/\\\/schema.org\",\"@graph\":[{\"@type\":\"Article\",\"@id\":\"https:\\\/\\\/infos-droitshumains.net\\\/?p=9011#article\",\"isPartOf\":{\"@id\":\"https:\\\/\\\/infos-droitshumains.net\\\/?p=9011\"},\"author\":{\"name\":\"Jo\u00ebl Diawa\",\"@id\":\"https:\\\/\\\/infos-droitshumains.net\\\/#\\\/schema\\\/person\\\/3dc5e921c3302172e0ed4362f96faab7\"},\"headline\":\"RDC: \u00ab\u00a0La CENI s\u2019est cr\u00e9\u00e9e une comp\u00e9tence que la loi ne lui reconnait pas\u00a0\u00bb. Devant la Cour Constitutionnelle, Gentiny Ngobila et l\u2019ACP-A attaquent sa d\u00e9cision \u00ab\u00a0ill\u00e9gale\u00a0\u00bb et \u00ab\u00a0inconstitutionnelle\u00a0\u00bb\",\"datePublished\":\"2024-02-06T21:21:39+00:00\",\"dateModified\":\"2024-02-06T21:28:45+00:00\",\"mainEntityOfPage\":{\"@id\":\"https:\\\/\\\/infos-droitshumains.net\\\/?p=9011\"},\"wordCount\":793,\"commentCount\":0,\"publisher\":{\"@id\":\"https:\\\/\\\/infos-droitshumains.net\\\/#organization\"},\"image\":{\"@id\":\"https:\\\/\\\/infos-droitshumains.net\\\/?p=9011#primaryimage\"},\"thumbnailUrl\":\"https:\\\/\\\/i0.wp.com\\\/infos-droitshumains.net\\\/wp-content\\\/uploads\\\/2024\\\/02\\\/IMG-20240206-WA0037_1.jpg?fit=720%2C720&ssl=1\",\"articleSection\":[\"Justice\"],\"inLanguage\":\"fr-FR\",\"potentialAction\":[{\"@type\":\"CommentAction\",\"name\":\"Comment\",\"target\":[\"https:\\\/\\\/infos-droitshumains.net\\\/?p=9011#respond\"]}]},{\"@type\":\"WebPage\",\"@id\":\"https:\\\/\\\/infos-droitshumains.net\\\/?p=9011\",\"url\":\"https:\\\/\\\/infos-droitshumains.net\\\/?p=9011\",\"name\":\"RDC: \u00ab\u00a0La CENI s\u2019est cr\u00e9\u00e9e une comp\u00e9tence que la loi ne lui reconnait pas\u00a0\u00bb. Devant la Cour Constitutionnelle, Gentiny Ngobila et l\u2019ACP-A attaquent sa d\u00e9cision \u00ab\u00a0ill\u00e9gale\u00a0\u00bb et \u00ab\u00a0inconstitutionnelle\u00a0\u00bb - Infos Droits Humains\",\"isPartOf\":{\"@id\":\"https:\\\/\\\/infos-droitshumains.net\\\/#website\"},\"primaryImageOfPage\":{\"@id\":\"https:\\\/\\\/infos-droitshumains.net\\\/?p=9011#primaryimage\"},\"image\":{\"@id\":\"https:\\\/\\\/infos-droitshumains.net\\\/?p=9011#primaryimage\"},\"thumbnailUrl\":\"https:\\\/\\\/i0.wp.com\\\/infos-droitshumains.net\\\/wp-content\\\/uploads\\\/2024\\\/02\\\/IMG-20240206-WA0037_1.jpg?fit=720%2C720&ssl=1\",\"datePublished\":\"2024-02-06T21:21:39+00:00\",\"dateModified\":\"2024-02-06T21:28:45+00:00\",\"breadcrumb\":{\"@id\":\"https:\\\/\\\/infos-droitshumains.net\\\/?p=9011#breadcrumb\"},\"inLanguage\":\"fr-FR\",\"potentialAction\":[{\"@type\":\"ReadAction\",\"target\":[\"https:\\\/\\\/infos-droitshumains.net\\\/?p=9011\"]}]},{\"@type\":\"ImageObject\",\"inLanguage\":\"fr-FR\",\"@id\":\"https:\\\/\\\/infos-droitshumains.net\\\/?p=9011#primaryimage\",\"url\":\"https:\\\/\\\/i0.wp.com\\\/infos-droitshumains.net\\\/wp-content\\\/uploads\\\/2024\\\/02\\\/IMG-20240206-WA0037_1.jpg?fit=720%2C720&ssl=1\",\"contentUrl\":\"https:\\\/\\\/i0.wp.com\\\/infos-droitshumains.net\\\/wp-content\\\/uploads\\\/2024\\\/02\\\/IMG-20240206-WA0037_1.jpg?fit=720%2C720&ssl=1\",\"width\":720,\"height\":720},{\"@type\":\"BreadcrumbList\",\"@id\":\"https:\\\/\\\/infos-droitshumains.net\\\/?p=9011#breadcrumb\",\"itemListElement\":[{\"@type\":\"ListItem\",\"position\":1,\"name\":\"Accueil\",\"item\":\"https:\\\/\\\/infos-droitshumains.net\\\/\"},{\"@type\":\"ListItem\",\"position\":2,\"name\":\"RDC: \u00ab\u00a0La CENI s\u2019est cr\u00e9\u00e9e une comp\u00e9tence que la loi ne lui reconnait pas\u00a0\u00bb. Devant la Cour Constitutionnelle, Gentiny Ngobila et l\u2019ACP-A attaquent sa d\u00e9cision \u00ab\u00a0ill\u00e9gale\u00a0\u00bb et \u00ab\u00a0inconstitutionnelle\u00a0\u00bb\"}]},{\"@type\":\"WebSite\",\"@id\":\"https:\\\/\\\/infos-droitshumains.net\\\/#website\",\"url\":\"https:\\\/\\\/infos-droitshumains.net\\\/\",\"name\":\"Infos Droits Humains\",\"description\":\"S&#039;informer est un droit\",\"publisher\":{\"@id\":\"https:\\\/\\\/infos-droitshumains.net\\\/#organization\"},\"potentialAction\":[{\"@type\":\"SearchAction\",\"target\":{\"@type\":\"EntryPoint\",\"urlTemplate\":\"https:\\\/\\\/infos-droitshumains.net\\\/?s={search_term_string}\"},\"query-input\":{\"@type\":\"PropertyValueSpecification\",\"valueRequired\":true,\"valueName\":\"search_term_string\"}}],\"inLanguage\":\"fr-FR\"},{\"@type\":\"Organization\",\"@id\":\"https:\\\/\\\/infos-droitshumains.net\\\/#organization\",\"name\":\"Infos Droits Humains\",\"url\":\"https:\\\/\\\/infos-droitshumains.net\\\/\",\"logo\":{\"@type\":\"ImageObject\",\"inLanguage\":\"fr-FR\",\"@id\":\"https:\\\/\\\/infos-droitshumains.net\\\/#\\\/schema\\\/logo\\\/image\\\/\",\"url\":\"https:\\\/\\\/i0.wp.com\\\/infos-droitshumains.net\\\/wp-content\\\/uploads\\\/2022\\\/05\\\/Logo.png?fit=333%2C129&ssl=1\",\"contentUrl\":\"https:\\\/\\\/i0.wp.com\\\/infos-droitshumains.net\\\/wp-content\\\/uploads\\\/2022\\\/05\\\/Logo.png?fit=333%2C129&ssl=1\",\"width\":333,\"height\":129,\"caption\":\"Infos Droits Humains\"},\"image\":{\"@id\":\"https:\\\/\\\/infos-droitshumains.net\\\/#\\\/schema\\\/logo\\\/image\\\/\"}},{\"@type\":\"Person\",\"@id\":\"https:\\\/\\\/infos-droitshumains.net\\\/#\\\/schema\\\/person\\\/3dc5e921c3302172e0ed4362f96faab7\",\"name\":\"Jo\u00ebl Diawa\",\"image\":{\"@type\":\"ImageObject\",\"inLanguage\":\"fr-FR\",\"@id\":\"https:\\\/\\\/secure.gravatar.com\\\/avatar\\\/729bea6ff4604c624417803c477363be8e3c7186deaa65713313f9b4b820f41c?s=96&d=mm&r=g\",\"url\":\"https:\\\/\\\/secure.gravatar.com\\\/avatar\\\/729bea6ff4604c624417803c477363be8e3c7186deaa65713313f9b4b820f41c?s=96&d=mm&r=g\",\"contentUrl\":\"https:\\\/\\\/secure.gravatar.com\\\/avatar\\\/729bea6ff4604c624417803c477363be8e3c7186deaa65713313f9b4b820f41c?s=96&d=mm&r=g\",\"caption\":\"Jo\u00ebl Diawa\"},\"sameAs\":[\"https:\\\/\\\/www.infos-droitshumains.net\"],\"url\":\"https:\\\/\\\/infos-droitshumains.net\\\/?author=2\"}]}<\/script>\n<!-- \/ Yoast SEO plugin. -->","yoast_head_json":{"title":"RDC: \u00ab\u00a0La CENI s\u2019est cr\u00e9\u00e9e une comp\u00e9tence que la loi ne lui reconnait pas\u00a0\u00bb. Devant la Cour Constitutionnelle, Gentiny Ngobila et l\u2019ACP-A attaquent sa d\u00e9cision \u00ab\u00a0ill\u00e9gale\u00a0\u00bb et \u00ab\u00a0inconstitutionnelle\u00a0\u00bb - Infos Droits Humains","robots":{"index":"index","follow":"follow","max-snippet":"max-snippet:-1","max-image-preview":"max-image-preview:large","max-video-preview":"max-video-preview:-1"},"canonical":"https:\/\/infos-droitshumains.net\/?p=9011","og_locale":"fr_FR","og_type":"article","og_title":"RDC: \u00ab\u00a0La CENI s\u2019est cr\u00e9\u00e9e une comp\u00e9tence que la loi ne lui reconnait pas\u00a0\u00bb. Devant la Cour Constitutionnelle, Gentiny Ngobila et l\u2019ACP-A attaquent sa d\u00e9cision \u00ab\u00a0ill\u00e9gale\u00a0\u00bb et \u00ab\u00a0inconstitutionnelle\u00a0\u00bb - Infos Droits Humains","og_description":"R\u00e9daction:+243817406088 Accus\u00e9s de fraude \u00e9lectorale, vandalisme et d\u00e9tention ill\u00e9gale des Dispositifs Electroniques de Vote, -(DEV),...","og_url":"https:\/\/infos-droitshumains.net\/?p=9011","og_site_name":"Infos Droits Humains","article_published_time":"2024-02-06T21:21:39+00:00","article_modified_time":"2024-02-06T21:28:45+00:00","og_image":[{"width":720,"height":720,"url":"https:\/\/infos-droitshumains.net\/wp-content\/uploads\/2024\/02\/IMG-20240206-WA0037_1.jpg","type":"image\/jpeg"}],"author":"Jo\u00ebl Diawa","twitter_card":"summary_large_image","twitter_misc":{"\u00c9crit par":"Jo\u00ebl Diawa","Dur\u00e9e de lecture estim\u00e9e":"4 minutes"},"schema":{"@context":"https:\/\/schema.org","@graph":[{"@type":"Article","@id":"https:\/\/infos-droitshumains.net\/?p=9011#article","isPartOf":{"@id":"https:\/\/infos-droitshumains.net\/?p=9011"},"author":{"name":"Jo\u00ebl Diawa","@id":"https:\/\/infos-droitshumains.net\/#\/schema\/person\/3dc5e921c3302172e0ed4362f96faab7"},"headline":"RDC: \u00ab\u00a0La CENI s\u2019est cr\u00e9\u00e9e une comp\u00e9tence que la loi ne lui reconnait pas\u00a0\u00bb. Devant la Cour Constitutionnelle, Gentiny Ngobila et l\u2019ACP-A attaquent sa d\u00e9cision \u00ab\u00a0ill\u00e9gale\u00a0\u00bb et \u00ab\u00a0inconstitutionnelle\u00a0\u00bb","datePublished":"2024-02-06T21:21:39+00:00","dateModified":"2024-02-06T21:28:45+00:00","mainEntityOfPage":{"@id":"https:\/\/infos-droitshumains.net\/?p=9011"},"wordCount":793,"commentCount":0,"publisher":{"@id":"https:\/\/infos-droitshumains.net\/#organization"},"image":{"@id":"https:\/\/infos-droitshumains.net\/?p=9011#primaryimage"},"thumbnailUrl":"https:\/\/i0.wp.com\/infos-droitshumains.net\/wp-content\/uploads\/2024\/02\/IMG-20240206-WA0037_1.jpg?fit=720%2C720&ssl=1","articleSection":["Justice"],"inLanguage":"fr-FR","potentialAction":[{"@type":"CommentAction","name":"Comment","target":["https:\/\/infos-droitshumains.net\/?p=9011#respond"]}]},{"@type":"WebPage","@id":"https:\/\/infos-droitshumains.net\/?p=9011","url":"https:\/\/infos-droitshumains.net\/?p=9011","name":"RDC: \u00ab\u00a0La CENI s\u2019est cr\u00e9\u00e9e une comp\u00e9tence que la loi ne lui reconnait pas\u00a0\u00bb. Devant la Cour Constitutionnelle, Gentiny Ngobila et l\u2019ACP-A attaquent sa d\u00e9cision \u00ab\u00a0ill\u00e9gale\u00a0\u00bb et \u00ab\u00a0inconstitutionnelle\u00a0\u00bb - Infos Droits Humains","isPartOf":{"@id":"https:\/\/infos-droitshumains.net\/#website"},"primaryImageOfPage":{"@id":"https:\/\/infos-droitshumains.net\/?p=9011#primaryimage"},"image":{"@id":"https:\/\/infos-droitshumains.net\/?p=9011#primaryimage"},"thumbnailUrl":"https:\/\/i0.wp.com\/infos-droitshumains.net\/wp-content\/uploads\/2024\/02\/IMG-20240206-WA0037_1.jpg?fit=720%2C720&ssl=1","datePublished":"2024-02-06T21:21:39+00:00","dateModified":"2024-02-06T21:28:45+00:00","breadcrumb":{"@id":"https:\/\/infos-droitshumains.net\/?p=9011#breadcrumb"},"inLanguage":"fr-FR","potentialAction":[{"@type":"ReadAction","target":["https:\/\/infos-droitshumains.net\/?p=9011"]}]},{"@type":"ImageObject","inLanguage":"fr-FR","@id":"https:\/\/infos-droitshumains.net\/?p=9011#primaryimage","url":"https:\/\/i0.wp.com\/infos-droitshumains.net\/wp-content\/uploads\/2024\/02\/IMG-20240206-WA0037_1.jpg?fit=720%2C720&ssl=1","contentUrl":"https:\/\/i0.wp.com\/infos-droitshumains.net\/wp-content\/uploads\/2024\/02\/IMG-20240206-WA0037_1.jpg?fit=720%2C720&ssl=1","width":720,"height":720},{"@type":"BreadcrumbList","@id":"https:\/\/infos-droitshumains.net\/?p=9011#breadcrumb","itemListElement":[{"@type":"ListItem","position":1,"name":"Accueil","item":"https:\/\/infos-droitshumains.net\/"},{"@type":"ListItem","position":2,"name":"RDC: \u00ab\u00a0La CENI s\u2019est cr\u00e9\u00e9e une comp\u00e9tence que la loi ne lui reconnait pas\u00a0\u00bb. Devant la Cour Constitutionnelle, Gentiny Ngobila et l\u2019ACP-A attaquent sa d\u00e9cision \u00ab\u00a0ill\u00e9gale\u00a0\u00bb et \u00ab\u00a0inconstitutionnelle\u00a0\u00bb"}]},{"@type":"WebSite","@id":"https:\/\/infos-droitshumains.net\/#website","url":"https:\/\/infos-droitshumains.net\/","name":"Infos Droits Humains","description":"S&#039;informer est un droit","publisher":{"@id":"https:\/\/infos-droitshumains.net\/#organization"},"potentialAction":[{"@type":"SearchAction","target":{"@type":"EntryPoint","urlTemplate":"https:\/\/infos-droitshumains.net\/?s={search_term_string}"},"query-input":{"@type":"PropertyValueSpecification","valueRequired":true,"valueName":"search_term_string"}}],"inLanguage":"fr-FR"},{"@type":"Organization","@id":"https:\/\/infos-droitshumains.net\/#organization","name":"Infos Droits Humains","url":"https:\/\/infos-droitshumains.net\/","logo":{"@type":"ImageObject","inLanguage":"fr-FR","@id":"https:\/\/infos-droitshumains.net\/#\/schema\/logo\/image\/","url":"https:\/\/i0.wp.com\/infos-droitshumains.net\/wp-content\/uploads\/2022\/05\/Logo.png?fit=333%2C129&ssl=1","contentUrl":"https:\/\/i0.wp.com\/infos-droitshumains.net\/wp-content\/uploads\/2022\/05\/Logo.png?fit=333%2C129&ssl=1","width":333,"height":129,"caption":"Infos Droits Humains"},"image":{"@id":"https:\/\/infos-droitshumains.net\/#\/schema\/logo\/image\/"}},{"@type":"Person","@id":"https:\/\/infos-droitshumains.net\/#\/schema\/person\/3dc5e921c3302172e0ed4362f96faab7","name":"Jo\u00ebl Diawa","image":{"@type":"ImageObject","inLanguage":"fr-FR","@id":"https:\/\/secure.gravatar.com\/avatar\/729bea6ff4604c624417803c477363be8e3c7186deaa65713313f9b4b820f41c?s=96&d=mm&r=g","url":"https:\/\/secure.gravatar.com\/avatar\/729bea6ff4604c624417803c477363be8e3c7186deaa65713313f9b4b820f41c?s=96&d=mm&r=g","contentUrl":"https:\/\/secure.gravatar.com\/avatar\/729bea6ff4604c624417803c477363be8e3c7186deaa65713313f9b4b820f41c?s=96&d=mm&r=g","caption":"Jo\u00ebl Diawa"},"sameAs":["https:\/\/www.infos-droitshumains.net"],"url":"https:\/\/infos-droitshumains.net\/?author=2"}]}},"featured_image_urls":{"full":["https:\/\/i0.wp.com\/infos-droitshumains.net\/wp-content\/uploads\/2024\/02\/IMG-20240206-WA0037_1.jpg?fit=720%2C720&ssl=1",720,720,false],"thumbnail":["https:\/\/i0.wp.com\/infos-droitshumains.net\/wp-content\/uploads\/2024\/02\/IMG-20240206-WA0037_1.jpg?resize=150%2C150&ssl=1",150,150,true],"medium":["https:\/\/i0.wp.com\/infos-droitshumains.net\/wp-content\/uploads\/2024\/02\/IMG-20240206-WA0037_1.jpg?fit=300%2C300&ssl=1",300,300,true],"medium_large":["https:\/\/i0.wp.com\/infos-droitshumains.net\/wp-content\/uploads\/2024\/02\/IMG-20240206-WA0037_1.jpg?fit=640%2C640&ssl=1",640,640,true],"large":["https:\/\/i0.wp.com\/infos-droitshumains.net\/wp-content\/uploads\/2024\/02\/IMG-20240206-WA0037_1.jpg?fit=640%2C640&ssl=1",640,640,true],"1536x1536":["https:\/\/i0.wp.com\/infos-droitshumains.net\/wp-content\/uploads\/2024\/02\/IMG-20240206-WA0037_1.jpg?fit=720%2C720&ssl=1",720,720,true],"2048x2048":["https:\/\/i0.wp.com\/infos-droitshumains.net\/wp-content\/uploads\/2024\/02\/IMG-20240206-WA0037_1.jpg?fit=720%2C720&ssl=1",720,720,true],"covernews-slider-full":["https:\/\/i0.wp.com\/infos-droitshumains.net\/wp-content\/uploads\/2024\/02\/IMG-20240206-WA0037_1.jpg?resize=720%2C715&ssl=1",720,715,true],"covernews-slider-center":["https:\/\/i0.wp.com\/infos-droitshumains.net\/wp-content\/uploads\/2024\/02\/IMG-20240206-WA0037_1.jpg?resize=720%2C500&ssl=1",720,500,true],"covernews-featured":["https:\/\/i0.wp.com\/infos-droitshumains.net\/wp-content\/uploads\/2024\/02\/IMG-20240206-WA0037_1.jpg?fit=720%2C720&ssl=1",720,720,true],"covernews-medium":["https:\/\/i0.wp.com\/infos-droitshumains.net\/wp-content\/uploads\/2024\/02\/IMG-20240206-WA0037_1.jpg?resize=540%2C340&ssl=1",540,340,true],"covernews-medium-square":["https:\/\/i0.wp.com\/infos-droitshumains.net\/wp-content\/uploads\/2024\/02\/IMG-20240206-WA0037_1.jpg?resize=400%2C250&ssl=1",400,250,true]},"author_info":{"display_name":"Jo\u00ebl Diawa","author_link":"https:\/\/infos-droitshumains.net\/?author=2"},"category_info":"<a href=\"https:\/\/infos-droitshumains.net\/?cat=6\" rel=\"category\">Justice<\/a>","tag_info":"Justice","comment_count":"0","jetpack_featured_media_url":"https:\/\/i0.wp.com\/infos-droitshumains.net\/wp-content\/uploads\/2024\/02\/IMG-20240206-WA0037_1.jpg?fit=720%2C720&ssl=1","jetpack-related-posts":[],"jetpack_sharing_enabled":true,"_links":{"self":[{"href":"https:\/\/infos-droitshumains.net\/index.php?rest_route=\/wp\/v2\/posts\/9011","targetHints":{"allow":["GET"]}}],"collection":[{"href":"https:\/\/infos-droitshumains.net\/index.php?rest_route=\/wp\/v2\/posts"}],"about":[{"href":"https:\/\/infos-droitshumains.net\/index.php?rest_route=\/wp\/v2\/types\/post"}],"author":[{"embeddable":true,"href":"https:\/\/infos-droitshumains.net\/index.php?rest_route=\/wp\/v2\/users\/2"}],"replies":[{"embeddable":true,"href":"https:\/\/infos-droitshumains.net\/index.php?rest_route=%2Fwp%2Fv2%2Fcomments&post=9011"}],"version-history":[{"count":1,"href":"https:\/\/infos-droitshumains.net\/index.php?rest_route=\/wp\/v2\/posts\/9011\/revisions"}],"predecessor-version":[{"id":9012,"href":"https:\/\/infos-droitshumains.net\/index.php?rest_route=\/wp\/v2\/posts\/9011\/revisions\/9012"}],"wp:featuredmedia":[{"embeddable":true,"href":"https:\/\/infos-droitshumains.net\/index.php?rest_route=\/wp\/v2\/media\/9013"}],"wp:attachment":[{"href":"https:\/\/infos-droitshumains.net\/index.php?rest_route=%2Fwp%2Fv2%2Fmedia&parent=9011"}],"wp:term":[{"taxonomy":"category","embeddable":true,"href":"https:\/\/infos-droitshumains.net\/index.php?rest_route=%2Fwp%2Fv2%2Fcategories&post=9011"},{"taxonomy":"post_tag","embeddable":true,"href":"https:\/\/infos-droitshumains.net\/index.php?rest_route=%2Fwp%2Fv2%2Ftags&post=9011"}],"curies":[{"name":"wp","href":"https:\/\/api.w.org\/{rel}","templated":true}]}}