{"id":8984,"date":"2024-02-06T10:46:47","date_gmt":"2024-02-06T09:46:47","guid":{"rendered":"https:\/\/infos-droitshumains.net\/?p=8984"},"modified":"2024-02-06T12:21:21","modified_gmt":"2024-02-06T11:21:21","slug":"rdc-les-candidats-aux-legislatives-du-20-decembre-dont-les-suffrages-ont-ete-annules-par-la-ceni-ont-saisi-la-cour-constitutionnelle-afin-detre-retablis-dans-leurs-droits","status":"publish","type":"post","link":"https:\/\/infos-droitshumains.net\/?p=8984","title":{"rendered":"RDC\u00a0: Devant la Cour Constitutionnelle, les candidats aux l\u00e9gislatives du 20 d\u00e9cembre dont les suffrages ont \u00e9t\u00e9 annul\u00e9s par la CENI sollicitent d\u2019\u00eatre \u00abr\u00e9tablis dans leurs droits\u00bb"},"content":{"rendered":"\n<h4 class=\"wp-block-heading\"><strong>R\u00e9daction : +243 817 406 088<\/strong><\/h4>\n\n\n\n<h4 class=\"wp-block-heading has-vivid-red-color has-text-color has-link-color wp-elements-bc9395c9926020a4c54f0e1ba0d4b31b\">La Cour Constitutionnelle a ouvert ce lundi 05 f\u00e9vrier, les contentieux des r\u00e9sultats des l\u00e9gislatives nationales publi\u00e9s le 13 janvier par la Commission \u00c9lectorale Nationale Ind\u00e9pendante.<\/h4>\n\n\n\n<p>Pour ce premier jour, ont \u00e9t\u00e9 appel\u00e9, les affaires de 64 des 80 candidats dont les suffrages avaient \u00e9t\u00e9 annul\u00e9s par la centrale \u00e9lectorale pour fraude, corruption, vandalisme et d\u00e9tention ill\u00e9gale des DEV. Les victimes demandent \u00e0 la Cour d\u2019an\u00e9antir cette d\u00e9cision qu\u2019il qualifie d\u2019ill\u00e9gale.<\/p>\n\n\n\n<p><em>\u00ab&nbsp;Que la CENI puisse prouver cette corruption. Elle a eu lieu o\u00f9 et quand&nbsp;? Qui sont les corrupteurs&nbsp;\u00bb<\/em>, veulent savoir les avocats de Nsingi Pululu qui \u00e9tait candidat \u00e0 Kinshasa\/Funa.<\/p>\n\n\n\n<p>Colette Tshomba elle, consid\u00e8re la d\u00e9cision comme <em>\u00ab&nbsp;une erreur mat\u00e9rielle&nbsp;\u00bb<\/em> qu\u2019il faille <em>\u00ab&nbsp;corriger&nbsp;\u00bb<\/em>. <em>\u00ab&nbsp;Si la Cour n\u2019arrive pas \u00e0 annuler cette d\u00e9cision, peut la mettre de c\u00f4t\u00e9 et proclamer les r\u00e9sultats tel qu\u2019il est de droit&nbsp;\u00bb<\/em>, a d\u00e9clar\u00e9 son conseil.<\/p>\n\n\n\n<p>La CENI a viol\u00e9 le droit de la d\u00e9fense&nbsp;car estime l\u2019avocat de Gaby Mabengi, le candidat au Mont-Amba avait introduit un recours gracieux, mais <em>\u00ab&nbsp;quand la CENI a d\u00e9lib\u00e9r\u00e9, elle n\u2019a ni fait appel, ni notifi\u00e9&nbsp;\u00bb <\/em>le concern\u00e9.<\/p>\n\n\n\n<p>M\u00eame avis pour Gentiny Ngobila dont les avocats restent convaincus que cette d\u00e9cision est inconstitutionnelle car n\u2019ayant pas respect\u00e9 le droit de la d\u00e9fense&nbsp;\u00bb.<\/p>\n\n\n\n<p><em>\u00ab&nbsp;M\u00eame devant le juge de jugement, lors que les faits sont port\u00e9s contre vous, il est de principe que l\u2019accus\u00e9 soit invit\u00e9 pour pr\u00e9senter ses moyens de d\u00e9fense. Lesquels moyens, sont prot\u00e9g\u00e9s et pr\u00e9vus aux articles 19 et 61.5 de la constitution\u2026 Le mieux \u00e0 faire pour la CENI serait d\u2019inviter le regroupement qui avait align\u00e9 le candidat soit, inviter le candidat lui-m\u00eame pour lui pr\u00e9senter ce que les t\u00e9moins et les autres disent au sujet de lui. Apr\u00e8s avoir \u00e9cout\u00e9 le concern\u00e9, la CENI allait prendre une d\u00e9cision rationnelle. Ne l\u2019ayant pas fait, le juge constitutionnel constatera que les droits fondamentaux en l\u2019occurrence, le droit de la d\u00e9fense a \u00e9t\u00e9 viol\u00e9&nbsp;\u00bb.<\/em><\/p>\n\n\n\n<p>Mona Lux, candidate craint par ailleurs que l\u2019on tombe dans <em>\u00ab&nbsp;le d\u00e9ni de justice&nbsp;\u00bb<\/em> car, le Conseil d\u2019Etat s\u2019est d\u00e9j\u00e0 d\u00e9clar\u00e9 <em>\u00ab&nbsp;incomp\u00e9tente&nbsp;\u00bb<\/em>, \u00e0 statuer sur cette question. <em>\u00ab&nbsp;Si aucune juridiction ne l\u2019est, la Cour Constitutionnelle doit se d\u00e9clarer comp\u00e9tente si non, nous serons dans un d\u00e9ni de justice&nbsp;\u00bb<\/em>, craint cette candidate \u00e0 la circonscription de Bibaya.<\/p>\n\n\n\n<p>La CENI par sa d\u00e9cision, a us\u00e9 d\u2019un <em>\u00ab&nbsp;exc\u00e8s de pouvoir&nbsp;\u00bb<\/em> tout en se substituant \u00e0 la Cour pour prendre une telle d\u00e9cision, d\u00e9noncent d\u2019autres candidats qui esp\u00e8rent voir cette d\u00e9cision \u00eatre annul\u00e9e.<\/p>\n\n\n\n<p>En ce qui le concerne, la CENI dit d\u00e9tenir toutes les preuves des faits imput\u00e9s \u00e0 ces candidats et, comme la Cour Constitutionnelle la proc\u00e9dure est essentiellement \u00e9crite, elle promet de les \u00e9tayer dans sa note d\u2019observation. Quant \u00e0 la l\u00e9galit\u00e9 de sa d\u00e9cision annulant les suffrages des requ\u00e9rants, ses experts expliquent par ailleurs que c\u2019est en vertu du pouvoir qui est confi\u00e9 \u00e0 la centrale \u00e9lectorale par les dispositions de l\u2019article 211 de la constitution et 29 de la loi organique portant organisation et fonctionnement de la CENI.<\/p>\n\n\n\n<p>Dans son avis, le Minist\u00e8re publique a sollicit\u00e9 de la Cour de dire certaines requ\u00eates recevables, certains irrecevables mais toutes, non fond\u00e9es. Ayant pris toutes les causes en d\u00e9lib\u00e9r\u00e9, la Cour Constitutionnelle a promis de rendre ses arr\u00eats le jeudi 08 f\u00e9vrier prochain.<\/p>\n\n\n\n<p>Jo\u00ebl Diawa<\/p>\n","protected":false},"excerpt":{"rendered":"<p>R\u00e9daction : +243 817 406 088 La Cour Constitutionnelle a ouvert ce lundi 05 f\u00e9vrier,&#8230;<\/p>\n","protected":false},"author":2,"featured_media":8989,"comment_status":"open","ping_status":"open","sticky":false,"template":"","format":"standard","meta":{"_jetpack_memberships_contains_paid_content":false,"footnotes":""},"categories":[6],"tags":[],"class_list":["post-8984","post","type-post","status-publish","format-standard","has-post-thumbnail","hentry","category-justice"],"yoast_head":"<!-- This site is optimized with the Yoast SEO plugin v27.5 - https:\/\/yoast.com\/product\/yoast-seo-wordpress\/ -->\n<title>RDC\u00a0: Devant la Cour Constitutionnelle, les candidats aux l\u00e9gislatives du 20 d\u00e9cembre dont les suffrages ont \u00e9t\u00e9 annul\u00e9s par la CENI sollicitent d\u2019\u00eatre \u00abr\u00e9tablis dans leurs droits\u00bb - Infos Droits Humains<\/title>\n<meta name=\"robots\" content=\"index, follow, max-snippet:-1, max-image-preview:large, max-video-preview:-1\" \/>\n<link rel=\"canonical\" href=\"https:\/\/infos-droitshumains.net\/?p=8984\" \/>\n<meta property=\"og:locale\" content=\"fr_FR\" \/>\n<meta property=\"og:type\" content=\"article\" \/>\n<meta property=\"og:title\" content=\"RDC\u00a0: Devant la Cour Constitutionnelle, les candidats aux l\u00e9gislatives du 20 d\u00e9cembre dont les suffrages ont \u00e9t\u00e9 annul\u00e9s par la CENI sollicitent d\u2019\u00eatre \u00abr\u00e9tablis dans leurs droits\u00bb - Infos Droits Humains\" \/>\n<meta property=\"og:description\" content=\"R\u00e9daction : +243 817 406 088 La Cour Constitutionnelle a ouvert ce lundi 05 f\u00e9vrier,...\" \/>\n<meta property=\"og:url\" content=\"https:\/\/infos-droitshumains.net\/?p=8984\" \/>\n<meta property=\"og:site_name\" content=\"Infos Droits Humains\" \/>\n<meta property=\"article:published_time\" content=\"2024-02-06T09:46:47+00:00\" \/>\n<meta property=\"article:modified_time\" content=\"2024-02-06T11:21:21+00:00\" \/>\n<meta property=\"og:image\" content=\"https:\/\/infos-droitshumains.net\/wp-content\/uploads\/2024\/02\/IMG_20240205_125845_10.jpg\" \/>\n\t<meta property=\"og:image:width\" content=\"1040\" \/>\n\t<meta property=\"og:image:height\" content=\"468\" \/>\n\t<meta property=\"og:image:type\" content=\"image\/jpeg\" \/>\n<meta name=\"author\" content=\"Jo\u00ebl Diawa\" \/>\n<meta name=\"twitter:card\" content=\"summary_large_image\" \/>\n<meta name=\"twitter:label1\" content=\"\u00c9crit par\" \/>\n\t<meta name=\"twitter:data1\" content=\"Jo\u00ebl Diawa\" \/>\n\t<meta name=\"twitter:label2\" content=\"Dur\u00e9e de lecture estim\u00e9e\" \/>\n\t<meta name=\"twitter:data2\" content=\"3 minutes\" \/>\n<script type=\"application\/ld+json\" class=\"yoast-schema-graph\">{\"@context\":\"https:\\\/\\\/schema.org\",\"@graph\":[{\"@type\":\"Article\",\"@id\":\"https:\\\/\\\/infos-droitshumains.net\\\/?p=8984#article\",\"isPartOf\":{\"@id\":\"https:\\\/\\\/infos-droitshumains.net\\\/?p=8984\"},\"author\":{\"name\":\"Jo\u00ebl Diawa\",\"@id\":\"https:\\\/\\\/infos-droitshumains.net\\\/#\\\/schema\\\/person\\\/3dc5e921c3302172e0ed4362f96faab7\"},\"headline\":\"RDC\u00a0: Devant la Cour Constitutionnelle, les candidats aux l\u00e9gislatives du 20 d\u00e9cembre dont les suffrages ont \u00e9t\u00e9 annul\u00e9s par la CENI sollicitent d\u2019\u00eatre \u00abr\u00e9tablis dans leurs droits\u00bb\",\"datePublished\":\"2024-02-06T09:46:47+00:00\",\"dateModified\":\"2024-02-06T11:21:21+00:00\",\"mainEntityOfPage\":{\"@id\":\"https:\\\/\\\/infos-droitshumains.net\\\/?p=8984\"},\"wordCount\":664,\"commentCount\":0,\"publisher\":{\"@id\":\"https:\\\/\\\/infos-droitshumains.net\\\/#organization\"},\"image\":{\"@id\":\"https:\\\/\\\/infos-droitshumains.net\\\/?p=8984#primaryimage\"},\"thumbnailUrl\":\"https:\\\/\\\/i0.wp.com\\\/infos-droitshumains.net\\\/wp-content\\\/uploads\\\/2024\\\/02\\\/IMG_20240205_125845_10.jpg?fit=1040%2C468&ssl=1\",\"articleSection\":[\"Justice\"],\"inLanguage\":\"fr-FR\",\"potentialAction\":[{\"@type\":\"CommentAction\",\"name\":\"Comment\",\"target\":[\"https:\\\/\\\/infos-droitshumains.net\\\/?p=8984#respond\"]}]},{\"@type\":\"WebPage\",\"@id\":\"https:\\\/\\\/infos-droitshumains.net\\\/?p=8984\",\"url\":\"https:\\\/\\\/infos-droitshumains.net\\\/?p=8984\",\"name\":\"RDC\u00a0: Devant la Cour Constitutionnelle, les candidats aux l\u00e9gislatives du 20 d\u00e9cembre dont les suffrages ont \u00e9t\u00e9 annul\u00e9s par la CENI sollicitent d\u2019\u00eatre \u00abr\u00e9tablis dans leurs droits\u00bb - Infos Droits Humains\",\"isPartOf\":{\"@id\":\"https:\\\/\\\/infos-droitshumains.net\\\/#website\"},\"primaryImageOfPage\":{\"@id\":\"https:\\\/\\\/infos-droitshumains.net\\\/?p=8984#primaryimage\"},\"image\":{\"@id\":\"https:\\\/\\\/infos-droitshumains.net\\\/?p=8984#primaryimage\"},\"thumbnailUrl\":\"https:\\\/\\\/i0.wp.com\\\/infos-droitshumains.net\\\/wp-content\\\/uploads\\\/2024\\\/02\\\/IMG_20240205_125845_10.jpg?fit=1040%2C468&ssl=1\",\"datePublished\":\"2024-02-06T09:46:47+00:00\",\"dateModified\":\"2024-02-06T11:21:21+00:00\",\"breadcrumb\":{\"@id\":\"https:\\\/\\\/infos-droitshumains.net\\\/?p=8984#breadcrumb\"},\"inLanguage\":\"fr-FR\",\"potentialAction\":[{\"@type\":\"ReadAction\",\"target\":[\"https:\\\/\\\/infos-droitshumains.net\\\/?p=8984\"]}]},{\"@type\":\"ImageObject\",\"inLanguage\":\"fr-FR\",\"@id\":\"https:\\\/\\\/infos-droitshumains.net\\\/?p=8984#primaryimage\",\"url\":\"https:\\\/\\\/i0.wp.com\\\/infos-droitshumains.net\\\/wp-content\\\/uploads\\\/2024\\\/02\\\/IMG_20240205_125845_10.jpg?fit=1040%2C468&ssl=1\",\"contentUrl\":\"https:\\\/\\\/i0.wp.com\\\/infos-droitshumains.net\\\/wp-content\\\/uploads\\\/2024\\\/02\\\/IMG_20240205_125845_10.jpg?fit=1040%2C468&ssl=1\",\"width\":1040,\"height\":468},{\"@type\":\"BreadcrumbList\",\"@id\":\"https:\\\/\\\/infos-droitshumains.net\\\/?p=8984#breadcrumb\",\"itemListElement\":[{\"@type\":\"ListItem\",\"position\":1,\"name\":\"Accueil\",\"item\":\"https:\\\/\\\/infos-droitshumains.net\\\/\"},{\"@type\":\"ListItem\",\"position\":2,\"name\":\"RDC\u00a0: Devant la Cour Constitutionnelle, les candidats aux l\u00e9gislatives du 20 d\u00e9cembre dont les suffrages ont \u00e9t\u00e9 annul\u00e9s par la CENI sollicitent d\u2019\u00eatre \u00abr\u00e9tablis dans leurs droits\u00bb\"}]},{\"@type\":\"WebSite\",\"@id\":\"https:\\\/\\\/infos-droitshumains.net\\\/#website\",\"url\":\"https:\\\/\\\/infos-droitshumains.net\\\/\",\"name\":\"Infos Droits Humains\",\"description\":\"S&#039;informer est un droit\",\"publisher\":{\"@id\":\"https:\\\/\\\/infos-droitshumains.net\\\/#organization\"},\"potentialAction\":[{\"@type\":\"SearchAction\",\"target\":{\"@type\":\"EntryPoint\",\"urlTemplate\":\"https:\\\/\\\/infos-droitshumains.net\\\/?s={search_term_string}\"},\"query-input\":{\"@type\":\"PropertyValueSpecification\",\"valueRequired\":true,\"valueName\":\"search_term_string\"}}],\"inLanguage\":\"fr-FR\"},{\"@type\":\"Organization\",\"@id\":\"https:\\\/\\\/infos-droitshumains.net\\\/#organization\",\"name\":\"Infos Droits Humains\",\"url\":\"https:\\\/\\\/infos-droitshumains.net\\\/\",\"logo\":{\"@type\":\"ImageObject\",\"inLanguage\":\"fr-FR\",\"@id\":\"https:\\\/\\\/infos-droitshumains.net\\\/#\\\/schema\\\/logo\\\/image\\\/\",\"url\":\"https:\\\/\\\/i0.wp.com\\\/infos-droitshumains.net\\\/wp-content\\\/uploads\\\/2022\\\/05\\\/Logo.png?fit=333%2C129&ssl=1\",\"contentUrl\":\"https:\\\/\\\/i0.wp.com\\\/infos-droitshumains.net\\\/wp-content\\\/uploads\\\/2022\\\/05\\\/Logo.png?fit=333%2C129&ssl=1\",\"width\":333,\"height\":129,\"caption\":\"Infos Droits Humains\"},\"image\":{\"@id\":\"https:\\\/\\\/infos-droitshumains.net\\\/#\\\/schema\\\/logo\\\/image\\\/\"}},{\"@type\":\"Person\",\"@id\":\"https:\\\/\\\/infos-droitshumains.net\\\/#\\\/schema\\\/person\\\/3dc5e921c3302172e0ed4362f96faab7\",\"name\":\"Jo\u00ebl Diawa\",\"image\":{\"@type\":\"ImageObject\",\"inLanguage\":\"fr-FR\",\"@id\":\"https:\\\/\\\/secure.gravatar.com\\\/avatar\\\/729bea6ff4604c624417803c477363be8e3c7186deaa65713313f9b4b820f41c?s=96&d=mm&r=g\",\"url\":\"https:\\\/\\\/secure.gravatar.com\\\/avatar\\\/729bea6ff4604c624417803c477363be8e3c7186deaa65713313f9b4b820f41c?s=96&d=mm&r=g\",\"contentUrl\":\"https:\\\/\\\/secure.gravatar.com\\\/avatar\\\/729bea6ff4604c624417803c477363be8e3c7186deaa65713313f9b4b820f41c?s=96&d=mm&r=g\",\"caption\":\"Jo\u00ebl Diawa\"},\"sameAs\":[\"https:\\\/\\\/www.infos-droitshumains.net\"],\"url\":\"https:\\\/\\\/infos-droitshumains.net\\\/?author=2\"}]}<\/script>\n<!-- \/ Yoast SEO plugin. -->","yoast_head_json":{"title":"RDC\u00a0: Devant la Cour Constitutionnelle, les candidats aux l\u00e9gislatives du 20 d\u00e9cembre dont les suffrages ont \u00e9t\u00e9 annul\u00e9s par la CENI sollicitent d\u2019\u00eatre \u00abr\u00e9tablis dans leurs droits\u00bb - Infos Droits Humains","robots":{"index":"index","follow":"follow","max-snippet":"max-snippet:-1","max-image-preview":"max-image-preview:large","max-video-preview":"max-video-preview:-1"},"canonical":"https:\/\/infos-droitshumains.net\/?p=8984","og_locale":"fr_FR","og_type":"article","og_title":"RDC\u00a0: Devant la Cour Constitutionnelle, les candidats aux l\u00e9gislatives du 20 d\u00e9cembre dont les suffrages ont \u00e9t\u00e9 annul\u00e9s par la CENI sollicitent d\u2019\u00eatre \u00abr\u00e9tablis dans leurs droits\u00bb - Infos Droits Humains","og_description":"R\u00e9daction : +243 817 406 088 La Cour Constitutionnelle a ouvert ce lundi 05 f\u00e9vrier,...","og_url":"https:\/\/infos-droitshumains.net\/?p=8984","og_site_name":"Infos Droits Humains","article_published_time":"2024-02-06T09:46:47+00:00","article_modified_time":"2024-02-06T11:21:21+00:00","og_image":[{"width":1040,"height":468,"url":"https:\/\/infos-droitshumains.net\/wp-content\/uploads\/2024\/02\/IMG_20240205_125845_10.jpg","type":"image\/jpeg"}],"author":"Jo\u00ebl Diawa","twitter_card":"summary_large_image","twitter_misc":{"\u00c9crit par":"Jo\u00ebl Diawa","Dur\u00e9e de lecture estim\u00e9e":"3 minutes"},"schema":{"@context":"https:\/\/schema.org","@graph":[{"@type":"Article","@id":"https:\/\/infos-droitshumains.net\/?p=8984#article","isPartOf":{"@id":"https:\/\/infos-droitshumains.net\/?p=8984"},"author":{"name":"Jo\u00ebl Diawa","@id":"https:\/\/infos-droitshumains.net\/#\/schema\/person\/3dc5e921c3302172e0ed4362f96faab7"},"headline":"RDC\u00a0: Devant la Cour Constitutionnelle, les candidats aux l\u00e9gislatives du 20 d\u00e9cembre dont les suffrages ont \u00e9t\u00e9 annul\u00e9s par la CENI sollicitent d\u2019\u00eatre \u00abr\u00e9tablis dans leurs droits\u00bb","datePublished":"2024-02-06T09:46:47+00:00","dateModified":"2024-02-06T11:21:21+00:00","mainEntityOfPage":{"@id":"https:\/\/infos-droitshumains.net\/?p=8984"},"wordCount":664,"commentCount":0,"publisher":{"@id":"https:\/\/infos-droitshumains.net\/#organization"},"image":{"@id":"https:\/\/infos-droitshumains.net\/?p=8984#primaryimage"},"thumbnailUrl":"https:\/\/i0.wp.com\/infos-droitshumains.net\/wp-content\/uploads\/2024\/02\/IMG_20240205_125845_10.jpg?fit=1040%2C468&ssl=1","articleSection":["Justice"],"inLanguage":"fr-FR","potentialAction":[{"@type":"CommentAction","name":"Comment","target":["https:\/\/infos-droitshumains.net\/?p=8984#respond"]}]},{"@type":"WebPage","@id":"https:\/\/infos-droitshumains.net\/?p=8984","url":"https:\/\/infos-droitshumains.net\/?p=8984","name":"RDC\u00a0: Devant la Cour Constitutionnelle, les candidats aux l\u00e9gislatives du 20 d\u00e9cembre dont les suffrages ont \u00e9t\u00e9 annul\u00e9s par la CENI sollicitent d\u2019\u00eatre \u00abr\u00e9tablis dans leurs droits\u00bb - Infos Droits Humains","isPartOf":{"@id":"https:\/\/infos-droitshumains.net\/#website"},"primaryImageOfPage":{"@id":"https:\/\/infos-droitshumains.net\/?p=8984#primaryimage"},"image":{"@id":"https:\/\/infos-droitshumains.net\/?p=8984#primaryimage"},"thumbnailUrl":"https:\/\/i0.wp.com\/infos-droitshumains.net\/wp-content\/uploads\/2024\/02\/IMG_20240205_125845_10.jpg?fit=1040%2C468&ssl=1","datePublished":"2024-02-06T09:46:47+00:00","dateModified":"2024-02-06T11:21:21+00:00","breadcrumb":{"@id":"https:\/\/infos-droitshumains.net\/?p=8984#breadcrumb"},"inLanguage":"fr-FR","potentialAction":[{"@type":"ReadAction","target":["https:\/\/infos-droitshumains.net\/?p=8984"]}]},{"@type":"ImageObject","inLanguage":"fr-FR","@id":"https:\/\/infos-droitshumains.net\/?p=8984#primaryimage","url":"https:\/\/i0.wp.com\/infos-droitshumains.net\/wp-content\/uploads\/2024\/02\/IMG_20240205_125845_10.jpg?fit=1040%2C468&ssl=1","contentUrl":"https:\/\/i0.wp.com\/infos-droitshumains.net\/wp-content\/uploads\/2024\/02\/IMG_20240205_125845_10.jpg?fit=1040%2C468&ssl=1","width":1040,"height":468},{"@type":"BreadcrumbList","@id":"https:\/\/infos-droitshumains.net\/?p=8984#breadcrumb","itemListElement":[{"@type":"ListItem","position":1,"name":"Accueil","item":"https:\/\/infos-droitshumains.net\/"},{"@type":"ListItem","position":2,"name":"RDC\u00a0: Devant la Cour Constitutionnelle, les candidats aux l\u00e9gislatives du 20 d\u00e9cembre dont les suffrages ont \u00e9t\u00e9 annul\u00e9s par la CENI sollicitent d\u2019\u00eatre \u00abr\u00e9tablis dans leurs droits\u00bb"}]},{"@type":"WebSite","@id":"https:\/\/infos-droitshumains.net\/#website","url":"https:\/\/infos-droitshumains.net\/","name":"Infos Droits Humains","description":"S&#039;informer est un droit","publisher":{"@id":"https:\/\/infos-droitshumains.net\/#organization"},"potentialAction":[{"@type":"SearchAction","target":{"@type":"EntryPoint","urlTemplate":"https:\/\/infos-droitshumains.net\/?s={search_term_string}"},"query-input":{"@type":"PropertyValueSpecification","valueRequired":true,"valueName":"search_term_string"}}],"inLanguage":"fr-FR"},{"@type":"Organization","@id":"https:\/\/infos-droitshumains.net\/#organization","name":"Infos Droits Humains","url":"https:\/\/infos-droitshumains.net\/","logo":{"@type":"ImageObject","inLanguage":"fr-FR","@id":"https:\/\/infos-droitshumains.net\/#\/schema\/logo\/image\/","url":"https:\/\/i0.wp.com\/infos-droitshumains.net\/wp-content\/uploads\/2022\/05\/Logo.png?fit=333%2C129&ssl=1","contentUrl":"https:\/\/i0.wp.com\/infos-droitshumains.net\/wp-content\/uploads\/2022\/05\/Logo.png?fit=333%2C129&ssl=1","width":333,"height":129,"caption":"Infos Droits Humains"},"image":{"@id":"https:\/\/infos-droitshumains.net\/#\/schema\/logo\/image\/"}},{"@type":"Person","@id":"https:\/\/infos-droitshumains.net\/#\/schema\/person\/3dc5e921c3302172e0ed4362f96faab7","name":"Jo\u00ebl Diawa","image":{"@type":"ImageObject","inLanguage":"fr-FR","@id":"https:\/\/secure.gravatar.com\/avatar\/729bea6ff4604c624417803c477363be8e3c7186deaa65713313f9b4b820f41c?s=96&d=mm&r=g","url":"https:\/\/secure.gravatar.com\/avatar\/729bea6ff4604c624417803c477363be8e3c7186deaa65713313f9b4b820f41c?s=96&d=mm&r=g","contentUrl":"https:\/\/secure.gravatar.com\/avatar\/729bea6ff4604c624417803c477363be8e3c7186deaa65713313f9b4b820f41c?s=96&d=mm&r=g","caption":"Jo\u00ebl Diawa"},"sameAs":["https:\/\/www.infos-droitshumains.net"],"url":"https:\/\/infos-droitshumains.net\/?author=2"}]}},"featured_image_urls":{"full":["https:\/\/i0.wp.com\/infos-droitshumains.net\/wp-content\/uploads\/2024\/02\/IMG_20240205_125845_10.jpg?fit=1040%2C468&ssl=1",1040,468,false],"thumbnail":["https:\/\/i0.wp.com\/infos-droitshumains.net\/wp-content\/uploads\/2024\/02\/IMG_20240205_125845_10.jpg?resize=150%2C150&ssl=1",150,150,true],"medium":["https:\/\/i0.wp.com\/infos-droitshumains.net\/wp-content\/uploads\/2024\/02\/IMG_20240205_125845_10.jpg?fit=300%2C135&ssl=1",300,135,true],"medium_large":["https:\/\/i0.wp.com\/infos-droitshumains.net\/wp-content\/uploads\/2024\/02\/IMG_20240205_125845_10.jpg?fit=640%2C288&ssl=1",640,288,true],"large":["https:\/\/i0.wp.com\/infos-droitshumains.net\/wp-content\/uploads\/2024\/02\/IMG_20240205_125845_10.jpg?fit=640%2C288&ssl=1",640,288,true],"1536x1536":["https:\/\/i0.wp.com\/infos-droitshumains.net\/wp-content\/uploads\/2024\/02\/IMG_20240205_125845_10.jpg?fit=1040%2C468&ssl=1",1040,468,true],"2048x2048":["https:\/\/i0.wp.com\/infos-droitshumains.net\/wp-content\/uploads\/2024\/02\/IMG_20240205_125845_10.jpg?fit=1040%2C468&ssl=1",1040,468,true],"covernews-slider-full":["https:\/\/i0.wp.com\/infos-droitshumains.net\/wp-content\/uploads\/2024\/02\/IMG_20240205_125845_10.jpg?resize=1040%2C468&ssl=1",1040,468,true],"covernews-slider-center":["https:\/\/i0.wp.com\/infos-droitshumains.net\/wp-content\/uploads\/2024\/02\/IMG_20240205_125845_10.jpg?resize=800%2C468&ssl=1",800,468,true],"covernews-featured":["https:\/\/i0.wp.com\/infos-droitshumains.net\/wp-content\/uploads\/2024\/02\/IMG_20240205_125845_10.jpg?fit=1024%2C461&ssl=1",1024,461,true],"covernews-medium":["https:\/\/i0.wp.com\/infos-droitshumains.net\/wp-content\/uploads\/2024\/02\/IMG_20240205_125845_10.jpg?resize=540%2C340&ssl=1",540,340,true],"covernews-medium-square":["https:\/\/i0.wp.com\/infos-droitshumains.net\/wp-content\/uploads\/2024\/02\/IMG_20240205_125845_10.jpg?resize=400%2C250&ssl=1",400,250,true]},"author_info":{"display_name":"Jo\u00ebl Diawa","author_link":"https:\/\/infos-droitshumains.net\/?author=2"},"category_info":"<a href=\"https:\/\/infos-droitshumains.net\/?cat=6\" rel=\"category\">Justice<\/a>","tag_info":"Justice","comment_count":"0","jetpack_featured_media_url":"https:\/\/i0.wp.com\/infos-droitshumains.net\/wp-content\/uploads\/2024\/02\/IMG_20240205_125845_10.jpg?fit=1040%2C468&ssl=1","jetpack-related-posts":[],"jetpack_sharing_enabled":true,"_links":{"self":[{"href":"https:\/\/infos-droitshumains.net\/index.php?rest_route=\/wp\/v2\/posts\/8984","targetHints":{"allow":["GET"]}}],"collection":[{"href":"https:\/\/infos-droitshumains.net\/index.php?rest_route=\/wp\/v2\/posts"}],"about":[{"href":"https:\/\/infos-droitshumains.net\/index.php?rest_route=\/wp\/v2\/types\/post"}],"author":[{"embeddable":true,"href":"https:\/\/infos-droitshumains.net\/index.php?rest_route=\/wp\/v2\/users\/2"}],"replies":[{"embeddable":true,"href":"https:\/\/infos-droitshumains.net\/index.php?rest_route=%2Fwp%2Fv2%2Fcomments&post=8984"}],"version-history":[{"count":7,"href":"https:\/\/infos-droitshumains.net\/index.php?rest_route=\/wp\/v2\/posts\/8984\/revisions"}],"predecessor-version":[{"id":8996,"href":"https:\/\/infos-droitshumains.net\/index.php?rest_route=\/wp\/v2\/posts\/8984\/revisions\/8996"}],"wp:featuredmedia":[{"embeddable":true,"href":"https:\/\/infos-droitshumains.net\/index.php?rest_route=\/wp\/v2\/media\/8989"}],"wp:attachment":[{"href":"https:\/\/infos-droitshumains.net\/index.php?rest_route=%2Fwp%2Fv2%2Fmedia&parent=8984"}],"wp:term":[{"taxonomy":"category","embeddable":true,"href":"https:\/\/infos-droitshumains.net\/index.php?rest_route=%2Fwp%2Fv2%2Fcategories&post=8984"},{"taxonomy":"post_tag","embeddable":true,"href":"https:\/\/infos-droitshumains.net\/index.php?rest_route=%2Fwp%2Fv2%2Ftags&post=8984"}],"curies":[{"name":"wp","href":"https:\/\/api.w.org\/{rel}","templated":true}]}}