{"id":8958,"date":"2024-01-30T01:54:15","date_gmt":"2024-01-30T00:54:15","guid":{"rendered":"https:\/\/infos-droitshumains.net\/?p=8958"},"modified":"2024-01-30T02:06:30","modified_gmt":"2024-01-30T01:06:30","slug":"primature-ou-presidence-de-lassemblee-nationale-je-ne-suis-candidat-a-rien-du-tout-vital-kamerhe-assene-un-coup-de-massue-a-ses-detracteurs","status":"publish","type":"post","link":"https:\/\/infos-droitshumains.net\/?p=8958","title":{"rendered":"Primature ou Pr\u00e9sidence de l\u2019Assembl\u00e9e Nationale\u00a0? \u00ab\u00a0Je ne suis candidat \u00e0 rien du tout\u2026\u00bb. Vital Kamerhe ass\u00e8ne un coup de massue \u00e0 ses d\u00e9tracteurs"},"content":{"rendered":"\n<p><strong>R\u00e9daction : +243817406088<\/strong><\/p>\n\n\n\n<h4 class=\"wp-block-heading has-vivid-red-color has-text-color has-link-color wp-elements-a1681e33f1e1b418de3cf3997746f09b\">L\u2019Assembl\u00e9e Nationale de la R\u00e9publique D\u00e9mocratique du Congo a officiellement ouvert ses portes pour la quatri\u00e8me l\u00e9gislature. Les 477 \u00e9lus lors des \u00e9lections du 20 d\u00e9cembre dernier ont r\u00e9pondu pr\u00e9sent \u00e0 la session extraordinaire convoqu\u00e9e ce lundi 29 janvier 2024 par le secr\u00e9taire g\u00e9n\u00e9ral de la chambre basse du parlement afin de valider leurs mandats.<\/h4>\n\n\n\n<p>Au nombre des \u00e9lus ayant r\u00e9pondus pr\u00e9sent \u00e0 ce rendez-vous, Vital Kamerhe. L\u2019actuel Vice Premier-Ministre Ministre de l\u2019\u00e9conomie qui s\u2019est offert un bain de foule, s\u2019est arr\u00eat\u00e9 sur les marches du palais du peules pour r\u00e9pondre \u00e0 quelques questions d\u2019actualit\u00e9 lui pos\u00e9 par la presse.<\/p>\n\n\n\n<p>Il a en quelques mots, d\u00e9cliquer de mani\u00e8re explicite les objectifs de la plateforme Pacte pour un Congo Retrouv\u00e9, PCR qu\u2019il a cr\u00e9\u00e9e ensemble avec Tony Kanku Shiku, Julien Paluku et Jean-Lucien Busa.<\/p>\n\n\n\n<p><em>\u00ab&nbsp;Nous nous sommes regroup\u00e9s au sein du PCR, pour promouvoir les valeurs. Au moment o\u00f9 je vous parle, il y a des commissions qui travaillent sur comment d\u00e9cliner six priorit\u00e9s que le pr\u00e9sident de la R\u00e9publique avait dites dans son discours d\u2019investiture. Tout le monde attend, mais le Pr\u00e9sident a demand\u00e9 que nous puissions l\u2019aider et que chaque congolais mette la main dans la p\u00e2te et c\u2019est \u00e7a, toute la signification&nbsp;\u00bb<\/em>, a d\u00e9clar\u00e9 Vital Kamerhe avant d\u2019accorder un pardon sinc\u00e8re \u00e0 ses d\u00e9tracteurs&nbsp;:<\/p>\n\n\n\n<p><em>\u00ab&nbsp;\u2026Voil\u00e0 pourquoi je ne r\u00e9ponds pas \u00e0 toutes les provocations des r\u00e9seaux sociaux parce que ma conscience est tranquille. A tous ces gens-l\u00e0, je donne l\u2019amour&nbsp;; j\u2019aime tout le monde, j\u2019aime le Congo&nbsp;\u00bb.<\/em><\/p>\n\n\n\n<p>L\u2019\u00e9lu de Bukavu a \u00e9galement saisi ce moment pour r\u00e9pondre \u00e0 ceux qui lui pr\u00eatent l\u2019intention de vouloir faire du chantage au Chef de l\u2019Etat pour r\u00e9cup\u00e9rer la primature ou le perchoir de l\u2019Assembl\u00e9e Nationale&nbsp;:<\/p>\n\n\n\n<p><em>\u00ab&nbsp;Ils doivent savoir une chose, le poste de Premier-Ministre tout comme le poste de Pr\u00e9sident de la l\u2019Assembl\u00e9e Nationale, sont \u00e0 la discr\u00e9tion du Pr\u00e9sident de la R\u00e9publique, et je ne suis candidat \u00e0 rien du tout\u2026\u00bb<\/em><\/p>\n\n\n\n<p>Toutefois, Primature ou Assembl\u00e9e Nationale, Kamerhe est le plus m\u00e9ritant, mais l\u00e0, il vient d\u2019assener un coup de massue \u00e0 ses d\u00e9tracteurs qui, \u00e0 court d\u2019arguments, envahissent les r\u00e9seaux sociaux avec une avalanche d\u2019insultes prof\u00e9r\u00e9es contre sa personne.<\/p>\n\n\n\n<p>Jo\u00ebl Diawa<\/p>\n","protected":false},"excerpt":{"rendered":"<p>R\u00e9daction : +243817406088 L\u2019Assembl\u00e9e Nationale de la R\u00e9publique D\u00e9mocratique du Congo a officiellement ouvert ses&#8230;<\/p>\n","protected":false},"author":2,"featured_media":8960,"comment_status":"open","ping_status":"open","sticky":false,"template":"","format":"standard","meta":{"_jetpack_memberships_contains_paid_content":false,"footnotes":""},"categories":[3],"tags":[],"class_list":["post-8958","post","type-post","status-publish","format-standard","has-post-thumbnail","hentry","category-politique"],"yoast_head":"<!-- This site is optimized with the Yoast SEO plugin v27.5 - https:\/\/yoast.com\/product\/yoast-seo-wordpress\/ -->\n<title>Primature ou Pr\u00e9sidence de l\u2019Assembl\u00e9e Nationale\u00a0? \u00ab\u00a0Je ne suis candidat \u00e0 rien du tout\u2026\u00bb. Vital Kamerhe ass\u00e8ne un coup de massue \u00e0 ses d\u00e9tracteurs - Infos Droits Humains<\/title>\n<meta name=\"robots\" content=\"index, follow, max-snippet:-1, max-image-preview:large, max-video-preview:-1\" \/>\n<link rel=\"canonical\" href=\"https:\/\/infos-droitshumains.net\/?p=8958\" \/>\n<meta property=\"og:locale\" content=\"fr_FR\" \/>\n<meta property=\"og:type\" content=\"article\" \/>\n<meta property=\"og:title\" content=\"Primature ou Pr\u00e9sidence de l\u2019Assembl\u00e9e Nationale\u00a0? \u00ab\u00a0Je ne suis candidat \u00e0 rien du tout\u2026\u00bb. Vital Kamerhe ass\u00e8ne un coup de massue \u00e0 ses d\u00e9tracteurs - Infos Droits Humains\" \/>\n<meta property=\"og:description\" content=\"R\u00e9daction : +243817406088 L\u2019Assembl\u00e9e Nationale de la R\u00e9publique D\u00e9mocratique du Congo a officiellement ouvert ses...\" \/>\n<meta property=\"og:url\" content=\"https:\/\/infos-droitshumains.net\/?p=8958\" \/>\n<meta property=\"og:site_name\" content=\"Infos Droits Humains\" \/>\n<meta property=\"article:published_time\" content=\"2024-01-30T00:54:15+00:00\" \/>\n<meta property=\"article:modified_time\" content=\"2024-01-30T01:06:30+00:00\" \/>\n<meta property=\"og:image\" content=\"https:\/\/infos-droitshumains.net\/wp-content\/uploads\/2024\/01\/20240130_15037.jpg\" \/>\n\t<meta property=\"og:image:width\" content=\"1000\" \/>\n\t<meta property=\"og:image:height\" content=\"673\" \/>\n\t<meta property=\"og:image:type\" content=\"image\/jpeg\" \/>\n<meta name=\"author\" content=\"Jo\u00ebl Diawa\" \/>\n<meta name=\"twitter:card\" content=\"summary_large_image\" \/>\n<meta name=\"twitter:label1\" content=\"\u00c9crit par\" \/>\n\t<meta name=\"twitter:data1\" content=\"Jo\u00ebl Diawa\" \/>\n\t<meta name=\"twitter:label2\" content=\"Dur\u00e9e de lecture estim\u00e9e\" \/>\n\t<meta name=\"twitter:data2\" content=\"2 minutes\" \/>\n<script type=\"application\/ld+json\" class=\"yoast-schema-graph\">{\"@context\":\"https:\\\/\\\/schema.org\",\"@graph\":[{\"@type\":\"Article\",\"@id\":\"https:\\\/\\\/infos-droitshumains.net\\\/?p=8958#article\",\"isPartOf\":{\"@id\":\"https:\\\/\\\/infos-droitshumains.net\\\/?p=8958\"},\"author\":{\"name\":\"Jo\u00ebl Diawa\",\"@id\":\"https:\\\/\\\/infos-droitshumains.net\\\/#\\\/schema\\\/person\\\/3dc5e921c3302172e0ed4362f96faab7\"},\"headline\":\"Primature ou Pr\u00e9sidence de l\u2019Assembl\u00e9e Nationale\u00a0? \u00ab\u00a0Je ne suis candidat \u00e0 rien du tout\u2026\u00bb. Vital Kamerhe ass\u00e8ne un coup de massue \u00e0 ses d\u00e9tracteurs\",\"datePublished\":\"2024-01-30T00:54:15+00:00\",\"dateModified\":\"2024-01-30T01:06:30+00:00\",\"mainEntityOfPage\":{\"@id\":\"https:\\\/\\\/infos-droitshumains.net\\\/?p=8958\"},\"wordCount\":454,\"commentCount\":0,\"publisher\":{\"@id\":\"https:\\\/\\\/infos-droitshumains.net\\\/#organization\"},\"image\":{\"@id\":\"https:\\\/\\\/infos-droitshumains.net\\\/?p=8958#primaryimage\"},\"thumbnailUrl\":\"https:\\\/\\\/i0.wp.com\\\/infos-droitshumains.net\\\/wp-content\\\/uploads\\\/2024\\\/01\\\/20240130_15037.jpg?fit=1000%2C673&ssl=1\",\"articleSection\":[\"Politique\"],\"inLanguage\":\"fr-FR\",\"potentialAction\":[{\"@type\":\"CommentAction\",\"name\":\"Comment\",\"target\":[\"https:\\\/\\\/infos-droitshumains.net\\\/?p=8958#respond\"]}]},{\"@type\":\"WebPage\",\"@id\":\"https:\\\/\\\/infos-droitshumains.net\\\/?p=8958\",\"url\":\"https:\\\/\\\/infos-droitshumains.net\\\/?p=8958\",\"name\":\"Primature ou Pr\u00e9sidence de l\u2019Assembl\u00e9e Nationale\u00a0? \u00ab\u00a0Je ne suis candidat \u00e0 rien du tout\u2026\u00bb. Vital Kamerhe ass\u00e8ne un coup de massue \u00e0 ses d\u00e9tracteurs - Infos Droits Humains\",\"isPartOf\":{\"@id\":\"https:\\\/\\\/infos-droitshumains.net\\\/#website\"},\"primaryImageOfPage\":{\"@id\":\"https:\\\/\\\/infos-droitshumains.net\\\/?p=8958#primaryimage\"},\"image\":{\"@id\":\"https:\\\/\\\/infos-droitshumains.net\\\/?p=8958#primaryimage\"},\"thumbnailUrl\":\"https:\\\/\\\/i0.wp.com\\\/infos-droitshumains.net\\\/wp-content\\\/uploads\\\/2024\\\/01\\\/20240130_15037.jpg?fit=1000%2C673&ssl=1\",\"datePublished\":\"2024-01-30T00:54:15+00:00\",\"dateModified\":\"2024-01-30T01:06:30+00:00\",\"breadcrumb\":{\"@id\":\"https:\\\/\\\/infos-droitshumains.net\\\/?p=8958#breadcrumb\"},\"inLanguage\":\"fr-FR\",\"potentialAction\":[{\"@type\":\"ReadAction\",\"target\":[\"https:\\\/\\\/infos-droitshumains.net\\\/?p=8958\"]}]},{\"@type\":\"ImageObject\",\"inLanguage\":\"fr-FR\",\"@id\":\"https:\\\/\\\/infos-droitshumains.net\\\/?p=8958#primaryimage\",\"url\":\"https:\\\/\\\/i0.wp.com\\\/infos-droitshumains.net\\\/wp-content\\\/uploads\\\/2024\\\/01\\\/20240130_15037.jpg?fit=1000%2C673&ssl=1\",\"contentUrl\":\"https:\\\/\\\/i0.wp.com\\\/infos-droitshumains.net\\\/wp-content\\\/uploads\\\/2024\\\/01\\\/20240130_15037.jpg?fit=1000%2C673&ssl=1\",\"width\":1000,\"height\":673},{\"@type\":\"BreadcrumbList\",\"@id\":\"https:\\\/\\\/infos-droitshumains.net\\\/?p=8958#breadcrumb\",\"itemListElement\":[{\"@type\":\"ListItem\",\"position\":1,\"name\":\"Accueil\",\"item\":\"https:\\\/\\\/infos-droitshumains.net\\\/\"},{\"@type\":\"ListItem\",\"position\":2,\"name\":\"Primature ou Pr\u00e9sidence de l\u2019Assembl\u00e9e Nationale\u00a0? \u00ab\u00a0Je ne suis candidat \u00e0 rien du tout\u2026\u00bb. Vital Kamerhe ass\u00e8ne un coup de massue \u00e0 ses d\u00e9tracteurs\"}]},{\"@type\":\"WebSite\",\"@id\":\"https:\\\/\\\/infos-droitshumains.net\\\/#website\",\"url\":\"https:\\\/\\\/infos-droitshumains.net\\\/\",\"name\":\"Infos Droits Humains\",\"description\":\"S&#039;informer est un droit\",\"publisher\":{\"@id\":\"https:\\\/\\\/infos-droitshumains.net\\\/#organization\"},\"potentialAction\":[{\"@type\":\"SearchAction\",\"target\":{\"@type\":\"EntryPoint\",\"urlTemplate\":\"https:\\\/\\\/infos-droitshumains.net\\\/?s={search_term_string}\"},\"query-input\":{\"@type\":\"PropertyValueSpecification\",\"valueRequired\":true,\"valueName\":\"search_term_string\"}}],\"inLanguage\":\"fr-FR\"},{\"@type\":\"Organization\",\"@id\":\"https:\\\/\\\/infos-droitshumains.net\\\/#organization\",\"name\":\"Infos Droits Humains\",\"url\":\"https:\\\/\\\/infos-droitshumains.net\\\/\",\"logo\":{\"@type\":\"ImageObject\",\"inLanguage\":\"fr-FR\",\"@id\":\"https:\\\/\\\/infos-droitshumains.net\\\/#\\\/schema\\\/logo\\\/image\\\/\",\"url\":\"https:\\\/\\\/i0.wp.com\\\/infos-droitshumains.net\\\/wp-content\\\/uploads\\\/2022\\\/05\\\/Logo.png?fit=333%2C129&ssl=1\",\"contentUrl\":\"https:\\\/\\\/i0.wp.com\\\/infos-droitshumains.net\\\/wp-content\\\/uploads\\\/2022\\\/05\\\/Logo.png?fit=333%2C129&ssl=1\",\"width\":333,\"height\":129,\"caption\":\"Infos Droits Humains\"},\"image\":{\"@id\":\"https:\\\/\\\/infos-droitshumains.net\\\/#\\\/schema\\\/logo\\\/image\\\/\"}},{\"@type\":\"Person\",\"@id\":\"https:\\\/\\\/infos-droitshumains.net\\\/#\\\/schema\\\/person\\\/3dc5e921c3302172e0ed4362f96faab7\",\"name\":\"Jo\u00ebl Diawa\",\"image\":{\"@type\":\"ImageObject\",\"inLanguage\":\"fr-FR\",\"@id\":\"https:\\\/\\\/secure.gravatar.com\\\/avatar\\\/729bea6ff4604c624417803c477363be8e3c7186deaa65713313f9b4b820f41c?s=96&d=mm&r=g\",\"url\":\"https:\\\/\\\/secure.gravatar.com\\\/avatar\\\/729bea6ff4604c624417803c477363be8e3c7186deaa65713313f9b4b820f41c?s=96&d=mm&r=g\",\"contentUrl\":\"https:\\\/\\\/secure.gravatar.com\\\/avatar\\\/729bea6ff4604c624417803c477363be8e3c7186deaa65713313f9b4b820f41c?s=96&d=mm&r=g\",\"caption\":\"Jo\u00ebl Diawa\"},\"sameAs\":[\"https:\\\/\\\/www.infos-droitshumains.net\"],\"url\":\"https:\\\/\\\/infos-droitshumains.net\\\/?author=2\"}]}<\/script>\n<!-- \/ Yoast SEO plugin. -->","yoast_head_json":{"title":"Primature ou Pr\u00e9sidence de l\u2019Assembl\u00e9e Nationale\u00a0? \u00ab\u00a0Je ne suis candidat \u00e0 rien du tout\u2026\u00bb. Vital Kamerhe ass\u00e8ne un coup de massue \u00e0 ses d\u00e9tracteurs - Infos Droits Humains","robots":{"index":"index","follow":"follow","max-snippet":"max-snippet:-1","max-image-preview":"max-image-preview:large","max-video-preview":"max-video-preview:-1"},"canonical":"https:\/\/infos-droitshumains.net\/?p=8958","og_locale":"fr_FR","og_type":"article","og_title":"Primature ou Pr\u00e9sidence de l\u2019Assembl\u00e9e Nationale\u00a0? \u00ab\u00a0Je ne suis candidat \u00e0 rien du tout\u2026\u00bb. Vital Kamerhe ass\u00e8ne un coup de massue \u00e0 ses d\u00e9tracteurs - Infos Droits Humains","og_description":"R\u00e9daction : +243817406088 L\u2019Assembl\u00e9e Nationale de la R\u00e9publique D\u00e9mocratique du Congo a officiellement ouvert ses...","og_url":"https:\/\/infos-droitshumains.net\/?p=8958","og_site_name":"Infos Droits Humains","article_published_time":"2024-01-30T00:54:15+00:00","article_modified_time":"2024-01-30T01:06:30+00:00","og_image":[{"width":1000,"height":673,"url":"https:\/\/infos-droitshumains.net\/wp-content\/uploads\/2024\/01\/20240130_15037.jpg","type":"image\/jpeg"}],"author":"Jo\u00ebl Diawa","twitter_card":"summary_large_image","twitter_misc":{"\u00c9crit par":"Jo\u00ebl Diawa","Dur\u00e9e de lecture estim\u00e9e":"2 minutes"},"schema":{"@context":"https:\/\/schema.org","@graph":[{"@type":"Article","@id":"https:\/\/infos-droitshumains.net\/?p=8958#article","isPartOf":{"@id":"https:\/\/infos-droitshumains.net\/?p=8958"},"author":{"name":"Jo\u00ebl Diawa","@id":"https:\/\/infos-droitshumains.net\/#\/schema\/person\/3dc5e921c3302172e0ed4362f96faab7"},"headline":"Primature ou Pr\u00e9sidence de l\u2019Assembl\u00e9e Nationale\u00a0? \u00ab\u00a0Je ne suis candidat \u00e0 rien du tout\u2026\u00bb. Vital Kamerhe ass\u00e8ne un coup de massue \u00e0 ses d\u00e9tracteurs","datePublished":"2024-01-30T00:54:15+00:00","dateModified":"2024-01-30T01:06:30+00:00","mainEntityOfPage":{"@id":"https:\/\/infos-droitshumains.net\/?p=8958"},"wordCount":454,"commentCount":0,"publisher":{"@id":"https:\/\/infos-droitshumains.net\/#organization"},"image":{"@id":"https:\/\/infos-droitshumains.net\/?p=8958#primaryimage"},"thumbnailUrl":"https:\/\/i0.wp.com\/infos-droitshumains.net\/wp-content\/uploads\/2024\/01\/20240130_15037.jpg?fit=1000%2C673&ssl=1","articleSection":["Politique"],"inLanguage":"fr-FR","potentialAction":[{"@type":"CommentAction","name":"Comment","target":["https:\/\/infos-droitshumains.net\/?p=8958#respond"]}]},{"@type":"WebPage","@id":"https:\/\/infos-droitshumains.net\/?p=8958","url":"https:\/\/infos-droitshumains.net\/?p=8958","name":"Primature ou Pr\u00e9sidence de l\u2019Assembl\u00e9e Nationale\u00a0? \u00ab\u00a0Je ne suis candidat \u00e0 rien du tout\u2026\u00bb. Vital Kamerhe ass\u00e8ne un coup de massue \u00e0 ses d\u00e9tracteurs - Infos Droits Humains","isPartOf":{"@id":"https:\/\/infos-droitshumains.net\/#website"},"primaryImageOfPage":{"@id":"https:\/\/infos-droitshumains.net\/?p=8958#primaryimage"},"image":{"@id":"https:\/\/infos-droitshumains.net\/?p=8958#primaryimage"},"thumbnailUrl":"https:\/\/i0.wp.com\/infos-droitshumains.net\/wp-content\/uploads\/2024\/01\/20240130_15037.jpg?fit=1000%2C673&ssl=1","datePublished":"2024-01-30T00:54:15+00:00","dateModified":"2024-01-30T01:06:30+00:00","breadcrumb":{"@id":"https:\/\/infos-droitshumains.net\/?p=8958#breadcrumb"},"inLanguage":"fr-FR","potentialAction":[{"@type":"ReadAction","target":["https:\/\/infos-droitshumains.net\/?p=8958"]}]},{"@type":"ImageObject","inLanguage":"fr-FR","@id":"https:\/\/infos-droitshumains.net\/?p=8958#primaryimage","url":"https:\/\/i0.wp.com\/infos-droitshumains.net\/wp-content\/uploads\/2024\/01\/20240130_15037.jpg?fit=1000%2C673&ssl=1","contentUrl":"https:\/\/i0.wp.com\/infos-droitshumains.net\/wp-content\/uploads\/2024\/01\/20240130_15037.jpg?fit=1000%2C673&ssl=1","width":1000,"height":673},{"@type":"BreadcrumbList","@id":"https:\/\/infos-droitshumains.net\/?p=8958#breadcrumb","itemListElement":[{"@type":"ListItem","position":1,"name":"Accueil","item":"https:\/\/infos-droitshumains.net\/"},{"@type":"ListItem","position":2,"name":"Primature ou Pr\u00e9sidence de l\u2019Assembl\u00e9e Nationale\u00a0? \u00ab\u00a0Je ne suis candidat \u00e0 rien du tout\u2026\u00bb. Vital Kamerhe ass\u00e8ne un coup de massue \u00e0 ses d\u00e9tracteurs"}]},{"@type":"WebSite","@id":"https:\/\/infos-droitshumains.net\/#website","url":"https:\/\/infos-droitshumains.net\/","name":"Infos Droits Humains","description":"S&#039;informer est un droit","publisher":{"@id":"https:\/\/infos-droitshumains.net\/#organization"},"potentialAction":[{"@type":"SearchAction","target":{"@type":"EntryPoint","urlTemplate":"https:\/\/infos-droitshumains.net\/?s={search_term_string}"},"query-input":{"@type":"PropertyValueSpecification","valueRequired":true,"valueName":"search_term_string"}}],"inLanguage":"fr-FR"},{"@type":"Organization","@id":"https:\/\/infos-droitshumains.net\/#organization","name":"Infos Droits Humains","url":"https:\/\/infos-droitshumains.net\/","logo":{"@type":"ImageObject","inLanguage":"fr-FR","@id":"https:\/\/infos-droitshumains.net\/#\/schema\/logo\/image\/","url":"https:\/\/i0.wp.com\/infos-droitshumains.net\/wp-content\/uploads\/2022\/05\/Logo.png?fit=333%2C129&ssl=1","contentUrl":"https:\/\/i0.wp.com\/infos-droitshumains.net\/wp-content\/uploads\/2022\/05\/Logo.png?fit=333%2C129&ssl=1","width":333,"height":129,"caption":"Infos Droits Humains"},"image":{"@id":"https:\/\/infos-droitshumains.net\/#\/schema\/logo\/image\/"}},{"@type":"Person","@id":"https:\/\/infos-droitshumains.net\/#\/schema\/person\/3dc5e921c3302172e0ed4362f96faab7","name":"Jo\u00ebl Diawa","image":{"@type":"ImageObject","inLanguage":"fr-FR","@id":"https:\/\/secure.gravatar.com\/avatar\/729bea6ff4604c624417803c477363be8e3c7186deaa65713313f9b4b820f41c?s=96&d=mm&r=g","url":"https:\/\/secure.gravatar.com\/avatar\/729bea6ff4604c624417803c477363be8e3c7186deaa65713313f9b4b820f41c?s=96&d=mm&r=g","contentUrl":"https:\/\/secure.gravatar.com\/avatar\/729bea6ff4604c624417803c477363be8e3c7186deaa65713313f9b4b820f41c?s=96&d=mm&r=g","caption":"Jo\u00ebl Diawa"},"sameAs":["https:\/\/www.infos-droitshumains.net"],"url":"https:\/\/infos-droitshumains.net\/?author=2"}]}},"featured_image_urls":{"full":["https:\/\/i0.wp.com\/infos-droitshumains.net\/wp-content\/uploads\/2024\/01\/20240130_15037.jpg?fit=1000%2C673&ssl=1",1000,673,false],"thumbnail":["https:\/\/i0.wp.com\/infos-droitshumains.net\/wp-content\/uploads\/2024\/01\/20240130_15037.jpg?resize=150%2C150&ssl=1",150,150,true],"medium":["https:\/\/i0.wp.com\/infos-droitshumains.net\/wp-content\/uploads\/2024\/01\/20240130_15037.jpg?fit=300%2C202&ssl=1",300,202,true],"medium_large":["https:\/\/i0.wp.com\/infos-droitshumains.net\/wp-content\/uploads\/2024\/01\/20240130_15037.jpg?fit=640%2C431&ssl=1",640,431,true],"large":["https:\/\/i0.wp.com\/infos-droitshumains.net\/wp-content\/uploads\/2024\/01\/20240130_15037.jpg?fit=640%2C431&ssl=1",640,431,true],"1536x1536":["https:\/\/i0.wp.com\/infos-droitshumains.net\/wp-content\/uploads\/2024\/01\/20240130_15037.jpg?fit=1000%2C673&ssl=1",1000,673,true],"2048x2048":["https:\/\/i0.wp.com\/infos-droitshumains.net\/wp-content\/uploads\/2024\/01\/20240130_15037.jpg?fit=1000%2C673&ssl=1",1000,673,true],"covernews-slider-full":["https:\/\/i0.wp.com\/infos-droitshumains.net\/wp-content\/uploads\/2024\/01\/20240130_15037.jpg?resize=1000%2C673&ssl=1",1000,673,true],"covernews-slider-center":["https:\/\/i0.wp.com\/infos-droitshumains.net\/wp-content\/uploads\/2024\/01\/20240130_15037.jpg?resize=800%2C500&ssl=1",800,500,true],"covernews-featured":["https:\/\/i0.wp.com\/infos-droitshumains.net\/wp-content\/uploads\/2024\/01\/20240130_15037.jpg?fit=1000%2C673&ssl=1",1000,673,true],"covernews-medium":["https:\/\/i0.wp.com\/infos-droitshumains.net\/wp-content\/uploads\/2024\/01\/20240130_15037.jpg?resize=540%2C340&ssl=1",540,340,true],"covernews-medium-square":["https:\/\/i0.wp.com\/infos-droitshumains.net\/wp-content\/uploads\/2024\/01\/20240130_15037.jpg?resize=400%2C250&ssl=1",400,250,true]},"author_info":{"display_name":"Jo\u00ebl Diawa","author_link":"https:\/\/infos-droitshumains.net\/?author=2"},"category_info":"<a href=\"https:\/\/infos-droitshumains.net\/?cat=3\" rel=\"category\">Politique<\/a>","tag_info":"Politique","comment_count":"0","jetpack_featured_media_url":"https:\/\/i0.wp.com\/infos-droitshumains.net\/wp-content\/uploads\/2024\/01\/20240130_15037.jpg?fit=1000%2C673&ssl=1","jetpack-related-posts":[],"jetpack_sharing_enabled":true,"_links":{"self":[{"href":"https:\/\/infos-droitshumains.net\/index.php?rest_route=\/wp\/v2\/posts\/8958","targetHints":{"allow":["GET"]}}],"collection":[{"href":"https:\/\/infos-droitshumains.net\/index.php?rest_route=\/wp\/v2\/posts"}],"about":[{"href":"https:\/\/infos-droitshumains.net\/index.php?rest_route=\/wp\/v2\/types\/post"}],"author":[{"embeddable":true,"href":"https:\/\/infos-droitshumains.net\/index.php?rest_route=\/wp\/v2\/users\/2"}],"replies":[{"embeddable":true,"href":"https:\/\/infos-droitshumains.net\/index.php?rest_route=%2Fwp%2Fv2%2Fcomments&post=8958"}],"version-history":[{"count":1,"href":"https:\/\/infos-droitshumains.net\/index.php?rest_route=\/wp\/v2\/posts\/8958\/revisions"}],"predecessor-version":[{"id":8959,"href":"https:\/\/infos-droitshumains.net\/index.php?rest_route=\/wp\/v2\/posts\/8958\/revisions\/8959"}],"wp:featuredmedia":[{"embeddable":true,"href":"https:\/\/infos-droitshumains.net\/index.php?rest_route=\/wp\/v2\/media\/8960"}],"wp:attachment":[{"href":"https:\/\/infos-droitshumains.net\/index.php?rest_route=%2Fwp%2Fv2%2Fmedia&parent=8958"}],"wp:term":[{"taxonomy":"category","embeddable":true,"href":"https:\/\/infos-droitshumains.net\/index.php?rest_route=%2Fwp%2Fv2%2Fcategories&post=8958"},{"taxonomy":"post_tag","embeddable":true,"href":"https:\/\/infos-droitshumains.net\/index.php?rest_route=%2Fwp%2Fv2%2Ftags&post=8958"}],"curies":[{"name":"wp","href":"https:\/\/api.w.org\/{rel}","templated":true}]}}