{"id":8925,"date":"2024-01-28T17:35:23","date_gmt":"2024-01-28T16:35:23","guid":{"rendered":"https:\/\/infos-droitshumains.net\/?p=8925"},"modified":"2024-01-29T10:54:32","modified_gmt":"2024-01-29T09:54:32","slug":"tribunal-de-grande-instance-kinshasa-gombe-plus-dune-centaine-des-magistrats-du-siege-et-du-parquet-renouvellent-leurs-serments-statutaires","status":"publish","type":"post","link":"https:\/\/infos-droitshumains.net\/?p=8925","title":{"rendered":"Tribunal de Grande Instance Kinshasa\/Gombe\u00a0: Plus d\u2019une centaine des magistrats du si\u00e8ge et du parquet renouvellent leurs serments statutaires"},"content":{"rendered":"\n<p><strong>R\u00e9daction : +243817406088<\/strong><\/p>\n\n\n\n<h4 class=\"wp-block-heading has-vivid-red-color has-text-color has-link-color wp-elements-d80a76b7fa9b1e7323c49716118a635a\">Ils ont jur\u00e9 devant le Tribunal de Grande Instance de Kinshasa\/Gombe de respecter la constitution et les lois de la R\u00e9publique D\u00e9mocratique de Congo, de remplir loyalement et fid\u00e8lement et avec honneur et dignit\u00e9, les fonctions qui leurs sont confi\u00e9es. Il s\u2019agit des magistrats du si\u00e8ge et du parquet affect\u00e9s par la hi\u00e9rarchie au Tribunal ayant re\u00e7u leurs serments et au parquet pr\u00e8s ce tribunal, au terme des ordonnances d\u2019organisation judiciaire du 13 aout 2023.<\/h4>\n\n\n\n<figure class=\"wp-block-image alignfull size-large\"><img data-recalc-dims=\"1\" fetchpriority=\"high\" decoding=\"async\" width=\"640\" height=\"480\" src=\"https:\/\/i0.wp.com\/infos-droitshumains.net\/wp-content\/uploads\/2024\/01\/IMG_20240127_112021_67-1.jpg?resize=640%2C480&#038;ssl=1\" alt=\"\" class=\"wp-image-8951\" srcset=\"https:\/\/i0.wp.com\/infos-droitshumains.net\/wp-content\/uploads\/2024\/01\/IMG_20240127_112021_67-1.jpg?resize=1024%2C768&amp;ssl=1 1024w, https:\/\/i0.wp.com\/infos-droitshumains.net\/wp-content\/uploads\/2024\/01\/IMG_20240127_112021_67-1.jpg?resize=300%2C225&amp;ssl=1 300w, https:\/\/i0.wp.com\/infos-droitshumains.net\/wp-content\/uploads\/2024\/01\/IMG_20240127_112021_67-1.jpg?resize=768%2C576&amp;ssl=1 768w, https:\/\/i0.wp.com\/infos-droitshumains.net\/wp-content\/uploads\/2024\/01\/IMG_20240127_112021_67-1.jpg?w=1040&amp;ssl=1 1040w\" sizes=\"(max-width: 640px) 100vw, 640px\" \/><\/figure>\n\n\n\n<p>Le Tribunal pr\u00e9sid\u00e9 par Charly Kasunda Ngeleka a re\u00e7u au totale 70 magistrats du si\u00e8ge au nombre desquels, 25 Pr\u00e9sidents du Tribunal de Grande Instance faisant office des juges d\u2019instance dont, Ang\u00e9lique Kaboko Nsumbu qui venait d\u2019\u00eatre promue en grade Charlotte Laini Malaika, ancienne pr\u00e9sidente du Tribunal de Paix de Kinshasa\/Assossa\u00a0; 45 juges d\u2019instance dont Nicole Ngina Luyeye et Dady Ntumba Mubenga, respectivement transfuge du Tribunal de Paix de Kinshasa\/Matete et de Kinshasa\/Ngaliema et Patrick Lotika Yasuku Fundu qui vient du Tribunal de Grande Instance de Boma.<\/p>\n\n\n\n<figure class=\"wp-block-image alignfull size-large\"><img data-recalc-dims=\"1\" decoding=\"async\" width=\"640\" height=\"480\" src=\"https:\/\/i0.wp.com\/infos-droitshumains.net\/wp-content\/uploads\/2024\/01\/IMG_20240127_112219_280-4.jpg?resize=640%2C480&#038;ssl=1\" alt=\"\" class=\"wp-image-8952\" srcset=\"https:\/\/i0.wp.com\/infos-droitshumains.net\/wp-content\/uploads\/2024\/01\/IMG_20240127_112219_280-4.jpg?resize=1024%2C768&amp;ssl=1 1024w, https:\/\/i0.wp.com\/infos-droitshumains.net\/wp-content\/uploads\/2024\/01\/IMG_20240127_112219_280-4.jpg?resize=300%2C225&amp;ssl=1 300w, https:\/\/i0.wp.com\/infos-droitshumains.net\/wp-content\/uploads\/2024\/01\/IMG_20240127_112219_280-4.jpg?resize=768%2C576&amp;ssl=1 768w, https:\/\/i0.wp.com\/infos-droitshumains.net\/wp-content\/uploads\/2024\/01\/IMG_20240127_112219_280-4.jpg?w=1040&amp;ssl=1 1040w\" sizes=\"(max-width: 640px) 100vw, 640px\" \/><\/figure>\n\n\n\n<p>Le parquet qui est sous l\u2019autorit\u00e9 du Procureur Edmond Isofa Nkanga a par ailleurs lui re\u00e7u un peu d\u2019une centaine magistrats constitu\u00e9s des substituts du procureur de la R\u00e9publique et Procureurs de la R\u00e9publiques au nombre desquels, B\u00e9nit Mupier qui \u00e9tait une figure embl\u00e9matique au parquet de Grande Instance de Kalamu\u00a0; promu procureur de la r\u00e9publique, il a \u00e9t\u00e9 affect\u00e9 \u00e0 Gombe.<\/p>\n\n\n\n<figure class=\"wp-block-image alignfull size-large\"><img data-recalc-dims=\"1\" decoding=\"async\" width=\"640\" height=\"480\" src=\"https:\/\/i0.wp.com\/infos-droitshumains.net\/wp-content\/uploads\/2024\/01\/IMG_20240127_112213_388-2.jpg?resize=640%2C480&#038;ssl=1\" alt=\"\" class=\"wp-image-8953\" srcset=\"https:\/\/i0.wp.com\/infos-droitshumains.net\/wp-content\/uploads\/2024\/01\/IMG_20240127_112213_388-2.jpg?resize=1024%2C768&amp;ssl=1 1024w, https:\/\/i0.wp.com\/infos-droitshumains.net\/wp-content\/uploads\/2024\/01\/IMG_20240127_112213_388-2.jpg?resize=300%2C225&amp;ssl=1 300w, https:\/\/i0.wp.com\/infos-droitshumains.net\/wp-content\/uploads\/2024\/01\/IMG_20240127_112213_388-2.jpg?resize=768%2C576&amp;ssl=1 768w, https:\/\/i0.wp.com\/infos-droitshumains.net\/wp-content\/uploads\/2024\/01\/IMG_20240127_112213_388-2.jpg?w=1040&amp;ssl=1 1040w\" sizes=\"(max-width: 640px) 100vw, 640px\" \/><\/figure>\n\n\n\n<p>Un nombre qui peut sembler platonique, mais c\u2019est par contre une aubaine pour cette juridiction et cet office qui sont les plus saisis par les justiciables. Au regard donc du volume des dossiers, il semble logique que qu\u2019il y ait un nombre consistant des magistrats afin de permettre c\u00e9l\u00e9rit\u00e9, respect du d\u00e9lai des prononc\u00e9s et &nbsp;que les requ\u00eates aux fins de fixation d\u2019audience arrivent au tribunal \u00e0 temps.<\/p>\n\n\n\n<p>L\u2019audience solennelle au cours de laquelle s\u2019est d\u00e9roul\u00e9e la c\u00e9r\u00e9monie s\u2019est tenue en pr\u00e9sence de Charly Kasunda Ngeleka et Edmond Isofa\u00a0Nkanga, respectivement pr\u00e9sident du Tribunal de Grande Instance de Kinshasa\/Gombe et Procureur de la R\u00e9publique du Parquet pr\u00e8s le Tribunal de c\u00e9ans.<\/p>\n\n\n\n<figure class=\"wp-block-image alignfull size-large\"><img data-recalc-dims=\"1\" loading=\"lazy\" decoding=\"async\" width=\"640\" height=\"480\" src=\"https:\/\/i0.wp.com\/infos-droitshumains.net\/wp-content\/uploads\/2024\/01\/IMG_20240127_112139_172-2.jpg?resize=640%2C480&#038;ssl=1\" alt=\"\" class=\"wp-image-8954\" srcset=\"https:\/\/i0.wp.com\/infos-droitshumains.net\/wp-content\/uploads\/2024\/01\/IMG_20240127_112139_172-2.jpg?resize=1024%2C768&amp;ssl=1 1024w, https:\/\/i0.wp.com\/infos-droitshumains.net\/wp-content\/uploads\/2024\/01\/IMG_20240127_112139_172-2.jpg?resize=300%2C225&amp;ssl=1 300w, https:\/\/i0.wp.com\/infos-droitshumains.net\/wp-content\/uploads\/2024\/01\/IMG_20240127_112139_172-2.jpg?resize=768%2C576&amp;ssl=1 768w, https:\/\/i0.wp.com\/infos-droitshumains.net\/wp-content\/uploads\/2024\/01\/IMG_20240127_112139_172-2.jpg?w=1040&amp;ssl=1 1040w\" sizes=\"(max-width: 640px) 100vw, 640px\" \/><\/figure>\n\n\n\n<figure class=\"wp-block-image alignfull size-large\"><img data-recalc-dims=\"1\" loading=\"lazy\" decoding=\"async\" width=\"640\" height=\"480\" src=\"https:\/\/i0.wp.com\/infos-droitshumains.net\/wp-content\/uploads\/2024\/01\/IMG_20240127_112135_712-1.jpg?resize=640%2C480&#038;ssl=1\" alt=\"\" class=\"wp-image-8955\" srcset=\"https:\/\/i0.wp.com\/infos-droitshumains.net\/wp-content\/uploads\/2024\/01\/IMG_20240127_112135_712-1.jpg?resize=1024%2C768&amp;ssl=1 1024w, https:\/\/i0.wp.com\/infos-droitshumains.net\/wp-content\/uploads\/2024\/01\/IMG_20240127_112135_712-1.jpg?resize=300%2C225&amp;ssl=1 300w, https:\/\/i0.wp.com\/infos-droitshumains.net\/wp-content\/uploads\/2024\/01\/IMG_20240127_112135_712-1.jpg?resize=768%2C576&amp;ssl=1 768w, https:\/\/i0.wp.com\/infos-droitshumains.net\/wp-content\/uploads\/2024\/01\/IMG_20240127_112135_712-1.jpg?w=1040&amp;ssl=1 1040w\" sizes=\"(max-width: 640px) 100vw, 640px\" \/><\/figure>\n\n\n\n<p>Pierrot Bakenge Mvita, Pr\u00e9sident honoraire de cette juridiction a \u00e9t\u00e9 l\u2019invit\u00e9 de marque \u00e0 ce grand \u00e9v\u00e8nement.<\/p>\n\n\n\n<figure class=\"wp-block-image alignfull size-large\"><img data-recalc-dims=\"1\" loading=\"lazy\" decoding=\"async\" width=\"640\" height=\"480\" src=\"https:\/\/i0.wp.com\/infos-droitshumains.net\/wp-content\/uploads\/2024\/01\/IMG_20240127_112148_56-1.jpg?resize=640%2C480&#038;ssl=1\" alt=\"\" class=\"wp-image-8956\" srcset=\"https:\/\/i0.wp.com\/infos-droitshumains.net\/wp-content\/uploads\/2024\/01\/IMG_20240127_112148_56-1.jpg?resize=1024%2C768&amp;ssl=1 1024w, https:\/\/i0.wp.com\/infos-droitshumains.net\/wp-content\/uploads\/2024\/01\/IMG_20240127_112148_56-1.jpg?resize=300%2C225&amp;ssl=1 300w, https:\/\/i0.wp.com\/infos-droitshumains.net\/wp-content\/uploads\/2024\/01\/IMG_20240127_112148_56-1.jpg?resize=768%2C576&amp;ssl=1 768w, https:\/\/i0.wp.com\/infos-droitshumains.net\/wp-content\/uploads\/2024\/01\/IMG_20240127_112148_56-1.jpg?w=1040&amp;ssl=1 1040w\" sizes=\"(max-width: 640px) 100vw, 640px\" \/><\/figure>\n\n\n\n<p>Jo\u00ebl Diawa<\/p>\n","protected":false},"excerpt":{"rendered":"<p>R\u00e9daction : +243817406088 Ils ont jur\u00e9 devant le Tribunal de Grande Instance de Kinshasa\/Gombe de&#8230;<\/p>\n","protected":false},"author":2,"featured_media":8948,"comment_status":"open","ping_status":"open","sticky":false,"template":"","format":"standard","meta":{"_jetpack_memberships_contains_paid_content":false,"footnotes":""},"categories":[6],"tags":[],"class_list":["post-8925","post","type-post","status-publish","format-standard","has-post-thumbnail","hentry","category-justice"],"yoast_head":"<!-- This site is optimized with the Yoast SEO plugin v27.5 - https:\/\/yoast.com\/product\/yoast-seo-wordpress\/ -->\n<title>Tribunal de Grande Instance Kinshasa\/Gombe\u00a0: Plus d\u2019une centaine des magistrats du si\u00e8ge et du parquet renouvellent leurs serments statutaires - Infos Droits Humains<\/title>\n<meta name=\"robots\" content=\"index, follow, max-snippet:-1, max-image-preview:large, max-video-preview:-1\" \/>\n<link rel=\"canonical\" href=\"https:\/\/infos-droitshumains.net\/?p=8925\" \/>\n<meta property=\"og:locale\" content=\"fr_FR\" \/>\n<meta property=\"og:type\" content=\"article\" \/>\n<meta property=\"og:title\" content=\"Tribunal de Grande Instance Kinshasa\/Gombe\u00a0: Plus d\u2019une centaine des magistrats du si\u00e8ge et du parquet renouvellent leurs serments statutaires - Infos Droits Humains\" \/>\n<meta property=\"og:description\" content=\"R\u00e9daction : +243817406088 Ils ont jur\u00e9 devant le Tribunal de Grande Instance de Kinshasa\/Gombe de...\" \/>\n<meta property=\"og:url\" content=\"https:\/\/infos-droitshumains.net\/?p=8925\" \/>\n<meta property=\"og:site_name\" content=\"Infos Droits Humains\" \/>\n<meta property=\"article:published_time\" content=\"2024-01-28T16:35:23+00:00\" \/>\n<meta property=\"article:modified_time\" content=\"2024-01-29T09:54:32+00:00\" \/>\n<meta property=\"og:image\" content=\"https:\/\/infos-droitshumains.net\/wp-content\/uploads\/2024\/01\/IMG_20240127_112035_135.jpg\" \/>\n\t<meta property=\"og:image:width\" content=\"1032\" \/>\n\t<meta property=\"og:image:height\" content=\"724\" \/>\n\t<meta property=\"og:image:type\" content=\"image\/jpeg\" \/>\n<meta name=\"author\" content=\"Jo\u00ebl Diawa\" \/>\n<meta name=\"twitter:card\" content=\"summary_large_image\" \/>\n<meta name=\"twitter:label1\" content=\"\u00c9crit par\" \/>\n\t<meta name=\"twitter:data1\" content=\"Jo\u00ebl Diawa\" \/>\n\t<meta name=\"twitter:label2\" content=\"Dur\u00e9e de lecture estim\u00e9e\" \/>\n\t<meta name=\"twitter:data2\" content=\"2 minutes\" \/>\n<script type=\"application\/ld+json\" class=\"yoast-schema-graph\">{\"@context\":\"https:\\\/\\\/schema.org\",\"@graph\":[{\"@type\":\"Article\",\"@id\":\"https:\\\/\\\/infos-droitshumains.net\\\/?p=8925#article\",\"isPartOf\":{\"@id\":\"https:\\\/\\\/infos-droitshumains.net\\\/?p=8925\"},\"author\":{\"name\":\"Jo\u00ebl Diawa\",\"@id\":\"https:\\\/\\\/infos-droitshumains.net\\\/#\\\/schema\\\/person\\\/3dc5e921c3302172e0ed4362f96faab7\"},\"headline\":\"Tribunal de Grande Instance Kinshasa\\\/Gombe\u00a0: Plus d\u2019une centaine des magistrats du si\u00e8ge et du parquet renouvellent leurs serments statutaires\",\"datePublished\":\"2024-01-28T16:35:23+00:00\",\"dateModified\":\"2024-01-29T09:54:32+00:00\",\"mainEntityOfPage\":{\"@id\":\"https:\\\/\\\/infos-droitshumains.net\\\/?p=8925\"},\"wordCount\":429,\"commentCount\":0,\"publisher\":{\"@id\":\"https:\\\/\\\/infos-droitshumains.net\\\/#organization\"},\"image\":{\"@id\":\"https:\\\/\\\/infos-droitshumains.net\\\/?p=8925#primaryimage\"},\"thumbnailUrl\":\"https:\\\/\\\/i0.wp.com\\\/infos-droitshumains.net\\\/wp-content\\\/uploads\\\/2024\\\/01\\\/IMG_20240127_112035_135.jpg?fit=1032%2C724&ssl=1\",\"articleSection\":[\"Justice\"],\"inLanguage\":\"fr-FR\",\"potentialAction\":[{\"@type\":\"CommentAction\",\"name\":\"Comment\",\"target\":[\"https:\\\/\\\/infos-droitshumains.net\\\/?p=8925#respond\"]}]},{\"@type\":\"WebPage\",\"@id\":\"https:\\\/\\\/infos-droitshumains.net\\\/?p=8925\",\"url\":\"https:\\\/\\\/infos-droitshumains.net\\\/?p=8925\",\"name\":\"Tribunal de Grande Instance Kinshasa\\\/Gombe\u00a0: Plus d\u2019une centaine des magistrats du si\u00e8ge et du parquet renouvellent leurs serments statutaires - Infos Droits Humains\",\"isPartOf\":{\"@id\":\"https:\\\/\\\/infos-droitshumains.net\\\/#website\"},\"primaryImageOfPage\":{\"@id\":\"https:\\\/\\\/infos-droitshumains.net\\\/?p=8925#primaryimage\"},\"image\":{\"@id\":\"https:\\\/\\\/infos-droitshumains.net\\\/?p=8925#primaryimage\"},\"thumbnailUrl\":\"https:\\\/\\\/i0.wp.com\\\/infos-droitshumains.net\\\/wp-content\\\/uploads\\\/2024\\\/01\\\/IMG_20240127_112035_135.jpg?fit=1032%2C724&ssl=1\",\"datePublished\":\"2024-01-28T16:35:23+00:00\",\"dateModified\":\"2024-01-29T09:54:32+00:00\",\"breadcrumb\":{\"@id\":\"https:\\\/\\\/infos-droitshumains.net\\\/?p=8925#breadcrumb\"},\"inLanguage\":\"fr-FR\",\"potentialAction\":[{\"@type\":\"ReadAction\",\"target\":[\"https:\\\/\\\/infos-droitshumains.net\\\/?p=8925\"]}]},{\"@type\":\"ImageObject\",\"inLanguage\":\"fr-FR\",\"@id\":\"https:\\\/\\\/infos-droitshumains.net\\\/?p=8925#primaryimage\",\"url\":\"https:\\\/\\\/i0.wp.com\\\/infos-droitshumains.net\\\/wp-content\\\/uploads\\\/2024\\\/01\\\/IMG_20240127_112035_135.jpg?fit=1032%2C724&ssl=1\",\"contentUrl\":\"https:\\\/\\\/i0.wp.com\\\/infos-droitshumains.net\\\/wp-content\\\/uploads\\\/2024\\\/01\\\/IMG_20240127_112035_135.jpg?fit=1032%2C724&ssl=1\",\"width\":1032,\"height\":724},{\"@type\":\"BreadcrumbList\",\"@id\":\"https:\\\/\\\/infos-droitshumains.net\\\/?p=8925#breadcrumb\",\"itemListElement\":[{\"@type\":\"ListItem\",\"position\":1,\"name\":\"Accueil\",\"item\":\"https:\\\/\\\/infos-droitshumains.net\\\/\"},{\"@type\":\"ListItem\",\"position\":2,\"name\":\"Tribunal de Grande Instance Kinshasa\\\/Gombe\u00a0: Plus d\u2019une centaine des magistrats du si\u00e8ge et du parquet renouvellent leurs serments statutaires\"}]},{\"@type\":\"WebSite\",\"@id\":\"https:\\\/\\\/infos-droitshumains.net\\\/#website\",\"url\":\"https:\\\/\\\/infos-droitshumains.net\\\/\",\"name\":\"Infos Droits Humains\",\"description\":\"S&#039;informer est un droit\",\"publisher\":{\"@id\":\"https:\\\/\\\/infos-droitshumains.net\\\/#organization\"},\"potentialAction\":[{\"@type\":\"SearchAction\",\"target\":{\"@type\":\"EntryPoint\",\"urlTemplate\":\"https:\\\/\\\/infos-droitshumains.net\\\/?s={search_term_string}\"},\"query-input\":{\"@type\":\"PropertyValueSpecification\",\"valueRequired\":true,\"valueName\":\"search_term_string\"}}],\"inLanguage\":\"fr-FR\"},{\"@type\":\"Organization\",\"@id\":\"https:\\\/\\\/infos-droitshumains.net\\\/#organization\",\"name\":\"Infos Droits Humains\",\"url\":\"https:\\\/\\\/infos-droitshumains.net\\\/\",\"logo\":{\"@type\":\"ImageObject\",\"inLanguage\":\"fr-FR\",\"@id\":\"https:\\\/\\\/infos-droitshumains.net\\\/#\\\/schema\\\/logo\\\/image\\\/\",\"url\":\"https:\\\/\\\/i0.wp.com\\\/infos-droitshumains.net\\\/wp-content\\\/uploads\\\/2022\\\/05\\\/Logo.png?fit=333%2C129&ssl=1\",\"contentUrl\":\"https:\\\/\\\/i0.wp.com\\\/infos-droitshumains.net\\\/wp-content\\\/uploads\\\/2022\\\/05\\\/Logo.png?fit=333%2C129&ssl=1\",\"width\":333,\"height\":129,\"caption\":\"Infos Droits Humains\"},\"image\":{\"@id\":\"https:\\\/\\\/infos-droitshumains.net\\\/#\\\/schema\\\/logo\\\/image\\\/\"}},{\"@type\":\"Person\",\"@id\":\"https:\\\/\\\/infos-droitshumains.net\\\/#\\\/schema\\\/person\\\/3dc5e921c3302172e0ed4362f96faab7\",\"name\":\"Jo\u00ebl Diawa\",\"image\":{\"@type\":\"ImageObject\",\"inLanguage\":\"fr-FR\",\"@id\":\"https:\\\/\\\/secure.gravatar.com\\\/avatar\\\/729bea6ff4604c624417803c477363be8e3c7186deaa65713313f9b4b820f41c?s=96&d=mm&r=g\",\"url\":\"https:\\\/\\\/secure.gravatar.com\\\/avatar\\\/729bea6ff4604c624417803c477363be8e3c7186deaa65713313f9b4b820f41c?s=96&d=mm&r=g\",\"contentUrl\":\"https:\\\/\\\/secure.gravatar.com\\\/avatar\\\/729bea6ff4604c624417803c477363be8e3c7186deaa65713313f9b4b820f41c?s=96&d=mm&r=g\",\"caption\":\"Jo\u00ebl Diawa\"},\"sameAs\":[\"https:\\\/\\\/www.infos-droitshumains.net\"],\"url\":\"https:\\\/\\\/infos-droitshumains.net\\\/?author=2\"}]}<\/script>\n<!-- \/ Yoast SEO plugin. -->","yoast_head_json":{"title":"Tribunal de Grande Instance Kinshasa\/Gombe\u00a0: Plus d\u2019une centaine des magistrats du si\u00e8ge et du parquet renouvellent leurs serments statutaires - Infos Droits Humains","robots":{"index":"index","follow":"follow","max-snippet":"max-snippet:-1","max-image-preview":"max-image-preview:large","max-video-preview":"max-video-preview:-1"},"canonical":"https:\/\/infos-droitshumains.net\/?p=8925","og_locale":"fr_FR","og_type":"article","og_title":"Tribunal de Grande Instance Kinshasa\/Gombe\u00a0: Plus d\u2019une centaine des magistrats du si\u00e8ge et du parquet renouvellent leurs serments statutaires - Infos Droits Humains","og_description":"R\u00e9daction : +243817406088 Ils ont jur\u00e9 devant le Tribunal de Grande Instance de Kinshasa\/Gombe de...","og_url":"https:\/\/infos-droitshumains.net\/?p=8925","og_site_name":"Infos Droits Humains","article_published_time":"2024-01-28T16:35:23+00:00","article_modified_time":"2024-01-29T09:54:32+00:00","og_image":[{"width":1032,"height":724,"url":"https:\/\/infos-droitshumains.net\/wp-content\/uploads\/2024\/01\/IMG_20240127_112035_135.jpg","type":"image\/jpeg"}],"author":"Jo\u00ebl Diawa","twitter_card":"summary_large_image","twitter_misc":{"\u00c9crit par":"Jo\u00ebl Diawa","Dur\u00e9e de lecture estim\u00e9e":"2 minutes"},"schema":{"@context":"https:\/\/schema.org","@graph":[{"@type":"Article","@id":"https:\/\/infos-droitshumains.net\/?p=8925#article","isPartOf":{"@id":"https:\/\/infos-droitshumains.net\/?p=8925"},"author":{"name":"Jo\u00ebl Diawa","@id":"https:\/\/infos-droitshumains.net\/#\/schema\/person\/3dc5e921c3302172e0ed4362f96faab7"},"headline":"Tribunal de Grande Instance Kinshasa\/Gombe\u00a0: Plus d\u2019une centaine des magistrats du si\u00e8ge et du parquet renouvellent leurs serments statutaires","datePublished":"2024-01-28T16:35:23+00:00","dateModified":"2024-01-29T09:54:32+00:00","mainEntityOfPage":{"@id":"https:\/\/infos-droitshumains.net\/?p=8925"},"wordCount":429,"commentCount":0,"publisher":{"@id":"https:\/\/infos-droitshumains.net\/#organization"},"image":{"@id":"https:\/\/infos-droitshumains.net\/?p=8925#primaryimage"},"thumbnailUrl":"https:\/\/i0.wp.com\/infos-droitshumains.net\/wp-content\/uploads\/2024\/01\/IMG_20240127_112035_135.jpg?fit=1032%2C724&ssl=1","articleSection":["Justice"],"inLanguage":"fr-FR","potentialAction":[{"@type":"CommentAction","name":"Comment","target":["https:\/\/infos-droitshumains.net\/?p=8925#respond"]}]},{"@type":"WebPage","@id":"https:\/\/infos-droitshumains.net\/?p=8925","url":"https:\/\/infos-droitshumains.net\/?p=8925","name":"Tribunal de Grande Instance Kinshasa\/Gombe\u00a0: Plus d\u2019une centaine des magistrats du si\u00e8ge et du parquet renouvellent leurs serments statutaires - Infos Droits Humains","isPartOf":{"@id":"https:\/\/infos-droitshumains.net\/#website"},"primaryImageOfPage":{"@id":"https:\/\/infos-droitshumains.net\/?p=8925#primaryimage"},"image":{"@id":"https:\/\/infos-droitshumains.net\/?p=8925#primaryimage"},"thumbnailUrl":"https:\/\/i0.wp.com\/infos-droitshumains.net\/wp-content\/uploads\/2024\/01\/IMG_20240127_112035_135.jpg?fit=1032%2C724&ssl=1","datePublished":"2024-01-28T16:35:23+00:00","dateModified":"2024-01-29T09:54:32+00:00","breadcrumb":{"@id":"https:\/\/infos-droitshumains.net\/?p=8925#breadcrumb"},"inLanguage":"fr-FR","potentialAction":[{"@type":"ReadAction","target":["https:\/\/infos-droitshumains.net\/?p=8925"]}]},{"@type":"ImageObject","inLanguage":"fr-FR","@id":"https:\/\/infos-droitshumains.net\/?p=8925#primaryimage","url":"https:\/\/i0.wp.com\/infos-droitshumains.net\/wp-content\/uploads\/2024\/01\/IMG_20240127_112035_135.jpg?fit=1032%2C724&ssl=1","contentUrl":"https:\/\/i0.wp.com\/infos-droitshumains.net\/wp-content\/uploads\/2024\/01\/IMG_20240127_112035_135.jpg?fit=1032%2C724&ssl=1","width":1032,"height":724},{"@type":"BreadcrumbList","@id":"https:\/\/infos-droitshumains.net\/?p=8925#breadcrumb","itemListElement":[{"@type":"ListItem","position":1,"name":"Accueil","item":"https:\/\/infos-droitshumains.net\/"},{"@type":"ListItem","position":2,"name":"Tribunal de Grande Instance Kinshasa\/Gombe\u00a0: Plus d\u2019une centaine des magistrats du si\u00e8ge et du parquet renouvellent leurs serments statutaires"}]},{"@type":"WebSite","@id":"https:\/\/infos-droitshumains.net\/#website","url":"https:\/\/infos-droitshumains.net\/","name":"Infos Droits Humains","description":"S&#039;informer est un droit","publisher":{"@id":"https:\/\/infos-droitshumains.net\/#organization"},"potentialAction":[{"@type":"SearchAction","target":{"@type":"EntryPoint","urlTemplate":"https:\/\/infos-droitshumains.net\/?s={search_term_string}"},"query-input":{"@type":"PropertyValueSpecification","valueRequired":true,"valueName":"search_term_string"}}],"inLanguage":"fr-FR"},{"@type":"Organization","@id":"https:\/\/infos-droitshumains.net\/#organization","name":"Infos Droits Humains","url":"https:\/\/infos-droitshumains.net\/","logo":{"@type":"ImageObject","inLanguage":"fr-FR","@id":"https:\/\/infos-droitshumains.net\/#\/schema\/logo\/image\/","url":"https:\/\/i0.wp.com\/infos-droitshumains.net\/wp-content\/uploads\/2022\/05\/Logo.png?fit=333%2C129&ssl=1","contentUrl":"https:\/\/i0.wp.com\/infos-droitshumains.net\/wp-content\/uploads\/2022\/05\/Logo.png?fit=333%2C129&ssl=1","width":333,"height":129,"caption":"Infos Droits Humains"},"image":{"@id":"https:\/\/infos-droitshumains.net\/#\/schema\/logo\/image\/"}},{"@type":"Person","@id":"https:\/\/infos-droitshumains.net\/#\/schema\/person\/3dc5e921c3302172e0ed4362f96faab7","name":"Jo\u00ebl Diawa","image":{"@type":"ImageObject","inLanguage":"fr-FR","@id":"https:\/\/secure.gravatar.com\/avatar\/729bea6ff4604c624417803c477363be8e3c7186deaa65713313f9b4b820f41c?s=96&d=mm&r=g","url":"https:\/\/secure.gravatar.com\/avatar\/729bea6ff4604c624417803c477363be8e3c7186deaa65713313f9b4b820f41c?s=96&d=mm&r=g","contentUrl":"https:\/\/secure.gravatar.com\/avatar\/729bea6ff4604c624417803c477363be8e3c7186deaa65713313f9b4b820f41c?s=96&d=mm&r=g","caption":"Jo\u00ebl Diawa"},"sameAs":["https:\/\/www.infos-droitshumains.net"],"url":"https:\/\/infos-droitshumains.net\/?author=2"}]}},"featured_image_urls":{"full":["https:\/\/i0.wp.com\/infos-droitshumains.net\/wp-content\/uploads\/2024\/01\/IMG_20240127_112035_135.jpg?fit=1032%2C724&ssl=1",1032,724,false],"thumbnail":["https:\/\/i0.wp.com\/infos-droitshumains.net\/wp-content\/uploads\/2024\/01\/IMG_20240127_112035_135.jpg?resize=150%2C150&ssl=1",150,150,true],"medium":["https:\/\/i0.wp.com\/infos-droitshumains.net\/wp-content\/uploads\/2024\/01\/IMG_20240127_112035_135.jpg?fit=300%2C210&ssl=1",300,210,true],"medium_large":["https:\/\/i0.wp.com\/infos-droitshumains.net\/wp-content\/uploads\/2024\/01\/IMG_20240127_112035_135.jpg?fit=640%2C449&ssl=1",640,449,true],"large":["https:\/\/i0.wp.com\/infos-droitshumains.net\/wp-content\/uploads\/2024\/01\/IMG_20240127_112035_135.jpg?fit=640%2C449&ssl=1",640,449,true],"1536x1536":["https:\/\/i0.wp.com\/infos-droitshumains.net\/wp-content\/uploads\/2024\/01\/IMG_20240127_112035_135.jpg?fit=1032%2C724&ssl=1",1032,724,true],"2048x2048":["https:\/\/i0.wp.com\/infos-droitshumains.net\/wp-content\/uploads\/2024\/01\/IMG_20240127_112035_135.jpg?fit=1032%2C724&ssl=1",1032,724,true],"covernews-slider-full":["https:\/\/i0.wp.com\/infos-droitshumains.net\/wp-content\/uploads\/2024\/01\/IMG_20240127_112035_135.jpg?resize=1032%2C715&ssl=1",1032,715,true],"covernews-slider-center":["https:\/\/i0.wp.com\/infos-droitshumains.net\/wp-content\/uploads\/2024\/01\/IMG_20240127_112035_135.jpg?resize=800%2C500&ssl=1",800,500,true],"covernews-featured":["https:\/\/i0.wp.com\/infos-droitshumains.net\/wp-content\/uploads\/2024\/01\/IMG_20240127_112035_135.jpg?fit=1024%2C718&ssl=1",1024,718,true],"covernews-medium":["https:\/\/i0.wp.com\/infos-droitshumains.net\/wp-content\/uploads\/2024\/01\/IMG_20240127_112035_135.jpg?resize=540%2C340&ssl=1",540,340,true],"covernews-medium-square":["https:\/\/i0.wp.com\/infos-droitshumains.net\/wp-content\/uploads\/2024\/01\/IMG_20240127_112035_135.jpg?resize=400%2C250&ssl=1",400,250,true]},"author_info":{"display_name":"Jo\u00ebl Diawa","author_link":"https:\/\/infos-droitshumains.net\/?author=2"},"category_info":"<a href=\"https:\/\/infos-droitshumains.net\/?cat=6\" rel=\"category\">Justice<\/a>","tag_info":"Justice","comment_count":"0","jetpack_featured_media_url":"https:\/\/i0.wp.com\/infos-droitshumains.net\/wp-content\/uploads\/2024\/01\/IMG_20240127_112035_135.jpg?fit=1032%2C724&ssl=1","jetpack-related-posts":[],"jetpack_sharing_enabled":true,"_links":{"self":[{"href":"https:\/\/infos-droitshumains.net\/index.php?rest_route=\/wp\/v2\/posts\/8925","targetHints":{"allow":["GET"]}}],"collection":[{"href":"https:\/\/infos-droitshumains.net\/index.php?rest_route=\/wp\/v2\/posts"}],"about":[{"href":"https:\/\/infos-droitshumains.net\/index.php?rest_route=\/wp\/v2\/types\/post"}],"author":[{"embeddable":true,"href":"https:\/\/infos-droitshumains.net\/index.php?rest_route=\/wp\/v2\/users\/2"}],"replies":[{"embeddable":true,"href":"https:\/\/infos-droitshumains.net\/index.php?rest_route=%2Fwp%2Fv2%2Fcomments&post=8925"}],"version-history":[{"count":9,"href":"https:\/\/infos-droitshumains.net\/index.php?rest_route=\/wp\/v2\/posts\/8925\/revisions"}],"predecessor-version":[{"id":8957,"href":"https:\/\/infos-droitshumains.net\/index.php?rest_route=\/wp\/v2\/posts\/8925\/revisions\/8957"}],"wp:featuredmedia":[{"embeddable":true,"href":"https:\/\/infos-droitshumains.net\/index.php?rest_route=\/wp\/v2\/media\/8948"}],"wp:attachment":[{"href":"https:\/\/infos-droitshumains.net\/index.php?rest_route=%2Fwp%2Fv2%2Fmedia&parent=8925"}],"wp:term":[{"taxonomy":"category","embeddable":true,"href":"https:\/\/infos-droitshumains.net\/index.php?rest_route=%2Fwp%2Fv2%2Fcategories&post=8925"},{"taxonomy":"post_tag","embeddable":true,"href":"https:\/\/infos-droitshumains.net\/index.php?rest_route=%2Fwp%2Fv2%2Ftags&post=8925"}],"curies":[{"name":"wp","href":"https:\/\/api.w.org\/{rel}","templated":true}]}}