{"id":888,"date":"2021-10-06T21:22:18","date_gmt":"2021-10-06T19:22:18","guid":{"rendered":"https:\/\/infos-droitshumains.net\/?p=888"},"modified":"2023-04-06T12:11:44","modified_gmt":"2023-04-06T10:11:44","slug":"5eme-symposium-mondial-sur-la-securite-aerienne-a-dubai-cherubin-okende-plaide-pour-la-sortie-de-la-rdc-dans-la-liste-noire-de-lunion-europeenne","status":"publish","type":"post","link":"https:\/\/infos-droitshumains.net\/?p=888","title":{"rendered":"5\u00e8me symposium mondial sur la s\u00e9curit\u00e9 a\u00e9rienne \u00e0 Duba\u00ef : Ch\u00e9rubin OKENDE plaide pour la sortie de la RDC dans la liste noire de l&rsquo;Union Europ\u00e9enne"},"content":{"rendered":"\n<p>52 \u00c9tats du monde se sont donn\u00e9s rendez-vous \u00e0 Duba\u00ef aux \u00c9mirats arabes unis pour le 5\u00e8me symposium mondial sur la s\u00e9curit\u00e9 a\u00e9rienne. Du 03 au 05 octobre 2021, les d\u00e9cideurs de haut niveau dans le domaine de l&rsquo;aviation ont explorer les meilleurs opportunit\u00e9s d\u2019asseoir les fondements solides de collaboration en mati\u00e8re de renforcement des capacit\u00e9s pour la s\u00e9curit\u00e9 et la suret\u00e9 en g\u00e9n\u00e9rale ainsi que pour l\u2019apprentissage et le d\u00e9veloppement sp\u00e9cifiques en mati\u00e8re de s\u00e9curit\u00e9 a\u00e9rienne.  <\/p>\n\n\n\n<p>La R\u00e9publique D\u00e9mocratique du Congo est valablement repr\u00e9sent\u00e9e \u00e0 ces assises par son ministre de transport voies de communication et d\u00e9sengagement, Ch\u00e9rubin Okende.<\/p>\n\n\n\n<figure class=\"wp-block-image alignfull size-large\"><img data-recalc-dims=\"1\" height=\"427\" width=\"640\" decoding=\"async\" src=\"https:\/\/i0.wp.com\/infos-droitshumains.net\/wp-content\/uploads\/2021\/10\/IMG-20211006-WA0022-1024x683.jpg?resize=640%2C427&#038;ssl=1\" alt=\"\" class=\"wp-image-889\" \/><\/figure>\n\n\n\n<p>Cette rencontre pr\u00e9sid\u00e9e par le secr\u00e9taire g\u00e9n\u00e9ral de l&rsquo;organisation de l&rsquo;aviation civile internationale Juan Carlos Salazar a permis \u00e0 Ch\u00e9rubin Okende d&rsquo;exposer les efforts que fourni la RDC pour se conformer aux normes internationales.<\/p>\n\n\n\n<p>Apr\u00e8s l&rsquo;ouverture du symposium, Ch\u00e9rubin Okende a eu une s\u00e9ance de travail avec le Secr\u00e9taire G\u00e9n\u00e9ral de l&rsquo;OACI.<\/p>\n\n\n\n<figure class=\"wp-block-image alignfull size-large\"><img data-recalc-dims=\"1\" height=\"427\" width=\"640\" decoding=\"async\" src=\"https:\/\/i0.wp.com\/infos-droitshumains.net\/wp-content\/uploads\/2021\/10\/IMG-20211006-WA0024-1024x683.jpg?resize=640%2C427&#038;ssl=1\" alt=\"\" class=\"wp-image-890\" \/><\/figure>\n\n\n\n<p> Le patron congolais de transport et voies de communication a plaid\u00e9 pour l&rsquo;accompagnement de l&rsquo;organisation de l&rsquo;aviation civile internationale dans les efforts du pays qui tient \u00e0 sortir de la liste noir de l&rsquo;Union Europ\u00e9enne. Plaidoyer accept\u00e9. L&rsquo;application du gouvernement congolais \u00e9tant Visible,  Juan Carlos Salazar a promis de faire intervenir le bureau r\u00e9gional de l&rsquo;OACI  pour faire aboutir le processus de la sortie de la RDC de la fameuse liste noir de l&rsquo;Union europ\u00e9enne<\/p>\n","protected":false},"excerpt":{"rendered":"<p>52 \u00c9tats du monde se sont donn\u00e9s rendez-vous \u00e0 Duba\u00ef aux \u00c9mirats arabes unis pour&#8230;<\/p>\n","protected":false},"author":2,"featured_media":0,"comment_status":"closed","ping_status":"open","sticky":false,"template":"","format":"standard","meta":{"_jetpack_memberships_contains_paid_content":false,"footnotes":""},"categories":[1],"tags":[],"class_list":["post-888","post","type-post","status-publish","format-standard","hentry","category-non-classe"],"yoast_head":"<!-- This site is optimized with the Yoast SEO plugin v27.5 - https:\/\/yoast.com\/product\/yoast-seo-wordpress\/ -->\n<title>5\u00e8me symposium mondial sur la s\u00e9curit\u00e9 a\u00e9rienne \u00e0 Duba\u00ef : Ch\u00e9rubin OKENDE plaide pour la sortie de la RDC dans la liste noire de l&#039;Union Europ\u00e9enne - Infos Droits Humains<\/title>\n<meta name=\"robots\" content=\"index, follow, max-snippet:-1, max-image-preview:large, max-video-preview:-1\" \/>\n<link rel=\"canonical\" href=\"https:\/\/infos-droitshumains.net\/?p=888\" \/>\n<meta property=\"og:locale\" content=\"fr_FR\" \/>\n<meta property=\"og:type\" content=\"article\" \/>\n<meta property=\"og:title\" content=\"5\u00e8me symposium mondial sur la s\u00e9curit\u00e9 a\u00e9rienne \u00e0 Duba\u00ef : Ch\u00e9rubin OKENDE plaide pour la sortie de la RDC dans la liste noire de l&#039;Union Europ\u00e9enne - Infos Droits Humains\" \/>\n<meta property=\"og:description\" content=\"52 \u00c9tats du monde se sont donn\u00e9s rendez-vous \u00e0 Duba\u00ef aux \u00c9mirats arabes unis pour...\" \/>\n<meta property=\"og:url\" content=\"https:\/\/infos-droitshumains.net\/?p=888\" \/>\n<meta property=\"og:site_name\" content=\"Infos Droits Humains\" \/>\n<meta property=\"article:published_time\" content=\"2021-10-06T19:22:18+00:00\" \/>\n<meta property=\"article:modified_time\" content=\"2023-04-06T10:11:44+00:00\" \/>\n<meta property=\"og:image\" content=\"https:\/\/infos-droitshumains.net\/wp-content\/uploads\/2021\/10\/IMG-20211006-WA0022-1024x683.jpg\" \/>\n<meta name=\"author\" content=\"Jo\u00ebl Diawa\" \/>\n<meta name=\"twitter:card\" content=\"summary_large_image\" \/>\n<meta name=\"twitter:label1\" content=\"\u00c9crit par\" \/>\n\t<meta name=\"twitter:data1\" content=\"Jo\u00ebl Diawa\" \/>\n\t<meta name=\"twitter:label2\" content=\"Dur\u00e9e de lecture estim\u00e9e\" \/>\n\t<meta name=\"twitter:data2\" content=\"1 minute\" \/>\n<script type=\"application\/ld+json\" class=\"yoast-schema-graph\">{\"@context\":\"https:\\\/\\\/schema.org\",\"@graph\":[{\"@type\":\"Article\",\"@id\":\"https:\\\/\\\/infos-droitshumains.net\\\/?p=888#article\",\"isPartOf\":{\"@id\":\"https:\\\/\\\/infos-droitshumains.net\\\/?p=888\"},\"author\":{\"name\":\"Jo\u00ebl Diawa\",\"@id\":\"https:\\\/\\\/infos-droitshumains.net\\\/#\\\/schema\\\/person\\\/3dc5e921c3302172e0ed4362f96faab7\"},\"headline\":\"5\u00e8me symposium mondial sur la s\u00e9curit\u00e9 a\u00e9rienne \u00e0 Duba\u00ef : Ch\u00e9rubin OKENDE plaide pour la sortie de la RDC dans la liste noire de l&rsquo;Union Europ\u00e9enne\",\"datePublished\":\"2021-10-06T19:22:18+00:00\",\"dateModified\":\"2023-04-06T10:11:44+00:00\",\"mainEntityOfPage\":{\"@id\":\"https:\\\/\\\/infos-droitshumains.net\\\/?p=888\"},\"wordCount\":285,\"publisher\":{\"@id\":\"https:\\\/\\\/infos-droitshumains.net\\\/#organization\"},\"image\":{\"@id\":\"https:\\\/\\\/infos-droitshumains.net\\\/?p=888#primaryimage\"},\"thumbnailUrl\":\"https:\\\/\\\/infos-droitshumains.net\\\/wp-content\\\/uploads\\\/2021\\\/10\\\/IMG-20211006-WA0022-1024x683.jpg\",\"inLanguage\":\"fr-FR\"},{\"@type\":\"WebPage\",\"@id\":\"https:\\\/\\\/infos-droitshumains.net\\\/?p=888\",\"url\":\"https:\\\/\\\/infos-droitshumains.net\\\/?p=888\",\"name\":\"5\u00e8me symposium mondial sur la s\u00e9curit\u00e9 a\u00e9rienne \u00e0 Duba\u00ef : Ch\u00e9rubin OKENDE plaide pour la sortie de la RDC dans la liste noire de l'Union Europ\u00e9enne - Infos Droits Humains\",\"isPartOf\":{\"@id\":\"https:\\\/\\\/infos-droitshumains.net\\\/#website\"},\"primaryImageOfPage\":{\"@id\":\"https:\\\/\\\/infos-droitshumains.net\\\/?p=888#primaryimage\"},\"image\":{\"@id\":\"https:\\\/\\\/infos-droitshumains.net\\\/?p=888#primaryimage\"},\"thumbnailUrl\":\"https:\\\/\\\/infos-droitshumains.net\\\/wp-content\\\/uploads\\\/2021\\\/10\\\/IMG-20211006-WA0022-1024x683.jpg\",\"datePublished\":\"2021-10-06T19:22:18+00:00\",\"dateModified\":\"2023-04-06T10:11:44+00:00\",\"breadcrumb\":{\"@id\":\"https:\\\/\\\/infos-droitshumains.net\\\/?p=888#breadcrumb\"},\"inLanguage\":\"fr-FR\",\"potentialAction\":[{\"@type\":\"ReadAction\",\"target\":[\"https:\\\/\\\/infos-droitshumains.net\\\/?p=888\"]}]},{\"@type\":\"ImageObject\",\"inLanguage\":\"fr-FR\",\"@id\":\"https:\\\/\\\/infos-droitshumains.net\\\/?p=888#primaryimage\",\"url\":\"https:\\\/\\\/infos-droitshumains.net\\\/wp-content\\\/uploads\\\/2021\\\/10\\\/IMG-20211006-WA0022-1024x683.jpg\",\"contentUrl\":\"https:\\\/\\\/infos-droitshumains.net\\\/wp-content\\\/uploads\\\/2021\\\/10\\\/IMG-20211006-WA0022-1024x683.jpg\"},{\"@type\":\"BreadcrumbList\",\"@id\":\"https:\\\/\\\/infos-droitshumains.net\\\/?p=888#breadcrumb\",\"itemListElement\":[{\"@type\":\"ListItem\",\"position\":1,\"name\":\"Accueil\",\"item\":\"https:\\\/\\\/infos-droitshumains.net\\\/\"},{\"@type\":\"ListItem\",\"position\":2,\"name\":\"5\u00e8me symposium mondial sur la s\u00e9curit\u00e9 a\u00e9rienne \u00e0 Duba\u00ef : Ch\u00e9rubin OKENDE plaide pour la sortie de la RDC dans la liste noire de l&rsquo;Union Europ\u00e9enne\"}]},{\"@type\":\"WebSite\",\"@id\":\"https:\\\/\\\/infos-droitshumains.net\\\/#website\",\"url\":\"https:\\\/\\\/infos-droitshumains.net\\\/\",\"name\":\"Infos Droits Humains\",\"description\":\"S&#039;informer est un droit\",\"publisher\":{\"@id\":\"https:\\\/\\\/infos-droitshumains.net\\\/#organization\"},\"potentialAction\":[{\"@type\":\"SearchAction\",\"target\":{\"@type\":\"EntryPoint\",\"urlTemplate\":\"https:\\\/\\\/infos-droitshumains.net\\\/?s={search_term_string}\"},\"query-input\":{\"@type\":\"PropertyValueSpecification\",\"valueRequired\":true,\"valueName\":\"search_term_string\"}}],\"inLanguage\":\"fr-FR\"},{\"@type\":\"Organization\",\"@id\":\"https:\\\/\\\/infos-droitshumains.net\\\/#organization\",\"name\":\"Infos Droits Humains\",\"url\":\"https:\\\/\\\/infos-droitshumains.net\\\/\",\"logo\":{\"@type\":\"ImageObject\",\"inLanguage\":\"fr-FR\",\"@id\":\"https:\\\/\\\/infos-droitshumains.net\\\/#\\\/schema\\\/logo\\\/image\\\/\",\"url\":\"https:\\\/\\\/i0.wp.com\\\/infos-droitshumains.net\\\/wp-content\\\/uploads\\\/2022\\\/05\\\/Logo.png?fit=333%2C129&ssl=1\",\"contentUrl\":\"https:\\\/\\\/i0.wp.com\\\/infos-droitshumains.net\\\/wp-content\\\/uploads\\\/2022\\\/05\\\/Logo.png?fit=333%2C129&ssl=1\",\"width\":333,\"height\":129,\"caption\":\"Infos Droits Humains\"},\"image\":{\"@id\":\"https:\\\/\\\/infos-droitshumains.net\\\/#\\\/schema\\\/logo\\\/image\\\/\"}},{\"@type\":\"Person\",\"@id\":\"https:\\\/\\\/infos-droitshumains.net\\\/#\\\/schema\\\/person\\\/3dc5e921c3302172e0ed4362f96faab7\",\"name\":\"Jo\u00ebl Diawa\",\"image\":{\"@type\":\"ImageObject\",\"inLanguage\":\"fr-FR\",\"@id\":\"https:\\\/\\\/secure.gravatar.com\\\/avatar\\\/729bea6ff4604c624417803c477363be8e3c7186deaa65713313f9b4b820f41c?s=96&d=mm&r=g\",\"url\":\"https:\\\/\\\/secure.gravatar.com\\\/avatar\\\/729bea6ff4604c624417803c477363be8e3c7186deaa65713313f9b4b820f41c?s=96&d=mm&r=g\",\"contentUrl\":\"https:\\\/\\\/secure.gravatar.com\\\/avatar\\\/729bea6ff4604c624417803c477363be8e3c7186deaa65713313f9b4b820f41c?s=96&d=mm&r=g\",\"caption\":\"Jo\u00ebl Diawa\"},\"sameAs\":[\"https:\\\/\\\/www.infos-droitshumains.net\"],\"url\":\"https:\\\/\\\/infos-droitshumains.net\\\/?author=2\"}]}<\/script>\n<!-- \/ Yoast SEO plugin. -->","yoast_head_json":{"title":"5\u00e8me symposium mondial sur la s\u00e9curit\u00e9 a\u00e9rienne \u00e0 Duba\u00ef : Ch\u00e9rubin OKENDE plaide pour la sortie de la RDC dans la liste noire de l'Union Europ\u00e9enne - Infos Droits Humains","robots":{"index":"index","follow":"follow","max-snippet":"max-snippet:-1","max-image-preview":"max-image-preview:large","max-video-preview":"max-video-preview:-1"},"canonical":"https:\/\/infos-droitshumains.net\/?p=888","og_locale":"fr_FR","og_type":"article","og_title":"5\u00e8me symposium mondial sur la s\u00e9curit\u00e9 a\u00e9rienne \u00e0 Duba\u00ef : Ch\u00e9rubin OKENDE plaide pour la sortie de la RDC dans la liste noire de l'Union Europ\u00e9enne - Infos Droits Humains","og_description":"52 \u00c9tats du monde se sont donn\u00e9s rendez-vous \u00e0 Duba\u00ef aux \u00c9mirats arabes unis pour...","og_url":"https:\/\/infos-droitshumains.net\/?p=888","og_site_name":"Infos Droits Humains","article_published_time":"2021-10-06T19:22:18+00:00","article_modified_time":"2023-04-06T10:11:44+00:00","og_image":[{"url":"https:\/\/infos-droitshumains.net\/wp-content\/uploads\/2021\/10\/IMG-20211006-WA0022-1024x683.jpg","type":"","width":"","height":""}],"author":"Jo\u00ebl Diawa","twitter_card":"summary_large_image","twitter_misc":{"\u00c9crit par":"Jo\u00ebl Diawa","Dur\u00e9e de lecture estim\u00e9e":"1 minute"},"schema":{"@context":"https:\/\/schema.org","@graph":[{"@type":"Article","@id":"https:\/\/infos-droitshumains.net\/?p=888#article","isPartOf":{"@id":"https:\/\/infos-droitshumains.net\/?p=888"},"author":{"name":"Jo\u00ebl Diawa","@id":"https:\/\/infos-droitshumains.net\/#\/schema\/person\/3dc5e921c3302172e0ed4362f96faab7"},"headline":"5\u00e8me symposium mondial sur la s\u00e9curit\u00e9 a\u00e9rienne \u00e0 Duba\u00ef : Ch\u00e9rubin OKENDE plaide pour la sortie de la RDC dans la liste noire de l&rsquo;Union Europ\u00e9enne","datePublished":"2021-10-06T19:22:18+00:00","dateModified":"2023-04-06T10:11:44+00:00","mainEntityOfPage":{"@id":"https:\/\/infos-droitshumains.net\/?p=888"},"wordCount":285,"publisher":{"@id":"https:\/\/infos-droitshumains.net\/#organization"},"image":{"@id":"https:\/\/infos-droitshumains.net\/?p=888#primaryimage"},"thumbnailUrl":"https:\/\/infos-droitshumains.net\/wp-content\/uploads\/2021\/10\/IMG-20211006-WA0022-1024x683.jpg","inLanguage":"fr-FR"},{"@type":"WebPage","@id":"https:\/\/infos-droitshumains.net\/?p=888","url":"https:\/\/infos-droitshumains.net\/?p=888","name":"5\u00e8me symposium mondial sur la s\u00e9curit\u00e9 a\u00e9rienne \u00e0 Duba\u00ef : Ch\u00e9rubin OKENDE plaide pour la sortie de la RDC dans la liste noire de l'Union Europ\u00e9enne - Infos Droits Humains","isPartOf":{"@id":"https:\/\/infos-droitshumains.net\/#website"},"primaryImageOfPage":{"@id":"https:\/\/infos-droitshumains.net\/?p=888#primaryimage"},"image":{"@id":"https:\/\/infos-droitshumains.net\/?p=888#primaryimage"},"thumbnailUrl":"https:\/\/infos-droitshumains.net\/wp-content\/uploads\/2021\/10\/IMG-20211006-WA0022-1024x683.jpg","datePublished":"2021-10-06T19:22:18+00:00","dateModified":"2023-04-06T10:11:44+00:00","breadcrumb":{"@id":"https:\/\/infos-droitshumains.net\/?p=888#breadcrumb"},"inLanguage":"fr-FR","potentialAction":[{"@type":"ReadAction","target":["https:\/\/infos-droitshumains.net\/?p=888"]}]},{"@type":"ImageObject","inLanguage":"fr-FR","@id":"https:\/\/infos-droitshumains.net\/?p=888#primaryimage","url":"https:\/\/infos-droitshumains.net\/wp-content\/uploads\/2021\/10\/IMG-20211006-WA0022-1024x683.jpg","contentUrl":"https:\/\/infos-droitshumains.net\/wp-content\/uploads\/2021\/10\/IMG-20211006-WA0022-1024x683.jpg"},{"@type":"BreadcrumbList","@id":"https:\/\/infos-droitshumains.net\/?p=888#breadcrumb","itemListElement":[{"@type":"ListItem","position":1,"name":"Accueil","item":"https:\/\/infos-droitshumains.net\/"},{"@type":"ListItem","position":2,"name":"5\u00e8me symposium mondial sur la s\u00e9curit\u00e9 a\u00e9rienne \u00e0 Duba\u00ef : Ch\u00e9rubin OKENDE plaide pour la sortie de la RDC dans la liste noire de l&rsquo;Union Europ\u00e9enne"}]},{"@type":"WebSite","@id":"https:\/\/infos-droitshumains.net\/#website","url":"https:\/\/infos-droitshumains.net\/","name":"Infos Droits Humains","description":"S&#039;informer est un droit","publisher":{"@id":"https:\/\/infos-droitshumains.net\/#organization"},"potentialAction":[{"@type":"SearchAction","target":{"@type":"EntryPoint","urlTemplate":"https:\/\/infos-droitshumains.net\/?s={search_term_string}"},"query-input":{"@type":"PropertyValueSpecification","valueRequired":true,"valueName":"search_term_string"}}],"inLanguage":"fr-FR"},{"@type":"Organization","@id":"https:\/\/infos-droitshumains.net\/#organization","name":"Infos Droits Humains","url":"https:\/\/infos-droitshumains.net\/","logo":{"@type":"ImageObject","inLanguage":"fr-FR","@id":"https:\/\/infos-droitshumains.net\/#\/schema\/logo\/image\/","url":"https:\/\/i0.wp.com\/infos-droitshumains.net\/wp-content\/uploads\/2022\/05\/Logo.png?fit=333%2C129&ssl=1","contentUrl":"https:\/\/i0.wp.com\/infos-droitshumains.net\/wp-content\/uploads\/2022\/05\/Logo.png?fit=333%2C129&ssl=1","width":333,"height":129,"caption":"Infos Droits Humains"},"image":{"@id":"https:\/\/infos-droitshumains.net\/#\/schema\/logo\/image\/"}},{"@type":"Person","@id":"https:\/\/infos-droitshumains.net\/#\/schema\/person\/3dc5e921c3302172e0ed4362f96faab7","name":"Jo\u00ebl Diawa","image":{"@type":"ImageObject","inLanguage":"fr-FR","@id":"https:\/\/secure.gravatar.com\/avatar\/729bea6ff4604c624417803c477363be8e3c7186deaa65713313f9b4b820f41c?s=96&d=mm&r=g","url":"https:\/\/secure.gravatar.com\/avatar\/729bea6ff4604c624417803c477363be8e3c7186deaa65713313f9b4b820f41c?s=96&d=mm&r=g","contentUrl":"https:\/\/secure.gravatar.com\/avatar\/729bea6ff4604c624417803c477363be8e3c7186deaa65713313f9b4b820f41c?s=96&d=mm&r=g","caption":"Jo\u00ebl Diawa"},"sameAs":["https:\/\/www.infos-droitshumains.net"],"url":"https:\/\/infos-droitshumains.net\/?author=2"}]}},"featured_image_urls":{"full":"","thumbnail":"","medium":"","medium_large":"","large":"","1536x1536":"","2048x2048":"","covernews-slider-full":"","covernews-slider-center":"","covernews-featured":"","covernews-medium":"","covernews-medium-square":""},"author_info":{"display_name":"Jo\u00ebl Diawa","author_link":"https:\/\/infos-droitshumains.net\/?author=2"},"category_info":"<a href=\"https:\/\/infos-droitshumains.net\/?cat=1\" rel=\"category\">Non class\u00e9<\/a>","tag_info":"Non class\u00e9","comment_count":"0","jetpack_featured_media_url":"","jetpack-related-posts":[],"jetpack_sharing_enabled":true,"_links":{"self":[{"href":"https:\/\/infos-droitshumains.net\/index.php?rest_route=\/wp\/v2\/posts\/888","targetHints":{"allow":["GET"]}}],"collection":[{"href":"https:\/\/infos-droitshumains.net\/index.php?rest_route=\/wp\/v2\/posts"}],"about":[{"href":"https:\/\/infos-droitshumains.net\/index.php?rest_route=\/wp\/v2\/types\/post"}],"author":[{"embeddable":true,"href":"https:\/\/infos-droitshumains.net\/index.php?rest_route=\/wp\/v2\/users\/2"}],"replies":[{"embeddable":true,"href":"https:\/\/infos-droitshumains.net\/index.php?rest_route=%2Fwp%2Fv2%2Fcomments&post=888"}],"version-history":[{"count":1,"href":"https:\/\/infos-droitshumains.net\/index.php?rest_route=\/wp\/v2\/posts\/888\/revisions"}],"predecessor-version":[{"id":891,"href":"https:\/\/infos-droitshumains.net\/index.php?rest_route=\/wp\/v2\/posts\/888\/revisions\/891"}],"wp:attachment":[{"href":"https:\/\/infos-droitshumains.net\/index.php?rest_route=%2Fwp%2Fv2%2Fmedia&parent=888"}],"wp:term":[{"taxonomy":"category","embeddable":true,"href":"https:\/\/infos-droitshumains.net\/index.php?rest_route=%2Fwp%2Fv2%2Fcategories&post=888"},{"taxonomy":"post_tag","embeddable":true,"href":"https:\/\/infos-droitshumains.net\/index.php?rest_route=%2Fwp%2Fv2%2Ftags&post=888"}],"curies":[{"name":"wp","href":"https:\/\/api.w.org\/{rel}","templated":true}]}}