{"id":8848,"date":"2024-01-23T23:00:44","date_gmt":"2024-01-23T22:00:44","guid":{"rendered":"https:\/\/infos-droitshumains.net\/?p=8848"},"modified":"2024-01-24T08:55:54","modified_gmt":"2024-01-24T07:55:54","slug":"rdc-la-date-du-7eme-congres-de-la-federation-africaine-des-unions-et-associations-des-jeunes-avocats-devoilee","status":"publish","type":"post","link":"https:\/\/infos-droitshumains.net\/?p=8848","title":{"rendered":"7\u00e8me congr\u00e8s de la F\u00e9d\u00e9ration Africaine des Unions et Associations des Jeunes Avocats Kinshasa 2024: Le comit\u00e9 local d&rsquo;organisation d\u00e9voile la date de l&rsquo;\u00e9v\u00e9nement"},"content":{"rendered":"\n<p><strong>R\u00e9daction:+243817406088<\/strong><\/p>\n\n\n\n<h4 class=\"wp-block-heading has-vivid-red-color has-text-color has-link-color wp-elements-a7e8df2c12dffe6f6c6ecedfed1bda95\">Le 7\u00e8me congr\u00e8s de la F\u00e9d\u00e9ration Africaine des Unions et Associations des Jeunes Avocats, FA-UJA se tiendra \u00e0&nbsp; l&rsquo;h\u00f4tel Pullman de Kinshasa du 16 au 19 avril 2024. Cet \u00e9v\u00e8nement grandiose qui r\u00e9unira les jeunes avocats de tous pays du continent le sera sous le th\u00e8me : <strong><em>\u00ab&nbsp;La N\u00e9gociation des conventions extractives en Afrique&nbsp;\u00bb<\/em><\/strong>.<\/h4>\n\n\n\n<p>L&rsquo;annonce a \u00e9t\u00e9 faite ce mardi 23 janvier \u00e0 Kinshasa par le comit\u00e9 local d&rsquo;organisation. La pr\u00e9sidence actuelle de cette organisation est assur\u00e9e par Me Biens\u00e9ance Njangu, avocate au barreau de Mbuji Mayi et de Kinshasa\/Gombe.<\/p>\n\n\n\n<figure class=\"wp-block-image alignfull size-large\"><img data-recalc-dims=\"1\" fetchpriority=\"high\" decoding=\"async\" width=\"640\" height=\"735\" src=\"https:\/\/i0.wp.com\/infos-droitshumains.net\/wp-content\/uploads\/2024\/01\/IMG-20240123-WA0035_1.jpg?resize=640%2C735&#038;ssl=1\" alt=\"\" class=\"wp-image-8851\" srcset=\"https:\/\/i0.wp.com\/infos-droitshumains.net\/wp-content\/uploads\/2024\/01\/IMG-20240123-WA0035_1.jpg?resize=892%2C1024&amp;ssl=1 892w, https:\/\/i0.wp.com\/infos-droitshumains.net\/wp-content\/uploads\/2024\/01\/IMG-20240123-WA0035_1.jpg?resize=261%2C300&amp;ssl=1 261w, https:\/\/i0.wp.com\/infos-droitshumains.net\/wp-content\/uploads\/2024\/01\/IMG-20240123-WA0035_1.jpg?resize=768%2C882&amp;ssl=1 768w, https:\/\/i0.wp.com\/infos-droitshumains.net\/wp-content\/uploads\/2024\/01\/IMG-20240123-WA0035_1.jpg?w=978&amp;ssl=1 978w\" sizes=\"(max-width: 640px) 100vw, 640px\" \/><\/figure>\n\n\n\n<p>Elle travaille en \u00e9troite collaboration avec le comit\u00e9 local d&rsquo;organisation qui est sous la houlette de Me Junior Kapuya afin que ce grand \u00e9v\u00e9nement soit une r\u00e9ussite totale.<\/p>\n\n\n\n<figure class=\"wp-block-image alignfull size-large\"><img data-recalc-dims=\"1\" decoding=\"async\" width=\"640\" height=\"960\" src=\"https:\/\/i0.wp.com\/infos-droitshumains.net\/wp-content\/uploads\/2024\/01\/243899199039_status_9aa8c5d9772d40358f87b69b98570723_1.jpg?resize=640%2C960&#038;ssl=1\" alt=\"\" class=\"wp-image-8852\" srcset=\"https:\/\/i0.wp.com\/infos-droitshumains.net\/wp-content\/uploads\/2024\/01\/243899199039_status_9aa8c5d9772d40358f87b69b98570723_1.jpg?resize=683%2C1024&amp;ssl=1 683w, https:\/\/i0.wp.com\/infos-droitshumains.net\/wp-content\/uploads\/2024\/01\/243899199039_status_9aa8c5d9772d40358f87b69b98570723_1.jpg?resize=200%2C300&amp;ssl=1 200w, https:\/\/i0.wp.com\/infos-droitshumains.net\/wp-content\/uploads\/2024\/01\/243899199039_status_9aa8c5d9772d40358f87b69b98570723_1.jpg?w=720&amp;ssl=1 720w\" sizes=\"(max-width: 640px) 100vw, 640px\" \/><\/figure>\n\n\n\n<div class=\"wp-block-columns is-layout-flex wp-container-core-columns-is-layout-28f84493 wp-block-columns-is-layout-flex\">\n<div class=\"wp-block-column is-layout-flow wp-block-column-is-layout-flow\" style=\"flex-basis:100%\">\n<p>C\u2019est dans ce cadre qu\u2019il s\u2019est tenue ce mardi \u00e0 Kinshasa, la premi\u00e8re r\u00e9union pr\u00e9paratoire de ce comit\u00e9 local d&rsquo;organisation \u00e0 l\u2019issue de laquelle, Me. Junior Kapuya a rassur\u00e9 que <em>\u00ab\u00a0 toutes les dispositions seront prises pour qu&rsquo;il ait une participation massive des jeunes avocats des barreaux de la RDC\u00a0\u00bb<\/em>, \u00a0mais aussi a-t-il poursuivi, <em>\u00ab\u00a0les avocats qui viendront de toute l&rsquo;Afrique profiteront amplement de l&rsquo;hospitalit\u00e9 kinoise\u00a0\u00bb<\/em>.<\/p>\n<\/div>\n<\/div>\n\n\n\n<p>Le lancement des inscriptions \u00e0 ce congr\u00e8s est pr\u00e9vu pour tr\u00e8s bient\u00f4t, le coordonnateur du comit\u00e9 local d\u2019organisation en appelle \u00e0 <em>\u00ab&nbsp;l&rsquo;implication de tous pour un succ\u00e8s \u00e9clatant&nbsp;\u00bb.<\/em><\/p>\n\n\n\n<p>La F\u00e9d\u00e9ration Africaine des Associations et Unions de Jeunes Avocats, FA-UJA est un regroupement d\u2019Associations et\/ou d\u2019unions ou syndicats de jeunes avocats africains avec comme vocation, de contribuer \u00e0 l\u2019am\u00e9lioration des conditions d\u2019exercice de la profession par les jeunes avocats, de promouvoir les actions n\u00e9cessaires \u00e0 la protection de la personne humaine, de ses libert\u00e9s ainsi qu\u2019au respect des droits de la d\u00e9fense, de contribuer \u00e0 l\u2019av\u00e8nement, au maintien et \u00e0 l\u2019am\u00e9lioration de l\u2019\u00e9tat de droit.<\/p>\n\n\n\n<p>Jo\u00ebl Diawa<\/p>\n","protected":false},"excerpt":{"rendered":"<p>R\u00e9daction:+243817406088 Le 7\u00e8me congr\u00e8s de la F\u00e9d\u00e9ration Africaine des Unions et Associations des Jeunes Avocats,&#8230;<\/p>\n","protected":false},"author":2,"featured_media":8854,"comment_status":"open","ping_status":"open","sticky":false,"template":"","format":"standard","meta":{"_jetpack_memberships_contains_paid_content":false,"footnotes":""},"categories":[6],"tags":[],"class_list":["post-8848","post","type-post","status-publish","format-standard","has-post-thumbnail","hentry","category-justice"],"yoast_head":"<!-- This site is optimized with the Yoast SEO plugin v27.5 - https:\/\/yoast.com\/product\/yoast-seo-wordpress\/ -->\n<title>7\u00e8me congr\u00e8s de la F\u00e9d\u00e9ration Africaine des Unions et Associations des Jeunes Avocats Kinshasa 2024: Le comit\u00e9 local d&#039;organisation d\u00e9voile la date de l&#039;\u00e9v\u00e9nement - Infos Droits Humains<\/title>\n<meta name=\"robots\" content=\"index, follow, max-snippet:-1, max-image-preview:large, max-video-preview:-1\" \/>\n<link rel=\"canonical\" href=\"https:\/\/infos-droitshumains.net\/?p=8848\" \/>\n<meta property=\"og:locale\" content=\"fr_FR\" \/>\n<meta property=\"og:type\" content=\"article\" \/>\n<meta property=\"og:title\" content=\"7\u00e8me congr\u00e8s de la F\u00e9d\u00e9ration Africaine des Unions et Associations des Jeunes Avocats Kinshasa 2024: Le comit\u00e9 local d&#039;organisation d\u00e9voile la date de l&#039;\u00e9v\u00e9nement - Infos Droits Humains\" \/>\n<meta property=\"og:description\" content=\"R\u00e9daction:+243817406088 Le 7\u00e8me congr\u00e8s de la F\u00e9d\u00e9ration Africaine des Unions et Associations des Jeunes Avocats,...\" \/>\n<meta property=\"og:url\" content=\"https:\/\/infos-droitshumains.net\/?p=8848\" \/>\n<meta property=\"og:site_name\" content=\"Infos Droits Humains\" \/>\n<meta property=\"article:published_time\" content=\"2024-01-23T22:00:44+00:00\" \/>\n<meta property=\"article:modified_time\" content=\"2024-01-24T07:55:54+00:00\" \/>\n<meta property=\"og:image\" content=\"https:\/\/infos-droitshumains.net\/wp-content\/uploads\/2024\/01\/IMG-20240123-WA0034_1.jpg\" \/>\n\t<meta property=\"og:image:width\" content=\"417\" \/>\n\t<meta property=\"og:image:height\" content=\"417\" \/>\n\t<meta property=\"og:image:type\" content=\"image\/jpeg\" \/>\n<meta name=\"author\" content=\"Jo\u00ebl Diawa\" \/>\n<meta name=\"twitter:card\" content=\"summary_large_image\" \/>\n<meta name=\"twitter:label1\" content=\"\u00c9crit par\" \/>\n\t<meta name=\"twitter:data1\" content=\"Jo\u00ebl Diawa\" \/>\n\t<meta name=\"twitter:label2\" content=\"Dur\u00e9e de lecture estim\u00e9e\" \/>\n\t<meta name=\"twitter:data2\" content=\"3 minutes\" \/>\n<script type=\"application\/ld+json\" class=\"yoast-schema-graph\">{\"@context\":\"https:\\\/\\\/schema.org\",\"@graph\":[{\"@type\":\"Article\",\"@id\":\"https:\\\/\\\/infos-droitshumains.net\\\/?p=8848#article\",\"isPartOf\":{\"@id\":\"https:\\\/\\\/infos-droitshumains.net\\\/?p=8848\"},\"author\":{\"name\":\"Jo\u00ebl Diawa\",\"@id\":\"https:\\\/\\\/infos-droitshumains.net\\\/#\\\/schema\\\/person\\\/3dc5e921c3302172e0ed4362f96faab7\"},\"headline\":\"7\u00e8me congr\u00e8s de la F\u00e9d\u00e9ration Africaine des Unions et Associations des Jeunes Avocats Kinshasa 2024: Le comit\u00e9 local d&rsquo;organisation d\u00e9voile la date de l&rsquo;\u00e9v\u00e9nement\",\"datePublished\":\"2024-01-23T22:00:44+00:00\",\"dateModified\":\"2024-01-24T07:55:54+00:00\",\"mainEntityOfPage\":{\"@id\":\"https:\\\/\\\/infos-droitshumains.net\\\/?p=8848\"},\"wordCount\":355,\"commentCount\":3,\"publisher\":{\"@id\":\"https:\\\/\\\/infos-droitshumains.net\\\/#organization\"},\"image\":{\"@id\":\"https:\\\/\\\/infos-droitshumains.net\\\/?p=8848#primaryimage\"},\"thumbnailUrl\":\"https:\\\/\\\/i0.wp.com\\\/infos-droitshumains.net\\\/wp-content\\\/uploads\\\/2024\\\/01\\\/IMG-20240123-WA0034_1.jpg?fit=417%2C417&ssl=1\",\"articleSection\":[\"Justice\"],\"inLanguage\":\"fr-FR\",\"potentialAction\":[{\"@type\":\"CommentAction\",\"name\":\"Comment\",\"target\":[\"https:\\\/\\\/infos-droitshumains.net\\\/?p=8848#respond\"]}]},{\"@type\":\"WebPage\",\"@id\":\"https:\\\/\\\/infos-droitshumains.net\\\/?p=8848\",\"url\":\"https:\\\/\\\/infos-droitshumains.net\\\/?p=8848\",\"name\":\"7\u00e8me congr\u00e8s de la F\u00e9d\u00e9ration Africaine des Unions et Associations des Jeunes Avocats Kinshasa 2024: Le comit\u00e9 local d'organisation d\u00e9voile la date de l'\u00e9v\u00e9nement - Infos Droits Humains\",\"isPartOf\":{\"@id\":\"https:\\\/\\\/infos-droitshumains.net\\\/#website\"},\"primaryImageOfPage\":{\"@id\":\"https:\\\/\\\/infos-droitshumains.net\\\/?p=8848#primaryimage\"},\"image\":{\"@id\":\"https:\\\/\\\/infos-droitshumains.net\\\/?p=8848#primaryimage\"},\"thumbnailUrl\":\"https:\\\/\\\/i0.wp.com\\\/infos-droitshumains.net\\\/wp-content\\\/uploads\\\/2024\\\/01\\\/IMG-20240123-WA0034_1.jpg?fit=417%2C417&ssl=1\",\"datePublished\":\"2024-01-23T22:00:44+00:00\",\"dateModified\":\"2024-01-24T07:55:54+00:00\",\"breadcrumb\":{\"@id\":\"https:\\\/\\\/infos-droitshumains.net\\\/?p=8848#breadcrumb\"},\"inLanguage\":\"fr-FR\",\"potentialAction\":[{\"@type\":\"ReadAction\",\"target\":[\"https:\\\/\\\/infos-droitshumains.net\\\/?p=8848\"]}]},{\"@type\":\"ImageObject\",\"inLanguage\":\"fr-FR\",\"@id\":\"https:\\\/\\\/infos-droitshumains.net\\\/?p=8848#primaryimage\",\"url\":\"https:\\\/\\\/i0.wp.com\\\/infos-droitshumains.net\\\/wp-content\\\/uploads\\\/2024\\\/01\\\/IMG-20240123-WA0034_1.jpg?fit=417%2C417&ssl=1\",\"contentUrl\":\"https:\\\/\\\/i0.wp.com\\\/infos-droitshumains.net\\\/wp-content\\\/uploads\\\/2024\\\/01\\\/IMG-20240123-WA0034_1.jpg?fit=417%2C417&ssl=1\",\"width\":417,\"height\":417},{\"@type\":\"BreadcrumbList\",\"@id\":\"https:\\\/\\\/infos-droitshumains.net\\\/?p=8848#breadcrumb\",\"itemListElement\":[{\"@type\":\"ListItem\",\"position\":1,\"name\":\"Accueil\",\"item\":\"https:\\\/\\\/infos-droitshumains.net\\\/\"},{\"@type\":\"ListItem\",\"position\":2,\"name\":\"7\u00e8me congr\u00e8s de la F\u00e9d\u00e9ration Africaine des Unions et Associations des Jeunes Avocats Kinshasa 2024: Le comit\u00e9 local d&rsquo;organisation d\u00e9voile la date de l&rsquo;\u00e9v\u00e9nement\"}]},{\"@type\":\"WebSite\",\"@id\":\"https:\\\/\\\/infos-droitshumains.net\\\/#website\",\"url\":\"https:\\\/\\\/infos-droitshumains.net\\\/\",\"name\":\"Infos Droits Humains\",\"description\":\"S&#039;informer est un droit\",\"publisher\":{\"@id\":\"https:\\\/\\\/infos-droitshumains.net\\\/#organization\"},\"potentialAction\":[{\"@type\":\"SearchAction\",\"target\":{\"@type\":\"EntryPoint\",\"urlTemplate\":\"https:\\\/\\\/infos-droitshumains.net\\\/?s={search_term_string}\"},\"query-input\":{\"@type\":\"PropertyValueSpecification\",\"valueRequired\":true,\"valueName\":\"search_term_string\"}}],\"inLanguage\":\"fr-FR\"},{\"@type\":\"Organization\",\"@id\":\"https:\\\/\\\/infos-droitshumains.net\\\/#organization\",\"name\":\"Infos Droits Humains\",\"url\":\"https:\\\/\\\/infos-droitshumains.net\\\/\",\"logo\":{\"@type\":\"ImageObject\",\"inLanguage\":\"fr-FR\",\"@id\":\"https:\\\/\\\/infos-droitshumains.net\\\/#\\\/schema\\\/logo\\\/image\\\/\",\"url\":\"https:\\\/\\\/i0.wp.com\\\/infos-droitshumains.net\\\/wp-content\\\/uploads\\\/2022\\\/05\\\/Logo.png?fit=333%2C129&ssl=1\",\"contentUrl\":\"https:\\\/\\\/i0.wp.com\\\/infos-droitshumains.net\\\/wp-content\\\/uploads\\\/2022\\\/05\\\/Logo.png?fit=333%2C129&ssl=1\",\"width\":333,\"height\":129,\"caption\":\"Infos Droits Humains\"},\"image\":{\"@id\":\"https:\\\/\\\/infos-droitshumains.net\\\/#\\\/schema\\\/logo\\\/image\\\/\"}},{\"@type\":\"Person\",\"@id\":\"https:\\\/\\\/infos-droitshumains.net\\\/#\\\/schema\\\/person\\\/3dc5e921c3302172e0ed4362f96faab7\",\"name\":\"Jo\u00ebl Diawa\",\"image\":{\"@type\":\"ImageObject\",\"inLanguage\":\"fr-FR\",\"@id\":\"https:\\\/\\\/secure.gravatar.com\\\/avatar\\\/729bea6ff4604c624417803c477363be8e3c7186deaa65713313f9b4b820f41c?s=96&d=mm&r=g\",\"url\":\"https:\\\/\\\/secure.gravatar.com\\\/avatar\\\/729bea6ff4604c624417803c477363be8e3c7186deaa65713313f9b4b820f41c?s=96&d=mm&r=g\",\"contentUrl\":\"https:\\\/\\\/secure.gravatar.com\\\/avatar\\\/729bea6ff4604c624417803c477363be8e3c7186deaa65713313f9b4b820f41c?s=96&d=mm&r=g\",\"caption\":\"Jo\u00ebl Diawa\"},\"sameAs\":[\"https:\\\/\\\/www.infos-droitshumains.net\"],\"url\":\"https:\\\/\\\/infos-droitshumains.net\\\/?author=2\"}]}<\/script>\n<!-- \/ Yoast SEO plugin. -->","yoast_head_json":{"title":"7\u00e8me congr\u00e8s de la F\u00e9d\u00e9ration Africaine des Unions et Associations des Jeunes Avocats Kinshasa 2024: Le comit\u00e9 local d'organisation d\u00e9voile la date de l'\u00e9v\u00e9nement - Infos Droits Humains","robots":{"index":"index","follow":"follow","max-snippet":"max-snippet:-1","max-image-preview":"max-image-preview:large","max-video-preview":"max-video-preview:-1"},"canonical":"https:\/\/infos-droitshumains.net\/?p=8848","og_locale":"fr_FR","og_type":"article","og_title":"7\u00e8me congr\u00e8s de la F\u00e9d\u00e9ration Africaine des Unions et Associations des Jeunes Avocats Kinshasa 2024: Le comit\u00e9 local d'organisation d\u00e9voile la date de l'\u00e9v\u00e9nement - Infos Droits Humains","og_description":"R\u00e9daction:+243817406088 Le 7\u00e8me congr\u00e8s de la F\u00e9d\u00e9ration Africaine des Unions et Associations des Jeunes Avocats,...","og_url":"https:\/\/infos-droitshumains.net\/?p=8848","og_site_name":"Infos Droits Humains","article_published_time":"2024-01-23T22:00:44+00:00","article_modified_time":"2024-01-24T07:55:54+00:00","og_image":[{"width":417,"height":417,"url":"https:\/\/infos-droitshumains.net\/wp-content\/uploads\/2024\/01\/IMG-20240123-WA0034_1.jpg","type":"image\/jpeg"}],"author":"Jo\u00ebl Diawa","twitter_card":"summary_large_image","twitter_misc":{"\u00c9crit par":"Jo\u00ebl Diawa","Dur\u00e9e de lecture estim\u00e9e":"3 minutes"},"schema":{"@context":"https:\/\/schema.org","@graph":[{"@type":"Article","@id":"https:\/\/infos-droitshumains.net\/?p=8848#article","isPartOf":{"@id":"https:\/\/infos-droitshumains.net\/?p=8848"},"author":{"name":"Jo\u00ebl Diawa","@id":"https:\/\/infos-droitshumains.net\/#\/schema\/person\/3dc5e921c3302172e0ed4362f96faab7"},"headline":"7\u00e8me congr\u00e8s de la F\u00e9d\u00e9ration Africaine des Unions et Associations des Jeunes Avocats Kinshasa 2024: Le comit\u00e9 local d&rsquo;organisation d\u00e9voile la date de l&rsquo;\u00e9v\u00e9nement","datePublished":"2024-01-23T22:00:44+00:00","dateModified":"2024-01-24T07:55:54+00:00","mainEntityOfPage":{"@id":"https:\/\/infos-droitshumains.net\/?p=8848"},"wordCount":355,"commentCount":3,"publisher":{"@id":"https:\/\/infos-droitshumains.net\/#organization"},"image":{"@id":"https:\/\/infos-droitshumains.net\/?p=8848#primaryimage"},"thumbnailUrl":"https:\/\/i0.wp.com\/infos-droitshumains.net\/wp-content\/uploads\/2024\/01\/IMG-20240123-WA0034_1.jpg?fit=417%2C417&ssl=1","articleSection":["Justice"],"inLanguage":"fr-FR","potentialAction":[{"@type":"CommentAction","name":"Comment","target":["https:\/\/infos-droitshumains.net\/?p=8848#respond"]}]},{"@type":"WebPage","@id":"https:\/\/infos-droitshumains.net\/?p=8848","url":"https:\/\/infos-droitshumains.net\/?p=8848","name":"7\u00e8me congr\u00e8s de la F\u00e9d\u00e9ration Africaine des Unions et Associations des Jeunes Avocats Kinshasa 2024: Le comit\u00e9 local d'organisation d\u00e9voile la date de l'\u00e9v\u00e9nement - Infos Droits Humains","isPartOf":{"@id":"https:\/\/infos-droitshumains.net\/#website"},"primaryImageOfPage":{"@id":"https:\/\/infos-droitshumains.net\/?p=8848#primaryimage"},"image":{"@id":"https:\/\/infos-droitshumains.net\/?p=8848#primaryimage"},"thumbnailUrl":"https:\/\/i0.wp.com\/infos-droitshumains.net\/wp-content\/uploads\/2024\/01\/IMG-20240123-WA0034_1.jpg?fit=417%2C417&ssl=1","datePublished":"2024-01-23T22:00:44+00:00","dateModified":"2024-01-24T07:55:54+00:00","breadcrumb":{"@id":"https:\/\/infos-droitshumains.net\/?p=8848#breadcrumb"},"inLanguage":"fr-FR","potentialAction":[{"@type":"ReadAction","target":["https:\/\/infos-droitshumains.net\/?p=8848"]}]},{"@type":"ImageObject","inLanguage":"fr-FR","@id":"https:\/\/infos-droitshumains.net\/?p=8848#primaryimage","url":"https:\/\/i0.wp.com\/infos-droitshumains.net\/wp-content\/uploads\/2024\/01\/IMG-20240123-WA0034_1.jpg?fit=417%2C417&ssl=1","contentUrl":"https:\/\/i0.wp.com\/infos-droitshumains.net\/wp-content\/uploads\/2024\/01\/IMG-20240123-WA0034_1.jpg?fit=417%2C417&ssl=1","width":417,"height":417},{"@type":"BreadcrumbList","@id":"https:\/\/infos-droitshumains.net\/?p=8848#breadcrumb","itemListElement":[{"@type":"ListItem","position":1,"name":"Accueil","item":"https:\/\/infos-droitshumains.net\/"},{"@type":"ListItem","position":2,"name":"7\u00e8me congr\u00e8s de la F\u00e9d\u00e9ration Africaine des Unions et Associations des Jeunes Avocats Kinshasa 2024: Le comit\u00e9 local d&rsquo;organisation d\u00e9voile la date de l&rsquo;\u00e9v\u00e9nement"}]},{"@type":"WebSite","@id":"https:\/\/infos-droitshumains.net\/#website","url":"https:\/\/infos-droitshumains.net\/","name":"Infos Droits Humains","description":"S&#039;informer est un droit","publisher":{"@id":"https:\/\/infos-droitshumains.net\/#organization"},"potentialAction":[{"@type":"SearchAction","target":{"@type":"EntryPoint","urlTemplate":"https:\/\/infos-droitshumains.net\/?s={search_term_string}"},"query-input":{"@type":"PropertyValueSpecification","valueRequired":true,"valueName":"search_term_string"}}],"inLanguage":"fr-FR"},{"@type":"Organization","@id":"https:\/\/infos-droitshumains.net\/#organization","name":"Infos Droits Humains","url":"https:\/\/infos-droitshumains.net\/","logo":{"@type":"ImageObject","inLanguage":"fr-FR","@id":"https:\/\/infos-droitshumains.net\/#\/schema\/logo\/image\/","url":"https:\/\/i0.wp.com\/infos-droitshumains.net\/wp-content\/uploads\/2022\/05\/Logo.png?fit=333%2C129&ssl=1","contentUrl":"https:\/\/i0.wp.com\/infos-droitshumains.net\/wp-content\/uploads\/2022\/05\/Logo.png?fit=333%2C129&ssl=1","width":333,"height":129,"caption":"Infos Droits Humains"},"image":{"@id":"https:\/\/infos-droitshumains.net\/#\/schema\/logo\/image\/"}},{"@type":"Person","@id":"https:\/\/infos-droitshumains.net\/#\/schema\/person\/3dc5e921c3302172e0ed4362f96faab7","name":"Jo\u00ebl Diawa","image":{"@type":"ImageObject","inLanguage":"fr-FR","@id":"https:\/\/secure.gravatar.com\/avatar\/729bea6ff4604c624417803c477363be8e3c7186deaa65713313f9b4b820f41c?s=96&d=mm&r=g","url":"https:\/\/secure.gravatar.com\/avatar\/729bea6ff4604c624417803c477363be8e3c7186deaa65713313f9b4b820f41c?s=96&d=mm&r=g","contentUrl":"https:\/\/secure.gravatar.com\/avatar\/729bea6ff4604c624417803c477363be8e3c7186deaa65713313f9b4b820f41c?s=96&d=mm&r=g","caption":"Jo\u00ebl Diawa"},"sameAs":["https:\/\/www.infos-droitshumains.net"],"url":"https:\/\/infos-droitshumains.net\/?author=2"}]}},"featured_image_urls":{"full":["https:\/\/i0.wp.com\/infos-droitshumains.net\/wp-content\/uploads\/2024\/01\/IMG-20240123-WA0034_1.jpg?fit=417%2C417&ssl=1",417,417,false],"thumbnail":["https:\/\/i0.wp.com\/infos-droitshumains.net\/wp-content\/uploads\/2024\/01\/IMG-20240123-WA0034_1.jpg?resize=150%2C150&ssl=1",150,150,true],"medium":["https:\/\/i0.wp.com\/infos-droitshumains.net\/wp-content\/uploads\/2024\/01\/IMG-20240123-WA0034_1.jpg?fit=300%2C300&ssl=1",300,300,true],"medium_large":["https:\/\/i0.wp.com\/infos-droitshumains.net\/wp-content\/uploads\/2024\/01\/IMG-20240123-WA0034_1.jpg?fit=417%2C417&ssl=1",417,417,true],"large":["https:\/\/i0.wp.com\/infos-droitshumains.net\/wp-content\/uploads\/2024\/01\/IMG-20240123-WA0034_1.jpg?fit=417%2C417&ssl=1",417,417,true],"1536x1536":["https:\/\/i0.wp.com\/infos-droitshumains.net\/wp-content\/uploads\/2024\/01\/IMG-20240123-WA0034_1.jpg?fit=417%2C417&ssl=1",417,417,true],"2048x2048":["https:\/\/i0.wp.com\/infos-droitshumains.net\/wp-content\/uploads\/2024\/01\/IMG-20240123-WA0034_1.jpg?fit=417%2C417&ssl=1",417,417,true],"covernews-slider-full":["https:\/\/i0.wp.com\/infos-droitshumains.net\/wp-content\/uploads\/2024\/01\/IMG-20240123-WA0034_1.jpg?resize=417%2C417&ssl=1",417,417,true],"covernews-slider-center":["https:\/\/i0.wp.com\/infos-droitshumains.net\/wp-content\/uploads\/2024\/01\/IMG-20240123-WA0034_1.jpg?resize=417%2C417&ssl=1",417,417,true],"covernews-featured":["https:\/\/i0.wp.com\/infos-droitshumains.net\/wp-content\/uploads\/2024\/01\/IMG-20240123-WA0034_1.jpg?fit=417%2C417&ssl=1",417,417,true],"covernews-medium":["https:\/\/i0.wp.com\/infos-droitshumains.net\/wp-content\/uploads\/2024\/01\/IMG-20240123-WA0034_1.jpg?resize=417%2C340&ssl=1",417,340,true],"covernews-medium-square":["https:\/\/i0.wp.com\/infos-droitshumains.net\/wp-content\/uploads\/2024\/01\/IMG-20240123-WA0034_1.jpg?resize=400%2C250&ssl=1",400,250,true]},"author_info":{"display_name":"Jo\u00ebl Diawa","author_link":"https:\/\/infos-droitshumains.net\/?author=2"},"category_info":"<a href=\"https:\/\/infos-droitshumains.net\/?cat=6\" rel=\"category\">Justice<\/a>","tag_info":"Justice","comment_count":"3","jetpack_featured_media_url":"https:\/\/i0.wp.com\/infos-droitshumains.net\/wp-content\/uploads\/2024\/01\/IMG-20240123-WA0034_1.jpg?fit=417%2C417&ssl=1","jetpack-related-posts":[],"jetpack_sharing_enabled":true,"_links":{"self":[{"href":"https:\/\/infos-droitshumains.net\/index.php?rest_route=\/wp\/v2\/posts\/8848","targetHints":{"allow":["GET"]}}],"collection":[{"href":"https:\/\/infos-droitshumains.net\/index.php?rest_route=\/wp\/v2\/posts"}],"about":[{"href":"https:\/\/infos-droitshumains.net\/index.php?rest_route=\/wp\/v2\/types\/post"}],"author":[{"embeddable":true,"href":"https:\/\/infos-droitshumains.net\/index.php?rest_route=\/wp\/v2\/users\/2"}],"replies":[{"embeddable":true,"href":"https:\/\/infos-droitshumains.net\/index.php?rest_route=%2Fwp%2Fv2%2Fcomments&post=8848"}],"version-history":[{"count":10,"href":"https:\/\/infos-droitshumains.net\/index.php?rest_route=\/wp\/v2\/posts\/8848\/revisions"}],"predecessor-version":[{"id":8865,"href":"https:\/\/infos-droitshumains.net\/index.php?rest_route=\/wp\/v2\/posts\/8848\/revisions\/8865"}],"wp:featuredmedia":[{"embeddable":true,"href":"https:\/\/infos-droitshumains.net\/index.php?rest_route=\/wp\/v2\/media\/8854"}],"wp:attachment":[{"href":"https:\/\/infos-droitshumains.net\/index.php?rest_route=%2Fwp%2Fv2%2Fmedia&parent=8848"}],"wp:term":[{"taxonomy":"category","embeddable":true,"href":"https:\/\/infos-droitshumains.net\/index.php?rest_route=%2Fwp%2Fv2%2Fcategories&post=8848"},{"taxonomy":"post_tag","embeddable":true,"href":"https:\/\/infos-droitshumains.net\/index.php?rest_route=%2Fwp%2Fv2%2Ftags&post=8848"}],"curies":[{"name":"wp","href":"https:\/\/api.w.org\/{rel}","templated":true}]}}