{"id":8742,"date":"2023-12-24T17:01:51","date_gmt":"2023-12-24T16:01:51","guid":{"rendered":"https:\/\/infos-droitshumains.net\/?p=8742"},"modified":"2023-12-24T17:01:54","modified_gmt":"2023-12-24T16:01:54","slug":"rdc-candidat-aux-legislatives-nationales-a-lukunga-me-leader-ne-soppose-a-lannulation-des-elections-tribune","status":"publish","type":"post","link":"https:\/\/infos-droitshumains.net\/?p=8742","title":{"rendered":"RDC\u00a0: Candidat aux l\u00e9gislatives nationales \u00e0 Lukunga, Me. Leader ne s\u2019oppose \u00e0 l\u2019annulation des \u00e9lections (Tribune)"},"content":{"rendered":"\n<p><strong>R\u00e9daction:+243817406088<\/strong><\/p>\n\n\n\n<h4 class=\"wp-block-heading has-vivid-red-color has-text-color has-link-color wp-elements-ae2c281fa066c94d546271577771ec44\">\u00c0 moins que le parti et le regroupements politiques ne donnent mandat \u00e0 leurs candidats aux \u00e9lections l\u00e9gislatives nationales, provinciales et municipales, dont certains sont pr\u00eats \u00e0 demander devant les instances judiciaires m\u00eame \u00e0 titre d&rsquo;honneur aux populations congolaises pour exiger l&rsquo;annulation de ces scrutins totalement rat\u00e9s&nbsp; au niveau national, provincial et municipal, pour les motifs ci-apr\u00e8s :<\/h4>\n\n\n\n<ol class=\"wp-block-list\" style=\"list-style-type:upper-roman\">\n<li>L&rsquo;Organisation de ces scrutins par la CENI a fait bascul\u00e9 le peuple congolais dans une logistique d&rsquo;inconstitutionnalit\u00e9 \u00e9tabli, du fait pour elle de les avoir organis\u00e9 durant 3 jours successifs soit mercredi, jeudi et vendredi, alors qu&rsquo;il ne lui \u00e9t\u00e9 permis que d&rsquo;y faire en un seul et m\u00eame jour. Ce qui veut dire, <em>\u00ab&nbsp;qu&rsquo;il n&rsquo;existe aucune disposition de la Constitution qui l&rsquo;autorise, sauf permission accord\u00e9e&nbsp; suivant un arr\u00eat m\u00eame en mati\u00e8re d&rsquo;urgence rendu par la Cour constitutionnelle, lorsque cette n\u00e9cessit\u00e9 s&rsquo;impose \u00e0 tous&nbsp;\u00bb<\/em>.<\/li>\n<\/ol>\n\n\n\n<p>Qu&rsquo;en d&rsquo;autres termes, pour toute prolongation quelconque, et pour \u00e9viter tout soup\u00e7on de tricherie, il eut fallut au bureau de la CENI de solliciter, aupr\u00e8s de la Cour Constitutionnelle, un arr\u00eat statuant sur la prolongation d&rsquo;un ou de deux jours pour une nouvelle date de la tenue des \u00e9lections g\u00e9n\u00e9rales pour toute la R\u00e9publique, afin d&rsquo;\u00e9viter tout quelconque favoritisme \u00e0 une tricherie que les ennemis de la d\u00e9mocratie ont r\u00e9ussi \u00e0 installer, car faute de cet arr\u00eat les scrutins organis\u00e9s par elle deviennent non seulement ill\u00e9gaux, mais aussi inconstitutionnels. Par cons\u00e9quent, l&rsquo;unique sanction qui reste, c&rsquo;est l&rsquo;annulation pure et simple des r\u00e9sultats qui en d\u00e9coulent.<\/p>\n\n\n\n<ol class=\"wp-block-list\" style=\"list-style-type:upper-roman\">\n<li>Les diff\u00e9rentes irr\u00e9gularit\u00e9s observ\u00e9es et relev\u00e9es pendant ce processus \u00e9lectoral ne sont plus \u00e0 d\u00e9montrer ni \u00e0 prouver, \u00e9tant donn\u00e9 qu&rsquo;elles sont devenues un secret de polichinelle. D&rsquo;un c\u00f4t\u00e9, certains candidats votent \u00e0 domicile, au travers de leurs propres bureaux de vote, du reste connus ou pas connus par la CENI, car ils sont tous d\u00e9tenteurs des plusieurs bulletins de vote et machines \u00e0 voter. De l&rsquo;autre, le comptage normal lors des phases du d\u00e9pouillement dont le r\u00e9sultat est devenu tout autre que celui affich\u00e9 par la CENI, sans oublier le refus de remettre les copies des PV aux t\u00e9moins des candidats, des parti et regroupements politiques d\u00e9sign\u00e9s pour la cause, dont l&rsquo;acc\u00e8s \u00e0 \u00e9t\u00e9 refus\u00e9 \u00e0 la plupart d&rsquo;entre eux, et sans que ceux-ci ne votent au finish.<\/li>\n<\/ol>\n\n\n\n<p>Curieusement, certains centres de vote n&rsquo;ont m\u00eame pas fonctionn\u00e9, et d&rsquo;autres ont presque ou&nbsp; plus ou moins fonctionn\u00e9, et d&rsquo;autres encore ont fonctionn\u00e9 dans des conditions incroyablement inacceptables au d\u00e9triment de nos populations qui n&rsquo;ont pas pu voter suite aux d\u00e9sordres install\u00e9s pendant le d\u00e9roulement des scrutins.<\/p>\n\n\n\n<p>L&rsquo;arriv\u00e9e tardive des kits \u00e9lectoraux dans les centres de vote comme vu dans les diff\u00e9rentes images par le biais des r\u00e9seaux sociaux et autres t\u00e9moignages, et surtout curieusement sur les motos, taxi-ketch, minibus 207, pendant que la CENI proc\u00e8de d&rsquo;une importante logistique capable de remplir en mati\u00e8re de transport ce devoir de d\u00e9ploiement des kits \u00e9lectoraux \u00e0 Kinshasa, comme par exemple.<\/p>\n\n\n\n<p>Et de ces faits, on se pose la question de savoir, d&rsquo;o\u00f9 venaient&nbsp; r\u00e9ellement ces machines&nbsp; avant d&rsquo;atteindre les diff\u00e9rents lieux de vote? Est-ce, dans les bureaux tout comme maison des individus, ennemis de la d\u00e9mocratie ou r\u00e9ellement de la CENI ?<\/p>\n\n\n\n<p>Cons\u00e9quences : les machines sont truqu\u00e9es, font appara\u00eetre les images d&rsquo;autres candidats qu&rsquo;on ne souhaite pas vot\u00e9, et les r\u00e9sultats qui sont imprim\u00e9s par ces machines sont \u00e9loignement diff\u00e9rents du comptage normal et manuel.<\/p>\n\n\n\n<p>\u00c9tonnement dans \u00e7a, certains candidats r\u00e9clament parmi, moi-m\u00eame, nous constatons soit la r\u00e9duction ou soit la disparition de nos voix au moment de l&rsquo;affichage, et ne refl\u00e8tent en rien la v\u00e9rit\u00e9 des urnes.<\/p>\n\n\n\n<p>Une autre question qui traverse notre raisonnement, est celle de se demander s&rsquo;il existe un seul pays du monde o\u00f9 les \u00e9lections l\u00e9gislatives nationales, provinciales et municipales sont organis\u00e9es pendant 3 jours et o\u00f9 les m\u00eames votent peuvent s&rsquo;effectuer 3 jours durant, dans les m\u00eames circonscriptions \u00e9lectorales o\u00f9 les candidats sont appel\u00e9s \u00e0 compatir ?<\/p>\n\n\n\n<p>D&rsquo;autres cerveaux se posent m\u00eame la question relative \u00e0 la cr\u00e9dibilit\u00e9 de ces \u00e9lections l\u00e9gislatives nationales, provinciales et municipales qui m\u00e9ritent d&rsquo;\u00eatre annul\u00e9es, afin de pr\u00e9server les acquis de la d\u00e9mocratie et de la stabilit\u00e9 politique de notre pays.<\/p>\n\n\n\n<p>Bref, ce tr\u00e8s triste processus est comparable \u00e0 une pilule am\u00e8re que nos populations seront oblig\u00e9es d&rsquo;avaler, et qui co\u00fbteront cher pour 5 ans de vie p\u00e9nible avec les m\u00eames mauvais gestionnaires au sein des structures d\u00e9cisionnelles de l&rsquo;\u00c9tat. Le vrai probl\u00e8me pour beaucoup des candidats d\u00e9put\u00e9s nationaux, provinciaux et municipaux, c&rsquo;est le fait de se r\u00e9server de ne pas mener des actions <em>\u2018\u2019Uti singuli\u2019<\/em>\u2019, contre ce processus, avant les structures dont ils proviennent n&rsquo;aient une orientation particuli\u00e8re \u00e0 ce sujet peu importe le bord politique.<\/p>\n\n\n\n<p>Toutefois, Si cela ne d\u00e9pendait que de nous, nos autorit\u00e9s politiques pouvaient nous accorder le mandat pour solliciter l&rsquo;annulation de ces \u00e9lections l\u00e9gislatives nationale, provinciale et municipales, pour tous les motifs ci-haut \u00e9tay\u00e9s.<\/p>\n\n\n\n<p>De tout ce qui pr\u00e9c\u00e8de, si nous ne nous levons pas contre la disparit\u00e9 de ces anti valeurs au sein de notre communaut\u00e9 nationale, nos enfants et leurs petits enfants n&rsquo;auront plus rien des meilleurs \u00e0 h\u00e9riter pour l&rsquo;avenir, et que l\u00e9guerons nous \u00e0 notre post\u00e9rit\u00e9 pour toujours, comme veut notre hymne nationale.<\/p>\n","protected":false},"excerpt":{"rendered":"<p>R\u00e9daction:+243817406088 \u00c0 moins que le parti et le regroupements politiques ne donnent mandat \u00e0 leurs&#8230;<\/p>\n","protected":false},"author":2,"featured_media":7131,"comment_status":"open","ping_status":"open","sticky":false,"template":"","format":"standard","meta":{"_jetpack_memberships_contains_paid_content":false,"footnotes":""},"categories":[3],"tags":[],"class_list":["post-8742","post","type-post","status-publish","format-standard","has-post-thumbnail","hentry","category-politique"],"yoast_head":"<!-- This site is optimized with the Yoast SEO plugin v27.5 - https:\/\/yoast.com\/product\/yoast-seo-wordpress\/ -->\n<title>RDC\u00a0: Candidat aux l\u00e9gislatives nationales \u00e0 Lukunga, Me. Leader ne s\u2019oppose \u00e0 l\u2019annulation des \u00e9lections (Tribune) - Infos Droits Humains<\/title>\n<meta name=\"robots\" content=\"index, follow, max-snippet:-1, max-image-preview:large, max-video-preview:-1\" \/>\n<link rel=\"canonical\" href=\"https:\/\/infos-droitshumains.net\/?p=8742\" \/>\n<meta property=\"og:locale\" content=\"fr_FR\" \/>\n<meta property=\"og:type\" content=\"article\" \/>\n<meta property=\"og:title\" content=\"RDC\u00a0: Candidat aux l\u00e9gislatives nationales \u00e0 Lukunga, Me. Leader ne s\u2019oppose \u00e0 l\u2019annulation des \u00e9lections (Tribune) - Infos Droits Humains\" \/>\n<meta property=\"og:description\" content=\"R\u00e9daction:+243817406088 \u00c0 moins que le parti et le regroupements politiques ne donnent mandat \u00e0 leurs...\" \/>\n<meta property=\"og:url\" content=\"https:\/\/infos-droitshumains.net\/?p=8742\" \/>\n<meta property=\"og:site_name\" content=\"Infos Droits Humains\" \/>\n<meta property=\"article:published_time\" content=\"2023-12-24T16:01:51+00:00\" \/>\n<meta property=\"article:modified_time\" content=\"2023-12-24T16:01:54+00:00\" \/>\n<meta property=\"og:image\" content=\"https:\/\/infos-droitshumains.net\/wp-content\/uploads\/2023\/05\/IMG-20230522-WA0025_1.jpg\" \/>\n\t<meta property=\"og:image:width\" content=\"719\" \/>\n\t<meta property=\"og:image:height\" content=\"666\" \/>\n\t<meta property=\"og:image:type\" content=\"image\/jpeg\" \/>\n<meta name=\"author\" content=\"Jo\u00ebl Diawa\" \/>\n<meta name=\"twitter:card\" content=\"summary_large_image\" \/>\n<meta name=\"twitter:label1\" content=\"\u00c9crit par\" \/>\n\t<meta name=\"twitter:data1\" content=\"Jo\u00ebl Diawa\" \/>\n\t<meta name=\"twitter:label2\" content=\"Dur\u00e9e de lecture estim\u00e9e\" \/>\n\t<meta name=\"twitter:data2\" content=\"5 minutes\" \/>\n<script type=\"application\/ld+json\" class=\"yoast-schema-graph\">{\"@context\":\"https:\\\/\\\/schema.org\",\"@graph\":[{\"@type\":\"Article\",\"@id\":\"https:\\\/\\\/infos-droitshumains.net\\\/?p=8742#article\",\"isPartOf\":{\"@id\":\"https:\\\/\\\/infos-droitshumains.net\\\/?p=8742\"},\"author\":{\"name\":\"Jo\u00ebl Diawa\",\"@id\":\"https:\\\/\\\/infos-droitshumains.net\\\/#\\\/schema\\\/person\\\/3dc5e921c3302172e0ed4362f96faab7\"},\"headline\":\"RDC\u00a0: Candidat aux l\u00e9gislatives nationales \u00e0 Lukunga, Me. Leader ne s\u2019oppose \u00e0 l\u2019annulation des \u00e9lections (Tribune)\",\"datePublished\":\"2023-12-24T16:01:51+00:00\",\"dateModified\":\"2023-12-24T16:01:54+00:00\",\"mainEntityOfPage\":{\"@id\":\"https:\\\/\\\/infos-droitshumains.net\\\/?p=8742\"},\"wordCount\":958,\"commentCount\":0,\"publisher\":{\"@id\":\"https:\\\/\\\/infos-droitshumains.net\\\/#organization\"},\"image\":{\"@id\":\"https:\\\/\\\/infos-droitshumains.net\\\/?p=8742#primaryimage\"},\"thumbnailUrl\":\"https:\\\/\\\/i0.wp.com\\\/infos-droitshumains.net\\\/wp-content\\\/uploads\\\/2023\\\/05\\\/IMG-20230522-WA0025_1.jpg?fit=719%2C666&ssl=1\",\"articleSection\":[\"Politique\"],\"inLanguage\":\"fr-FR\",\"potentialAction\":[{\"@type\":\"CommentAction\",\"name\":\"Comment\",\"target\":[\"https:\\\/\\\/infos-droitshumains.net\\\/?p=8742#respond\"]}]},{\"@type\":\"WebPage\",\"@id\":\"https:\\\/\\\/infos-droitshumains.net\\\/?p=8742\",\"url\":\"https:\\\/\\\/infos-droitshumains.net\\\/?p=8742\",\"name\":\"RDC\u00a0: Candidat aux l\u00e9gislatives nationales \u00e0 Lukunga, Me. Leader ne s\u2019oppose \u00e0 l\u2019annulation des \u00e9lections (Tribune) - Infos Droits Humains\",\"isPartOf\":{\"@id\":\"https:\\\/\\\/infos-droitshumains.net\\\/#website\"},\"primaryImageOfPage\":{\"@id\":\"https:\\\/\\\/infos-droitshumains.net\\\/?p=8742#primaryimage\"},\"image\":{\"@id\":\"https:\\\/\\\/infos-droitshumains.net\\\/?p=8742#primaryimage\"},\"thumbnailUrl\":\"https:\\\/\\\/i0.wp.com\\\/infos-droitshumains.net\\\/wp-content\\\/uploads\\\/2023\\\/05\\\/IMG-20230522-WA0025_1.jpg?fit=719%2C666&ssl=1\",\"datePublished\":\"2023-12-24T16:01:51+00:00\",\"dateModified\":\"2023-12-24T16:01:54+00:00\",\"breadcrumb\":{\"@id\":\"https:\\\/\\\/infos-droitshumains.net\\\/?p=8742#breadcrumb\"},\"inLanguage\":\"fr-FR\",\"potentialAction\":[{\"@type\":\"ReadAction\",\"target\":[\"https:\\\/\\\/infos-droitshumains.net\\\/?p=8742\"]}]},{\"@type\":\"ImageObject\",\"inLanguage\":\"fr-FR\",\"@id\":\"https:\\\/\\\/infos-droitshumains.net\\\/?p=8742#primaryimage\",\"url\":\"https:\\\/\\\/i0.wp.com\\\/infos-droitshumains.net\\\/wp-content\\\/uploads\\\/2023\\\/05\\\/IMG-20230522-WA0025_1.jpg?fit=719%2C666&ssl=1\",\"contentUrl\":\"https:\\\/\\\/i0.wp.com\\\/infos-droitshumains.net\\\/wp-content\\\/uploads\\\/2023\\\/05\\\/IMG-20230522-WA0025_1.jpg?fit=719%2C666&ssl=1\",\"width\":719,\"height\":666},{\"@type\":\"BreadcrumbList\",\"@id\":\"https:\\\/\\\/infos-droitshumains.net\\\/?p=8742#breadcrumb\",\"itemListElement\":[{\"@type\":\"ListItem\",\"position\":1,\"name\":\"Accueil\",\"item\":\"https:\\\/\\\/infos-droitshumains.net\\\/\"},{\"@type\":\"ListItem\",\"position\":2,\"name\":\"RDC\u00a0: Candidat aux l\u00e9gislatives nationales \u00e0 Lukunga, Me. Leader ne s\u2019oppose \u00e0 l\u2019annulation des \u00e9lections (Tribune)\"}]},{\"@type\":\"WebSite\",\"@id\":\"https:\\\/\\\/infos-droitshumains.net\\\/#website\",\"url\":\"https:\\\/\\\/infos-droitshumains.net\\\/\",\"name\":\"Infos Droits Humains\",\"description\":\"S&#039;informer est un droit\",\"publisher\":{\"@id\":\"https:\\\/\\\/infos-droitshumains.net\\\/#organization\"},\"potentialAction\":[{\"@type\":\"SearchAction\",\"target\":{\"@type\":\"EntryPoint\",\"urlTemplate\":\"https:\\\/\\\/infos-droitshumains.net\\\/?s={search_term_string}\"},\"query-input\":{\"@type\":\"PropertyValueSpecification\",\"valueRequired\":true,\"valueName\":\"search_term_string\"}}],\"inLanguage\":\"fr-FR\"},{\"@type\":\"Organization\",\"@id\":\"https:\\\/\\\/infos-droitshumains.net\\\/#organization\",\"name\":\"Infos Droits Humains\",\"url\":\"https:\\\/\\\/infos-droitshumains.net\\\/\",\"logo\":{\"@type\":\"ImageObject\",\"inLanguage\":\"fr-FR\",\"@id\":\"https:\\\/\\\/infos-droitshumains.net\\\/#\\\/schema\\\/logo\\\/image\\\/\",\"url\":\"https:\\\/\\\/i0.wp.com\\\/infos-droitshumains.net\\\/wp-content\\\/uploads\\\/2022\\\/05\\\/Logo.png?fit=333%2C129&ssl=1\",\"contentUrl\":\"https:\\\/\\\/i0.wp.com\\\/infos-droitshumains.net\\\/wp-content\\\/uploads\\\/2022\\\/05\\\/Logo.png?fit=333%2C129&ssl=1\",\"width\":333,\"height\":129,\"caption\":\"Infos Droits Humains\"},\"image\":{\"@id\":\"https:\\\/\\\/infos-droitshumains.net\\\/#\\\/schema\\\/logo\\\/image\\\/\"}},{\"@type\":\"Person\",\"@id\":\"https:\\\/\\\/infos-droitshumains.net\\\/#\\\/schema\\\/person\\\/3dc5e921c3302172e0ed4362f96faab7\",\"name\":\"Jo\u00ebl Diawa\",\"image\":{\"@type\":\"ImageObject\",\"inLanguage\":\"fr-FR\",\"@id\":\"https:\\\/\\\/secure.gravatar.com\\\/avatar\\\/729bea6ff4604c624417803c477363be8e3c7186deaa65713313f9b4b820f41c?s=96&d=mm&r=g\",\"url\":\"https:\\\/\\\/secure.gravatar.com\\\/avatar\\\/729bea6ff4604c624417803c477363be8e3c7186deaa65713313f9b4b820f41c?s=96&d=mm&r=g\",\"contentUrl\":\"https:\\\/\\\/secure.gravatar.com\\\/avatar\\\/729bea6ff4604c624417803c477363be8e3c7186deaa65713313f9b4b820f41c?s=96&d=mm&r=g\",\"caption\":\"Jo\u00ebl Diawa\"},\"sameAs\":[\"https:\\\/\\\/www.infos-droitshumains.net\"],\"url\":\"https:\\\/\\\/infos-droitshumains.net\\\/?author=2\"}]}<\/script>\n<!-- \/ Yoast SEO plugin. -->","yoast_head_json":{"title":"RDC\u00a0: Candidat aux l\u00e9gislatives nationales \u00e0 Lukunga, Me. Leader ne s\u2019oppose \u00e0 l\u2019annulation des \u00e9lections (Tribune) - Infos Droits Humains","robots":{"index":"index","follow":"follow","max-snippet":"max-snippet:-1","max-image-preview":"max-image-preview:large","max-video-preview":"max-video-preview:-1"},"canonical":"https:\/\/infos-droitshumains.net\/?p=8742","og_locale":"fr_FR","og_type":"article","og_title":"RDC\u00a0: Candidat aux l\u00e9gislatives nationales \u00e0 Lukunga, Me. Leader ne s\u2019oppose \u00e0 l\u2019annulation des \u00e9lections (Tribune) - Infos Droits Humains","og_description":"R\u00e9daction:+243817406088 \u00c0 moins que le parti et le regroupements politiques ne donnent mandat \u00e0 leurs...","og_url":"https:\/\/infos-droitshumains.net\/?p=8742","og_site_name":"Infos Droits Humains","article_published_time":"2023-12-24T16:01:51+00:00","article_modified_time":"2023-12-24T16:01:54+00:00","og_image":[{"width":719,"height":666,"url":"https:\/\/infos-droitshumains.net\/wp-content\/uploads\/2023\/05\/IMG-20230522-WA0025_1.jpg","type":"image\/jpeg"}],"author":"Jo\u00ebl Diawa","twitter_card":"summary_large_image","twitter_misc":{"\u00c9crit par":"Jo\u00ebl Diawa","Dur\u00e9e de lecture estim\u00e9e":"5 minutes"},"schema":{"@context":"https:\/\/schema.org","@graph":[{"@type":"Article","@id":"https:\/\/infos-droitshumains.net\/?p=8742#article","isPartOf":{"@id":"https:\/\/infos-droitshumains.net\/?p=8742"},"author":{"name":"Jo\u00ebl Diawa","@id":"https:\/\/infos-droitshumains.net\/#\/schema\/person\/3dc5e921c3302172e0ed4362f96faab7"},"headline":"RDC\u00a0: Candidat aux l\u00e9gislatives nationales \u00e0 Lukunga, Me. Leader ne s\u2019oppose \u00e0 l\u2019annulation des \u00e9lections (Tribune)","datePublished":"2023-12-24T16:01:51+00:00","dateModified":"2023-12-24T16:01:54+00:00","mainEntityOfPage":{"@id":"https:\/\/infos-droitshumains.net\/?p=8742"},"wordCount":958,"commentCount":0,"publisher":{"@id":"https:\/\/infos-droitshumains.net\/#organization"},"image":{"@id":"https:\/\/infos-droitshumains.net\/?p=8742#primaryimage"},"thumbnailUrl":"https:\/\/i0.wp.com\/infos-droitshumains.net\/wp-content\/uploads\/2023\/05\/IMG-20230522-WA0025_1.jpg?fit=719%2C666&ssl=1","articleSection":["Politique"],"inLanguage":"fr-FR","potentialAction":[{"@type":"CommentAction","name":"Comment","target":["https:\/\/infos-droitshumains.net\/?p=8742#respond"]}]},{"@type":"WebPage","@id":"https:\/\/infos-droitshumains.net\/?p=8742","url":"https:\/\/infos-droitshumains.net\/?p=8742","name":"RDC\u00a0: Candidat aux l\u00e9gislatives nationales \u00e0 Lukunga, Me. Leader ne s\u2019oppose \u00e0 l\u2019annulation des \u00e9lections (Tribune) - Infos Droits Humains","isPartOf":{"@id":"https:\/\/infos-droitshumains.net\/#website"},"primaryImageOfPage":{"@id":"https:\/\/infos-droitshumains.net\/?p=8742#primaryimage"},"image":{"@id":"https:\/\/infos-droitshumains.net\/?p=8742#primaryimage"},"thumbnailUrl":"https:\/\/i0.wp.com\/infos-droitshumains.net\/wp-content\/uploads\/2023\/05\/IMG-20230522-WA0025_1.jpg?fit=719%2C666&ssl=1","datePublished":"2023-12-24T16:01:51+00:00","dateModified":"2023-12-24T16:01:54+00:00","breadcrumb":{"@id":"https:\/\/infos-droitshumains.net\/?p=8742#breadcrumb"},"inLanguage":"fr-FR","potentialAction":[{"@type":"ReadAction","target":["https:\/\/infos-droitshumains.net\/?p=8742"]}]},{"@type":"ImageObject","inLanguage":"fr-FR","@id":"https:\/\/infos-droitshumains.net\/?p=8742#primaryimage","url":"https:\/\/i0.wp.com\/infos-droitshumains.net\/wp-content\/uploads\/2023\/05\/IMG-20230522-WA0025_1.jpg?fit=719%2C666&ssl=1","contentUrl":"https:\/\/i0.wp.com\/infos-droitshumains.net\/wp-content\/uploads\/2023\/05\/IMG-20230522-WA0025_1.jpg?fit=719%2C666&ssl=1","width":719,"height":666},{"@type":"BreadcrumbList","@id":"https:\/\/infos-droitshumains.net\/?p=8742#breadcrumb","itemListElement":[{"@type":"ListItem","position":1,"name":"Accueil","item":"https:\/\/infos-droitshumains.net\/"},{"@type":"ListItem","position":2,"name":"RDC\u00a0: Candidat aux l\u00e9gislatives nationales \u00e0 Lukunga, Me. Leader ne s\u2019oppose \u00e0 l\u2019annulation des \u00e9lections (Tribune)"}]},{"@type":"WebSite","@id":"https:\/\/infos-droitshumains.net\/#website","url":"https:\/\/infos-droitshumains.net\/","name":"Infos Droits Humains","description":"S&#039;informer est un droit","publisher":{"@id":"https:\/\/infos-droitshumains.net\/#organization"},"potentialAction":[{"@type":"SearchAction","target":{"@type":"EntryPoint","urlTemplate":"https:\/\/infos-droitshumains.net\/?s={search_term_string}"},"query-input":{"@type":"PropertyValueSpecification","valueRequired":true,"valueName":"search_term_string"}}],"inLanguage":"fr-FR"},{"@type":"Organization","@id":"https:\/\/infos-droitshumains.net\/#organization","name":"Infos Droits Humains","url":"https:\/\/infos-droitshumains.net\/","logo":{"@type":"ImageObject","inLanguage":"fr-FR","@id":"https:\/\/infos-droitshumains.net\/#\/schema\/logo\/image\/","url":"https:\/\/i0.wp.com\/infos-droitshumains.net\/wp-content\/uploads\/2022\/05\/Logo.png?fit=333%2C129&ssl=1","contentUrl":"https:\/\/i0.wp.com\/infos-droitshumains.net\/wp-content\/uploads\/2022\/05\/Logo.png?fit=333%2C129&ssl=1","width":333,"height":129,"caption":"Infos Droits Humains"},"image":{"@id":"https:\/\/infos-droitshumains.net\/#\/schema\/logo\/image\/"}},{"@type":"Person","@id":"https:\/\/infos-droitshumains.net\/#\/schema\/person\/3dc5e921c3302172e0ed4362f96faab7","name":"Jo\u00ebl Diawa","image":{"@type":"ImageObject","inLanguage":"fr-FR","@id":"https:\/\/secure.gravatar.com\/avatar\/729bea6ff4604c624417803c477363be8e3c7186deaa65713313f9b4b820f41c?s=96&d=mm&r=g","url":"https:\/\/secure.gravatar.com\/avatar\/729bea6ff4604c624417803c477363be8e3c7186deaa65713313f9b4b820f41c?s=96&d=mm&r=g","contentUrl":"https:\/\/secure.gravatar.com\/avatar\/729bea6ff4604c624417803c477363be8e3c7186deaa65713313f9b4b820f41c?s=96&d=mm&r=g","caption":"Jo\u00ebl Diawa"},"sameAs":["https:\/\/www.infos-droitshumains.net"],"url":"https:\/\/infos-droitshumains.net\/?author=2"}]}},"featured_image_urls":{"full":["https:\/\/i0.wp.com\/infos-droitshumains.net\/wp-content\/uploads\/2023\/05\/IMG-20230522-WA0025_1.jpg?fit=719%2C666&ssl=1",719,666,false],"thumbnail":["https:\/\/i0.wp.com\/infos-droitshumains.net\/wp-content\/uploads\/2023\/05\/IMG-20230522-WA0025_1.jpg?resize=150%2C150&ssl=1",150,150,true],"medium":["https:\/\/i0.wp.com\/infos-droitshumains.net\/wp-content\/uploads\/2023\/05\/IMG-20230522-WA0025_1.jpg?fit=300%2C278&ssl=1",300,278,true],"medium_large":["https:\/\/i0.wp.com\/infos-droitshumains.net\/wp-content\/uploads\/2023\/05\/IMG-20230522-WA0025_1.jpg?fit=640%2C593&ssl=1",640,593,true],"large":["https:\/\/i0.wp.com\/infos-droitshumains.net\/wp-content\/uploads\/2023\/05\/IMG-20230522-WA0025_1.jpg?fit=640%2C593&ssl=1",640,593,true],"1536x1536":["https:\/\/i0.wp.com\/infos-droitshumains.net\/wp-content\/uploads\/2023\/05\/IMG-20230522-WA0025_1.jpg?fit=719%2C666&ssl=1",719,666,true],"2048x2048":["https:\/\/i0.wp.com\/infos-droitshumains.net\/wp-content\/uploads\/2023\/05\/IMG-20230522-WA0025_1.jpg?fit=719%2C666&ssl=1",719,666,true],"covernews-slider-full":["https:\/\/i0.wp.com\/infos-droitshumains.net\/wp-content\/uploads\/2023\/05\/IMG-20230522-WA0025_1.jpg?resize=719%2C666&ssl=1",719,666,true],"covernews-slider-center":["https:\/\/i0.wp.com\/infos-droitshumains.net\/wp-content\/uploads\/2023\/05\/IMG-20230522-WA0025_1.jpg?resize=719%2C500&ssl=1",719,500,true],"covernews-featured":["https:\/\/i0.wp.com\/infos-droitshumains.net\/wp-content\/uploads\/2023\/05\/IMG-20230522-WA0025_1.jpg?fit=719%2C666&ssl=1",719,666,true],"covernews-medium":["https:\/\/i0.wp.com\/infos-droitshumains.net\/wp-content\/uploads\/2023\/05\/IMG-20230522-WA0025_1.jpg?resize=540%2C340&ssl=1",540,340,true],"covernews-medium-square":["https:\/\/i0.wp.com\/infos-droitshumains.net\/wp-content\/uploads\/2023\/05\/IMG-20230522-WA0025_1.jpg?resize=400%2C250&ssl=1",400,250,true]},"author_info":{"display_name":"Jo\u00ebl Diawa","author_link":"https:\/\/infos-droitshumains.net\/?author=2"},"category_info":"<a href=\"https:\/\/infos-droitshumains.net\/?cat=3\" rel=\"category\">Politique<\/a>","tag_info":"Politique","comment_count":"0","jetpack_featured_media_url":"https:\/\/i0.wp.com\/infos-droitshumains.net\/wp-content\/uploads\/2023\/05\/IMG-20230522-WA0025_1.jpg?fit=719%2C666&ssl=1","jetpack-related-posts":[],"jetpack_sharing_enabled":true,"_links":{"self":[{"href":"https:\/\/infos-droitshumains.net\/index.php?rest_route=\/wp\/v2\/posts\/8742","targetHints":{"allow":["GET"]}}],"collection":[{"href":"https:\/\/infos-droitshumains.net\/index.php?rest_route=\/wp\/v2\/posts"}],"about":[{"href":"https:\/\/infos-droitshumains.net\/index.php?rest_route=\/wp\/v2\/types\/post"}],"author":[{"embeddable":true,"href":"https:\/\/infos-droitshumains.net\/index.php?rest_route=\/wp\/v2\/users\/2"}],"replies":[{"embeddable":true,"href":"https:\/\/infos-droitshumains.net\/index.php?rest_route=%2Fwp%2Fv2%2Fcomments&post=8742"}],"version-history":[{"count":1,"href":"https:\/\/infos-droitshumains.net\/index.php?rest_route=\/wp\/v2\/posts\/8742\/revisions"}],"predecessor-version":[{"id":8743,"href":"https:\/\/infos-droitshumains.net\/index.php?rest_route=\/wp\/v2\/posts\/8742\/revisions\/8743"}],"wp:featuredmedia":[{"embeddable":true,"href":"https:\/\/infos-droitshumains.net\/index.php?rest_route=\/wp\/v2\/media\/7131"}],"wp:attachment":[{"href":"https:\/\/infos-droitshumains.net\/index.php?rest_route=%2Fwp%2Fv2%2Fmedia&parent=8742"}],"wp:term":[{"taxonomy":"category","embeddable":true,"href":"https:\/\/infos-droitshumains.net\/index.php?rest_route=%2Fwp%2Fv2%2Fcategories&post=8742"},{"taxonomy":"post_tag","embeddable":true,"href":"https:\/\/infos-droitshumains.net\/index.php?rest_route=%2Fwp%2Fv2%2Ftags&post=8742"}],"curies":[{"name":"wp","href":"https:\/\/api.w.org\/{rel}","templated":true}]}}