{"id":8723,"date":"2023-12-24T09:21:29","date_gmt":"2023-12-24T08:21:29","guid":{"rendered":"https:\/\/infos-droitshumains.net\/?p=8723"},"modified":"2023-12-24T10:27:28","modified_gmt":"2023-12-24T09:27:28","slug":"rdc-les-centres-de-vote-installes-dans-des-ecoles-dont-les-promoteurs-sont-candidats-doivent-etre-delocalises-meyi-kamalandua-merlin-interpelle-le-legislateur","status":"publish","type":"post","link":"https:\/\/infos-droitshumains.net\/?p=8723","title":{"rendered":"Election en RDC\u00a0: \u00ab\u00a0Les centres de vote install\u00e9s dans des \u00e9coles dont les promoteurs sont candidats, doivent \u00eatre d\u00e9localis\u00e9s\u00a0\u00bb. (Meyi Kamalandua Merlin interpelle le l\u00e9gislateur)"},"content":{"rendered":"\n<p><strong>R\u00e9daction:+243817406088<\/strong><\/p>\n\n\n\n<h4 class=\"wp-block-heading has-vivid-red-color has-text-color has-link-color wp-elements-68b2de80d6c00748bf10b858b020b97c\">En attendant les r\u00e9sultats provisoires des scrutins combin\u00e9s du 20 d\u00e9cembre qui seront publi\u00e9s le 31 d\u00e9cembre par la Commission Nationale Electorale Ind\u00e9pendante, chaque candidat \u00e0 tous les niveaux s\u2019est d\u00e9j\u00e0 fait une id\u00e9e du sort qui lui sera r\u00e9serv\u00e9 au regard des premi\u00e8res compil\u00e9es par leurs \u00e9tats-majors.<\/h4>\n\n\n\n<p>Selon les informations qui remontent du terrain, les irr\u00e9gularit\u00e9s de toutes formes ont caract\u00e9ris\u00e9es les \u00e9lections. Ayant pourtant fait un bon score dans la circonscription de Bumbu aux l\u00e9gislatives provinciales, Meyi Kamalandua Merlin d\u00e9nonce le fait que ses t\u00e9moins aient \u00e9t\u00e9 marginalis\u00e9s dans des centres situ\u00e9s dans des \u00e9coles o\u00f9 les promoteurs ou leurs proches \u00e9taient candidats.<\/p>\n\n\n\n<p><em>\u00ab\u00a0Au complexe Scolaire Mayap sur l\u2019avenue elengesa dans la commune de Bumbu, pendant la journ\u00e9e, ils n\u2019ont pas eu acc\u00e8s aux bureaux de vote pour suivre de pr\u00e8s ce qui s\u2019y passait, contrairement aux t\u00e9moins d\u2019autres candidats. Et la nuit, au moment du d\u00e9pouillement, tous mes t\u00e9moins ont encore \u00e9t\u00e9 chass\u00e9 du bureau \u00a0\u00bb<\/em>, a d\u00e9nonc\u00e9 ce candidat selon qui, la m\u00eame situation a \u00e9t\u00e9 v\u00e9cue au complexe scolaire Luemba.<\/p>\n\n\n\n<p>Cette forfaiture au complexe scolaire Mayap aurait \u00e9t\u00e9 commise en faveur de son promoteur Mbala Ndompetelo Baby, candidat n\u00b056 aux l\u00e9gislatives provinciales et 275 aux municipales dans la circonscription de Bumbu. <em>\u00ab\u00a0La grande majorit\u00e9 des agents \u00e9lectoraux d\u00e9ploy\u00e9s dans ce centre (Mayap), sont agents de cette m\u00eame \u00e9cole, leur promoteur est candidat. Comprenez donc, pour qui vont-ils roul\u00e9s!\u00a0\u00bb<\/em>, a d\u00e9nonc\u00e9 l&rsquo;initiateur de l&rsquo;Asbl Telemisa Bumbu.<\/p>\n\n\n\n<p>Choisir Meyi Kamalandua Merlin n\u2019est pas un fait du hasard. Ce membre de l\u2019Alliance des Partenaires pour le Changement du Congo, APCCO, semblait \u00eatre le candidat le plus populaire de la municipalit\u00e9 de Bumbu&nbsp;; et cela s\u2019est confirm\u00e9 par les r\u00e9sultats des urnes compil\u00e9s jusqu\u2019\u00e0 pr\u00e9sent.<\/p>\n\n\n\n<p>Ces genres &nbsp;man\u0153uvres ont \u00e9galement \u00e9t\u00e9 signal\u00e9s dans plusieurs autres centres. Au complexe Scolaire Nsingi dans la commune de Selembao, le candidat Nsala David qui \u00e9tait en comp\u00e9tition avec le promoteur de l\u2019\u00e9cole, dit avoir \u00e9t\u00e9 aussi victime de cette forfaiture. M\u00eame situation \u00e0 Mont-Amba au complexe scolaire Tolinga o\u00f9, Daniel Mbau, fils du promoteur, est accus\u00e9 par plusieurs candidats d\u2019avoir pris en otage le centre.<\/p>\n\n\n\n<p>Pour mettre fin \u00e0 cette man\u0153uvre, Meyi Kamalandua Merlin, ce digne ressortissant de la commune de Bumbu propose que la prochaine loi \u00e9lectorale s\u2019y penche.<\/p>\n\n\n\n<p><em>\u00ab&nbsp;C\u2019est une situation que nous d\u00e9non\u00e7ons avec la derni\u00e8re \u00e9nergie. C\u2019est ainsi que nous interpelons le l\u00e9gislateur afin d\u2019y r\u00e9fl\u00e9chir pour la loi \u00e9lectorale du prochain cycle. Je propose que les centre dont les propri\u00e9taires des b\u00e2timents (\u00e9coles, centres de centre etc\u2026)&nbsp; sont candidats, soient carr\u00e9ment d\u00e9localis\u00e9s. Cela pourrait mettre un terme \u00e0 ce que nous avons v\u00e9cus&nbsp;\u00bb<\/em>, a-t-il d\u00e9clar\u00e9.<\/p>\n\n\n\n<p>Un tel comportement frise sans aucun doute la corruption et viole les droits humains. C\u2019est ainsi que la victime a invit\u00e9 la justice \u00e0 mener des enqu\u00eates s\u00e9rieuses afin que les coupables r\u00e9pondent de leurs forfaitures.<\/p>\n\n\n\n<p>Jo\u00ebl Diawa<\/p>\n","protected":false},"excerpt":{"rendered":"<p>R\u00e9daction:+243817406088 En attendant les r\u00e9sultats provisoires des scrutins combin\u00e9s du 20 d\u00e9cembre qui seront publi\u00e9s&#8230;<\/p>\n","protected":false},"author":2,"featured_media":8728,"comment_status":"open","ping_status":"open","sticky":false,"template":"","format":"standard","meta":{"_jetpack_memberships_contains_paid_content":false,"footnotes":""},"categories":[3],"tags":[],"class_list":["post-8723","post","type-post","status-publish","format-standard","has-post-thumbnail","hentry","category-politique"],"yoast_head":"<!-- This site is optimized with the Yoast SEO plugin v27.5 - https:\/\/yoast.com\/product\/yoast-seo-wordpress\/ -->\n<title>Election en RDC\u00a0: \u00ab\u00a0Les centres de vote install\u00e9s dans des \u00e9coles dont les promoteurs sont candidats, doivent \u00eatre d\u00e9localis\u00e9s\u00a0\u00bb. (Meyi Kamalandua Merlin interpelle le l\u00e9gislateur) - Infos Droits Humains<\/title>\n<meta name=\"robots\" content=\"index, follow, max-snippet:-1, max-image-preview:large, max-video-preview:-1\" \/>\n<link rel=\"canonical\" href=\"https:\/\/infos-droitshumains.net\/?p=8723\" \/>\n<meta property=\"og:locale\" content=\"fr_FR\" \/>\n<meta property=\"og:type\" content=\"article\" \/>\n<meta property=\"og:title\" content=\"Election en RDC\u00a0: \u00ab\u00a0Les centres de vote install\u00e9s dans des \u00e9coles dont les promoteurs sont candidats, doivent \u00eatre d\u00e9localis\u00e9s\u00a0\u00bb. (Meyi Kamalandua Merlin interpelle le l\u00e9gislateur) - Infos Droits Humains\" \/>\n<meta property=\"og:description\" content=\"R\u00e9daction:+243817406088 En attendant les r\u00e9sultats provisoires des scrutins combin\u00e9s du 20 d\u00e9cembre qui seront publi\u00e9s...\" \/>\n<meta property=\"og:url\" content=\"https:\/\/infos-droitshumains.net\/?p=8723\" \/>\n<meta property=\"og:site_name\" content=\"Infos Droits Humains\" \/>\n<meta property=\"article:published_time\" content=\"2023-12-24T08:21:29+00:00\" \/>\n<meta property=\"article:modified_time\" content=\"2023-12-24T09:27:28+00:00\" \/>\n<meta property=\"og:image\" content=\"https:\/\/infos-droitshumains.net\/wp-content\/uploads\/2023\/12\/IMG-20231019-WA0006_3.jpg\" \/>\n\t<meta property=\"og:image:width\" content=\"667\" \/>\n\t<meta property=\"og:image:height\" content=\"677\" \/>\n\t<meta property=\"og:image:type\" content=\"image\/jpeg\" \/>\n<meta name=\"author\" content=\"Jo\u00ebl Diawa\" \/>\n<meta name=\"twitter:card\" content=\"summary_large_image\" \/>\n<meta name=\"twitter:label1\" content=\"\u00c9crit par\" \/>\n\t<meta name=\"twitter:data1\" content=\"Jo\u00ebl Diawa\" \/>\n\t<meta name=\"twitter:label2\" content=\"Dur\u00e9e de lecture estim\u00e9e\" \/>\n\t<meta name=\"twitter:data2\" content=\"3 minutes\" \/>\n<script type=\"application\/ld+json\" class=\"yoast-schema-graph\">{\"@context\":\"https:\\\/\\\/schema.org\",\"@graph\":[{\"@type\":\"Article\",\"@id\":\"https:\\\/\\\/infos-droitshumains.net\\\/?p=8723#article\",\"isPartOf\":{\"@id\":\"https:\\\/\\\/infos-droitshumains.net\\\/?p=8723\"},\"author\":{\"name\":\"Jo\u00ebl Diawa\",\"@id\":\"https:\\\/\\\/infos-droitshumains.net\\\/#\\\/schema\\\/person\\\/3dc5e921c3302172e0ed4362f96faab7\"},\"headline\":\"Election en RDC\u00a0: \u00ab\u00a0Les centres de vote install\u00e9s dans des \u00e9coles dont les promoteurs sont candidats, doivent \u00eatre d\u00e9localis\u00e9s\u00a0\u00bb. (Meyi Kamalandua Merlin interpelle le l\u00e9gislateur)\",\"datePublished\":\"2023-12-24T08:21:29+00:00\",\"dateModified\":\"2023-12-24T09:27:28+00:00\",\"mainEntityOfPage\":{\"@id\":\"https:\\\/\\\/infos-droitshumains.net\\\/?p=8723\"},\"wordCount\":577,\"commentCount\":0,\"publisher\":{\"@id\":\"https:\\\/\\\/infos-droitshumains.net\\\/#organization\"},\"image\":{\"@id\":\"https:\\\/\\\/infos-droitshumains.net\\\/?p=8723#primaryimage\"},\"thumbnailUrl\":\"https:\\\/\\\/i0.wp.com\\\/infos-droitshumains.net\\\/wp-content\\\/uploads\\\/2023\\\/12\\\/IMG-20231019-WA0006_3.jpg?fit=667%2C677&ssl=1\",\"articleSection\":[\"Politique\"],\"inLanguage\":\"fr-FR\",\"potentialAction\":[{\"@type\":\"CommentAction\",\"name\":\"Comment\",\"target\":[\"https:\\\/\\\/infos-droitshumains.net\\\/?p=8723#respond\"]}]},{\"@type\":\"WebPage\",\"@id\":\"https:\\\/\\\/infos-droitshumains.net\\\/?p=8723\",\"url\":\"https:\\\/\\\/infos-droitshumains.net\\\/?p=8723\",\"name\":\"Election en RDC\u00a0: \u00ab\u00a0Les centres de vote install\u00e9s dans des \u00e9coles dont les promoteurs sont candidats, doivent \u00eatre d\u00e9localis\u00e9s\u00a0\u00bb. (Meyi Kamalandua Merlin interpelle le l\u00e9gislateur) - Infos Droits Humains\",\"isPartOf\":{\"@id\":\"https:\\\/\\\/infos-droitshumains.net\\\/#website\"},\"primaryImageOfPage\":{\"@id\":\"https:\\\/\\\/infos-droitshumains.net\\\/?p=8723#primaryimage\"},\"image\":{\"@id\":\"https:\\\/\\\/infos-droitshumains.net\\\/?p=8723#primaryimage\"},\"thumbnailUrl\":\"https:\\\/\\\/i0.wp.com\\\/infos-droitshumains.net\\\/wp-content\\\/uploads\\\/2023\\\/12\\\/IMG-20231019-WA0006_3.jpg?fit=667%2C677&ssl=1\",\"datePublished\":\"2023-12-24T08:21:29+00:00\",\"dateModified\":\"2023-12-24T09:27:28+00:00\",\"breadcrumb\":{\"@id\":\"https:\\\/\\\/infos-droitshumains.net\\\/?p=8723#breadcrumb\"},\"inLanguage\":\"fr-FR\",\"potentialAction\":[{\"@type\":\"ReadAction\",\"target\":[\"https:\\\/\\\/infos-droitshumains.net\\\/?p=8723\"]}]},{\"@type\":\"ImageObject\",\"inLanguage\":\"fr-FR\",\"@id\":\"https:\\\/\\\/infos-droitshumains.net\\\/?p=8723#primaryimage\",\"url\":\"https:\\\/\\\/i0.wp.com\\\/infos-droitshumains.net\\\/wp-content\\\/uploads\\\/2023\\\/12\\\/IMG-20231019-WA0006_3.jpg?fit=667%2C677&ssl=1\",\"contentUrl\":\"https:\\\/\\\/i0.wp.com\\\/infos-droitshumains.net\\\/wp-content\\\/uploads\\\/2023\\\/12\\\/IMG-20231019-WA0006_3.jpg?fit=667%2C677&ssl=1\",\"width\":667,\"height\":677},{\"@type\":\"BreadcrumbList\",\"@id\":\"https:\\\/\\\/infos-droitshumains.net\\\/?p=8723#breadcrumb\",\"itemListElement\":[{\"@type\":\"ListItem\",\"position\":1,\"name\":\"Accueil\",\"item\":\"https:\\\/\\\/infos-droitshumains.net\\\/\"},{\"@type\":\"ListItem\",\"position\":2,\"name\":\"Election en RDC\u00a0: \u00ab\u00a0Les centres de vote install\u00e9s dans des \u00e9coles dont les promoteurs sont candidats, doivent \u00eatre d\u00e9localis\u00e9s\u00a0\u00bb. (Meyi Kamalandua Merlin interpelle le l\u00e9gislateur)\"}]},{\"@type\":\"WebSite\",\"@id\":\"https:\\\/\\\/infos-droitshumains.net\\\/#website\",\"url\":\"https:\\\/\\\/infos-droitshumains.net\\\/\",\"name\":\"Infos Droits Humains\",\"description\":\"S&#039;informer est un droit\",\"publisher\":{\"@id\":\"https:\\\/\\\/infos-droitshumains.net\\\/#organization\"},\"potentialAction\":[{\"@type\":\"SearchAction\",\"target\":{\"@type\":\"EntryPoint\",\"urlTemplate\":\"https:\\\/\\\/infos-droitshumains.net\\\/?s={search_term_string}\"},\"query-input\":{\"@type\":\"PropertyValueSpecification\",\"valueRequired\":true,\"valueName\":\"search_term_string\"}}],\"inLanguage\":\"fr-FR\"},{\"@type\":\"Organization\",\"@id\":\"https:\\\/\\\/infos-droitshumains.net\\\/#organization\",\"name\":\"Infos Droits Humains\",\"url\":\"https:\\\/\\\/infos-droitshumains.net\\\/\",\"logo\":{\"@type\":\"ImageObject\",\"inLanguage\":\"fr-FR\",\"@id\":\"https:\\\/\\\/infos-droitshumains.net\\\/#\\\/schema\\\/logo\\\/image\\\/\",\"url\":\"https:\\\/\\\/i0.wp.com\\\/infos-droitshumains.net\\\/wp-content\\\/uploads\\\/2022\\\/05\\\/Logo.png?fit=333%2C129&ssl=1\",\"contentUrl\":\"https:\\\/\\\/i0.wp.com\\\/infos-droitshumains.net\\\/wp-content\\\/uploads\\\/2022\\\/05\\\/Logo.png?fit=333%2C129&ssl=1\",\"width\":333,\"height\":129,\"caption\":\"Infos Droits Humains\"},\"image\":{\"@id\":\"https:\\\/\\\/infos-droitshumains.net\\\/#\\\/schema\\\/logo\\\/image\\\/\"}},{\"@type\":\"Person\",\"@id\":\"https:\\\/\\\/infos-droitshumains.net\\\/#\\\/schema\\\/person\\\/3dc5e921c3302172e0ed4362f96faab7\",\"name\":\"Jo\u00ebl Diawa\",\"image\":{\"@type\":\"ImageObject\",\"inLanguage\":\"fr-FR\",\"@id\":\"https:\\\/\\\/secure.gravatar.com\\\/avatar\\\/729bea6ff4604c624417803c477363be8e3c7186deaa65713313f9b4b820f41c?s=96&d=mm&r=g\",\"url\":\"https:\\\/\\\/secure.gravatar.com\\\/avatar\\\/729bea6ff4604c624417803c477363be8e3c7186deaa65713313f9b4b820f41c?s=96&d=mm&r=g\",\"contentUrl\":\"https:\\\/\\\/secure.gravatar.com\\\/avatar\\\/729bea6ff4604c624417803c477363be8e3c7186deaa65713313f9b4b820f41c?s=96&d=mm&r=g\",\"caption\":\"Jo\u00ebl Diawa\"},\"sameAs\":[\"https:\\\/\\\/www.infos-droitshumains.net\"],\"url\":\"https:\\\/\\\/infos-droitshumains.net\\\/?author=2\"}]}<\/script>\n<!-- \/ Yoast SEO plugin. -->","yoast_head_json":{"title":"Election en RDC\u00a0: \u00ab\u00a0Les centres de vote install\u00e9s dans des \u00e9coles dont les promoteurs sont candidats, doivent \u00eatre d\u00e9localis\u00e9s\u00a0\u00bb. (Meyi Kamalandua Merlin interpelle le l\u00e9gislateur) - Infos Droits Humains","robots":{"index":"index","follow":"follow","max-snippet":"max-snippet:-1","max-image-preview":"max-image-preview:large","max-video-preview":"max-video-preview:-1"},"canonical":"https:\/\/infos-droitshumains.net\/?p=8723","og_locale":"fr_FR","og_type":"article","og_title":"Election en RDC\u00a0: \u00ab\u00a0Les centres de vote install\u00e9s dans des \u00e9coles dont les promoteurs sont candidats, doivent \u00eatre d\u00e9localis\u00e9s\u00a0\u00bb. (Meyi Kamalandua Merlin interpelle le l\u00e9gislateur) - Infos Droits Humains","og_description":"R\u00e9daction:+243817406088 En attendant les r\u00e9sultats provisoires des scrutins combin\u00e9s du 20 d\u00e9cembre qui seront publi\u00e9s...","og_url":"https:\/\/infos-droitshumains.net\/?p=8723","og_site_name":"Infos Droits Humains","article_published_time":"2023-12-24T08:21:29+00:00","article_modified_time":"2023-12-24T09:27:28+00:00","og_image":[{"width":667,"height":677,"url":"https:\/\/infos-droitshumains.net\/wp-content\/uploads\/2023\/12\/IMG-20231019-WA0006_3.jpg","type":"image\/jpeg"}],"author":"Jo\u00ebl Diawa","twitter_card":"summary_large_image","twitter_misc":{"\u00c9crit par":"Jo\u00ebl Diawa","Dur\u00e9e de lecture estim\u00e9e":"3 minutes"},"schema":{"@context":"https:\/\/schema.org","@graph":[{"@type":"Article","@id":"https:\/\/infos-droitshumains.net\/?p=8723#article","isPartOf":{"@id":"https:\/\/infos-droitshumains.net\/?p=8723"},"author":{"name":"Jo\u00ebl Diawa","@id":"https:\/\/infos-droitshumains.net\/#\/schema\/person\/3dc5e921c3302172e0ed4362f96faab7"},"headline":"Election en RDC\u00a0: \u00ab\u00a0Les centres de vote install\u00e9s dans des \u00e9coles dont les promoteurs sont candidats, doivent \u00eatre d\u00e9localis\u00e9s\u00a0\u00bb. (Meyi Kamalandua Merlin interpelle le l\u00e9gislateur)","datePublished":"2023-12-24T08:21:29+00:00","dateModified":"2023-12-24T09:27:28+00:00","mainEntityOfPage":{"@id":"https:\/\/infos-droitshumains.net\/?p=8723"},"wordCount":577,"commentCount":0,"publisher":{"@id":"https:\/\/infos-droitshumains.net\/#organization"},"image":{"@id":"https:\/\/infos-droitshumains.net\/?p=8723#primaryimage"},"thumbnailUrl":"https:\/\/i0.wp.com\/infos-droitshumains.net\/wp-content\/uploads\/2023\/12\/IMG-20231019-WA0006_3.jpg?fit=667%2C677&ssl=1","articleSection":["Politique"],"inLanguage":"fr-FR","potentialAction":[{"@type":"CommentAction","name":"Comment","target":["https:\/\/infos-droitshumains.net\/?p=8723#respond"]}]},{"@type":"WebPage","@id":"https:\/\/infos-droitshumains.net\/?p=8723","url":"https:\/\/infos-droitshumains.net\/?p=8723","name":"Election en RDC\u00a0: \u00ab\u00a0Les centres de vote install\u00e9s dans des \u00e9coles dont les promoteurs sont candidats, doivent \u00eatre d\u00e9localis\u00e9s\u00a0\u00bb. (Meyi Kamalandua Merlin interpelle le l\u00e9gislateur) - Infos Droits Humains","isPartOf":{"@id":"https:\/\/infos-droitshumains.net\/#website"},"primaryImageOfPage":{"@id":"https:\/\/infos-droitshumains.net\/?p=8723#primaryimage"},"image":{"@id":"https:\/\/infos-droitshumains.net\/?p=8723#primaryimage"},"thumbnailUrl":"https:\/\/i0.wp.com\/infos-droitshumains.net\/wp-content\/uploads\/2023\/12\/IMG-20231019-WA0006_3.jpg?fit=667%2C677&ssl=1","datePublished":"2023-12-24T08:21:29+00:00","dateModified":"2023-12-24T09:27:28+00:00","breadcrumb":{"@id":"https:\/\/infos-droitshumains.net\/?p=8723#breadcrumb"},"inLanguage":"fr-FR","potentialAction":[{"@type":"ReadAction","target":["https:\/\/infos-droitshumains.net\/?p=8723"]}]},{"@type":"ImageObject","inLanguage":"fr-FR","@id":"https:\/\/infos-droitshumains.net\/?p=8723#primaryimage","url":"https:\/\/i0.wp.com\/infos-droitshumains.net\/wp-content\/uploads\/2023\/12\/IMG-20231019-WA0006_3.jpg?fit=667%2C677&ssl=1","contentUrl":"https:\/\/i0.wp.com\/infos-droitshumains.net\/wp-content\/uploads\/2023\/12\/IMG-20231019-WA0006_3.jpg?fit=667%2C677&ssl=1","width":667,"height":677},{"@type":"BreadcrumbList","@id":"https:\/\/infos-droitshumains.net\/?p=8723#breadcrumb","itemListElement":[{"@type":"ListItem","position":1,"name":"Accueil","item":"https:\/\/infos-droitshumains.net\/"},{"@type":"ListItem","position":2,"name":"Election en RDC\u00a0: \u00ab\u00a0Les centres de vote install\u00e9s dans des \u00e9coles dont les promoteurs sont candidats, doivent \u00eatre d\u00e9localis\u00e9s\u00a0\u00bb. (Meyi Kamalandua Merlin interpelle le l\u00e9gislateur)"}]},{"@type":"WebSite","@id":"https:\/\/infos-droitshumains.net\/#website","url":"https:\/\/infos-droitshumains.net\/","name":"Infos Droits Humains","description":"S&#039;informer est un droit","publisher":{"@id":"https:\/\/infos-droitshumains.net\/#organization"},"potentialAction":[{"@type":"SearchAction","target":{"@type":"EntryPoint","urlTemplate":"https:\/\/infos-droitshumains.net\/?s={search_term_string}"},"query-input":{"@type":"PropertyValueSpecification","valueRequired":true,"valueName":"search_term_string"}}],"inLanguage":"fr-FR"},{"@type":"Organization","@id":"https:\/\/infos-droitshumains.net\/#organization","name":"Infos Droits Humains","url":"https:\/\/infos-droitshumains.net\/","logo":{"@type":"ImageObject","inLanguage":"fr-FR","@id":"https:\/\/infos-droitshumains.net\/#\/schema\/logo\/image\/","url":"https:\/\/i0.wp.com\/infos-droitshumains.net\/wp-content\/uploads\/2022\/05\/Logo.png?fit=333%2C129&ssl=1","contentUrl":"https:\/\/i0.wp.com\/infos-droitshumains.net\/wp-content\/uploads\/2022\/05\/Logo.png?fit=333%2C129&ssl=1","width":333,"height":129,"caption":"Infos Droits Humains"},"image":{"@id":"https:\/\/infos-droitshumains.net\/#\/schema\/logo\/image\/"}},{"@type":"Person","@id":"https:\/\/infos-droitshumains.net\/#\/schema\/person\/3dc5e921c3302172e0ed4362f96faab7","name":"Jo\u00ebl Diawa","image":{"@type":"ImageObject","inLanguage":"fr-FR","@id":"https:\/\/secure.gravatar.com\/avatar\/729bea6ff4604c624417803c477363be8e3c7186deaa65713313f9b4b820f41c?s=96&d=mm&r=g","url":"https:\/\/secure.gravatar.com\/avatar\/729bea6ff4604c624417803c477363be8e3c7186deaa65713313f9b4b820f41c?s=96&d=mm&r=g","contentUrl":"https:\/\/secure.gravatar.com\/avatar\/729bea6ff4604c624417803c477363be8e3c7186deaa65713313f9b4b820f41c?s=96&d=mm&r=g","caption":"Jo\u00ebl Diawa"},"sameAs":["https:\/\/www.infos-droitshumains.net"],"url":"https:\/\/infos-droitshumains.net\/?author=2"}]}},"featured_image_urls":{"full":["https:\/\/i0.wp.com\/infos-droitshumains.net\/wp-content\/uploads\/2023\/12\/IMG-20231019-WA0006_3.jpg?fit=667%2C677&ssl=1",667,677,false],"thumbnail":["https:\/\/i0.wp.com\/infos-droitshumains.net\/wp-content\/uploads\/2023\/12\/IMG-20231019-WA0006_3.jpg?resize=150%2C150&ssl=1",150,150,true],"medium":["https:\/\/i0.wp.com\/infos-droitshumains.net\/wp-content\/uploads\/2023\/12\/IMG-20231019-WA0006_3.jpg?fit=296%2C300&ssl=1",296,300,true],"medium_large":["https:\/\/i0.wp.com\/infos-droitshumains.net\/wp-content\/uploads\/2023\/12\/IMG-20231019-WA0006_3.jpg?fit=640%2C650&ssl=1",640,650,true],"large":["https:\/\/i0.wp.com\/infos-droitshumains.net\/wp-content\/uploads\/2023\/12\/IMG-20231019-WA0006_3.jpg?fit=640%2C650&ssl=1",640,650,true],"1536x1536":["https:\/\/i0.wp.com\/infos-droitshumains.net\/wp-content\/uploads\/2023\/12\/IMG-20231019-WA0006_3.jpg?fit=667%2C677&ssl=1",667,677,true],"2048x2048":["https:\/\/i0.wp.com\/infos-droitshumains.net\/wp-content\/uploads\/2023\/12\/IMG-20231019-WA0006_3.jpg?fit=667%2C677&ssl=1",667,677,true],"covernews-slider-full":["https:\/\/i0.wp.com\/infos-droitshumains.net\/wp-content\/uploads\/2023\/12\/IMG-20231019-WA0006_3.jpg?resize=667%2C677&ssl=1",667,677,true],"covernews-slider-center":["https:\/\/i0.wp.com\/infos-droitshumains.net\/wp-content\/uploads\/2023\/12\/IMG-20231019-WA0006_3.jpg?resize=667%2C500&ssl=1",667,500,true],"covernews-featured":["https:\/\/i0.wp.com\/infos-droitshumains.net\/wp-content\/uploads\/2023\/12\/IMG-20231019-WA0006_3.jpg?fit=667%2C677&ssl=1",667,677,true],"covernews-medium":["https:\/\/i0.wp.com\/infos-droitshumains.net\/wp-content\/uploads\/2023\/12\/IMG-20231019-WA0006_3.jpg?resize=540%2C340&ssl=1",540,340,true],"covernews-medium-square":["https:\/\/i0.wp.com\/infos-droitshumains.net\/wp-content\/uploads\/2023\/12\/IMG-20231019-WA0006_3.jpg?resize=400%2C250&ssl=1",400,250,true]},"author_info":{"display_name":"Jo\u00ebl Diawa","author_link":"https:\/\/infos-droitshumains.net\/?author=2"},"category_info":"<a href=\"https:\/\/infos-droitshumains.net\/?cat=3\" rel=\"category\">Politique<\/a>","tag_info":"Politique","comment_count":"0","jetpack_featured_media_url":"https:\/\/i0.wp.com\/infos-droitshumains.net\/wp-content\/uploads\/2023\/12\/IMG-20231019-WA0006_3.jpg?fit=667%2C677&ssl=1","jetpack-related-posts":[],"jetpack_sharing_enabled":true,"_links":{"self":[{"href":"https:\/\/infos-droitshumains.net\/index.php?rest_route=\/wp\/v2\/posts\/8723","targetHints":{"allow":["GET"]}}],"collection":[{"href":"https:\/\/infos-droitshumains.net\/index.php?rest_route=\/wp\/v2\/posts"}],"about":[{"href":"https:\/\/infos-droitshumains.net\/index.php?rest_route=\/wp\/v2\/types\/post"}],"author":[{"embeddable":true,"href":"https:\/\/infos-droitshumains.net\/index.php?rest_route=\/wp\/v2\/users\/2"}],"replies":[{"embeddable":true,"href":"https:\/\/infos-droitshumains.net\/index.php?rest_route=%2Fwp%2Fv2%2Fcomments&post=8723"}],"version-history":[{"count":10,"href":"https:\/\/infos-droitshumains.net\/index.php?rest_route=\/wp\/v2\/posts\/8723\/revisions"}],"predecessor-version":[{"id":8741,"href":"https:\/\/infos-droitshumains.net\/index.php?rest_route=\/wp\/v2\/posts\/8723\/revisions\/8741"}],"wp:featuredmedia":[{"embeddable":true,"href":"https:\/\/infos-droitshumains.net\/index.php?rest_route=\/wp\/v2\/media\/8728"}],"wp:attachment":[{"href":"https:\/\/infos-droitshumains.net\/index.php?rest_route=%2Fwp%2Fv2%2Fmedia&parent=8723"}],"wp:term":[{"taxonomy":"category","embeddable":true,"href":"https:\/\/infos-droitshumains.net\/index.php?rest_route=%2Fwp%2Fv2%2Fcategories&post=8723"},{"taxonomy":"post_tag","embeddable":true,"href":"https:\/\/infos-droitshumains.net\/index.php?rest_route=%2Fwp%2Fv2%2Ftags&post=8723"}],"curies":[{"name":"wp","href":"https:\/\/api.w.org\/{rel}","templated":true}]}}