{"id":872,"date":"2021-10-02T16:40:47","date_gmt":"2021-10-02T14:40:47","guid":{"rendered":"https:\/\/infos-droitshumains.net\/?p=872"},"modified":"2023-04-06T12:11:44","modified_gmt":"2023-04-06T10:11:44","slug":"kinshasa-lassemblee-generale-de-promoforte-asbl-renvoyee-a-une-date-ulterieure","status":"publish","type":"post","link":"https:\/\/infos-droitshumains.net\/?p=872","title":{"rendered":"Kinshasa : L&rsquo;Assembl\u00e9e G\u00e9n\u00e9rale de PROMOFORTE ASBL renvoy\u00e9e \u00e0 une date ult\u00e9rieure"},"content":{"rendered":"\n<p>Pr\u00e9vue pour le jeudi 30 septembre 2021, la quatri\u00e8me Assembl\u00e9e G\u00e9n\u00e9rale de l&rsquo;Association des Anciens \u00c9tudiants de la Facult\u00e9 de Droit de l&rsquo;Universit\u00e9 de Kinshasa promotion 93-2000, PROMOFORTE, a \u00e9t\u00e9 renvoy\u00e9e \u00e0 une date ult\u00e9rieure.<\/p>\n\n\n\n<p>Malgr\u00e9 que toutes les dispositions \u00e9taient d\u00e9j\u00e0 prises pour la tenue de ces assises, la forte pluie qui s&rsquo;est abattue sur Kinshasa n&rsquo;a pas permis \u00e0 certains soci\u00e9taires de cette ASBL de se pr\u00e9senter.<\/p>\n\n\n\n<figure class=\"wp-block-image alignfull size-large\"><img data-recalc-dims=\"1\" height=\"480\" width=\"640\" decoding=\"async\" src=\"https:\/\/i0.wp.com\/infos-droitshumains.net\/wp-content\/uploads\/2021\/10\/IMG_20210930_184653_409-1024x768.jpg?resize=640%2C480&#038;ssl=1\" alt=\"\" class=\"wp-image-875\" \/><\/figure>\n\n\n\n<p>\u00ab\u00a0<em>On ne peut pas tenir une assembl\u00e9e g\u00e9n\u00e9rale en violation des nos statuts, le quorum n&rsquo;\u00e9tant pas atteint, nous avons report\u00e9 pour rester conforme \u00e0 nos statuts. Nous sommes plus de 800 y compris ceux qui sont \u00e0 l&rsquo;ext\u00e9rieur comme \u00e0 l&rsquo;int\u00e9rieur du pays. Normalement quand nous tenons nos assembl\u00e9e g\u00e9n\u00e9rale, le quorum c&rsquo;est dans les deux sens\u00a0\u00bb<\/em> nous a confi\u00e9 Me Joseph-Rolly KASHAMA, coordonnateur ai de PROMOFORTE qui promet par ailleurs l&rsquo;implication de la coordination  pour la tenue de cette assembl\u00e9e dans deux semaines \u00e0 la salle VIP de l&rsquo;Universit\u00e9 Moderne de Kinkole.<\/p>\n\n\n\n<p>Le professeur Dieudonn\u00e9 Luaba, recteur de l&rsquo;UMK qui est aussi membre de PROMOFORTE a offert la salle de son son universit\u00e9 pour la tenue de cette assembl\u00e9e, il s&rsquo;est dit pourtant d\u00e9\u00e7u par le programme de ce jour :<\/p>\n\n\n\n<p>\u00ab\u00a0<em>\u00c7a faisait 2 ann\u00e9es de cela que PROMOFORTE ASBL n&rsquo;a pas tenu d&rsquo;assembl\u00e9e g\u00e9n\u00e9rale ordinaire comme extraordinaire nous, en tant que soci\u00e9taire, apr\u00e8s avoir v\u00e9cu tous les \u00e9v\u00e9nements heureux comme malheureux, nous avons estim\u00e9 qu&rsquo;il fallait restructurer et repartir sur des nouvelles bases, malheureusement la r\u00e9union qui a \u00e9t\u00e9 convoqu\u00e9 n&rsquo;a pas pu se tenir\u00a0\u00bb.<\/em><\/p>\n\n\n\n<p>Me Beaugaert Marinunga, Porte-parole de PROMOFORTE a quant \u00e0 lui, invit\u00e9 tous ceux qui se reconnaissent en cette structure de ne pas manquer le prochain rendez-vous \u00e0 Kinkole.<\/p>\n\n\n\n<p>Notons que cette 4\u00e8me Assembl\u00e9e G\u00e9n\u00e9rale de PROMOFORTE allait \u00eatre l\u00e0 premi\u00e8re depuis la disparition du professeur Gaston Kabwa Kabwe Tete qui \u00e9tait coordinateur de cette ASBL.<\/p>\n","protected":false},"excerpt":{"rendered":"<p>Pr\u00e9vue pour le jeudi 30 septembre 2021, la quatri\u00e8me Assembl\u00e9e G\u00e9n\u00e9rale de l&rsquo;Association des Anciens&#8230;<\/p>\n","protected":false},"author":2,"featured_media":0,"comment_status":"closed","ping_status":"open","sticky":false,"template":"","format":"standard","meta":{"_jetpack_memberships_contains_paid_content":false,"footnotes":""},"categories":[1],"tags":[],"class_list":["post-872","post","type-post","status-publish","format-standard","hentry","category-non-classe"],"yoast_head":"<!-- This site is optimized with the Yoast SEO plugin v27.5 - https:\/\/yoast.com\/product\/yoast-seo-wordpress\/ -->\n<title>Kinshasa : L&#039;Assembl\u00e9e G\u00e9n\u00e9rale de PROMOFORTE ASBL renvoy\u00e9e \u00e0 une date ult\u00e9rieure - Infos Droits Humains<\/title>\n<meta name=\"robots\" content=\"index, follow, max-snippet:-1, max-image-preview:large, max-video-preview:-1\" \/>\n<link rel=\"canonical\" href=\"https:\/\/infos-droitshumains.net\/?p=872\" \/>\n<meta property=\"og:locale\" content=\"fr_FR\" \/>\n<meta property=\"og:type\" content=\"article\" \/>\n<meta property=\"og:title\" content=\"Kinshasa : L&#039;Assembl\u00e9e G\u00e9n\u00e9rale de PROMOFORTE ASBL renvoy\u00e9e \u00e0 une date ult\u00e9rieure - Infos Droits Humains\" \/>\n<meta property=\"og:description\" content=\"Pr\u00e9vue pour le jeudi 30 septembre 2021, la quatri\u00e8me Assembl\u00e9e G\u00e9n\u00e9rale de l&rsquo;Association des Anciens...\" \/>\n<meta property=\"og:url\" content=\"https:\/\/infos-droitshumains.net\/?p=872\" \/>\n<meta property=\"og:site_name\" content=\"Infos Droits Humains\" \/>\n<meta property=\"article:published_time\" content=\"2021-10-02T14:40:47+00:00\" \/>\n<meta property=\"article:modified_time\" content=\"2023-04-06T10:11:44+00:00\" \/>\n<meta property=\"og:image\" content=\"https:\/\/infos-droitshumains.net\/wp-content\/uploads\/2021\/10\/IMG_20210930_184653_409-1024x768.jpg\" \/>\n<meta name=\"author\" content=\"Jo\u00ebl Diawa\" \/>\n<meta name=\"twitter:card\" content=\"summary_large_image\" \/>\n<meta name=\"twitter:label1\" content=\"\u00c9crit par\" \/>\n\t<meta name=\"twitter:data1\" content=\"Jo\u00ebl Diawa\" \/>\n\t<meta name=\"twitter:label2\" content=\"Dur\u00e9e de lecture estim\u00e9e\" \/>\n\t<meta name=\"twitter:data2\" content=\"2 minutes\" \/>\n<script type=\"application\/ld+json\" class=\"yoast-schema-graph\">{\"@context\":\"https:\\\/\\\/schema.org\",\"@graph\":[{\"@type\":\"Article\",\"@id\":\"https:\\\/\\\/infos-droitshumains.net\\\/?p=872#article\",\"isPartOf\":{\"@id\":\"https:\\\/\\\/infos-droitshumains.net\\\/?p=872\"},\"author\":{\"name\":\"Jo\u00ebl Diawa\",\"@id\":\"https:\\\/\\\/infos-droitshumains.net\\\/#\\\/schema\\\/person\\\/3dc5e921c3302172e0ed4362f96faab7\"},\"headline\":\"Kinshasa : L&rsquo;Assembl\u00e9e G\u00e9n\u00e9rale de PROMOFORTE ASBL renvoy\u00e9e \u00e0 une date ult\u00e9rieure\",\"datePublished\":\"2021-10-02T14:40:47+00:00\",\"dateModified\":\"2023-04-06T10:11:44+00:00\",\"mainEntityOfPage\":{\"@id\":\"https:\\\/\\\/infos-droitshumains.net\\\/?p=872\"},\"wordCount\":349,\"publisher\":{\"@id\":\"https:\\\/\\\/infos-droitshumains.net\\\/#organization\"},\"image\":{\"@id\":\"https:\\\/\\\/infos-droitshumains.net\\\/?p=872#primaryimage\"},\"thumbnailUrl\":\"https:\\\/\\\/infos-droitshumains.net\\\/wp-content\\\/uploads\\\/2021\\\/10\\\/IMG_20210930_184653_409-1024x768.jpg\",\"inLanguage\":\"fr-FR\"},{\"@type\":\"WebPage\",\"@id\":\"https:\\\/\\\/infos-droitshumains.net\\\/?p=872\",\"url\":\"https:\\\/\\\/infos-droitshumains.net\\\/?p=872\",\"name\":\"Kinshasa : L'Assembl\u00e9e G\u00e9n\u00e9rale de PROMOFORTE ASBL renvoy\u00e9e \u00e0 une date ult\u00e9rieure - Infos Droits Humains\",\"isPartOf\":{\"@id\":\"https:\\\/\\\/infos-droitshumains.net\\\/#website\"},\"primaryImageOfPage\":{\"@id\":\"https:\\\/\\\/infos-droitshumains.net\\\/?p=872#primaryimage\"},\"image\":{\"@id\":\"https:\\\/\\\/infos-droitshumains.net\\\/?p=872#primaryimage\"},\"thumbnailUrl\":\"https:\\\/\\\/infos-droitshumains.net\\\/wp-content\\\/uploads\\\/2021\\\/10\\\/IMG_20210930_184653_409-1024x768.jpg\",\"datePublished\":\"2021-10-02T14:40:47+00:00\",\"dateModified\":\"2023-04-06T10:11:44+00:00\",\"breadcrumb\":{\"@id\":\"https:\\\/\\\/infos-droitshumains.net\\\/?p=872#breadcrumb\"},\"inLanguage\":\"fr-FR\",\"potentialAction\":[{\"@type\":\"ReadAction\",\"target\":[\"https:\\\/\\\/infos-droitshumains.net\\\/?p=872\"]}]},{\"@type\":\"ImageObject\",\"inLanguage\":\"fr-FR\",\"@id\":\"https:\\\/\\\/infos-droitshumains.net\\\/?p=872#primaryimage\",\"url\":\"https:\\\/\\\/infos-droitshumains.net\\\/wp-content\\\/uploads\\\/2021\\\/10\\\/IMG_20210930_184653_409-1024x768.jpg\",\"contentUrl\":\"https:\\\/\\\/infos-droitshumains.net\\\/wp-content\\\/uploads\\\/2021\\\/10\\\/IMG_20210930_184653_409-1024x768.jpg\"},{\"@type\":\"BreadcrumbList\",\"@id\":\"https:\\\/\\\/infos-droitshumains.net\\\/?p=872#breadcrumb\",\"itemListElement\":[{\"@type\":\"ListItem\",\"position\":1,\"name\":\"Accueil\",\"item\":\"https:\\\/\\\/infos-droitshumains.net\\\/\"},{\"@type\":\"ListItem\",\"position\":2,\"name\":\"Kinshasa : L&rsquo;Assembl\u00e9e G\u00e9n\u00e9rale de PROMOFORTE ASBL renvoy\u00e9e \u00e0 une date ult\u00e9rieure\"}]},{\"@type\":\"WebSite\",\"@id\":\"https:\\\/\\\/infos-droitshumains.net\\\/#website\",\"url\":\"https:\\\/\\\/infos-droitshumains.net\\\/\",\"name\":\"Infos Droits Humains\",\"description\":\"S&#039;informer est un droit\",\"publisher\":{\"@id\":\"https:\\\/\\\/infos-droitshumains.net\\\/#organization\"},\"potentialAction\":[{\"@type\":\"SearchAction\",\"target\":{\"@type\":\"EntryPoint\",\"urlTemplate\":\"https:\\\/\\\/infos-droitshumains.net\\\/?s={search_term_string}\"},\"query-input\":{\"@type\":\"PropertyValueSpecification\",\"valueRequired\":true,\"valueName\":\"search_term_string\"}}],\"inLanguage\":\"fr-FR\"},{\"@type\":\"Organization\",\"@id\":\"https:\\\/\\\/infos-droitshumains.net\\\/#organization\",\"name\":\"Infos Droits Humains\",\"url\":\"https:\\\/\\\/infos-droitshumains.net\\\/\",\"logo\":{\"@type\":\"ImageObject\",\"inLanguage\":\"fr-FR\",\"@id\":\"https:\\\/\\\/infos-droitshumains.net\\\/#\\\/schema\\\/logo\\\/image\\\/\",\"url\":\"https:\\\/\\\/i0.wp.com\\\/infos-droitshumains.net\\\/wp-content\\\/uploads\\\/2022\\\/05\\\/Logo.png?fit=333%2C129&ssl=1\",\"contentUrl\":\"https:\\\/\\\/i0.wp.com\\\/infos-droitshumains.net\\\/wp-content\\\/uploads\\\/2022\\\/05\\\/Logo.png?fit=333%2C129&ssl=1\",\"width\":333,\"height\":129,\"caption\":\"Infos Droits Humains\"},\"image\":{\"@id\":\"https:\\\/\\\/infos-droitshumains.net\\\/#\\\/schema\\\/logo\\\/image\\\/\"}},{\"@type\":\"Person\",\"@id\":\"https:\\\/\\\/infos-droitshumains.net\\\/#\\\/schema\\\/person\\\/3dc5e921c3302172e0ed4362f96faab7\",\"name\":\"Jo\u00ebl Diawa\",\"image\":{\"@type\":\"ImageObject\",\"inLanguage\":\"fr-FR\",\"@id\":\"https:\\\/\\\/secure.gravatar.com\\\/avatar\\\/729bea6ff4604c624417803c477363be8e3c7186deaa65713313f9b4b820f41c?s=96&d=mm&r=g\",\"url\":\"https:\\\/\\\/secure.gravatar.com\\\/avatar\\\/729bea6ff4604c624417803c477363be8e3c7186deaa65713313f9b4b820f41c?s=96&d=mm&r=g\",\"contentUrl\":\"https:\\\/\\\/secure.gravatar.com\\\/avatar\\\/729bea6ff4604c624417803c477363be8e3c7186deaa65713313f9b4b820f41c?s=96&d=mm&r=g\",\"caption\":\"Jo\u00ebl Diawa\"},\"sameAs\":[\"https:\\\/\\\/www.infos-droitshumains.net\"],\"url\":\"https:\\\/\\\/infos-droitshumains.net\\\/?author=2\"}]}<\/script>\n<!-- \/ Yoast SEO plugin. -->","yoast_head_json":{"title":"Kinshasa : L'Assembl\u00e9e G\u00e9n\u00e9rale de PROMOFORTE ASBL renvoy\u00e9e \u00e0 une date ult\u00e9rieure - Infos Droits Humains","robots":{"index":"index","follow":"follow","max-snippet":"max-snippet:-1","max-image-preview":"max-image-preview:large","max-video-preview":"max-video-preview:-1"},"canonical":"https:\/\/infos-droitshumains.net\/?p=872","og_locale":"fr_FR","og_type":"article","og_title":"Kinshasa : L'Assembl\u00e9e G\u00e9n\u00e9rale de PROMOFORTE ASBL renvoy\u00e9e \u00e0 une date ult\u00e9rieure - Infos Droits Humains","og_description":"Pr\u00e9vue pour le jeudi 30 septembre 2021, la quatri\u00e8me Assembl\u00e9e G\u00e9n\u00e9rale de l&rsquo;Association des Anciens...","og_url":"https:\/\/infos-droitshumains.net\/?p=872","og_site_name":"Infos Droits Humains","article_published_time":"2021-10-02T14:40:47+00:00","article_modified_time":"2023-04-06T10:11:44+00:00","og_image":[{"url":"https:\/\/infos-droitshumains.net\/wp-content\/uploads\/2021\/10\/IMG_20210930_184653_409-1024x768.jpg","type":"","width":"","height":""}],"author":"Jo\u00ebl Diawa","twitter_card":"summary_large_image","twitter_misc":{"\u00c9crit par":"Jo\u00ebl Diawa","Dur\u00e9e de lecture estim\u00e9e":"2 minutes"},"schema":{"@context":"https:\/\/schema.org","@graph":[{"@type":"Article","@id":"https:\/\/infos-droitshumains.net\/?p=872#article","isPartOf":{"@id":"https:\/\/infos-droitshumains.net\/?p=872"},"author":{"name":"Jo\u00ebl Diawa","@id":"https:\/\/infos-droitshumains.net\/#\/schema\/person\/3dc5e921c3302172e0ed4362f96faab7"},"headline":"Kinshasa : L&rsquo;Assembl\u00e9e G\u00e9n\u00e9rale de PROMOFORTE ASBL renvoy\u00e9e \u00e0 une date ult\u00e9rieure","datePublished":"2021-10-02T14:40:47+00:00","dateModified":"2023-04-06T10:11:44+00:00","mainEntityOfPage":{"@id":"https:\/\/infos-droitshumains.net\/?p=872"},"wordCount":349,"publisher":{"@id":"https:\/\/infos-droitshumains.net\/#organization"},"image":{"@id":"https:\/\/infos-droitshumains.net\/?p=872#primaryimage"},"thumbnailUrl":"https:\/\/infos-droitshumains.net\/wp-content\/uploads\/2021\/10\/IMG_20210930_184653_409-1024x768.jpg","inLanguage":"fr-FR"},{"@type":"WebPage","@id":"https:\/\/infos-droitshumains.net\/?p=872","url":"https:\/\/infos-droitshumains.net\/?p=872","name":"Kinshasa : L'Assembl\u00e9e G\u00e9n\u00e9rale de PROMOFORTE ASBL renvoy\u00e9e \u00e0 une date ult\u00e9rieure - Infos Droits Humains","isPartOf":{"@id":"https:\/\/infos-droitshumains.net\/#website"},"primaryImageOfPage":{"@id":"https:\/\/infos-droitshumains.net\/?p=872#primaryimage"},"image":{"@id":"https:\/\/infos-droitshumains.net\/?p=872#primaryimage"},"thumbnailUrl":"https:\/\/infos-droitshumains.net\/wp-content\/uploads\/2021\/10\/IMG_20210930_184653_409-1024x768.jpg","datePublished":"2021-10-02T14:40:47+00:00","dateModified":"2023-04-06T10:11:44+00:00","breadcrumb":{"@id":"https:\/\/infos-droitshumains.net\/?p=872#breadcrumb"},"inLanguage":"fr-FR","potentialAction":[{"@type":"ReadAction","target":["https:\/\/infos-droitshumains.net\/?p=872"]}]},{"@type":"ImageObject","inLanguage":"fr-FR","@id":"https:\/\/infos-droitshumains.net\/?p=872#primaryimage","url":"https:\/\/infos-droitshumains.net\/wp-content\/uploads\/2021\/10\/IMG_20210930_184653_409-1024x768.jpg","contentUrl":"https:\/\/infos-droitshumains.net\/wp-content\/uploads\/2021\/10\/IMG_20210930_184653_409-1024x768.jpg"},{"@type":"BreadcrumbList","@id":"https:\/\/infos-droitshumains.net\/?p=872#breadcrumb","itemListElement":[{"@type":"ListItem","position":1,"name":"Accueil","item":"https:\/\/infos-droitshumains.net\/"},{"@type":"ListItem","position":2,"name":"Kinshasa : L&rsquo;Assembl\u00e9e G\u00e9n\u00e9rale de PROMOFORTE ASBL renvoy\u00e9e \u00e0 une date ult\u00e9rieure"}]},{"@type":"WebSite","@id":"https:\/\/infos-droitshumains.net\/#website","url":"https:\/\/infos-droitshumains.net\/","name":"Infos Droits Humains","description":"S&#039;informer est un droit","publisher":{"@id":"https:\/\/infos-droitshumains.net\/#organization"},"potentialAction":[{"@type":"SearchAction","target":{"@type":"EntryPoint","urlTemplate":"https:\/\/infos-droitshumains.net\/?s={search_term_string}"},"query-input":{"@type":"PropertyValueSpecification","valueRequired":true,"valueName":"search_term_string"}}],"inLanguage":"fr-FR"},{"@type":"Organization","@id":"https:\/\/infos-droitshumains.net\/#organization","name":"Infos Droits Humains","url":"https:\/\/infos-droitshumains.net\/","logo":{"@type":"ImageObject","inLanguage":"fr-FR","@id":"https:\/\/infos-droitshumains.net\/#\/schema\/logo\/image\/","url":"https:\/\/i0.wp.com\/infos-droitshumains.net\/wp-content\/uploads\/2022\/05\/Logo.png?fit=333%2C129&ssl=1","contentUrl":"https:\/\/i0.wp.com\/infos-droitshumains.net\/wp-content\/uploads\/2022\/05\/Logo.png?fit=333%2C129&ssl=1","width":333,"height":129,"caption":"Infos Droits Humains"},"image":{"@id":"https:\/\/infos-droitshumains.net\/#\/schema\/logo\/image\/"}},{"@type":"Person","@id":"https:\/\/infos-droitshumains.net\/#\/schema\/person\/3dc5e921c3302172e0ed4362f96faab7","name":"Jo\u00ebl Diawa","image":{"@type":"ImageObject","inLanguage":"fr-FR","@id":"https:\/\/secure.gravatar.com\/avatar\/729bea6ff4604c624417803c477363be8e3c7186deaa65713313f9b4b820f41c?s=96&d=mm&r=g","url":"https:\/\/secure.gravatar.com\/avatar\/729bea6ff4604c624417803c477363be8e3c7186deaa65713313f9b4b820f41c?s=96&d=mm&r=g","contentUrl":"https:\/\/secure.gravatar.com\/avatar\/729bea6ff4604c624417803c477363be8e3c7186deaa65713313f9b4b820f41c?s=96&d=mm&r=g","caption":"Jo\u00ebl Diawa"},"sameAs":["https:\/\/www.infos-droitshumains.net"],"url":"https:\/\/infos-droitshumains.net\/?author=2"}]}},"featured_image_urls":{"full":"","thumbnail":"","medium":"","medium_large":"","large":"","1536x1536":"","2048x2048":"","covernews-slider-full":"","covernews-slider-center":"","covernews-featured":"","covernews-medium":"","covernews-medium-square":""},"author_info":{"display_name":"Jo\u00ebl Diawa","author_link":"https:\/\/infos-droitshumains.net\/?author=2"},"category_info":"<a href=\"https:\/\/infos-droitshumains.net\/?cat=1\" rel=\"category\">Non class\u00e9<\/a>","tag_info":"Non class\u00e9","comment_count":"0","jetpack_featured_media_url":"","jetpack-related-posts":[],"jetpack_sharing_enabled":true,"_links":{"self":[{"href":"https:\/\/infos-droitshumains.net\/index.php?rest_route=\/wp\/v2\/posts\/872","targetHints":{"allow":["GET"]}}],"collection":[{"href":"https:\/\/infos-droitshumains.net\/index.php?rest_route=\/wp\/v2\/posts"}],"about":[{"href":"https:\/\/infos-droitshumains.net\/index.php?rest_route=\/wp\/v2\/types\/post"}],"author":[{"embeddable":true,"href":"https:\/\/infos-droitshumains.net\/index.php?rest_route=\/wp\/v2\/users\/2"}],"replies":[{"embeddable":true,"href":"https:\/\/infos-droitshumains.net\/index.php?rest_route=%2Fwp%2Fv2%2Fcomments&post=872"}],"version-history":[{"count":2,"href":"https:\/\/infos-droitshumains.net\/index.php?rest_route=\/wp\/v2\/posts\/872\/revisions"}],"predecessor-version":[{"id":876,"href":"https:\/\/infos-droitshumains.net\/index.php?rest_route=\/wp\/v2\/posts\/872\/revisions\/876"}],"wp:attachment":[{"href":"https:\/\/infos-droitshumains.net\/index.php?rest_route=%2Fwp%2Fv2%2Fmedia&parent=872"}],"wp:term":[{"taxonomy":"category","embeddable":true,"href":"https:\/\/infos-droitshumains.net\/index.php?rest_route=%2Fwp%2Fv2%2Fcategories&post=872"},{"taxonomy":"post_tag","embeddable":true,"href":"https:\/\/infos-droitshumains.net\/index.php?rest_route=%2Fwp%2Fv2%2Ftags&post=872"}],"curies":[{"name":"wp","href":"https:\/\/api.w.org\/{rel}","templated":true}]}}