{"id":8704,"date":"2023-12-18T10:47:35","date_gmt":"2023-12-18T09:47:35","guid":{"rendered":"https:\/\/infos-droitshumains.net\/?p=8704"},"modified":"2023-12-18T12:22:25","modified_gmt":"2023-12-18T11:22:25","slug":"financement-de-la-campagne-electorale-victime-du-nepotisme-de-leur-chef-des-partis-certains-candidats-promettent-de-porter-plainte","status":"publish","type":"post","link":"https:\/\/infos-droitshumains.net\/?p=8704","title":{"rendered":"Financement de la campagne \u00e9lectorale\u00a0: Victime du \u00a0\u00bbn\u00e9potisme\u00a0\u00bb et \u00a0\u00bbd\u00e9tournement\u00a0\u00bb dont fait montre leur Chef,  les candidats d&rsquo;un parti politique promettent de porter plainte"},"content":{"rendered":"\n<p><strong>R\u00e9daction:+243817406088<\/strong><\/p>\n\n\n\n<h4 class=\"wp-block-heading has-vivid-red-color has-text-color has-link-color wp-elements-0793aa9b7b39727534922d51c534662e\">C\u2019est peut-\u00eatre la pire des campagnes \u00e9lectorales qu\u2019ont v\u00e9cu certains candidats aux l\u00e9gislatives et municipale. Si au cours des pr\u00e9c\u00e9dents cycles \u00e9lectoraux les candidats ont b\u00e9n\u00e9fici\u00e9s du financement par leurs partis et regroupements politique, il n\u2019en \u00e9tait pas le cas cette fois-ci. Cravachant sur terrain avec les moyens de bord pour tenter des convaincre les \u00e9lecteurs, jusqu\u2019\u00e0 la fin, les autres \u00e9taient m\u00eame contraint de vendre leurs objets de valeurs pour s\u2019autofinancer. Un calvaire v\u00e9cu avec l\u2019espoir que leurs partis et regroupement leur viennent en aide m\u00eame aux ultimes instants, mais en vain.<\/h4>\n\n\n\n<p>Certaines sources bien introduites au sein de l\u2019Union Sacr\u00e9e d\u00e9noncent par ailleurs le fait qu\u2019il ait certains candidats qui avaient \u00e9t\u00e9 financ\u00e9s de mani\u00e8re s\u00e9lective. Une fa\u00e7on de faire qui frise le n\u00e9potisme.<\/p>\n\n\n\n<p><em>\u00ab\u00a0Notre Pr\u00e9sident a re\u00e7u du regroupement 50. 000 USD \u00e0 remettre \u00e0 chaque candidat\u00a0; et ce dernier n\u2019a remis \u00e0 certains candidats que 350 000 CDF et d&rsquo;autres 500 000 CDF\u00a0\u00bb<\/em>, nous a confi\u00e9 un candidat sous couvert de l\u2019anonymat.<\/p>\n\n\n\n<p>&nbsp;Selon ce candidat, les quelques candidats qui avaient \u00e9t\u00e9 privil\u00e9gi\u00e9s par le pr\u00e9sident, sont les membres de <em>\u00ab&nbsp;sa&nbsp;coterie&nbsp;\u00bb.<\/em> <em>\u00ab&nbsp;Le regroupement a m\u00eame pay\u00e9 les cautions des candidats mais notre Pr\u00e9sident avait exig\u00e9 \u00e0 tous ses candidats d\u2019en payer une partie qui n&rsquo;a jamais \u00e9t\u00e9 rembours\u00e9. Il les &nbsp;a fait signer des actes d&rsquo;engagement sur base de T-shirt&nbsp; qu&rsquo;il a fait imprimer&nbsp;\u00bb, <\/em>a en outre d\u00e9nonc\u00e9.<\/p>\n\n\n\n<p><em>\u00ab&nbsp;Il pr\u00e9tend accompagner la vision du Chef de l\u2019Etat. Avec cette fa\u00e7on de faire, n\u2019est-ce pas peut-on dire qu\u2019il combat le Chef de l\u2019Etat&nbsp;? Dans tout \u00e7a, le commun de mortel ne voit pas ce que lui il fait, c\u2019est directement FATSHI qui risque d\u2019en payer les frais. Nous nous sur terrain non seulement pour nous m\u00eame, mais aussi pour lui \u2018\u2019F\u00e9lix Tshisekedi\u2019\u2019&nbsp;; le comportement de notre pr\u00e9sident ne peut en rien nous emp\u00eacher de continuer \u00e0 soutenir le Pr\u00e9sident F\u00e9lix Tshisekedi&nbsp;\u00bb<\/em>, a-t-il conclu.<\/p>\n\n\n\n<p>Le comportement de ce Chef de parti politique frise non seulement le n\u00e9potisme, mais surtout le d\u00e9tournement. Rassembl\u00e9s au sein d\u2019un collectif des candidats qui se consid\u00e8rent comme victimes du comportement de leur pr\u00e9sident, ces candidats ont promis de porter plainte apr\u00e8s les \u00e9lections.<\/p>\n\n\n\n<p>Jo\u00ebl Diawa<\/p>\n","protected":false},"excerpt":{"rendered":"<p>R\u00e9daction:+243817406088 C\u2019est peut-\u00eatre la pire des campagnes \u00e9lectorales qu\u2019ont v\u00e9cu certains candidats aux l\u00e9gislatives et&#8230;<\/p>\n","protected":false},"author":2,"featured_media":8713,"comment_status":"open","ping_status":"open","sticky":false,"template":"","format":"standard","meta":{"_jetpack_memberships_contains_paid_content":false,"footnotes":""},"categories":[3],"tags":[],"class_list":["post-8704","post","type-post","status-publish","format-standard","has-post-thumbnail","hentry","category-politique"],"yoast_head":"<!-- This site is optimized with the Yoast SEO plugin v27.5 - https:\/\/yoast.com\/product\/yoast-seo-wordpress\/ -->\n<title>Financement de la campagne \u00e9lectorale\u00a0: Victime du &#039;&#039;n\u00e9potisme&#039;&#039; et &#039;&#039;d\u00e9tournement&#039;&#039; dont fait montre leur Chef, les candidats d&#039;un parti politique promettent de porter plainte - Infos Droits Humains<\/title>\n<meta name=\"robots\" content=\"index, follow, max-snippet:-1, max-image-preview:large, max-video-preview:-1\" \/>\n<link rel=\"canonical\" href=\"https:\/\/infos-droitshumains.net\/?p=8704\" \/>\n<meta property=\"og:locale\" content=\"fr_FR\" \/>\n<meta property=\"og:type\" content=\"article\" \/>\n<meta property=\"og:title\" content=\"Financement de la campagne \u00e9lectorale\u00a0: Victime du &#039;&#039;n\u00e9potisme&#039;&#039; et &#039;&#039;d\u00e9tournement&#039;&#039; dont fait montre leur Chef, les candidats d&#039;un parti politique promettent de porter plainte - Infos Droits Humains\" \/>\n<meta property=\"og:description\" content=\"R\u00e9daction:+243817406088 C\u2019est peut-\u00eatre la pire des campagnes \u00e9lectorales qu\u2019ont v\u00e9cu certains candidats aux l\u00e9gislatives et...\" \/>\n<meta property=\"og:url\" content=\"https:\/\/infos-droitshumains.net\/?p=8704\" \/>\n<meta property=\"og:site_name\" content=\"Infos Droits Humains\" \/>\n<meta property=\"article:published_time\" content=\"2023-12-18T09:47:35+00:00\" \/>\n<meta property=\"article:modified_time\" content=\"2023-12-18T11:22:25+00:00\" \/>\n<meta property=\"og:image\" content=\"https:\/\/infos-droitshumains.net\/wp-content\/uploads\/2023\/12\/202312Africa_DRC_Electoral_Violence_1.jpg\" \/>\n\t<meta property=\"og:image:width\" content=\"946\" \/>\n\t<meta property=\"og:image:height\" content=\"631\" \/>\n\t<meta property=\"og:image:type\" content=\"image\/jpeg\" \/>\n<meta name=\"author\" content=\"Jo\u00ebl Diawa\" \/>\n<meta name=\"twitter:card\" content=\"summary_large_image\" \/>\n<meta name=\"twitter:label1\" content=\"\u00c9crit par\" \/>\n\t<meta name=\"twitter:data1\" content=\"Jo\u00ebl Diawa\" \/>\n\t<meta name=\"twitter:label2\" content=\"Dur\u00e9e de lecture estim\u00e9e\" \/>\n\t<meta name=\"twitter:data2\" content=\"3 minutes\" \/>\n<script type=\"application\/ld+json\" class=\"yoast-schema-graph\">{\"@context\":\"https:\\\/\\\/schema.org\",\"@graph\":[{\"@type\":\"Article\",\"@id\":\"https:\\\/\\\/infos-droitshumains.net\\\/?p=8704#article\",\"isPartOf\":{\"@id\":\"https:\\\/\\\/infos-droitshumains.net\\\/?p=8704\"},\"author\":{\"name\":\"Jo\u00ebl Diawa\",\"@id\":\"https:\\\/\\\/infos-droitshumains.net\\\/#\\\/schema\\\/person\\\/3dc5e921c3302172e0ed4362f96faab7\"},\"headline\":\"Financement de la campagne \u00e9lectorale\u00a0: Victime du \u00a0\u00bbn\u00e9potisme\u00a0\u00bb et \u00a0\u00bbd\u00e9tournement\u00a0\u00bb dont fait montre leur Chef, les candidats d&rsquo;un parti politique promettent de porter plainte\",\"datePublished\":\"2023-12-18T09:47:35+00:00\",\"dateModified\":\"2023-12-18T11:22:25+00:00\",\"mainEntityOfPage\":{\"@id\":\"https:\\\/\\\/infos-droitshumains.net\\\/?p=8704\"},\"wordCount\":449,\"commentCount\":0,\"publisher\":{\"@id\":\"https:\\\/\\\/infos-droitshumains.net\\\/#organization\"},\"image\":{\"@id\":\"https:\\\/\\\/infos-droitshumains.net\\\/?p=8704#primaryimage\"},\"thumbnailUrl\":\"https:\\\/\\\/i0.wp.com\\\/infos-droitshumains.net\\\/wp-content\\\/uploads\\\/2023\\\/12\\\/202312Africa_DRC_Electoral_Violence_1.jpg?fit=946%2C631&ssl=1\",\"articleSection\":[\"Politique\"],\"inLanguage\":\"fr-FR\",\"potentialAction\":[{\"@type\":\"CommentAction\",\"name\":\"Comment\",\"target\":[\"https:\\\/\\\/infos-droitshumains.net\\\/?p=8704#respond\"]}]},{\"@type\":\"WebPage\",\"@id\":\"https:\\\/\\\/infos-droitshumains.net\\\/?p=8704\",\"url\":\"https:\\\/\\\/infos-droitshumains.net\\\/?p=8704\",\"name\":\"Financement de la campagne \u00e9lectorale\u00a0: Victime du ''n\u00e9potisme'' et ''d\u00e9tournement'' dont fait montre leur Chef, les candidats d'un parti politique promettent de porter plainte - Infos Droits Humains\",\"isPartOf\":{\"@id\":\"https:\\\/\\\/infos-droitshumains.net\\\/#website\"},\"primaryImageOfPage\":{\"@id\":\"https:\\\/\\\/infos-droitshumains.net\\\/?p=8704#primaryimage\"},\"image\":{\"@id\":\"https:\\\/\\\/infos-droitshumains.net\\\/?p=8704#primaryimage\"},\"thumbnailUrl\":\"https:\\\/\\\/i0.wp.com\\\/infos-droitshumains.net\\\/wp-content\\\/uploads\\\/2023\\\/12\\\/202312Africa_DRC_Electoral_Violence_1.jpg?fit=946%2C631&ssl=1\",\"datePublished\":\"2023-12-18T09:47:35+00:00\",\"dateModified\":\"2023-12-18T11:22:25+00:00\",\"breadcrumb\":{\"@id\":\"https:\\\/\\\/infos-droitshumains.net\\\/?p=8704#breadcrumb\"},\"inLanguage\":\"fr-FR\",\"potentialAction\":[{\"@type\":\"ReadAction\",\"target\":[\"https:\\\/\\\/infos-droitshumains.net\\\/?p=8704\"]}]},{\"@type\":\"ImageObject\",\"inLanguage\":\"fr-FR\",\"@id\":\"https:\\\/\\\/infos-droitshumains.net\\\/?p=8704#primaryimage\",\"url\":\"https:\\\/\\\/i0.wp.com\\\/infos-droitshumains.net\\\/wp-content\\\/uploads\\\/2023\\\/12\\\/202312Africa_DRC_Electoral_Violence_1.jpg?fit=946%2C631&ssl=1\",\"contentUrl\":\"https:\\\/\\\/i0.wp.com\\\/infos-droitshumains.net\\\/wp-content\\\/uploads\\\/2023\\\/12\\\/202312Africa_DRC_Electoral_Violence_1.jpg?fit=946%2C631&ssl=1\",\"width\":946,\"height\":631},{\"@type\":\"BreadcrumbList\",\"@id\":\"https:\\\/\\\/infos-droitshumains.net\\\/?p=8704#breadcrumb\",\"itemListElement\":[{\"@type\":\"ListItem\",\"position\":1,\"name\":\"Accueil\",\"item\":\"https:\\\/\\\/infos-droitshumains.net\\\/\"},{\"@type\":\"ListItem\",\"position\":2,\"name\":\"Financement de la campagne \u00e9lectorale\u00a0: Victime du \u00a0\u00bbn\u00e9potisme\u00a0\u00bb et \u00a0\u00bbd\u00e9tournement\u00a0\u00bb dont fait montre leur Chef, les candidats d&rsquo;un parti politique promettent de porter plainte\"}]},{\"@type\":\"WebSite\",\"@id\":\"https:\\\/\\\/infos-droitshumains.net\\\/#website\",\"url\":\"https:\\\/\\\/infos-droitshumains.net\\\/\",\"name\":\"Infos Droits Humains\",\"description\":\"S&#039;informer est un droit\",\"publisher\":{\"@id\":\"https:\\\/\\\/infos-droitshumains.net\\\/#organization\"},\"potentialAction\":[{\"@type\":\"SearchAction\",\"target\":{\"@type\":\"EntryPoint\",\"urlTemplate\":\"https:\\\/\\\/infos-droitshumains.net\\\/?s={search_term_string}\"},\"query-input\":{\"@type\":\"PropertyValueSpecification\",\"valueRequired\":true,\"valueName\":\"search_term_string\"}}],\"inLanguage\":\"fr-FR\"},{\"@type\":\"Organization\",\"@id\":\"https:\\\/\\\/infos-droitshumains.net\\\/#organization\",\"name\":\"Infos Droits Humains\",\"url\":\"https:\\\/\\\/infos-droitshumains.net\\\/\",\"logo\":{\"@type\":\"ImageObject\",\"inLanguage\":\"fr-FR\",\"@id\":\"https:\\\/\\\/infos-droitshumains.net\\\/#\\\/schema\\\/logo\\\/image\\\/\",\"url\":\"https:\\\/\\\/i0.wp.com\\\/infos-droitshumains.net\\\/wp-content\\\/uploads\\\/2022\\\/05\\\/Logo.png?fit=333%2C129&ssl=1\",\"contentUrl\":\"https:\\\/\\\/i0.wp.com\\\/infos-droitshumains.net\\\/wp-content\\\/uploads\\\/2022\\\/05\\\/Logo.png?fit=333%2C129&ssl=1\",\"width\":333,\"height\":129,\"caption\":\"Infos Droits Humains\"},\"image\":{\"@id\":\"https:\\\/\\\/infos-droitshumains.net\\\/#\\\/schema\\\/logo\\\/image\\\/\"}},{\"@type\":\"Person\",\"@id\":\"https:\\\/\\\/infos-droitshumains.net\\\/#\\\/schema\\\/person\\\/3dc5e921c3302172e0ed4362f96faab7\",\"name\":\"Jo\u00ebl Diawa\",\"image\":{\"@type\":\"ImageObject\",\"inLanguage\":\"fr-FR\",\"@id\":\"https:\\\/\\\/secure.gravatar.com\\\/avatar\\\/729bea6ff4604c624417803c477363be8e3c7186deaa65713313f9b4b820f41c?s=96&d=mm&r=g\",\"url\":\"https:\\\/\\\/secure.gravatar.com\\\/avatar\\\/729bea6ff4604c624417803c477363be8e3c7186deaa65713313f9b4b820f41c?s=96&d=mm&r=g\",\"contentUrl\":\"https:\\\/\\\/secure.gravatar.com\\\/avatar\\\/729bea6ff4604c624417803c477363be8e3c7186deaa65713313f9b4b820f41c?s=96&d=mm&r=g\",\"caption\":\"Jo\u00ebl Diawa\"},\"sameAs\":[\"https:\\\/\\\/www.infos-droitshumains.net\"],\"url\":\"https:\\\/\\\/infos-droitshumains.net\\\/?author=2\"}]}<\/script>\n<!-- \/ Yoast SEO plugin. -->","yoast_head_json":{"title":"Financement de la campagne \u00e9lectorale\u00a0: Victime du ''n\u00e9potisme'' et ''d\u00e9tournement'' dont fait montre leur Chef, les candidats d'un parti politique promettent de porter plainte - Infos Droits Humains","robots":{"index":"index","follow":"follow","max-snippet":"max-snippet:-1","max-image-preview":"max-image-preview:large","max-video-preview":"max-video-preview:-1"},"canonical":"https:\/\/infos-droitshumains.net\/?p=8704","og_locale":"fr_FR","og_type":"article","og_title":"Financement de la campagne \u00e9lectorale\u00a0: Victime du ''n\u00e9potisme'' et ''d\u00e9tournement'' dont fait montre leur Chef, les candidats d'un parti politique promettent de porter plainte - Infos Droits Humains","og_description":"R\u00e9daction:+243817406088 C\u2019est peut-\u00eatre la pire des campagnes \u00e9lectorales qu\u2019ont v\u00e9cu certains candidats aux l\u00e9gislatives et...","og_url":"https:\/\/infos-droitshumains.net\/?p=8704","og_site_name":"Infos Droits Humains","article_published_time":"2023-12-18T09:47:35+00:00","article_modified_time":"2023-12-18T11:22:25+00:00","og_image":[{"width":946,"height":631,"url":"https:\/\/infos-droitshumains.net\/wp-content\/uploads\/2023\/12\/202312Africa_DRC_Electoral_Violence_1.jpg","type":"image\/jpeg"}],"author":"Jo\u00ebl Diawa","twitter_card":"summary_large_image","twitter_misc":{"\u00c9crit par":"Jo\u00ebl Diawa","Dur\u00e9e de lecture estim\u00e9e":"3 minutes"},"schema":{"@context":"https:\/\/schema.org","@graph":[{"@type":"Article","@id":"https:\/\/infos-droitshumains.net\/?p=8704#article","isPartOf":{"@id":"https:\/\/infos-droitshumains.net\/?p=8704"},"author":{"name":"Jo\u00ebl Diawa","@id":"https:\/\/infos-droitshumains.net\/#\/schema\/person\/3dc5e921c3302172e0ed4362f96faab7"},"headline":"Financement de la campagne \u00e9lectorale\u00a0: Victime du \u00a0\u00bbn\u00e9potisme\u00a0\u00bb et \u00a0\u00bbd\u00e9tournement\u00a0\u00bb dont fait montre leur Chef, les candidats d&rsquo;un parti politique promettent de porter plainte","datePublished":"2023-12-18T09:47:35+00:00","dateModified":"2023-12-18T11:22:25+00:00","mainEntityOfPage":{"@id":"https:\/\/infos-droitshumains.net\/?p=8704"},"wordCount":449,"commentCount":0,"publisher":{"@id":"https:\/\/infos-droitshumains.net\/#organization"},"image":{"@id":"https:\/\/infos-droitshumains.net\/?p=8704#primaryimage"},"thumbnailUrl":"https:\/\/i0.wp.com\/infos-droitshumains.net\/wp-content\/uploads\/2023\/12\/202312Africa_DRC_Electoral_Violence_1.jpg?fit=946%2C631&ssl=1","articleSection":["Politique"],"inLanguage":"fr-FR","potentialAction":[{"@type":"CommentAction","name":"Comment","target":["https:\/\/infos-droitshumains.net\/?p=8704#respond"]}]},{"@type":"WebPage","@id":"https:\/\/infos-droitshumains.net\/?p=8704","url":"https:\/\/infos-droitshumains.net\/?p=8704","name":"Financement de la campagne \u00e9lectorale\u00a0: Victime du ''n\u00e9potisme'' et ''d\u00e9tournement'' dont fait montre leur Chef, les candidats d'un parti politique promettent de porter plainte - Infos Droits Humains","isPartOf":{"@id":"https:\/\/infos-droitshumains.net\/#website"},"primaryImageOfPage":{"@id":"https:\/\/infos-droitshumains.net\/?p=8704#primaryimage"},"image":{"@id":"https:\/\/infos-droitshumains.net\/?p=8704#primaryimage"},"thumbnailUrl":"https:\/\/i0.wp.com\/infos-droitshumains.net\/wp-content\/uploads\/2023\/12\/202312Africa_DRC_Electoral_Violence_1.jpg?fit=946%2C631&ssl=1","datePublished":"2023-12-18T09:47:35+00:00","dateModified":"2023-12-18T11:22:25+00:00","breadcrumb":{"@id":"https:\/\/infos-droitshumains.net\/?p=8704#breadcrumb"},"inLanguage":"fr-FR","potentialAction":[{"@type":"ReadAction","target":["https:\/\/infos-droitshumains.net\/?p=8704"]}]},{"@type":"ImageObject","inLanguage":"fr-FR","@id":"https:\/\/infos-droitshumains.net\/?p=8704#primaryimage","url":"https:\/\/i0.wp.com\/infos-droitshumains.net\/wp-content\/uploads\/2023\/12\/202312Africa_DRC_Electoral_Violence_1.jpg?fit=946%2C631&ssl=1","contentUrl":"https:\/\/i0.wp.com\/infos-droitshumains.net\/wp-content\/uploads\/2023\/12\/202312Africa_DRC_Electoral_Violence_1.jpg?fit=946%2C631&ssl=1","width":946,"height":631},{"@type":"BreadcrumbList","@id":"https:\/\/infos-droitshumains.net\/?p=8704#breadcrumb","itemListElement":[{"@type":"ListItem","position":1,"name":"Accueil","item":"https:\/\/infos-droitshumains.net\/"},{"@type":"ListItem","position":2,"name":"Financement de la campagne \u00e9lectorale\u00a0: Victime du \u00a0\u00bbn\u00e9potisme\u00a0\u00bb et \u00a0\u00bbd\u00e9tournement\u00a0\u00bb dont fait montre leur Chef, les candidats d&rsquo;un parti politique promettent de porter plainte"}]},{"@type":"WebSite","@id":"https:\/\/infos-droitshumains.net\/#website","url":"https:\/\/infos-droitshumains.net\/","name":"Infos Droits Humains","description":"S&#039;informer est un droit","publisher":{"@id":"https:\/\/infos-droitshumains.net\/#organization"},"potentialAction":[{"@type":"SearchAction","target":{"@type":"EntryPoint","urlTemplate":"https:\/\/infos-droitshumains.net\/?s={search_term_string}"},"query-input":{"@type":"PropertyValueSpecification","valueRequired":true,"valueName":"search_term_string"}}],"inLanguage":"fr-FR"},{"@type":"Organization","@id":"https:\/\/infos-droitshumains.net\/#organization","name":"Infos Droits Humains","url":"https:\/\/infos-droitshumains.net\/","logo":{"@type":"ImageObject","inLanguage":"fr-FR","@id":"https:\/\/infos-droitshumains.net\/#\/schema\/logo\/image\/","url":"https:\/\/i0.wp.com\/infos-droitshumains.net\/wp-content\/uploads\/2022\/05\/Logo.png?fit=333%2C129&ssl=1","contentUrl":"https:\/\/i0.wp.com\/infos-droitshumains.net\/wp-content\/uploads\/2022\/05\/Logo.png?fit=333%2C129&ssl=1","width":333,"height":129,"caption":"Infos Droits Humains"},"image":{"@id":"https:\/\/infos-droitshumains.net\/#\/schema\/logo\/image\/"}},{"@type":"Person","@id":"https:\/\/infos-droitshumains.net\/#\/schema\/person\/3dc5e921c3302172e0ed4362f96faab7","name":"Jo\u00ebl Diawa","image":{"@type":"ImageObject","inLanguage":"fr-FR","@id":"https:\/\/secure.gravatar.com\/avatar\/729bea6ff4604c624417803c477363be8e3c7186deaa65713313f9b4b820f41c?s=96&d=mm&r=g","url":"https:\/\/secure.gravatar.com\/avatar\/729bea6ff4604c624417803c477363be8e3c7186deaa65713313f9b4b820f41c?s=96&d=mm&r=g","contentUrl":"https:\/\/secure.gravatar.com\/avatar\/729bea6ff4604c624417803c477363be8e3c7186deaa65713313f9b4b820f41c?s=96&d=mm&r=g","caption":"Jo\u00ebl Diawa"},"sameAs":["https:\/\/www.infos-droitshumains.net"],"url":"https:\/\/infos-droitshumains.net\/?author=2"}]}},"featured_image_urls":{"full":["https:\/\/i0.wp.com\/infos-droitshumains.net\/wp-content\/uploads\/2023\/12\/202312Africa_DRC_Electoral_Violence_1.jpg?fit=946%2C631&ssl=1",946,631,false],"thumbnail":["https:\/\/i0.wp.com\/infos-droitshumains.net\/wp-content\/uploads\/2023\/12\/202312Africa_DRC_Electoral_Violence_1.jpg?resize=150%2C150&ssl=1",150,150,true],"medium":["https:\/\/i0.wp.com\/infos-droitshumains.net\/wp-content\/uploads\/2023\/12\/202312Africa_DRC_Electoral_Violence_1.jpg?fit=300%2C200&ssl=1",300,200,true],"medium_large":["https:\/\/i0.wp.com\/infos-droitshumains.net\/wp-content\/uploads\/2023\/12\/202312Africa_DRC_Electoral_Violence_1.jpg?fit=640%2C427&ssl=1",640,427,true],"large":["https:\/\/i0.wp.com\/infos-droitshumains.net\/wp-content\/uploads\/2023\/12\/202312Africa_DRC_Electoral_Violence_1.jpg?fit=640%2C427&ssl=1",640,427,true],"1536x1536":["https:\/\/i0.wp.com\/infos-droitshumains.net\/wp-content\/uploads\/2023\/12\/202312Africa_DRC_Electoral_Violence_1.jpg?fit=946%2C631&ssl=1",946,631,true],"2048x2048":["https:\/\/i0.wp.com\/infos-droitshumains.net\/wp-content\/uploads\/2023\/12\/202312Africa_DRC_Electoral_Violence_1.jpg?fit=946%2C631&ssl=1",946,631,true],"covernews-slider-full":["https:\/\/i0.wp.com\/infos-droitshumains.net\/wp-content\/uploads\/2023\/12\/202312Africa_DRC_Electoral_Violence_1.jpg?resize=946%2C631&ssl=1",946,631,true],"covernews-slider-center":["https:\/\/i0.wp.com\/infos-droitshumains.net\/wp-content\/uploads\/2023\/12\/202312Africa_DRC_Electoral_Violence_1.jpg?resize=800%2C500&ssl=1",800,500,true],"covernews-featured":["https:\/\/i0.wp.com\/infos-droitshumains.net\/wp-content\/uploads\/2023\/12\/202312Africa_DRC_Electoral_Violence_1.jpg?fit=946%2C631&ssl=1",946,631,true],"covernews-medium":["https:\/\/i0.wp.com\/infos-droitshumains.net\/wp-content\/uploads\/2023\/12\/202312Africa_DRC_Electoral_Violence_1.jpg?resize=540%2C340&ssl=1",540,340,true],"covernews-medium-square":["https:\/\/i0.wp.com\/infos-droitshumains.net\/wp-content\/uploads\/2023\/12\/202312Africa_DRC_Electoral_Violence_1.jpg?resize=400%2C250&ssl=1",400,250,true]},"author_info":{"display_name":"Jo\u00ebl Diawa","author_link":"https:\/\/infos-droitshumains.net\/?author=2"},"category_info":"<a href=\"https:\/\/infos-droitshumains.net\/?cat=3\" rel=\"category\">Politique<\/a>","tag_info":"Politique","comment_count":"0","jetpack_featured_media_url":"https:\/\/i0.wp.com\/infos-droitshumains.net\/wp-content\/uploads\/2023\/12\/202312Africa_DRC_Electoral_Violence_1.jpg?fit=946%2C631&ssl=1","jetpack-related-posts":[],"jetpack_sharing_enabled":true,"_links":{"self":[{"href":"https:\/\/infos-droitshumains.net\/index.php?rest_route=\/wp\/v2\/posts\/8704","targetHints":{"allow":["GET"]}}],"collection":[{"href":"https:\/\/infos-droitshumains.net\/index.php?rest_route=\/wp\/v2\/posts"}],"about":[{"href":"https:\/\/infos-droitshumains.net\/index.php?rest_route=\/wp\/v2\/types\/post"}],"author":[{"embeddable":true,"href":"https:\/\/infos-droitshumains.net\/index.php?rest_route=\/wp\/v2\/users\/2"}],"replies":[{"embeddable":true,"href":"https:\/\/infos-droitshumains.net\/index.php?rest_route=%2Fwp%2Fv2%2Fcomments&post=8704"}],"version-history":[{"count":3,"href":"https:\/\/infos-droitshumains.net\/index.php?rest_route=\/wp\/v2\/posts\/8704\/revisions"}],"predecessor-version":[{"id":8716,"href":"https:\/\/infos-droitshumains.net\/index.php?rest_route=\/wp\/v2\/posts\/8704\/revisions\/8716"}],"wp:featuredmedia":[{"embeddable":true,"href":"https:\/\/infos-droitshumains.net\/index.php?rest_route=\/wp\/v2\/media\/8713"}],"wp:attachment":[{"href":"https:\/\/infos-droitshumains.net\/index.php?rest_route=%2Fwp%2Fv2%2Fmedia&parent=8704"}],"wp:term":[{"taxonomy":"category","embeddable":true,"href":"https:\/\/infos-droitshumains.net\/index.php?rest_route=%2Fwp%2Fv2%2Fcategories&post=8704"},{"taxonomy":"post_tag","embeddable":true,"href":"https:\/\/infos-droitshumains.net\/index.php?rest_route=%2Fwp%2Fv2%2Ftags&post=8704"}],"curies":[{"name":"wp","href":"https:\/\/api.w.org\/{rel}","templated":true}]}}