{"id":8696,"date":"2023-12-16T12:18:28","date_gmt":"2023-12-16T11:18:28","guid":{"rendered":"https:\/\/infos-droitshumains.net\/?p=8696"},"modified":"2023-12-16T12:18:32","modified_gmt":"2023-12-16T11:18:32","slug":"application-de-la-loi-relative-au-regime-penitentiaire-du-15-juin-2023-laudf-et-ses-partenaires-sengagent-pour-lutter-contre-les-detentions-irregulieres-et-le-respect-des-droits-des-detenus","status":"publish","type":"post","link":"https:\/\/infos-droitshumains.net\/?p=8696","title":{"rendered":"Application de la loi relative au r\u00e9gime p\u00e9nitentiaire du 15 juin 2023: l&rsquo;AUDF et ses partenaires s&rsquo;engagent pour lutter contre les d\u00e9tentions irr\u00e9guli\u00e8res et le respect des droits des d\u00e9tenus"},"content":{"rendered":"\n<p><strong>R\u00e9daction:+243817406088<\/strong><\/p>\n\n\n\n<h4 class=\"wp-block-heading has-vivid-red-color has-text-color has-link-color wp-elements-b9ba48f396fddef0c92313411f9b7a86\">Dans l&rsquo;optique de mettre fin aux d\u00e9tentions irr\u00e9guli\u00e8res dans les milieux carc\u00e9raux en R\u00e9publique D\u00e9mocratique du Congo, l&rsquo;ONG Alliance pour l&rsquo;Universalit\u00e9 des Droits Fondamentaux (AUDF) en partenariat avec le Bureau Conjoint des Nations Unies aux Droits de l&rsquo;Homme, ont organis\u00e9 ce vendredi 15 d\u00e9cembre \u00e0 Kinshasa, un atelier de formation et d&rsquo;\u00e9changes sur &nbsp;<strong><em>\u00ab&nbsp;l\u2019application de la loi 23\/28 d\u00e9terminant les principes fondamentaux relatifs au r\u00e9gime p\u00e9nitentiaire du 15 juin 2023 et les droits d\u00e9tenus&nbsp;\u00bb.<\/em><\/strong><\/h4>\n\n\n\n<p>\u00c0 en croire Chasper Sarott, ambassadeur de Suisse en RDC, <em>\u00ab\u00a0Les personnes priv\u00e9es de libert\u00e9, quelque soit les raisons de leur incarc\u00e9ration, ont droit \u00e0 leur dignit\u00e9, \u00e0 l&rsquo;acc\u00e8s aux soins appropri\u00e9s, \u00e0 l&rsquo;\u00e9galit\u00e9 du traitement et \u00e0 la prise en compte de leurs besoins sp\u00e9cifiques\u00a0\u00bb<\/em>.<\/p>\n\n\n\n<figure class=\"wp-block-image alignfull size-large\"><img data-recalc-dims=\"1\" fetchpriority=\"high\" decoding=\"async\" width=\"640\" height=\"480\" src=\"https:\/\/i0.wp.com\/infos-droitshumains.net\/wp-content\/uploads\/2023\/12\/IMG-20231216-WA0021.jpg?resize=640%2C480&#038;ssl=1\" alt=\"\" class=\"wp-image-8698\" srcset=\"https:\/\/i0.wp.com\/infos-droitshumains.net\/wp-content\/uploads\/2023\/12\/IMG-20231216-WA0021.jpg?resize=1024%2C768&amp;ssl=1 1024w, https:\/\/i0.wp.com\/infos-droitshumains.net\/wp-content\/uploads\/2023\/12\/IMG-20231216-WA0021.jpg?resize=300%2C225&amp;ssl=1 300w, https:\/\/i0.wp.com\/infos-droitshumains.net\/wp-content\/uploads\/2023\/12\/IMG-20231216-WA0021.jpg?resize=768%2C576&amp;ssl=1 768w, https:\/\/i0.wp.com\/infos-droitshumains.net\/wp-content\/uploads\/2023\/12\/IMG-20231216-WA0021.jpg?w=1280&amp;ssl=1 1280w\" sizes=\"(max-width: 640px) 100vw, 640px\" \/><\/figure>\n\n\n\n<p>Pour Patrice Vahard, la protection des droits de l&rsquo;homme en g\u00e9n\u00e9ral et ceux des d\u00e9tenus en particulier passe par la bonne administration de la justice. <em>\u00ab\u00a0Ce secteur n\u00e9vralgique est l&rsquo;un des d\u00e9terminants ou indicateurs de la vitalit\u00e9 de l&rsquo;administration de la justice\u00a0\u00bb<\/em>, estime le directeur du BCNUDH car dit-il, <em>\u00ab\u00a0la meilleure protection des droits humains se fait au niveau des cours et tribunaux\u00a0\u00bb.<\/em><\/p>\n\n\n\n<figure class=\"wp-block-image alignfull size-large\"><img data-recalc-dims=\"1\" decoding=\"async\" width=\"640\" height=\"480\" src=\"https:\/\/i0.wp.com\/infos-droitshumains.net\/wp-content\/uploads\/2023\/12\/IMG-20231216-WA0022.jpg?resize=640%2C480&#038;ssl=1\" alt=\"\" class=\"wp-image-8699\" srcset=\"https:\/\/i0.wp.com\/infos-droitshumains.net\/wp-content\/uploads\/2023\/12\/IMG-20231216-WA0022.jpg?resize=1024%2C768&amp;ssl=1 1024w, https:\/\/i0.wp.com\/infos-droitshumains.net\/wp-content\/uploads\/2023\/12\/IMG-20231216-WA0022.jpg?resize=300%2C225&amp;ssl=1 300w, https:\/\/i0.wp.com\/infos-droitshumains.net\/wp-content\/uploads\/2023\/12\/IMG-20231216-WA0022.jpg?resize=768%2C576&amp;ssl=1 768w, https:\/\/i0.wp.com\/infos-droitshumains.net\/wp-content\/uploads\/2023\/12\/IMG-20231216-WA0022.jpg?w=1280&amp;ssl=1 1280w\" sizes=\"(max-width: 640px) 100vw, 640px\" \/><\/figure>\n\n\n\n<p>De son c\u00f4t\u00e9, la directrice de cabinet de la ministre d&rsquo;\u00c9tat, ministre de la justice et garde des sceaux a martel\u00e9 sur la vulgarisation de la loi d\u00e9terminant les principes fondamentaux relatifs au r\u00e9gime p\u00e9nitentiaire pour esp\u00e9rer \u00e0 l&rsquo;atteinte des objectifs d&rsquo;humanisation des lieux carc\u00e9raux , de promotion et de protection des droits fondamentaux garantis aux d\u00e9tenus et au d\u00e9sengorgement des milieux carc\u00e9raux<\/p>\n\n\n\n<p><em>\u00ab\u00a0Il est indispensable que les dispositions contenues dans cette loi soient vulgaris\u00e9es. que les d\u00e9tentions irr\u00e9guli\u00e8res soient revues et que les probl\u00e8mes qui entravent l&rsquo;application de la dite loi soient r\u00e9solus\u00a0\u00bb<\/em>, a sugg\u00e9r\u00e9 P\u00e9lagie Ebeka.<\/p>\n\n\n\n<figure class=\"wp-block-image alignfull size-large\"><img data-recalc-dims=\"1\" decoding=\"async\" width=\"640\" height=\"480\" src=\"https:\/\/i0.wp.com\/infos-droitshumains.net\/wp-content\/uploads\/2023\/12\/IMG-20231216-WA0023.jpg?resize=640%2C480&#038;ssl=1\" alt=\"\" class=\"wp-image-8700\" srcset=\"https:\/\/i0.wp.com\/infos-droitshumains.net\/wp-content\/uploads\/2023\/12\/IMG-20231216-WA0023.jpg?resize=1024%2C768&amp;ssl=1 1024w, https:\/\/i0.wp.com\/infos-droitshumains.net\/wp-content\/uploads\/2023\/12\/IMG-20231216-WA0023.jpg?resize=300%2C225&amp;ssl=1 300w, https:\/\/i0.wp.com\/infos-droitshumains.net\/wp-content\/uploads\/2023\/12\/IMG-20231216-WA0023.jpg?resize=768%2C576&amp;ssl=1 768w, https:\/\/i0.wp.com\/infos-droitshumains.net\/wp-content\/uploads\/2023\/12\/IMG-20231216-WA0023.jpg?w=1280&amp;ssl=1 1280w\" sizes=\"(max-width: 640px) 100vw, 640px\" \/><\/figure>\n\n\n\n<p>Contre les directeurs des prisons qui cautionnent les d\u00e9tentions irr\u00e9guli\u00e8res contrairement \u00e0 cette loi, maitre Henri Wembolua Otshudi, pr\u00e9sident de l&rsquo;ONG Alliance pour l&rsquo;Universalit\u00e9 des Droits Fondamentaux a promis de d\u00e9clencher des actions judiciaires.<\/p>\n\n\n\n<p><em>\u00ab\u00a0Et pour nous la soci\u00e9t\u00e9 civile, que les directeurs des prisons ne soient pas \u00e9tonn\u00e9s lorsque nous trouvons des cas de d\u00e9tention irr\u00e9guli\u00e8re. Ils sont inform\u00e9s de ces irr\u00e9gularit\u00e9s et il n&rsquo;y a pas de suite, de suivi, ni de solution. il aura des actions judiciaires telles que pr\u00e9vues par cette loi qui veut que le directeur de la prison qui n&rsquo;a pas respect\u00e9 son pouvoir de g\u00e9rer les d\u00e9tentions soit passible des poursuites p\u00e9nales et disciplinaires\u00bb<\/em>, a-t-il pr\u00e9venu.<\/p>\n\n\n\n<figure class=\"wp-block-image alignfull size-large\"><img data-recalc-dims=\"1\" loading=\"lazy\" decoding=\"async\" width=\"640\" height=\"480\" src=\"https:\/\/i0.wp.com\/infos-droitshumains.net\/wp-content\/uploads\/2023\/12\/IMG-20231216-WA0024.jpg?resize=640%2C480&#038;ssl=1\" alt=\"\" class=\"wp-image-8701\" srcset=\"https:\/\/i0.wp.com\/infos-droitshumains.net\/wp-content\/uploads\/2023\/12\/IMG-20231216-WA0024.jpg?resize=1024%2C768&amp;ssl=1 1024w, https:\/\/i0.wp.com\/infos-droitshumains.net\/wp-content\/uploads\/2023\/12\/IMG-20231216-WA0024.jpg?resize=300%2C225&amp;ssl=1 300w, https:\/\/i0.wp.com\/infos-droitshumains.net\/wp-content\/uploads\/2023\/12\/IMG-20231216-WA0024.jpg?resize=768%2C576&amp;ssl=1 768w, https:\/\/i0.wp.com\/infos-droitshumains.net\/wp-content\/uploads\/2023\/12\/IMG-20231216-WA0024.jpg?w=1280&amp;ssl=1 1280w\" sizes=\"(max-width: 640px) 100vw, 640px\" \/><\/figure>\n\n\n\n<p>Plusieurs sujets ont \u00e9t\u00e9 abord\u00e9s lors de cette journ\u00e9e notamment, le respect du cadre normatif relatif \u00e0 la d\u00e9tention pr\u00e9ventive et la lutte contre la surpopulation p\u00e9nitentiaire et violation des droits des d\u00e9tenus en RDC, les droits des d\u00e9tenus en droit international et les innovations de la loi relative au r\u00e9gime p\u00e9nitentiaire du 15 juin 2023.<\/p>\n\n\n\n<p>\u00c0 l&rsquo;issue de cet atelier financ\u00e9 par l&rsquo;ambassade de suisse, les autorit\u00e9s judiciaires et p\u00e9nitentiaires pr\u00e9sents, ont fait des recommandations et engagements pour l&rsquo;application de la loi d\u00e9terminant les principes fondamentaux relatifs au r\u00e9gime p\u00e9nitentiaire du 15 juin 2023 et la lib\u00e9ration urgente de tous les cas irr\u00e9guliers des d\u00e9tenus.<\/p>\n\n\n\n<p>AM<\/p>\n","protected":false},"excerpt":{"rendered":"<p>R\u00e9daction:+243817406088 Dans l&rsquo;optique de mettre fin aux d\u00e9tentions irr\u00e9guli\u00e8res dans les milieux carc\u00e9raux en R\u00e9publique&#8230;<\/p>\n","protected":false},"author":2,"featured_media":8697,"comment_status":"open","ping_status":"open","sticky":false,"template":"","format":"standard","meta":{"_jetpack_memberships_contains_paid_content":false,"footnotes":""},"categories":[7],"tags":[],"class_list":["post-8696","post","type-post","status-publish","format-standard","has-post-thumbnail","hentry","category-droits-humains"],"yoast_head":"<!-- This site is optimized with the Yoast SEO plugin v27.5 - https:\/\/yoast.com\/product\/yoast-seo-wordpress\/ -->\n<title>Application de la loi relative au r\u00e9gime p\u00e9nitentiaire du 15 juin 2023: l&#039;AUDF et ses partenaires s&#039;engagent pour lutter contre les d\u00e9tentions irr\u00e9guli\u00e8res et le respect des droits des d\u00e9tenus - Infos Droits Humains<\/title>\n<meta name=\"robots\" content=\"index, follow, max-snippet:-1, max-image-preview:large, max-video-preview:-1\" \/>\n<link rel=\"canonical\" href=\"https:\/\/infos-droitshumains.net\/?p=8696\" \/>\n<meta property=\"og:locale\" content=\"fr_FR\" \/>\n<meta property=\"og:type\" content=\"article\" \/>\n<meta property=\"og:title\" content=\"Application de la loi relative au r\u00e9gime p\u00e9nitentiaire du 15 juin 2023: l&#039;AUDF et ses partenaires s&#039;engagent pour lutter contre les d\u00e9tentions irr\u00e9guli\u00e8res et le respect des droits des d\u00e9tenus - Infos Droits Humains\" \/>\n<meta property=\"og:description\" content=\"R\u00e9daction:+243817406088 Dans l&rsquo;optique de mettre fin aux d\u00e9tentions irr\u00e9guli\u00e8res dans les milieux carc\u00e9raux en R\u00e9publique...\" \/>\n<meta property=\"og:url\" content=\"https:\/\/infos-droitshumains.net\/?p=8696\" \/>\n<meta property=\"og:site_name\" content=\"Infos Droits Humains\" \/>\n<meta property=\"article:published_time\" content=\"2023-12-16T11:18:28+00:00\" \/>\n<meta property=\"article:modified_time\" content=\"2023-12-16T11:18:32+00:00\" \/>\n<meta property=\"og:image\" content=\"https:\/\/infos-droitshumains.net\/wp-content\/uploads\/2023\/12\/IMG-20231216-WA0028.jpg\" \/>\n\t<meta property=\"og:image:width\" content=\"1024\" \/>\n\t<meta property=\"og:image:height\" content=\"768\" \/>\n\t<meta property=\"og:image:type\" content=\"image\/jpeg\" \/>\n<meta name=\"author\" content=\"Jo\u00ebl Diawa\" \/>\n<meta name=\"twitter:card\" content=\"summary_large_image\" \/>\n<meta name=\"twitter:label1\" content=\"\u00c9crit par\" \/>\n\t<meta name=\"twitter:data1\" content=\"Jo\u00ebl Diawa\" \/>\n\t<meta name=\"twitter:label2\" content=\"Dur\u00e9e de lecture estim\u00e9e\" \/>\n\t<meta name=\"twitter:data2\" content=\"4 minutes\" \/>\n<script type=\"application\/ld+json\" class=\"yoast-schema-graph\">{\"@context\":\"https:\\\/\\\/schema.org\",\"@graph\":[{\"@type\":\"Article\",\"@id\":\"https:\\\/\\\/infos-droitshumains.net\\\/?p=8696#article\",\"isPartOf\":{\"@id\":\"https:\\\/\\\/infos-droitshumains.net\\\/?p=8696\"},\"author\":{\"name\":\"Jo\u00ebl Diawa\",\"@id\":\"https:\\\/\\\/infos-droitshumains.net\\\/#\\\/schema\\\/person\\\/3dc5e921c3302172e0ed4362f96faab7\"},\"headline\":\"Application de la loi relative au r\u00e9gime p\u00e9nitentiaire du 15 juin 2023: l&rsquo;AUDF et ses partenaires s&rsquo;engagent pour lutter contre les d\u00e9tentions irr\u00e9guli\u00e8res et le respect des droits des d\u00e9tenus\",\"datePublished\":\"2023-12-16T11:18:28+00:00\",\"dateModified\":\"2023-12-16T11:18:32+00:00\",\"mainEntityOfPage\":{\"@id\":\"https:\\\/\\\/infos-droitshumains.net\\\/?p=8696\"},\"wordCount\":599,\"commentCount\":0,\"publisher\":{\"@id\":\"https:\\\/\\\/infos-droitshumains.net\\\/#organization\"},\"image\":{\"@id\":\"https:\\\/\\\/infos-droitshumains.net\\\/?p=8696#primaryimage\"},\"thumbnailUrl\":\"https:\\\/\\\/i0.wp.com\\\/infos-droitshumains.net\\\/wp-content\\\/uploads\\\/2023\\\/12\\\/IMG-20231216-WA0028.jpg?fit=1024%2C768&ssl=1\",\"articleSection\":[\"Droits Humains\"],\"inLanguage\":\"fr-FR\",\"potentialAction\":[{\"@type\":\"CommentAction\",\"name\":\"Comment\",\"target\":[\"https:\\\/\\\/infos-droitshumains.net\\\/?p=8696#respond\"]}]},{\"@type\":\"WebPage\",\"@id\":\"https:\\\/\\\/infos-droitshumains.net\\\/?p=8696\",\"url\":\"https:\\\/\\\/infos-droitshumains.net\\\/?p=8696\",\"name\":\"Application de la loi relative au r\u00e9gime p\u00e9nitentiaire du 15 juin 2023: l'AUDF et ses partenaires s'engagent pour lutter contre les d\u00e9tentions irr\u00e9guli\u00e8res et le respect des droits des d\u00e9tenus - Infos Droits Humains\",\"isPartOf\":{\"@id\":\"https:\\\/\\\/infos-droitshumains.net\\\/#website\"},\"primaryImageOfPage\":{\"@id\":\"https:\\\/\\\/infos-droitshumains.net\\\/?p=8696#primaryimage\"},\"image\":{\"@id\":\"https:\\\/\\\/infos-droitshumains.net\\\/?p=8696#primaryimage\"},\"thumbnailUrl\":\"https:\\\/\\\/i0.wp.com\\\/infos-droitshumains.net\\\/wp-content\\\/uploads\\\/2023\\\/12\\\/IMG-20231216-WA0028.jpg?fit=1024%2C768&ssl=1\",\"datePublished\":\"2023-12-16T11:18:28+00:00\",\"dateModified\":\"2023-12-16T11:18:32+00:00\",\"breadcrumb\":{\"@id\":\"https:\\\/\\\/infos-droitshumains.net\\\/?p=8696#breadcrumb\"},\"inLanguage\":\"fr-FR\",\"potentialAction\":[{\"@type\":\"ReadAction\",\"target\":[\"https:\\\/\\\/infos-droitshumains.net\\\/?p=8696\"]}]},{\"@type\":\"ImageObject\",\"inLanguage\":\"fr-FR\",\"@id\":\"https:\\\/\\\/infos-droitshumains.net\\\/?p=8696#primaryimage\",\"url\":\"https:\\\/\\\/i0.wp.com\\\/infos-droitshumains.net\\\/wp-content\\\/uploads\\\/2023\\\/12\\\/IMG-20231216-WA0028.jpg?fit=1024%2C768&ssl=1\",\"contentUrl\":\"https:\\\/\\\/i0.wp.com\\\/infos-droitshumains.net\\\/wp-content\\\/uploads\\\/2023\\\/12\\\/IMG-20231216-WA0028.jpg?fit=1024%2C768&ssl=1\",\"width\":1024,\"height\":768},{\"@type\":\"BreadcrumbList\",\"@id\":\"https:\\\/\\\/infos-droitshumains.net\\\/?p=8696#breadcrumb\",\"itemListElement\":[{\"@type\":\"ListItem\",\"position\":1,\"name\":\"Accueil\",\"item\":\"https:\\\/\\\/infos-droitshumains.net\\\/\"},{\"@type\":\"ListItem\",\"position\":2,\"name\":\"Application de la loi relative au r\u00e9gime p\u00e9nitentiaire du 15 juin 2023: l&rsquo;AUDF et ses partenaires s&rsquo;engagent pour lutter contre les d\u00e9tentions irr\u00e9guli\u00e8res et le respect des droits des d\u00e9tenus\"}]},{\"@type\":\"WebSite\",\"@id\":\"https:\\\/\\\/infos-droitshumains.net\\\/#website\",\"url\":\"https:\\\/\\\/infos-droitshumains.net\\\/\",\"name\":\"Infos Droits Humains\",\"description\":\"S&#039;informer est un droit\",\"publisher\":{\"@id\":\"https:\\\/\\\/infos-droitshumains.net\\\/#organization\"},\"potentialAction\":[{\"@type\":\"SearchAction\",\"target\":{\"@type\":\"EntryPoint\",\"urlTemplate\":\"https:\\\/\\\/infos-droitshumains.net\\\/?s={search_term_string}\"},\"query-input\":{\"@type\":\"PropertyValueSpecification\",\"valueRequired\":true,\"valueName\":\"search_term_string\"}}],\"inLanguage\":\"fr-FR\"},{\"@type\":\"Organization\",\"@id\":\"https:\\\/\\\/infos-droitshumains.net\\\/#organization\",\"name\":\"Infos Droits Humains\",\"url\":\"https:\\\/\\\/infos-droitshumains.net\\\/\",\"logo\":{\"@type\":\"ImageObject\",\"inLanguage\":\"fr-FR\",\"@id\":\"https:\\\/\\\/infos-droitshumains.net\\\/#\\\/schema\\\/logo\\\/image\\\/\",\"url\":\"https:\\\/\\\/i0.wp.com\\\/infos-droitshumains.net\\\/wp-content\\\/uploads\\\/2022\\\/05\\\/Logo.png?fit=333%2C129&ssl=1\",\"contentUrl\":\"https:\\\/\\\/i0.wp.com\\\/infos-droitshumains.net\\\/wp-content\\\/uploads\\\/2022\\\/05\\\/Logo.png?fit=333%2C129&ssl=1\",\"width\":333,\"height\":129,\"caption\":\"Infos Droits Humains\"},\"image\":{\"@id\":\"https:\\\/\\\/infos-droitshumains.net\\\/#\\\/schema\\\/logo\\\/image\\\/\"}},{\"@type\":\"Person\",\"@id\":\"https:\\\/\\\/infos-droitshumains.net\\\/#\\\/schema\\\/person\\\/3dc5e921c3302172e0ed4362f96faab7\",\"name\":\"Jo\u00ebl Diawa\",\"image\":{\"@type\":\"ImageObject\",\"inLanguage\":\"fr-FR\",\"@id\":\"https:\\\/\\\/secure.gravatar.com\\\/avatar\\\/729bea6ff4604c624417803c477363be8e3c7186deaa65713313f9b4b820f41c?s=96&d=mm&r=g\",\"url\":\"https:\\\/\\\/secure.gravatar.com\\\/avatar\\\/729bea6ff4604c624417803c477363be8e3c7186deaa65713313f9b4b820f41c?s=96&d=mm&r=g\",\"contentUrl\":\"https:\\\/\\\/secure.gravatar.com\\\/avatar\\\/729bea6ff4604c624417803c477363be8e3c7186deaa65713313f9b4b820f41c?s=96&d=mm&r=g\",\"caption\":\"Jo\u00ebl Diawa\"},\"sameAs\":[\"https:\\\/\\\/www.infos-droitshumains.net\"],\"url\":\"https:\\\/\\\/infos-droitshumains.net\\\/?author=2\"}]}<\/script>\n<!-- \/ Yoast SEO plugin. -->","yoast_head_json":{"title":"Application de la loi relative au r\u00e9gime p\u00e9nitentiaire du 15 juin 2023: l'AUDF et ses partenaires s'engagent pour lutter contre les d\u00e9tentions irr\u00e9guli\u00e8res et le respect des droits des d\u00e9tenus - Infos Droits Humains","robots":{"index":"index","follow":"follow","max-snippet":"max-snippet:-1","max-image-preview":"max-image-preview:large","max-video-preview":"max-video-preview:-1"},"canonical":"https:\/\/infos-droitshumains.net\/?p=8696","og_locale":"fr_FR","og_type":"article","og_title":"Application de la loi relative au r\u00e9gime p\u00e9nitentiaire du 15 juin 2023: l'AUDF et ses partenaires s'engagent pour lutter contre les d\u00e9tentions irr\u00e9guli\u00e8res et le respect des droits des d\u00e9tenus - Infos Droits Humains","og_description":"R\u00e9daction:+243817406088 Dans l&rsquo;optique de mettre fin aux d\u00e9tentions irr\u00e9guli\u00e8res dans les milieux carc\u00e9raux en R\u00e9publique...","og_url":"https:\/\/infos-droitshumains.net\/?p=8696","og_site_name":"Infos Droits Humains","article_published_time":"2023-12-16T11:18:28+00:00","article_modified_time":"2023-12-16T11:18:32+00:00","og_image":[{"width":1024,"height":768,"url":"https:\/\/infos-droitshumains.net\/wp-content\/uploads\/2023\/12\/IMG-20231216-WA0028.jpg","type":"image\/jpeg"}],"author":"Jo\u00ebl Diawa","twitter_card":"summary_large_image","twitter_misc":{"\u00c9crit par":"Jo\u00ebl Diawa","Dur\u00e9e de lecture estim\u00e9e":"4 minutes"},"schema":{"@context":"https:\/\/schema.org","@graph":[{"@type":"Article","@id":"https:\/\/infos-droitshumains.net\/?p=8696#article","isPartOf":{"@id":"https:\/\/infos-droitshumains.net\/?p=8696"},"author":{"name":"Jo\u00ebl Diawa","@id":"https:\/\/infos-droitshumains.net\/#\/schema\/person\/3dc5e921c3302172e0ed4362f96faab7"},"headline":"Application de la loi relative au r\u00e9gime p\u00e9nitentiaire du 15 juin 2023: l&rsquo;AUDF et ses partenaires s&rsquo;engagent pour lutter contre les d\u00e9tentions irr\u00e9guli\u00e8res et le respect des droits des d\u00e9tenus","datePublished":"2023-12-16T11:18:28+00:00","dateModified":"2023-12-16T11:18:32+00:00","mainEntityOfPage":{"@id":"https:\/\/infos-droitshumains.net\/?p=8696"},"wordCount":599,"commentCount":0,"publisher":{"@id":"https:\/\/infos-droitshumains.net\/#organization"},"image":{"@id":"https:\/\/infos-droitshumains.net\/?p=8696#primaryimage"},"thumbnailUrl":"https:\/\/i0.wp.com\/infos-droitshumains.net\/wp-content\/uploads\/2023\/12\/IMG-20231216-WA0028.jpg?fit=1024%2C768&ssl=1","articleSection":["Droits Humains"],"inLanguage":"fr-FR","potentialAction":[{"@type":"CommentAction","name":"Comment","target":["https:\/\/infos-droitshumains.net\/?p=8696#respond"]}]},{"@type":"WebPage","@id":"https:\/\/infos-droitshumains.net\/?p=8696","url":"https:\/\/infos-droitshumains.net\/?p=8696","name":"Application de la loi relative au r\u00e9gime p\u00e9nitentiaire du 15 juin 2023: l'AUDF et ses partenaires s'engagent pour lutter contre les d\u00e9tentions irr\u00e9guli\u00e8res et le respect des droits des d\u00e9tenus - Infos Droits Humains","isPartOf":{"@id":"https:\/\/infos-droitshumains.net\/#website"},"primaryImageOfPage":{"@id":"https:\/\/infos-droitshumains.net\/?p=8696#primaryimage"},"image":{"@id":"https:\/\/infos-droitshumains.net\/?p=8696#primaryimage"},"thumbnailUrl":"https:\/\/i0.wp.com\/infos-droitshumains.net\/wp-content\/uploads\/2023\/12\/IMG-20231216-WA0028.jpg?fit=1024%2C768&ssl=1","datePublished":"2023-12-16T11:18:28+00:00","dateModified":"2023-12-16T11:18:32+00:00","breadcrumb":{"@id":"https:\/\/infos-droitshumains.net\/?p=8696#breadcrumb"},"inLanguage":"fr-FR","potentialAction":[{"@type":"ReadAction","target":["https:\/\/infos-droitshumains.net\/?p=8696"]}]},{"@type":"ImageObject","inLanguage":"fr-FR","@id":"https:\/\/infos-droitshumains.net\/?p=8696#primaryimage","url":"https:\/\/i0.wp.com\/infos-droitshumains.net\/wp-content\/uploads\/2023\/12\/IMG-20231216-WA0028.jpg?fit=1024%2C768&ssl=1","contentUrl":"https:\/\/i0.wp.com\/infos-droitshumains.net\/wp-content\/uploads\/2023\/12\/IMG-20231216-WA0028.jpg?fit=1024%2C768&ssl=1","width":1024,"height":768},{"@type":"BreadcrumbList","@id":"https:\/\/infos-droitshumains.net\/?p=8696#breadcrumb","itemListElement":[{"@type":"ListItem","position":1,"name":"Accueil","item":"https:\/\/infos-droitshumains.net\/"},{"@type":"ListItem","position":2,"name":"Application de la loi relative au r\u00e9gime p\u00e9nitentiaire du 15 juin 2023: l&rsquo;AUDF et ses partenaires s&rsquo;engagent pour lutter contre les d\u00e9tentions irr\u00e9guli\u00e8res et le respect des droits des d\u00e9tenus"}]},{"@type":"WebSite","@id":"https:\/\/infos-droitshumains.net\/#website","url":"https:\/\/infos-droitshumains.net\/","name":"Infos Droits Humains","description":"S&#039;informer est un droit","publisher":{"@id":"https:\/\/infos-droitshumains.net\/#organization"},"potentialAction":[{"@type":"SearchAction","target":{"@type":"EntryPoint","urlTemplate":"https:\/\/infos-droitshumains.net\/?s={search_term_string}"},"query-input":{"@type":"PropertyValueSpecification","valueRequired":true,"valueName":"search_term_string"}}],"inLanguage":"fr-FR"},{"@type":"Organization","@id":"https:\/\/infos-droitshumains.net\/#organization","name":"Infos Droits Humains","url":"https:\/\/infos-droitshumains.net\/","logo":{"@type":"ImageObject","inLanguage":"fr-FR","@id":"https:\/\/infos-droitshumains.net\/#\/schema\/logo\/image\/","url":"https:\/\/i0.wp.com\/infos-droitshumains.net\/wp-content\/uploads\/2022\/05\/Logo.png?fit=333%2C129&ssl=1","contentUrl":"https:\/\/i0.wp.com\/infos-droitshumains.net\/wp-content\/uploads\/2022\/05\/Logo.png?fit=333%2C129&ssl=1","width":333,"height":129,"caption":"Infos Droits Humains"},"image":{"@id":"https:\/\/infos-droitshumains.net\/#\/schema\/logo\/image\/"}},{"@type":"Person","@id":"https:\/\/infos-droitshumains.net\/#\/schema\/person\/3dc5e921c3302172e0ed4362f96faab7","name":"Jo\u00ebl Diawa","image":{"@type":"ImageObject","inLanguage":"fr-FR","@id":"https:\/\/secure.gravatar.com\/avatar\/729bea6ff4604c624417803c477363be8e3c7186deaa65713313f9b4b820f41c?s=96&d=mm&r=g","url":"https:\/\/secure.gravatar.com\/avatar\/729bea6ff4604c624417803c477363be8e3c7186deaa65713313f9b4b820f41c?s=96&d=mm&r=g","contentUrl":"https:\/\/secure.gravatar.com\/avatar\/729bea6ff4604c624417803c477363be8e3c7186deaa65713313f9b4b820f41c?s=96&d=mm&r=g","caption":"Jo\u00ebl Diawa"},"sameAs":["https:\/\/www.infos-droitshumains.net"],"url":"https:\/\/infos-droitshumains.net\/?author=2"}]}},"featured_image_urls":{"full":["https:\/\/i0.wp.com\/infos-droitshumains.net\/wp-content\/uploads\/2023\/12\/IMG-20231216-WA0028.jpg?fit=1024%2C768&ssl=1",1024,768,false],"thumbnail":["https:\/\/i0.wp.com\/infos-droitshumains.net\/wp-content\/uploads\/2023\/12\/IMG-20231216-WA0028.jpg?resize=150%2C150&ssl=1",150,150,true],"medium":["https:\/\/i0.wp.com\/infos-droitshumains.net\/wp-content\/uploads\/2023\/12\/IMG-20231216-WA0028.jpg?fit=300%2C225&ssl=1",300,225,true],"medium_large":["https:\/\/i0.wp.com\/infos-droitshumains.net\/wp-content\/uploads\/2023\/12\/IMG-20231216-WA0028.jpg?fit=640%2C480&ssl=1",640,480,true],"large":["https:\/\/i0.wp.com\/infos-droitshumains.net\/wp-content\/uploads\/2023\/12\/IMG-20231216-WA0028.jpg?fit=640%2C480&ssl=1",640,480,true],"1536x1536":["https:\/\/i0.wp.com\/infos-droitshumains.net\/wp-content\/uploads\/2023\/12\/IMG-20231216-WA0028.jpg?fit=1024%2C768&ssl=1",1024,768,true],"2048x2048":["https:\/\/i0.wp.com\/infos-droitshumains.net\/wp-content\/uploads\/2023\/12\/IMG-20231216-WA0028.jpg?fit=1024%2C768&ssl=1",1024,768,true],"covernews-slider-full":["https:\/\/i0.wp.com\/infos-droitshumains.net\/wp-content\/uploads\/2023\/12\/IMG-20231216-WA0028.jpg?resize=1024%2C715&ssl=1",1024,715,true],"covernews-slider-center":["https:\/\/i0.wp.com\/infos-droitshumains.net\/wp-content\/uploads\/2023\/12\/IMG-20231216-WA0028.jpg?resize=800%2C500&ssl=1",800,500,true],"covernews-featured":["https:\/\/i0.wp.com\/infos-droitshumains.net\/wp-content\/uploads\/2023\/12\/IMG-20231216-WA0028.jpg?fit=1024%2C768&ssl=1",1024,768,true],"covernews-medium":["https:\/\/i0.wp.com\/infos-droitshumains.net\/wp-content\/uploads\/2023\/12\/IMG-20231216-WA0028.jpg?resize=540%2C340&ssl=1",540,340,true],"covernews-medium-square":["https:\/\/i0.wp.com\/infos-droitshumains.net\/wp-content\/uploads\/2023\/12\/IMG-20231216-WA0028.jpg?resize=400%2C250&ssl=1",400,250,true]},"author_info":{"display_name":"Jo\u00ebl Diawa","author_link":"https:\/\/infos-droitshumains.net\/?author=2"},"category_info":"<a href=\"https:\/\/infos-droitshumains.net\/?cat=7\" rel=\"category\">Droits Humains<\/a>","tag_info":"Droits Humains","comment_count":"0","jetpack_featured_media_url":"https:\/\/i0.wp.com\/infos-droitshumains.net\/wp-content\/uploads\/2023\/12\/IMG-20231216-WA0028.jpg?fit=1024%2C768&ssl=1","jetpack-related-posts":[],"jetpack_sharing_enabled":true,"_links":{"self":[{"href":"https:\/\/infos-droitshumains.net\/index.php?rest_route=\/wp\/v2\/posts\/8696","targetHints":{"allow":["GET"]}}],"collection":[{"href":"https:\/\/infos-droitshumains.net\/index.php?rest_route=\/wp\/v2\/posts"}],"about":[{"href":"https:\/\/infos-droitshumains.net\/index.php?rest_route=\/wp\/v2\/types\/post"}],"author":[{"embeddable":true,"href":"https:\/\/infos-droitshumains.net\/index.php?rest_route=\/wp\/v2\/users\/2"}],"replies":[{"embeddable":true,"href":"https:\/\/infos-droitshumains.net\/index.php?rest_route=%2Fwp%2Fv2%2Fcomments&post=8696"}],"version-history":[{"count":1,"href":"https:\/\/infos-droitshumains.net\/index.php?rest_route=\/wp\/v2\/posts\/8696\/revisions"}],"predecessor-version":[{"id":8702,"href":"https:\/\/infos-droitshumains.net\/index.php?rest_route=\/wp\/v2\/posts\/8696\/revisions\/8702"}],"wp:featuredmedia":[{"embeddable":true,"href":"https:\/\/infos-droitshumains.net\/index.php?rest_route=\/wp\/v2\/media\/8697"}],"wp:attachment":[{"href":"https:\/\/infos-droitshumains.net\/index.php?rest_route=%2Fwp%2Fv2%2Fmedia&parent=8696"}],"wp:term":[{"taxonomy":"category","embeddable":true,"href":"https:\/\/infos-droitshumains.net\/index.php?rest_route=%2Fwp%2Fv2%2Fcategories&post=8696"},{"taxonomy":"post_tag","embeddable":true,"href":"https:\/\/infos-droitshumains.net\/index.php?rest_route=%2Fwp%2Fv2%2Ftags&post=8696"}],"curies":[{"name":"wp","href":"https:\/\/api.w.org\/{rel}","templated":true}]}}