{"id":8684,"date":"2023-12-16T09:14:09","date_gmt":"2023-12-16T08:14:09","guid":{"rendered":"https:\/\/infos-droitshumains.net\/?p=8684"},"modified":"2023-12-16T10:01:10","modified_gmt":"2023-12-16T09:01:10","slug":"rdc-les-candidats-aux-legislatives-nont-toujours-pas-recu-largent-de-campagne","status":"publish","type":"post","link":"https:\/\/infos-droitshumains.net\/?p=8684","title":{"rendered":"Election en RDC\u00a0: Les candidats aux l\u00e9gislatives n\u2019ont toujours pas re\u00e7u les frais pour le financement de campagnes"},"content":{"rendered":"\n<p><strong>R\u00e9daction:+243817406088<\/strong><\/p>\n\n\n\n<h4 class=\"wp-block-heading has-vivid-red-color has-text-color has-link-color wp-elements-d689ef8f5f913b9a13fc21e1fd4a04cf\">La campagne \u00e9lectorale se cl\u00f4ture ce lundi 18 d\u00e9cembre \u00e0 00h00 sur toute l\u2019\u00e9tendue de la R\u00e9publique. Si \u00e0 la pr\u00e9sidentielle, les candidats comme F\u00e9lix Tshisekedi, Martin Fauyulu ou Mo\u00efse Katumbi se sont d\u00e9tach\u00e9s en terme de visibilit\u00e9 en couvrant pas moins de 50% des grandes villes de du pays, il en \u00e9tait pas le cas pour les autres comme par exemple No\u00ebl Tshiani, qui ont pr\u00e9f\u00e9rer pr\u00e9server leurs maigres moyens estimant que les 100.000 USD d\u00e9j\u00e0 d\u00e9pens\u00e9s pour la caution \u00e9taient trop exorbitant.<\/h4>\n\n\n\n<p>A deux jours de la cl\u00f4ture de la campagne \u00e9lectorale, cette disparit\u00e9 des forces sur terrain est presque similaire aux l\u00e9gislatives nationales, provinciales et au niveau local.<\/p>\n\n\n\n<p>Certains candidats n\u2019ont m\u00eame pas encore lanc\u00e9 leurs campagnes \u00e9lectorales faute des moyens. Ils attendent d\u00e9sesp\u00e9r\u00e9ment le financement de leurs partis et\/ou regroupements pour se lancer dans le sprint final.<\/p>\n\n\n\n<p><em>\u00ab&nbsp;Jusqu\u2019\u00e0 pr\u00e9sent, le parti ne nous a rien donn\u00e9, on ne sait pas ou commencer et ou terminer&nbsp;\u00bb<\/em>, nous a confi\u00e9 un candidat d\u00e9put\u00e9 national de la circonscription de la Lukunga, membre de l\u2019Union Sacr\u00e9e. \u00ab&nbsp;Moi je me bats avec mes maigres moyens car, attendre l\u2019argent de notre risque de me faire perdre inutilement du temps&nbsp;\u00bb, a rench\u00e9ri un candidat \u00e0 Funa. <em>\u00ab&nbsp;On se bat comme \u00e7a, mais il y a plusieurs r\u00e9alit\u00e9s dedans. On nous dit seulement, soyez calme, battez-vous avec le peu de forces que vous avez&nbsp;\u00bb<\/em>, nous a confi\u00e9 un candidat au Mont-Amba<\/p>\n\n\n\n<p><strong><em>Les caciques point\u00e9s du doigt&nbsp;!<\/em><\/strong><\/p>\n\n\n\n<p>Certains par ailleurs, indexent les dirigeants de leurs partis. <em>\u00ab\u00a0Les vieux briscards ont d\u00e9cid\u00e9 de se servir eux-m\u00eames et leurs proches au d\u00e9pend de nous. Ils sont ministres en fonction, d\u00e9put\u00e9s, mandataires publics, ils se sont d\u00e9j\u00e0 servi l\u00e0-bas, ils viennent encore s\u2019accaparer de ce qu\u2019ils auraient d\u00fb nous donner, ils sont m\u00e9chants et \u00e9go\u00efstes\u00a0\u00bb<\/em>, a d\u00e9nonc\u00e9 un candidat d\u00e9put\u00e9 provincial \u00e0 Lemba.<\/p>\n\n\n\n<p><em>\u00ab\u00a0Il y a le financement qui se fait \u00e0 l\u2019informel. Tel qu\u2019\u00e0 l\u2019ACP, le financement tient compte de l\u2019influence du candidat au sein du parti, donc, si vous \u00eates moins influant, vous ne b\u00e9n\u00e9ficiez pas de l\u2019enveloppe, si vous n\u2019\u00eates pas non plus proche des autorit\u00e9s du parti, vous \u00eates abandonnez \u00e0 votre triste sort\u00a0\u00bb<\/em>, rapporte Me. Victor Ebenya Molongi, coordonnateur de l\u2019Asbl Droit Plus.<\/p>\n\n\n\n<p>Cette situation ne pr\u00e9vaut pas seulement au sein de l\u2019Union Sacr\u00e9e&nbsp;; les candidats de l\u2019opposition vivent \u00e9galement le m\u00eame calvaire. A la question de savoir s\u2019il a re\u00e7u le financement, <em>\u00ab&nbsp;Jusque l\u00e0, le regroupement ne nous pas encore donn\u00e9 des moyens pour la campagne, on se sait quoi faire&nbsp;\u00bb<\/em>, nous a r\u00e9pondu un candidat membre du regroupement Alternance, proche de Mo\u00efse Katumbi. <em>\u00ab&nbsp;Moi je me bas seul&nbsp;\u00bb<\/em>, a bri\u00e8vement indiqu\u00e9 un candidat du Nouvel \u00c9lan.<\/p>\n\n\n\n<p>Face \u00e0 ce dilemme, d\u2019autres candidats a qui certains partis \u00ab&nbsp;mallettes&nbsp;\u00bb ont vendu du vent, ont carr\u00e9ment d\u00e9cid\u00e9 d\u2019abandonner les ambitions.<\/p>\n\n\n\n<p><em>\u00ab&nbsp;Moi je ne voulais m\u00eame pas postuler, c\u2019est mon amis qui m\u2019avait dit que leur parti \u00e9tait \u00e0 la recherche des candidats d\u00e9put\u00e9s nationaux et provinciaux. On nous a fait croire que le Pr\u00e9sident de notre parti avait des entr\u00e9es faciles \u00e0 la pr\u00e9sidence, c\u2019est un &nbsp;parti sur lequel le Chef de l\u2019\u00c9tat comptait beaucoup et qu\u2019on allait prendra en charge et la caution, et notre campagne. Maintenant, ni le Pr\u00e9sident, moins encore le SG, personne ne nous d\u00e9croche t\u00e9l\u00e9phone&nbsp;\u00bb<\/em>, a d\u00e9nonc\u00e9 le membre d\u2019un parti de l\u2019Union Sacr\u00e9e, candidat d\u00e9put\u00e9 national \u00e0 Tshangu.<\/p>\n\n\n\n<p><strong><em>Une tenue hypoth\u00e9tique des \u00e9lections&nbsp;?<\/em><\/strong><\/p>\n\n\n\n<p>Cette situation peut se justifier par le scepticisme qu\u2019avaient certaines personnes quant \u00e0 la tenue des \u00e9lections ce 20 d\u00e9cembre au regard de toutes les situations ayant caract\u00e9ris\u00e9es le processus. <em>\u00ab&nbsp;Beaucoup doutaient de la tenue des \u00e9lections&nbsp;; alors on disait si on donnait de l\u2019argent aux candidats, c\u2019est comme si on le jetait par la fen\u00eatre&nbsp;\u00bb<\/em>, confie le mandataire d\u2019un regroupement politique.<\/p>\n\n\n\n<p>Selon les autres, l\u2019argent d\u00e9pens\u00e9 pour la caution a vid\u00e9 toutes les caisses des partis et regroupements politiques. <em>\u00ab\u00a0Avant le seuil, il y a des partis qui ne pouvaient aligner que 20 candidats, mais aujourd\u2019hui, vous \u00eates oblig\u00e9s d\u2019en avoir 300 ou 500\u00a0; et payer la caution pour tous ces candidats n\u2019est pas facile. C\u2019est ce qui justifie aujourd\u2019hui que le fait que les caisses des partis et regroupements soient vid\u00e9es\u00a0\u00bb,<\/em> a-t-il poursuivi.<\/p>\n\n\n\n<p><em>\u00ab\u00a0Avec la probl\u00e9matique de seuil, les partis ont d\u00fb recourir \u00e0 n\u2019importe qui porte atteindre le seuil de recevabilit\u00e9, il y a des gens qui n\u2019ont pas un poids politique, mais appel\u00e9s seulement pour le besoin de la cause. Maintenant, ils h\u00e9sitent \u00e0 leur financer\u00bb<\/em>, analyse Me. Victor Ebenya, coordonnateur de l\u2019Asbl Droit Plus.<\/p>\n\n\n\n<p><strong><em>L\u2019exp\u00e9rience rend-il sage&nbsp;?<\/em><\/strong><\/p>\n\n\n\n<p>Outre le doute qui a plan\u00e9 au tour de la tenue des \u00e9lections, il y a \u00e9galement la jurisprudence qui peut justifier la position de leaders politiques \u00e0 ne pas financer leurs \u00e9tats-majors pour la campagne.<\/p>\n\n\n\n<p>Lors des cycles \u00e9lectoraux pr\u00e9c\u00e9dents, les partis et regroupements politiques ont pris soin de financer la campagne de leurs membres mais, certains candidats malins, sachant qu\u2019ils n\u2019avaient pas la chance d\u2019\u00eatre \u00e9lus, ont pr\u00e9f\u00e9r\u00e9 investir cet argent de campagne \u00e0 autre chose, au finish, des partis et regroupements se sont retrouv\u00e9s perdants.<\/p>\n\n\n\n<p>Les candidats qui ont battu campagne avec leurs propres moyens esp\u00e8rent en vain voir leurs moyens d\u00e9ploy\u00e9s \u00eatre rembours\u00e9s, mais il n\u2019y a qu\u2019une infime change que cela aboutisse.<\/p>\n\n\n\n<p>Jo\u00ebl Diawa<\/p>\n","protected":false},"excerpt":{"rendered":"<p>R\u00e9daction:+243817406088 La campagne \u00e9lectorale se cl\u00f4ture ce lundi 18 d\u00e9cembre \u00e0 00h00 sur toute l\u2019\u00e9tendue&#8230;<\/p>\n","protected":false},"author":2,"featured_media":8686,"comment_status":"open","ping_status":"open","sticky":false,"template":"","format":"standard","meta":{"_jetpack_memberships_contains_paid_content":false,"footnotes":""},"categories":[3],"tags":[],"class_list":["post-8684","post","type-post","status-publish","format-standard","has-post-thumbnail","hentry","category-politique"],"yoast_head":"<!-- This site is optimized with the Yoast SEO plugin v27.5 - https:\/\/yoast.com\/product\/yoast-seo-wordpress\/ -->\n<title>Election en RDC\u00a0: Les candidats aux l\u00e9gislatives n\u2019ont toujours pas re\u00e7u les frais pour le financement de campagnes - Infos Droits Humains<\/title>\n<meta name=\"robots\" content=\"index, follow, max-snippet:-1, max-image-preview:large, max-video-preview:-1\" \/>\n<link rel=\"canonical\" href=\"https:\/\/infos-droitshumains.net\/?p=8684\" \/>\n<meta property=\"og:locale\" content=\"fr_FR\" \/>\n<meta property=\"og:type\" content=\"article\" \/>\n<meta property=\"og:title\" content=\"Election en RDC\u00a0: Les candidats aux l\u00e9gislatives n\u2019ont toujours pas re\u00e7u les frais pour le financement de campagnes - Infos Droits Humains\" \/>\n<meta property=\"og:description\" content=\"R\u00e9daction:+243817406088 La campagne \u00e9lectorale se cl\u00f4ture ce lundi 18 d\u00e9cembre \u00e0 00h00 sur toute l\u2019\u00e9tendue...\" \/>\n<meta property=\"og:url\" content=\"https:\/\/infos-droitshumains.net\/?p=8684\" \/>\n<meta property=\"og:site_name\" content=\"Infos Droits Humains\" \/>\n<meta property=\"article:published_time\" content=\"2023-12-16T08:14:09+00:00\" \/>\n<meta property=\"article:modified_time\" content=\"2023-12-16T09:01:10+00:00\" \/>\n<meta property=\"og:image\" content=\"https:\/\/infos-droitshumains.net\/wp-content\/uploads\/2023\/12\/images-15_1.jpeg\" \/>\n\t<meta property=\"og:image:width\" content=\"739\" \/>\n\t<meta property=\"og:image:height\" content=\"415\" \/>\n\t<meta property=\"og:image:type\" content=\"image\/jpeg\" \/>\n<meta name=\"author\" content=\"Jo\u00ebl Diawa\" \/>\n<meta name=\"twitter:card\" content=\"summary_large_image\" \/>\n<meta name=\"twitter:label1\" content=\"\u00c9crit par\" \/>\n\t<meta name=\"twitter:data1\" content=\"Jo\u00ebl Diawa\" \/>\n\t<meta name=\"twitter:label2\" content=\"Dur\u00e9e de lecture estim\u00e9e\" \/>\n\t<meta name=\"twitter:data2\" content=\"5 minutes\" \/>\n<script type=\"application\/ld+json\" class=\"yoast-schema-graph\">{\"@context\":\"https:\\\/\\\/schema.org\",\"@graph\":[{\"@type\":\"Article\",\"@id\":\"https:\\\/\\\/infos-droitshumains.net\\\/?p=8684#article\",\"isPartOf\":{\"@id\":\"https:\\\/\\\/infos-droitshumains.net\\\/?p=8684\"},\"author\":{\"name\":\"Jo\u00ebl Diawa\",\"@id\":\"https:\\\/\\\/infos-droitshumains.net\\\/#\\\/schema\\\/person\\\/3dc5e921c3302172e0ed4362f96faab7\"},\"headline\":\"Election en RDC\u00a0: Les candidats aux l\u00e9gislatives n\u2019ont toujours pas re\u00e7u les frais pour le financement de campagnes\",\"datePublished\":\"2023-12-16T08:14:09+00:00\",\"dateModified\":\"2023-12-16T09:01:10+00:00\",\"mainEntityOfPage\":{\"@id\":\"https:\\\/\\\/infos-droitshumains.net\\\/?p=8684\"},\"wordCount\":1029,\"commentCount\":0,\"publisher\":{\"@id\":\"https:\\\/\\\/infos-droitshumains.net\\\/#organization\"},\"image\":{\"@id\":\"https:\\\/\\\/infos-droitshumains.net\\\/?p=8684#primaryimage\"},\"thumbnailUrl\":\"https:\\\/\\\/i0.wp.com\\\/infos-droitshumains.net\\\/wp-content\\\/uploads\\\/2023\\\/12\\\/images-15_1.jpeg?fit=739%2C415&ssl=1\",\"articleSection\":[\"Politique\"],\"inLanguage\":\"fr-FR\",\"potentialAction\":[{\"@type\":\"CommentAction\",\"name\":\"Comment\",\"target\":[\"https:\\\/\\\/infos-droitshumains.net\\\/?p=8684#respond\"]}]},{\"@type\":\"WebPage\",\"@id\":\"https:\\\/\\\/infos-droitshumains.net\\\/?p=8684\",\"url\":\"https:\\\/\\\/infos-droitshumains.net\\\/?p=8684\",\"name\":\"Election en RDC\u00a0: Les candidats aux l\u00e9gislatives n\u2019ont toujours pas re\u00e7u les frais pour le financement de campagnes - Infos Droits Humains\",\"isPartOf\":{\"@id\":\"https:\\\/\\\/infos-droitshumains.net\\\/#website\"},\"primaryImageOfPage\":{\"@id\":\"https:\\\/\\\/infos-droitshumains.net\\\/?p=8684#primaryimage\"},\"image\":{\"@id\":\"https:\\\/\\\/infos-droitshumains.net\\\/?p=8684#primaryimage\"},\"thumbnailUrl\":\"https:\\\/\\\/i0.wp.com\\\/infos-droitshumains.net\\\/wp-content\\\/uploads\\\/2023\\\/12\\\/images-15_1.jpeg?fit=739%2C415&ssl=1\",\"datePublished\":\"2023-12-16T08:14:09+00:00\",\"dateModified\":\"2023-12-16T09:01:10+00:00\",\"breadcrumb\":{\"@id\":\"https:\\\/\\\/infos-droitshumains.net\\\/?p=8684#breadcrumb\"},\"inLanguage\":\"fr-FR\",\"potentialAction\":[{\"@type\":\"ReadAction\",\"target\":[\"https:\\\/\\\/infos-droitshumains.net\\\/?p=8684\"]}]},{\"@type\":\"ImageObject\",\"inLanguage\":\"fr-FR\",\"@id\":\"https:\\\/\\\/infos-droitshumains.net\\\/?p=8684#primaryimage\",\"url\":\"https:\\\/\\\/i0.wp.com\\\/infos-droitshumains.net\\\/wp-content\\\/uploads\\\/2023\\\/12\\\/images-15_1.jpeg?fit=739%2C415&ssl=1\",\"contentUrl\":\"https:\\\/\\\/i0.wp.com\\\/infos-droitshumains.net\\\/wp-content\\\/uploads\\\/2023\\\/12\\\/images-15_1.jpeg?fit=739%2C415&ssl=1\",\"width\":739,\"height\":415},{\"@type\":\"BreadcrumbList\",\"@id\":\"https:\\\/\\\/infos-droitshumains.net\\\/?p=8684#breadcrumb\",\"itemListElement\":[{\"@type\":\"ListItem\",\"position\":1,\"name\":\"Accueil\",\"item\":\"https:\\\/\\\/infos-droitshumains.net\\\/\"},{\"@type\":\"ListItem\",\"position\":2,\"name\":\"Election en RDC\u00a0: Les candidats aux l\u00e9gislatives n\u2019ont toujours pas re\u00e7u les frais pour le financement de campagnes\"}]},{\"@type\":\"WebSite\",\"@id\":\"https:\\\/\\\/infos-droitshumains.net\\\/#website\",\"url\":\"https:\\\/\\\/infos-droitshumains.net\\\/\",\"name\":\"Infos Droits Humains\",\"description\":\"S&#039;informer est un droit\",\"publisher\":{\"@id\":\"https:\\\/\\\/infos-droitshumains.net\\\/#organization\"},\"potentialAction\":[{\"@type\":\"SearchAction\",\"target\":{\"@type\":\"EntryPoint\",\"urlTemplate\":\"https:\\\/\\\/infos-droitshumains.net\\\/?s={search_term_string}\"},\"query-input\":{\"@type\":\"PropertyValueSpecification\",\"valueRequired\":true,\"valueName\":\"search_term_string\"}}],\"inLanguage\":\"fr-FR\"},{\"@type\":\"Organization\",\"@id\":\"https:\\\/\\\/infos-droitshumains.net\\\/#organization\",\"name\":\"Infos Droits Humains\",\"url\":\"https:\\\/\\\/infos-droitshumains.net\\\/\",\"logo\":{\"@type\":\"ImageObject\",\"inLanguage\":\"fr-FR\",\"@id\":\"https:\\\/\\\/infos-droitshumains.net\\\/#\\\/schema\\\/logo\\\/image\\\/\",\"url\":\"https:\\\/\\\/i0.wp.com\\\/infos-droitshumains.net\\\/wp-content\\\/uploads\\\/2022\\\/05\\\/Logo.png?fit=333%2C129&ssl=1\",\"contentUrl\":\"https:\\\/\\\/i0.wp.com\\\/infos-droitshumains.net\\\/wp-content\\\/uploads\\\/2022\\\/05\\\/Logo.png?fit=333%2C129&ssl=1\",\"width\":333,\"height\":129,\"caption\":\"Infos Droits Humains\"},\"image\":{\"@id\":\"https:\\\/\\\/infos-droitshumains.net\\\/#\\\/schema\\\/logo\\\/image\\\/\"}},{\"@type\":\"Person\",\"@id\":\"https:\\\/\\\/infos-droitshumains.net\\\/#\\\/schema\\\/person\\\/3dc5e921c3302172e0ed4362f96faab7\",\"name\":\"Jo\u00ebl Diawa\",\"image\":{\"@type\":\"ImageObject\",\"inLanguage\":\"fr-FR\",\"@id\":\"https:\\\/\\\/secure.gravatar.com\\\/avatar\\\/729bea6ff4604c624417803c477363be8e3c7186deaa65713313f9b4b820f41c?s=96&d=mm&r=g\",\"url\":\"https:\\\/\\\/secure.gravatar.com\\\/avatar\\\/729bea6ff4604c624417803c477363be8e3c7186deaa65713313f9b4b820f41c?s=96&d=mm&r=g\",\"contentUrl\":\"https:\\\/\\\/secure.gravatar.com\\\/avatar\\\/729bea6ff4604c624417803c477363be8e3c7186deaa65713313f9b4b820f41c?s=96&d=mm&r=g\",\"caption\":\"Jo\u00ebl Diawa\"},\"sameAs\":[\"https:\\\/\\\/www.infos-droitshumains.net\"],\"url\":\"https:\\\/\\\/infos-droitshumains.net\\\/?author=2\"}]}<\/script>\n<!-- \/ Yoast SEO plugin. -->","yoast_head_json":{"title":"Election en RDC\u00a0: Les candidats aux l\u00e9gislatives n\u2019ont toujours pas re\u00e7u les frais pour le financement de campagnes - Infos Droits Humains","robots":{"index":"index","follow":"follow","max-snippet":"max-snippet:-1","max-image-preview":"max-image-preview:large","max-video-preview":"max-video-preview:-1"},"canonical":"https:\/\/infos-droitshumains.net\/?p=8684","og_locale":"fr_FR","og_type":"article","og_title":"Election en RDC\u00a0: Les candidats aux l\u00e9gislatives n\u2019ont toujours pas re\u00e7u les frais pour le financement de campagnes - Infos Droits Humains","og_description":"R\u00e9daction:+243817406088 La campagne \u00e9lectorale se cl\u00f4ture ce lundi 18 d\u00e9cembre \u00e0 00h00 sur toute l\u2019\u00e9tendue...","og_url":"https:\/\/infos-droitshumains.net\/?p=8684","og_site_name":"Infos Droits Humains","article_published_time":"2023-12-16T08:14:09+00:00","article_modified_time":"2023-12-16T09:01:10+00:00","og_image":[{"width":739,"height":415,"url":"https:\/\/infos-droitshumains.net\/wp-content\/uploads\/2023\/12\/images-15_1.jpeg","type":"image\/jpeg"}],"author":"Jo\u00ebl Diawa","twitter_card":"summary_large_image","twitter_misc":{"\u00c9crit par":"Jo\u00ebl Diawa","Dur\u00e9e de lecture estim\u00e9e":"5 minutes"},"schema":{"@context":"https:\/\/schema.org","@graph":[{"@type":"Article","@id":"https:\/\/infos-droitshumains.net\/?p=8684#article","isPartOf":{"@id":"https:\/\/infos-droitshumains.net\/?p=8684"},"author":{"name":"Jo\u00ebl Diawa","@id":"https:\/\/infos-droitshumains.net\/#\/schema\/person\/3dc5e921c3302172e0ed4362f96faab7"},"headline":"Election en RDC\u00a0: Les candidats aux l\u00e9gislatives n\u2019ont toujours pas re\u00e7u les frais pour le financement de campagnes","datePublished":"2023-12-16T08:14:09+00:00","dateModified":"2023-12-16T09:01:10+00:00","mainEntityOfPage":{"@id":"https:\/\/infos-droitshumains.net\/?p=8684"},"wordCount":1029,"commentCount":0,"publisher":{"@id":"https:\/\/infos-droitshumains.net\/#organization"},"image":{"@id":"https:\/\/infos-droitshumains.net\/?p=8684#primaryimage"},"thumbnailUrl":"https:\/\/i0.wp.com\/infos-droitshumains.net\/wp-content\/uploads\/2023\/12\/images-15_1.jpeg?fit=739%2C415&ssl=1","articleSection":["Politique"],"inLanguage":"fr-FR","potentialAction":[{"@type":"CommentAction","name":"Comment","target":["https:\/\/infos-droitshumains.net\/?p=8684#respond"]}]},{"@type":"WebPage","@id":"https:\/\/infos-droitshumains.net\/?p=8684","url":"https:\/\/infos-droitshumains.net\/?p=8684","name":"Election en RDC\u00a0: Les candidats aux l\u00e9gislatives n\u2019ont toujours pas re\u00e7u les frais pour le financement de campagnes - Infos Droits Humains","isPartOf":{"@id":"https:\/\/infos-droitshumains.net\/#website"},"primaryImageOfPage":{"@id":"https:\/\/infos-droitshumains.net\/?p=8684#primaryimage"},"image":{"@id":"https:\/\/infos-droitshumains.net\/?p=8684#primaryimage"},"thumbnailUrl":"https:\/\/i0.wp.com\/infos-droitshumains.net\/wp-content\/uploads\/2023\/12\/images-15_1.jpeg?fit=739%2C415&ssl=1","datePublished":"2023-12-16T08:14:09+00:00","dateModified":"2023-12-16T09:01:10+00:00","breadcrumb":{"@id":"https:\/\/infos-droitshumains.net\/?p=8684#breadcrumb"},"inLanguage":"fr-FR","potentialAction":[{"@type":"ReadAction","target":["https:\/\/infos-droitshumains.net\/?p=8684"]}]},{"@type":"ImageObject","inLanguage":"fr-FR","@id":"https:\/\/infos-droitshumains.net\/?p=8684#primaryimage","url":"https:\/\/i0.wp.com\/infos-droitshumains.net\/wp-content\/uploads\/2023\/12\/images-15_1.jpeg?fit=739%2C415&ssl=1","contentUrl":"https:\/\/i0.wp.com\/infos-droitshumains.net\/wp-content\/uploads\/2023\/12\/images-15_1.jpeg?fit=739%2C415&ssl=1","width":739,"height":415},{"@type":"BreadcrumbList","@id":"https:\/\/infos-droitshumains.net\/?p=8684#breadcrumb","itemListElement":[{"@type":"ListItem","position":1,"name":"Accueil","item":"https:\/\/infos-droitshumains.net\/"},{"@type":"ListItem","position":2,"name":"Election en RDC\u00a0: Les candidats aux l\u00e9gislatives n\u2019ont toujours pas re\u00e7u les frais pour le financement de campagnes"}]},{"@type":"WebSite","@id":"https:\/\/infos-droitshumains.net\/#website","url":"https:\/\/infos-droitshumains.net\/","name":"Infos Droits Humains","description":"S&#039;informer est un droit","publisher":{"@id":"https:\/\/infos-droitshumains.net\/#organization"},"potentialAction":[{"@type":"SearchAction","target":{"@type":"EntryPoint","urlTemplate":"https:\/\/infos-droitshumains.net\/?s={search_term_string}"},"query-input":{"@type":"PropertyValueSpecification","valueRequired":true,"valueName":"search_term_string"}}],"inLanguage":"fr-FR"},{"@type":"Organization","@id":"https:\/\/infos-droitshumains.net\/#organization","name":"Infos Droits Humains","url":"https:\/\/infos-droitshumains.net\/","logo":{"@type":"ImageObject","inLanguage":"fr-FR","@id":"https:\/\/infos-droitshumains.net\/#\/schema\/logo\/image\/","url":"https:\/\/i0.wp.com\/infos-droitshumains.net\/wp-content\/uploads\/2022\/05\/Logo.png?fit=333%2C129&ssl=1","contentUrl":"https:\/\/i0.wp.com\/infos-droitshumains.net\/wp-content\/uploads\/2022\/05\/Logo.png?fit=333%2C129&ssl=1","width":333,"height":129,"caption":"Infos Droits Humains"},"image":{"@id":"https:\/\/infos-droitshumains.net\/#\/schema\/logo\/image\/"}},{"@type":"Person","@id":"https:\/\/infos-droitshumains.net\/#\/schema\/person\/3dc5e921c3302172e0ed4362f96faab7","name":"Jo\u00ebl Diawa","image":{"@type":"ImageObject","inLanguage":"fr-FR","@id":"https:\/\/secure.gravatar.com\/avatar\/729bea6ff4604c624417803c477363be8e3c7186deaa65713313f9b4b820f41c?s=96&d=mm&r=g","url":"https:\/\/secure.gravatar.com\/avatar\/729bea6ff4604c624417803c477363be8e3c7186deaa65713313f9b4b820f41c?s=96&d=mm&r=g","contentUrl":"https:\/\/secure.gravatar.com\/avatar\/729bea6ff4604c624417803c477363be8e3c7186deaa65713313f9b4b820f41c?s=96&d=mm&r=g","caption":"Jo\u00ebl Diawa"},"sameAs":["https:\/\/www.infos-droitshumains.net"],"url":"https:\/\/infos-droitshumains.net\/?author=2"}]}},"featured_image_urls":{"full":["https:\/\/i0.wp.com\/infos-droitshumains.net\/wp-content\/uploads\/2023\/12\/images-15_1.jpeg?fit=739%2C415&ssl=1",739,415,false],"thumbnail":["https:\/\/i0.wp.com\/infos-droitshumains.net\/wp-content\/uploads\/2023\/12\/images-15_1.jpeg?resize=150%2C150&ssl=1",150,150,true],"medium":["https:\/\/i0.wp.com\/infos-droitshumains.net\/wp-content\/uploads\/2023\/12\/images-15_1.jpeg?fit=300%2C168&ssl=1",300,168,true],"medium_large":["https:\/\/i0.wp.com\/infos-droitshumains.net\/wp-content\/uploads\/2023\/12\/images-15_1.jpeg?fit=640%2C359&ssl=1",640,359,true],"large":["https:\/\/i0.wp.com\/infos-droitshumains.net\/wp-content\/uploads\/2023\/12\/images-15_1.jpeg?fit=640%2C359&ssl=1",640,359,true],"1536x1536":["https:\/\/i0.wp.com\/infos-droitshumains.net\/wp-content\/uploads\/2023\/12\/images-15_1.jpeg?fit=739%2C415&ssl=1",739,415,true],"2048x2048":["https:\/\/i0.wp.com\/infos-droitshumains.net\/wp-content\/uploads\/2023\/12\/images-15_1.jpeg?fit=739%2C415&ssl=1",739,415,true],"covernews-slider-full":["https:\/\/i0.wp.com\/infos-droitshumains.net\/wp-content\/uploads\/2023\/12\/images-15_1.jpeg?resize=739%2C415&ssl=1",739,415,true],"covernews-slider-center":["https:\/\/i0.wp.com\/infos-droitshumains.net\/wp-content\/uploads\/2023\/12\/images-15_1.jpeg?resize=739%2C415&ssl=1",739,415,true],"covernews-featured":["https:\/\/i0.wp.com\/infos-droitshumains.net\/wp-content\/uploads\/2023\/12\/images-15_1.jpeg?fit=739%2C415&ssl=1",739,415,true],"covernews-medium":["https:\/\/i0.wp.com\/infos-droitshumains.net\/wp-content\/uploads\/2023\/12\/images-15_1.jpeg?resize=540%2C340&ssl=1",540,340,true],"covernews-medium-square":["https:\/\/i0.wp.com\/infos-droitshumains.net\/wp-content\/uploads\/2023\/12\/images-15_1.jpeg?resize=400%2C250&ssl=1",400,250,true]},"author_info":{"display_name":"Jo\u00ebl Diawa","author_link":"https:\/\/infos-droitshumains.net\/?author=2"},"category_info":"<a href=\"https:\/\/infos-droitshumains.net\/?cat=3\" rel=\"category\">Politique<\/a>","tag_info":"Politique","comment_count":"0","jetpack_featured_media_url":"https:\/\/i0.wp.com\/infos-droitshumains.net\/wp-content\/uploads\/2023\/12\/images-15_1.jpeg?fit=739%2C415&ssl=1","jetpack-related-posts":[],"jetpack_sharing_enabled":true,"_links":{"self":[{"href":"https:\/\/infos-droitshumains.net\/index.php?rest_route=\/wp\/v2\/posts\/8684","targetHints":{"allow":["GET"]}}],"collection":[{"href":"https:\/\/infos-droitshumains.net\/index.php?rest_route=\/wp\/v2\/posts"}],"about":[{"href":"https:\/\/infos-droitshumains.net\/index.php?rest_route=\/wp\/v2\/types\/post"}],"author":[{"embeddable":true,"href":"https:\/\/infos-droitshumains.net\/index.php?rest_route=\/wp\/v2\/users\/2"}],"replies":[{"embeddable":true,"href":"https:\/\/infos-droitshumains.net\/index.php?rest_route=%2Fwp%2Fv2%2Fcomments&post=8684"}],"version-history":[{"count":6,"href":"https:\/\/infos-droitshumains.net\/index.php?rest_route=\/wp\/v2\/posts\/8684\/revisions"}],"predecessor-version":[{"id":8695,"href":"https:\/\/infos-droitshumains.net\/index.php?rest_route=\/wp\/v2\/posts\/8684\/revisions\/8695"}],"wp:featuredmedia":[{"embeddable":true,"href":"https:\/\/infos-droitshumains.net\/index.php?rest_route=\/wp\/v2\/media\/8686"}],"wp:attachment":[{"href":"https:\/\/infos-droitshumains.net\/index.php?rest_route=%2Fwp%2Fv2%2Fmedia&parent=8684"}],"wp:term":[{"taxonomy":"category","embeddable":true,"href":"https:\/\/infos-droitshumains.net\/index.php?rest_route=%2Fwp%2Fv2%2Fcategories&post=8684"},{"taxonomy":"post_tag","embeddable":true,"href":"https:\/\/infos-droitshumains.net\/index.php?rest_route=%2Fwp%2Fv2%2Ftags&post=8684"}],"curies":[{"name":"wp","href":"https:\/\/api.w.org\/{rel}","templated":true}]}}