{"id":8493,"date":"2023-11-29T11:08:30","date_gmt":"2023-11-29T10:08:30","guid":{"rendered":"https:\/\/infos-droitshumains.net\/?p=8493"},"modified":"2023-11-29T12:06:24","modified_gmt":"2023-11-29T11:06:24","slug":"affaire-scpt-agemi-sarl-la-justice-congolaise-encore-une-fois-denoncee","status":"publish","type":"post","link":"https:\/\/infos-droitshumains.net\/?p=8493","title":{"rendered":"Affaire SCTP (ex ONATRA)-AGEMI sarl\u00a0: La justice congolaise encore une fois d\u00e9nonc\u00e9e"},"content":{"rendered":"\n<p><strong>R\u00e9daction :+243817406088<\/strong><\/p>\n\n\n\n<h4 class=\"wp-block-heading has-vivid-red-color has-text-color has-link-color wp-elements-4dc23f05fb1e33189dc36c2460017ad0\">Alors que le Chef de l\u2019Etat <strong>Felix-Antoine Tshisekedi Tshilombo<\/strong> ne m\u00e9nage aucun effort pour le redressement des entreprises du Portefeuille de l\u2019Etat, plusieurs groupes d\u2019individus consid\u00e8rent qu\u2019il faut plut\u00f4t saigner le patrimoine de ces entreprises qu\u2019ils consid\u00e8rent comme <strong><em>\u00ab\u00a0bien sans ma\u00eetre<\/em><\/strong>\u00a0<strong>\u00bb<\/strong> et n\u2019h\u00e9sitent pas \u00e0 trouver des appuis au sein m\u00eame des institutions de l\u2019Etat, particuli\u00e8rement dans l\u2019appareil judiciaire congolais. C\u2019est le cas de la n\u00e9buleuse affaire qui oppose la Soci\u00e9t\u00e9 Agence Mboyo Ilombe Sarl, AGEMI sarl contre la Soci\u00e9t\u00e9 Commerciale des Transports et des Ports, SCTP S.A (ex ONATRA) actuellement pendante sous RMUA 044 et 045 devant la Cour d\u2019Appel du Kongo Central.<\/h4>\n\n\n\n<p>Tenez\u00a0: pour une r\u00e9clamation \u00e0 l\u2019origine de la somme de 218.500 USD suivant le jugement sous RCE 0015 du Tribunal de Commerce de Matadi, au titre de manque \u00e0 gagner r\u00e9sultant de la non confirmation de la commande de 6.000 tonnes de ciment par la SCTP, cette somme a \u00e9t\u00e9 multipli\u00e9e par 16 aux termes de l\u2019arr\u00eat rendu neuf mois apr\u00e8s par la Cour d\u2019Appel de Matadi sous RCEA 013, soit \u00e0 la somme de 3.417.000 USD au profit de la soci\u00e9t\u00e9 AGEMI.<\/p>\n\n\n\n<figure class=\"wp-block-image alignfull size-large\"><img data-recalc-dims=\"1\" fetchpriority=\"high\" decoding=\"async\" width=\"640\" height=\"853\" src=\"https:\/\/i0.wp.com\/infos-droitshumains.net\/wp-content\/uploads\/2023\/11\/IMG-20231128-WA0096.jpg?resize=640%2C853&#038;ssl=1\" alt=\"\" class=\"wp-image-8498\" srcset=\"https:\/\/i0.wp.com\/infos-droitshumains.net\/wp-content\/uploads\/2023\/11\/IMG-20231128-WA0096.jpg?resize=768%2C1024&amp;ssl=1 768w, https:\/\/i0.wp.com\/infos-droitshumains.net\/wp-content\/uploads\/2023\/11\/IMG-20231128-WA0096.jpg?resize=225%2C300&amp;ssl=1 225w, https:\/\/i0.wp.com\/infos-droitshumains.net\/wp-content\/uploads\/2023\/11\/IMG-20231128-WA0096.jpg?w=960&amp;ssl=1 960w\" sizes=\"(max-width: 640px) 100vw, 640px\" \/><\/figure>\n\n\n\n<p>Aux termes du proc\u00e8s-verbal du 26 novembre 2015 entre parties, celles-ci ont convenu que l\u2019ONATRA paye la somme de 2.500.000 USD \u00e0 la soci\u00e9t\u00e9 AGEMI pour clore leur litige.<\/p>\n\n\n\n<figure class=\"wp-block-image alignfull size-large\"><img data-recalc-dims=\"1\" decoding=\"async\" width=\"640\" height=\"853\" src=\"https:\/\/i0.wp.com\/infos-droitshumains.net\/wp-content\/uploads\/2023\/11\/IMG-20231128-WA0088.jpg?resize=640%2C853&#038;ssl=1\" alt=\"\" class=\"wp-image-8501\" srcset=\"https:\/\/i0.wp.com\/infos-droitshumains.net\/wp-content\/uploads\/2023\/11\/IMG-20231128-WA0088.jpg?resize=768%2C1024&amp;ssl=1 768w, https:\/\/i0.wp.com\/infos-droitshumains.net\/wp-content\/uploads\/2023\/11\/IMG-20231128-WA0088.jpg?resize=225%2C300&amp;ssl=1 225w, https:\/\/i0.wp.com\/infos-droitshumains.net\/wp-content\/uploads\/2023\/11\/IMG-20231128-WA0088.jpg?w=960&amp;ssl=1 960w\" sizes=\"(max-width: 640px) 100vw, 640px\" \/><\/figure>\n\n\n\n<p>Par ordre de virement du 03 d\u00e9cembre 2015, soit une semaine apr\u00e8s l\u2019accord susdit, l\u2019ONATRA a pay\u00e9 \u00e0 la soci\u00e9t\u00e9 AGEMI la somme de 2.500.000 USD.<\/p>\n\n\n\n<figure class=\"wp-block-image alignfull size-large\"><img data-recalc-dims=\"1\" decoding=\"async\" width=\"640\" height=\"853\" src=\"https:\/\/i0.wp.com\/infos-droitshumains.net\/wp-content\/uploads\/2023\/11\/IMG-20231128-WA0091.jpg?resize=640%2C853&#038;ssl=1\" alt=\"\" class=\"wp-image-8503\" srcset=\"https:\/\/i0.wp.com\/infos-droitshumains.net\/wp-content\/uploads\/2023\/11\/IMG-20231128-WA0091.jpg?resize=768%2C1024&amp;ssl=1 768w, https:\/\/i0.wp.com\/infos-droitshumains.net\/wp-content\/uploads\/2023\/11\/IMG-20231128-WA0091.jpg?resize=225%2C300&amp;ssl=1 225w, https:\/\/i0.wp.com\/infos-droitshumains.net\/wp-content\/uploads\/2023\/11\/IMG-20231128-WA0091.jpg?w=960&amp;ssl=1 960w\" sizes=\"(max-width: 640px) 100vw, 640px\" \/><\/figure>\n\n\n\n<figure class=\"wp-block-image alignfull size-large\"><img data-recalc-dims=\"1\" loading=\"lazy\" decoding=\"async\" width=\"640\" height=\"853\" src=\"https:\/\/i0.wp.com\/infos-droitshumains.net\/wp-content\/uploads\/2023\/11\/IMG-20231128-WA0089.jpg?resize=640%2C853&#038;ssl=1\" alt=\"\" class=\"wp-image-8505\" srcset=\"https:\/\/i0.wp.com\/infos-droitshumains.net\/wp-content\/uploads\/2023\/11\/IMG-20231128-WA0089.jpg?resize=768%2C1024&amp;ssl=1 768w, https:\/\/i0.wp.com\/infos-droitshumains.net\/wp-content\/uploads\/2023\/11\/IMG-20231128-WA0089.jpg?resize=225%2C300&amp;ssl=1 225w, https:\/\/i0.wp.com\/infos-droitshumains.net\/wp-content\/uploads\/2023\/11\/IMG-20231128-WA0089.jpg?w=960&amp;ssl=1 960w\" sizes=\"(max-width: 640px) 100vw, 640px\" \/><\/figure>\n\n\n\n<p>Ayant appris que la somme vir\u00e9e sur son compte a \u00e9t\u00e9 retenue par son banquier pour couvrir ses engagements vis-\u00e0-vis de la BGFI BANK, AGEMI assigna \u00e0 nouveau la SCTP devant le Tribunal de Commerce de Kinshasa\/Gombe o\u00f9 elle obtint une nouvelle condamnation de cette soci\u00e9t\u00e9 du portefeuille de l\u2019Etat \u00e0 2.275.000 USD au motif que celle-ci devait plut\u00f4t payer la somme de 2.500.000 USD vir\u00e9e sur le compte AGEMI \u00e0 d\u2019autres personnes dont 1.800.000 USD \u00e0 Monsieur <strong>IFEFO ILOMBE Papy,<\/strong> membre de famille du G\u00e9rant statutaire de la soci\u00e9t\u00e9 AGENCE MBOYO ILOMBE.<\/p>\n\n\n\n<p>La particularit\u00e9 de la nouvelle condamnation est qu\u2019elle est assortie d\u2019une astreinte de 25.000 USD par jour de retard \u00e0 dater de l\u2019assignation.<\/p>\n\n\n\n<p>A ce jour, la soci\u00e9t\u00e9 <strong>AGEMI<\/strong> a per\u00e7u 5.250.000 USD aux d\u00e9pens de <strong>la SCTP S.A<\/strong> et poursuit le recouvrement de 61. 000.000. USD au titre de solde.<\/p>\n\n\n\n<p>Voici comment,&nbsp; par des d\u00e9cisions judiciaires inique, la soci\u00e9t\u00e9 <strong>AGEMI <\/strong>appartenant \u00e0 Mboyo Ilombe dit Pel\u00e9 Mongo a pu faire transformer 218.500 USD, du reste contest\u00e9s par, \u00e0 66.250.000 USD s\u2019il faut inclure les 5.250.000 USD d\u00e9j\u00e0 per\u00e7us, op\u00e9ration de multiplication par la justice congolaise, \u00e0 la mani\u00e8re de la multiplication de pains par le Seigneur J\u00e9sus-Christ.<\/p>\n\n\n\n<p>M\u00eame le passage du Chef de l\u2019Etat au sein de cette entreprise pour all\u00e9ger tant soit peu la souffrance des retrait\u00e9s de <strong>l\u2019ex ONATRA<\/strong> laisse indiff\u00e9rentes les personnes int\u00e9ress\u00e9es dans cette vaste op\u00e9ration.<\/p>\n\n\n\n<p>Aux derni\u00e8res nouvelles, le nouveau Premier Pr\u00e9sident de la Cour de Cassation qui a d\u00e9j\u00e0 re\u00e7u les dirigeants de ces deux soci\u00e9t\u00e9s est saisi de ce litige, pendant que <strong>AGEMI<\/strong> esp\u00e8re recevoir 12.000.000 USD de la soci\u00e9t\u00e9 MGT \u00e0 Matadi avec l\u2019aide de la justice, sans qu\u2019il ne soit \u00e9tabli que le montant susdit serait entre les mains du MGT.<\/p>\n\n\n\n<p>Esp\u00e9rant que le bon droit sera dit en rapport avec les questions de droit pos\u00e9es \u00e0 la Cour d\u2019Appel du Kongo Central, \u00e0 savoir la justification du montant de 12.000.000 USD saisi, le motif d\u2019annulation du nantissement des dividendes de la SCTP au profit de la Banque EQUITY BCDC tel qu\u2019inscrit au RCCM un mois avant la saisie, la mesure de suspension des poursuites individuelles ordonn\u00e9e par le Tribunal de Commerce de Kinshasa\/Gombe sur le patrimoine de La SCTP et la d\u00e9cision de suspension \u00e0 l\u2019ex\u00e9cution sur tierce-opposition de la R\u00e9publique D\u00e9mocratique du Congo form\u00e9e par Madame la Ministre de la Justice.<\/p>\n\n\n\n<p><strong>Affaire \u00e0 suivre\u2026<\/strong><\/p>\n\n\n\n<p>Merlin Kamalandua<\/p>\n","protected":false},"excerpt":{"rendered":"<p>R\u00e9daction :+243817406088 Alors que le Chef de l\u2019Etat Felix-Antoine Tshisekedi Tshilombo ne m\u00e9nage aucun effort&#8230;<\/p>\n","protected":false},"author":2,"featured_media":8495,"comment_status":"open","ping_status":"open","sticky":false,"template":"","format":"standard","meta":{"_jetpack_memberships_contains_paid_content":false,"footnotes":""},"categories":[6],"tags":[],"class_list":["post-8493","post","type-post","status-publish","format-standard","has-post-thumbnail","hentry","category-justice"],"yoast_head":"<!-- This site is optimized with the Yoast SEO plugin v27.5 - https:\/\/yoast.com\/product\/yoast-seo-wordpress\/ -->\n<title>Affaire SCTP (ex ONATRA)-AGEMI sarl\u00a0: La justice congolaise encore une fois d\u00e9nonc\u00e9e - Infos Droits Humains<\/title>\n<meta name=\"robots\" content=\"index, follow, max-snippet:-1, max-image-preview:large, max-video-preview:-1\" \/>\n<link rel=\"canonical\" href=\"https:\/\/infos-droitshumains.net\/?p=8493\" \/>\n<meta property=\"og:locale\" content=\"fr_FR\" \/>\n<meta property=\"og:type\" content=\"article\" \/>\n<meta property=\"og:title\" content=\"Affaire SCTP (ex ONATRA)-AGEMI sarl\u00a0: La justice congolaise encore une fois d\u00e9nonc\u00e9e - Infos Droits Humains\" \/>\n<meta property=\"og:description\" content=\"R\u00e9daction :+243817406088 Alors que le Chef de l\u2019Etat Felix-Antoine Tshisekedi Tshilombo ne m\u00e9nage aucun effort...\" \/>\n<meta property=\"og:url\" content=\"https:\/\/infos-droitshumains.net\/?p=8493\" \/>\n<meta property=\"og:site_name\" content=\"Infos Droits Humains\" \/>\n<meta property=\"article:published_time\" content=\"2023-11-29T10:08:30+00:00\" \/>\n<meta property=\"article:modified_time\" content=\"2023-11-29T11:06:24+00:00\" \/>\n<meta property=\"og:image\" content=\"https:\/\/infos-droitshumains.net\/wp-content\/uploads\/2023\/11\/images-24_1.jpeg\" \/>\n\t<meta property=\"og:image:width\" content=\"620\" \/>\n\t<meta property=\"og:image:height\" content=\"400\" \/>\n\t<meta property=\"og:image:type\" content=\"image\/jpeg\" \/>\n<meta name=\"author\" content=\"Jo\u00ebl Diawa\" \/>\n<meta name=\"twitter:card\" content=\"summary_large_image\" \/>\n<meta name=\"twitter:label1\" content=\"\u00c9crit par\" \/>\n\t<meta name=\"twitter:data1\" content=\"Jo\u00ebl Diawa\" \/>\n\t<meta name=\"twitter:label2\" content=\"Dur\u00e9e de lecture estim\u00e9e\" \/>\n\t<meta name=\"twitter:data2\" content=\"5 minutes\" \/>\n<script type=\"application\/ld+json\" class=\"yoast-schema-graph\">{\"@context\":\"https:\\\/\\\/schema.org\",\"@graph\":[{\"@type\":\"Article\",\"@id\":\"https:\\\/\\\/infos-droitshumains.net\\\/?p=8493#article\",\"isPartOf\":{\"@id\":\"https:\\\/\\\/infos-droitshumains.net\\\/?p=8493\"},\"author\":{\"name\":\"Jo\u00ebl Diawa\",\"@id\":\"https:\\\/\\\/infos-droitshumains.net\\\/#\\\/schema\\\/person\\\/3dc5e921c3302172e0ed4362f96faab7\"},\"headline\":\"Affaire SCTP (ex ONATRA)-AGEMI sarl\u00a0: La justice congolaise encore une fois d\u00e9nonc\u00e9e\",\"datePublished\":\"2023-11-29T10:08:30+00:00\",\"dateModified\":\"2023-11-29T11:06:24+00:00\",\"mainEntityOfPage\":{\"@id\":\"https:\\\/\\\/infos-droitshumains.net\\\/?p=8493\"},\"wordCount\":713,\"commentCount\":0,\"publisher\":{\"@id\":\"https:\\\/\\\/infos-droitshumains.net\\\/#organization\"},\"image\":{\"@id\":\"https:\\\/\\\/infos-droitshumains.net\\\/?p=8493#primaryimage\"},\"thumbnailUrl\":\"https:\\\/\\\/i0.wp.com\\\/infos-droitshumains.net\\\/wp-content\\\/uploads\\\/2023\\\/11\\\/images-24_1.jpeg?fit=620%2C400&ssl=1\",\"articleSection\":[\"Justice\"],\"inLanguage\":\"fr-FR\",\"potentialAction\":[{\"@type\":\"CommentAction\",\"name\":\"Comment\",\"target\":[\"https:\\\/\\\/infos-droitshumains.net\\\/?p=8493#respond\"]}]},{\"@type\":\"WebPage\",\"@id\":\"https:\\\/\\\/infos-droitshumains.net\\\/?p=8493\",\"url\":\"https:\\\/\\\/infos-droitshumains.net\\\/?p=8493\",\"name\":\"Affaire SCTP (ex ONATRA)-AGEMI sarl\u00a0: La justice congolaise encore une fois d\u00e9nonc\u00e9e - Infos Droits Humains\",\"isPartOf\":{\"@id\":\"https:\\\/\\\/infos-droitshumains.net\\\/#website\"},\"primaryImageOfPage\":{\"@id\":\"https:\\\/\\\/infos-droitshumains.net\\\/?p=8493#primaryimage\"},\"image\":{\"@id\":\"https:\\\/\\\/infos-droitshumains.net\\\/?p=8493#primaryimage\"},\"thumbnailUrl\":\"https:\\\/\\\/i0.wp.com\\\/infos-droitshumains.net\\\/wp-content\\\/uploads\\\/2023\\\/11\\\/images-24_1.jpeg?fit=620%2C400&ssl=1\",\"datePublished\":\"2023-11-29T10:08:30+00:00\",\"dateModified\":\"2023-11-29T11:06:24+00:00\",\"breadcrumb\":{\"@id\":\"https:\\\/\\\/infos-droitshumains.net\\\/?p=8493#breadcrumb\"},\"inLanguage\":\"fr-FR\",\"potentialAction\":[{\"@type\":\"ReadAction\",\"target\":[\"https:\\\/\\\/infos-droitshumains.net\\\/?p=8493\"]}]},{\"@type\":\"ImageObject\",\"inLanguage\":\"fr-FR\",\"@id\":\"https:\\\/\\\/infos-droitshumains.net\\\/?p=8493#primaryimage\",\"url\":\"https:\\\/\\\/i0.wp.com\\\/infos-droitshumains.net\\\/wp-content\\\/uploads\\\/2023\\\/11\\\/images-24_1.jpeg?fit=620%2C400&ssl=1\",\"contentUrl\":\"https:\\\/\\\/i0.wp.com\\\/infos-droitshumains.net\\\/wp-content\\\/uploads\\\/2023\\\/11\\\/images-24_1.jpeg?fit=620%2C400&ssl=1\",\"width\":620,\"height\":400},{\"@type\":\"BreadcrumbList\",\"@id\":\"https:\\\/\\\/infos-droitshumains.net\\\/?p=8493#breadcrumb\",\"itemListElement\":[{\"@type\":\"ListItem\",\"position\":1,\"name\":\"Accueil\",\"item\":\"https:\\\/\\\/infos-droitshumains.net\\\/\"},{\"@type\":\"ListItem\",\"position\":2,\"name\":\"Affaire SCTP (ex ONATRA)-AGEMI sarl\u00a0: La justice congolaise encore une fois d\u00e9nonc\u00e9e\"}]},{\"@type\":\"WebSite\",\"@id\":\"https:\\\/\\\/infos-droitshumains.net\\\/#website\",\"url\":\"https:\\\/\\\/infos-droitshumains.net\\\/\",\"name\":\"Infos Droits Humains\",\"description\":\"S&#039;informer est un droit\",\"publisher\":{\"@id\":\"https:\\\/\\\/infos-droitshumains.net\\\/#organization\"},\"potentialAction\":[{\"@type\":\"SearchAction\",\"target\":{\"@type\":\"EntryPoint\",\"urlTemplate\":\"https:\\\/\\\/infos-droitshumains.net\\\/?s={search_term_string}\"},\"query-input\":{\"@type\":\"PropertyValueSpecification\",\"valueRequired\":true,\"valueName\":\"search_term_string\"}}],\"inLanguage\":\"fr-FR\"},{\"@type\":\"Organization\",\"@id\":\"https:\\\/\\\/infos-droitshumains.net\\\/#organization\",\"name\":\"Infos Droits Humains\",\"url\":\"https:\\\/\\\/infos-droitshumains.net\\\/\",\"logo\":{\"@type\":\"ImageObject\",\"inLanguage\":\"fr-FR\",\"@id\":\"https:\\\/\\\/infos-droitshumains.net\\\/#\\\/schema\\\/logo\\\/image\\\/\",\"url\":\"https:\\\/\\\/i0.wp.com\\\/infos-droitshumains.net\\\/wp-content\\\/uploads\\\/2022\\\/05\\\/Logo.png?fit=333%2C129&ssl=1\",\"contentUrl\":\"https:\\\/\\\/i0.wp.com\\\/infos-droitshumains.net\\\/wp-content\\\/uploads\\\/2022\\\/05\\\/Logo.png?fit=333%2C129&ssl=1\",\"width\":333,\"height\":129,\"caption\":\"Infos Droits Humains\"},\"image\":{\"@id\":\"https:\\\/\\\/infos-droitshumains.net\\\/#\\\/schema\\\/logo\\\/image\\\/\"}},{\"@type\":\"Person\",\"@id\":\"https:\\\/\\\/infos-droitshumains.net\\\/#\\\/schema\\\/person\\\/3dc5e921c3302172e0ed4362f96faab7\",\"name\":\"Jo\u00ebl Diawa\",\"image\":{\"@type\":\"ImageObject\",\"inLanguage\":\"fr-FR\",\"@id\":\"https:\\\/\\\/secure.gravatar.com\\\/avatar\\\/729bea6ff4604c624417803c477363be8e3c7186deaa65713313f9b4b820f41c?s=96&d=mm&r=g\",\"url\":\"https:\\\/\\\/secure.gravatar.com\\\/avatar\\\/729bea6ff4604c624417803c477363be8e3c7186deaa65713313f9b4b820f41c?s=96&d=mm&r=g\",\"contentUrl\":\"https:\\\/\\\/secure.gravatar.com\\\/avatar\\\/729bea6ff4604c624417803c477363be8e3c7186deaa65713313f9b4b820f41c?s=96&d=mm&r=g\",\"caption\":\"Jo\u00ebl Diawa\"},\"sameAs\":[\"https:\\\/\\\/www.infos-droitshumains.net\"],\"url\":\"https:\\\/\\\/infos-droitshumains.net\\\/?author=2\"}]}<\/script>\n<!-- \/ Yoast SEO plugin. -->","yoast_head_json":{"title":"Affaire SCTP (ex ONATRA)-AGEMI sarl\u00a0: La justice congolaise encore une fois d\u00e9nonc\u00e9e - Infos Droits Humains","robots":{"index":"index","follow":"follow","max-snippet":"max-snippet:-1","max-image-preview":"max-image-preview:large","max-video-preview":"max-video-preview:-1"},"canonical":"https:\/\/infos-droitshumains.net\/?p=8493","og_locale":"fr_FR","og_type":"article","og_title":"Affaire SCTP (ex ONATRA)-AGEMI sarl\u00a0: La justice congolaise encore une fois d\u00e9nonc\u00e9e - Infos Droits Humains","og_description":"R\u00e9daction :+243817406088 Alors que le Chef de l\u2019Etat Felix-Antoine Tshisekedi Tshilombo ne m\u00e9nage aucun effort...","og_url":"https:\/\/infos-droitshumains.net\/?p=8493","og_site_name":"Infos Droits Humains","article_published_time":"2023-11-29T10:08:30+00:00","article_modified_time":"2023-11-29T11:06:24+00:00","og_image":[{"width":620,"height":400,"url":"https:\/\/infos-droitshumains.net\/wp-content\/uploads\/2023\/11\/images-24_1.jpeg","type":"image\/jpeg"}],"author":"Jo\u00ebl Diawa","twitter_card":"summary_large_image","twitter_misc":{"\u00c9crit par":"Jo\u00ebl Diawa","Dur\u00e9e de lecture estim\u00e9e":"5 minutes"},"schema":{"@context":"https:\/\/schema.org","@graph":[{"@type":"Article","@id":"https:\/\/infos-droitshumains.net\/?p=8493#article","isPartOf":{"@id":"https:\/\/infos-droitshumains.net\/?p=8493"},"author":{"name":"Jo\u00ebl Diawa","@id":"https:\/\/infos-droitshumains.net\/#\/schema\/person\/3dc5e921c3302172e0ed4362f96faab7"},"headline":"Affaire SCTP (ex ONATRA)-AGEMI sarl\u00a0: La justice congolaise encore une fois d\u00e9nonc\u00e9e","datePublished":"2023-11-29T10:08:30+00:00","dateModified":"2023-11-29T11:06:24+00:00","mainEntityOfPage":{"@id":"https:\/\/infos-droitshumains.net\/?p=8493"},"wordCount":713,"commentCount":0,"publisher":{"@id":"https:\/\/infos-droitshumains.net\/#organization"},"image":{"@id":"https:\/\/infos-droitshumains.net\/?p=8493#primaryimage"},"thumbnailUrl":"https:\/\/i0.wp.com\/infos-droitshumains.net\/wp-content\/uploads\/2023\/11\/images-24_1.jpeg?fit=620%2C400&ssl=1","articleSection":["Justice"],"inLanguage":"fr-FR","potentialAction":[{"@type":"CommentAction","name":"Comment","target":["https:\/\/infos-droitshumains.net\/?p=8493#respond"]}]},{"@type":"WebPage","@id":"https:\/\/infos-droitshumains.net\/?p=8493","url":"https:\/\/infos-droitshumains.net\/?p=8493","name":"Affaire SCTP (ex ONATRA)-AGEMI sarl\u00a0: La justice congolaise encore une fois d\u00e9nonc\u00e9e - Infos Droits Humains","isPartOf":{"@id":"https:\/\/infos-droitshumains.net\/#website"},"primaryImageOfPage":{"@id":"https:\/\/infos-droitshumains.net\/?p=8493#primaryimage"},"image":{"@id":"https:\/\/infos-droitshumains.net\/?p=8493#primaryimage"},"thumbnailUrl":"https:\/\/i0.wp.com\/infos-droitshumains.net\/wp-content\/uploads\/2023\/11\/images-24_1.jpeg?fit=620%2C400&ssl=1","datePublished":"2023-11-29T10:08:30+00:00","dateModified":"2023-11-29T11:06:24+00:00","breadcrumb":{"@id":"https:\/\/infos-droitshumains.net\/?p=8493#breadcrumb"},"inLanguage":"fr-FR","potentialAction":[{"@type":"ReadAction","target":["https:\/\/infos-droitshumains.net\/?p=8493"]}]},{"@type":"ImageObject","inLanguage":"fr-FR","@id":"https:\/\/infos-droitshumains.net\/?p=8493#primaryimage","url":"https:\/\/i0.wp.com\/infos-droitshumains.net\/wp-content\/uploads\/2023\/11\/images-24_1.jpeg?fit=620%2C400&ssl=1","contentUrl":"https:\/\/i0.wp.com\/infos-droitshumains.net\/wp-content\/uploads\/2023\/11\/images-24_1.jpeg?fit=620%2C400&ssl=1","width":620,"height":400},{"@type":"BreadcrumbList","@id":"https:\/\/infos-droitshumains.net\/?p=8493#breadcrumb","itemListElement":[{"@type":"ListItem","position":1,"name":"Accueil","item":"https:\/\/infos-droitshumains.net\/"},{"@type":"ListItem","position":2,"name":"Affaire SCTP (ex ONATRA)-AGEMI sarl\u00a0: La justice congolaise encore une fois d\u00e9nonc\u00e9e"}]},{"@type":"WebSite","@id":"https:\/\/infos-droitshumains.net\/#website","url":"https:\/\/infos-droitshumains.net\/","name":"Infos Droits Humains","description":"S&#039;informer est un droit","publisher":{"@id":"https:\/\/infos-droitshumains.net\/#organization"},"potentialAction":[{"@type":"SearchAction","target":{"@type":"EntryPoint","urlTemplate":"https:\/\/infos-droitshumains.net\/?s={search_term_string}"},"query-input":{"@type":"PropertyValueSpecification","valueRequired":true,"valueName":"search_term_string"}}],"inLanguage":"fr-FR"},{"@type":"Organization","@id":"https:\/\/infos-droitshumains.net\/#organization","name":"Infos Droits Humains","url":"https:\/\/infos-droitshumains.net\/","logo":{"@type":"ImageObject","inLanguage":"fr-FR","@id":"https:\/\/infos-droitshumains.net\/#\/schema\/logo\/image\/","url":"https:\/\/i0.wp.com\/infos-droitshumains.net\/wp-content\/uploads\/2022\/05\/Logo.png?fit=333%2C129&ssl=1","contentUrl":"https:\/\/i0.wp.com\/infos-droitshumains.net\/wp-content\/uploads\/2022\/05\/Logo.png?fit=333%2C129&ssl=1","width":333,"height":129,"caption":"Infos Droits Humains"},"image":{"@id":"https:\/\/infos-droitshumains.net\/#\/schema\/logo\/image\/"}},{"@type":"Person","@id":"https:\/\/infos-droitshumains.net\/#\/schema\/person\/3dc5e921c3302172e0ed4362f96faab7","name":"Jo\u00ebl Diawa","image":{"@type":"ImageObject","inLanguage":"fr-FR","@id":"https:\/\/secure.gravatar.com\/avatar\/729bea6ff4604c624417803c477363be8e3c7186deaa65713313f9b4b820f41c?s=96&d=mm&r=g","url":"https:\/\/secure.gravatar.com\/avatar\/729bea6ff4604c624417803c477363be8e3c7186deaa65713313f9b4b820f41c?s=96&d=mm&r=g","contentUrl":"https:\/\/secure.gravatar.com\/avatar\/729bea6ff4604c624417803c477363be8e3c7186deaa65713313f9b4b820f41c?s=96&d=mm&r=g","caption":"Jo\u00ebl Diawa"},"sameAs":["https:\/\/www.infos-droitshumains.net"],"url":"https:\/\/infos-droitshumains.net\/?author=2"}]}},"featured_image_urls":{"full":["https:\/\/i0.wp.com\/infos-droitshumains.net\/wp-content\/uploads\/2023\/11\/images-24_1.jpeg?fit=620%2C400&ssl=1",620,400,false],"thumbnail":["https:\/\/i0.wp.com\/infos-droitshumains.net\/wp-content\/uploads\/2023\/11\/images-24_1.jpeg?resize=150%2C150&ssl=1",150,150,true],"medium":["https:\/\/i0.wp.com\/infos-droitshumains.net\/wp-content\/uploads\/2023\/11\/images-24_1.jpeg?fit=300%2C194&ssl=1",300,194,true],"medium_large":["https:\/\/i0.wp.com\/infos-droitshumains.net\/wp-content\/uploads\/2023\/11\/images-24_1.jpeg?fit=620%2C400&ssl=1",620,400,true],"large":["https:\/\/i0.wp.com\/infos-droitshumains.net\/wp-content\/uploads\/2023\/11\/images-24_1.jpeg?fit=620%2C400&ssl=1",620,400,true],"1536x1536":["https:\/\/i0.wp.com\/infos-droitshumains.net\/wp-content\/uploads\/2023\/11\/images-24_1.jpeg?fit=620%2C400&ssl=1",620,400,true],"2048x2048":["https:\/\/i0.wp.com\/infos-droitshumains.net\/wp-content\/uploads\/2023\/11\/images-24_1.jpeg?fit=620%2C400&ssl=1",620,400,true],"covernews-slider-full":["https:\/\/i0.wp.com\/infos-droitshumains.net\/wp-content\/uploads\/2023\/11\/images-24_1.jpeg?resize=620%2C400&ssl=1",620,400,true],"covernews-slider-center":["https:\/\/i0.wp.com\/infos-droitshumains.net\/wp-content\/uploads\/2023\/11\/images-24_1.jpeg?resize=620%2C400&ssl=1",620,400,true],"covernews-featured":["https:\/\/i0.wp.com\/infos-droitshumains.net\/wp-content\/uploads\/2023\/11\/images-24_1.jpeg?fit=620%2C400&ssl=1",620,400,true],"covernews-medium":["https:\/\/i0.wp.com\/infos-droitshumains.net\/wp-content\/uploads\/2023\/11\/images-24_1.jpeg?resize=540%2C340&ssl=1",540,340,true],"covernews-medium-square":["https:\/\/i0.wp.com\/infos-droitshumains.net\/wp-content\/uploads\/2023\/11\/images-24_1.jpeg?resize=400%2C250&ssl=1",400,250,true]},"author_info":{"display_name":"Jo\u00ebl Diawa","author_link":"https:\/\/infos-droitshumains.net\/?author=2"},"category_info":"<a href=\"https:\/\/infos-droitshumains.net\/?cat=6\" rel=\"category\">Justice<\/a>","tag_info":"Justice","comment_count":"0","jetpack_featured_media_url":"https:\/\/i0.wp.com\/infos-droitshumains.net\/wp-content\/uploads\/2023\/11\/images-24_1.jpeg?fit=620%2C400&ssl=1","jetpack-related-posts":[],"jetpack_sharing_enabled":true,"_links":{"self":[{"href":"https:\/\/infos-droitshumains.net\/index.php?rest_route=\/wp\/v2\/posts\/8493","targetHints":{"allow":["GET"]}}],"collection":[{"href":"https:\/\/infos-droitshumains.net\/index.php?rest_route=\/wp\/v2\/posts"}],"about":[{"href":"https:\/\/infos-droitshumains.net\/index.php?rest_route=\/wp\/v2\/types\/post"}],"author":[{"embeddable":true,"href":"https:\/\/infos-droitshumains.net\/index.php?rest_route=\/wp\/v2\/users\/2"}],"replies":[{"embeddable":true,"href":"https:\/\/infos-droitshumains.net\/index.php?rest_route=%2Fwp%2Fv2%2Fcomments&post=8493"}],"version-history":[{"count":6,"href":"https:\/\/infos-droitshumains.net\/index.php?rest_route=\/wp\/v2\/posts\/8493\/revisions"}],"predecessor-version":[{"id":8508,"href":"https:\/\/infos-droitshumains.net\/index.php?rest_route=\/wp\/v2\/posts\/8493\/revisions\/8508"}],"wp:featuredmedia":[{"embeddable":true,"href":"https:\/\/infos-droitshumains.net\/index.php?rest_route=\/wp\/v2\/media\/8495"}],"wp:attachment":[{"href":"https:\/\/infos-droitshumains.net\/index.php?rest_route=%2Fwp%2Fv2%2Fmedia&parent=8493"}],"wp:term":[{"taxonomy":"category","embeddable":true,"href":"https:\/\/infos-droitshumains.net\/index.php?rest_route=%2Fwp%2Fv2%2Fcategories&post=8493"},{"taxonomy":"post_tag","embeddable":true,"href":"https:\/\/infos-droitshumains.net\/index.php?rest_route=%2Fwp%2Fv2%2Ftags&post=8493"}],"curies":[{"name":"wp","href":"https:\/\/api.w.org\/{rel}","templated":true}]}}