{"id":8488,"date":"2023-11-29T09:54:32","date_gmt":"2023-11-29T08:54:32","guid":{"rendered":"https:\/\/infos-droitshumains.net\/?p=8488"},"modified":"2023-11-29T09:54:35","modified_gmt":"2023-11-29T08:54:35","slug":"droits-des-peuples-autochtones-et-pygmees-en-rdc-la-mise-en-oeuvre-effective-de-la-loi-du-15-juillet-2022-abordee-au-cours-dune-conference-debat","status":"publish","type":"post","link":"https:\/\/infos-droitshumains.net\/?p=8488","title":{"rendered":"Droits des peuples autochtones et pygm\u00e9es en RDC : La mise en \u0153uvre effective de la loi du 15 juillet 2022 abord\u00e9e au cours d&rsquo;une conf\u00e9rence-d\u00e9bat"},"content":{"rendered":"\n<p><strong>R\u00e9daction :+243817406088<\/strong><\/p>\n\n\n\n<h4 class=\"wp-block-heading has-vivid-red-color has-text-color has-link-color wp-elements-dcc017aafd7ec3dfe833c9d572c00e7e\"><strong><em>\u00ab&nbsp;Les avanc\u00e9es des droits des peuples autochtones de la RDC \u00e0 la lumi\u00e8re de la D\u00e9claration Universelle des Droits de l&rsquo;Homme&nbsp;\u00bb<\/em><\/strong>, ce sujet a \u00e9t\u00e9 au centre d&rsquo;une conf\u00e9rence d&rsquo;information et de plaidoyer en vue de la mise en \u0153uvre effective de la loi n\u00b022\/030 du 15 juillet 2022 portant protection et promotion des droits des peuples autochtones et pygm\u00e9es en RDC. Une rencontre organis\u00e9e ce 28 novembre 2023 \u00e0 Kinshasa par le R\u00e9seau des Populations autochtones et locales pour la Gestion Durable des \u00c9cosyst\u00e8mes Forestiers de la RDC (REPALEF), en collaboration avec internews et le Bureau Conjoint des Nations Unies aux Droits de l&rsquo;Homme (BCNUDH).<\/h4>\n\n\n\n<p>Dans son allocution, la directrice adjointe du BCNUDH,&nbsp; Anne-Marie Dongi a f\u00e9licit\u00e9 la RDC pour sa dotation d&rsquo;une loi prot\u00e9geant et promouvant les droits des peuples autochtones et pygm\u00e9es conform\u00e9ment aux engagements internationaux. Ce, avant de souligner que plusieurs d\u00e9fis restent \u00e0 relever pour garantir totalement le respect des droits de cette cat\u00e9gorie des personnes.<\/p>\n\n\n\n<p><em>\u00ab&nbsp;Les peuples autochtones et pygm\u00e9es sont confront\u00e9s \u00e0 d&rsquo;importants d\u00e9fis notamment en mati\u00e8re des droits \u00e9conomiques, sociaux et culturels. Pareillement la pr\u00e9servation et la valorisation de leurs cultures. Nous pouvons aussi noter les questions d&rsquo;acc\u00e8s \u00e0 la justice et bien d&rsquo;autres&nbsp;\u00bb<\/em>, a d\u00e9clar\u00e9 Anne-Marie Dongi.<\/p>\n\n\n\n<p>Face \u00e0 cette r\u00e9alit\u00e9 qui continue \u00e0&nbsp; discriminer et marginaliser les droits des peuples autochtones et pygm\u00e9es au regard de la particularit\u00e9 de leurs conditions culturelle, linguistique et \u00e9conomique, le pr\u00e9sident du REPALEF a plaid\u00e9 pour les mesures d&rsquo;application et d&rsquo;accompagnement de la loi portant protection et promotion des droits des peuples autochtones et pygm\u00e9es en RDC. Une mani\u00e8re, selon lui, d&rsquo;esp\u00e9rer \u00e0 l&rsquo;effectivit\u00e9 du respect des droits de cette cat\u00e9gorie humaine.<\/p>\n\n\n\n<p><em>\u00ab&nbsp;L&rsquo;\u00e9tape suivante est la vulgarisation de cette loi avec les activit\u00e9s li\u00e9es au renforcement des capacit\u00e9s, \u00e0 la sensibilisation de la population pour le changement des mentalit\u00e9s et esp\u00e8rer que les peuples autochtones et pygm\u00e9es b\u00e9n\u00e9ficient suffisamment des atouts et opportunit\u00e9s issus de cette loi&nbsp;\u00bb<\/em>, a dit Kedi Bosulu.<\/p>\n\n\n\n<p>De son c\u00f4t\u00e9, le directeur de cabinet du ministre des droits humains, Tony Ntambu a fait savoir que le ministre des droits humains va privil\u00e9gier les recommandations de cette conf\u00e9rence-d\u00e9bat en vue de la mise en \u0153uvre effective et efficace de la loi du 15 juillet 2022.<\/p>\n\n\n\n<p><em>\u00ab&nbsp;Nous sommes d&rsquo;avis au minist\u00e8re des droits humains que ces discussions qui commencent et qui vont se poursuivre sont tr\u00e8s importantes et le ministre des droits humains les porte beaucoup d&rsquo;int\u00e9r\u00eat afin que les questions qui sont soulev\u00e9es, soient mises en profit pour la valorisation des droits des peuples autochtones et pygm\u00e9es&nbsp;\u00bb<\/em>, a indiqu\u00e9 Tony Ntambu.<\/p>\n\n\n\n<p>Cette conf\u00e9rence-d\u00e9bat s&rsquo;est tenue en perspective de la c\u00e9l\u00e9bration du 75\u00e8me anniversaire de la D\u00e9claration Universelle des Droits de l&rsquo;Homme.<\/p>\n\n\n\n<p>AM<\/p>\n","protected":false},"excerpt":{"rendered":"<p>R\u00e9daction :+243817406088 \u00ab&nbsp;Les avanc\u00e9es des droits des peuples autochtones de la RDC \u00e0 la lumi\u00e8re&#8230;<\/p>\n","protected":false},"author":2,"featured_media":8489,"comment_status":"open","ping_status":"open","sticky":false,"template":"","format":"standard","meta":{"_jetpack_memberships_contains_paid_content":false,"footnotes":""},"categories":[7],"tags":[],"class_list":["post-8488","post","type-post","status-publish","format-standard","has-post-thumbnail","hentry","category-droits-humains"],"yoast_head":"<!-- This site is optimized with the Yoast SEO plugin v27.5 - https:\/\/yoast.com\/product\/yoast-seo-wordpress\/ -->\n<title>Droits des peuples autochtones et pygm\u00e9es en RDC : La mise en \u0153uvre effective de la loi du 15 juillet 2022 abord\u00e9e au cours d&#039;une conf\u00e9rence-d\u00e9bat - Infos Droits Humains<\/title>\n<meta name=\"robots\" content=\"index, follow, max-snippet:-1, max-image-preview:large, max-video-preview:-1\" \/>\n<link rel=\"canonical\" href=\"https:\/\/infos-droitshumains.net\/?p=8488\" \/>\n<meta property=\"og:locale\" content=\"fr_FR\" \/>\n<meta property=\"og:type\" content=\"article\" \/>\n<meta property=\"og:title\" content=\"Droits des peuples autochtones et pygm\u00e9es en RDC : La mise en \u0153uvre effective de la loi du 15 juillet 2022 abord\u00e9e au cours d&#039;une conf\u00e9rence-d\u00e9bat - Infos Droits Humains\" \/>\n<meta property=\"og:description\" content=\"R\u00e9daction :+243817406088 \u00ab&nbsp;Les avanc\u00e9es des droits des peuples autochtones de la RDC \u00e0 la lumi\u00e8re...\" \/>\n<meta property=\"og:url\" content=\"https:\/\/infos-droitshumains.net\/?p=8488\" \/>\n<meta property=\"og:site_name\" content=\"Infos Droits Humains\" \/>\n<meta property=\"article:published_time\" content=\"2023-11-29T08:54:32+00:00\" \/>\n<meta property=\"article:modified_time\" content=\"2023-11-29T08:54:35+00:00\" \/>\n<meta property=\"og:image\" content=\"https:\/\/infos-droitshumains.net\/wp-content\/uploads\/2023\/11\/IMG-20231129-WA0007_1.jpg\" \/>\n\t<meta property=\"og:image:width\" content=\"1024\" \/>\n\t<meta property=\"og:image:height\" content=\"569\" \/>\n\t<meta property=\"og:image:type\" content=\"image\/jpeg\" \/>\n<meta name=\"author\" content=\"Jo\u00ebl Diawa\" \/>\n<meta name=\"twitter:card\" content=\"summary_large_image\" \/>\n<meta name=\"twitter:label1\" content=\"\u00c9crit par\" \/>\n\t<meta name=\"twitter:data1\" content=\"Jo\u00ebl Diawa\" \/>\n\t<meta name=\"twitter:label2\" content=\"Dur\u00e9e de lecture estim\u00e9e\" \/>\n\t<meta name=\"twitter:data2\" content=\"3 minutes\" \/>\n<script type=\"application\/ld+json\" class=\"yoast-schema-graph\">{\"@context\":\"https:\\\/\\\/schema.org\",\"@graph\":[{\"@type\":\"Article\",\"@id\":\"https:\\\/\\\/infos-droitshumains.net\\\/?p=8488#article\",\"isPartOf\":{\"@id\":\"https:\\\/\\\/infos-droitshumains.net\\\/?p=8488\"},\"author\":{\"name\":\"Jo\u00ebl Diawa\",\"@id\":\"https:\\\/\\\/infos-droitshumains.net\\\/#\\\/schema\\\/person\\\/3dc5e921c3302172e0ed4362f96faab7\"},\"headline\":\"Droits des peuples autochtones et pygm\u00e9es en RDC : La mise en \u0153uvre effective de la loi du 15 juillet 2022 abord\u00e9e au cours d&rsquo;une conf\u00e9rence-d\u00e9bat\",\"datePublished\":\"2023-11-29T08:54:32+00:00\",\"dateModified\":\"2023-11-29T08:54:35+00:00\",\"mainEntityOfPage\":{\"@id\":\"https:\\\/\\\/infos-droitshumains.net\\\/?p=8488\"},\"wordCount\":528,\"commentCount\":0,\"publisher\":{\"@id\":\"https:\\\/\\\/infos-droitshumains.net\\\/#organization\"},\"image\":{\"@id\":\"https:\\\/\\\/infos-droitshumains.net\\\/?p=8488#primaryimage\"},\"thumbnailUrl\":\"https:\\\/\\\/i0.wp.com\\\/infos-droitshumains.net\\\/wp-content\\\/uploads\\\/2023\\\/11\\\/IMG-20231129-WA0007_1.jpg?fit=1024%2C569&ssl=1\",\"articleSection\":[\"Droits Humains\"],\"inLanguage\":\"fr-FR\",\"potentialAction\":[{\"@type\":\"CommentAction\",\"name\":\"Comment\",\"target\":[\"https:\\\/\\\/infos-droitshumains.net\\\/?p=8488#respond\"]}]},{\"@type\":\"WebPage\",\"@id\":\"https:\\\/\\\/infos-droitshumains.net\\\/?p=8488\",\"url\":\"https:\\\/\\\/infos-droitshumains.net\\\/?p=8488\",\"name\":\"Droits des peuples autochtones et pygm\u00e9es en RDC : La mise en \u0153uvre effective de la loi du 15 juillet 2022 abord\u00e9e au cours d'une conf\u00e9rence-d\u00e9bat - Infos Droits Humains\",\"isPartOf\":{\"@id\":\"https:\\\/\\\/infos-droitshumains.net\\\/#website\"},\"primaryImageOfPage\":{\"@id\":\"https:\\\/\\\/infos-droitshumains.net\\\/?p=8488#primaryimage\"},\"image\":{\"@id\":\"https:\\\/\\\/infos-droitshumains.net\\\/?p=8488#primaryimage\"},\"thumbnailUrl\":\"https:\\\/\\\/i0.wp.com\\\/infos-droitshumains.net\\\/wp-content\\\/uploads\\\/2023\\\/11\\\/IMG-20231129-WA0007_1.jpg?fit=1024%2C569&ssl=1\",\"datePublished\":\"2023-11-29T08:54:32+00:00\",\"dateModified\":\"2023-11-29T08:54:35+00:00\",\"breadcrumb\":{\"@id\":\"https:\\\/\\\/infos-droitshumains.net\\\/?p=8488#breadcrumb\"},\"inLanguage\":\"fr-FR\",\"potentialAction\":[{\"@type\":\"ReadAction\",\"target\":[\"https:\\\/\\\/infos-droitshumains.net\\\/?p=8488\"]}]},{\"@type\":\"ImageObject\",\"inLanguage\":\"fr-FR\",\"@id\":\"https:\\\/\\\/infos-droitshumains.net\\\/?p=8488#primaryimage\",\"url\":\"https:\\\/\\\/i0.wp.com\\\/infos-droitshumains.net\\\/wp-content\\\/uploads\\\/2023\\\/11\\\/IMG-20231129-WA0007_1.jpg?fit=1024%2C569&ssl=1\",\"contentUrl\":\"https:\\\/\\\/i0.wp.com\\\/infos-droitshumains.net\\\/wp-content\\\/uploads\\\/2023\\\/11\\\/IMG-20231129-WA0007_1.jpg?fit=1024%2C569&ssl=1\",\"width\":1024,\"height\":569},{\"@type\":\"BreadcrumbList\",\"@id\":\"https:\\\/\\\/infos-droitshumains.net\\\/?p=8488#breadcrumb\",\"itemListElement\":[{\"@type\":\"ListItem\",\"position\":1,\"name\":\"Accueil\",\"item\":\"https:\\\/\\\/infos-droitshumains.net\\\/\"},{\"@type\":\"ListItem\",\"position\":2,\"name\":\"Droits des peuples autochtones et pygm\u00e9es en RDC : La mise en \u0153uvre effective de la loi du 15 juillet 2022 abord\u00e9e au cours d&rsquo;une conf\u00e9rence-d\u00e9bat\"}]},{\"@type\":\"WebSite\",\"@id\":\"https:\\\/\\\/infos-droitshumains.net\\\/#website\",\"url\":\"https:\\\/\\\/infos-droitshumains.net\\\/\",\"name\":\"Infos Droits Humains\",\"description\":\"S&#039;informer est un droit\",\"publisher\":{\"@id\":\"https:\\\/\\\/infos-droitshumains.net\\\/#organization\"},\"potentialAction\":[{\"@type\":\"SearchAction\",\"target\":{\"@type\":\"EntryPoint\",\"urlTemplate\":\"https:\\\/\\\/infos-droitshumains.net\\\/?s={search_term_string}\"},\"query-input\":{\"@type\":\"PropertyValueSpecification\",\"valueRequired\":true,\"valueName\":\"search_term_string\"}}],\"inLanguage\":\"fr-FR\"},{\"@type\":\"Organization\",\"@id\":\"https:\\\/\\\/infos-droitshumains.net\\\/#organization\",\"name\":\"Infos Droits Humains\",\"url\":\"https:\\\/\\\/infos-droitshumains.net\\\/\",\"logo\":{\"@type\":\"ImageObject\",\"inLanguage\":\"fr-FR\",\"@id\":\"https:\\\/\\\/infos-droitshumains.net\\\/#\\\/schema\\\/logo\\\/image\\\/\",\"url\":\"https:\\\/\\\/i0.wp.com\\\/infos-droitshumains.net\\\/wp-content\\\/uploads\\\/2022\\\/05\\\/Logo.png?fit=333%2C129&ssl=1\",\"contentUrl\":\"https:\\\/\\\/i0.wp.com\\\/infos-droitshumains.net\\\/wp-content\\\/uploads\\\/2022\\\/05\\\/Logo.png?fit=333%2C129&ssl=1\",\"width\":333,\"height\":129,\"caption\":\"Infos Droits Humains\"},\"image\":{\"@id\":\"https:\\\/\\\/infos-droitshumains.net\\\/#\\\/schema\\\/logo\\\/image\\\/\"}},{\"@type\":\"Person\",\"@id\":\"https:\\\/\\\/infos-droitshumains.net\\\/#\\\/schema\\\/person\\\/3dc5e921c3302172e0ed4362f96faab7\",\"name\":\"Jo\u00ebl Diawa\",\"image\":{\"@type\":\"ImageObject\",\"inLanguage\":\"fr-FR\",\"@id\":\"https:\\\/\\\/secure.gravatar.com\\\/avatar\\\/729bea6ff4604c624417803c477363be8e3c7186deaa65713313f9b4b820f41c?s=96&d=mm&r=g\",\"url\":\"https:\\\/\\\/secure.gravatar.com\\\/avatar\\\/729bea6ff4604c624417803c477363be8e3c7186deaa65713313f9b4b820f41c?s=96&d=mm&r=g\",\"contentUrl\":\"https:\\\/\\\/secure.gravatar.com\\\/avatar\\\/729bea6ff4604c624417803c477363be8e3c7186deaa65713313f9b4b820f41c?s=96&d=mm&r=g\",\"caption\":\"Jo\u00ebl Diawa\"},\"sameAs\":[\"https:\\\/\\\/www.infos-droitshumains.net\"],\"url\":\"https:\\\/\\\/infos-droitshumains.net\\\/?author=2\"}]}<\/script>\n<!-- \/ Yoast SEO plugin. -->","yoast_head_json":{"title":"Droits des peuples autochtones et pygm\u00e9es en RDC : La mise en \u0153uvre effective de la loi du 15 juillet 2022 abord\u00e9e au cours d'une conf\u00e9rence-d\u00e9bat - Infos Droits Humains","robots":{"index":"index","follow":"follow","max-snippet":"max-snippet:-1","max-image-preview":"max-image-preview:large","max-video-preview":"max-video-preview:-1"},"canonical":"https:\/\/infos-droitshumains.net\/?p=8488","og_locale":"fr_FR","og_type":"article","og_title":"Droits des peuples autochtones et pygm\u00e9es en RDC : La mise en \u0153uvre effective de la loi du 15 juillet 2022 abord\u00e9e au cours d'une conf\u00e9rence-d\u00e9bat - Infos Droits Humains","og_description":"R\u00e9daction :+243817406088 \u00ab&nbsp;Les avanc\u00e9es des droits des peuples autochtones de la RDC \u00e0 la lumi\u00e8re...","og_url":"https:\/\/infos-droitshumains.net\/?p=8488","og_site_name":"Infos Droits Humains","article_published_time":"2023-11-29T08:54:32+00:00","article_modified_time":"2023-11-29T08:54:35+00:00","og_image":[{"width":1024,"height":569,"url":"https:\/\/infos-droitshumains.net\/wp-content\/uploads\/2023\/11\/IMG-20231129-WA0007_1.jpg","type":"image\/jpeg"}],"author":"Jo\u00ebl Diawa","twitter_card":"summary_large_image","twitter_misc":{"\u00c9crit par":"Jo\u00ebl Diawa","Dur\u00e9e de lecture estim\u00e9e":"3 minutes"},"schema":{"@context":"https:\/\/schema.org","@graph":[{"@type":"Article","@id":"https:\/\/infos-droitshumains.net\/?p=8488#article","isPartOf":{"@id":"https:\/\/infos-droitshumains.net\/?p=8488"},"author":{"name":"Jo\u00ebl Diawa","@id":"https:\/\/infos-droitshumains.net\/#\/schema\/person\/3dc5e921c3302172e0ed4362f96faab7"},"headline":"Droits des peuples autochtones et pygm\u00e9es en RDC : La mise en \u0153uvre effective de la loi du 15 juillet 2022 abord\u00e9e au cours d&rsquo;une conf\u00e9rence-d\u00e9bat","datePublished":"2023-11-29T08:54:32+00:00","dateModified":"2023-11-29T08:54:35+00:00","mainEntityOfPage":{"@id":"https:\/\/infos-droitshumains.net\/?p=8488"},"wordCount":528,"commentCount":0,"publisher":{"@id":"https:\/\/infos-droitshumains.net\/#organization"},"image":{"@id":"https:\/\/infos-droitshumains.net\/?p=8488#primaryimage"},"thumbnailUrl":"https:\/\/i0.wp.com\/infos-droitshumains.net\/wp-content\/uploads\/2023\/11\/IMG-20231129-WA0007_1.jpg?fit=1024%2C569&ssl=1","articleSection":["Droits Humains"],"inLanguage":"fr-FR","potentialAction":[{"@type":"CommentAction","name":"Comment","target":["https:\/\/infos-droitshumains.net\/?p=8488#respond"]}]},{"@type":"WebPage","@id":"https:\/\/infos-droitshumains.net\/?p=8488","url":"https:\/\/infos-droitshumains.net\/?p=8488","name":"Droits des peuples autochtones et pygm\u00e9es en RDC : La mise en \u0153uvre effective de la loi du 15 juillet 2022 abord\u00e9e au cours d'une conf\u00e9rence-d\u00e9bat - Infos Droits Humains","isPartOf":{"@id":"https:\/\/infos-droitshumains.net\/#website"},"primaryImageOfPage":{"@id":"https:\/\/infos-droitshumains.net\/?p=8488#primaryimage"},"image":{"@id":"https:\/\/infos-droitshumains.net\/?p=8488#primaryimage"},"thumbnailUrl":"https:\/\/i0.wp.com\/infos-droitshumains.net\/wp-content\/uploads\/2023\/11\/IMG-20231129-WA0007_1.jpg?fit=1024%2C569&ssl=1","datePublished":"2023-11-29T08:54:32+00:00","dateModified":"2023-11-29T08:54:35+00:00","breadcrumb":{"@id":"https:\/\/infos-droitshumains.net\/?p=8488#breadcrumb"},"inLanguage":"fr-FR","potentialAction":[{"@type":"ReadAction","target":["https:\/\/infos-droitshumains.net\/?p=8488"]}]},{"@type":"ImageObject","inLanguage":"fr-FR","@id":"https:\/\/infos-droitshumains.net\/?p=8488#primaryimage","url":"https:\/\/i0.wp.com\/infos-droitshumains.net\/wp-content\/uploads\/2023\/11\/IMG-20231129-WA0007_1.jpg?fit=1024%2C569&ssl=1","contentUrl":"https:\/\/i0.wp.com\/infos-droitshumains.net\/wp-content\/uploads\/2023\/11\/IMG-20231129-WA0007_1.jpg?fit=1024%2C569&ssl=1","width":1024,"height":569},{"@type":"BreadcrumbList","@id":"https:\/\/infos-droitshumains.net\/?p=8488#breadcrumb","itemListElement":[{"@type":"ListItem","position":1,"name":"Accueil","item":"https:\/\/infos-droitshumains.net\/"},{"@type":"ListItem","position":2,"name":"Droits des peuples autochtones et pygm\u00e9es en RDC : La mise en \u0153uvre effective de la loi du 15 juillet 2022 abord\u00e9e au cours d&rsquo;une conf\u00e9rence-d\u00e9bat"}]},{"@type":"WebSite","@id":"https:\/\/infos-droitshumains.net\/#website","url":"https:\/\/infos-droitshumains.net\/","name":"Infos Droits Humains","description":"S&#039;informer est un droit","publisher":{"@id":"https:\/\/infos-droitshumains.net\/#organization"},"potentialAction":[{"@type":"SearchAction","target":{"@type":"EntryPoint","urlTemplate":"https:\/\/infos-droitshumains.net\/?s={search_term_string}"},"query-input":{"@type":"PropertyValueSpecification","valueRequired":true,"valueName":"search_term_string"}}],"inLanguage":"fr-FR"},{"@type":"Organization","@id":"https:\/\/infos-droitshumains.net\/#organization","name":"Infos Droits Humains","url":"https:\/\/infos-droitshumains.net\/","logo":{"@type":"ImageObject","inLanguage":"fr-FR","@id":"https:\/\/infos-droitshumains.net\/#\/schema\/logo\/image\/","url":"https:\/\/i0.wp.com\/infos-droitshumains.net\/wp-content\/uploads\/2022\/05\/Logo.png?fit=333%2C129&ssl=1","contentUrl":"https:\/\/i0.wp.com\/infos-droitshumains.net\/wp-content\/uploads\/2022\/05\/Logo.png?fit=333%2C129&ssl=1","width":333,"height":129,"caption":"Infos Droits Humains"},"image":{"@id":"https:\/\/infos-droitshumains.net\/#\/schema\/logo\/image\/"}},{"@type":"Person","@id":"https:\/\/infos-droitshumains.net\/#\/schema\/person\/3dc5e921c3302172e0ed4362f96faab7","name":"Jo\u00ebl Diawa","image":{"@type":"ImageObject","inLanguage":"fr-FR","@id":"https:\/\/secure.gravatar.com\/avatar\/729bea6ff4604c624417803c477363be8e3c7186deaa65713313f9b4b820f41c?s=96&d=mm&r=g","url":"https:\/\/secure.gravatar.com\/avatar\/729bea6ff4604c624417803c477363be8e3c7186deaa65713313f9b4b820f41c?s=96&d=mm&r=g","contentUrl":"https:\/\/secure.gravatar.com\/avatar\/729bea6ff4604c624417803c477363be8e3c7186deaa65713313f9b4b820f41c?s=96&d=mm&r=g","caption":"Jo\u00ebl Diawa"},"sameAs":["https:\/\/www.infos-droitshumains.net"],"url":"https:\/\/infos-droitshumains.net\/?author=2"}]}},"featured_image_urls":{"full":["https:\/\/i0.wp.com\/infos-droitshumains.net\/wp-content\/uploads\/2023\/11\/IMG-20231129-WA0007_1.jpg?fit=1024%2C569&ssl=1",1024,569,false],"thumbnail":["https:\/\/i0.wp.com\/infos-droitshumains.net\/wp-content\/uploads\/2023\/11\/IMG-20231129-WA0007_1.jpg?resize=150%2C150&ssl=1",150,150,true],"medium":["https:\/\/i0.wp.com\/infos-droitshumains.net\/wp-content\/uploads\/2023\/11\/IMG-20231129-WA0007_1.jpg?fit=300%2C167&ssl=1",300,167,true],"medium_large":["https:\/\/i0.wp.com\/infos-droitshumains.net\/wp-content\/uploads\/2023\/11\/IMG-20231129-WA0007_1.jpg?fit=640%2C356&ssl=1",640,356,true],"large":["https:\/\/i0.wp.com\/infos-droitshumains.net\/wp-content\/uploads\/2023\/11\/IMG-20231129-WA0007_1.jpg?fit=640%2C356&ssl=1",640,356,true],"1536x1536":["https:\/\/i0.wp.com\/infos-droitshumains.net\/wp-content\/uploads\/2023\/11\/IMG-20231129-WA0007_1.jpg?fit=1024%2C569&ssl=1",1024,569,true],"2048x2048":["https:\/\/i0.wp.com\/infos-droitshumains.net\/wp-content\/uploads\/2023\/11\/IMG-20231129-WA0007_1.jpg?fit=1024%2C569&ssl=1",1024,569,true],"covernews-slider-full":["https:\/\/i0.wp.com\/infos-droitshumains.net\/wp-content\/uploads\/2023\/11\/IMG-20231129-WA0007_1.jpg?resize=1024%2C569&ssl=1",1024,569,true],"covernews-slider-center":["https:\/\/i0.wp.com\/infos-droitshumains.net\/wp-content\/uploads\/2023\/11\/IMG-20231129-WA0007_1.jpg?resize=800%2C500&ssl=1",800,500,true],"covernews-featured":["https:\/\/i0.wp.com\/infos-droitshumains.net\/wp-content\/uploads\/2023\/11\/IMG-20231129-WA0007_1.jpg?fit=1024%2C569&ssl=1",1024,569,true],"covernews-medium":["https:\/\/i0.wp.com\/infos-droitshumains.net\/wp-content\/uploads\/2023\/11\/IMG-20231129-WA0007_1.jpg?resize=540%2C340&ssl=1",540,340,true],"covernews-medium-square":["https:\/\/i0.wp.com\/infos-droitshumains.net\/wp-content\/uploads\/2023\/11\/IMG-20231129-WA0007_1.jpg?resize=400%2C250&ssl=1",400,250,true]},"author_info":{"display_name":"Jo\u00ebl Diawa","author_link":"https:\/\/infos-droitshumains.net\/?author=2"},"category_info":"<a href=\"https:\/\/infos-droitshumains.net\/?cat=7\" rel=\"category\">Droits Humains<\/a>","tag_info":"Droits Humains","comment_count":"0","jetpack_featured_media_url":"https:\/\/i0.wp.com\/infos-droitshumains.net\/wp-content\/uploads\/2023\/11\/IMG-20231129-WA0007_1.jpg?fit=1024%2C569&ssl=1","jetpack-related-posts":[],"jetpack_sharing_enabled":true,"_links":{"self":[{"href":"https:\/\/infos-droitshumains.net\/index.php?rest_route=\/wp\/v2\/posts\/8488","targetHints":{"allow":["GET"]}}],"collection":[{"href":"https:\/\/infos-droitshumains.net\/index.php?rest_route=\/wp\/v2\/posts"}],"about":[{"href":"https:\/\/infos-droitshumains.net\/index.php?rest_route=\/wp\/v2\/types\/post"}],"author":[{"embeddable":true,"href":"https:\/\/infos-droitshumains.net\/index.php?rest_route=\/wp\/v2\/users\/2"}],"replies":[{"embeddable":true,"href":"https:\/\/infos-droitshumains.net\/index.php?rest_route=%2Fwp%2Fv2%2Fcomments&post=8488"}],"version-history":[{"count":1,"href":"https:\/\/infos-droitshumains.net\/index.php?rest_route=\/wp\/v2\/posts\/8488\/revisions"}],"predecessor-version":[{"id":8490,"href":"https:\/\/infos-droitshumains.net\/index.php?rest_route=\/wp\/v2\/posts\/8488\/revisions\/8490"}],"wp:featuredmedia":[{"embeddable":true,"href":"https:\/\/infos-droitshumains.net\/index.php?rest_route=\/wp\/v2\/media\/8489"}],"wp:attachment":[{"href":"https:\/\/infos-droitshumains.net\/index.php?rest_route=%2Fwp%2Fv2%2Fmedia&parent=8488"}],"wp:term":[{"taxonomy":"category","embeddable":true,"href":"https:\/\/infos-droitshumains.net\/index.php?rest_route=%2Fwp%2Fv2%2Fcategories&post=8488"},{"taxonomy":"post_tag","embeddable":true,"href":"https:\/\/infos-droitshumains.net\/index.php?rest_route=%2Fwp%2Fv2%2Ftags&post=8488"}],"curies":[{"name":"wp","href":"https:\/\/api.w.org\/{rel}","templated":true}]}}