{"id":840,"date":"2021-09-23T15:28:35","date_gmt":"2021-09-23T13:28:35","guid":{"rendered":"https:\/\/infos-droitshumains.net\/?p=840"},"modified":"2023-04-06T12:11:44","modified_gmt":"2023-04-06T10:11:44","slug":"rdc-bientot-les-ports-prives-illegaux-seront-fermes","status":"publish","type":"post","link":"https:\/\/infos-droitshumains.net\/?p=840","title":{"rendered":"RDC: Bient\u00f4t les ports priv\u00e9s ill\u00e9gaux seront ferm\u00e9s"},"content":{"rendered":"\n<p><strong>R\u00e9daction :+243817406088<\/strong><\/p>\n\n\n\n<p><strong>C&rsquo;est la d\u00e9cision qui sera vraisemblablement prise lors de la prochaine r\u00e9union du conseil des ministres au cours de laquelle le ministre des transports voies de communication et d\u00e9senclavement va exposer son rapport.<\/strong><\/p>\n\n\n\n<p>Le gouvernement de la R\u00e9publique prend \u00e0 bras le corps la probl\u00e9matique des ports priv\u00e9s ill\u00e9gaux et clandestins qui mettent \u00e0 genoux la Soci\u00e9t\u00e9 Commerciale des Transports et des Ports, SCTP.<\/p>\n\n\n\n<p>En ex\u00e9cution des instructions du chef de l&rsquo;\u00c9tat rappel\u00e9es lors de la derni\u00e8re r\u00e9union du conseil des ministres, celles de mettre fin \u00e0 cette anarchie en proc\u00e9dant \u00e0 la fermeture pure et simple des ports priv\u00e9s ill\u00e9gaux et clandestins, le ministre des transports voies de communication et de d\u00e9senclavement Ch\u00e9rubin Okende a pr\u00e9sid\u00e9 une grande  r\u00e9union interminist\u00e9rielle le lundi 20 juillet 2021.<\/p>\n\n\n\n<p>Ont pris part \u00e0 cette rencontre, le vice-ministre des transports et voies de communication, le vice-ministre de l&rsquo;int\u00e9rieur, le vice-ministre de la justice, le secr\u00e9taire g\u00e9n\u00e9ral aux transports, la Directrice de la marine, l&rsquo;administrateur g\u00e9n\u00e9ral de l&rsquo;agence nationale des renseignements ANR, le d\u00e9l\u00e9gu\u00e9 de la direction g\u00e9n\u00e9rale des migrations DGM, le Directeur G\u00e9n\u00e9ral de la SCTP, le d\u00e9l\u00e9gu\u00e9 de la soci\u00e9t\u00e9 nationale de chemin de fer du Congo SNCC, le Commissaire g\u00e9n\u00e9ral adjoint de la police nationale, le chef d&rsquo;\u00e9tat major adjoint de la force navale et le banc syndical de la SCTP.<\/p>\n\n\n\n<p>\u00ab\u00a0<em>Les ports priv\u00e9s ill\u00e9gaux et clandestins ont une incidence n\u00e9faste sur la comp\u00e9titivit\u00e9 de la SCTP qui perd sa principale source des recettes. Cette situation entra\u00eene la SCTP  vers la faillite, ce que le chef de l&rsquo;\u00c9tat veut absolument \u00e9viter\u00a0\u00bb<\/em> a-il-d\u00e9clar\u00e9.<\/p>\n\n\n\n<p>Il a donc \u00e9t\u00e9 demand\u00e9 aux minist\u00e8res concern\u00e9s de produire un rapport circonstanci\u00e9 afin de mettre fin \u00e0 cette situation.<\/p>\n\n\n\n<p>Les experts ont poursuivi le travail le mardi 21 septembre au minist\u00e8re des transports et Ch\u00e9rubin Okende devra pr\u00e9senter le rapport au prochain conseil des ministres. Des grandes d\u00e9cisions sont entendues du ministre des transports dans les prochains pour l&rsquo;int\u00e9r\u00eat national.<\/p>\n\n\n\n<p>Parmi les d\u00e9cisions qui doivent se prendre, il y a la fermeture de ces Ports ill\u00e9gaux qui sera un ouf de soulagement non seulement pour la SCTP, mais aussi de toute la population.<\/p>\n","protected":false},"excerpt":{"rendered":"<p>R\u00e9daction :+243817406088 C&rsquo;est la d\u00e9cision qui sera vraisemblablement prise lors de la prochaine r\u00e9union du&#8230;<\/p>\n","protected":false},"author":2,"featured_media":0,"comment_status":"closed","ping_status":"open","sticky":false,"template":"","format":"standard","meta":{"_jetpack_memberships_contains_paid_content":false,"footnotes":""},"categories":[1],"tags":[],"class_list":["post-840","post","type-post","status-publish","format-standard","hentry","category-non-classe"],"yoast_head":"<!-- This site is optimized with the Yoast SEO plugin v27.5 - https:\/\/yoast.com\/product\/yoast-seo-wordpress\/ -->\n<title>RDC: Bient\u00f4t les ports priv\u00e9s ill\u00e9gaux seront ferm\u00e9s - Infos Droits Humains<\/title>\n<meta name=\"robots\" content=\"index, follow, max-snippet:-1, max-image-preview:large, max-video-preview:-1\" \/>\n<link rel=\"canonical\" href=\"https:\/\/infos-droitshumains.net\/?p=840\" \/>\n<meta property=\"og:locale\" content=\"fr_FR\" \/>\n<meta property=\"og:type\" content=\"article\" \/>\n<meta property=\"og:title\" content=\"RDC: Bient\u00f4t les ports priv\u00e9s ill\u00e9gaux seront ferm\u00e9s - Infos Droits Humains\" \/>\n<meta property=\"og:description\" content=\"R\u00e9daction :+243817406088 C&rsquo;est la d\u00e9cision qui sera vraisemblablement prise lors de la prochaine r\u00e9union du...\" \/>\n<meta property=\"og:url\" content=\"https:\/\/infos-droitshumains.net\/?p=840\" \/>\n<meta property=\"og:site_name\" content=\"Infos Droits Humains\" \/>\n<meta property=\"article:published_time\" content=\"2021-09-23T13:28:35+00:00\" \/>\n<meta property=\"article:modified_time\" content=\"2023-04-06T10:11:44+00:00\" \/>\n<meta name=\"author\" content=\"Jo\u00ebl Diawa\" \/>\n<meta name=\"twitter:card\" content=\"summary_large_image\" \/>\n<meta name=\"twitter:label1\" content=\"\u00c9crit par\" \/>\n\t<meta name=\"twitter:data1\" content=\"Jo\u00ebl Diawa\" \/>\n\t<meta name=\"twitter:label2\" content=\"Dur\u00e9e de lecture estim\u00e9e\" \/>\n\t<meta name=\"twitter:data2\" content=\"2 minutes\" \/>\n<script type=\"application\/ld+json\" class=\"yoast-schema-graph\">{\"@context\":\"https:\\\/\\\/schema.org\",\"@graph\":[{\"@type\":\"Article\",\"@id\":\"https:\\\/\\\/infos-droitshumains.net\\\/?p=840#article\",\"isPartOf\":{\"@id\":\"https:\\\/\\\/infos-droitshumains.net\\\/?p=840\"},\"author\":{\"name\":\"Jo\u00ebl Diawa\",\"@id\":\"https:\\\/\\\/infos-droitshumains.net\\\/#\\\/schema\\\/person\\\/3dc5e921c3302172e0ed4362f96faab7\"},\"headline\":\"RDC: Bient\u00f4t les ports priv\u00e9s ill\u00e9gaux seront ferm\u00e9s\",\"datePublished\":\"2021-09-23T13:28:35+00:00\",\"dateModified\":\"2023-04-06T10:11:44+00:00\",\"mainEntityOfPage\":{\"@id\":\"https:\\\/\\\/infos-droitshumains.net\\\/?p=840\"},\"wordCount\":415,\"publisher\":{\"@id\":\"https:\\\/\\\/infos-droitshumains.net\\\/#organization\"},\"inLanguage\":\"fr-FR\"},{\"@type\":\"WebPage\",\"@id\":\"https:\\\/\\\/infos-droitshumains.net\\\/?p=840\",\"url\":\"https:\\\/\\\/infos-droitshumains.net\\\/?p=840\",\"name\":\"RDC: Bient\u00f4t les ports priv\u00e9s ill\u00e9gaux seront ferm\u00e9s - Infos Droits Humains\",\"isPartOf\":{\"@id\":\"https:\\\/\\\/infos-droitshumains.net\\\/#website\"},\"datePublished\":\"2021-09-23T13:28:35+00:00\",\"dateModified\":\"2023-04-06T10:11:44+00:00\",\"breadcrumb\":{\"@id\":\"https:\\\/\\\/infos-droitshumains.net\\\/?p=840#breadcrumb\"},\"inLanguage\":\"fr-FR\",\"potentialAction\":[{\"@type\":\"ReadAction\",\"target\":[\"https:\\\/\\\/infos-droitshumains.net\\\/?p=840\"]}]},{\"@type\":\"BreadcrumbList\",\"@id\":\"https:\\\/\\\/infos-droitshumains.net\\\/?p=840#breadcrumb\",\"itemListElement\":[{\"@type\":\"ListItem\",\"position\":1,\"name\":\"Accueil\",\"item\":\"https:\\\/\\\/infos-droitshumains.net\\\/\"},{\"@type\":\"ListItem\",\"position\":2,\"name\":\"RDC: Bient\u00f4t les ports priv\u00e9s ill\u00e9gaux seront ferm\u00e9s\"}]},{\"@type\":\"WebSite\",\"@id\":\"https:\\\/\\\/infos-droitshumains.net\\\/#website\",\"url\":\"https:\\\/\\\/infos-droitshumains.net\\\/\",\"name\":\"Infos Droits Humains\",\"description\":\"S&#039;informer est un droit\",\"publisher\":{\"@id\":\"https:\\\/\\\/infos-droitshumains.net\\\/#organization\"},\"potentialAction\":[{\"@type\":\"SearchAction\",\"target\":{\"@type\":\"EntryPoint\",\"urlTemplate\":\"https:\\\/\\\/infos-droitshumains.net\\\/?s={search_term_string}\"},\"query-input\":{\"@type\":\"PropertyValueSpecification\",\"valueRequired\":true,\"valueName\":\"search_term_string\"}}],\"inLanguage\":\"fr-FR\"},{\"@type\":\"Organization\",\"@id\":\"https:\\\/\\\/infos-droitshumains.net\\\/#organization\",\"name\":\"Infos Droits Humains\",\"url\":\"https:\\\/\\\/infos-droitshumains.net\\\/\",\"logo\":{\"@type\":\"ImageObject\",\"inLanguage\":\"fr-FR\",\"@id\":\"https:\\\/\\\/infos-droitshumains.net\\\/#\\\/schema\\\/logo\\\/image\\\/\",\"url\":\"https:\\\/\\\/i0.wp.com\\\/infos-droitshumains.net\\\/wp-content\\\/uploads\\\/2022\\\/05\\\/Logo.png?fit=333%2C129&ssl=1\",\"contentUrl\":\"https:\\\/\\\/i0.wp.com\\\/infos-droitshumains.net\\\/wp-content\\\/uploads\\\/2022\\\/05\\\/Logo.png?fit=333%2C129&ssl=1\",\"width\":333,\"height\":129,\"caption\":\"Infos Droits Humains\"},\"image\":{\"@id\":\"https:\\\/\\\/infos-droitshumains.net\\\/#\\\/schema\\\/logo\\\/image\\\/\"}},{\"@type\":\"Person\",\"@id\":\"https:\\\/\\\/infos-droitshumains.net\\\/#\\\/schema\\\/person\\\/3dc5e921c3302172e0ed4362f96faab7\",\"name\":\"Jo\u00ebl Diawa\",\"image\":{\"@type\":\"ImageObject\",\"inLanguage\":\"fr-FR\",\"@id\":\"https:\\\/\\\/secure.gravatar.com\\\/avatar\\\/729bea6ff4604c624417803c477363be8e3c7186deaa65713313f9b4b820f41c?s=96&d=mm&r=g\",\"url\":\"https:\\\/\\\/secure.gravatar.com\\\/avatar\\\/729bea6ff4604c624417803c477363be8e3c7186deaa65713313f9b4b820f41c?s=96&d=mm&r=g\",\"contentUrl\":\"https:\\\/\\\/secure.gravatar.com\\\/avatar\\\/729bea6ff4604c624417803c477363be8e3c7186deaa65713313f9b4b820f41c?s=96&d=mm&r=g\",\"caption\":\"Jo\u00ebl Diawa\"},\"sameAs\":[\"https:\\\/\\\/www.infos-droitshumains.net\"],\"url\":\"https:\\\/\\\/infos-droitshumains.net\\\/?author=2\"}]}<\/script>\n<!-- \/ Yoast SEO plugin. -->","yoast_head_json":{"title":"RDC: Bient\u00f4t les ports priv\u00e9s ill\u00e9gaux seront ferm\u00e9s - Infos Droits Humains","robots":{"index":"index","follow":"follow","max-snippet":"max-snippet:-1","max-image-preview":"max-image-preview:large","max-video-preview":"max-video-preview:-1"},"canonical":"https:\/\/infos-droitshumains.net\/?p=840","og_locale":"fr_FR","og_type":"article","og_title":"RDC: Bient\u00f4t les ports priv\u00e9s ill\u00e9gaux seront ferm\u00e9s - Infos Droits Humains","og_description":"R\u00e9daction :+243817406088 C&rsquo;est la d\u00e9cision qui sera vraisemblablement prise lors de la prochaine r\u00e9union du...","og_url":"https:\/\/infos-droitshumains.net\/?p=840","og_site_name":"Infos Droits Humains","article_published_time":"2021-09-23T13:28:35+00:00","article_modified_time":"2023-04-06T10:11:44+00:00","author":"Jo\u00ebl Diawa","twitter_card":"summary_large_image","twitter_misc":{"\u00c9crit par":"Jo\u00ebl Diawa","Dur\u00e9e de lecture estim\u00e9e":"2 minutes"},"schema":{"@context":"https:\/\/schema.org","@graph":[{"@type":"Article","@id":"https:\/\/infos-droitshumains.net\/?p=840#article","isPartOf":{"@id":"https:\/\/infos-droitshumains.net\/?p=840"},"author":{"name":"Jo\u00ebl Diawa","@id":"https:\/\/infos-droitshumains.net\/#\/schema\/person\/3dc5e921c3302172e0ed4362f96faab7"},"headline":"RDC: Bient\u00f4t les ports priv\u00e9s ill\u00e9gaux seront ferm\u00e9s","datePublished":"2021-09-23T13:28:35+00:00","dateModified":"2023-04-06T10:11:44+00:00","mainEntityOfPage":{"@id":"https:\/\/infos-droitshumains.net\/?p=840"},"wordCount":415,"publisher":{"@id":"https:\/\/infos-droitshumains.net\/#organization"},"inLanguage":"fr-FR"},{"@type":"WebPage","@id":"https:\/\/infos-droitshumains.net\/?p=840","url":"https:\/\/infos-droitshumains.net\/?p=840","name":"RDC: Bient\u00f4t les ports priv\u00e9s ill\u00e9gaux seront ferm\u00e9s - Infos Droits Humains","isPartOf":{"@id":"https:\/\/infos-droitshumains.net\/#website"},"datePublished":"2021-09-23T13:28:35+00:00","dateModified":"2023-04-06T10:11:44+00:00","breadcrumb":{"@id":"https:\/\/infos-droitshumains.net\/?p=840#breadcrumb"},"inLanguage":"fr-FR","potentialAction":[{"@type":"ReadAction","target":["https:\/\/infos-droitshumains.net\/?p=840"]}]},{"@type":"BreadcrumbList","@id":"https:\/\/infos-droitshumains.net\/?p=840#breadcrumb","itemListElement":[{"@type":"ListItem","position":1,"name":"Accueil","item":"https:\/\/infos-droitshumains.net\/"},{"@type":"ListItem","position":2,"name":"RDC: Bient\u00f4t les ports priv\u00e9s ill\u00e9gaux seront ferm\u00e9s"}]},{"@type":"WebSite","@id":"https:\/\/infos-droitshumains.net\/#website","url":"https:\/\/infos-droitshumains.net\/","name":"Infos Droits Humains","description":"S&#039;informer est un droit","publisher":{"@id":"https:\/\/infos-droitshumains.net\/#organization"},"potentialAction":[{"@type":"SearchAction","target":{"@type":"EntryPoint","urlTemplate":"https:\/\/infos-droitshumains.net\/?s={search_term_string}"},"query-input":{"@type":"PropertyValueSpecification","valueRequired":true,"valueName":"search_term_string"}}],"inLanguage":"fr-FR"},{"@type":"Organization","@id":"https:\/\/infos-droitshumains.net\/#organization","name":"Infos Droits Humains","url":"https:\/\/infos-droitshumains.net\/","logo":{"@type":"ImageObject","inLanguage":"fr-FR","@id":"https:\/\/infos-droitshumains.net\/#\/schema\/logo\/image\/","url":"https:\/\/i0.wp.com\/infos-droitshumains.net\/wp-content\/uploads\/2022\/05\/Logo.png?fit=333%2C129&ssl=1","contentUrl":"https:\/\/i0.wp.com\/infos-droitshumains.net\/wp-content\/uploads\/2022\/05\/Logo.png?fit=333%2C129&ssl=1","width":333,"height":129,"caption":"Infos Droits Humains"},"image":{"@id":"https:\/\/infos-droitshumains.net\/#\/schema\/logo\/image\/"}},{"@type":"Person","@id":"https:\/\/infos-droitshumains.net\/#\/schema\/person\/3dc5e921c3302172e0ed4362f96faab7","name":"Jo\u00ebl Diawa","image":{"@type":"ImageObject","inLanguage":"fr-FR","@id":"https:\/\/secure.gravatar.com\/avatar\/729bea6ff4604c624417803c477363be8e3c7186deaa65713313f9b4b820f41c?s=96&d=mm&r=g","url":"https:\/\/secure.gravatar.com\/avatar\/729bea6ff4604c624417803c477363be8e3c7186deaa65713313f9b4b820f41c?s=96&d=mm&r=g","contentUrl":"https:\/\/secure.gravatar.com\/avatar\/729bea6ff4604c624417803c477363be8e3c7186deaa65713313f9b4b820f41c?s=96&d=mm&r=g","caption":"Jo\u00ebl Diawa"},"sameAs":["https:\/\/www.infos-droitshumains.net"],"url":"https:\/\/infos-droitshumains.net\/?author=2"}]}},"featured_image_urls":{"full":"","thumbnail":"","medium":"","medium_large":"","large":"","1536x1536":"","2048x2048":"","covernews-slider-full":"","covernews-slider-center":"","covernews-featured":"","covernews-medium":"","covernews-medium-square":""},"author_info":{"display_name":"Jo\u00ebl Diawa","author_link":"https:\/\/infos-droitshumains.net\/?author=2"},"category_info":"<a href=\"https:\/\/infos-droitshumains.net\/?cat=1\" rel=\"category\">Non class\u00e9<\/a>","tag_info":"Non class\u00e9","comment_count":"0","jetpack_featured_media_url":"","jetpack-related-posts":[],"jetpack_sharing_enabled":true,"_links":{"self":[{"href":"https:\/\/infos-droitshumains.net\/index.php?rest_route=\/wp\/v2\/posts\/840","targetHints":{"allow":["GET"]}}],"collection":[{"href":"https:\/\/infos-droitshumains.net\/index.php?rest_route=\/wp\/v2\/posts"}],"about":[{"href":"https:\/\/infos-droitshumains.net\/index.php?rest_route=\/wp\/v2\/types\/post"}],"author":[{"embeddable":true,"href":"https:\/\/infos-droitshumains.net\/index.php?rest_route=\/wp\/v2\/users\/2"}],"replies":[{"embeddable":true,"href":"https:\/\/infos-droitshumains.net\/index.php?rest_route=%2Fwp%2Fv2%2Fcomments&post=840"}],"version-history":[{"count":1,"href":"https:\/\/infos-droitshumains.net\/index.php?rest_route=\/wp\/v2\/posts\/840\/revisions"}],"predecessor-version":[{"id":842,"href":"https:\/\/infos-droitshumains.net\/index.php?rest_route=\/wp\/v2\/posts\/840\/revisions\/842"}],"wp:attachment":[{"href":"https:\/\/infos-droitshumains.net\/index.php?rest_route=%2Fwp%2Fv2%2Fmedia&parent=840"}],"wp:term":[{"taxonomy":"category","embeddable":true,"href":"https:\/\/infos-droitshumains.net\/index.php?rest_route=%2Fwp%2Fv2%2Fcategories&post=840"},{"taxonomy":"post_tag","embeddable":true,"href":"https:\/\/infos-droitshumains.net\/index.php?rest_route=%2Fwp%2Fv2%2Ftags&post=840"}],"curies":[{"name":"wp","href":"https:\/\/api.w.org\/{rel}","templated":true}]}}