{"id":8383,"date":"2023-10-31T09:17:41","date_gmt":"2023-10-31T08:17:41","guid":{"rendered":"https:\/\/infos-droitshumains.net\/?p=8383"},"modified":"2023-10-31T09:17:44","modified_gmt":"2023-10-31T08:17:44","slug":"rdc-les-representants-et-experts-des-indh-membres-de-lafcndh-echangent-et-partagent-des-experiences-sur-le-suivi-du-respect-des-droits-de-lhomme-en-periode-electorale","status":"publish","type":"post","link":"https:\/\/infos-droitshumains.net\/?p=8383","title":{"rendered":"RDC : les repr\u00e9sentants et experts des INDH, membres de l&rsquo;AFCNDH \u00e9changent et partagent des exp\u00e9riences sur le suivi du respect des droits de l&rsquo;homme en p\u00e9riode \u00e9lectorale"},"content":{"rendered":"\n<p><strong>R\u00e9daction :+243817406088<\/strong><\/p>\n\n\n\n<h4 class=\"wp-block-heading has-vivid-red-color has-text-color\"><em>\u00ab\u00a0Suivi du respect des droits de l&rsquo;homme par les Institutions Nationales des Droits de l&rsquo;Homme(INDH) en p\u00e9riode \u00e9lectorale\u00a0\u00bb<\/em>, ce th\u00e8me est au centre d&rsquo;un atelier d&rsquo;\u00e9changes et de renforcement mutuel des capacit\u00e9s organis\u00e9 \u00e0 Kinshasa par l&rsquo;Association Francophone des Commissions Nationales des Droits de l&rsquo;Homme(AFCNDH) en partenariat avec le Bureau Conjoint des Nations Unies aux Droits de l&rsquo;Homme(BCNUDH) \u00e0 l&rsquo;intention des repr\u00e9sentants Institutions Nationales des Droits de l&rsquo;Homme francophones.<\/h4>\n\n\n\n<p>\u00c0 l&rsquo;ouverture de ces assises qui visent le partage des exp\u00e9riences entre les Institutions Nationales des Droits de l&rsquo;Homme, membres de l&rsquo;AFCNDH en mati\u00e8re de surveillance de la situation des droits de l&rsquo;homme en p\u00e9riode des \u00e9lections, la pr\u00e9sidente de la Commission Nationale des Droits de l&rsquo;Homme de la RDC a rappel\u00e9 le r\u00f4le constitutionnel d\u00e9volu \u00e0 son institution, surtout pendant les \u00e9ch\u00e9ances \u00e9lectorales o\u00f9 l&rsquo;on assiste \u00e0 des risques de violations des droits de l&rsquo;homme sous plusieurs formes.<\/p>\n\n\n\n<p>A en croire la Pr\u00e9sidente de la CNDH-RDC, <em>\u00ab\u00a0L&rsquo;organisation et la tenue des \u00e9lections, qu&rsquo;elles soient g\u00e9n\u00e9rales ou partielles, constituent une occasion pour la CNDH de la RDC, en tant qu&rsquo;organisme technique et consultatif, de proc\u00e9der \u00e0 une surveillance accrue de la mise en \u0153uvre, du respect et de la protection des droits de l&rsquo;homme et des libert\u00e9s fondamentales li\u00e9s aux \u00e9lections reconnus et garantis \u00e0 tout citoyen\u00a0\u00bb<\/em>,<\/p>\n\n\n\n<p>Au regard de la n\u00e9cessit\u00e9 du sujet abord\u00e9 Me. Gis\u00e8le Kapinga Ntumba a promis d&rsquo;int\u00e9grer les mati\u00e8res et les exp\u00e9riences de cet atelier dans la feuille de route qu&rsquo;\u00e9labore son institution pour l&rsquo;observance de la tenue des \u00e9lections de d\u00e9cembre 2023.<\/p>\n\n\n\n<p><em>\u00ab&nbsp;J&rsquo;estime que c&rsquo;est ici l&rsquo;occasion propice pour nous, repr\u00e9sentants de la CNDH-RDC, d&rsquo;acqu\u00e9rir des moyens intellectuels et strat\u00e9giques suppl\u00e9mentaires, en vue de parachever rapidement et d\u00e9finitivement notre feuille de route avec son cadre budg\u00e9taire ainsi que la cartographie de d\u00e9ploiement de nos observateurs \u00e9lectoraux sur terrain le moment venu, outils de travail qui vont nous permettre de mieux observer, avec le regard d&rsquo;une institution d&rsquo;appui \u00e0 la d\u00e9mocratie, cette p\u00e9riode de passage historique pour notre pays&nbsp;\u00bb<\/em>, a-t-elle poursuivi.<\/p>\n\n\n\n<p>Plusieurs modules font l\u2019objet de cet atelier notamment, les \u00e9tapes de pr\u00e9paration des \u00e9lections pour un meilleur respect des droits de l&rsquo;homme, partage entre chaque INDH des actions men\u00e9es en p\u00e9riode \u00e9lectorale(bonnes pratiques, difficult\u00e9s et approches de solutions apport\u00e9es) et les enjeux des droits de l&rsquo;homme en p\u00e9riode \u00e9lectorale.<\/p>\n\n\n\n<p>D\u00e9but\u00e9 lundi 30 octobre, cet atelier se cl\u00f4ture mardi 31. Il r\u00e9unit les&nbsp;&nbsp; repr\u00e9sentants et experts venus des institutions nationales des droits de l&rsquo;homme du B\u00e9nin, du Madagascar, du Mali, de la Mauritanie et du Tchad tous, membres de L&rsquo;AFCNDH.<\/p>\n\n\n\n<p>AM<\/p>\n","protected":false},"excerpt":{"rendered":"<p>R\u00e9daction :+243817406088 \u00ab\u00a0Suivi du respect des droits de l&rsquo;homme par les Institutions Nationales des Droits&#8230;<\/p>\n","protected":false},"author":2,"featured_media":8384,"comment_status":"open","ping_status":"open","sticky":false,"template":"","format":"standard","meta":{"_jetpack_memberships_contains_paid_content":false,"footnotes":""},"categories":[7],"tags":[],"class_list":["post-8383","post","type-post","status-publish","format-standard","has-post-thumbnail","hentry","category-droits-humains"],"yoast_head":"<!-- This site is optimized with the Yoast SEO plugin v27.5 - https:\/\/yoast.com\/product\/yoast-seo-wordpress\/ -->\n<title>RDC : les repr\u00e9sentants et experts des INDH, membres de l&#039;AFCNDH \u00e9changent et partagent des exp\u00e9riences sur le suivi du respect des droits de l&#039;homme en p\u00e9riode \u00e9lectorale - Infos Droits Humains<\/title>\n<meta name=\"robots\" content=\"index, follow, max-snippet:-1, max-image-preview:large, max-video-preview:-1\" \/>\n<link rel=\"canonical\" href=\"https:\/\/infos-droitshumains.net\/?p=8383\" \/>\n<meta property=\"og:locale\" content=\"fr_FR\" \/>\n<meta property=\"og:type\" content=\"article\" \/>\n<meta property=\"og:title\" content=\"RDC : les repr\u00e9sentants et experts des INDH, membres de l&#039;AFCNDH \u00e9changent et partagent des exp\u00e9riences sur le suivi du respect des droits de l&#039;homme en p\u00e9riode \u00e9lectorale - Infos Droits Humains\" \/>\n<meta property=\"og:description\" content=\"R\u00e9daction :+243817406088 \u00ab\u00a0Suivi du respect des droits de l&rsquo;homme par les Institutions Nationales des Droits...\" \/>\n<meta property=\"og:url\" content=\"https:\/\/infos-droitshumains.net\/?p=8383\" \/>\n<meta property=\"og:site_name\" content=\"Infos Droits Humains\" \/>\n<meta property=\"article:published_time\" content=\"2023-10-31T08:17:41+00:00\" \/>\n<meta property=\"article:modified_time\" content=\"2023-10-31T08:17:44+00:00\" \/>\n<meta property=\"og:image\" content=\"https:\/\/infos-droitshumains.net\/wp-content\/uploads\/2023\/10\/IMG-20231031-WA0001.jpg\" \/>\n\t<meta property=\"og:image:width\" content=\"1040\" \/>\n\t<meta property=\"og:image:height\" content=\"780\" \/>\n\t<meta property=\"og:image:type\" content=\"image\/jpeg\" \/>\n<meta name=\"author\" content=\"Jo\u00ebl Diawa\" \/>\n<meta name=\"twitter:card\" content=\"summary_large_image\" \/>\n<meta name=\"twitter:label1\" content=\"\u00c9crit par\" \/>\n\t<meta name=\"twitter:data1\" content=\"Jo\u00ebl Diawa\" \/>\n\t<meta name=\"twitter:label2\" content=\"Dur\u00e9e de lecture estim\u00e9e\" \/>\n\t<meta name=\"twitter:data2\" content=\"3 minutes\" \/>\n<script type=\"application\/ld+json\" class=\"yoast-schema-graph\">{\"@context\":\"https:\\\/\\\/schema.org\",\"@graph\":[{\"@type\":\"Article\",\"@id\":\"https:\\\/\\\/infos-droitshumains.net\\\/?p=8383#article\",\"isPartOf\":{\"@id\":\"https:\\\/\\\/infos-droitshumains.net\\\/?p=8383\"},\"author\":{\"name\":\"Jo\u00ebl Diawa\",\"@id\":\"https:\\\/\\\/infos-droitshumains.net\\\/#\\\/schema\\\/person\\\/3dc5e921c3302172e0ed4362f96faab7\"},\"headline\":\"RDC : les repr\u00e9sentants et experts des INDH, membres de l&rsquo;AFCNDH \u00e9changent et partagent des exp\u00e9riences sur le suivi du respect des droits de l&rsquo;homme en p\u00e9riode \u00e9lectorale\",\"datePublished\":\"2023-10-31T08:17:41+00:00\",\"dateModified\":\"2023-10-31T08:17:44+00:00\",\"mainEntityOfPage\":{\"@id\":\"https:\\\/\\\/infos-droitshumains.net\\\/?p=8383\"},\"wordCount\":500,\"commentCount\":0,\"publisher\":{\"@id\":\"https:\\\/\\\/infos-droitshumains.net\\\/#organization\"},\"image\":{\"@id\":\"https:\\\/\\\/infos-droitshumains.net\\\/?p=8383#primaryimage\"},\"thumbnailUrl\":\"https:\\\/\\\/i0.wp.com\\\/infos-droitshumains.net\\\/wp-content\\\/uploads\\\/2023\\\/10\\\/IMG-20231031-WA0001.jpg?fit=1040%2C780&ssl=1\",\"articleSection\":[\"Droits Humains\"],\"inLanguage\":\"fr-FR\",\"potentialAction\":[{\"@type\":\"CommentAction\",\"name\":\"Comment\",\"target\":[\"https:\\\/\\\/infos-droitshumains.net\\\/?p=8383#respond\"]}]},{\"@type\":\"WebPage\",\"@id\":\"https:\\\/\\\/infos-droitshumains.net\\\/?p=8383\",\"url\":\"https:\\\/\\\/infos-droitshumains.net\\\/?p=8383\",\"name\":\"RDC : les repr\u00e9sentants et experts des INDH, membres de l'AFCNDH \u00e9changent et partagent des exp\u00e9riences sur le suivi du respect des droits de l'homme en p\u00e9riode \u00e9lectorale - Infos Droits Humains\",\"isPartOf\":{\"@id\":\"https:\\\/\\\/infos-droitshumains.net\\\/#website\"},\"primaryImageOfPage\":{\"@id\":\"https:\\\/\\\/infos-droitshumains.net\\\/?p=8383#primaryimage\"},\"image\":{\"@id\":\"https:\\\/\\\/infos-droitshumains.net\\\/?p=8383#primaryimage\"},\"thumbnailUrl\":\"https:\\\/\\\/i0.wp.com\\\/infos-droitshumains.net\\\/wp-content\\\/uploads\\\/2023\\\/10\\\/IMG-20231031-WA0001.jpg?fit=1040%2C780&ssl=1\",\"datePublished\":\"2023-10-31T08:17:41+00:00\",\"dateModified\":\"2023-10-31T08:17:44+00:00\",\"breadcrumb\":{\"@id\":\"https:\\\/\\\/infos-droitshumains.net\\\/?p=8383#breadcrumb\"},\"inLanguage\":\"fr-FR\",\"potentialAction\":[{\"@type\":\"ReadAction\",\"target\":[\"https:\\\/\\\/infos-droitshumains.net\\\/?p=8383\"]}]},{\"@type\":\"ImageObject\",\"inLanguage\":\"fr-FR\",\"@id\":\"https:\\\/\\\/infos-droitshumains.net\\\/?p=8383#primaryimage\",\"url\":\"https:\\\/\\\/i0.wp.com\\\/infos-droitshumains.net\\\/wp-content\\\/uploads\\\/2023\\\/10\\\/IMG-20231031-WA0001.jpg?fit=1040%2C780&ssl=1\",\"contentUrl\":\"https:\\\/\\\/i0.wp.com\\\/infos-droitshumains.net\\\/wp-content\\\/uploads\\\/2023\\\/10\\\/IMG-20231031-WA0001.jpg?fit=1040%2C780&ssl=1\",\"width\":1040,\"height\":780},{\"@type\":\"BreadcrumbList\",\"@id\":\"https:\\\/\\\/infos-droitshumains.net\\\/?p=8383#breadcrumb\",\"itemListElement\":[{\"@type\":\"ListItem\",\"position\":1,\"name\":\"Accueil\",\"item\":\"https:\\\/\\\/infos-droitshumains.net\\\/\"},{\"@type\":\"ListItem\",\"position\":2,\"name\":\"RDC : les repr\u00e9sentants et experts des INDH, membres de l&rsquo;AFCNDH \u00e9changent et partagent des exp\u00e9riences sur le suivi du respect des droits de l&rsquo;homme en p\u00e9riode \u00e9lectorale\"}]},{\"@type\":\"WebSite\",\"@id\":\"https:\\\/\\\/infos-droitshumains.net\\\/#website\",\"url\":\"https:\\\/\\\/infos-droitshumains.net\\\/\",\"name\":\"Infos Droits Humains\",\"description\":\"S&#039;informer est un droit\",\"publisher\":{\"@id\":\"https:\\\/\\\/infos-droitshumains.net\\\/#organization\"},\"potentialAction\":[{\"@type\":\"SearchAction\",\"target\":{\"@type\":\"EntryPoint\",\"urlTemplate\":\"https:\\\/\\\/infos-droitshumains.net\\\/?s={search_term_string}\"},\"query-input\":{\"@type\":\"PropertyValueSpecification\",\"valueRequired\":true,\"valueName\":\"search_term_string\"}}],\"inLanguage\":\"fr-FR\"},{\"@type\":\"Organization\",\"@id\":\"https:\\\/\\\/infos-droitshumains.net\\\/#organization\",\"name\":\"Infos Droits Humains\",\"url\":\"https:\\\/\\\/infos-droitshumains.net\\\/\",\"logo\":{\"@type\":\"ImageObject\",\"inLanguage\":\"fr-FR\",\"@id\":\"https:\\\/\\\/infos-droitshumains.net\\\/#\\\/schema\\\/logo\\\/image\\\/\",\"url\":\"https:\\\/\\\/i0.wp.com\\\/infos-droitshumains.net\\\/wp-content\\\/uploads\\\/2022\\\/05\\\/Logo.png?fit=333%2C129&ssl=1\",\"contentUrl\":\"https:\\\/\\\/i0.wp.com\\\/infos-droitshumains.net\\\/wp-content\\\/uploads\\\/2022\\\/05\\\/Logo.png?fit=333%2C129&ssl=1\",\"width\":333,\"height\":129,\"caption\":\"Infos Droits Humains\"},\"image\":{\"@id\":\"https:\\\/\\\/infos-droitshumains.net\\\/#\\\/schema\\\/logo\\\/image\\\/\"}},{\"@type\":\"Person\",\"@id\":\"https:\\\/\\\/infos-droitshumains.net\\\/#\\\/schema\\\/person\\\/3dc5e921c3302172e0ed4362f96faab7\",\"name\":\"Jo\u00ebl Diawa\",\"image\":{\"@type\":\"ImageObject\",\"inLanguage\":\"fr-FR\",\"@id\":\"https:\\\/\\\/secure.gravatar.com\\\/avatar\\\/729bea6ff4604c624417803c477363be8e3c7186deaa65713313f9b4b820f41c?s=96&d=mm&r=g\",\"url\":\"https:\\\/\\\/secure.gravatar.com\\\/avatar\\\/729bea6ff4604c624417803c477363be8e3c7186deaa65713313f9b4b820f41c?s=96&d=mm&r=g\",\"contentUrl\":\"https:\\\/\\\/secure.gravatar.com\\\/avatar\\\/729bea6ff4604c624417803c477363be8e3c7186deaa65713313f9b4b820f41c?s=96&d=mm&r=g\",\"caption\":\"Jo\u00ebl Diawa\"},\"sameAs\":[\"https:\\\/\\\/www.infos-droitshumains.net\"],\"url\":\"https:\\\/\\\/infos-droitshumains.net\\\/?author=2\"}]}<\/script>\n<!-- \/ Yoast SEO plugin. -->","yoast_head_json":{"title":"RDC : les repr\u00e9sentants et experts des INDH, membres de l'AFCNDH \u00e9changent et partagent des exp\u00e9riences sur le suivi du respect des droits de l'homme en p\u00e9riode \u00e9lectorale - Infos Droits Humains","robots":{"index":"index","follow":"follow","max-snippet":"max-snippet:-1","max-image-preview":"max-image-preview:large","max-video-preview":"max-video-preview:-1"},"canonical":"https:\/\/infos-droitshumains.net\/?p=8383","og_locale":"fr_FR","og_type":"article","og_title":"RDC : les repr\u00e9sentants et experts des INDH, membres de l'AFCNDH \u00e9changent et partagent des exp\u00e9riences sur le suivi du respect des droits de l'homme en p\u00e9riode \u00e9lectorale - Infos Droits Humains","og_description":"R\u00e9daction :+243817406088 \u00ab\u00a0Suivi du respect des droits de l&rsquo;homme par les Institutions Nationales des Droits...","og_url":"https:\/\/infos-droitshumains.net\/?p=8383","og_site_name":"Infos Droits Humains","article_published_time":"2023-10-31T08:17:41+00:00","article_modified_time":"2023-10-31T08:17:44+00:00","og_image":[{"width":1040,"height":780,"url":"https:\/\/infos-droitshumains.net\/wp-content\/uploads\/2023\/10\/IMG-20231031-WA0001.jpg","type":"image\/jpeg"}],"author":"Jo\u00ebl Diawa","twitter_card":"summary_large_image","twitter_misc":{"\u00c9crit par":"Jo\u00ebl Diawa","Dur\u00e9e de lecture estim\u00e9e":"3 minutes"},"schema":{"@context":"https:\/\/schema.org","@graph":[{"@type":"Article","@id":"https:\/\/infos-droitshumains.net\/?p=8383#article","isPartOf":{"@id":"https:\/\/infos-droitshumains.net\/?p=8383"},"author":{"name":"Jo\u00ebl Diawa","@id":"https:\/\/infos-droitshumains.net\/#\/schema\/person\/3dc5e921c3302172e0ed4362f96faab7"},"headline":"RDC : les repr\u00e9sentants et experts des INDH, membres de l&rsquo;AFCNDH \u00e9changent et partagent des exp\u00e9riences sur le suivi du respect des droits de l&rsquo;homme en p\u00e9riode \u00e9lectorale","datePublished":"2023-10-31T08:17:41+00:00","dateModified":"2023-10-31T08:17:44+00:00","mainEntityOfPage":{"@id":"https:\/\/infos-droitshumains.net\/?p=8383"},"wordCount":500,"commentCount":0,"publisher":{"@id":"https:\/\/infos-droitshumains.net\/#organization"},"image":{"@id":"https:\/\/infos-droitshumains.net\/?p=8383#primaryimage"},"thumbnailUrl":"https:\/\/i0.wp.com\/infos-droitshumains.net\/wp-content\/uploads\/2023\/10\/IMG-20231031-WA0001.jpg?fit=1040%2C780&ssl=1","articleSection":["Droits Humains"],"inLanguage":"fr-FR","potentialAction":[{"@type":"CommentAction","name":"Comment","target":["https:\/\/infos-droitshumains.net\/?p=8383#respond"]}]},{"@type":"WebPage","@id":"https:\/\/infos-droitshumains.net\/?p=8383","url":"https:\/\/infos-droitshumains.net\/?p=8383","name":"RDC : les repr\u00e9sentants et experts des INDH, membres de l'AFCNDH \u00e9changent et partagent des exp\u00e9riences sur le suivi du respect des droits de l'homme en p\u00e9riode \u00e9lectorale - Infos Droits Humains","isPartOf":{"@id":"https:\/\/infos-droitshumains.net\/#website"},"primaryImageOfPage":{"@id":"https:\/\/infos-droitshumains.net\/?p=8383#primaryimage"},"image":{"@id":"https:\/\/infos-droitshumains.net\/?p=8383#primaryimage"},"thumbnailUrl":"https:\/\/i0.wp.com\/infos-droitshumains.net\/wp-content\/uploads\/2023\/10\/IMG-20231031-WA0001.jpg?fit=1040%2C780&ssl=1","datePublished":"2023-10-31T08:17:41+00:00","dateModified":"2023-10-31T08:17:44+00:00","breadcrumb":{"@id":"https:\/\/infos-droitshumains.net\/?p=8383#breadcrumb"},"inLanguage":"fr-FR","potentialAction":[{"@type":"ReadAction","target":["https:\/\/infos-droitshumains.net\/?p=8383"]}]},{"@type":"ImageObject","inLanguage":"fr-FR","@id":"https:\/\/infos-droitshumains.net\/?p=8383#primaryimage","url":"https:\/\/i0.wp.com\/infos-droitshumains.net\/wp-content\/uploads\/2023\/10\/IMG-20231031-WA0001.jpg?fit=1040%2C780&ssl=1","contentUrl":"https:\/\/i0.wp.com\/infos-droitshumains.net\/wp-content\/uploads\/2023\/10\/IMG-20231031-WA0001.jpg?fit=1040%2C780&ssl=1","width":1040,"height":780},{"@type":"BreadcrumbList","@id":"https:\/\/infos-droitshumains.net\/?p=8383#breadcrumb","itemListElement":[{"@type":"ListItem","position":1,"name":"Accueil","item":"https:\/\/infos-droitshumains.net\/"},{"@type":"ListItem","position":2,"name":"RDC : les repr\u00e9sentants et experts des INDH, membres de l&rsquo;AFCNDH \u00e9changent et partagent des exp\u00e9riences sur le suivi du respect des droits de l&rsquo;homme en p\u00e9riode \u00e9lectorale"}]},{"@type":"WebSite","@id":"https:\/\/infos-droitshumains.net\/#website","url":"https:\/\/infos-droitshumains.net\/","name":"Infos Droits Humains","description":"S&#039;informer est un droit","publisher":{"@id":"https:\/\/infos-droitshumains.net\/#organization"},"potentialAction":[{"@type":"SearchAction","target":{"@type":"EntryPoint","urlTemplate":"https:\/\/infos-droitshumains.net\/?s={search_term_string}"},"query-input":{"@type":"PropertyValueSpecification","valueRequired":true,"valueName":"search_term_string"}}],"inLanguage":"fr-FR"},{"@type":"Organization","@id":"https:\/\/infos-droitshumains.net\/#organization","name":"Infos Droits Humains","url":"https:\/\/infos-droitshumains.net\/","logo":{"@type":"ImageObject","inLanguage":"fr-FR","@id":"https:\/\/infos-droitshumains.net\/#\/schema\/logo\/image\/","url":"https:\/\/i0.wp.com\/infos-droitshumains.net\/wp-content\/uploads\/2022\/05\/Logo.png?fit=333%2C129&ssl=1","contentUrl":"https:\/\/i0.wp.com\/infos-droitshumains.net\/wp-content\/uploads\/2022\/05\/Logo.png?fit=333%2C129&ssl=1","width":333,"height":129,"caption":"Infos Droits Humains"},"image":{"@id":"https:\/\/infos-droitshumains.net\/#\/schema\/logo\/image\/"}},{"@type":"Person","@id":"https:\/\/infos-droitshumains.net\/#\/schema\/person\/3dc5e921c3302172e0ed4362f96faab7","name":"Jo\u00ebl Diawa","image":{"@type":"ImageObject","inLanguage":"fr-FR","@id":"https:\/\/secure.gravatar.com\/avatar\/729bea6ff4604c624417803c477363be8e3c7186deaa65713313f9b4b820f41c?s=96&d=mm&r=g","url":"https:\/\/secure.gravatar.com\/avatar\/729bea6ff4604c624417803c477363be8e3c7186deaa65713313f9b4b820f41c?s=96&d=mm&r=g","contentUrl":"https:\/\/secure.gravatar.com\/avatar\/729bea6ff4604c624417803c477363be8e3c7186deaa65713313f9b4b820f41c?s=96&d=mm&r=g","caption":"Jo\u00ebl Diawa"},"sameAs":["https:\/\/www.infos-droitshumains.net"],"url":"https:\/\/infos-droitshumains.net\/?author=2"}]}},"featured_image_urls":{"full":["https:\/\/i0.wp.com\/infos-droitshumains.net\/wp-content\/uploads\/2023\/10\/IMG-20231031-WA0001.jpg?fit=1040%2C780&ssl=1",1040,780,false],"thumbnail":["https:\/\/i0.wp.com\/infos-droitshumains.net\/wp-content\/uploads\/2023\/10\/IMG-20231031-WA0001.jpg?resize=150%2C150&ssl=1",150,150,true],"medium":["https:\/\/i0.wp.com\/infos-droitshumains.net\/wp-content\/uploads\/2023\/10\/IMG-20231031-WA0001.jpg?fit=300%2C225&ssl=1",300,225,true],"medium_large":["https:\/\/i0.wp.com\/infos-droitshumains.net\/wp-content\/uploads\/2023\/10\/IMG-20231031-WA0001.jpg?fit=640%2C480&ssl=1",640,480,true],"large":["https:\/\/i0.wp.com\/infos-droitshumains.net\/wp-content\/uploads\/2023\/10\/IMG-20231031-WA0001.jpg?fit=640%2C480&ssl=1",640,480,true],"1536x1536":["https:\/\/i0.wp.com\/infos-droitshumains.net\/wp-content\/uploads\/2023\/10\/IMG-20231031-WA0001.jpg?fit=1040%2C780&ssl=1",1040,780,true],"2048x2048":["https:\/\/i0.wp.com\/infos-droitshumains.net\/wp-content\/uploads\/2023\/10\/IMG-20231031-WA0001.jpg?fit=1040%2C780&ssl=1",1040,780,true],"covernews-slider-full":["https:\/\/i0.wp.com\/infos-droitshumains.net\/wp-content\/uploads\/2023\/10\/IMG-20231031-WA0001.jpg?resize=1040%2C715&ssl=1",1040,715,true],"covernews-slider-center":["https:\/\/i0.wp.com\/infos-droitshumains.net\/wp-content\/uploads\/2023\/10\/IMG-20231031-WA0001.jpg?resize=800%2C500&ssl=1",800,500,true],"covernews-featured":["https:\/\/i0.wp.com\/infos-droitshumains.net\/wp-content\/uploads\/2023\/10\/IMG-20231031-WA0001.jpg?fit=1024%2C768&ssl=1",1024,768,true],"covernews-medium":["https:\/\/i0.wp.com\/infos-droitshumains.net\/wp-content\/uploads\/2023\/10\/IMG-20231031-WA0001.jpg?resize=540%2C340&ssl=1",540,340,true],"covernews-medium-square":["https:\/\/i0.wp.com\/infos-droitshumains.net\/wp-content\/uploads\/2023\/10\/IMG-20231031-WA0001.jpg?resize=400%2C250&ssl=1",400,250,true]},"author_info":{"display_name":"Jo\u00ebl Diawa","author_link":"https:\/\/infos-droitshumains.net\/?author=2"},"category_info":"<a href=\"https:\/\/infos-droitshumains.net\/?cat=7\" rel=\"category\">Droits Humains<\/a>","tag_info":"Droits Humains","comment_count":"0","jetpack_featured_media_url":"https:\/\/i0.wp.com\/infos-droitshumains.net\/wp-content\/uploads\/2023\/10\/IMG-20231031-WA0001.jpg?fit=1040%2C780&ssl=1","jetpack-related-posts":[],"jetpack_sharing_enabled":true,"_links":{"self":[{"href":"https:\/\/infos-droitshumains.net\/index.php?rest_route=\/wp\/v2\/posts\/8383","targetHints":{"allow":["GET"]}}],"collection":[{"href":"https:\/\/infos-droitshumains.net\/index.php?rest_route=\/wp\/v2\/posts"}],"about":[{"href":"https:\/\/infos-droitshumains.net\/index.php?rest_route=\/wp\/v2\/types\/post"}],"author":[{"embeddable":true,"href":"https:\/\/infos-droitshumains.net\/index.php?rest_route=\/wp\/v2\/users\/2"}],"replies":[{"embeddable":true,"href":"https:\/\/infos-droitshumains.net\/index.php?rest_route=%2Fwp%2Fv2%2Fcomments&post=8383"}],"version-history":[{"count":1,"href":"https:\/\/infos-droitshumains.net\/index.php?rest_route=\/wp\/v2\/posts\/8383\/revisions"}],"predecessor-version":[{"id":8385,"href":"https:\/\/infos-droitshumains.net\/index.php?rest_route=\/wp\/v2\/posts\/8383\/revisions\/8385"}],"wp:featuredmedia":[{"embeddable":true,"href":"https:\/\/infos-droitshumains.net\/index.php?rest_route=\/wp\/v2\/media\/8384"}],"wp:attachment":[{"href":"https:\/\/infos-droitshumains.net\/index.php?rest_route=%2Fwp%2Fv2%2Fmedia&parent=8383"}],"wp:term":[{"taxonomy":"category","embeddable":true,"href":"https:\/\/infos-droitshumains.net\/index.php?rest_route=%2Fwp%2Fv2%2Fcategories&post=8383"},{"taxonomy":"post_tag","embeddable":true,"href":"https:\/\/infos-droitshumains.net\/index.php?rest_route=%2Fwp%2Fv2%2Ftags&post=8383"}],"curies":[{"name":"wp","href":"https:\/\/api.w.org\/{rel}","templated":true}]}}