{"id":8372,"date":"2023-10-30T14:13:54","date_gmt":"2023-10-30T13:13:54","guid":{"rendered":"https:\/\/infos-droitshumains.net\/?p=8372"},"modified":"2023-10-31T13:01:18","modified_gmt":"2023-10-31T12:01:18","slug":"lubumbashi-lavocat-general-eric-kuku-kiese-sensibilise-les-nouveaux-magistrats-sur-la-loi-relative-a-la-traite-des-personnes-en-rdc","status":"publish","type":"post","link":"https:\/\/infos-droitshumains.net\/?p=8372","title":{"rendered":"Lubumbashi\u00a0: L&rsquo;Avocat G\u00e9n\u00e9ral et coordonnateur adjoint de la CJVFT, Eric Kuku Kiese sensibilise les nouveaux magistrats sur la loi portant pr\u00e9vention et r\u00e9pression de la traite des personnes en RDC"},"content":{"rendered":"\n<p><strong>R\u00e9daction :+243817406088<\/strong><\/p>\n\n\n\n<h4 class=\"wp-block-heading has-vivid-red-color has-text-color\">Apr\u00e8s Kinshasa, le cap a \u00e9t\u00e9 mis vers Lubumbashi o\u00f9 un autre groupe de 2500 nouveaux magistrats a \u00e9t\u00e9 soumis \u00e0 la formation et renforcement des capacit\u00e9s avant affectation. Durant un trimestre, plusieurs sujets de droit avaient \u00e9t\u00e9 abord\u00e9s dont celui des crimes transnationaux qui sont, le blanchiment des capitaux, le financement du terrorisme et la traite des personnes.<\/h4>\n\n\n\n<p>Ce module a \u00e9t\u00e9 abord\u00e9 par le Procureur Eric Kuku Kiese Nzal\u2019Abar avec maitrise scientifique, juridique et judiciaire av\u00e9r\u00e9e. Cet Avocat G\u00e9n\u00e9ral et substitut du procureur G\u00e9n\u00e9ral pr\u00e8s la Cour de Cassation a expliqu\u00e9 \u00e0 son auditoire, c\u2019est quoi le blanchiment des capitaux qui est <em>\u00ab&nbsp;d\u2019origine criminel&nbsp;\u00bb<\/em>.<\/p>\n\n\n\n<p><em>\u00ab&nbsp;Leur port\u00e9e nocive en R\u00e9publique D\u00e9mocratique du Congo est existentielle. Nous avons estim\u00e9 qu\u2019avec la promulgation des deux textes de loi tr\u00e8s important sur les trois mati\u00e8res, \u00e7a valait la peine comme le conseil sup\u00e9rieur de la magistrature a retenu cela comme mati\u00e8re \u00e0 d\u00e9velopper pour les nouveaux magistrats&nbsp;\u00bb<\/em>, a-t-il expliqu\u00e9.<\/p>\n\n\n\n<p>Abordant la question relative \u00e0 la traite des personnes, l&rsquo;Avocat G\u00e9n\u00e9ral Eric Kuku Kiese Nzal\u2019Abar qui est aussi coordonnateur adjoint de la coordination en charge de la jeunesse, lutte contre les violences bas\u00e9es sur le genre et traite des personnes, service sp\u00e9cialis\u00e9 du cabinet du Chef de l&rsquo;\u00c9tat, a expliqu\u00e9 les modes de commission &nbsp;cette crime et les m\u00e9canismes d\u2019en lutter efficacement ce, avant de pr\u00e9senter les instruments juridiques nationaux et internationaux au nombre desquels, la loi n\u00b0 22\/067 du 26 d\u00e9cembre 2022, modifiant et compl\u00e9tant le d\u00e9cret du 30 janvier 1940 portant code p\u00e9nal congolais en mati\u00e8re de pr\u00e9vention et la r\u00e9pression de la traite des personnes.<\/p>\n\n\n\n<p>Pour lui, les magistrats sont per\u00e7us comme des acteurs de premi\u00e8re ligne dans la chaine p\u00e9nale pour lutter efficacement contre la traite des personnes, il a donc capitalis\u00e9 ce moment d\u2019\u00e9change scientifique avec les nouveaux magistrats afin de vulgariser cette loi promulgu\u00e9e par le Pr\u00e9sident de la R\u00e9publique en d\u00e9cembre 2022.<\/p>\n\n\n\n<p>Cette formation dispens\u00e9e par l\u2019Avocat G\u00e9n\u00e9ral Eric Kuku Kiese est sans aucun doute, un acquis tr\u00e8s consid\u00e9rable car, elle a permis \u00e0 la R\u00e9publique D\u00e9mocratique du Congo d\u2019accroitre le nombre de ses acteurs de premi\u00e8re ligne dans la lutte contre la traite des personnes.<\/p>\n\n\n\n<p>Jo\u00ebl Diawa<\/p>\n","protected":false},"excerpt":{"rendered":"<p>R\u00e9daction :+243817406088 Apr\u00e8s Kinshasa, le cap a \u00e9t\u00e9 mis vers Lubumbashi o\u00f9 un autre groupe&#8230;<\/p>\n","protected":false},"author":2,"featured_media":8373,"comment_status":"open","ping_status":"open","sticky":false,"template":"","format":"standard","meta":{"_jetpack_memberships_contains_paid_content":false,"footnotes":""},"categories":[7],"tags":[],"class_list":["post-8372","post","type-post","status-publish","format-standard","has-post-thumbnail","hentry","category-droits-humains"],"yoast_head":"<!-- This site is optimized with the Yoast SEO plugin v27.5 - https:\/\/yoast.com\/product\/yoast-seo-wordpress\/ -->\n<title>Lubumbashi\u00a0: L&#039;Avocat G\u00e9n\u00e9ral et coordonnateur adjoint de la CJVFT, Eric Kuku Kiese sensibilise les nouveaux magistrats sur la loi portant pr\u00e9vention et r\u00e9pression de la traite des personnes en RDC - Infos Droits Humains<\/title>\n<meta name=\"robots\" content=\"index, follow, max-snippet:-1, max-image-preview:large, max-video-preview:-1\" \/>\n<link rel=\"canonical\" href=\"https:\/\/infos-droitshumains.net\/?p=8372\" \/>\n<meta property=\"og:locale\" content=\"fr_FR\" \/>\n<meta property=\"og:type\" content=\"article\" \/>\n<meta property=\"og:title\" content=\"Lubumbashi\u00a0: L&#039;Avocat G\u00e9n\u00e9ral et coordonnateur adjoint de la CJVFT, Eric Kuku Kiese sensibilise les nouveaux magistrats sur la loi portant pr\u00e9vention et r\u00e9pression de la traite des personnes en RDC - Infos Droits Humains\" \/>\n<meta property=\"og:description\" content=\"R\u00e9daction :+243817406088 Apr\u00e8s Kinshasa, le cap a \u00e9t\u00e9 mis vers Lubumbashi o\u00f9 un autre groupe...\" \/>\n<meta property=\"og:url\" content=\"https:\/\/infos-droitshumains.net\/?p=8372\" \/>\n<meta property=\"og:site_name\" content=\"Infos Droits Humains\" \/>\n<meta property=\"article:published_time\" content=\"2023-10-30T13:13:54+00:00\" \/>\n<meta property=\"article:modified_time\" content=\"2023-10-31T12:01:18+00:00\" \/>\n<meta property=\"og:image\" content=\"https:\/\/infos-droitshumains.net\/wp-content\/uploads\/2023\/10\/Screenshot_20231030-140700_1.jpg\" \/>\n\t<meta property=\"og:image:width\" content=\"717\" \/>\n\t<meta property=\"og:image:height\" content=\"461\" \/>\n\t<meta property=\"og:image:type\" content=\"image\/jpeg\" \/>\n<meta name=\"author\" content=\"Jo\u00ebl Diawa\" \/>\n<meta name=\"twitter:card\" content=\"summary_large_image\" \/>\n<meta name=\"twitter:label1\" content=\"\u00c9crit par\" \/>\n\t<meta name=\"twitter:data1\" content=\"Jo\u00ebl Diawa\" \/>\n\t<meta name=\"twitter:label2\" content=\"Dur\u00e9e de lecture estim\u00e9e\" \/>\n\t<meta name=\"twitter:data2\" content=\"2 minutes\" \/>\n<script type=\"application\/ld+json\" class=\"yoast-schema-graph\">{\"@context\":\"https:\\\/\\\/schema.org\",\"@graph\":[{\"@type\":\"Article\",\"@id\":\"https:\\\/\\\/infos-droitshumains.net\\\/?p=8372#article\",\"isPartOf\":{\"@id\":\"https:\\\/\\\/infos-droitshumains.net\\\/?p=8372\"},\"author\":{\"name\":\"Jo\u00ebl Diawa\",\"@id\":\"https:\\\/\\\/infos-droitshumains.net\\\/#\\\/schema\\\/person\\\/3dc5e921c3302172e0ed4362f96faab7\"},\"headline\":\"Lubumbashi\u00a0: L&rsquo;Avocat G\u00e9n\u00e9ral et coordonnateur adjoint de la CJVFT, Eric Kuku Kiese sensibilise les nouveaux magistrats sur la loi portant pr\u00e9vention et r\u00e9pression de la traite des personnes en RDC\",\"datePublished\":\"2023-10-30T13:13:54+00:00\",\"dateModified\":\"2023-10-31T12:01:18+00:00\",\"mainEntityOfPage\":{\"@id\":\"https:\\\/\\\/infos-droitshumains.net\\\/?p=8372\"},\"wordCount\":448,\"commentCount\":0,\"publisher\":{\"@id\":\"https:\\\/\\\/infos-droitshumains.net\\\/#organization\"},\"image\":{\"@id\":\"https:\\\/\\\/infos-droitshumains.net\\\/?p=8372#primaryimage\"},\"thumbnailUrl\":\"https:\\\/\\\/i0.wp.com\\\/infos-droitshumains.net\\\/wp-content\\\/uploads\\\/2023\\\/10\\\/Screenshot_20231030-140700_1.jpg?fit=717%2C461&ssl=1\",\"articleSection\":[\"Droits Humains\"],\"inLanguage\":\"fr-FR\",\"potentialAction\":[{\"@type\":\"CommentAction\",\"name\":\"Comment\",\"target\":[\"https:\\\/\\\/infos-droitshumains.net\\\/?p=8372#respond\"]}]},{\"@type\":\"WebPage\",\"@id\":\"https:\\\/\\\/infos-droitshumains.net\\\/?p=8372\",\"url\":\"https:\\\/\\\/infos-droitshumains.net\\\/?p=8372\",\"name\":\"Lubumbashi\u00a0: L'Avocat G\u00e9n\u00e9ral et coordonnateur adjoint de la CJVFT, Eric Kuku Kiese sensibilise les nouveaux magistrats sur la loi portant pr\u00e9vention et r\u00e9pression de la traite des personnes en RDC - Infos Droits Humains\",\"isPartOf\":{\"@id\":\"https:\\\/\\\/infos-droitshumains.net\\\/#website\"},\"primaryImageOfPage\":{\"@id\":\"https:\\\/\\\/infos-droitshumains.net\\\/?p=8372#primaryimage\"},\"image\":{\"@id\":\"https:\\\/\\\/infos-droitshumains.net\\\/?p=8372#primaryimage\"},\"thumbnailUrl\":\"https:\\\/\\\/i0.wp.com\\\/infos-droitshumains.net\\\/wp-content\\\/uploads\\\/2023\\\/10\\\/Screenshot_20231030-140700_1.jpg?fit=717%2C461&ssl=1\",\"datePublished\":\"2023-10-30T13:13:54+00:00\",\"dateModified\":\"2023-10-31T12:01:18+00:00\",\"breadcrumb\":{\"@id\":\"https:\\\/\\\/infos-droitshumains.net\\\/?p=8372#breadcrumb\"},\"inLanguage\":\"fr-FR\",\"potentialAction\":[{\"@type\":\"ReadAction\",\"target\":[\"https:\\\/\\\/infos-droitshumains.net\\\/?p=8372\"]}]},{\"@type\":\"ImageObject\",\"inLanguage\":\"fr-FR\",\"@id\":\"https:\\\/\\\/infos-droitshumains.net\\\/?p=8372#primaryimage\",\"url\":\"https:\\\/\\\/i0.wp.com\\\/infos-droitshumains.net\\\/wp-content\\\/uploads\\\/2023\\\/10\\\/Screenshot_20231030-140700_1.jpg?fit=717%2C461&ssl=1\",\"contentUrl\":\"https:\\\/\\\/i0.wp.com\\\/infos-droitshumains.net\\\/wp-content\\\/uploads\\\/2023\\\/10\\\/Screenshot_20231030-140700_1.jpg?fit=717%2C461&ssl=1\",\"width\":717,\"height\":461},{\"@type\":\"BreadcrumbList\",\"@id\":\"https:\\\/\\\/infos-droitshumains.net\\\/?p=8372#breadcrumb\",\"itemListElement\":[{\"@type\":\"ListItem\",\"position\":1,\"name\":\"Accueil\",\"item\":\"https:\\\/\\\/infos-droitshumains.net\\\/\"},{\"@type\":\"ListItem\",\"position\":2,\"name\":\"Lubumbashi\u00a0: L&rsquo;Avocat G\u00e9n\u00e9ral et coordonnateur adjoint de la CJVFT, Eric Kuku Kiese sensibilise les nouveaux magistrats sur la loi portant pr\u00e9vention et r\u00e9pression de la traite des personnes en RDC\"}]},{\"@type\":\"WebSite\",\"@id\":\"https:\\\/\\\/infos-droitshumains.net\\\/#website\",\"url\":\"https:\\\/\\\/infos-droitshumains.net\\\/\",\"name\":\"Infos Droits Humains\",\"description\":\"S&#039;informer est un droit\",\"publisher\":{\"@id\":\"https:\\\/\\\/infos-droitshumains.net\\\/#organization\"},\"potentialAction\":[{\"@type\":\"SearchAction\",\"target\":{\"@type\":\"EntryPoint\",\"urlTemplate\":\"https:\\\/\\\/infos-droitshumains.net\\\/?s={search_term_string}\"},\"query-input\":{\"@type\":\"PropertyValueSpecification\",\"valueRequired\":true,\"valueName\":\"search_term_string\"}}],\"inLanguage\":\"fr-FR\"},{\"@type\":\"Organization\",\"@id\":\"https:\\\/\\\/infos-droitshumains.net\\\/#organization\",\"name\":\"Infos Droits Humains\",\"url\":\"https:\\\/\\\/infos-droitshumains.net\\\/\",\"logo\":{\"@type\":\"ImageObject\",\"inLanguage\":\"fr-FR\",\"@id\":\"https:\\\/\\\/infos-droitshumains.net\\\/#\\\/schema\\\/logo\\\/image\\\/\",\"url\":\"https:\\\/\\\/i0.wp.com\\\/infos-droitshumains.net\\\/wp-content\\\/uploads\\\/2022\\\/05\\\/Logo.png?fit=333%2C129&ssl=1\",\"contentUrl\":\"https:\\\/\\\/i0.wp.com\\\/infos-droitshumains.net\\\/wp-content\\\/uploads\\\/2022\\\/05\\\/Logo.png?fit=333%2C129&ssl=1\",\"width\":333,\"height\":129,\"caption\":\"Infos Droits Humains\"},\"image\":{\"@id\":\"https:\\\/\\\/infos-droitshumains.net\\\/#\\\/schema\\\/logo\\\/image\\\/\"}},{\"@type\":\"Person\",\"@id\":\"https:\\\/\\\/infos-droitshumains.net\\\/#\\\/schema\\\/person\\\/3dc5e921c3302172e0ed4362f96faab7\",\"name\":\"Jo\u00ebl Diawa\",\"image\":{\"@type\":\"ImageObject\",\"inLanguage\":\"fr-FR\",\"@id\":\"https:\\\/\\\/secure.gravatar.com\\\/avatar\\\/729bea6ff4604c624417803c477363be8e3c7186deaa65713313f9b4b820f41c?s=96&d=mm&r=g\",\"url\":\"https:\\\/\\\/secure.gravatar.com\\\/avatar\\\/729bea6ff4604c624417803c477363be8e3c7186deaa65713313f9b4b820f41c?s=96&d=mm&r=g\",\"contentUrl\":\"https:\\\/\\\/secure.gravatar.com\\\/avatar\\\/729bea6ff4604c624417803c477363be8e3c7186deaa65713313f9b4b820f41c?s=96&d=mm&r=g\",\"caption\":\"Jo\u00ebl Diawa\"},\"sameAs\":[\"https:\\\/\\\/www.infos-droitshumains.net\"],\"url\":\"https:\\\/\\\/infos-droitshumains.net\\\/?author=2\"}]}<\/script>\n<!-- \/ Yoast SEO plugin. -->","yoast_head_json":{"title":"Lubumbashi\u00a0: L'Avocat G\u00e9n\u00e9ral et coordonnateur adjoint de la CJVFT, Eric Kuku Kiese sensibilise les nouveaux magistrats sur la loi portant pr\u00e9vention et r\u00e9pression de la traite des personnes en RDC - Infos Droits Humains","robots":{"index":"index","follow":"follow","max-snippet":"max-snippet:-1","max-image-preview":"max-image-preview:large","max-video-preview":"max-video-preview:-1"},"canonical":"https:\/\/infos-droitshumains.net\/?p=8372","og_locale":"fr_FR","og_type":"article","og_title":"Lubumbashi\u00a0: L'Avocat G\u00e9n\u00e9ral et coordonnateur adjoint de la CJVFT, Eric Kuku Kiese sensibilise les nouveaux magistrats sur la loi portant pr\u00e9vention et r\u00e9pression de la traite des personnes en RDC - Infos Droits Humains","og_description":"R\u00e9daction :+243817406088 Apr\u00e8s Kinshasa, le cap a \u00e9t\u00e9 mis vers Lubumbashi o\u00f9 un autre groupe...","og_url":"https:\/\/infos-droitshumains.net\/?p=8372","og_site_name":"Infos Droits Humains","article_published_time":"2023-10-30T13:13:54+00:00","article_modified_time":"2023-10-31T12:01:18+00:00","og_image":[{"width":717,"height":461,"url":"https:\/\/infos-droitshumains.net\/wp-content\/uploads\/2023\/10\/Screenshot_20231030-140700_1.jpg","type":"image\/jpeg"}],"author":"Jo\u00ebl Diawa","twitter_card":"summary_large_image","twitter_misc":{"\u00c9crit par":"Jo\u00ebl Diawa","Dur\u00e9e de lecture estim\u00e9e":"2 minutes"},"schema":{"@context":"https:\/\/schema.org","@graph":[{"@type":"Article","@id":"https:\/\/infos-droitshumains.net\/?p=8372#article","isPartOf":{"@id":"https:\/\/infos-droitshumains.net\/?p=8372"},"author":{"name":"Jo\u00ebl Diawa","@id":"https:\/\/infos-droitshumains.net\/#\/schema\/person\/3dc5e921c3302172e0ed4362f96faab7"},"headline":"Lubumbashi\u00a0: L&rsquo;Avocat G\u00e9n\u00e9ral et coordonnateur adjoint de la CJVFT, Eric Kuku Kiese sensibilise les nouveaux magistrats sur la loi portant pr\u00e9vention et r\u00e9pression de la traite des personnes en RDC","datePublished":"2023-10-30T13:13:54+00:00","dateModified":"2023-10-31T12:01:18+00:00","mainEntityOfPage":{"@id":"https:\/\/infos-droitshumains.net\/?p=8372"},"wordCount":448,"commentCount":0,"publisher":{"@id":"https:\/\/infos-droitshumains.net\/#organization"},"image":{"@id":"https:\/\/infos-droitshumains.net\/?p=8372#primaryimage"},"thumbnailUrl":"https:\/\/i0.wp.com\/infos-droitshumains.net\/wp-content\/uploads\/2023\/10\/Screenshot_20231030-140700_1.jpg?fit=717%2C461&ssl=1","articleSection":["Droits Humains"],"inLanguage":"fr-FR","potentialAction":[{"@type":"CommentAction","name":"Comment","target":["https:\/\/infos-droitshumains.net\/?p=8372#respond"]}]},{"@type":"WebPage","@id":"https:\/\/infos-droitshumains.net\/?p=8372","url":"https:\/\/infos-droitshumains.net\/?p=8372","name":"Lubumbashi\u00a0: L'Avocat G\u00e9n\u00e9ral et coordonnateur adjoint de la CJVFT, Eric Kuku Kiese sensibilise les nouveaux magistrats sur la loi portant pr\u00e9vention et r\u00e9pression de la traite des personnes en RDC - Infos Droits Humains","isPartOf":{"@id":"https:\/\/infos-droitshumains.net\/#website"},"primaryImageOfPage":{"@id":"https:\/\/infos-droitshumains.net\/?p=8372#primaryimage"},"image":{"@id":"https:\/\/infos-droitshumains.net\/?p=8372#primaryimage"},"thumbnailUrl":"https:\/\/i0.wp.com\/infos-droitshumains.net\/wp-content\/uploads\/2023\/10\/Screenshot_20231030-140700_1.jpg?fit=717%2C461&ssl=1","datePublished":"2023-10-30T13:13:54+00:00","dateModified":"2023-10-31T12:01:18+00:00","breadcrumb":{"@id":"https:\/\/infos-droitshumains.net\/?p=8372#breadcrumb"},"inLanguage":"fr-FR","potentialAction":[{"@type":"ReadAction","target":["https:\/\/infos-droitshumains.net\/?p=8372"]}]},{"@type":"ImageObject","inLanguage":"fr-FR","@id":"https:\/\/infos-droitshumains.net\/?p=8372#primaryimage","url":"https:\/\/i0.wp.com\/infos-droitshumains.net\/wp-content\/uploads\/2023\/10\/Screenshot_20231030-140700_1.jpg?fit=717%2C461&ssl=1","contentUrl":"https:\/\/i0.wp.com\/infos-droitshumains.net\/wp-content\/uploads\/2023\/10\/Screenshot_20231030-140700_1.jpg?fit=717%2C461&ssl=1","width":717,"height":461},{"@type":"BreadcrumbList","@id":"https:\/\/infos-droitshumains.net\/?p=8372#breadcrumb","itemListElement":[{"@type":"ListItem","position":1,"name":"Accueil","item":"https:\/\/infos-droitshumains.net\/"},{"@type":"ListItem","position":2,"name":"Lubumbashi\u00a0: L&rsquo;Avocat G\u00e9n\u00e9ral et coordonnateur adjoint de la CJVFT, Eric Kuku Kiese sensibilise les nouveaux magistrats sur la loi portant pr\u00e9vention et r\u00e9pression de la traite des personnes en RDC"}]},{"@type":"WebSite","@id":"https:\/\/infos-droitshumains.net\/#website","url":"https:\/\/infos-droitshumains.net\/","name":"Infos Droits Humains","description":"S&#039;informer est un droit","publisher":{"@id":"https:\/\/infos-droitshumains.net\/#organization"},"potentialAction":[{"@type":"SearchAction","target":{"@type":"EntryPoint","urlTemplate":"https:\/\/infos-droitshumains.net\/?s={search_term_string}"},"query-input":{"@type":"PropertyValueSpecification","valueRequired":true,"valueName":"search_term_string"}}],"inLanguage":"fr-FR"},{"@type":"Organization","@id":"https:\/\/infos-droitshumains.net\/#organization","name":"Infos Droits Humains","url":"https:\/\/infos-droitshumains.net\/","logo":{"@type":"ImageObject","inLanguage":"fr-FR","@id":"https:\/\/infos-droitshumains.net\/#\/schema\/logo\/image\/","url":"https:\/\/i0.wp.com\/infos-droitshumains.net\/wp-content\/uploads\/2022\/05\/Logo.png?fit=333%2C129&ssl=1","contentUrl":"https:\/\/i0.wp.com\/infos-droitshumains.net\/wp-content\/uploads\/2022\/05\/Logo.png?fit=333%2C129&ssl=1","width":333,"height":129,"caption":"Infos Droits Humains"},"image":{"@id":"https:\/\/infos-droitshumains.net\/#\/schema\/logo\/image\/"}},{"@type":"Person","@id":"https:\/\/infos-droitshumains.net\/#\/schema\/person\/3dc5e921c3302172e0ed4362f96faab7","name":"Jo\u00ebl Diawa","image":{"@type":"ImageObject","inLanguage":"fr-FR","@id":"https:\/\/secure.gravatar.com\/avatar\/729bea6ff4604c624417803c477363be8e3c7186deaa65713313f9b4b820f41c?s=96&d=mm&r=g","url":"https:\/\/secure.gravatar.com\/avatar\/729bea6ff4604c624417803c477363be8e3c7186deaa65713313f9b4b820f41c?s=96&d=mm&r=g","contentUrl":"https:\/\/secure.gravatar.com\/avatar\/729bea6ff4604c624417803c477363be8e3c7186deaa65713313f9b4b820f41c?s=96&d=mm&r=g","caption":"Jo\u00ebl Diawa"},"sameAs":["https:\/\/www.infos-droitshumains.net"],"url":"https:\/\/infos-droitshumains.net\/?author=2"}]}},"featured_image_urls":{"full":["https:\/\/i0.wp.com\/infos-droitshumains.net\/wp-content\/uploads\/2023\/10\/Screenshot_20231030-140700_1.jpg?fit=717%2C461&ssl=1",717,461,false],"thumbnail":["https:\/\/i0.wp.com\/infos-droitshumains.net\/wp-content\/uploads\/2023\/10\/Screenshot_20231030-140700_1.jpg?resize=150%2C150&ssl=1",150,150,true],"medium":["https:\/\/i0.wp.com\/infos-droitshumains.net\/wp-content\/uploads\/2023\/10\/Screenshot_20231030-140700_1.jpg?fit=300%2C193&ssl=1",300,193,true],"medium_large":["https:\/\/i0.wp.com\/infos-droitshumains.net\/wp-content\/uploads\/2023\/10\/Screenshot_20231030-140700_1.jpg?fit=640%2C411&ssl=1",640,411,true],"large":["https:\/\/i0.wp.com\/infos-droitshumains.net\/wp-content\/uploads\/2023\/10\/Screenshot_20231030-140700_1.jpg?fit=640%2C411&ssl=1",640,411,true],"1536x1536":["https:\/\/i0.wp.com\/infos-droitshumains.net\/wp-content\/uploads\/2023\/10\/Screenshot_20231030-140700_1.jpg?fit=717%2C461&ssl=1",717,461,true],"2048x2048":["https:\/\/i0.wp.com\/infos-droitshumains.net\/wp-content\/uploads\/2023\/10\/Screenshot_20231030-140700_1.jpg?fit=717%2C461&ssl=1",717,461,true],"covernews-slider-full":["https:\/\/i0.wp.com\/infos-droitshumains.net\/wp-content\/uploads\/2023\/10\/Screenshot_20231030-140700_1.jpg?resize=717%2C461&ssl=1",717,461,true],"covernews-slider-center":["https:\/\/i0.wp.com\/infos-droitshumains.net\/wp-content\/uploads\/2023\/10\/Screenshot_20231030-140700_1.jpg?resize=717%2C461&ssl=1",717,461,true],"covernews-featured":["https:\/\/i0.wp.com\/infos-droitshumains.net\/wp-content\/uploads\/2023\/10\/Screenshot_20231030-140700_1.jpg?fit=717%2C461&ssl=1",717,461,true],"covernews-medium":["https:\/\/i0.wp.com\/infos-droitshumains.net\/wp-content\/uploads\/2023\/10\/Screenshot_20231030-140700_1.jpg?resize=540%2C340&ssl=1",540,340,true],"covernews-medium-square":["https:\/\/i0.wp.com\/infos-droitshumains.net\/wp-content\/uploads\/2023\/10\/Screenshot_20231030-140700_1.jpg?resize=400%2C250&ssl=1",400,250,true]},"author_info":{"display_name":"Jo\u00ebl Diawa","author_link":"https:\/\/infos-droitshumains.net\/?author=2"},"category_info":"<a href=\"https:\/\/infos-droitshumains.net\/?cat=7\" rel=\"category\">Droits Humains<\/a>","tag_info":"Droits Humains","comment_count":"0","jetpack_featured_media_url":"https:\/\/i0.wp.com\/infos-droitshumains.net\/wp-content\/uploads\/2023\/10\/Screenshot_20231030-140700_1.jpg?fit=717%2C461&ssl=1","jetpack-related-posts":[],"jetpack_sharing_enabled":true,"_links":{"self":[{"href":"https:\/\/infos-droitshumains.net\/index.php?rest_route=\/wp\/v2\/posts\/8372","targetHints":{"allow":["GET"]}}],"collection":[{"href":"https:\/\/infos-droitshumains.net\/index.php?rest_route=\/wp\/v2\/posts"}],"about":[{"href":"https:\/\/infos-droitshumains.net\/index.php?rest_route=\/wp\/v2\/types\/post"}],"author":[{"embeddable":true,"href":"https:\/\/infos-droitshumains.net\/index.php?rest_route=\/wp\/v2\/users\/2"}],"replies":[{"embeddable":true,"href":"https:\/\/infos-droitshumains.net\/index.php?rest_route=%2Fwp%2Fv2%2Fcomments&post=8372"}],"version-history":[{"count":7,"href":"https:\/\/infos-droitshumains.net\/index.php?rest_route=\/wp\/v2\/posts\/8372\/revisions"}],"predecessor-version":[{"id":8387,"href":"https:\/\/infos-droitshumains.net\/index.php?rest_route=\/wp\/v2\/posts\/8372\/revisions\/8387"}],"wp:featuredmedia":[{"embeddable":true,"href":"https:\/\/infos-droitshumains.net\/index.php?rest_route=\/wp\/v2\/media\/8373"}],"wp:attachment":[{"href":"https:\/\/infos-droitshumains.net\/index.php?rest_route=%2Fwp%2Fv2%2Fmedia&parent=8372"}],"wp:term":[{"taxonomy":"category","embeddable":true,"href":"https:\/\/infos-droitshumains.net\/index.php?rest_route=%2Fwp%2Fv2%2Fcategories&post=8372"},{"taxonomy":"post_tag","embeddable":true,"href":"https:\/\/infos-droitshumains.net\/index.php?rest_route=%2Fwp%2Fv2%2Ftags&post=8372"}],"curies":[{"name":"wp","href":"https:\/\/api.w.org\/{rel}","templated":true}]}}