{"id":8369,"date":"2023-10-30T12:37:25","date_gmt":"2023-10-30T11:37:25","guid":{"rendered":"https:\/\/infos-droitshumains.net\/?p=8369"},"modified":"2023-10-30T19:07:49","modified_gmt":"2023-10-30T18:07:49","slug":"rdc-les-ongdh-remercient-tous-les-acteurs-impliques-dans-laboutissement-de-la-loi-relative-a-la-protection-et-a-la-responsabilite-du-ddh","status":"publish","type":"post","link":"https:\/\/infos-droitshumains.net\/?p=8369","title":{"rendered":"RDC: les ONGDH remercient tous les acteurs impliqu\u00e9s dans l&rsquo;aboutissement de la loi relative \u00e0 la protection et \u00e0 la responsabilit\u00e9 du DDH"},"content":{"rendered":"\n<p><strong>R\u00e9daction :+243817406088<\/strong><\/p>\n\n\n\n<h4 class=\"wp-block-heading has-vivid-red-color has-text-color\">Apr\u00e8s un long processus et un travail ardu, la R\u00e9publique D\u00e9mocratique du Congo dispose dor\u00e9navant de la loi relative \u00e0 la protection et \u00e0 la responsabilit\u00e9 du d\u00e9fenseur des droits de l&rsquo;homme. Un \u00e9v\u00e9nement salu\u00e9 par les organisations de la soci\u00e9t\u00e9 civile congolaise r\u00e9unies dans un groupe de travail sur la loi des d\u00e9fenseurs des droits de l&rsquo;homme. Au cours d&rsquo;une conf\u00e9rence de presse tenue le 28 octobre 2023 \u00e0 Kinshasa sous l&rsquo;appui financier du centre Carter et avocats sans fronti\u00e8res, ce groupe de travail a remerci\u00e9 tous les acteurs impliqu\u00e9s dans l&rsquo;aboutissement de cette loi.<\/h4>\n\n\n\n<p><em>\u00ab&nbsp;Les organisations de la soci\u00e9t\u00e9 civile r\u00e9unies dans un groupe de travail sur la loi des d\u00e9fenseurs des droits de l&rsquo;homme comprenant ONGs nationales et internationales ainsi que les r\u00e9seaux de protection des d\u00e9fenseurs des droits de l&rsquo;homme de toutes les provinces de la RDC manifestent ce jour, leurs sentiments de joie et de gratitude \u00e0 l&rsquo;\u00e9gard de tous ceux qui ont contribu\u00e9 \u00e0 tous les niveaux possibles, pour la dotation au peuple congolais de la loi n\u00b023\/027 relative \u00e0 la protection et \u00e0 la responsabilit\u00e9 du d\u00e9fenseur des droits de l&rsquo;homme. Au pr\u00e9sident de la R\u00e9publique qui a appos\u00e9 sa signature sur la loi et a autoris\u00e9 sa publication au journal officiel, sans oublier les d\u00e9put\u00e9s nationaux et s\u00e9nateurs de cette l\u00e9gislature&nbsp;\u00bb<\/em>, a d\u00e9clar\u00e9 Abel Masudi, membre du groupe de travail sur la loi des d\u00e9fenseurs des droits de l&rsquo;homme et&nbsp; coordonnateur du REPRODEV.<\/p>\n\n\n\n<p>Maitre Henri Wembolua Otshudi, membre de ce groupe de travail et pr\u00e9sident de l&rsquo;Alliance pour l&rsquo;Universalit\u00e9 des Droits Fondamentaux (AUDF) a relev\u00e9 l&rsquo;apport de cette loi qui constitue la r\u00e9ponse \u00e0 l&rsquo;une des recommandations faites \u00e0 la RDC par le comit\u00e9 des droits de l&rsquo;homme lors du dernier examen p\u00e9riodique universel.<\/p>\n\n\n\n<p><em>\u00ab\u00a0Ce qui est vis\u00e9 par cette loi, c&rsquo;est l&rsquo;assainissement de l&rsquo;environnement de travail des d\u00e9fenseurs des droits de l&rsquo;homme et leur protection pour les actes pos\u00e9s dans le cadre de la promotion et la protection des droits de l&rsquo;homme. Avec cette loi, la protection des d\u00e9fenseurs des droits de l&rsquo;homme est garantie et m\u00eame la reconnaissance du droit de d\u00e9fendre les droits de l&rsquo;homme\u00a0\u00bb<\/em>, a-t-il ajout\u00e9 avant de rappeler, qui est le d\u00e9fenseur des droits de l&rsquo;homme conform\u00e9ment aux points a, b et c de l&rsquo;article 2 de cette nouvelle loi.<\/p>\n\n\n\n<p><em>\u00ab&nbsp;Au sens de la pr\u00e9sente loi, on entend par d\u00e9fenseur des droits de l&rsquo;homme, toute personne qui contribue \u00e0 la promotion des droits de l&rsquo;homme. Et comme tel, le d\u00e9fenseur des droits de l&rsquo;homme peut agir de mani\u00e8re individuelle ou en association&nbsp;\u00bb<\/em>, a indiqu\u00e9 maitre Henri Wembolua Otshudi.<\/p>\n\n\n\n<p>Apr\u00e8s rejet de ses deux projets de loi par les l\u00e9gislatures pass\u00e9es, la loi relative \u00e0 la protection et \u00e0 la responsabilit\u00e9 du d\u00e9fenseur des droits de l&rsquo;homme en RDC qui comprend 30 articles a \u00e9t\u00e9 promulgu\u00e9e le 15 juin 2023 par le pr\u00e9sident de la R\u00e9publique et publi\u00e9e au journal officiel le 8 juillet 2023.<\/p>\n\n\n\n<p>AM<\/p>\n","protected":false},"excerpt":{"rendered":"<p>R\u00e9daction :+243817406088 Apr\u00e8s un long processus et un travail ardu, la R\u00e9publique D\u00e9mocratique du Congo&#8230;<\/p>\n","protected":false},"author":2,"featured_media":8370,"comment_status":"open","ping_status":"open","sticky":false,"template":"","format":"standard","meta":{"_jetpack_memberships_contains_paid_content":false,"footnotes":""},"categories":[7],"tags":[],"class_list":["post-8369","post","type-post","status-publish","format-standard","has-post-thumbnail","hentry","category-droits-humains"],"yoast_head":"<!-- This site is optimized with the Yoast SEO plugin v27.5 - https:\/\/yoast.com\/product\/yoast-seo-wordpress\/ -->\n<title>RDC: les ONGDH remercient tous les acteurs impliqu\u00e9s dans l&#039;aboutissement de la loi relative \u00e0 la protection et \u00e0 la responsabilit\u00e9 du DDH - Infos Droits Humains<\/title>\n<meta name=\"robots\" content=\"index, follow, max-snippet:-1, max-image-preview:large, max-video-preview:-1\" \/>\n<link rel=\"canonical\" href=\"https:\/\/infos-droitshumains.net\/?p=8369\" \/>\n<meta property=\"og:locale\" content=\"fr_FR\" \/>\n<meta property=\"og:type\" content=\"article\" \/>\n<meta property=\"og:title\" content=\"RDC: les ONGDH remercient tous les acteurs impliqu\u00e9s dans l&#039;aboutissement de la loi relative \u00e0 la protection et \u00e0 la responsabilit\u00e9 du DDH - Infos Droits Humains\" \/>\n<meta property=\"og:description\" content=\"R\u00e9daction :+243817406088 Apr\u00e8s un long processus et un travail ardu, la R\u00e9publique D\u00e9mocratique du Congo...\" \/>\n<meta property=\"og:url\" content=\"https:\/\/infos-droitshumains.net\/?p=8369\" \/>\n<meta property=\"og:site_name\" content=\"Infos Droits Humains\" \/>\n<meta property=\"article:published_time\" content=\"2023-10-30T11:37:25+00:00\" \/>\n<meta property=\"article:modified_time\" content=\"2023-10-30T18:07:49+00:00\" \/>\n<meta property=\"og:image\" content=\"https:\/\/infos-droitshumains.net\/wp-content\/uploads\/2023\/10\/IMG-20231030-WA0010.jpg\" \/>\n\t<meta property=\"og:image:width\" content=\"1024\" \/>\n\t<meta property=\"og:image:height\" content=\"768\" \/>\n\t<meta property=\"og:image:type\" content=\"image\/jpeg\" \/>\n<meta name=\"author\" content=\"Jo\u00ebl Diawa\" \/>\n<meta name=\"twitter:card\" content=\"summary_large_image\" \/>\n<meta name=\"twitter:label1\" content=\"\u00c9crit par\" \/>\n\t<meta name=\"twitter:data1\" content=\"Jo\u00ebl Diawa\" \/>\n\t<meta name=\"twitter:label2\" content=\"Dur\u00e9e de lecture estim\u00e9e\" \/>\n\t<meta name=\"twitter:data2\" content=\"3 minutes\" \/>\n<script type=\"application\/ld+json\" class=\"yoast-schema-graph\">{\"@context\":\"https:\\\/\\\/schema.org\",\"@graph\":[{\"@type\":\"Article\",\"@id\":\"https:\\\/\\\/infos-droitshumains.net\\\/?p=8369#article\",\"isPartOf\":{\"@id\":\"https:\\\/\\\/infos-droitshumains.net\\\/?p=8369\"},\"author\":{\"name\":\"Jo\u00ebl Diawa\",\"@id\":\"https:\\\/\\\/infos-droitshumains.net\\\/#\\\/schema\\\/person\\\/3dc5e921c3302172e0ed4362f96faab7\"},\"headline\":\"RDC: les ONGDH remercient tous les acteurs impliqu\u00e9s dans l&rsquo;aboutissement de la loi relative \u00e0 la protection et \u00e0 la responsabilit\u00e9 du DDH\",\"datePublished\":\"2023-10-30T11:37:25+00:00\",\"dateModified\":\"2023-10-30T18:07:49+00:00\",\"mainEntityOfPage\":{\"@id\":\"https:\\\/\\\/infos-droitshumains.net\\\/?p=8369\"},\"wordCount\":546,\"commentCount\":0,\"publisher\":{\"@id\":\"https:\\\/\\\/infos-droitshumains.net\\\/#organization\"},\"image\":{\"@id\":\"https:\\\/\\\/infos-droitshumains.net\\\/?p=8369#primaryimage\"},\"thumbnailUrl\":\"https:\\\/\\\/i0.wp.com\\\/infos-droitshumains.net\\\/wp-content\\\/uploads\\\/2023\\\/10\\\/IMG-20231030-WA0010.jpg?fit=1024%2C768&ssl=1\",\"articleSection\":[\"Droits Humains\"],\"inLanguage\":\"fr-FR\",\"potentialAction\":[{\"@type\":\"CommentAction\",\"name\":\"Comment\",\"target\":[\"https:\\\/\\\/infos-droitshumains.net\\\/?p=8369#respond\"]}]},{\"@type\":\"WebPage\",\"@id\":\"https:\\\/\\\/infos-droitshumains.net\\\/?p=8369\",\"url\":\"https:\\\/\\\/infos-droitshumains.net\\\/?p=8369\",\"name\":\"RDC: les ONGDH remercient tous les acteurs impliqu\u00e9s dans l'aboutissement de la loi relative \u00e0 la protection et \u00e0 la responsabilit\u00e9 du DDH - Infos Droits Humains\",\"isPartOf\":{\"@id\":\"https:\\\/\\\/infos-droitshumains.net\\\/#website\"},\"primaryImageOfPage\":{\"@id\":\"https:\\\/\\\/infos-droitshumains.net\\\/?p=8369#primaryimage\"},\"image\":{\"@id\":\"https:\\\/\\\/infos-droitshumains.net\\\/?p=8369#primaryimage\"},\"thumbnailUrl\":\"https:\\\/\\\/i0.wp.com\\\/infos-droitshumains.net\\\/wp-content\\\/uploads\\\/2023\\\/10\\\/IMG-20231030-WA0010.jpg?fit=1024%2C768&ssl=1\",\"datePublished\":\"2023-10-30T11:37:25+00:00\",\"dateModified\":\"2023-10-30T18:07:49+00:00\",\"breadcrumb\":{\"@id\":\"https:\\\/\\\/infos-droitshumains.net\\\/?p=8369#breadcrumb\"},\"inLanguage\":\"fr-FR\",\"potentialAction\":[{\"@type\":\"ReadAction\",\"target\":[\"https:\\\/\\\/infos-droitshumains.net\\\/?p=8369\"]}]},{\"@type\":\"ImageObject\",\"inLanguage\":\"fr-FR\",\"@id\":\"https:\\\/\\\/infos-droitshumains.net\\\/?p=8369#primaryimage\",\"url\":\"https:\\\/\\\/i0.wp.com\\\/infos-droitshumains.net\\\/wp-content\\\/uploads\\\/2023\\\/10\\\/IMG-20231030-WA0010.jpg?fit=1024%2C768&ssl=1\",\"contentUrl\":\"https:\\\/\\\/i0.wp.com\\\/infos-droitshumains.net\\\/wp-content\\\/uploads\\\/2023\\\/10\\\/IMG-20231030-WA0010.jpg?fit=1024%2C768&ssl=1\",\"width\":1024,\"height\":768},{\"@type\":\"BreadcrumbList\",\"@id\":\"https:\\\/\\\/infos-droitshumains.net\\\/?p=8369#breadcrumb\",\"itemListElement\":[{\"@type\":\"ListItem\",\"position\":1,\"name\":\"Accueil\",\"item\":\"https:\\\/\\\/infos-droitshumains.net\\\/\"},{\"@type\":\"ListItem\",\"position\":2,\"name\":\"RDC: les ONGDH remercient tous les acteurs impliqu\u00e9s dans l&rsquo;aboutissement de la loi relative \u00e0 la protection et \u00e0 la responsabilit\u00e9 du DDH\"}]},{\"@type\":\"WebSite\",\"@id\":\"https:\\\/\\\/infos-droitshumains.net\\\/#website\",\"url\":\"https:\\\/\\\/infos-droitshumains.net\\\/\",\"name\":\"Infos Droits Humains\",\"description\":\"S&#039;informer est un droit\",\"publisher\":{\"@id\":\"https:\\\/\\\/infos-droitshumains.net\\\/#organization\"},\"potentialAction\":[{\"@type\":\"SearchAction\",\"target\":{\"@type\":\"EntryPoint\",\"urlTemplate\":\"https:\\\/\\\/infos-droitshumains.net\\\/?s={search_term_string}\"},\"query-input\":{\"@type\":\"PropertyValueSpecification\",\"valueRequired\":true,\"valueName\":\"search_term_string\"}}],\"inLanguage\":\"fr-FR\"},{\"@type\":\"Organization\",\"@id\":\"https:\\\/\\\/infos-droitshumains.net\\\/#organization\",\"name\":\"Infos Droits Humains\",\"url\":\"https:\\\/\\\/infos-droitshumains.net\\\/\",\"logo\":{\"@type\":\"ImageObject\",\"inLanguage\":\"fr-FR\",\"@id\":\"https:\\\/\\\/infos-droitshumains.net\\\/#\\\/schema\\\/logo\\\/image\\\/\",\"url\":\"https:\\\/\\\/i0.wp.com\\\/infos-droitshumains.net\\\/wp-content\\\/uploads\\\/2022\\\/05\\\/Logo.png?fit=333%2C129&ssl=1\",\"contentUrl\":\"https:\\\/\\\/i0.wp.com\\\/infos-droitshumains.net\\\/wp-content\\\/uploads\\\/2022\\\/05\\\/Logo.png?fit=333%2C129&ssl=1\",\"width\":333,\"height\":129,\"caption\":\"Infos Droits Humains\"},\"image\":{\"@id\":\"https:\\\/\\\/infos-droitshumains.net\\\/#\\\/schema\\\/logo\\\/image\\\/\"}},{\"@type\":\"Person\",\"@id\":\"https:\\\/\\\/infos-droitshumains.net\\\/#\\\/schema\\\/person\\\/3dc5e921c3302172e0ed4362f96faab7\",\"name\":\"Jo\u00ebl Diawa\",\"image\":{\"@type\":\"ImageObject\",\"inLanguage\":\"fr-FR\",\"@id\":\"https:\\\/\\\/secure.gravatar.com\\\/avatar\\\/729bea6ff4604c624417803c477363be8e3c7186deaa65713313f9b4b820f41c?s=96&d=mm&r=g\",\"url\":\"https:\\\/\\\/secure.gravatar.com\\\/avatar\\\/729bea6ff4604c624417803c477363be8e3c7186deaa65713313f9b4b820f41c?s=96&d=mm&r=g\",\"contentUrl\":\"https:\\\/\\\/secure.gravatar.com\\\/avatar\\\/729bea6ff4604c624417803c477363be8e3c7186deaa65713313f9b4b820f41c?s=96&d=mm&r=g\",\"caption\":\"Jo\u00ebl Diawa\"},\"sameAs\":[\"https:\\\/\\\/www.infos-droitshumains.net\"],\"url\":\"https:\\\/\\\/infos-droitshumains.net\\\/?author=2\"}]}<\/script>\n<!-- \/ Yoast SEO plugin. -->","yoast_head_json":{"title":"RDC: les ONGDH remercient tous les acteurs impliqu\u00e9s dans l'aboutissement de la loi relative \u00e0 la protection et \u00e0 la responsabilit\u00e9 du DDH - Infos Droits Humains","robots":{"index":"index","follow":"follow","max-snippet":"max-snippet:-1","max-image-preview":"max-image-preview:large","max-video-preview":"max-video-preview:-1"},"canonical":"https:\/\/infos-droitshumains.net\/?p=8369","og_locale":"fr_FR","og_type":"article","og_title":"RDC: les ONGDH remercient tous les acteurs impliqu\u00e9s dans l'aboutissement de la loi relative \u00e0 la protection et \u00e0 la responsabilit\u00e9 du DDH - Infos Droits Humains","og_description":"R\u00e9daction :+243817406088 Apr\u00e8s un long processus et un travail ardu, la R\u00e9publique D\u00e9mocratique du Congo...","og_url":"https:\/\/infos-droitshumains.net\/?p=8369","og_site_name":"Infos Droits Humains","article_published_time":"2023-10-30T11:37:25+00:00","article_modified_time":"2023-10-30T18:07:49+00:00","og_image":[{"width":1024,"height":768,"url":"https:\/\/infos-droitshumains.net\/wp-content\/uploads\/2023\/10\/IMG-20231030-WA0010.jpg","type":"image\/jpeg"}],"author":"Jo\u00ebl Diawa","twitter_card":"summary_large_image","twitter_misc":{"\u00c9crit par":"Jo\u00ebl Diawa","Dur\u00e9e de lecture estim\u00e9e":"3 minutes"},"schema":{"@context":"https:\/\/schema.org","@graph":[{"@type":"Article","@id":"https:\/\/infos-droitshumains.net\/?p=8369#article","isPartOf":{"@id":"https:\/\/infos-droitshumains.net\/?p=8369"},"author":{"name":"Jo\u00ebl Diawa","@id":"https:\/\/infos-droitshumains.net\/#\/schema\/person\/3dc5e921c3302172e0ed4362f96faab7"},"headline":"RDC: les ONGDH remercient tous les acteurs impliqu\u00e9s dans l&rsquo;aboutissement de la loi relative \u00e0 la protection et \u00e0 la responsabilit\u00e9 du DDH","datePublished":"2023-10-30T11:37:25+00:00","dateModified":"2023-10-30T18:07:49+00:00","mainEntityOfPage":{"@id":"https:\/\/infos-droitshumains.net\/?p=8369"},"wordCount":546,"commentCount":0,"publisher":{"@id":"https:\/\/infos-droitshumains.net\/#organization"},"image":{"@id":"https:\/\/infos-droitshumains.net\/?p=8369#primaryimage"},"thumbnailUrl":"https:\/\/i0.wp.com\/infos-droitshumains.net\/wp-content\/uploads\/2023\/10\/IMG-20231030-WA0010.jpg?fit=1024%2C768&ssl=1","articleSection":["Droits Humains"],"inLanguage":"fr-FR","potentialAction":[{"@type":"CommentAction","name":"Comment","target":["https:\/\/infos-droitshumains.net\/?p=8369#respond"]}]},{"@type":"WebPage","@id":"https:\/\/infos-droitshumains.net\/?p=8369","url":"https:\/\/infos-droitshumains.net\/?p=8369","name":"RDC: les ONGDH remercient tous les acteurs impliqu\u00e9s dans l'aboutissement de la loi relative \u00e0 la protection et \u00e0 la responsabilit\u00e9 du DDH - Infos Droits Humains","isPartOf":{"@id":"https:\/\/infos-droitshumains.net\/#website"},"primaryImageOfPage":{"@id":"https:\/\/infos-droitshumains.net\/?p=8369#primaryimage"},"image":{"@id":"https:\/\/infos-droitshumains.net\/?p=8369#primaryimage"},"thumbnailUrl":"https:\/\/i0.wp.com\/infos-droitshumains.net\/wp-content\/uploads\/2023\/10\/IMG-20231030-WA0010.jpg?fit=1024%2C768&ssl=1","datePublished":"2023-10-30T11:37:25+00:00","dateModified":"2023-10-30T18:07:49+00:00","breadcrumb":{"@id":"https:\/\/infos-droitshumains.net\/?p=8369#breadcrumb"},"inLanguage":"fr-FR","potentialAction":[{"@type":"ReadAction","target":["https:\/\/infos-droitshumains.net\/?p=8369"]}]},{"@type":"ImageObject","inLanguage":"fr-FR","@id":"https:\/\/infos-droitshumains.net\/?p=8369#primaryimage","url":"https:\/\/i0.wp.com\/infos-droitshumains.net\/wp-content\/uploads\/2023\/10\/IMG-20231030-WA0010.jpg?fit=1024%2C768&ssl=1","contentUrl":"https:\/\/i0.wp.com\/infos-droitshumains.net\/wp-content\/uploads\/2023\/10\/IMG-20231030-WA0010.jpg?fit=1024%2C768&ssl=1","width":1024,"height":768},{"@type":"BreadcrumbList","@id":"https:\/\/infos-droitshumains.net\/?p=8369#breadcrumb","itemListElement":[{"@type":"ListItem","position":1,"name":"Accueil","item":"https:\/\/infos-droitshumains.net\/"},{"@type":"ListItem","position":2,"name":"RDC: les ONGDH remercient tous les acteurs impliqu\u00e9s dans l&rsquo;aboutissement de la loi relative \u00e0 la protection et \u00e0 la responsabilit\u00e9 du DDH"}]},{"@type":"WebSite","@id":"https:\/\/infos-droitshumains.net\/#website","url":"https:\/\/infos-droitshumains.net\/","name":"Infos Droits Humains","description":"S&#039;informer est un droit","publisher":{"@id":"https:\/\/infos-droitshumains.net\/#organization"},"potentialAction":[{"@type":"SearchAction","target":{"@type":"EntryPoint","urlTemplate":"https:\/\/infos-droitshumains.net\/?s={search_term_string}"},"query-input":{"@type":"PropertyValueSpecification","valueRequired":true,"valueName":"search_term_string"}}],"inLanguage":"fr-FR"},{"@type":"Organization","@id":"https:\/\/infos-droitshumains.net\/#organization","name":"Infos Droits Humains","url":"https:\/\/infos-droitshumains.net\/","logo":{"@type":"ImageObject","inLanguage":"fr-FR","@id":"https:\/\/infos-droitshumains.net\/#\/schema\/logo\/image\/","url":"https:\/\/i0.wp.com\/infos-droitshumains.net\/wp-content\/uploads\/2022\/05\/Logo.png?fit=333%2C129&ssl=1","contentUrl":"https:\/\/i0.wp.com\/infos-droitshumains.net\/wp-content\/uploads\/2022\/05\/Logo.png?fit=333%2C129&ssl=1","width":333,"height":129,"caption":"Infos Droits Humains"},"image":{"@id":"https:\/\/infos-droitshumains.net\/#\/schema\/logo\/image\/"}},{"@type":"Person","@id":"https:\/\/infos-droitshumains.net\/#\/schema\/person\/3dc5e921c3302172e0ed4362f96faab7","name":"Jo\u00ebl Diawa","image":{"@type":"ImageObject","inLanguage":"fr-FR","@id":"https:\/\/secure.gravatar.com\/avatar\/729bea6ff4604c624417803c477363be8e3c7186deaa65713313f9b4b820f41c?s=96&d=mm&r=g","url":"https:\/\/secure.gravatar.com\/avatar\/729bea6ff4604c624417803c477363be8e3c7186deaa65713313f9b4b820f41c?s=96&d=mm&r=g","contentUrl":"https:\/\/secure.gravatar.com\/avatar\/729bea6ff4604c624417803c477363be8e3c7186deaa65713313f9b4b820f41c?s=96&d=mm&r=g","caption":"Jo\u00ebl Diawa"},"sameAs":["https:\/\/www.infos-droitshumains.net"],"url":"https:\/\/infos-droitshumains.net\/?author=2"}]}},"featured_image_urls":{"full":["https:\/\/i0.wp.com\/infos-droitshumains.net\/wp-content\/uploads\/2023\/10\/IMG-20231030-WA0010.jpg?fit=1024%2C768&ssl=1",1024,768,false],"thumbnail":["https:\/\/i0.wp.com\/infos-droitshumains.net\/wp-content\/uploads\/2023\/10\/IMG-20231030-WA0010.jpg?resize=150%2C150&ssl=1",150,150,true],"medium":["https:\/\/i0.wp.com\/infos-droitshumains.net\/wp-content\/uploads\/2023\/10\/IMG-20231030-WA0010.jpg?fit=300%2C225&ssl=1",300,225,true],"medium_large":["https:\/\/i0.wp.com\/infos-droitshumains.net\/wp-content\/uploads\/2023\/10\/IMG-20231030-WA0010.jpg?fit=640%2C480&ssl=1",640,480,true],"large":["https:\/\/i0.wp.com\/infos-droitshumains.net\/wp-content\/uploads\/2023\/10\/IMG-20231030-WA0010.jpg?fit=640%2C480&ssl=1",640,480,true],"1536x1536":["https:\/\/i0.wp.com\/infos-droitshumains.net\/wp-content\/uploads\/2023\/10\/IMG-20231030-WA0010.jpg?fit=1024%2C768&ssl=1",1024,768,true],"2048x2048":["https:\/\/i0.wp.com\/infos-droitshumains.net\/wp-content\/uploads\/2023\/10\/IMG-20231030-WA0010.jpg?fit=1024%2C768&ssl=1",1024,768,true],"covernews-slider-full":["https:\/\/i0.wp.com\/infos-droitshumains.net\/wp-content\/uploads\/2023\/10\/IMG-20231030-WA0010.jpg?resize=1024%2C715&ssl=1",1024,715,true],"covernews-slider-center":["https:\/\/i0.wp.com\/infos-droitshumains.net\/wp-content\/uploads\/2023\/10\/IMG-20231030-WA0010.jpg?resize=800%2C500&ssl=1",800,500,true],"covernews-featured":["https:\/\/i0.wp.com\/infos-droitshumains.net\/wp-content\/uploads\/2023\/10\/IMG-20231030-WA0010.jpg?fit=1024%2C768&ssl=1",1024,768,true],"covernews-medium":["https:\/\/i0.wp.com\/infos-droitshumains.net\/wp-content\/uploads\/2023\/10\/IMG-20231030-WA0010.jpg?resize=540%2C340&ssl=1",540,340,true],"covernews-medium-square":["https:\/\/i0.wp.com\/infos-droitshumains.net\/wp-content\/uploads\/2023\/10\/IMG-20231030-WA0010.jpg?resize=400%2C250&ssl=1",400,250,true]},"author_info":{"display_name":"Jo\u00ebl Diawa","author_link":"https:\/\/infos-droitshumains.net\/?author=2"},"category_info":"<a href=\"https:\/\/infos-droitshumains.net\/?cat=7\" rel=\"category\">Droits Humains<\/a>","tag_info":"Droits Humains","comment_count":"0","jetpack_featured_media_url":"https:\/\/i0.wp.com\/infos-droitshumains.net\/wp-content\/uploads\/2023\/10\/IMG-20231030-WA0010.jpg?fit=1024%2C768&ssl=1","jetpack-related-posts":[],"jetpack_sharing_enabled":true,"_links":{"self":[{"href":"https:\/\/infos-droitshumains.net\/index.php?rest_route=\/wp\/v2\/posts\/8369","targetHints":{"allow":["GET"]}}],"collection":[{"href":"https:\/\/infos-droitshumains.net\/index.php?rest_route=\/wp\/v2\/posts"}],"about":[{"href":"https:\/\/infos-droitshumains.net\/index.php?rest_route=\/wp\/v2\/types\/post"}],"author":[{"embeddable":true,"href":"https:\/\/infos-droitshumains.net\/index.php?rest_route=\/wp\/v2\/users\/2"}],"replies":[{"embeddable":true,"href":"https:\/\/infos-droitshumains.net\/index.php?rest_route=%2Fwp%2Fv2%2Fcomments&post=8369"}],"version-history":[{"count":2,"href":"https:\/\/infos-droitshumains.net\/index.php?rest_route=\/wp\/v2\/posts\/8369\/revisions"}],"predecessor-version":[{"id":8379,"href":"https:\/\/infos-droitshumains.net\/index.php?rest_route=\/wp\/v2\/posts\/8369\/revisions\/8379"}],"wp:featuredmedia":[{"embeddable":true,"href":"https:\/\/infos-droitshumains.net\/index.php?rest_route=\/wp\/v2\/media\/8370"}],"wp:attachment":[{"href":"https:\/\/infos-droitshumains.net\/index.php?rest_route=%2Fwp%2Fv2%2Fmedia&parent=8369"}],"wp:term":[{"taxonomy":"category","embeddable":true,"href":"https:\/\/infos-droitshumains.net\/index.php?rest_route=%2Fwp%2Fv2%2Fcategories&post=8369"},{"taxonomy":"post_tag","embeddable":true,"href":"https:\/\/infos-droitshumains.net\/index.php?rest_route=%2Fwp%2Fv2%2Ftags&post=8369"}],"curies":[{"name":"wp","href":"https:\/\/api.w.org\/{rel}","templated":true}]}}