{"id":8268,"date":"2023-10-09T19:57:23","date_gmt":"2023-10-09T17:57:23","guid":{"rendered":"https:\/\/infos-droitshumains.net\/?p=8268"},"modified":"2023-10-10T15:21:59","modified_gmt":"2023-10-10T13:21:59","slug":"rdc-des-poursuites-engagees-par-les-magistrats-du-parquet-sans-lordre-ou-meme-contre-lordre-de-leurs-superieurs-sont-regulieres-et-valable-etant-fondees-sur-linteret","status":"publish","type":"post","link":"https:\/\/infos-droitshumains.net\/?p=8268","title":{"rendered":"RDC\u00a0: Des poursuites engag\u00e9es par les magistrats du parquet sans l\u2019ordre ou m\u00eame contre l\u2019ordre de leurs sup\u00e9rieurs sont r\u00e9guli\u00e8res et valable si elles sont fond\u00e9es sur l\u2019int\u00e9r\u00eat sup\u00e9rieur de l\u2019ordre public (Maurice Yamba Shamba)"},"content":{"rendered":"\n<p><strong>R\u00e9daction :+243817406088<\/strong><\/p>\n\n\n\n<h4 class=\"wp-block-heading has-vivid-red-color has-text-color\"><em>\u00ab&nbsp;Je jure de respecter la constitution et les lois de la R\u00e9publique D\u00e9mocratique du Congo, de remplir loyalement et fid\u00e8lement, avec honneur et dignit\u00e9, les fonctions qui me sont confi\u00e9es&nbsp;\u00bb.<\/em> C\u2019est en ce terme que le Procureur de la R\u00e9publique et nouveau chef du parquet pr\u00e8s le tribunal de paix de Kinshasa\/Gombe a renouvel\u00e9 son serment statutaire au cours de l\u2019audience publique et solennelle organis\u00e9 ce jeudi 05 octobre 2023 au Tribunal de c\u00e9ans.<\/h4>\n\n\n\n<p>L\u2019imp\u00e9trant a, avant toute chose, rendu hommage \u00e0 Dieu et aux autorit\u00e9s judiciaires &nbsp;pour cette \u00e9l\u00e9vation dont il est b\u00e9n\u00e9ficiaire.<\/p>\n\n\n\n<p><em>\u00ab&nbsp;Notre Dieu ne sait non seulement lier le temps aux circonstances, il sait aussi faire gr\u00e2ce \u00e0 qui il veut. C\u2019est pourquoi \u00e0 cette occasion, nous lui disons encore merci&nbsp;! Nos remerciements et hommages les plus d\u00e9f\u00e9rents s\u2019adressent \u00e0 son Excellence F\u00e9lix-Antoine Tshisekedi Tshilombo, Pr\u00e9sident de la R\u00e9publique qui est le magistrat supr\u00eame pour son choix port\u00e9 sur ma modeste personne. Nos remerciements vont aussi au bureau du Conseil Sup\u00e9rieur de la Magistrature pour m\u2019avoir propos\u00e9 \u00e0 la promotion comme procureur de la R\u00e9publique et \u00e0 la nomination comme Chef du parquet pr\u00e8s le tribunal de c\u00e9ans&nbsp;\u00bb<\/em>, a d\u00e9clar\u00e9 Maurice Yamba Shamba.<\/p>\n\n\n\n<p>Comme le veulent les us et coutumes des palais, ce nouveau chef d\u2019office a \u00e0 occasion de la priser de ses fonctions, d\u00e9velopp\u00e9 une allocution articul\u00e9e autour de <strong><em>\u00ab&nbsp;la subordination hi\u00e9rarchique du minist\u00e8re public&nbsp;\u00bb<\/em><\/strong>. A l\u2019en croire, le choix de ce th\u00e8me se justifie \u00e0 la fois par <em>\u00ab&nbsp;l\u2019int\u00e9r\u00eat&nbsp;\u00bb<\/em> qu\u2019il attache au <em>\u00ab&nbsp;respect des instructions de la hi\u00e9rarchie tendant \u00e0 garantir une justice \u00e9quitable, \u00e9quilibr\u00e9e et objective&nbsp;\u00bb<\/em>&nbsp;d\u2019une part, et la <em>\u00ab&nbsp;protection des libert\u00e9s individuelles des magistrats du minist\u00e8re public \u00e0 l\u2019exercice de leurs fonctions&nbsp;\u00bb<\/em> d\u2019autre part.<\/p>\n\n\n\n<p>Pour l\u2019imp\u00e9trant, le minist\u00e8re public est un corps de la magistrature <em>\u00ab&nbsp;tr\u00e8s fortement hi\u00e9rarchis\u00e9&nbsp;\u00bb<\/em> dont la discipline, l\u2019ob\u00e9issance, la subordination sont <em>\u00ab&nbsp;intransigibles&nbsp;\u00bb<\/em>, mais l\u2019\u00e9thique, la moralit\u00e9, la conscience professionnelle, le bon sens et le d\u00e9vouement sont <em>\u00ab&nbsp;non n\u00e9gligeables&nbsp;\u00bb<\/em>.<\/p>\n\n\n\n<p>Bien que hi\u00e9rarchiquement subordonn\u00e9s, Maurice Yamba Shamba&nbsp; estime que les officiers du minist\u00e8re public en droit congolais sont libres dans ce sens que, seul l\u2019int\u00e9r\u00eat sup\u00e9rieur de l\u2019ordre public peut guider leur action r\u00e9pressive.<\/p>\n\n\n\n<p><em>\u00ab&nbsp;Ce principe de la subordination hi\u00e9rarchique du minist\u00e8re public se traduit par l\u2019obligation pour le procureur de la r\u00e9publique et pour les chefs de parquet, de tenir le procureur g\u00e9n\u00e9ral qui exercice sur eux l\u2019autorit\u00e9, inform\u00e9 des affaires importantes de leur ressorts. Ce m\u00eame principe fait que tous les repr\u00e9sentants du minist\u00e8re public ob\u00e9issent aux ordres re\u00e7us de leurs sup\u00e9rieurs sous peine des sanctions disciplinaires. L\u2019\u0153uvre humaine n\u2019\u00e9tant pas parfaite, la subordination hi\u00e9rarchique du minist\u00e8re public en est une, \u00e9tant une conception non pr\u00e9vue par le l\u00e9gislateur&nbsp;\u00bb<\/em>.<\/p>\n\n\n\n<p>Pour lui, ce principe accuse des limites \u00e0 deux niveaux mais qui ne peuvent pas affecter la coh\u00e9sion de cet organe poursuivant si elles sont g\u00e9r\u00e9es avec <em>\u00ab&nbsp;tact&nbsp;\u00bb<\/em> et <em>\u00ab&nbsp;prudence&nbsp;\u00bb.<\/em><\/p>\n\n\n\n<p><em>\u00ab&nbsp;Les magistrats du minist\u00e8re public peuvent poursuivre toute violation de la loi sans l\u2019ordre de leurs hi\u00e9rarchie si la clameur publique ou l\u2019ordre l\u2019exigent&nbsp;; et le magistrat du parquet &nbsp;peut poursuivre l\u2019infraction contre l\u2019ordre de son chef hi\u00e9rarchique s\u2019il est manifestement ill\u00e9gal. Les poursuites engag\u00e9es sans l\u2019ordre ou m\u00eame contre l\u2019ordre de leur sup\u00e9rieur sont r\u00e9guli\u00e8res et valable \u00e9tant fond\u00e9es sur l\u2019int\u00e9r\u00eat sup\u00e9rieur du maintien de l\u2019ordre public. Un magistrat du parquet peut objectivement prendre si l\u2019ordre public et la tranquillit\u00e9 sociale l\u2019exigent, \u00e0 tout moment, et dans des affaires qui requiert c\u00e9l\u00e9rit\u00e9, des d\u00e9cisions \u00e0 accomplir des actes sans s\u2019en r\u00e9f\u00e9rer constamment \u00e0 ses sup\u00e9rieurs en vue d\u2019\u00e9viter de ralentir couramment le cours de la justice&nbsp;\u00bb<\/em>, a pr\u00e9cis\u00e9 le nouveau chef du parquet de paix de Kinshasa\/Gombe.<\/p>\n\n\n\n<p>Notez que Maurice Yamba a renouvel\u00e9 son serment statutaire le m\u00eame jour que Crispin Ngadu, Pr\u00e9sident du Tribunal de Paix de Kinshasa\/Gombe.<\/p>\n\n\n\n<p>Jo\u00ebl Diawa<\/p>\n","protected":false},"excerpt":{"rendered":"<p>R\u00e9daction :+243817406088 \u00ab&nbsp;Je jure de respecter la constitution et les lois de la R\u00e9publique D\u00e9mocratique&#8230;<\/p>\n","protected":false},"author":2,"featured_media":8270,"comment_status":"open","ping_status":"open","sticky":false,"template":"","format":"standard","meta":{"_jetpack_memberships_contains_paid_content":false,"footnotes":""},"categories":[6],"tags":[],"class_list":["post-8268","post","type-post","status-publish","format-standard","has-post-thumbnail","hentry","category-justice"],"yoast_head":"<!-- This site is optimized with the Yoast SEO plugin v27.5 - https:\/\/yoast.com\/product\/yoast-seo-wordpress\/ -->\n<title>RDC\u00a0: Des poursuites engag\u00e9es par les magistrats du parquet sans l\u2019ordre ou m\u00eame contre l\u2019ordre de leurs sup\u00e9rieurs sont r\u00e9guli\u00e8res et valable si elles sont fond\u00e9es sur l\u2019int\u00e9r\u00eat sup\u00e9rieur de l\u2019ordre public (Maurice Yamba Shamba) - Infos Droits Humains<\/title>\n<meta name=\"robots\" content=\"index, follow, max-snippet:-1, max-image-preview:large, max-video-preview:-1\" \/>\n<link rel=\"canonical\" href=\"https:\/\/infos-droitshumains.net\/?p=8268\" \/>\n<meta property=\"og:locale\" content=\"fr_FR\" \/>\n<meta property=\"og:type\" content=\"article\" \/>\n<meta property=\"og:title\" content=\"RDC\u00a0: Des poursuites engag\u00e9es par les magistrats du parquet sans l\u2019ordre ou m\u00eame contre l\u2019ordre de leurs sup\u00e9rieurs sont r\u00e9guli\u00e8res et valable si elles sont fond\u00e9es sur l\u2019int\u00e9r\u00eat sup\u00e9rieur de l\u2019ordre public (Maurice Yamba Shamba) - Infos Droits Humains\" \/>\n<meta property=\"og:description\" content=\"R\u00e9daction :+243817406088 \u00ab&nbsp;Je jure de respecter la constitution et les lois de la R\u00e9publique D\u00e9mocratique...\" \/>\n<meta property=\"og:url\" content=\"https:\/\/infos-droitshumains.net\/?p=8268\" \/>\n<meta property=\"og:site_name\" content=\"Infos Droits Humains\" \/>\n<meta property=\"article:published_time\" content=\"2023-10-09T17:57:23+00:00\" \/>\n<meta property=\"article:modified_time\" content=\"2023-10-10T13:21:59+00:00\" \/>\n<meta property=\"og:image\" content=\"https:\/\/infos-droitshumains.net\/wp-content\/uploads\/2023\/10\/IMG_20231005_133415_90.jpg\" \/>\n\t<meta property=\"og:image:width\" content=\"1040\" \/>\n\t<meta property=\"og:image:height\" content=\"675\" \/>\n\t<meta property=\"og:image:type\" content=\"image\/jpeg\" \/>\n<meta name=\"author\" content=\"Jo\u00ebl Diawa\" \/>\n<meta name=\"twitter:card\" content=\"summary_large_image\" \/>\n<meta name=\"twitter:label1\" content=\"\u00c9crit par\" \/>\n\t<meta name=\"twitter:data1\" content=\"Jo\u00ebl Diawa\" \/>\n\t<meta name=\"twitter:label2\" content=\"Dur\u00e9e de lecture estim\u00e9e\" \/>\n\t<meta name=\"twitter:data2\" content=\"4 minutes\" \/>\n<script type=\"application\/ld+json\" class=\"yoast-schema-graph\">{\"@context\":\"https:\\\/\\\/schema.org\",\"@graph\":[{\"@type\":\"Article\",\"@id\":\"https:\\\/\\\/infos-droitshumains.net\\\/?p=8268#article\",\"isPartOf\":{\"@id\":\"https:\\\/\\\/infos-droitshumains.net\\\/?p=8268\"},\"author\":{\"name\":\"Jo\u00ebl Diawa\",\"@id\":\"https:\\\/\\\/infos-droitshumains.net\\\/#\\\/schema\\\/person\\\/3dc5e921c3302172e0ed4362f96faab7\"},\"headline\":\"RDC\u00a0: Des poursuites engag\u00e9es par les magistrats du parquet sans l\u2019ordre ou m\u00eame contre l\u2019ordre de leurs sup\u00e9rieurs sont r\u00e9guli\u00e8res et valable si elles sont fond\u00e9es sur l\u2019int\u00e9r\u00eat sup\u00e9rieur de l\u2019ordre public (Maurice Yamba Shamba)\",\"datePublished\":\"2023-10-09T17:57:23+00:00\",\"dateModified\":\"2023-10-10T13:21:59+00:00\",\"mainEntityOfPage\":{\"@id\":\"https:\\\/\\\/infos-droitshumains.net\\\/?p=8268\"},\"wordCount\":819,\"commentCount\":0,\"publisher\":{\"@id\":\"https:\\\/\\\/infos-droitshumains.net\\\/#organization\"},\"image\":{\"@id\":\"https:\\\/\\\/infos-droitshumains.net\\\/?p=8268#primaryimage\"},\"thumbnailUrl\":\"https:\\\/\\\/i0.wp.com\\\/infos-droitshumains.net\\\/wp-content\\\/uploads\\\/2023\\\/10\\\/IMG_20231005_133415_90.jpg?fit=1040%2C675&ssl=1\",\"articleSection\":[\"Justice\"],\"inLanguage\":\"fr-FR\",\"potentialAction\":[{\"@type\":\"CommentAction\",\"name\":\"Comment\",\"target\":[\"https:\\\/\\\/infos-droitshumains.net\\\/?p=8268#respond\"]}]},{\"@type\":\"WebPage\",\"@id\":\"https:\\\/\\\/infos-droitshumains.net\\\/?p=8268\",\"url\":\"https:\\\/\\\/infos-droitshumains.net\\\/?p=8268\",\"name\":\"RDC\u00a0: Des poursuites engag\u00e9es par les magistrats du parquet sans l\u2019ordre ou m\u00eame contre l\u2019ordre de leurs sup\u00e9rieurs sont r\u00e9guli\u00e8res et valable si elles sont fond\u00e9es sur l\u2019int\u00e9r\u00eat sup\u00e9rieur de l\u2019ordre public (Maurice Yamba Shamba) - Infos Droits Humains\",\"isPartOf\":{\"@id\":\"https:\\\/\\\/infos-droitshumains.net\\\/#website\"},\"primaryImageOfPage\":{\"@id\":\"https:\\\/\\\/infos-droitshumains.net\\\/?p=8268#primaryimage\"},\"image\":{\"@id\":\"https:\\\/\\\/infos-droitshumains.net\\\/?p=8268#primaryimage\"},\"thumbnailUrl\":\"https:\\\/\\\/i0.wp.com\\\/infos-droitshumains.net\\\/wp-content\\\/uploads\\\/2023\\\/10\\\/IMG_20231005_133415_90.jpg?fit=1040%2C675&ssl=1\",\"datePublished\":\"2023-10-09T17:57:23+00:00\",\"dateModified\":\"2023-10-10T13:21:59+00:00\",\"breadcrumb\":{\"@id\":\"https:\\\/\\\/infos-droitshumains.net\\\/?p=8268#breadcrumb\"},\"inLanguage\":\"fr-FR\",\"potentialAction\":[{\"@type\":\"ReadAction\",\"target\":[\"https:\\\/\\\/infos-droitshumains.net\\\/?p=8268\"]}]},{\"@type\":\"ImageObject\",\"inLanguage\":\"fr-FR\",\"@id\":\"https:\\\/\\\/infos-droitshumains.net\\\/?p=8268#primaryimage\",\"url\":\"https:\\\/\\\/i0.wp.com\\\/infos-droitshumains.net\\\/wp-content\\\/uploads\\\/2023\\\/10\\\/IMG_20231005_133415_90.jpg?fit=1040%2C675&ssl=1\",\"contentUrl\":\"https:\\\/\\\/i0.wp.com\\\/infos-droitshumains.net\\\/wp-content\\\/uploads\\\/2023\\\/10\\\/IMG_20231005_133415_90.jpg?fit=1040%2C675&ssl=1\",\"width\":1040,\"height\":675},{\"@type\":\"BreadcrumbList\",\"@id\":\"https:\\\/\\\/infos-droitshumains.net\\\/?p=8268#breadcrumb\",\"itemListElement\":[{\"@type\":\"ListItem\",\"position\":1,\"name\":\"Accueil\",\"item\":\"https:\\\/\\\/infos-droitshumains.net\\\/\"},{\"@type\":\"ListItem\",\"position\":2,\"name\":\"RDC\u00a0: Des poursuites engag\u00e9es par les magistrats du parquet sans l\u2019ordre ou m\u00eame contre l\u2019ordre de leurs sup\u00e9rieurs sont r\u00e9guli\u00e8res et valable si elles sont fond\u00e9es sur l\u2019int\u00e9r\u00eat sup\u00e9rieur de l\u2019ordre public (Maurice Yamba Shamba)\"}]},{\"@type\":\"WebSite\",\"@id\":\"https:\\\/\\\/infos-droitshumains.net\\\/#website\",\"url\":\"https:\\\/\\\/infos-droitshumains.net\\\/\",\"name\":\"Infos Droits Humains\",\"description\":\"S&#039;informer est un droit\",\"publisher\":{\"@id\":\"https:\\\/\\\/infos-droitshumains.net\\\/#organization\"},\"potentialAction\":[{\"@type\":\"SearchAction\",\"target\":{\"@type\":\"EntryPoint\",\"urlTemplate\":\"https:\\\/\\\/infos-droitshumains.net\\\/?s={search_term_string}\"},\"query-input\":{\"@type\":\"PropertyValueSpecification\",\"valueRequired\":true,\"valueName\":\"search_term_string\"}}],\"inLanguage\":\"fr-FR\"},{\"@type\":\"Organization\",\"@id\":\"https:\\\/\\\/infos-droitshumains.net\\\/#organization\",\"name\":\"Infos Droits Humains\",\"url\":\"https:\\\/\\\/infos-droitshumains.net\\\/\",\"logo\":{\"@type\":\"ImageObject\",\"inLanguage\":\"fr-FR\",\"@id\":\"https:\\\/\\\/infos-droitshumains.net\\\/#\\\/schema\\\/logo\\\/image\\\/\",\"url\":\"https:\\\/\\\/i0.wp.com\\\/infos-droitshumains.net\\\/wp-content\\\/uploads\\\/2022\\\/05\\\/Logo.png?fit=333%2C129&ssl=1\",\"contentUrl\":\"https:\\\/\\\/i0.wp.com\\\/infos-droitshumains.net\\\/wp-content\\\/uploads\\\/2022\\\/05\\\/Logo.png?fit=333%2C129&ssl=1\",\"width\":333,\"height\":129,\"caption\":\"Infos Droits Humains\"},\"image\":{\"@id\":\"https:\\\/\\\/infos-droitshumains.net\\\/#\\\/schema\\\/logo\\\/image\\\/\"}},{\"@type\":\"Person\",\"@id\":\"https:\\\/\\\/infos-droitshumains.net\\\/#\\\/schema\\\/person\\\/3dc5e921c3302172e0ed4362f96faab7\",\"name\":\"Jo\u00ebl Diawa\",\"image\":{\"@type\":\"ImageObject\",\"inLanguage\":\"fr-FR\",\"@id\":\"https:\\\/\\\/secure.gravatar.com\\\/avatar\\\/729bea6ff4604c624417803c477363be8e3c7186deaa65713313f9b4b820f41c?s=96&d=mm&r=g\",\"url\":\"https:\\\/\\\/secure.gravatar.com\\\/avatar\\\/729bea6ff4604c624417803c477363be8e3c7186deaa65713313f9b4b820f41c?s=96&d=mm&r=g\",\"contentUrl\":\"https:\\\/\\\/secure.gravatar.com\\\/avatar\\\/729bea6ff4604c624417803c477363be8e3c7186deaa65713313f9b4b820f41c?s=96&d=mm&r=g\",\"caption\":\"Jo\u00ebl Diawa\"},\"sameAs\":[\"https:\\\/\\\/www.infos-droitshumains.net\"],\"url\":\"https:\\\/\\\/infos-droitshumains.net\\\/?author=2\"}]}<\/script>\n<!-- \/ Yoast SEO plugin. -->","yoast_head_json":{"title":"RDC\u00a0: Des poursuites engag\u00e9es par les magistrats du parquet sans l\u2019ordre ou m\u00eame contre l\u2019ordre de leurs sup\u00e9rieurs sont r\u00e9guli\u00e8res et valable si elles sont fond\u00e9es sur l\u2019int\u00e9r\u00eat sup\u00e9rieur de l\u2019ordre public (Maurice Yamba Shamba) - Infos Droits Humains","robots":{"index":"index","follow":"follow","max-snippet":"max-snippet:-1","max-image-preview":"max-image-preview:large","max-video-preview":"max-video-preview:-1"},"canonical":"https:\/\/infos-droitshumains.net\/?p=8268","og_locale":"fr_FR","og_type":"article","og_title":"RDC\u00a0: Des poursuites engag\u00e9es par les magistrats du parquet sans l\u2019ordre ou m\u00eame contre l\u2019ordre de leurs sup\u00e9rieurs sont r\u00e9guli\u00e8res et valable si elles sont fond\u00e9es sur l\u2019int\u00e9r\u00eat sup\u00e9rieur de l\u2019ordre public (Maurice Yamba Shamba) - Infos Droits Humains","og_description":"R\u00e9daction :+243817406088 \u00ab&nbsp;Je jure de respecter la constitution et les lois de la R\u00e9publique D\u00e9mocratique...","og_url":"https:\/\/infos-droitshumains.net\/?p=8268","og_site_name":"Infos Droits Humains","article_published_time":"2023-10-09T17:57:23+00:00","article_modified_time":"2023-10-10T13:21:59+00:00","og_image":[{"width":1040,"height":675,"url":"https:\/\/infos-droitshumains.net\/wp-content\/uploads\/2023\/10\/IMG_20231005_133415_90.jpg","type":"image\/jpeg"}],"author":"Jo\u00ebl Diawa","twitter_card":"summary_large_image","twitter_misc":{"\u00c9crit par":"Jo\u00ebl Diawa","Dur\u00e9e de lecture estim\u00e9e":"4 minutes"},"schema":{"@context":"https:\/\/schema.org","@graph":[{"@type":"Article","@id":"https:\/\/infos-droitshumains.net\/?p=8268#article","isPartOf":{"@id":"https:\/\/infos-droitshumains.net\/?p=8268"},"author":{"name":"Jo\u00ebl Diawa","@id":"https:\/\/infos-droitshumains.net\/#\/schema\/person\/3dc5e921c3302172e0ed4362f96faab7"},"headline":"RDC\u00a0: Des poursuites engag\u00e9es par les magistrats du parquet sans l\u2019ordre ou m\u00eame contre l\u2019ordre de leurs sup\u00e9rieurs sont r\u00e9guli\u00e8res et valable si elles sont fond\u00e9es sur l\u2019int\u00e9r\u00eat sup\u00e9rieur de l\u2019ordre public (Maurice Yamba Shamba)","datePublished":"2023-10-09T17:57:23+00:00","dateModified":"2023-10-10T13:21:59+00:00","mainEntityOfPage":{"@id":"https:\/\/infos-droitshumains.net\/?p=8268"},"wordCount":819,"commentCount":0,"publisher":{"@id":"https:\/\/infos-droitshumains.net\/#organization"},"image":{"@id":"https:\/\/infos-droitshumains.net\/?p=8268#primaryimage"},"thumbnailUrl":"https:\/\/i0.wp.com\/infos-droitshumains.net\/wp-content\/uploads\/2023\/10\/IMG_20231005_133415_90.jpg?fit=1040%2C675&ssl=1","articleSection":["Justice"],"inLanguage":"fr-FR","potentialAction":[{"@type":"CommentAction","name":"Comment","target":["https:\/\/infos-droitshumains.net\/?p=8268#respond"]}]},{"@type":"WebPage","@id":"https:\/\/infos-droitshumains.net\/?p=8268","url":"https:\/\/infos-droitshumains.net\/?p=8268","name":"RDC\u00a0: Des poursuites engag\u00e9es par les magistrats du parquet sans l\u2019ordre ou m\u00eame contre l\u2019ordre de leurs sup\u00e9rieurs sont r\u00e9guli\u00e8res et valable si elles sont fond\u00e9es sur l\u2019int\u00e9r\u00eat sup\u00e9rieur de l\u2019ordre public (Maurice Yamba Shamba) - Infos Droits Humains","isPartOf":{"@id":"https:\/\/infos-droitshumains.net\/#website"},"primaryImageOfPage":{"@id":"https:\/\/infos-droitshumains.net\/?p=8268#primaryimage"},"image":{"@id":"https:\/\/infos-droitshumains.net\/?p=8268#primaryimage"},"thumbnailUrl":"https:\/\/i0.wp.com\/infos-droitshumains.net\/wp-content\/uploads\/2023\/10\/IMG_20231005_133415_90.jpg?fit=1040%2C675&ssl=1","datePublished":"2023-10-09T17:57:23+00:00","dateModified":"2023-10-10T13:21:59+00:00","breadcrumb":{"@id":"https:\/\/infos-droitshumains.net\/?p=8268#breadcrumb"},"inLanguage":"fr-FR","potentialAction":[{"@type":"ReadAction","target":["https:\/\/infos-droitshumains.net\/?p=8268"]}]},{"@type":"ImageObject","inLanguage":"fr-FR","@id":"https:\/\/infos-droitshumains.net\/?p=8268#primaryimage","url":"https:\/\/i0.wp.com\/infos-droitshumains.net\/wp-content\/uploads\/2023\/10\/IMG_20231005_133415_90.jpg?fit=1040%2C675&ssl=1","contentUrl":"https:\/\/i0.wp.com\/infos-droitshumains.net\/wp-content\/uploads\/2023\/10\/IMG_20231005_133415_90.jpg?fit=1040%2C675&ssl=1","width":1040,"height":675},{"@type":"BreadcrumbList","@id":"https:\/\/infos-droitshumains.net\/?p=8268#breadcrumb","itemListElement":[{"@type":"ListItem","position":1,"name":"Accueil","item":"https:\/\/infos-droitshumains.net\/"},{"@type":"ListItem","position":2,"name":"RDC\u00a0: Des poursuites engag\u00e9es par les magistrats du parquet sans l\u2019ordre ou m\u00eame contre l\u2019ordre de leurs sup\u00e9rieurs sont r\u00e9guli\u00e8res et valable si elles sont fond\u00e9es sur l\u2019int\u00e9r\u00eat sup\u00e9rieur de l\u2019ordre public (Maurice Yamba Shamba)"}]},{"@type":"WebSite","@id":"https:\/\/infos-droitshumains.net\/#website","url":"https:\/\/infos-droitshumains.net\/","name":"Infos Droits Humains","description":"S&#039;informer est un droit","publisher":{"@id":"https:\/\/infos-droitshumains.net\/#organization"},"potentialAction":[{"@type":"SearchAction","target":{"@type":"EntryPoint","urlTemplate":"https:\/\/infos-droitshumains.net\/?s={search_term_string}"},"query-input":{"@type":"PropertyValueSpecification","valueRequired":true,"valueName":"search_term_string"}}],"inLanguage":"fr-FR"},{"@type":"Organization","@id":"https:\/\/infos-droitshumains.net\/#organization","name":"Infos Droits Humains","url":"https:\/\/infos-droitshumains.net\/","logo":{"@type":"ImageObject","inLanguage":"fr-FR","@id":"https:\/\/infos-droitshumains.net\/#\/schema\/logo\/image\/","url":"https:\/\/i0.wp.com\/infos-droitshumains.net\/wp-content\/uploads\/2022\/05\/Logo.png?fit=333%2C129&ssl=1","contentUrl":"https:\/\/i0.wp.com\/infos-droitshumains.net\/wp-content\/uploads\/2022\/05\/Logo.png?fit=333%2C129&ssl=1","width":333,"height":129,"caption":"Infos Droits Humains"},"image":{"@id":"https:\/\/infos-droitshumains.net\/#\/schema\/logo\/image\/"}},{"@type":"Person","@id":"https:\/\/infos-droitshumains.net\/#\/schema\/person\/3dc5e921c3302172e0ed4362f96faab7","name":"Jo\u00ebl Diawa","image":{"@type":"ImageObject","inLanguage":"fr-FR","@id":"https:\/\/secure.gravatar.com\/avatar\/729bea6ff4604c624417803c477363be8e3c7186deaa65713313f9b4b820f41c?s=96&d=mm&r=g","url":"https:\/\/secure.gravatar.com\/avatar\/729bea6ff4604c624417803c477363be8e3c7186deaa65713313f9b4b820f41c?s=96&d=mm&r=g","contentUrl":"https:\/\/secure.gravatar.com\/avatar\/729bea6ff4604c624417803c477363be8e3c7186deaa65713313f9b4b820f41c?s=96&d=mm&r=g","caption":"Jo\u00ebl Diawa"},"sameAs":["https:\/\/www.infos-droitshumains.net"],"url":"https:\/\/infos-droitshumains.net\/?author=2"}]}},"featured_image_urls":{"full":["https:\/\/i0.wp.com\/infos-droitshumains.net\/wp-content\/uploads\/2023\/10\/IMG_20231005_133415_90.jpg?fit=1040%2C675&ssl=1",1040,675,false],"thumbnail":["https:\/\/i0.wp.com\/infos-droitshumains.net\/wp-content\/uploads\/2023\/10\/IMG_20231005_133415_90.jpg?resize=150%2C150&ssl=1",150,150,true],"medium":["https:\/\/i0.wp.com\/infos-droitshumains.net\/wp-content\/uploads\/2023\/10\/IMG_20231005_133415_90.jpg?fit=300%2C195&ssl=1",300,195,true],"medium_large":["https:\/\/i0.wp.com\/infos-droitshumains.net\/wp-content\/uploads\/2023\/10\/IMG_20231005_133415_90.jpg?fit=640%2C415&ssl=1",640,415,true],"large":["https:\/\/i0.wp.com\/infos-droitshumains.net\/wp-content\/uploads\/2023\/10\/IMG_20231005_133415_90.jpg?fit=640%2C416&ssl=1",640,416,true],"1536x1536":["https:\/\/i0.wp.com\/infos-droitshumains.net\/wp-content\/uploads\/2023\/10\/IMG_20231005_133415_90.jpg?fit=1040%2C675&ssl=1",1040,675,true],"2048x2048":["https:\/\/i0.wp.com\/infos-droitshumains.net\/wp-content\/uploads\/2023\/10\/IMG_20231005_133415_90.jpg?fit=1040%2C675&ssl=1",1040,675,true],"covernews-slider-full":["https:\/\/i0.wp.com\/infos-droitshumains.net\/wp-content\/uploads\/2023\/10\/IMG_20231005_133415_90.jpg?resize=1040%2C675&ssl=1",1040,675,true],"covernews-slider-center":["https:\/\/i0.wp.com\/infos-droitshumains.net\/wp-content\/uploads\/2023\/10\/IMG_20231005_133415_90.jpg?resize=800%2C500&ssl=1",800,500,true],"covernews-featured":["https:\/\/i0.wp.com\/infos-droitshumains.net\/wp-content\/uploads\/2023\/10\/IMG_20231005_133415_90.jpg?fit=1024%2C665&ssl=1",1024,665,true],"covernews-medium":["https:\/\/i0.wp.com\/infos-droitshumains.net\/wp-content\/uploads\/2023\/10\/IMG_20231005_133415_90.jpg?resize=540%2C340&ssl=1",540,340,true],"covernews-medium-square":["https:\/\/i0.wp.com\/infos-droitshumains.net\/wp-content\/uploads\/2023\/10\/IMG_20231005_133415_90.jpg?resize=400%2C250&ssl=1",400,250,true]},"author_info":{"display_name":"Jo\u00ebl Diawa","author_link":"https:\/\/infos-droitshumains.net\/?author=2"},"category_info":"<a href=\"https:\/\/infos-droitshumains.net\/?cat=6\" rel=\"category\">Justice<\/a>","tag_info":"Justice","comment_count":"0","jetpack_featured_media_url":"https:\/\/i0.wp.com\/infos-droitshumains.net\/wp-content\/uploads\/2023\/10\/IMG_20231005_133415_90.jpg?fit=1040%2C675&ssl=1","jetpack-related-posts":[],"jetpack_sharing_enabled":true,"_links":{"self":[{"href":"https:\/\/infos-droitshumains.net\/index.php?rest_route=\/wp\/v2\/posts\/8268","targetHints":{"allow":["GET"]}}],"collection":[{"href":"https:\/\/infos-droitshumains.net\/index.php?rest_route=\/wp\/v2\/posts"}],"about":[{"href":"https:\/\/infos-droitshumains.net\/index.php?rest_route=\/wp\/v2\/types\/post"}],"author":[{"embeddable":true,"href":"https:\/\/infos-droitshumains.net\/index.php?rest_route=\/wp\/v2\/users\/2"}],"replies":[{"embeddable":true,"href":"https:\/\/infos-droitshumains.net\/index.php?rest_route=%2Fwp%2Fv2%2Fcomments&post=8268"}],"version-history":[{"count":4,"href":"https:\/\/infos-droitshumains.net\/index.php?rest_route=\/wp\/v2\/posts\/8268\/revisions"}],"predecessor-version":[{"id":8282,"href":"https:\/\/infos-droitshumains.net\/index.php?rest_route=\/wp\/v2\/posts\/8268\/revisions\/8282"}],"wp:featuredmedia":[{"embeddable":true,"href":"https:\/\/infos-droitshumains.net\/index.php?rest_route=\/wp\/v2\/media\/8270"}],"wp:attachment":[{"href":"https:\/\/infos-droitshumains.net\/index.php?rest_route=%2Fwp%2Fv2%2Fmedia&parent=8268"}],"wp:term":[{"taxonomy":"category","embeddable":true,"href":"https:\/\/infos-droitshumains.net\/index.php?rest_route=%2Fwp%2Fv2%2Fcategories&post=8268"},{"taxonomy":"post_tag","embeddable":true,"href":"https:\/\/infos-droitshumains.net\/index.php?rest_route=%2Fwp%2Fv2%2Ftags&post=8268"}],"curies":[{"name":"wp","href":"https:\/\/api.w.org\/{rel}","templated":true}]}}