{"id":8244,"date":"2023-10-08T15:33:12","date_gmt":"2023-10-08T13:33:12","guid":{"rendered":"https:\/\/infos-droitshumains.net\/?p=8244"},"modified":"2023-10-08T15:49:23","modified_gmt":"2023-10-08T13:49:23","slug":"lutte-contre-la-traite-des-personnes-et-vulgarisation-de-la-loi-y-relative-eric-kuku-kiese-satisfait-du-fait-que-le-pouvoir-judiciaire-ait-pris-en-main-les-objectifs-de-la-coordination-a-trave","status":"publish","type":"post","link":"https:\/\/infos-droitshumains.net\/?p=8244","title":{"rendered":"Lutte contre la traite des personnes et vulgarisation de la loi y relative\u00a0: A travers la formation de 2500 nouveaux magistrats, Eric Kuku Kiese se satisfait du fait que le pouvoir judiciaire ait pris en main les objectifs de la coordination"},"content":{"rendered":"\n<p><strong>R\u00e9daction :+243817406088<\/strong><\/p>\n\n\n\n<h4 class=\"wp-block-heading has-vivid-red-color has-text-color\">Venus de l&rsquo;ensemble du territoire national, 2500 nouveaux magistrats civils et militaires nouvellement nomm\u00e9s par le Chef de l\u2019Etat sont en pleine formation \u00e0 Kinshasa, question de se doter des comp\u00e9tences n\u00e9cessaires avant leur entr\u00e9e effective en fonction.<\/h4>\n\n\n\n<figure class=\"wp-block-image alignfull size-large\"><img data-recalc-dims=\"1\" fetchpriority=\"high\" decoding=\"async\" width=\"640\" height=\"480\" src=\"https:\/\/i0.wp.com\/infos-droitshumains.net\/wp-content\/uploads\/2023\/10\/IMG_20231005_171321_91.jpg?resize=640%2C480&#038;ssl=1\" alt=\"\" class=\"wp-image-8259\" srcset=\"https:\/\/i0.wp.com\/infos-droitshumains.net\/wp-content\/uploads\/2023\/10\/IMG_20231005_171321_91.jpg?resize=1024%2C768&amp;ssl=1 1024w, https:\/\/i0.wp.com\/infos-droitshumains.net\/wp-content\/uploads\/2023\/10\/IMG_20231005_171321_91.jpg?resize=300%2C225&amp;ssl=1 300w, https:\/\/i0.wp.com\/infos-droitshumains.net\/wp-content\/uploads\/2023\/10\/IMG_20231005_171321_91.jpg?resize=768%2C576&amp;ssl=1 768w, https:\/\/i0.wp.com\/infos-droitshumains.net\/wp-content\/uploads\/2023\/10\/IMG_20231005_171321_91.jpg?w=1040&amp;ssl=1 1040w\" sizes=\"(max-width: 640px) 100vw, 640px\" \/><\/figure>\n\n\n\n<p>Les modules du jeudi 05 et vendredi 06 octobre 2023 ont port\u00e9s sur la criminalit\u00e9 transfrontali\u00e8re, une th\u00e9matique qui met en exergue trois infractions connexes \u00e0 savoir, le blanchiment des capitaux, le financement du terrorisme et la lutte contre la traite des personnes. Pour l\u2019Avocat G\u00e9n\u00e9ral Eric Kuku Kiese coordonnateur adjoint de la coordination en charge la jeunesse, violence faite \u00e0 la femme et lutte contre la traite des personnes et l\u2019un des formateurs l\u2019alignement de cette th\u00e9matique prouve la d\u00e9termination des autorit\u00e9s \u00e0 lutter contre ce fl\u00e9au.<\/p>\n\n\n\n<figure class=\"wp-block-image alignfull size-large\"><img data-recalc-dims=\"1\" decoding=\"async\" width=\"640\" height=\"413\" src=\"https:\/\/i0.wp.com\/infos-droitshumains.net\/wp-content\/uploads\/2023\/10\/IMG_20231005_171345_806.jpg?resize=640%2C413&#038;ssl=1\" alt=\"\" class=\"wp-image-8248\" srcset=\"https:\/\/i0.wp.com\/infos-droitshumains.net\/wp-content\/uploads\/2023\/10\/IMG_20231005_171345_806.jpg?resize=1024%2C661&amp;ssl=1 1024w, https:\/\/i0.wp.com\/infos-droitshumains.net\/wp-content\/uploads\/2023\/10\/IMG_20231005_171345_806.jpg?resize=300%2C194&amp;ssl=1 300w, https:\/\/i0.wp.com\/infos-droitshumains.net\/wp-content\/uploads\/2023\/10\/IMG_20231005_171345_806.jpg?resize=768%2C496&amp;ssl=1 768w, https:\/\/i0.wp.com\/infos-droitshumains.net\/wp-content\/uploads\/2023\/10\/IMG_20231005_171345_806.jpg?w=1040&amp;ssl=1 1040w\" sizes=\"(max-width: 640px) 100vw, 640px\" \/><\/figure>\n\n\n\n<p><em>\u00ab&nbsp;En animant un module qui met en exergue la th\u00e9matique sur la traite des personnes, avec des infractions connexes, le blanchiment des capitaux et le financement du terrorisme, nous estimons que les autorit\u00e9s judiciaires, plus pr\u00e9cis\u00e9ment, le Pr\u00e9sident du Conseil Sup\u00e9rieur de la Magistrature avec l\u2019appui du Secr\u00e9taire permanent et du Directeur G\u00e9n\u00e9ral de l\u2019Institut National de la Formation Judiciaire, INAFORJ, ont \u00e0 juste titre, relev\u00e9 l\u2019int\u00e9r\u00eat que cette th\u00e9matique aupr\u00e8s des magistrats. Vous comprenez que je suis tout \u00e0 fait dans mon aise de pouvoir non seulement exposer sur ce module, mais je me satisfais que le pouvoir judiciaire puisse mettre beaucoup d\u2019accent sur cette th\u00e9matique que nous estimons extr\u00eamement importante pour notre pays\u00bb<\/em>, a-t-il confi\u00e9.<\/p>\n\n\n\n<p>Les magistrats qui sont per\u00e7us comme des acteurs de premi\u00e8re ligne dans la chaine p\u00e9nale pour lutter efficacement contre la traite des personnes, Eric Kuku Kiese \u00e9galement voulu capitaliser cette occasion afin de vulgariser la loi sur la traite des personnes promulgu\u00e9e le 26 d\u00e9cembre 2022 par le Pr\u00e9sident de la R\u00e9publique.<\/p>\n\n\n\n<figure class=\"wp-block-image alignfull size-full\"><img data-recalc-dims=\"1\" decoding=\"async\" width=\"640\" height=\"537\" src=\"https:\/\/i0.wp.com\/infos-droitshumains.net\/wp-content\/uploads\/2023\/10\/IMG_20231005_183528_336.jpg?resize=640%2C537&#038;ssl=1\" alt=\"\" class=\"wp-image-8251\" srcset=\"https:\/\/i0.wp.com\/infos-droitshumains.net\/wp-content\/uploads\/2023\/10\/IMG_20231005_183528_336.jpg?w=912&amp;ssl=1 912w, https:\/\/i0.wp.com\/infos-droitshumains.net\/wp-content\/uploads\/2023\/10\/IMG_20231005_183528_336.jpg?resize=300%2C252&amp;ssl=1 300w, https:\/\/i0.wp.com\/infos-droitshumains.net\/wp-content\/uploads\/2023\/10\/IMG_20231005_183528_336.jpg?resize=768%2C644&amp;ssl=1 768w\" sizes=\"(max-width: 640px) 100vw, 640px\" \/><\/figure>\n\n\n\n<p><em>\u00ab&nbsp;L\u2019appr\u00e9hension des notions de base sur la traite des personnes, permettra \u00e0 coup s\u00fbr, aux magistrats congolais non seulement d\u2019avoir la maitrise sur la loi num\u00e9ro 22\/067 du 26 d\u00e9cembre 2022, modifiant et compl\u00e9tant le d\u00e9cret du 30 janvier 1940 portant code p\u00e9nal congolais en mati\u00e8re de pr\u00e9vention et de la r\u00e9pression de la traite des personnes, mais, \u00e7a leur permettra aussi de se fixer sur les diff\u00e9rentes formes particuli\u00e8res de crime qu\u2019on appelle traite des personnes notamment le trafic des organes, la mendicit\u00e9 forc\u00e9e, la prostitution forc\u00e9e, la servitude pour dette et toute autre forme de traite des personnes qui se commettent constamment non seulement ici dans la ville de Kinshasa, mais \u00e0 travers les diff\u00e9rentes provinces de la R\u00e9publique pour que dans l\u2019avenir, lorsqu\u2019ils auront \u00e0 poser des actes comme magistrats, agir de mani\u00e8re \u00e0 mettre fin \u00e0 toute forme de trafic des enfants essentiellement et trafic portant sur l\u2019exploitation sexuelle en R\u00e9publique D\u00e9mocratique du Congo&nbsp;\u00bb<\/em>, a poursuivi le Procureur Kuku Kiese avant de rench\u00e9rir&nbsp;:<\/p>\n\n\n\n<p><em>\u00ab&nbsp;\u2026En exposant sur ce module, non seulement nous assurons la vulgarisation de la nouvelle loi sur la traite des personnes, mais en parlant du blanchiment des capitaux et du financement du terrorisme, nous assurons \u00e9galement et incidemment, la vulgarisation de la loi portant n\u00b022\/068 du 27 d\u00e9cembre 2022 portant lutte contre le blanchiment des capitaux, le financement du terrorisme et la prolif\u00e9ration des armes \u00e0 destruction massive. Donc, nous croisons la vulgarisation des deux textes qui sont des textes nouveaux que le Chef de l\u2019Etat a pris soin de promulguer \u00e0 la fin de l\u2019ann\u00e9e 2022 et qui marque la d\u00e9termination que non seulement le gouvernement congolais a, mais \u00e9galement, le pouvoir judiciaire sur le plan particulier, \u00e0 lutter efficacement contre ces genres des crimes organis\u00e9s&nbsp;\u00bb<\/em>.<\/p>\n\n\n\n<p>En R\u00e9publique D\u00e9mocratique du Congo, la coordination en charge de la jeunesse, lutte contre les violences faites \u00e0 la femme et traite des personnes et ses diff\u00e9rents partenaires ont eu \u00e0 former depuis 2022, environs 1500 acteurs de premi\u00e8re ligne dans la chaine p\u00e9nale. Cette formation dispens\u00e9e par Eric Kuku Kiese \u00e0 2500 magistrats est un coup r\u00e9ussi par cette structure rattach\u00e9e au cabinet du Chef de l\u2019Etat qui a vu le nombre des acteurs de premi\u00e8re ligne sensiblement augment\u00e9.<\/p>\n\n\n\n<p>Jo\u00ebl Diawa<\/p>\n","protected":false},"excerpt":{"rendered":"<p>R\u00e9daction :+243817406088 Venus de l&rsquo;ensemble du territoire national, 2500 nouveaux magistrats civils et militaires nouvellement&#8230;<\/p>\n","protected":false},"author":2,"featured_media":8246,"comment_status":"open","ping_status":"open","sticky":false,"template":"","format":"standard","meta":{"_jetpack_memberships_contains_paid_content":false,"footnotes":""},"categories":[7],"tags":[],"class_list":["post-8244","post","type-post","status-publish","format-standard","has-post-thumbnail","hentry","category-droits-humains"],"yoast_head":"<!-- This site is optimized with the Yoast SEO plugin v27.5 - https:\/\/yoast.com\/product\/yoast-seo-wordpress\/ -->\n<title>Lutte contre la traite des personnes et vulgarisation de la loi y relative\u00a0: A travers la formation de 2500 nouveaux magistrats, Eric Kuku Kiese se satisfait du fait que le pouvoir judiciaire ait pris en main les objectifs de la coordination - Infos Droits Humains<\/title>\n<meta name=\"robots\" content=\"index, follow, max-snippet:-1, max-image-preview:large, max-video-preview:-1\" \/>\n<link rel=\"canonical\" href=\"https:\/\/infos-droitshumains.net\/?p=8244\" \/>\n<meta property=\"og:locale\" content=\"fr_FR\" \/>\n<meta property=\"og:type\" content=\"article\" \/>\n<meta property=\"og:title\" content=\"Lutte contre la traite des personnes et vulgarisation de la loi y relative\u00a0: A travers la formation de 2500 nouveaux magistrats, Eric Kuku Kiese se satisfait du fait que le pouvoir judiciaire ait pris en main les objectifs de la coordination - Infos Droits Humains\" \/>\n<meta property=\"og:description\" content=\"R\u00e9daction :+243817406088 Venus de l&rsquo;ensemble du territoire national, 2500 nouveaux magistrats civils et militaires nouvellement...\" \/>\n<meta property=\"og:url\" content=\"https:\/\/infos-droitshumains.net\/?p=8244\" \/>\n<meta property=\"og:site_name\" content=\"Infos Droits Humains\" \/>\n<meta property=\"article:published_time\" content=\"2023-10-08T13:33:12+00:00\" \/>\n<meta property=\"article:modified_time\" content=\"2023-10-08T13:49:23+00:00\" \/>\n<meta property=\"og:image\" content=\"https:\/\/infos-droitshumains.net\/wp-content\/uploads\/2023\/10\/IMG-20230923-WA0000_1.jpg\" \/>\n\t<meta property=\"og:image:width\" content=\"720\" \/>\n\t<meta property=\"og:image:height\" content=\"736\" \/>\n\t<meta property=\"og:image:type\" content=\"image\/jpeg\" \/>\n<meta name=\"author\" content=\"Jo\u00ebl Diawa\" \/>\n<meta name=\"twitter:card\" content=\"summary_large_image\" \/>\n<meta name=\"twitter:label1\" content=\"\u00c9crit par\" \/>\n\t<meta name=\"twitter:data1\" content=\"Jo\u00ebl Diawa\" \/>\n\t<meta name=\"twitter:label2\" content=\"Dur\u00e9e de lecture estim\u00e9e\" \/>\n\t<meta name=\"twitter:data2\" content=\"5 minutes\" \/>\n<script type=\"application\/ld+json\" class=\"yoast-schema-graph\">{\"@context\":\"https:\\\/\\\/schema.org\",\"@graph\":[{\"@type\":\"Article\",\"@id\":\"https:\\\/\\\/infos-droitshumains.net\\\/?p=8244#article\",\"isPartOf\":{\"@id\":\"https:\\\/\\\/infos-droitshumains.net\\\/?p=8244\"},\"author\":{\"name\":\"Jo\u00ebl Diawa\",\"@id\":\"https:\\\/\\\/infos-droitshumains.net\\\/#\\\/schema\\\/person\\\/3dc5e921c3302172e0ed4362f96faab7\"},\"headline\":\"Lutte contre la traite des personnes et vulgarisation de la loi y relative\u00a0: A travers la formation de 2500 nouveaux magistrats, Eric Kuku Kiese se satisfait du fait que le pouvoir judiciaire ait pris en main les objectifs de la coordination\",\"datePublished\":\"2023-10-08T13:33:12+00:00\",\"dateModified\":\"2023-10-08T13:49:23+00:00\",\"mainEntityOfPage\":{\"@id\":\"https:\\\/\\\/infos-droitshumains.net\\\/?p=8244\"},\"wordCount\":771,\"commentCount\":0,\"publisher\":{\"@id\":\"https:\\\/\\\/infos-droitshumains.net\\\/#organization\"},\"image\":{\"@id\":\"https:\\\/\\\/infos-droitshumains.net\\\/?p=8244#primaryimage\"},\"thumbnailUrl\":\"https:\\\/\\\/i0.wp.com\\\/infos-droitshumains.net\\\/wp-content\\\/uploads\\\/2023\\\/10\\\/IMG-20230923-WA0000_1.jpg?fit=720%2C736&ssl=1\",\"articleSection\":[\"Droits Humains\"],\"inLanguage\":\"fr-FR\",\"potentialAction\":[{\"@type\":\"CommentAction\",\"name\":\"Comment\",\"target\":[\"https:\\\/\\\/infos-droitshumains.net\\\/?p=8244#respond\"]}]},{\"@type\":\"WebPage\",\"@id\":\"https:\\\/\\\/infos-droitshumains.net\\\/?p=8244\",\"url\":\"https:\\\/\\\/infos-droitshumains.net\\\/?p=8244\",\"name\":\"Lutte contre la traite des personnes et vulgarisation de la loi y relative\u00a0: A travers la formation de 2500 nouveaux magistrats, Eric Kuku Kiese se satisfait du fait que le pouvoir judiciaire ait pris en main les objectifs de la coordination - Infos Droits Humains\",\"isPartOf\":{\"@id\":\"https:\\\/\\\/infos-droitshumains.net\\\/#website\"},\"primaryImageOfPage\":{\"@id\":\"https:\\\/\\\/infos-droitshumains.net\\\/?p=8244#primaryimage\"},\"image\":{\"@id\":\"https:\\\/\\\/infos-droitshumains.net\\\/?p=8244#primaryimage\"},\"thumbnailUrl\":\"https:\\\/\\\/i0.wp.com\\\/infos-droitshumains.net\\\/wp-content\\\/uploads\\\/2023\\\/10\\\/IMG-20230923-WA0000_1.jpg?fit=720%2C736&ssl=1\",\"datePublished\":\"2023-10-08T13:33:12+00:00\",\"dateModified\":\"2023-10-08T13:49:23+00:00\",\"breadcrumb\":{\"@id\":\"https:\\\/\\\/infos-droitshumains.net\\\/?p=8244#breadcrumb\"},\"inLanguage\":\"fr-FR\",\"potentialAction\":[{\"@type\":\"ReadAction\",\"target\":[\"https:\\\/\\\/infos-droitshumains.net\\\/?p=8244\"]}]},{\"@type\":\"ImageObject\",\"inLanguage\":\"fr-FR\",\"@id\":\"https:\\\/\\\/infos-droitshumains.net\\\/?p=8244#primaryimage\",\"url\":\"https:\\\/\\\/i0.wp.com\\\/infos-droitshumains.net\\\/wp-content\\\/uploads\\\/2023\\\/10\\\/IMG-20230923-WA0000_1.jpg?fit=720%2C736&ssl=1\",\"contentUrl\":\"https:\\\/\\\/i0.wp.com\\\/infos-droitshumains.net\\\/wp-content\\\/uploads\\\/2023\\\/10\\\/IMG-20230923-WA0000_1.jpg?fit=720%2C736&ssl=1\",\"width\":720,\"height\":736},{\"@type\":\"BreadcrumbList\",\"@id\":\"https:\\\/\\\/infos-droitshumains.net\\\/?p=8244#breadcrumb\",\"itemListElement\":[{\"@type\":\"ListItem\",\"position\":1,\"name\":\"Accueil\",\"item\":\"https:\\\/\\\/infos-droitshumains.net\\\/\"},{\"@type\":\"ListItem\",\"position\":2,\"name\":\"Lutte contre la traite des personnes et vulgarisation de la loi y relative\u00a0: A travers la formation de 2500 nouveaux magistrats, Eric Kuku Kiese se satisfait du fait que le pouvoir judiciaire ait pris en main les objectifs de la coordination\"}]},{\"@type\":\"WebSite\",\"@id\":\"https:\\\/\\\/infos-droitshumains.net\\\/#website\",\"url\":\"https:\\\/\\\/infos-droitshumains.net\\\/\",\"name\":\"Infos Droits Humains\",\"description\":\"S&#039;informer est un droit\",\"publisher\":{\"@id\":\"https:\\\/\\\/infos-droitshumains.net\\\/#organization\"},\"potentialAction\":[{\"@type\":\"SearchAction\",\"target\":{\"@type\":\"EntryPoint\",\"urlTemplate\":\"https:\\\/\\\/infos-droitshumains.net\\\/?s={search_term_string}\"},\"query-input\":{\"@type\":\"PropertyValueSpecification\",\"valueRequired\":true,\"valueName\":\"search_term_string\"}}],\"inLanguage\":\"fr-FR\"},{\"@type\":\"Organization\",\"@id\":\"https:\\\/\\\/infos-droitshumains.net\\\/#organization\",\"name\":\"Infos Droits Humains\",\"url\":\"https:\\\/\\\/infos-droitshumains.net\\\/\",\"logo\":{\"@type\":\"ImageObject\",\"inLanguage\":\"fr-FR\",\"@id\":\"https:\\\/\\\/infos-droitshumains.net\\\/#\\\/schema\\\/logo\\\/image\\\/\",\"url\":\"https:\\\/\\\/i0.wp.com\\\/infos-droitshumains.net\\\/wp-content\\\/uploads\\\/2022\\\/05\\\/Logo.png?fit=333%2C129&ssl=1\",\"contentUrl\":\"https:\\\/\\\/i0.wp.com\\\/infos-droitshumains.net\\\/wp-content\\\/uploads\\\/2022\\\/05\\\/Logo.png?fit=333%2C129&ssl=1\",\"width\":333,\"height\":129,\"caption\":\"Infos Droits Humains\"},\"image\":{\"@id\":\"https:\\\/\\\/infos-droitshumains.net\\\/#\\\/schema\\\/logo\\\/image\\\/\"}},{\"@type\":\"Person\",\"@id\":\"https:\\\/\\\/infos-droitshumains.net\\\/#\\\/schema\\\/person\\\/3dc5e921c3302172e0ed4362f96faab7\",\"name\":\"Jo\u00ebl Diawa\",\"image\":{\"@type\":\"ImageObject\",\"inLanguage\":\"fr-FR\",\"@id\":\"https:\\\/\\\/secure.gravatar.com\\\/avatar\\\/729bea6ff4604c624417803c477363be8e3c7186deaa65713313f9b4b820f41c?s=96&d=mm&r=g\",\"url\":\"https:\\\/\\\/secure.gravatar.com\\\/avatar\\\/729bea6ff4604c624417803c477363be8e3c7186deaa65713313f9b4b820f41c?s=96&d=mm&r=g\",\"contentUrl\":\"https:\\\/\\\/secure.gravatar.com\\\/avatar\\\/729bea6ff4604c624417803c477363be8e3c7186deaa65713313f9b4b820f41c?s=96&d=mm&r=g\",\"caption\":\"Jo\u00ebl Diawa\"},\"sameAs\":[\"https:\\\/\\\/www.infos-droitshumains.net\"],\"url\":\"https:\\\/\\\/infos-droitshumains.net\\\/?author=2\"}]}<\/script>\n<!-- \/ Yoast SEO plugin. -->","yoast_head_json":{"title":"Lutte contre la traite des personnes et vulgarisation de la loi y relative\u00a0: A travers la formation de 2500 nouveaux magistrats, Eric Kuku Kiese se satisfait du fait que le pouvoir judiciaire ait pris en main les objectifs de la coordination - Infos Droits Humains","robots":{"index":"index","follow":"follow","max-snippet":"max-snippet:-1","max-image-preview":"max-image-preview:large","max-video-preview":"max-video-preview:-1"},"canonical":"https:\/\/infos-droitshumains.net\/?p=8244","og_locale":"fr_FR","og_type":"article","og_title":"Lutte contre la traite des personnes et vulgarisation de la loi y relative\u00a0: A travers la formation de 2500 nouveaux magistrats, Eric Kuku Kiese se satisfait du fait que le pouvoir judiciaire ait pris en main les objectifs de la coordination - Infos Droits Humains","og_description":"R\u00e9daction :+243817406088 Venus de l&rsquo;ensemble du territoire national, 2500 nouveaux magistrats civils et militaires nouvellement...","og_url":"https:\/\/infos-droitshumains.net\/?p=8244","og_site_name":"Infos Droits Humains","article_published_time":"2023-10-08T13:33:12+00:00","article_modified_time":"2023-10-08T13:49:23+00:00","og_image":[{"width":720,"height":736,"url":"https:\/\/infos-droitshumains.net\/wp-content\/uploads\/2023\/10\/IMG-20230923-WA0000_1.jpg","type":"image\/jpeg"}],"author":"Jo\u00ebl Diawa","twitter_card":"summary_large_image","twitter_misc":{"\u00c9crit par":"Jo\u00ebl Diawa","Dur\u00e9e de lecture estim\u00e9e":"5 minutes"},"schema":{"@context":"https:\/\/schema.org","@graph":[{"@type":"Article","@id":"https:\/\/infos-droitshumains.net\/?p=8244#article","isPartOf":{"@id":"https:\/\/infos-droitshumains.net\/?p=8244"},"author":{"name":"Jo\u00ebl Diawa","@id":"https:\/\/infos-droitshumains.net\/#\/schema\/person\/3dc5e921c3302172e0ed4362f96faab7"},"headline":"Lutte contre la traite des personnes et vulgarisation de la loi y relative\u00a0: A travers la formation de 2500 nouveaux magistrats, Eric Kuku Kiese se satisfait du fait que le pouvoir judiciaire ait pris en main les objectifs de la coordination","datePublished":"2023-10-08T13:33:12+00:00","dateModified":"2023-10-08T13:49:23+00:00","mainEntityOfPage":{"@id":"https:\/\/infos-droitshumains.net\/?p=8244"},"wordCount":771,"commentCount":0,"publisher":{"@id":"https:\/\/infos-droitshumains.net\/#organization"},"image":{"@id":"https:\/\/infos-droitshumains.net\/?p=8244#primaryimage"},"thumbnailUrl":"https:\/\/i0.wp.com\/infos-droitshumains.net\/wp-content\/uploads\/2023\/10\/IMG-20230923-WA0000_1.jpg?fit=720%2C736&ssl=1","articleSection":["Droits Humains"],"inLanguage":"fr-FR","potentialAction":[{"@type":"CommentAction","name":"Comment","target":["https:\/\/infos-droitshumains.net\/?p=8244#respond"]}]},{"@type":"WebPage","@id":"https:\/\/infos-droitshumains.net\/?p=8244","url":"https:\/\/infos-droitshumains.net\/?p=8244","name":"Lutte contre la traite des personnes et vulgarisation de la loi y relative\u00a0: A travers la formation de 2500 nouveaux magistrats, Eric Kuku Kiese se satisfait du fait que le pouvoir judiciaire ait pris en main les objectifs de la coordination - Infos Droits Humains","isPartOf":{"@id":"https:\/\/infos-droitshumains.net\/#website"},"primaryImageOfPage":{"@id":"https:\/\/infos-droitshumains.net\/?p=8244#primaryimage"},"image":{"@id":"https:\/\/infos-droitshumains.net\/?p=8244#primaryimage"},"thumbnailUrl":"https:\/\/i0.wp.com\/infos-droitshumains.net\/wp-content\/uploads\/2023\/10\/IMG-20230923-WA0000_1.jpg?fit=720%2C736&ssl=1","datePublished":"2023-10-08T13:33:12+00:00","dateModified":"2023-10-08T13:49:23+00:00","breadcrumb":{"@id":"https:\/\/infos-droitshumains.net\/?p=8244#breadcrumb"},"inLanguage":"fr-FR","potentialAction":[{"@type":"ReadAction","target":["https:\/\/infos-droitshumains.net\/?p=8244"]}]},{"@type":"ImageObject","inLanguage":"fr-FR","@id":"https:\/\/infos-droitshumains.net\/?p=8244#primaryimage","url":"https:\/\/i0.wp.com\/infos-droitshumains.net\/wp-content\/uploads\/2023\/10\/IMG-20230923-WA0000_1.jpg?fit=720%2C736&ssl=1","contentUrl":"https:\/\/i0.wp.com\/infos-droitshumains.net\/wp-content\/uploads\/2023\/10\/IMG-20230923-WA0000_1.jpg?fit=720%2C736&ssl=1","width":720,"height":736},{"@type":"BreadcrumbList","@id":"https:\/\/infos-droitshumains.net\/?p=8244#breadcrumb","itemListElement":[{"@type":"ListItem","position":1,"name":"Accueil","item":"https:\/\/infos-droitshumains.net\/"},{"@type":"ListItem","position":2,"name":"Lutte contre la traite des personnes et vulgarisation de la loi y relative\u00a0: A travers la formation de 2500 nouveaux magistrats, Eric Kuku Kiese se satisfait du fait que le pouvoir judiciaire ait pris en main les objectifs de la coordination"}]},{"@type":"WebSite","@id":"https:\/\/infos-droitshumains.net\/#website","url":"https:\/\/infos-droitshumains.net\/","name":"Infos Droits Humains","description":"S&#039;informer est un droit","publisher":{"@id":"https:\/\/infos-droitshumains.net\/#organization"},"potentialAction":[{"@type":"SearchAction","target":{"@type":"EntryPoint","urlTemplate":"https:\/\/infos-droitshumains.net\/?s={search_term_string}"},"query-input":{"@type":"PropertyValueSpecification","valueRequired":true,"valueName":"search_term_string"}}],"inLanguage":"fr-FR"},{"@type":"Organization","@id":"https:\/\/infos-droitshumains.net\/#organization","name":"Infos Droits Humains","url":"https:\/\/infos-droitshumains.net\/","logo":{"@type":"ImageObject","inLanguage":"fr-FR","@id":"https:\/\/infos-droitshumains.net\/#\/schema\/logo\/image\/","url":"https:\/\/i0.wp.com\/infos-droitshumains.net\/wp-content\/uploads\/2022\/05\/Logo.png?fit=333%2C129&ssl=1","contentUrl":"https:\/\/i0.wp.com\/infos-droitshumains.net\/wp-content\/uploads\/2022\/05\/Logo.png?fit=333%2C129&ssl=1","width":333,"height":129,"caption":"Infos Droits Humains"},"image":{"@id":"https:\/\/infos-droitshumains.net\/#\/schema\/logo\/image\/"}},{"@type":"Person","@id":"https:\/\/infos-droitshumains.net\/#\/schema\/person\/3dc5e921c3302172e0ed4362f96faab7","name":"Jo\u00ebl Diawa","image":{"@type":"ImageObject","inLanguage":"fr-FR","@id":"https:\/\/secure.gravatar.com\/avatar\/729bea6ff4604c624417803c477363be8e3c7186deaa65713313f9b4b820f41c?s=96&d=mm&r=g","url":"https:\/\/secure.gravatar.com\/avatar\/729bea6ff4604c624417803c477363be8e3c7186deaa65713313f9b4b820f41c?s=96&d=mm&r=g","contentUrl":"https:\/\/secure.gravatar.com\/avatar\/729bea6ff4604c624417803c477363be8e3c7186deaa65713313f9b4b820f41c?s=96&d=mm&r=g","caption":"Jo\u00ebl Diawa"},"sameAs":["https:\/\/www.infos-droitshumains.net"],"url":"https:\/\/infos-droitshumains.net\/?author=2"}]}},"featured_image_urls":{"full":["https:\/\/i0.wp.com\/infos-droitshumains.net\/wp-content\/uploads\/2023\/10\/IMG-20230923-WA0000_1.jpg?fit=720%2C736&ssl=1",720,736,false],"thumbnail":["https:\/\/i0.wp.com\/infos-droitshumains.net\/wp-content\/uploads\/2023\/10\/IMG-20230923-WA0000_1.jpg?resize=150%2C150&ssl=1",150,150,true],"medium":["https:\/\/i0.wp.com\/infos-droitshumains.net\/wp-content\/uploads\/2023\/10\/IMG-20230923-WA0000_1.jpg?fit=293%2C300&ssl=1",293,300,true],"medium_large":["https:\/\/i0.wp.com\/infos-droitshumains.net\/wp-content\/uploads\/2023\/10\/IMG-20230923-WA0000_1.jpg?fit=640%2C654&ssl=1",640,654,true],"large":["https:\/\/i0.wp.com\/infos-droitshumains.net\/wp-content\/uploads\/2023\/10\/IMG-20230923-WA0000_1.jpg?fit=640%2C654&ssl=1",640,654,true],"1536x1536":["https:\/\/i0.wp.com\/infos-droitshumains.net\/wp-content\/uploads\/2023\/10\/IMG-20230923-WA0000_1.jpg?fit=720%2C736&ssl=1",720,736,true],"2048x2048":["https:\/\/i0.wp.com\/infos-droitshumains.net\/wp-content\/uploads\/2023\/10\/IMG-20230923-WA0000_1.jpg?fit=720%2C736&ssl=1",720,736,true],"covernews-slider-full":["https:\/\/i0.wp.com\/infos-droitshumains.net\/wp-content\/uploads\/2023\/10\/IMG-20230923-WA0000_1.jpg?resize=720%2C715&ssl=1",720,715,true],"covernews-slider-center":["https:\/\/i0.wp.com\/infos-droitshumains.net\/wp-content\/uploads\/2023\/10\/IMG-20230923-WA0000_1.jpg?resize=720%2C500&ssl=1",720,500,true],"covernews-featured":["https:\/\/i0.wp.com\/infos-droitshumains.net\/wp-content\/uploads\/2023\/10\/IMG-20230923-WA0000_1.jpg?fit=720%2C736&ssl=1",720,736,true],"covernews-medium":["https:\/\/i0.wp.com\/infos-droitshumains.net\/wp-content\/uploads\/2023\/10\/IMG-20230923-WA0000_1.jpg?resize=540%2C340&ssl=1",540,340,true],"covernews-medium-square":["https:\/\/i0.wp.com\/infos-droitshumains.net\/wp-content\/uploads\/2023\/10\/IMG-20230923-WA0000_1.jpg?resize=400%2C250&ssl=1",400,250,true]},"author_info":{"display_name":"Jo\u00ebl Diawa","author_link":"https:\/\/infos-droitshumains.net\/?author=2"},"category_info":"<a href=\"https:\/\/infos-droitshumains.net\/?cat=7\" rel=\"category\">Droits Humains<\/a>","tag_info":"Droits Humains","comment_count":"0","jetpack_featured_media_url":"https:\/\/i0.wp.com\/infos-droitshumains.net\/wp-content\/uploads\/2023\/10\/IMG-20230923-WA0000_1.jpg?fit=720%2C736&ssl=1","jetpack-related-posts":[],"jetpack_sharing_enabled":true,"_links":{"self":[{"href":"https:\/\/infos-droitshumains.net\/index.php?rest_route=\/wp\/v2\/posts\/8244","targetHints":{"allow":["GET"]}}],"collection":[{"href":"https:\/\/infos-droitshumains.net\/index.php?rest_route=\/wp\/v2\/posts"}],"about":[{"href":"https:\/\/infos-droitshumains.net\/index.php?rest_route=\/wp\/v2\/types\/post"}],"author":[{"embeddable":true,"href":"https:\/\/infos-droitshumains.net\/index.php?rest_route=\/wp\/v2\/users\/2"}],"replies":[{"embeddable":true,"href":"https:\/\/infos-droitshumains.net\/index.php?rest_route=%2Fwp%2Fv2%2Fcomments&post=8244"}],"version-history":[{"count":9,"href":"https:\/\/infos-droitshumains.net\/index.php?rest_route=\/wp\/v2\/posts\/8244\/revisions"}],"predecessor-version":[{"id":8261,"href":"https:\/\/infos-droitshumains.net\/index.php?rest_route=\/wp\/v2\/posts\/8244\/revisions\/8261"}],"wp:featuredmedia":[{"embeddable":true,"href":"https:\/\/infos-droitshumains.net\/index.php?rest_route=\/wp\/v2\/media\/8246"}],"wp:attachment":[{"href":"https:\/\/infos-droitshumains.net\/index.php?rest_route=%2Fwp%2Fv2%2Fmedia&parent=8244"}],"wp:term":[{"taxonomy":"category","embeddable":true,"href":"https:\/\/infos-droitshumains.net\/index.php?rest_route=%2Fwp%2Fv2%2Fcategories&post=8244"},{"taxonomy":"post_tag","embeddable":true,"href":"https:\/\/infos-droitshumains.net\/index.php?rest_route=%2Fwp%2Fv2%2Ftags&post=8244"}],"curies":[{"name":"wp","href":"https:\/\/api.w.org\/{rel}","templated":true}]}}