{"id":8174,"date":"2023-10-02T22:46:43","date_gmt":"2023-10-02T20:46:43","guid":{"rendered":"https:\/\/infos-droitshumains.net\/?p=8174"},"modified":"2023-10-02T22:54:39","modified_gmt":"2023-10-02T20:54:39","slug":"tripaix-pont-kasa-vubu-apres-le-renouvellement-de-son-serment-ngoy-sifa-ne-jure-que-sur-le-bon-fonctionnement-de-differents-services-de-ce-tribunal","status":"publish","type":"post","link":"https:\/\/infos-droitshumains.net\/?p=8174","title":{"rendered":"Tripaix\/Pont Kasa-Vubu : Apr\u00e8s le renouvellement de son serment,\u00a0 Ngoy Sifa ne jure que sur le bon fonctionnement de diff\u00e9rents services de ce tribunal"},"content":{"rendered":"\n<p><strong>R\u00e9daction :+243817406088<\/strong><\/p>\n\n\n\n<h4 class=\"wp-block-heading has-vivid-red-color has-text-color\">La nouvelle Pr\u00e9sidente du Tribunal de Paix de Kinshasa\/Pont Kasa-Vubu, Ngoy Sifa&nbsp; a renouvel\u00e9 son serment statutaire. C\u2019est au terme de l&rsquo;audience publique et solennelle tenue ce 29 septembre 2023.<\/h4>\n\n\n\n<p>Apr\u00e8s acceptation de son serment par la composition et signature du proc\u00e8s-verbal, Ngoy Sifa a, au cours de son allocution ax\u00e9e sur <strong><em>\u00ab&nbsp;la d\u00e9tention pr\u00e9ventive&nbsp;\u00bb<\/em><\/strong>, promis d&rsquo;assurer le bon fonctionnement des services de son tribunal.<\/p>\n\n\n\n<figure class=\"wp-block-image alignfull size-full\"><img data-recalc-dims=\"1\" fetchpriority=\"high\" decoding=\"async\" width=\"640\" height=\"369\" src=\"https:\/\/i0.wp.com\/infos-droitshumains.net\/wp-content\/uploads\/2023\/09\/IMG-20230930-WA0087.jpg?resize=640%2C369&#038;ssl=1\" alt=\"\" class=\"wp-image-8157\" srcset=\"https:\/\/i0.wp.com\/infos-droitshumains.net\/wp-content\/uploads\/2023\/09\/IMG-20230930-WA0087.jpg?w=1000&amp;ssl=1 1000w, https:\/\/i0.wp.com\/infos-droitshumains.net\/wp-content\/uploads\/2023\/09\/IMG-20230930-WA0087.jpg?resize=300%2C173&amp;ssl=1 300w, https:\/\/i0.wp.com\/infos-droitshumains.net\/wp-content\/uploads\/2023\/09\/IMG-20230930-WA0087.jpg?resize=768%2C443&amp;ssl=1 768w\" sizes=\"(max-width: 640px) 100vw, 640px\" \/><\/figure>\n\n\n\n<p><em>\u00ab&nbsp;Cette th\u00e9matique me tient particuli\u00e8rement \u00e0 c\u0153ur, car elle demeure un point important dans la d\u00e9termination de la perception qu&rsquo;a le justiciable envers l&rsquo;action de la justice sur les mauvais citoyens&nbsp;\u00bb<\/em>, a d\u00e9clar\u00e9 la nouvelle pr\u00e9sidente du tribunal de paix\/Pont Kasa-vubu.<\/p>\n\n\n\n<p>Se montrant p\u00e9dagogue, Ngoy Sifa a de mani\u00e8re claire et simple, rappel\u00e9 la proc\u00e9dure qui m\u00e8ne \u00e0 la d\u00e9tention pr\u00e9ventive.<\/p>\n\n\n\n<p><em>\u00ab&nbsp;Il nous appartient ici de nous d\u00e9rober du sort qui convient de r\u00e9server \u00e0 une personne plac\u00e9e en garde en vue au del\u00e0 du d\u00e9lai constitutionnel et l\u00e9gal de 48 heures et dont le dossier transmis du parquet donne lieu \u00e0 un mandat d&rsquo;arr\u00eat provisoire \u00e0 la suite duquel notre tribunal serait saisi en vue de l&rsquo;autorisation de la mise en d\u00e9tention pr\u00e9ventive&nbsp;\u00bb<\/em>, a-t-elle rappel\u00e9 avant d\u2019inviter chacun de ses collaborateurs au strict respect de la proc\u00e9dure l\u00e9gale qui d\u00e9bouche \u00e0 la d\u00e9tention pr\u00e9ventive.<\/p>\n\n\n\n<figure class=\"wp-block-image alignfull size-full\"><img data-recalc-dims=\"1\" decoding=\"async\" width=\"640\" height=\"369\" src=\"https:\/\/i0.wp.com\/infos-droitshumains.net\/wp-content\/uploads\/2023\/10\/IMG-20230930-WA0088.jpg?resize=640%2C369&#038;ssl=1\" alt=\"\" class=\"wp-image-8181\" srcset=\"https:\/\/i0.wp.com\/infos-droitshumains.net\/wp-content\/uploads\/2023\/10\/IMG-20230930-WA0088.jpg?w=1000&amp;ssl=1 1000w, https:\/\/i0.wp.com\/infos-droitshumains.net\/wp-content\/uploads\/2023\/10\/IMG-20230930-WA0088.jpg?resize=300%2C173&amp;ssl=1 300w, https:\/\/i0.wp.com\/infos-droitshumains.net\/wp-content\/uploads\/2023\/10\/IMG-20230930-WA0088.jpg?resize=768%2C443&amp;ssl=1 768w\" sizes=\"(max-width: 640px) 100vw, 640px\" \/><\/figure>\n\n\n\n<p><em>\u00ab&nbsp;Sans vouloir peser sur l&rsquo;ind\u00e9pendance de chacun d&rsquo;entre nous quant \u00e0 l&rsquo;appr\u00e9ciation du bien-fond\u00e9 d&rsquo;autoriser ou non une d\u00e9tention pr\u00e9ventive, j&rsquo;entends attirer l&rsquo;attention de chacun de nous sur la n\u00e9cessit\u00e9 de veiller \u00e0 rappeler au minist\u00e8re public de notre ressort son obligation de veiller au fonctionnement de la police judiciaire dans l&rsquo;application des mesures restrictives et privatives de libert\u00e9. Il est essentiel que l&rsquo;officier de police judiciaire ou agent de police judiciaire refl\u00e8te le respect pour la dignit\u00e9 du justiciable en s&rsquo;interdisant d&rsquo;agir en dehors des prescrits l\u00e9gaux&nbsp;\u00bb.<\/em><\/p>\n\n\n\n<p>Une allocution qui donne l\u2019image de ce \u00e0 quoi se ressemblera le Tribunal de Paix de Kinshasa\/ Pont Kasa-Vubu sous Ngoy Sifa.<\/p>\n\n\n\n<p>AM<\/p>\n","protected":false},"excerpt":{"rendered":"<p>R\u00e9daction :+243817406088 La nouvelle Pr\u00e9sidente du Tribunal de Paix de Kinshasa\/Pont Kasa-Vubu, Ngoy Sifa&nbsp; a&#8230;<\/p>\n","protected":false},"author":2,"featured_media":8176,"comment_status":"open","ping_status":"open","sticky":false,"template":"","format":"standard","meta":{"_jetpack_memberships_contains_paid_content":false,"footnotes":""},"categories":[6],"tags":[],"class_list":["post-8174","post","type-post","status-publish","format-standard","has-post-thumbnail","hentry","category-justice"],"yoast_head":"<!-- This site is optimized with the Yoast SEO plugin v27.5 - https:\/\/yoast.com\/product\/yoast-seo-wordpress\/ -->\n<title>Tripaix\/Pont Kasa-Vubu : Apr\u00e8s le renouvellement de son serment,\u00a0 Ngoy Sifa ne jure que sur le bon fonctionnement de diff\u00e9rents services de ce tribunal - Infos Droits Humains<\/title>\n<meta name=\"robots\" content=\"index, follow, max-snippet:-1, max-image-preview:large, max-video-preview:-1\" \/>\n<link rel=\"canonical\" href=\"https:\/\/infos-droitshumains.net\/?p=8174\" \/>\n<meta property=\"og:locale\" content=\"fr_FR\" \/>\n<meta property=\"og:type\" content=\"article\" \/>\n<meta property=\"og:title\" content=\"Tripaix\/Pont Kasa-Vubu : Apr\u00e8s le renouvellement de son serment,\u00a0 Ngoy Sifa ne jure que sur le bon fonctionnement de diff\u00e9rents services de ce tribunal - Infos Droits Humains\" \/>\n<meta property=\"og:description\" content=\"R\u00e9daction :+243817406088 La nouvelle Pr\u00e9sidente du Tribunal de Paix de Kinshasa\/Pont Kasa-Vubu, Ngoy Sifa&nbsp; a...\" \/>\n<meta property=\"og:url\" content=\"https:\/\/infos-droitshumains.net\/?p=8174\" \/>\n<meta property=\"og:site_name\" content=\"Infos Droits Humains\" \/>\n<meta property=\"article:published_time\" content=\"2023-10-02T20:46:43+00:00\" \/>\n<meta property=\"article:modified_time\" content=\"2023-10-02T20:54:39+00:00\" \/>\n<meta property=\"og:image\" content=\"https:\/\/infos-droitshumains.net\/wp-content\/uploads\/2023\/10\/IMG-20230930-WA0092_1.jpg\" \/>\n\t<meta property=\"og:image:width\" content=\"1000\" \/>\n\t<meta property=\"og:image:height\" content=\"577\" \/>\n\t<meta property=\"og:image:type\" content=\"image\/jpeg\" \/>\n<meta name=\"author\" content=\"Jo\u00ebl Diawa\" \/>\n<meta name=\"twitter:card\" content=\"summary_large_image\" \/>\n<meta name=\"twitter:label1\" content=\"\u00c9crit par\" \/>\n\t<meta name=\"twitter:data1\" content=\"Jo\u00ebl Diawa\" \/>\n\t<meta name=\"twitter:label2\" content=\"Dur\u00e9e de lecture estim\u00e9e\" \/>\n\t<meta name=\"twitter:data2\" content=\"3 minutes\" \/>\n<script type=\"application\/ld+json\" class=\"yoast-schema-graph\">{\"@context\":\"https:\\\/\\\/schema.org\",\"@graph\":[{\"@type\":\"Article\",\"@id\":\"https:\\\/\\\/infos-droitshumains.net\\\/?p=8174#article\",\"isPartOf\":{\"@id\":\"https:\\\/\\\/infos-droitshumains.net\\\/?p=8174\"},\"author\":{\"name\":\"Jo\u00ebl Diawa\",\"@id\":\"https:\\\/\\\/infos-droitshumains.net\\\/#\\\/schema\\\/person\\\/3dc5e921c3302172e0ed4362f96faab7\"},\"headline\":\"Tripaix\\\/Pont Kasa-Vubu : Apr\u00e8s le renouvellement de son serment,\u00a0 Ngoy Sifa ne jure que sur le bon fonctionnement de diff\u00e9rents services de ce tribunal\",\"datePublished\":\"2023-10-02T20:46:43+00:00\",\"dateModified\":\"2023-10-02T20:54:39+00:00\",\"mainEntityOfPage\":{\"@id\":\"https:\\\/\\\/infos-droitshumains.net\\\/?p=8174\"},\"wordCount\":390,\"commentCount\":0,\"publisher\":{\"@id\":\"https:\\\/\\\/infos-droitshumains.net\\\/#organization\"},\"image\":{\"@id\":\"https:\\\/\\\/infos-droitshumains.net\\\/?p=8174#primaryimage\"},\"thumbnailUrl\":\"https:\\\/\\\/i0.wp.com\\\/infos-droitshumains.net\\\/wp-content\\\/uploads\\\/2023\\\/10\\\/IMG-20230930-WA0092_1.jpg?fit=1000%2C577&ssl=1\",\"articleSection\":[\"Justice\"],\"inLanguage\":\"fr-FR\",\"potentialAction\":[{\"@type\":\"CommentAction\",\"name\":\"Comment\",\"target\":[\"https:\\\/\\\/infos-droitshumains.net\\\/?p=8174#respond\"]}]},{\"@type\":\"WebPage\",\"@id\":\"https:\\\/\\\/infos-droitshumains.net\\\/?p=8174\",\"url\":\"https:\\\/\\\/infos-droitshumains.net\\\/?p=8174\",\"name\":\"Tripaix\\\/Pont Kasa-Vubu : Apr\u00e8s le renouvellement de son serment,\u00a0 Ngoy Sifa ne jure que sur le bon fonctionnement de diff\u00e9rents services de ce tribunal - Infos Droits Humains\",\"isPartOf\":{\"@id\":\"https:\\\/\\\/infos-droitshumains.net\\\/#website\"},\"primaryImageOfPage\":{\"@id\":\"https:\\\/\\\/infos-droitshumains.net\\\/?p=8174#primaryimage\"},\"image\":{\"@id\":\"https:\\\/\\\/infos-droitshumains.net\\\/?p=8174#primaryimage\"},\"thumbnailUrl\":\"https:\\\/\\\/i0.wp.com\\\/infos-droitshumains.net\\\/wp-content\\\/uploads\\\/2023\\\/10\\\/IMG-20230930-WA0092_1.jpg?fit=1000%2C577&ssl=1\",\"datePublished\":\"2023-10-02T20:46:43+00:00\",\"dateModified\":\"2023-10-02T20:54:39+00:00\",\"breadcrumb\":{\"@id\":\"https:\\\/\\\/infos-droitshumains.net\\\/?p=8174#breadcrumb\"},\"inLanguage\":\"fr-FR\",\"potentialAction\":[{\"@type\":\"ReadAction\",\"target\":[\"https:\\\/\\\/infos-droitshumains.net\\\/?p=8174\"]}]},{\"@type\":\"ImageObject\",\"inLanguage\":\"fr-FR\",\"@id\":\"https:\\\/\\\/infos-droitshumains.net\\\/?p=8174#primaryimage\",\"url\":\"https:\\\/\\\/i0.wp.com\\\/infos-droitshumains.net\\\/wp-content\\\/uploads\\\/2023\\\/10\\\/IMG-20230930-WA0092_1.jpg?fit=1000%2C577&ssl=1\",\"contentUrl\":\"https:\\\/\\\/i0.wp.com\\\/infos-droitshumains.net\\\/wp-content\\\/uploads\\\/2023\\\/10\\\/IMG-20230930-WA0092_1.jpg?fit=1000%2C577&ssl=1\",\"width\":1000,\"height\":577},{\"@type\":\"BreadcrumbList\",\"@id\":\"https:\\\/\\\/infos-droitshumains.net\\\/?p=8174#breadcrumb\",\"itemListElement\":[{\"@type\":\"ListItem\",\"position\":1,\"name\":\"Accueil\",\"item\":\"https:\\\/\\\/infos-droitshumains.net\\\/\"},{\"@type\":\"ListItem\",\"position\":2,\"name\":\"Tripaix\\\/Pont Kasa-Vubu : Apr\u00e8s le renouvellement de son serment,\u00a0 Ngoy Sifa ne jure que sur le bon fonctionnement de diff\u00e9rents services de ce tribunal\"}]},{\"@type\":\"WebSite\",\"@id\":\"https:\\\/\\\/infos-droitshumains.net\\\/#website\",\"url\":\"https:\\\/\\\/infos-droitshumains.net\\\/\",\"name\":\"Infos Droits Humains\",\"description\":\"S&#039;informer est un droit\",\"publisher\":{\"@id\":\"https:\\\/\\\/infos-droitshumains.net\\\/#organization\"},\"potentialAction\":[{\"@type\":\"SearchAction\",\"target\":{\"@type\":\"EntryPoint\",\"urlTemplate\":\"https:\\\/\\\/infos-droitshumains.net\\\/?s={search_term_string}\"},\"query-input\":{\"@type\":\"PropertyValueSpecification\",\"valueRequired\":true,\"valueName\":\"search_term_string\"}}],\"inLanguage\":\"fr-FR\"},{\"@type\":\"Organization\",\"@id\":\"https:\\\/\\\/infos-droitshumains.net\\\/#organization\",\"name\":\"Infos Droits Humains\",\"url\":\"https:\\\/\\\/infos-droitshumains.net\\\/\",\"logo\":{\"@type\":\"ImageObject\",\"inLanguage\":\"fr-FR\",\"@id\":\"https:\\\/\\\/infos-droitshumains.net\\\/#\\\/schema\\\/logo\\\/image\\\/\",\"url\":\"https:\\\/\\\/i0.wp.com\\\/infos-droitshumains.net\\\/wp-content\\\/uploads\\\/2022\\\/05\\\/Logo.png?fit=333%2C129&ssl=1\",\"contentUrl\":\"https:\\\/\\\/i0.wp.com\\\/infos-droitshumains.net\\\/wp-content\\\/uploads\\\/2022\\\/05\\\/Logo.png?fit=333%2C129&ssl=1\",\"width\":333,\"height\":129,\"caption\":\"Infos Droits Humains\"},\"image\":{\"@id\":\"https:\\\/\\\/infos-droitshumains.net\\\/#\\\/schema\\\/logo\\\/image\\\/\"}},{\"@type\":\"Person\",\"@id\":\"https:\\\/\\\/infos-droitshumains.net\\\/#\\\/schema\\\/person\\\/3dc5e921c3302172e0ed4362f96faab7\",\"name\":\"Jo\u00ebl Diawa\",\"image\":{\"@type\":\"ImageObject\",\"inLanguage\":\"fr-FR\",\"@id\":\"https:\\\/\\\/secure.gravatar.com\\\/avatar\\\/729bea6ff4604c624417803c477363be8e3c7186deaa65713313f9b4b820f41c?s=96&d=mm&r=g\",\"url\":\"https:\\\/\\\/secure.gravatar.com\\\/avatar\\\/729bea6ff4604c624417803c477363be8e3c7186deaa65713313f9b4b820f41c?s=96&d=mm&r=g\",\"contentUrl\":\"https:\\\/\\\/secure.gravatar.com\\\/avatar\\\/729bea6ff4604c624417803c477363be8e3c7186deaa65713313f9b4b820f41c?s=96&d=mm&r=g\",\"caption\":\"Jo\u00ebl Diawa\"},\"sameAs\":[\"https:\\\/\\\/www.infos-droitshumains.net\"],\"url\":\"https:\\\/\\\/infos-droitshumains.net\\\/?author=2\"}]}<\/script>\n<!-- \/ Yoast SEO plugin. -->","yoast_head_json":{"title":"Tripaix\/Pont Kasa-Vubu : Apr\u00e8s le renouvellement de son serment,\u00a0 Ngoy Sifa ne jure que sur le bon fonctionnement de diff\u00e9rents services de ce tribunal - Infos Droits Humains","robots":{"index":"index","follow":"follow","max-snippet":"max-snippet:-1","max-image-preview":"max-image-preview:large","max-video-preview":"max-video-preview:-1"},"canonical":"https:\/\/infos-droitshumains.net\/?p=8174","og_locale":"fr_FR","og_type":"article","og_title":"Tripaix\/Pont Kasa-Vubu : Apr\u00e8s le renouvellement de son serment,\u00a0 Ngoy Sifa ne jure que sur le bon fonctionnement de diff\u00e9rents services de ce tribunal - Infos Droits Humains","og_description":"R\u00e9daction :+243817406088 La nouvelle Pr\u00e9sidente du Tribunal de Paix de Kinshasa\/Pont Kasa-Vubu, Ngoy Sifa&nbsp; a...","og_url":"https:\/\/infos-droitshumains.net\/?p=8174","og_site_name":"Infos Droits Humains","article_published_time":"2023-10-02T20:46:43+00:00","article_modified_time":"2023-10-02T20:54:39+00:00","og_image":[{"width":1000,"height":577,"url":"https:\/\/infos-droitshumains.net\/wp-content\/uploads\/2023\/10\/IMG-20230930-WA0092_1.jpg","type":"image\/jpeg"}],"author":"Jo\u00ebl Diawa","twitter_card":"summary_large_image","twitter_misc":{"\u00c9crit par":"Jo\u00ebl Diawa","Dur\u00e9e de lecture estim\u00e9e":"3 minutes"},"schema":{"@context":"https:\/\/schema.org","@graph":[{"@type":"Article","@id":"https:\/\/infos-droitshumains.net\/?p=8174#article","isPartOf":{"@id":"https:\/\/infos-droitshumains.net\/?p=8174"},"author":{"name":"Jo\u00ebl Diawa","@id":"https:\/\/infos-droitshumains.net\/#\/schema\/person\/3dc5e921c3302172e0ed4362f96faab7"},"headline":"Tripaix\/Pont Kasa-Vubu : Apr\u00e8s le renouvellement de son serment,\u00a0 Ngoy Sifa ne jure que sur le bon fonctionnement de diff\u00e9rents services de ce tribunal","datePublished":"2023-10-02T20:46:43+00:00","dateModified":"2023-10-02T20:54:39+00:00","mainEntityOfPage":{"@id":"https:\/\/infos-droitshumains.net\/?p=8174"},"wordCount":390,"commentCount":0,"publisher":{"@id":"https:\/\/infos-droitshumains.net\/#organization"},"image":{"@id":"https:\/\/infos-droitshumains.net\/?p=8174#primaryimage"},"thumbnailUrl":"https:\/\/i0.wp.com\/infos-droitshumains.net\/wp-content\/uploads\/2023\/10\/IMG-20230930-WA0092_1.jpg?fit=1000%2C577&ssl=1","articleSection":["Justice"],"inLanguage":"fr-FR","potentialAction":[{"@type":"CommentAction","name":"Comment","target":["https:\/\/infos-droitshumains.net\/?p=8174#respond"]}]},{"@type":"WebPage","@id":"https:\/\/infos-droitshumains.net\/?p=8174","url":"https:\/\/infos-droitshumains.net\/?p=8174","name":"Tripaix\/Pont Kasa-Vubu : Apr\u00e8s le renouvellement de son serment,\u00a0 Ngoy Sifa ne jure que sur le bon fonctionnement de diff\u00e9rents services de ce tribunal - Infos Droits Humains","isPartOf":{"@id":"https:\/\/infos-droitshumains.net\/#website"},"primaryImageOfPage":{"@id":"https:\/\/infos-droitshumains.net\/?p=8174#primaryimage"},"image":{"@id":"https:\/\/infos-droitshumains.net\/?p=8174#primaryimage"},"thumbnailUrl":"https:\/\/i0.wp.com\/infos-droitshumains.net\/wp-content\/uploads\/2023\/10\/IMG-20230930-WA0092_1.jpg?fit=1000%2C577&ssl=1","datePublished":"2023-10-02T20:46:43+00:00","dateModified":"2023-10-02T20:54:39+00:00","breadcrumb":{"@id":"https:\/\/infos-droitshumains.net\/?p=8174#breadcrumb"},"inLanguage":"fr-FR","potentialAction":[{"@type":"ReadAction","target":["https:\/\/infos-droitshumains.net\/?p=8174"]}]},{"@type":"ImageObject","inLanguage":"fr-FR","@id":"https:\/\/infos-droitshumains.net\/?p=8174#primaryimage","url":"https:\/\/i0.wp.com\/infos-droitshumains.net\/wp-content\/uploads\/2023\/10\/IMG-20230930-WA0092_1.jpg?fit=1000%2C577&ssl=1","contentUrl":"https:\/\/i0.wp.com\/infos-droitshumains.net\/wp-content\/uploads\/2023\/10\/IMG-20230930-WA0092_1.jpg?fit=1000%2C577&ssl=1","width":1000,"height":577},{"@type":"BreadcrumbList","@id":"https:\/\/infos-droitshumains.net\/?p=8174#breadcrumb","itemListElement":[{"@type":"ListItem","position":1,"name":"Accueil","item":"https:\/\/infos-droitshumains.net\/"},{"@type":"ListItem","position":2,"name":"Tripaix\/Pont Kasa-Vubu : Apr\u00e8s le renouvellement de son serment,\u00a0 Ngoy Sifa ne jure que sur le bon fonctionnement de diff\u00e9rents services de ce tribunal"}]},{"@type":"WebSite","@id":"https:\/\/infos-droitshumains.net\/#website","url":"https:\/\/infos-droitshumains.net\/","name":"Infos Droits Humains","description":"S&#039;informer est un droit","publisher":{"@id":"https:\/\/infos-droitshumains.net\/#organization"},"potentialAction":[{"@type":"SearchAction","target":{"@type":"EntryPoint","urlTemplate":"https:\/\/infos-droitshumains.net\/?s={search_term_string}"},"query-input":{"@type":"PropertyValueSpecification","valueRequired":true,"valueName":"search_term_string"}}],"inLanguage":"fr-FR"},{"@type":"Organization","@id":"https:\/\/infos-droitshumains.net\/#organization","name":"Infos Droits Humains","url":"https:\/\/infos-droitshumains.net\/","logo":{"@type":"ImageObject","inLanguage":"fr-FR","@id":"https:\/\/infos-droitshumains.net\/#\/schema\/logo\/image\/","url":"https:\/\/i0.wp.com\/infos-droitshumains.net\/wp-content\/uploads\/2022\/05\/Logo.png?fit=333%2C129&ssl=1","contentUrl":"https:\/\/i0.wp.com\/infos-droitshumains.net\/wp-content\/uploads\/2022\/05\/Logo.png?fit=333%2C129&ssl=1","width":333,"height":129,"caption":"Infos Droits Humains"},"image":{"@id":"https:\/\/infos-droitshumains.net\/#\/schema\/logo\/image\/"}},{"@type":"Person","@id":"https:\/\/infos-droitshumains.net\/#\/schema\/person\/3dc5e921c3302172e0ed4362f96faab7","name":"Jo\u00ebl Diawa","image":{"@type":"ImageObject","inLanguage":"fr-FR","@id":"https:\/\/secure.gravatar.com\/avatar\/729bea6ff4604c624417803c477363be8e3c7186deaa65713313f9b4b820f41c?s=96&d=mm&r=g","url":"https:\/\/secure.gravatar.com\/avatar\/729bea6ff4604c624417803c477363be8e3c7186deaa65713313f9b4b820f41c?s=96&d=mm&r=g","contentUrl":"https:\/\/secure.gravatar.com\/avatar\/729bea6ff4604c624417803c477363be8e3c7186deaa65713313f9b4b820f41c?s=96&d=mm&r=g","caption":"Jo\u00ebl Diawa"},"sameAs":["https:\/\/www.infos-droitshumains.net"],"url":"https:\/\/infos-droitshumains.net\/?author=2"}]}},"featured_image_urls":{"full":["https:\/\/i0.wp.com\/infos-droitshumains.net\/wp-content\/uploads\/2023\/10\/IMG-20230930-WA0092_1.jpg?fit=1000%2C577&ssl=1",1000,577,false],"thumbnail":["https:\/\/i0.wp.com\/infos-droitshumains.net\/wp-content\/uploads\/2023\/10\/IMG-20230930-WA0092_1.jpg?resize=150%2C150&ssl=1",150,150,true],"medium":["https:\/\/i0.wp.com\/infos-droitshumains.net\/wp-content\/uploads\/2023\/10\/IMG-20230930-WA0092_1.jpg?fit=300%2C173&ssl=1",300,173,true],"medium_large":["https:\/\/i0.wp.com\/infos-droitshumains.net\/wp-content\/uploads\/2023\/10\/IMG-20230930-WA0092_1.jpg?fit=640%2C369&ssl=1",640,369,true],"large":["https:\/\/i0.wp.com\/infos-droitshumains.net\/wp-content\/uploads\/2023\/10\/IMG-20230930-WA0092_1.jpg?fit=640%2C369&ssl=1",640,369,true],"1536x1536":["https:\/\/i0.wp.com\/infos-droitshumains.net\/wp-content\/uploads\/2023\/10\/IMG-20230930-WA0092_1.jpg?fit=1000%2C577&ssl=1",1000,577,true],"2048x2048":["https:\/\/i0.wp.com\/infos-droitshumains.net\/wp-content\/uploads\/2023\/10\/IMG-20230930-WA0092_1.jpg?fit=1000%2C577&ssl=1",1000,577,true],"covernews-slider-full":["https:\/\/i0.wp.com\/infos-droitshumains.net\/wp-content\/uploads\/2023\/10\/IMG-20230930-WA0092_1.jpg?resize=1000%2C577&ssl=1",1000,577,true],"covernews-slider-center":["https:\/\/i0.wp.com\/infos-droitshumains.net\/wp-content\/uploads\/2023\/10\/IMG-20230930-WA0092_1.jpg?resize=800%2C500&ssl=1",800,500,true],"covernews-featured":["https:\/\/i0.wp.com\/infos-droitshumains.net\/wp-content\/uploads\/2023\/10\/IMG-20230930-WA0092_1.jpg?fit=1000%2C577&ssl=1",1000,577,true],"covernews-medium":["https:\/\/i0.wp.com\/infos-droitshumains.net\/wp-content\/uploads\/2023\/10\/IMG-20230930-WA0092_1.jpg?resize=540%2C340&ssl=1",540,340,true],"covernews-medium-square":["https:\/\/i0.wp.com\/infos-droitshumains.net\/wp-content\/uploads\/2023\/10\/IMG-20230930-WA0092_1.jpg?resize=400%2C250&ssl=1",400,250,true]},"author_info":{"display_name":"Jo\u00ebl Diawa","author_link":"https:\/\/infos-droitshumains.net\/?author=2"},"category_info":"<a href=\"https:\/\/infos-droitshumains.net\/?cat=6\" rel=\"category\">Justice<\/a>","tag_info":"Justice","comment_count":"0","jetpack_featured_media_url":"https:\/\/i0.wp.com\/infos-droitshumains.net\/wp-content\/uploads\/2023\/10\/IMG-20230930-WA0092_1.jpg?fit=1000%2C577&ssl=1","jetpack-related-posts":[],"jetpack_sharing_enabled":true,"_links":{"self":[{"href":"https:\/\/infos-droitshumains.net\/index.php?rest_route=\/wp\/v2\/posts\/8174","targetHints":{"allow":["GET"]}}],"collection":[{"href":"https:\/\/infos-droitshumains.net\/index.php?rest_route=\/wp\/v2\/posts"}],"about":[{"href":"https:\/\/infos-droitshumains.net\/index.php?rest_route=\/wp\/v2\/types\/post"}],"author":[{"embeddable":true,"href":"https:\/\/infos-droitshumains.net\/index.php?rest_route=\/wp\/v2\/users\/2"}],"replies":[{"embeddable":true,"href":"https:\/\/infos-droitshumains.net\/index.php?rest_route=%2Fwp%2Fv2%2Fcomments&post=8174"}],"version-history":[{"count":7,"href":"https:\/\/infos-droitshumains.net\/index.php?rest_route=\/wp\/v2\/posts\/8174\/revisions"}],"predecessor-version":[{"id":8184,"href":"https:\/\/infos-droitshumains.net\/index.php?rest_route=\/wp\/v2\/posts\/8174\/revisions\/8184"}],"wp:featuredmedia":[{"embeddable":true,"href":"https:\/\/infos-droitshumains.net\/index.php?rest_route=\/wp\/v2\/media\/8176"}],"wp:attachment":[{"href":"https:\/\/infos-droitshumains.net\/index.php?rest_route=%2Fwp%2Fv2%2Fmedia&parent=8174"}],"wp:term":[{"taxonomy":"category","embeddable":true,"href":"https:\/\/infos-droitshumains.net\/index.php?rest_route=%2Fwp%2Fv2%2Fcategories&post=8174"},{"taxonomy":"post_tag","embeddable":true,"href":"https:\/\/infos-droitshumains.net\/index.php?rest_route=%2Fwp%2Fv2%2Ftags&post=8174"}],"curies":[{"name":"wp","href":"https:\/\/api.w.org\/{rel}","templated":true}]}}