{"id":8150,"date":"2023-09-30T23:15:28","date_gmt":"2023-09-30T21:15:28","guid":{"rendered":"https:\/\/infos-droitshumains.net\/?p=8150"},"modified":"2023-10-03T19:13:29","modified_gmt":"2023-10-03T17:13:29","slug":"tripaix-pont-kasa-vubu-la-presidente-et-le-procureur-de-la-republique-chef-du-parquet-pres-ce-tribunal-ont-renouvele-leur-serment-statutaire","status":"publish","type":"post","link":"https:\/\/infos-droitshumains.net\/?p=8150","title":{"rendered":"Tripaix\/Pont Kasa-vubu\u00a0: La Pr\u00e9sidente et le Procureur de la R\u00e9publique, chef du parquet pr\u00e8s ce tribunal ont renouvel\u00e9 leur serment statutaire"},"content":{"rendered":"\n<p><strong>R\u00e9daction :+243817406088<\/strong><\/p>\n\n\n\n<h4 class=\"wp-block-heading has-vivid-red-color has-text-color\">Conform\u00e9ment \u00e0 l\u2019article 13 de la loi organique du 10 octobre 2008 portant statut des magistrats, Ngoy Sifa et Alexandrine Sungu Nzau respectivement Pr\u00e9sidente du tribunal de paix de Kinshasa\/Pont Kasa-vubu et Procureure de la r\u00e9publique, chef du parquet pr\u00e8s ce tribunal ont renouvel\u00e9 leur serment statutaire au terme de l\u2019audience publique et solennelle tenue ce 29 septembre 2023.<\/h4>\n\n\n\n<figure class=\"wp-block-image alignfull size-full\"><img data-recalc-dims=\"1\" fetchpriority=\"high\" decoding=\"async\" width=\"640\" height=\"369\" src=\"https:\/\/i0.wp.com\/infos-droitshumains.net\/wp-content\/uploads\/2023\/09\/IMG-20230930-WA0093.jpg?resize=640%2C369&#038;ssl=1\" alt=\"\" class=\"wp-image-8154\" srcset=\"https:\/\/i0.wp.com\/infos-droitshumains.net\/wp-content\/uploads\/2023\/09\/IMG-20230930-WA0093.jpg?w=1000&amp;ssl=1 1000w, https:\/\/i0.wp.com\/infos-droitshumains.net\/wp-content\/uploads\/2023\/09\/IMG-20230930-WA0093.jpg?resize=300%2C173&amp;ssl=1 300w, https:\/\/i0.wp.com\/infos-droitshumains.net\/wp-content\/uploads\/2023\/09\/IMG-20230930-WA0093.jpg?resize=768%2C443&amp;ssl=1 768w\" sizes=\"(max-width: 640px) 100vw, 640px\" \/><\/figure>\n\n\n\n<p>Premi\u00e8re \u00e0 renouveler son serment et apr\u00e8s r\u00e9ception de celui-ci par la composition, la Pr\u00e9sidente Ngoy Sifa a, au cours de son allocution ax\u00e9e sur <strong><em>\u00ab&nbsp;la d\u00e9tention pr\u00e9ventive&nbsp;\u00bb<\/em><\/strong>, promis d\u2019assurer le bon fonctionnement des services de son tribunal.<\/p>\n\n\n\n<figure class=\"wp-block-image alignfull size-full\"><img data-recalc-dims=\"1\" decoding=\"async\" width=\"640\" height=\"369\" src=\"https:\/\/i0.wp.com\/infos-droitshumains.net\/wp-content\/uploads\/2023\/09\/IMG-20230930-WA0087.jpg?resize=640%2C369&#038;ssl=1\" alt=\"\" class=\"wp-image-8157\" srcset=\"https:\/\/i0.wp.com\/infos-droitshumains.net\/wp-content\/uploads\/2023\/09\/IMG-20230930-WA0087.jpg?w=1000&amp;ssl=1 1000w, https:\/\/i0.wp.com\/infos-droitshumains.net\/wp-content\/uploads\/2023\/09\/IMG-20230930-WA0087.jpg?resize=300%2C173&amp;ssl=1 300w, https:\/\/i0.wp.com\/infos-droitshumains.net\/wp-content\/uploads\/2023\/09\/IMG-20230930-WA0087.jpg?resize=768%2C443&amp;ssl=1 768w\" sizes=\"(max-width: 640px) 100vw, 640px\" \/><\/figure>\n\n\n\n<p><em>\u00ab&nbsp;Cette th\u00e9matique me tient particuli\u00e8rement au c\u0153ur, car elle demeure un point important dans la d\u00e9termination de la perception qu\u2019a le justiciable envers l\u2019action de la justice sur les mauvais citoyens\u2026il nous appartient ici de nous d\u00e9rober du sort qui convient de r\u00e9server \u00e0 une personne plac\u00e9e en garde en vue au-del\u00e0 du d\u00e9lai constitutionnel et l\u00e9gal de 48 heures et dont le dossier transmis du parquet donne lieu \u00e0 un mandat d\u2019arr\u00eat provisoire \u00e0 la suite duquel notre tribunal serait saisi en vue de l\u2019autorisation de la mise en d\u00e9tention pr\u00e9ventive&nbsp;\u00bb<\/em>, a d\u00e9clar\u00e9 Ngoy Sifa.<\/p>\n\n\n\n<p>Et d&rsquo;ajouter: <em>\u00ab&nbsp;Sans vouloir peser sur l\u2019ind\u00e9pendance de chacun d\u2019entre nous quant \u00e0 l\u2019appr\u00e9ciation du bien-fond\u00e9 d\u2019autoriser ou non une d\u00e9tention pr\u00e9ventive, j\u2019entends attirer l\u2019attention de chacun de nous sur la n\u00e9cessit\u00e9 de veiller \u00e0 rappeler au minist\u00e8re public de notre ressort son obligation de veiller au fonctionnement de la police judiciaire dans l\u2019application des mesures restrictives et privatives de libert\u00e9. Il est essentiel que l\u2019officier de police judiciaire ou agent de police judiciaire refl\u00e8te le respect pour la dignit\u00e9 du justiciable en s\u2019interdisant d\u2019agir en dehors des prescrits l\u00e9gaux&nbsp;\u00bb<\/em>.<\/p>\n\n\n\n<p>M\u00eame exercice auquel a \u00e9t\u00e9 soumis la Procureure de la R\u00e9publique, chef du parquet pr\u00e8s le Tribunal de Paix de Kinshasa\/Pont Kasa-vubu. Dans son speech, Alexandrine Sungu Nzau a retrac\u00e9 <strong><em>\u00ab&nbsp;l\u2019\u00e9volution qu\u2019a connue la repr\u00e9sentation du minist\u00e8re public au niveau de la juridiction du tribunal de paix \u00e0 l\u2019av\u00e8nement de la loi du 11 avril 2013&nbsp;\u00bb<\/em><\/strong>.<\/p>\n\n\n\n<figure class=\"wp-block-image alignfull size-full\"><img data-recalc-dims=\"1\" decoding=\"async\" width=\"640\" height=\"369\" src=\"https:\/\/i0.wp.com\/infos-droitshumains.net\/wp-content\/uploads\/2023\/09\/IMG-20230930-WA0091.jpg?resize=640%2C369&#038;ssl=1\" alt=\"\" class=\"wp-image-8159\" srcset=\"https:\/\/i0.wp.com\/infos-droitshumains.net\/wp-content\/uploads\/2023\/09\/IMG-20230930-WA0091.jpg?w=1000&amp;ssl=1 1000w, https:\/\/i0.wp.com\/infos-droitshumains.net\/wp-content\/uploads\/2023\/09\/IMG-20230930-WA0091.jpg?resize=300%2C173&amp;ssl=1 300w, https:\/\/i0.wp.com\/infos-droitshumains.net\/wp-content\/uploads\/2023\/09\/IMG-20230930-WA0091.jpg?resize=768%2C443&amp;ssl=1 768w\" sizes=\"(max-width: 640px) 100vw, 640px\" \/><\/figure>\n\n\n\n<p><em>\u00ab&nbsp;La repr\u00e9sentation du minist\u00e8re public par devant le tribunal de paix a connu une heureuse \u00e9volution en partant du juge de paix lui-m\u00eame, officier du minist\u00e8re public et juge \u00e0 la fois \u00e0 l\u2019institution d\u2019un parquet pr\u00e8s le tribunal de paix par la loi du 11 avril 2013 portant organisation, fonctionnement et comp\u00e9tences des juridictions de l\u2019ordre judiciaire&nbsp;\u00bb<\/em>, a fait savoir Alexandrine Sungu Nzau.<\/p>\n\n\n\n<p>Pr\u00e9sent \u00e0 cette c\u00e9r\u00e9monie, le b\u00e2tonnier du barreau de Kinshasa-Gombe a dans sa plaidoirie, formul\u00e9 deux demandes \u00e0 ces nouveaux dirigeants.<\/p>\n\n\n\n<p><em>\u00ab&nbsp;La premi\u00e8re est la consid\u00e9ration des avocats lorsqu\u2019ils viennent prester dans votre juridiction. Consid\u00e9ration de la mani\u00e8re d\u2019\u00eatre accueillis et r\u00e9ussis par vous. La seconde est celle en rapport avec les d\u00e9cisions prises par le conseil de l\u2019ordre notamment, exiger \u00e0 tout avocat qui quitte son ressort pour prester \u00e0 un autre, l\u2019attestation de son b\u00e2tonnier&nbsp;\u00bb<\/em>, a \u00e9mis Jean-Claude Mbaki Siluzaku.<\/p>\n\n\n\n<p>Cette c\u00e9r\u00e9monie s\u2019est d\u00e9roul\u00e9e en pr\u00e9sence de plusieurs autorit\u00e9s judiciaires de la R\u00e9publique D\u00e9mocratique du Congo<\/p>\n\n\n\n<p>Merlin Kamalandua<\/p>\n","protected":false},"excerpt":{"rendered":"<p>R\u00e9daction :+243817406088 Conform\u00e9ment \u00e0 l\u2019article 13 de la loi organique du 10 octobre 2008 portant&#8230;<\/p>\n","protected":false},"author":2,"featured_media":8162,"comment_status":"open","ping_status":"open","sticky":false,"template":"","format":"standard","meta":{"_jetpack_memberships_contains_paid_content":false,"footnotes":""},"categories":[6],"tags":[],"class_list":["post-8150","post","type-post","status-publish","format-standard","has-post-thumbnail","hentry","category-justice"],"yoast_head":"<!-- This site is optimized with the Yoast SEO plugin v27.5 - https:\/\/yoast.com\/product\/yoast-seo-wordpress\/ -->\n<title>Tripaix\/Pont Kasa-vubu\u00a0: La Pr\u00e9sidente et le Procureur de la R\u00e9publique, chef du parquet pr\u00e8s ce tribunal ont renouvel\u00e9 leur serment statutaire - Infos Droits Humains<\/title>\n<meta name=\"robots\" content=\"index, follow, max-snippet:-1, max-image-preview:large, max-video-preview:-1\" \/>\n<link rel=\"canonical\" href=\"https:\/\/infos-droitshumains.net\/?p=8150\" \/>\n<meta property=\"og:locale\" content=\"fr_FR\" \/>\n<meta property=\"og:type\" content=\"article\" \/>\n<meta property=\"og:title\" content=\"Tripaix\/Pont Kasa-vubu\u00a0: La Pr\u00e9sidente et le Procureur de la R\u00e9publique, chef du parquet pr\u00e8s ce tribunal ont renouvel\u00e9 leur serment statutaire - Infos Droits Humains\" \/>\n<meta property=\"og:description\" content=\"R\u00e9daction :+243817406088 Conform\u00e9ment \u00e0 l\u2019article 13 de la loi organique du 10 octobre 2008 portant...\" \/>\n<meta property=\"og:url\" content=\"https:\/\/infos-droitshumains.net\/?p=8150\" \/>\n<meta property=\"og:site_name\" content=\"Infos Droits Humains\" \/>\n<meta property=\"article:published_time\" content=\"2023-09-30T21:15:28+00:00\" \/>\n<meta property=\"article:modified_time\" content=\"2023-10-03T17:13:29+00:00\" \/>\n<meta property=\"og:image\" content=\"https:\/\/infos-droitshumains.net\/wp-content\/uploads\/2023\/09\/InCollage_20230930_220634904.jpg\" \/>\n\t<meta property=\"og:image:width\" content=\"960\" \/>\n\t<meta property=\"og:image:height\" content=\"744\" \/>\n\t<meta property=\"og:image:type\" content=\"image\/jpeg\" \/>\n<meta name=\"author\" content=\"Jo\u00ebl Diawa\" \/>\n<meta name=\"twitter:card\" content=\"summary_large_image\" \/>\n<meta name=\"twitter:label1\" content=\"\u00c9crit par\" \/>\n\t<meta name=\"twitter:data1\" content=\"Jo\u00ebl Diawa\" \/>\n\t<meta name=\"twitter:label2\" content=\"Dur\u00e9e de lecture estim\u00e9e\" \/>\n\t<meta name=\"twitter:data2\" content=\"4 minutes\" \/>\n<script type=\"application\/ld+json\" class=\"yoast-schema-graph\">{\"@context\":\"https:\\\/\\\/schema.org\",\"@graph\":[{\"@type\":\"Article\",\"@id\":\"https:\\\/\\\/infos-droitshumains.net\\\/?p=8150#article\",\"isPartOf\":{\"@id\":\"https:\\\/\\\/infos-droitshumains.net\\\/?p=8150\"},\"author\":{\"name\":\"Jo\u00ebl Diawa\",\"@id\":\"https:\\\/\\\/infos-droitshumains.net\\\/#\\\/schema\\\/person\\\/3dc5e921c3302172e0ed4362f96faab7\"},\"headline\":\"Tripaix\\\/Pont Kasa-vubu\u00a0: La Pr\u00e9sidente et le Procureur de la R\u00e9publique, chef du parquet pr\u00e8s ce tribunal ont renouvel\u00e9 leur serment statutaire\",\"datePublished\":\"2023-09-30T21:15:28+00:00\",\"dateModified\":\"2023-10-03T17:13:29+00:00\",\"mainEntityOfPage\":{\"@id\":\"https:\\\/\\\/infos-droitshumains.net\\\/?p=8150\"},\"wordCount\":612,\"commentCount\":0,\"publisher\":{\"@id\":\"https:\\\/\\\/infos-droitshumains.net\\\/#organization\"},\"image\":{\"@id\":\"https:\\\/\\\/infos-droitshumains.net\\\/?p=8150#primaryimage\"},\"thumbnailUrl\":\"https:\\\/\\\/i0.wp.com\\\/infos-droitshumains.net\\\/wp-content\\\/uploads\\\/2023\\\/09\\\/InCollage_20230930_220634904.jpg?fit=960%2C744&ssl=1\",\"articleSection\":[\"Justice\"],\"inLanguage\":\"fr-FR\",\"potentialAction\":[{\"@type\":\"CommentAction\",\"name\":\"Comment\",\"target\":[\"https:\\\/\\\/infos-droitshumains.net\\\/?p=8150#respond\"]}]},{\"@type\":\"WebPage\",\"@id\":\"https:\\\/\\\/infos-droitshumains.net\\\/?p=8150\",\"url\":\"https:\\\/\\\/infos-droitshumains.net\\\/?p=8150\",\"name\":\"Tripaix\\\/Pont Kasa-vubu\u00a0: La Pr\u00e9sidente et le Procureur de la R\u00e9publique, chef du parquet pr\u00e8s ce tribunal ont renouvel\u00e9 leur serment statutaire - Infos Droits Humains\",\"isPartOf\":{\"@id\":\"https:\\\/\\\/infos-droitshumains.net\\\/#website\"},\"primaryImageOfPage\":{\"@id\":\"https:\\\/\\\/infos-droitshumains.net\\\/?p=8150#primaryimage\"},\"image\":{\"@id\":\"https:\\\/\\\/infos-droitshumains.net\\\/?p=8150#primaryimage\"},\"thumbnailUrl\":\"https:\\\/\\\/i0.wp.com\\\/infos-droitshumains.net\\\/wp-content\\\/uploads\\\/2023\\\/09\\\/InCollage_20230930_220634904.jpg?fit=960%2C744&ssl=1\",\"datePublished\":\"2023-09-30T21:15:28+00:00\",\"dateModified\":\"2023-10-03T17:13:29+00:00\",\"breadcrumb\":{\"@id\":\"https:\\\/\\\/infos-droitshumains.net\\\/?p=8150#breadcrumb\"},\"inLanguage\":\"fr-FR\",\"potentialAction\":[{\"@type\":\"ReadAction\",\"target\":[\"https:\\\/\\\/infos-droitshumains.net\\\/?p=8150\"]}]},{\"@type\":\"ImageObject\",\"inLanguage\":\"fr-FR\",\"@id\":\"https:\\\/\\\/infos-droitshumains.net\\\/?p=8150#primaryimage\",\"url\":\"https:\\\/\\\/i0.wp.com\\\/infos-droitshumains.net\\\/wp-content\\\/uploads\\\/2023\\\/09\\\/InCollage_20230930_220634904.jpg?fit=960%2C744&ssl=1\",\"contentUrl\":\"https:\\\/\\\/i0.wp.com\\\/infos-droitshumains.net\\\/wp-content\\\/uploads\\\/2023\\\/09\\\/InCollage_20230930_220634904.jpg?fit=960%2C744&ssl=1\",\"width\":960,\"height\":744},{\"@type\":\"BreadcrumbList\",\"@id\":\"https:\\\/\\\/infos-droitshumains.net\\\/?p=8150#breadcrumb\",\"itemListElement\":[{\"@type\":\"ListItem\",\"position\":1,\"name\":\"Accueil\",\"item\":\"https:\\\/\\\/infos-droitshumains.net\\\/\"},{\"@type\":\"ListItem\",\"position\":2,\"name\":\"Tripaix\\\/Pont Kasa-vubu\u00a0: La Pr\u00e9sidente et le Procureur de la R\u00e9publique, chef du parquet pr\u00e8s ce tribunal ont renouvel\u00e9 leur serment statutaire\"}]},{\"@type\":\"WebSite\",\"@id\":\"https:\\\/\\\/infos-droitshumains.net\\\/#website\",\"url\":\"https:\\\/\\\/infos-droitshumains.net\\\/\",\"name\":\"Infos Droits Humains\",\"description\":\"S&#039;informer est un droit\",\"publisher\":{\"@id\":\"https:\\\/\\\/infos-droitshumains.net\\\/#organization\"},\"potentialAction\":[{\"@type\":\"SearchAction\",\"target\":{\"@type\":\"EntryPoint\",\"urlTemplate\":\"https:\\\/\\\/infos-droitshumains.net\\\/?s={search_term_string}\"},\"query-input\":{\"@type\":\"PropertyValueSpecification\",\"valueRequired\":true,\"valueName\":\"search_term_string\"}}],\"inLanguage\":\"fr-FR\"},{\"@type\":\"Organization\",\"@id\":\"https:\\\/\\\/infos-droitshumains.net\\\/#organization\",\"name\":\"Infos Droits Humains\",\"url\":\"https:\\\/\\\/infos-droitshumains.net\\\/\",\"logo\":{\"@type\":\"ImageObject\",\"inLanguage\":\"fr-FR\",\"@id\":\"https:\\\/\\\/infos-droitshumains.net\\\/#\\\/schema\\\/logo\\\/image\\\/\",\"url\":\"https:\\\/\\\/i0.wp.com\\\/infos-droitshumains.net\\\/wp-content\\\/uploads\\\/2022\\\/05\\\/Logo.png?fit=333%2C129&ssl=1\",\"contentUrl\":\"https:\\\/\\\/i0.wp.com\\\/infos-droitshumains.net\\\/wp-content\\\/uploads\\\/2022\\\/05\\\/Logo.png?fit=333%2C129&ssl=1\",\"width\":333,\"height\":129,\"caption\":\"Infos Droits Humains\"},\"image\":{\"@id\":\"https:\\\/\\\/infos-droitshumains.net\\\/#\\\/schema\\\/logo\\\/image\\\/\"}},{\"@type\":\"Person\",\"@id\":\"https:\\\/\\\/infos-droitshumains.net\\\/#\\\/schema\\\/person\\\/3dc5e921c3302172e0ed4362f96faab7\",\"name\":\"Jo\u00ebl Diawa\",\"image\":{\"@type\":\"ImageObject\",\"inLanguage\":\"fr-FR\",\"@id\":\"https:\\\/\\\/secure.gravatar.com\\\/avatar\\\/729bea6ff4604c624417803c477363be8e3c7186deaa65713313f9b4b820f41c?s=96&d=mm&r=g\",\"url\":\"https:\\\/\\\/secure.gravatar.com\\\/avatar\\\/729bea6ff4604c624417803c477363be8e3c7186deaa65713313f9b4b820f41c?s=96&d=mm&r=g\",\"contentUrl\":\"https:\\\/\\\/secure.gravatar.com\\\/avatar\\\/729bea6ff4604c624417803c477363be8e3c7186deaa65713313f9b4b820f41c?s=96&d=mm&r=g\",\"caption\":\"Jo\u00ebl Diawa\"},\"sameAs\":[\"https:\\\/\\\/www.infos-droitshumains.net\"],\"url\":\"https:\\\/\\\/infos-droitshumains.net\\\/?author=2\"}]}<\/script>\n<!-- \/ Yoast SEO plugin. -->","yoast_head_json":{"title":"Tripaix\/Pont Kasa-vubu\u00a0: La Pr\u00e9sidente et le Procureur de la R\u00e9publique, chef du parquet pr\u00e8s ce tribunal ont renouvel\u00e9 leur serment statutaire - Infos Droits Humains","robots":{"index":"index","follow":"follow","max-snippet":"max-snippet:-1","max-image-preview":"max-image-preview:large","max-video-preview":"max-video-preview:-1"},"canonical":"https:\/\/infos-droitshumains.net\/?p=8150","og_locale":"fr_FR","og_type":"article","og_title":"Tripaix\/Pont Kasa-vubu\u00a0: La Pr\u00e9sidente et le Procureur de la R\u00e9publique, chef du parquet pr\u00e8s ce tribunal ont renouvel\u00e9 leur serment statutaire - Infos Droits Humains","og_description":"R\u00e9daction :+243817406088 Conform\u00e9ment \u00e0 l\u2019article 13 de la loi organique du 10 octobre 2008 portant...","og_url":"https:\/\/infos-droitshumains.net\/?p=8150","og_site_name":"Infos Droits Humains","article_published_time":"2023-09-30T21:15:28+00:00","article_modified_time":"2023-10-03T17:13:29+00:00","og_image":[{"width":960,"height":744,"url":"https:\/\/infos-droitshumains.net\/wp-content\/uploads\/2023\/09\/InCollage_20230930_220634904.jpg","type":"image\/jpeg"}],"author":"Jo\u00ebl Diawa","twitter_card":"summary_large_image","twitter_misc":{"\u00c9crit par":"Jo\u00ebl Diawa","Dur\u00e9e de lecture estim\u00e9e":"4 minutes"},"schema":{"@context":"https:\/\/schema.org","@graph":[{"@type":"Article","@id":"https:\/\/infos-droitshumains.net\/?p=8150#article","isPartOf":{"@id":"https:\/\/infos-droitshumains.net\/?p=8150"},"author":{"name":"Jo\u00ebl Diawa","@id":"https:\/\/infos-droitshumains.net\/#\/schema\/person\/3dc5e921c3302172e0ed4362f96faab7"},"headline":"Tripaix\/Pont Kasa-vubu\u00a0: La Pr\u00e9sidente et le Procureur de la R\u00e9publique, chef du parquet pr\u00e8s ce tribunal ont renouvel\u00e9 leur serment statutaire","datePublished":"2023-09-30T21:15:28+00:00","dateModified":"2023-10-03T17:13:29+00:00","mainEntityOfPage":{"@id":"https:\/\/infos-droitshumains.net\/?p=8150"},"wordCount":612,"commentCount":0,"publisher":{"@id":"https:\/\/infos-droitshumains.net\/#organization"},"image":{"@id":"https:\/\/infos-droitshumains.net\/?p=8150#primaryimage"},"thumbnailUrl":"https:\/\/i0.wp.com\/infos-droitshumains.net\/wp-content\/uploads\/2023\/09\/InCollage_20230930_220634904.jpg?fit=960%2C744&ssl=1","articleSection":["Justice"],"inLanguage":"fr-FR","potentialAction":[{"@type":"CommentAction","name":"Comment","target":["https:\/\/infos-droitshumains.net\/?p=8150#respond"]}]},{"@type":"WebPage","@id":"https:\/\/infos-droitshumains.net\/?p=8150","url":"https:\/\/infos-droitshumains.net\/?p=8150","name":"Tripaix\/Pont Kasa-vubu\u00a0: La Pr\u00e9sidente et le Procureur de la R\u00e9publique, chef du parquet pr\u00e8s ce tribunal ont renouvel\u00e9 leur serment statutaire - Infos Droits Humains","isPartOf":{"@id":"https:\/\/infos-droitshumains.net\/#website"},"primaryImageOfPage":{"@id":"https:\/\/infos-droitshumains.net\/?p=8150#primaryimage"},"image":{"@id":"https:\/\/infos-droitshumains.net\/?p=8150#primaryimage"},"thumbnailUrl":"https:\/\/i0.wp.com\/infos-droitshumains.net\/wp-content\/uploads\/2023\/09\/InCollage_20230930_220634904.jpg?fit=960%2C744&ssl=1","datePublished":"2023-09-30T21:15:28+00:00","dateModified":"2023-10-03T17:13:29+00:00","breadcrumb":{"@id":"https:\/\/infos-droitshumains.net\/?p=8150#breadcrumb"},"inLanguage":"fr-FR","potentialAction":[{"@type":"ReadAction","target":["https:\/\/infos-droitshumains.net\/?p=8150"]}]},{"@type":"ImageObject","inLanguage":"fr-FR","@id":"https:\/\/infos-droitshumains.net\/?p=8150#primaryimage","url":"https:\/\/i0.wp.com\/infos-droitshumains.net\/wp-content\/uploads\/2023\/09\/InCollage_20230930_220634904.jpg?fit=960%2C744&ssl=1","contentUrl":"https:\/\/i0.wp.com\/infos-droitshumains.net\/wp-content\/uploads\/2023\/09\/InCollage_20230930_220634904.jpg?fit=960%2C744&ssl=1","width":960,"height":744},{"@type":"BreadcrumbList","@id":"https:\/\/infos-droitshumains.net\/?p=8150#breadcrumb","itemListElement":[{"@type":"ListItem","position":1,"name":"Accueil","item":"https:\/\/infos-droitshumains.net\/"},{"@type":"ListItem","position":2,"name":"Tripaix\/Pont Kasa-vubu\u00a0: La Pr\u00e9sidente et le Procureur de la R\u00e9publique, chef du parquet pr\u00e8s ce tribunal ont renouvel\u00e9 leur serment statutaire"}]},{"@type":"WebSite","@id":"https:\/\/infos-droitshumains.net\/#website","url":"https:\/\/infos-droitshumains.net\/","name":"Infos Droits Humains","description":"S&#039;informer est un droit","publisher":{"@id":"https:\/\/infos-droitshumains.net\/#organization"},"potentialAction":[{"@type":"SearchAction","target":{"@type":"EntryPoint","urlTemplate":"https:\/\/infos-droitshumains.net\/?s={search_term_string}"},"query-input":{"@type":"PropertyValueSpecification","valueRequired":true,"valueName":"search_term_string"}}],"inLanguage":"fr-FR"},{"@type":"Organization","@id":"https:\/\/infos-droitshumains.net\/#organization","name":"Infos Droits Humains","url":"https:\/\/infos-droitshumains.net\/","logo":{"@type":"ImageObject","inLanguage":"fr-FR","@id":"https:\/\/infos-droitshumains.net\/#\/schema\/logo\/image\/","url":"https:\/\/i0.wp.com\/infos-droitshumains.net\/wp-content\/uploads\/2022\/05\/Logo.png?fit=333%2C129&ssl=1","contentUrl":"https:\/\/i0.wp.com\/infos-droitshumains.net\/wp-content\/uploads\/2022\/05\/Logo.png?fit=333%2C129&ssl=1","width":333,"height":129,"caption":"Infos Droits Humains"},"image":{"@id":"https:\/\/infos-droitshumains.net\/#\/schema\/logo\/image\/"}},{"@type":"Person","@id":"https:\/\/infos-droitshumains.net\/#\/schema\/person\/3dc5e921c3302172e0ed4362f96faab7","name":"Jo\u00ebl Diawa","image":{"@type":"ImageObject","inLanguage":"fr-FR","@id":"https:\/\/secure.gravatar.com\/avatar\/729bea6ff4604c624417803c477363be8e3c7186deaa65713313f9b4b820f41c?s=96&d=mm&r=g","url":"https:\/\/secure.gravatar.com\/avatar\/729bea6ff4604c624417803c477363be8e3c7186deaa65713313f9b4b820f41c?s=96&d=mm&r=g","contentUrl":"https:\/\/secure.gravatar.com\/avatar\/729bea6ff4604c624417803c477363be8e3c7186deaa65713313f9b4b820f41c?s=96&d=mm&r=g","caption":"Jo\u00ebl Diawa"},"sameAs":["https:\/\/www.infos-droitshumains.net"],"url":"https:\/\/infos-droitshumains.net\/?author=2"}]}},"featured_image_urls":{"full":["https:\/\/i0.wp.com\/infos-droitshumains.net\/wp-content\/uploads\/2023\/09\/InCollage_20230930_220634904.jpg?fit=960%2C744&ssl=1",960,744,false],"thumbnail":["https:\/\/i0.wp.com\/infos-droitshumains.net\/wp-content\/uploads\/2023\/09\/InCollage_20230930_220634904.jpg?resize=150%2C150&ssl=1",150,150,true],"medium":["https:\/\/i0.wp.com\/infos-droitshumains.net\/wp-content\/uploads\/2023\/09\/InCollage_20230930_220634904.jpg?fit=300%2C233&ssl=1",300,233,true],"medium_large":["https:\/\/i0.wp.com\/infos-droitshumains.net\/wp-content\/uploads\/2023\/09\/InCollage_20230930_220634904.jpg?fit=640%2C496&ssl=1",640,496,true],"large":["https:\/\/i0.wp.com\/infos-droitshumains.net\/wp-content\/uploads\/2023\/09\/InCollage_20230930_220634904.jpg?fit=640%2C496&ssl=1",640,496,true],"1536x1536":["https:\/\/i0.wp.com\/infos-droitshumains.net\/wp-content\/uploads\/2023\/09\/InCollage_20230930_220634904.jpg?fit=960%2C744&ssl=1",960,744,true],"2048x2048":["https:\/\/i0.wp.com\/infos-droitshumains.net\/wp-content\/uploads\/2023\/09\/InCollage_20230930_220634904.jpg?fit=960%2C744&ssl=1",960,744,true],"covernews-slider-full":["https:\/\/i0.wp.com\/infos-droitshumains.net\/wp-content\/uploads\/2023\/09\/InCollage_20230930_220634904.jpg?resize=960%2C715&ssl=1",960,715,true],"covernews-slider-center":["https:\/\/i0.wp.com\/infos-droitshumains.net\/wp-content\/uploads\/2023\/09\/InCollage_20230930_220634904.jpg?resize=800%2C500&ssl=1",800,500,true],"covernews-featured":["https:\/\/i0.wp.com\/infos-droitshumains.net\/wp-content\/uploads\/2023\/09\/InCollage_20230930_220634904.jpg?fit=960%2C744&ssl=1",960,744,true],"covernews-medium":["https:\/\/i0.wp.com\/infos-droitshumains.net\/wp-content\/uploads\/2023\/09\/InCollage_20230930_220634904.jpg?resize=540%2C340&ssl=1",540,340,true],"covernews-medium-square":["https:\/\/i0.wp.com\/infos-droitshumains.net\/wp-content\/uploads\/2023\/09\/InCollage_20230930_220634904.jpg?resize=400%2C250&ssl=1",400,250,true]},"author_info":{"display_name":"Jo\u00ebl Diawa","author_link":"https:\/\/infos-droitshumains.net\/?author=2"},"category_info":"<a href=\"https:\/\/infos-droitshumains.net\/?cat=6\" rel=\"category\">Justice<\/a>","tag_info":"Justice","comment_count":"0","jetpack_featured_media_url":"https:\/\/i0.wp.com\/infos-droitshumains.net\/wp-content\/uploads\/2023\/09\/InCollage_20230930_220634904.jpg?fit=960%2C744&ssl=1","jetpack-related-posts":[],"jetpack_sharing_enabled":true,"_links":{"self":[{"href":"https:\/\/infos-droitshumains.net\/index.php?rest_route=\/wp\/v2\/posts\/8150","targetHints":{"allow":["GET"]}}],"collection":[{"href":"https:\/\/infos-droitshumains.net\/index.php?rest_route=\/wp\/v2\/posts"}],"about":[{"href":"https:\/\/infos-droitshumains.net\/index.php?rest_route=\/wp\/v2\/types\/post"}],"author":[{"embeddable":true,"href":"https:\/\/infos-droitshumains.net\/index.php?rest_route=\/wp\/v2\/users\/2"}],"replies":[{"embeddable":true,"href":"https:\/\/infos-droitshumains.net\/index.php?rest_route=%2Fwp%2Fv2%2Fcomments&post=8150"}],"version-history":[{"count":11,"href":"https:\/\/infos-droitshumains.net\/index.php?rest_route=\/wp\/v2\/posts\/8150\/revisions"}],"predecessor-version":[{"id":8168,"href":"https:\/\/infos-droitshumains.net\/index.php?rest_route=\/wp\/v2\/posts\/8150\/revisions\/8168"}],"wp:featuredmedia":[{"embeddable":true,"href":"https:\/\/infos-droitshumains.net\/index.php?rest_route=\/wp\/v2\/media\/8162"}],"wp:attachment":[{"href":"https:\/\/infos-droitshumains.net\/index.php?rest_route=%2Fwp%2Fv2%2Fmedia&parent=8150"}],"wp:term":[{"taxonomy":"category","embeddable":true,"href":"https:\/\/infos-droitshumains.net\/index.php?rest_route=%2Fwp%2Fv2%2Fcategories&post=8150"},{"taxonomy":"post_tag","embeddable":true,"href":"https:\/\/infos-droitshumains.net\/index.php?rest_route=%2Fwp%2Fv2%2Ftags&post=8150"}],"curies":[{"name":"wp","href":"https:\/\/api.w.org\/{rel}","templated":true}]}}