{"id":8146,"date":"2023-09-30T21:09:07","date_gmt":"2023-09-30T19:09:07","guid":{"rendered":"https:\/\/infos-droitshumains.net\/?p=8146"},"modified":"2023-09-30T22:12:26","modified_gmt":"2023-09-30T20:12:26","slug":"tribunal-de-paix-de-kinshasa-matete-durant-son-mandat-josephine-mukonkole-rassure-que-le-droit-sera-dit-en-toute-equite-celerite-et-impartialite-pour-contribuer-a-limplementation-de","status":"publish","type":"post","link":"https:\/\/infos-droitshumains.net\/?p=8146","title":{"rendered":"Tribunal de Paix de Kinshasa\/Matete\u00a0: Durant son mandat, Jos\u00e9phine Mukonkole rassure que le droit sera dit en toute \u00e9quit\u00e9, c\u00e9l\u00e9rit\u00e9 et impartialit\u00e9 pour contribuer \u00e0 l\u2019impl\u00e9mentation de l\u2019Etat de Droit"},"content":{"rendered":"\n<p><strong>R\u00e9daction :+243817406088<\/strong><\/p>\n\n\n\n<h4 class=\"wp-block-heading has-vivid-red-color has-text-color\">Jos\u00e9phine Mukonkole Tshibambe prend officiellement ses fonctions de Pr\u00e9sidente du Tribunal de Paix de Kinshasa\/Matete ce, au terme du renouvellement de son serment statutaire. Devoir dont elle s\u2019est acquitt\u00e9 ce vendredi 29 septembre 2023 au cours d\u2019une audience publique et solennelle.<\/h4>\n\n\n\n<p>L\u2019imp\u00e9trante a saisi cette occasion pour <em>\u00ab&nbsp;remercier son Excellence F\u00e9lix-Antoine Tshisekedi Tshilombo, Pr\u00e9sident de la R\u00e9publique, pour l\u2019avoir, \u00e0 ce jour, permis d\u2019\u00eatre l\u00e0 o\u00f9 elle est&nbsp;\u00bb<\/em>&nbsp;; les remerciement ont \u00e9galement \u00e9t\u00e9 adress\u00e9s <em>\u00ab&nbsp;au Pr\u00e9sident de la Cours Constitutionnelle et Pr\u00e9sident du Conseil Sup\u00e9rieur de la Magistrature pour avoir propos\u00e9 sa candidature pour la dite nomination, ainsi qu\u2019\u00e0 tous les autres autorit\u00e9s judiciaires\u2026&nbsp;\u00bb<\/em><\/p>\n\n\n\n<p>Jos\u00e9phine Mukonkole n\u2019a pas d\u00e9rog\u00e9 \u00e0 la r\u00e8gle en pronon\u00e7ant une allocution sur un sujet de droit comme le veut la tradition&nbsp;; une allocution qui a port\u00e9 sur <strong><em>\u00ab&nbsp;L\u2019infraction de vol simple&nbsp;\u00bb.<\/em><\/strong><\/p>\n\n\n\n<p>Le choix de cette th\u00e9matique se justifie d\u2019abord par le fait que <em>\u00ab&nbsp;le vol sous toutes ses formes est la plus fr\u00e9quente de toutes les infractions et la plus visuelle en droit p\u00e9nal sp\u00e9cial&nbsp;\u00bb<\/em>, en suite, par la banalisation de l\u2019acte par son auteur&nbsp;:<\/p>\n\n\n\n<p><em>\u00ab&nbsp;Les enqu\u00eates en mati\u00e8re de vol ne sont pas toujours ais\u00e9es, et les voleurs ont toujours une tendance f\u00e2cheuse \u00e0 nier les faits mis \u00e0 leur charge et ce, malgr\u00e9 la concordance des t\u00e9moins. Ce reniement est souvent d\u00fb au fait de la banalisation de la nature de l\u2019acte par son auteur&nbsp;\u00bb<\/em>, a pr\u00e9cis\u00e9 Jos\u00e9phine Mukonkole selon qui, <em>\u00ab&nbsp;Le vol d\u2019un objet de moindre valeur est un vol au sens des articles 79 et 80 du code p\u00e9nal&nbsp;\u00bb<\/em> car soutient-elle, <em>\u00ab&nbsp;la valeur et la lic\u00e9it\u00e9 de la chose d\u00e9rob\u00e9e sont indiff\u00e9rentes \u00e0 la qualification&nbsp;\u00bb<\/em>.<\/p>\n\n\n\n<p>Dans le cadre de ses nouvelles fonctions, la Pr\u00e9sidente du Tribunal de Paix de Kinshasa\/Matete a fait une ferme promesse d\u2019apporter sa pierre \u00e0 l\u2019\u00e9difice d\u2019un d\u2019Etat de Droit, contribuant ainsi \u00e0 la vision du Chef de l\u2019Etat&nbsp;:<\/p>\n\n\n\n<p><em>\u00ab&nbsp;Autant le droit des citoyens doit \u00eatre garanti, autant, le droit doit \u00eatre dit en toute \u00e9quit\u00e9, c\u00e9l\u00e9rit\u00e9 et surtout en toute impartialit\u00e9 pour rendre une bonne justice \u00e0 tous. Pour notre part, en notre qualit\u00e9 de Pr\u00e9sidente du Tribunal de Paix, nous promettons d\u2019avoir un \u0153il regardant sur la prescription juridictionnelle de l\u2019infraction de vol simple car souvent, banalis\u00e9 par l\u2019argent l\u2019ayant commis afin d\u2019apporter dans la d\u00e9cision des sanctions, non seulement notre contribution \u00e0 l\u2019\u00e9dification de la justice dans notre Etat par la rigueur de la loi manifest\u00e9e par la punition, mais aussi la correction&nbsp;\u00bb<\/em>, a rassur\u00e9 Jos\u00e9phine Mukonkole.<\/p>\n\n\n\n<p>Femme rigoureuse, s\u00e9v\u00e8re et disciplin\u00e9e, Jos\u00e9phine Mukonkole Tshibambe qui ne jure que par le respect de la loi et de son serment, vient \u00e0 travers cette allocution, de donner le ton de ce qui sera le Tribunal de Paix de Kinshasa\/Matete sous sa houlette.<\/p>\n\n\n\n<p>Jo\u00ebl Diawa<\/p>\n","protected":false},"excerpt":{"rendered":"<p>R\u00e9daction :+243817406088 Jos\u00e9phine Mukonkole Tshibambe prend officiellement ses fonctions de Pr\u00e9sidente du Tribunal de Paix&#8230;<\/p>\n","protected":false},"author":2,"featured_media":8149,"comment_status":"open","ping_status":"open","sticky":false,"template":"","format":"standard","meta":{"_jetpack_memberships_contains_paid_content":false,"footnotes":""},"categories":[6],"tags":[],"class_list":["post-8146","post","type-post","status-publish","format-standard","has-post-thumbnail","hentry","category-justice"],"yoast_head":"<!-- This site is optimized with the Yoast SEO plugin v27.5 - https:\/\/yoast.com\/product\/yoast-seo-wordpress\/ -->\n<title>Tribunal de Paix de Kinshasa\/Matete\u00a0: Durant son mandat, Jos\u00e9phine Mukonkole rassure que le droit sera dit en toute \u00e9quit\u00e9, c\u00e9l\u00e9rit\u00e9 et impartialit\u00e9 pour contribuer \u00e0 l\u2019impl\u00e9mentation de l\u2019Etat de Droit - Infos Droits Humains<\/title>\n<meta name=\"robots\" content=\"index, follow, max-snippet:-1, max-image-preview:large, max-video-preview:-1\" \/>\n<link rel=\"canonical\" href=\"https:\/\/infos-droitshumains.net\/?p=8146\" \/>\n<meta property=\"og:locale\" content=\"fr_FR\" \/>\n<meta property=\"og:type\" content=\"article\" \/>\n<meta property=\"og:title\" content=\"Tribunal de Paix de Kinshasa\/Matete\u00a0: Durant son mandat, Jos\u00e9phine Mukonkole rassure que le droit sera dit en toute \u00e9quit\u00e9, c\u00e9l\u00e9rit\u00e9 et impartialit\u00e9 pour contribuer \u00e0 l\u2019impl\u00e9mentation de l\u2019Etat de Droit - Infos Droits Humains\" \/>\n<meta property=\"og:description\" content=\"R\u00e9daction :+243817406088 Jos\u00e9phine Mukonkole Tshibambe prend officiellement ses fonctions de Pr\u00e9sidente du Tribunal de Paix...\" \/>\n<meta property=\"og:url\" content=\"https:\/\/infos-droitshumains.net\/?p=8146\" \/>\n<meta property=\"og:site_name\" content=\"Infos Droits Humains\" \/>\n<meta property=\"article:published_time\" content=\"2023-09-30T19:09:07+00:00\" \/>\n<meta property=\"article:modified_time\" content=\"2023-09-30T20:12:26+00:00\" \/>\n<meta property=\"og:image\" content=\"https:\/\/infos-droitshumains.net\/wp-content\/uploads\/2023\/09\/IMG-20230930-WA0084.jpg\" \/>\n\t<meta property=\"og:image:width\" content=\"886\" \/>\n\t<meta property=\"og:image:height\" content=\"589\" \/>\n\t<meta property=\"og:image:type\" content=\"image\/jpeg\" \/>\n<meta name=\"author\" content=\"Jo\u00ebl Diawa\" \/>\n<meta name=\"twitter:card\" content=\"summary_large_image\" \/>\n<meta name=\"twitter:label1\" content=\"\u00c9crit par\" \/>\n\t<meta name=\"twitter:data1\" content=\"Jo\u00ebl Diawa\" \/>\n\t<meta name=\"twitter:label2\" content=\"Dur\u00e9e de lecture estim\u00e9e\" \/>\n\t<meta name=\"twitter:data2\" content=\"3 minutes\" \/>\n<script type=\"application\/ld+json\" class=\"yoast-schema-graph\">{\"@context\":\"https:\\\/\\\/schema.org\",\"@graph\":[{\"@type\":\"Article\",\"@id\":\"https:\\\/\\\/infos-droitshumains.net\\\/?p=8146#article\",\"isPartOf\":{\"@id\":\"https:\\\/\\\/infos-droitshumains.net\\\/?p=8146\"},\"author\":{\"name\":\"Jo\u00ebl Diawa\",\"@id\":\"https:\\\/\\\/infos-droitshumains.net\\\/#\\\/schema\\\/person\\\/3dc5e921c3302172e0ed4362f96faab7\"},\"headline\":\"Tribunal de Paix de Kinshasa\\\/Matete\u00a0: Durant son mandat, Jos\u00e9phine Mukonkole rassure que le droit sera dit en toute \u00e9quit\u00e9, c\u00e9l\u00e9rit\u00e9 et impartialit\u00e9 pour contribuer \u00e0 l\u2019impl\u00e9mentation de l\u2019Etat de Droit\",\"datePublished\":\"2023-09-30T19:09:07+00:00\",\"dateModified\":\"2023-09-30T20:12:26+00:00\",\"mainEntityOfPage\":{\"@id\":\"https:\\\/\\\/infos-droitshumains.net\\\/?p=8146\"},\"wordCount\":571,\"commentCount\":0,\"publisher\":{\"@id\":\"https:\\\/\\\/infos-droitshumains.net\\\/#organization\"},\"image\":{\"@id\":\"https:\\\/\\\/infos-droitshumains.net\\\/?p=8146#primaryimage\"},\"thumbnailUrl\":\"https:\\\/\\\/i0.wp.com\\\/infos-droitshumains.net\\\/wp-content\\\/uploads\\\/2023\\\/09\\\/IMG-20230930-WA0084.jpg?fit=886%2C589&ssl=1\",\"articleSection\":[\"Justice\"],\"inLanguage\":\"fr-FR\",\"potentialAction\":[{\"@type\":\"CommentAction\",\"name\":\"Comment\",\"target\":[\"https:\\\/\\\/infos-droitshumains.net\\\/?p=8146#respond\"]}]},{\"@type\":\"WebPage\",\"@id\":\"https:\\\/\\\/infos-droitshumains.net\\\/?p=8146\",\"url\":\"https:\\\/\\\/infos-droitshumains.net\\\/?p=8146\",\"name\":\"Tribunal de Paix de Kinshasa\\\/Matete\u00a0: Durant son mandat, Jos\u00e9phine Mukonkole rassure que le droit sera dit en toute \u00e9quit\u00e9, c\u00e9l\u00e9rit\u00e9 et impartialit\u00e9 pour contribuer \u00e0 l\u2019impl\u00e9mentation de l\u2019Etat de Droit - Infos Droits Humains\",\"isPartOf\":{\"@id\":\"https:\\\/\\\/infos-droitshumains.net\\\/#website\"},\"primaryImageOfPage\":{\"@id\":\"https:\\\/\\\/infos-droitshumains.net\\\/?p=8146#primaryimage\"},\"image\":{\"@id\":\"https:\\\/\\\/infos-droitshumains.net\\\/?p=8146#primaryimage\"},\"thumbnailUrl\":\"https:\\\/\\\/i0.wp.com\\\/infos-droitshumains.net\\\/wp-content\\\/uploads\\\/2023\\\/09\\\/IMG-20230930-WA0084.jpg?fit=886%2C589&ssl=1\",\"datePublished\":\"2023-09-30T19:09:07+00:00\",\"dateModified\":\"2023-09-30T20:12:26+00:00\",\"breadcrumb\":{\"@id\":\"https:\\\/\\\/infos-droitshumains.net\\\/?p=8146#breadcrumb\"},\"inLanguage\":\"fr-FR\",\"potentialAction\":[{\"@type\":\"ReadAction\",\"target\":[\"https:\\\/\\\/infos-droitshumains.net\\\/?p=8146\"]}]},{\"@type\":\"ImageObject\",\"inLanguage\":\"fr-FR\",\"@id\":\"https:\\\/\\\/infos-droitshumains.net\\\/?p=8146#primaryimage\",\"url\":\"https:\\\/\\\/i0.wp.com\\\/infos-droitshumains.net\\\/wp-content\\\/uploads\\\/2023\\\/09\\\/IMG-20230930-WA0084.jpg?fit=886%2C589&ssl=1\",\"contentUrl\":\"https:\\\/\\\/i0.wp.com\\\/infos-droitshumains.net\\\/wp-content\\\/uploads\\\/2023\\\/09\\\/IMG-20230930-WA0084.jpg?fit=886%2C589&ssl=1\",\"width\":886,\"height\":589},{\"@type\":\"BreadcrumbList\",\"@id\":\"https:\\\/\\\/infos-droitshumains.net\\\/?p=8146#breadcrumb\",\"itemListElement\":[{\"@type\":\"ListItem\",\"position\":1,\"name\":\"Accueil\",\"item\":\"https:\\\/\\\/infos-droitshumains.net\\\/\"},{\"@type\":\"ListItem\",\"position\":2,\"name\":\"Tribunal de Paix de Kinshasa\\\/Matete\u00a0: Durant son mandat, Jos\u00e9phine Mukonkole rassure que le droit sera dit en toute \u00e9quit\u00e9, c\u00e9l\u00e9rit\u00e9 et impartialit\u00e9 pour contribuer \u00e0 l\u2019impl\u00e9mentation de l\u2019Etat de Droit\"}]},{\"@type\":\"WebSite\",\"@id\":\"https:\\\/\\\/infos-droitshumains.net\\\/#website\",\"url\":\"https:\\\/\\\/infos-droitshumains.net\\\/\",\"name\":\"Infos Droits Humains\",\"description\":\"S&#039;informer est un droit\",\"publisher\":{\"@id\":\"https:\\\/\\\/infos-droitshumains.net\\\/#organization\"},\"potentialAction\":[{\"@type\":\"SearchAction\",\"target\":{\"@type\":\"EntryPoint\",\"urlTemplate\":\"https:\\\/\\\/infos-droitshumains.net\\\/?s={search_term_string}\"},\"query-input\":{\"@type\":\"PropertyValueSpecification\",\"valueRequired\":true,\"valueName\":\"search_term_string\"}}],\"inLanguage\":\"fr-FR\"},{\"@type\":\"Organization\",\"@id\":\"https:\\\/\\\/infos-droitshumains.net\\\/#organization\",\"name\":\"Infos Droits Humains\",\"url\":\"https:\\\/\\\/infos-droitshumains.net\\\/\",\"logo\":{\"@type\":\"ImageObject\",\"inLanguage\":\"fr-FR\",\"@id\":\"https:\\\/\\\/infos-droitshumains.net\\\/#\\\/schema\\\/logo\\\/image\\\/\",\"url\":\"https:\\\/\\\/i0.wp.com\\\/infos-droitshumains.net\\\/wp-content\\\/uploads\\\/2022\\\/05\\\/Logo.png?fit=333%2C129&ssl=1\",\"contentUrl\":\"https:\\\/\\\/i0.wp.com\\\/infos-droitshumains.net\\\/wp-content\\\/uploads\\\/2022\\\/05\\\/Logo.png?fit=333%2C129&ssl=1\",\"width\":333,\"height\":129,\"caption\":\"Infos Droits Humains\"},\"image\":{\"@id\":\"https:\\\/\\\/infos-droitshumains.net\\\/#\\\/schema\\\/logo\\\/image\\\/\"}},{\"@type\":\"Person\",\"@id\":\"https:\\\/\\\/infos-droitshumains.net\\\/#\\\/schema\\\/person\\\/3dc5e921c3302172e0ed4362f96faab7\",\"name\":\"Jo\u00ebl Diawa\",\"image\":{\"@type\":\"ImageObject\",\"inLanguage\":\"fr-FR\",\"@id\":\"https:\\\/\\\/secure.gravatar.com\\\/avatar\\\/729bea6ff4604c624417803c477363be8e3c7186deaa65713313f9b4b820f41c?s=96&d=mm&r=g\",\"url\":\"https:\\\/\\\/secure.gravatar.com\\\/avatar\\\/729bea6ff4604c624417803c477363be8e3c7186deaa65713313f9b4b820f41c?s=96&d=mm&r=g\",\"contentUrl\":\"https:\\\/\\\/secure.gravatar.com\\\/avatar\\\/729bea6ff4604c624417803c477363be8e3c7186deaa65713313f9b4b820f41c?s=96&d=mm&r=g\",\"caption\":\"Jo\u00ebl Diawa\"},\"sameAs\":[\"https:\\\/\\\/www.infos-droitshumains.net\"],\"url\":\"https:\\\/\\\/infos-droitshumains.net\\\/?author=2\"}]}<\/script>\n<!-- \/ Yoast SEO plugin. -->","yoast_head_json":{"title":"Tribunal de Paix de Kinshasa\/Matete\u00a0: Durant son mandat, Jos\u00e9phine Mukonkole rassure que le droit sera dit en toute \u00e9quit\u00e9, c\u00e9l\u00e9rit\u00e9 et impartialit\u00e9 pour contribuer \u00e0 l\u2019impl\u00e9mentation de l\u2019Etat de Droit - Infos Droits Humains","robots":{"index":"index","follow":"follow","max-snippet":"max-snippet:-1","max-image-preview":"max-image-preview:large","max-video-preview":"max-video-preview:-1"},"canonical":"https:\/\/infos-droitshumains.net\/?p=8146","og_locale":"fr_FR","og_type":"article","og_title":"Tribunal de Paix de Kinshasa\/Matete\u00a0: Durant son mandat, Jos\u00e9phine Mukonkole rassure que le droit sera dit en toute \u00e9quit\u00e9, c\u00e9l\u00e9rit\u00e9 et impartialit\u00e9 pour contribuer \u00e0 l\u2019impl\u00e9mentation de l\u2019Etat de Droit - Infos Droits Humains","og_description":"R\u00e9daction :+243817406088 Jos\u00e9phine Mukonkole Tshibambe prend officiellement ses fonctions de Pr\u00e9sidente du Tribunal de Paix...","og_url":"https:\/\/infos-droitshumains.net\/?p=8146","og_site_name":"Infos Droits Humains","article_published_time":"2023-09-30T19:09:07+00:00","article_modified_time":"2023-09-30T20:12:26+00:00","og_image":[{"width":886,"height":589,"url":"https:\/\/infos-droitshumains.net\/wp-content\/uploads\/2023\/09\/IMG-20230930-WA0084.jpg","type":"image\/jpeg"}],"author":"Jo\u00ebl Diawa","twitter_card":"summary_large_image","twitter_misc":{"\u00c9crit par":"Jo\u00ebl Diawa","Dur\u00e9e de lecture estim\u00e9e":"3 minutes"},"schema":{"@context":"https:\/\/schema.org","@graph":[{"@type":"Article","@id":"https:\/\/infos-droitshumains.net\/?p=8146#article","isPartOf":{"@id":"https:\/\/infos-droitshumains.net\/?p=8146"},"author":{"name":"Jo\u00ebl Diawa","@id":"https:\/\/infos-droitshumains.net\/#\/schema\/person\/3dc5e921c3302172e0ed4362f96faab7"},"headline":"Tribunal de Paix de Kinshasa\/Matete\u00a0: Durant son mandat, Jos\u00e9phine Mukonkole rassure que le droit sera dit en toute \u00e9quit\u00e9, c\u00e9l\u00e9rit\u00e9 et impartialit\u00e9 pour contribuer \u00e0 l\u2019impl\u00e9mentation de l\u2019Etat de Droit","datePublished":"2023-09-30T19:09:07+00:00","dateModified":"2023-09-30T20:12:26+00:00","mainEntityOfPage":{"@id":"https:\/\/infos-droitshumains.net\/?p=8146"},"wordCount":571,"commentCount":0,"publisher":{"@id":"https:\/\/infos-droitshumains.net\/#organization"},"image":{"@id":"https:\/\/infos-droitshumains.net\/?p=8146#primaryimage"},"thumbnailUrl":"https:\/\/i0.wp.com\/infos-droitshumains.net\/wp-content\/uploads\/2023\/09\/IMG-20230930-WA0084.jpg?fit=886%2C589&ssl=1","articleSection":["Justice"],"inLanguage":"fr-FR","potentialAction":[{"@type":"CommentAction","name":"Comment","target":["https:\/\/infos-droitshumains.net\/?p=8146#respond"]}]},{"@type":"WebPage","@id":"https:\/\/infos-droitshumains.net\/?p=8146","url":"https:\/\/infos-droitshumains.net\/?p=8146","name":"Tribunal de Paix de Kinshasa\/Matete\u00a0: Durant son mandat, Jos\u00e9phine Mukonkole rassure que le droit sera dit en toute \u00e9quit\u00e9, c\u00e9l\u00e9rit\u00e9 et impartialit\u00e9 pour contribuer \u00e0 l\u2019impl\u00e9mentation de l\u2019Etat de Droit - Infos Droits Humains","isPartOf":{"@id":"https:\/\/infos-droitshumains.net\/#website"},"primaryImageOfPage":{"@id":"https:\/\/infos-droitshumains.net\/?p=8146#primaryimage"},"image":{"@id":"https:\/\/infos-droitshumains.net\/?p=8146#primaryimage"},"thumbnailUrl":"https:\/\/i0.wp.com\/infos-droitshumains.net\/wp-content\/uploads\/2023\/09\/IMG-20230930-WA0084.jpg?fit=886%2C589&ssl=1","datePublished":"2023-09-30T19:09:07+00:00","dateModified":"2023-09-30T20:12:26+00:00","breadcrumb":{"@id":"https:\/\/infos-droitshumains.net\/?p=8146#breadcrumb"},"inLanguage":"fr-FR","potentialAction":[{"@type":"ReadAction","target":["https:\/\/infos-droitshumains.net\/?p=8146"]}]},{"@type":"ImageObject","inLanguage":"fr-FR","@id":"https:\/\/infos-droitshumains.net\/?p=8146#primaryimage","url":"https:\/\/i0.wp.com\/infos-droitshumains.net\/wp-content\/uploads\/2023\/09\/IMG-20230930-WA0084.jpg?fit=886%2C589&ssl=1","contentUrl":"https:\/\/i0.wp.com\/infos-droitshumains.net\/wp-content\/uploads\/2023\/09\/IMG-20230930-WA0084.jpg?fit=886%2C589&ssl=1","width":886,"height":589},{"@type":"BreadcrumbList","@id":"https:\/\/infos-droitshumains.net\/?p=8146#breadcrumb","itemListElement":[{"@type":"ListItem","position":1,"name":"Accueil","item":"https:\/\/infos-droitshumains.net\/"},{"@type":"ListItem","position":2,"name":"Tribunal de Paix de Kinshasa\/Matete\u00a0: Durant son mandat, Jos\u00e9phine Mukonkole rassure que le droit sera dit en toute \u00e9quit\u00e9, c\u00e9l\u00e9rit\u00e9 et impartialit\u00e9 pour contribuer \u00e0 l\u2019impl\u00e9mentation de l\u2019Etat de Droit"}]},{"@type":"WebSite","@id":"https:\/\/infos-droitshumains.net\/#website","url":"https:\/\/infos-droitshumains.net\/","name":"Infos Droits Humains","description":"S&#039;informer est un droit","publisher":{"@id":"https:\/\/infos-droitshumains.net\/#organization"},"potentialAction":[{"@type":"SearchAction","target":{"@type":"EntryPoint","urlTemplate":"https:\/\/infos-droitshumains.net\/?s={search_term_string}"},"query-input":{"@type":"PropertyValueSpecification","valueRequired":true,"valueName":"search_term_string"}}],"inLanguage":"fr-FR"},{"@type":"Organization","@id":"https:\/\/infos-droitshumains.net\/#organization","name":"Infos Droits Humains","url":"https:\/\/infos-droitshumains.net\/","logo":{"@type":"ImageObject","inLanguage":"fr-FR","@id":"https:\/\/infos-droitshumains.net\/#\/schema\/logo\/image\/","url":"https:\/\/i0.wp.com\/infos-droitshumains.net\/wp-content\/uploads\/2022\/05\/Logo.png?fit=333%2C129&ssl=1","contentUrl":"https:\/\/i0.wp.com\/infos-droitshumains.net\/wp-content\/uploads\/2022\/05\/Logo.png?fit=333%2C129&ssl=1","width":333,"height":129,"caption":"Infos Droits Humains"},"image":{"@id":"https:\/\/infos-droitshumains.net\/#\/schema\/logo\/image\/"}},{"@type":"Person","@id":"https:\/\/infos-droitshumains.net\/#\/schema\/person\/3dc5e921c3302172e0ed4362f96faab7","name":"Jo\u00ebl Diawa","image":{"@type":"ImageObject","inLanguage":"fr-FR","@id":"https:\/\/secure.gravatar.com\/avatar\/729bea6ff4604c624417803c477363be8e3c7186deaa65713313f9b4b820f41c?s=96&d=mm&r=g","url":"https:\/\/secure.gravatar.com\/avatar\/729bea6ff4604c624417803c477363be8e3c7186deaa65713313f9b4b820f41c?s=96&d=mm&r=g","contentUrl":"https:\/\/secure.gravatar.com\/avatar\/729bea6ff4604c624417803c477363be8e3c7186deaa65713313f9b4b820f41c?s=96&d=mm&r=g","caption":"Jo\u00ebl Diawa"},"sameAs":["https:\/\/www.infos-droitshumains.net"],"url":"https:\/\/infos-droitshumains.net\/?author=2"}]}},"featured_image_urls":{"full":["https:\/\/i0.wp.com\/infos-droitshumains.net\/wp-content\/uploads\/2023\/09\/IMG-20230930-WA0084.jpg?fit=886%2C589&ssl=1",886,589,false],"thumbnail":["https:\/\/i0.wp.com\/infos-droitshumains.net\/wp-content\/uploads\/2023\/09\/IMG-20230930-WA0084.jpg?resize=150%2C150&ssl=1",150,150,true],"medium":["https:\/\/i0.wp.com\/infos-droitshumains.net\/wp-content\/uploads\/2023\/09\/IMG-20230930-WA0084.jpg?fit=300%2C199&ssl=1",300,199,true],"medium_large":["https:\/\/i0.wp.com\/infos-droitshumains.net\/wp-content\/uploads\/2023\/09\/IMG-20230930-WA0084.jpg?fit=640%2C426&ssl=1",640,426,true],"large":["https:\/\/i0.wp.com\/infos-droitshumains.net\/wp-content\/uploads\/2023\/09\/IMG-20230930-WA0084.jpg?fit=640%2C425&ssl=1",640,425,true],"1536x1536":["https:\/\/i0.wp.com\/infos-droitshumains.net\/wp-content\/uploads\/2023\/09\/IMG-20230930-WA0084.jpg?fit=886%2C589&ssl=1",886,589,true],"2048x2048":["https:\/\/i0.wp.com\/infos-droitshumains.net\/wp-content\/uploads\/2023\/09\/IMG-20230930-WA0084.jpg?fit=886%2C589&ssl=1",886,589,true],"covernews-slider-full":["https:\/\/i0.wp.com\/infos-droitshumains.net\/wp-content\/uploads\/2023\/09\/IMG-20230930-WA0084.jpg?resize=886%2C589&ssl=1",886,589,true],"covernews-slider-center":["https:\/\/i0.wp.com\/infos-droitshumains.net\/wp-content\/uploads\/2023\/09\/IMG-20230930-WA0084.jpg?resize=800%2C500&ssl=1",800,500,true],"covernews-featured":["https:\/\/i0.wp.com\/infos-droitshumains.net\/wp-content\/uploads\/2023\/09\/IMG-20230930-WA0084.jpg?fit=886%2C589&ssl=1",886,589,true],"covernews-medium":["https:\/\/i0.wp.com\/infos-droitshumains.net\/wp-content\/uploads\/2023\/09\/IMG-20230930-WA0084.jpg?resize=540%2C340&ssl=1",540,340,true],"covernews-medium-square":["https:\/\/i0.wp.com\/infos-droitshumains.net\/wp-content\/uploads\/2023\/09\/IMG-20230930-WA0084.jpg?resize=400%2C250&ssl=1",400,250,true]},"author_info":{"display_name":"Jo\u00ebl Diawa","author_link":"https:\/\/infos-droitshumains.net\/?author=2"},"category_info":"<a href=\"https:\/\/infos-droitshumains.net\/?cat=6\" rel=\"category\">Justice<\/a>","tag_info":"Justice","comment_count":"0","jetpack_featured_media_url":"https:\/\/i0.wp.com\/infos-droitshumains.net\/wp-content\/uploads\/2023\/09\/IMG-20230930-WA0084.jpg?fit=886%2C589&ssl=1","jetpack-related-posts":[],"jetpack_sharing_enabled":true,"_links":{"self":[{"href":"https:\/\/infos-droitshumains.net\/index.php?rest_route=\/wp\/v2\/posts\/8146","targetHints":{"allow":["GET"]}}],"collection":[{"href":"https:\/\/infos-droitshumains.net\/index.php?rest_route=\/wp\/v2\/posts"}],"about":[{"href":"https:\/\/infos-droitshumains.net\/index.php?rest_route=\/wp\/v2\/types\/post"}],"author":[{"embeddable":true,"href":"https:\/\/infos-droitshumains.net\/index.php?rest_route=\/wp\/v2\/users\/2"}],"replies":[{"embeddable":true,"href":"https:\/\/infos-droitshumains.net\/index.php?rest_route=%2Fwp%2Fv2%2Fcomments&post=8146"}],"version-history":[{"count":1,"href":"https:\/\/infos-droitshumains.net\/index.php?rest_route=\/wp\/v2\/posts\/8146\/revisions"}],"predecessor-version":[{"id":8147,"href":"https:\/\/infos-droitshumains.net\/index.php?rest_route=\/wp\/v2\/posts\/8146\/revisions\/8147"}],"wp:featuredmedia":[{"embeddable":true,"href":"https:\/\/infos-droitshumains.net\/index.php?rest_route=\/wp\/v2\/media\/8149"}],"wp:attachment":[{"href":"https:\/\/infos-droitshumains.net\/index.php?rest_route=%2Fwp%2Fv2%2Fmedia&parent=8146"}],"wp:term":[{"taxonomy":"category","embeddable":true,"href":"https:\/\/infos-droitshumains.net\/index.php?rest_route=%2Fwp%2Fv2%2Fcategories&post=8146"},{"taxonomy":"post_tag","embeddable":true,"href":"https:\/\/infos-droitshumains.net\/index.php?rest_route=%2Fwp%2Fv2%2Ftags&post=8146"}],"curies":[{"name":"wp","href":"https:\/\/api.w.org\/{rel}","templated":true}]}}