{"id":8138,"date":"2023-09-29T21:18:38","date_gmt":"2023-09-29T19:18:38","guid":{"rendered":"https:\/\/infos-droitshumains.net\/?p=8138"},"modified":"2023-09-29T21:22:59","modified_gmt":"2023-09-29T19:22:59","slug":"rdc-la-competence-materielle-dun-tribunal-de-paix-sattache-au-taux-maximal-de-la-peine-dont-il-est-puni-le-fait-infractionnel-individuellement-elysee-kanjingamba","status":"publish","type":"post","link":"https:\/\/infos-droitshumains.net\/?p=8138","title":{"rendered":"RDC\u00a0: La comp\u00e9tence mat\u00e9rielle d\u2019un tribunal (de paix) s\u2019attache au taux maximal de la peine dont il est puni le fait infractionnel individuellement (Elys\u00e9e Kanjingamba)"},"content":{"rendered":"\n<p><strong>R\u00e9daction :+243817406088<\/strong><\/p>\n\n\n\n<h4 class=\"wp-block-heading has-vivid-red-color has-text-color\">Au cours d\u2019une audience publique et solennelle, la Pr\u00e9sidente du Tribunal de Paix de Kinshasa\/Lemba a proc\u00e9d\u00e9 ce jeudi 28 septembre 2023, au renouvellement de son serment statutaire, condition exig\u00e9e par le l\u00e9gislateur avant la prise de ses nouvelles fonctions.<\/h4>\n\n\n\n<p>Elys\u00e9e Kanjingamba a, avant tout, exprim\u00e9 sa gratitude envers ceux qui ont contribu\u00e9 \u00e0 son \u00e9l\u00e9vation.<\/p>\n\n\n\n<p><em>\u00ab&nbsp;Je me dois de remercier mon Dieu qui m\u2019a fait gr\u00e2ce de la vie, de l\u2019\u00eatre et des mouvements. Je me dois \u00e9galement exprimer au Pr\u00e9sident de la R\u00e9publique, magistrat supr\u00eame, des hommages les plus d\u00e9f\u00e9rents de m\u2019avoir \u00e9lev\u00e9 au grade de pr\u00e9sident du Tribunal de Grande Instance de Kinshasa faisant fonction de Pr\u00e9sidente du Tribunal de Paix de Kinshasa\/Lemba. De m\u00eame que, mes chefs notamment, le Pr\u00e9sident du Conseil Sup\u00e9rieur de la Magistrature, Pr\u00e9sident de la Cour Constitutionnelle ainsi que l\u2019ensemble des membres de cette institution qui ont cru en mes capacit\u00e9s de diriger ce tribunal, trouvent ici mes sinc\u00e8res remerciement d\u2019avoir propos\u00e9 mon nom au pr\u00e8s du Chef de l\u2019Etat&nbsp;\u00bb<\/em>, a-t-elle d\u00e9clar\u00e9 en liminaire.<\/p>\n\n\n\n<p>Dans son allocution ax\u00e9e sur <strong><em>\u00ab&nbsp;la comp\u00e9tence mat\u00e9rielles du tribunal de paix en cas de cumul des peines&nbsp;\u00bb<\/em><\/strong>, Elys\u00e9e Kanjingamba Faisant r\u00e9f\u00e9rence \u00e0 la trilogie des comp\u00e9tences d\u2019un tribunal, a d\u00e9montr\u00e9 sur base de la loi organique n\u00b013 \/11-B du 11 avril 2013 portant organisation, fonctionnement et comp\u00e9tence des juridictions de l\u2019ordre judiciaire, tribunaux de la paix ont la comp\u00e9tence mat\u00e9rielle en mati\u00e8re r\u00e9pressive contrairement \u00e0 une certaine opinion.<\/p>\n\n\n\n<p><em>\u00ab&nbsp;A la lecture des dispositions de l\u2019article 85 de cette loi organique, certains plaideurs d\u00e9duisent que la comp\u00e9tence du tribunal de paix limite le juge \u00e0 ne prononcer qu\u2019une seule peine ne d\u00e9passant pas cinq ans de servitude p\u00e9nale quelque soient les circonstances. Ces plaideurs soutiennent leurs postions en ce que lors que le juge de paix se trouve dans un cas o\u00f9 il doit prononcer une peine sup\u00e9rieure \u00e0 Cinq ans de servitude p\u00e9nale notamment, en ce qui concerne le cumul des peines, soit qu\u2019il se d\u00e9clare incomp\u00e9tent ou carr\u00e9ment se limite \u00e0 condamner le pr\u00e9venu pour plusieurs infractions et l\u2019unique peine qui ne d\u00e9passent pas les cinq ans de servitude p\u00e9nal. Face \u00e0 cette erreur d\u2019interpr\u00e9tation de la disposition l\u00e9gale attributive de comp\u00e9tences mat\u00e9rielles ou r\u00e9pressive, l\u2019attention doit \u00eatre attir\u00e9e sur le fait que la comp\u00e9tence mat\u00e9rielle d\u2019un tribunal s\u2019attache au taux maximal de la peine dont il est puni le fait infractionnel individuellement&nbsp;\u00bb<\/em>, a pr\u00e9cis\u00e9 Elys\u00e9e Kanjingamba avant de rench\u00e9rir&nbsp;:<\/p>\n\n\n\n<p><em>\u00ab&nbsp;Il doit \u00eatre entendu que la comp\u00e9tence mat\u00e9rielle du tribunal de paix est l\u2019aptitude de juger toutes les infractions qui rentre dans le seuil l\u00e9gal\u2026 En cas de concours mat\u00e9riel d\u2019infraction, le tribunal de paix peut prononcer, le cumul des peines, une peine cumul\u00e9e de plus cinq ans jusqu\u2019\u00e0 vingt ans de servitude p\u00e9nale&nbsp;\u00bb<\/em>. Une th\u00e8se dont La Pr\u00e9sidente du Tribunal de Paix de Kinshasa\/Lemba a trouv\u00e9 la base l\u00e9gale dans l\u2019article 20 du code p\u00e9nal livre II.<\/p>\n\n\n\n<p>Malgr\u00e9 cette position, Elys\u00e9e Kajingamba a pr\u00e9vu que tout exc\u00e8s de pouvoir est reconnu par la juridiction de cassation comme un moyen de cassation sans renvoi et peut m\u00eame engager la responsabilit\u00e9 personnalit\u00e9 de l\u2019auteur de l\u2019acte en application de la th\u00e9orie des actes d\u00e9tachables.<\/p>\n\n\n\n<p>Jo\u00ebl Diawa<\/p>\n","protected":false},"excerpt":{"rendered":"<p>R\u00e9daction :+243817406088 Au cours d\u2019une audience publique et solennelle, la Pr\u00e9sidente du Tribunal de Paix&#8230;<\/p>\n","protected":false},"author":2,"featured_media":8140,"comment_status":"open","ping_status":"open","sticky":false,"template":"","format":"standard","meta":{"_jetpack_memberships_contains_paid_content":false,"footnotes":""},"categories":[6],"tags":[],"class_list":["post-8138","post","type-post","status-publish","format-standard","has-post-thumbnail","hentry","category-justice"],"yoast_head":"<!-- This site is optimized with the Yoast SEO plugin v27.5 - https:\/\/yoast.com\/product\/yoast-seo-wordpress\/ -->\n<title>RDC\u00a0: La comp\u00e9tence mat\u00e9rielle d\u2019un tribunal (de paix) s\u2019attache au taux maximal de la peine dont il est puni le fait infractionnel individuellement (Elys\u00e9e Kanjingamba) - Infos Droits Humains<\/title>\n<meta name=\"robots\" content=\"index, follow, max-snippet:-1, max-image-preview:large, max-video-preview:-1\" \/>\n<link rel=\"canonical\" href=\"https:\/\/infos-droitshumains.net\/?p=8138\" \/>\n<meta property=\"og:locale\" content=\"fr_FR\" \/>\n<meta property=\"og:type\" content=\"article\" \/>\n<meta property=\"og:title\" content=\"RDC\u00a0: La comp\u00e9tence mat\u00e9rielle d\u2019un tribunal (de paix) s\u2019attache au taux maximal de la peine dont il est puni le fait infractionnel individuellement (Elys\u00e9e Kanjingamba) - Infos Droits Humains\" \/>\n<meta property=\"og:description\" content=\"R\u00e9daction :+243817406088 Au cours d\u2019une audience publique et solennelle, la Pr\u00e9sidente du Tribunal de Paix...\" \/>\n<meta property=\"og:url\" content=\"https:\/\/infos-droitshumains.net\/?p=8138\" \/>\n<meta property=\"og:site_name\" content=\"Infos Droits Humains\" \/>\n<meta property=\"article:published_time\" content=\"2023-09-29T19:18:38+00:00\" \/>\n<meta property=\"article:modified_time\" content=\"2023-09-29T19:22:59+00:00\" \/>\n<meta property=\"og:image\" content=\"https:\/\/infos-droitshumains.net\/wp-content\/uploads\/2023\/09\/IMG_20230928_115817_677.jpg\" \/>\n\t<meta property=\"og:image:width\" content=\"759\" \/>\n\t<meta property=\"og:image:height\" content=\"567\" \/>\n\t<meta property=\"og:image:type\" content=\"image\/jpeg\" \/>\n<meta name=\"author\" content=\"Jo\u00ebl Diawa\" \/>\n<meta name=\"twitter:card\" content=\"summary_large_image\" \/>\n<meta name=\"twitter:label1\" content=\"\u00c9crit par\" \/>\n\t<meta name=\"twitter:data1\" content=\"Jo\u00ebl Diawa\" \/>\n\t<meta name=\"twitter:label2\" content=\"Dur\u00e9e de lecture estim\u00e9e\" \/>\n\t<meta name=\"twitter:data2\" content=\"3 minutes\" \/>\n<script type=\"application\/ld+json\" class=\"yoast-schema-graph\">{\"@context\":\"https:\\\/\\\/schema.org\",\"@graph\":[{\"@type\":\"Article\",\"@id\":\"https:\\\/\\\/infos-droitshumains.net\\\/?p=8138#article\",\"isPartOf\":{\"@id\":\"https:\\\/\\\/infos-droitshumains.net\\\/?p=8138\"},\"author\":{\"name\":\"Jo\u00ebl Diawa\",\"@id\":\"https:\\\/\\\/infos-droitshumains.net\\\/#\\\/schema\\\/person\\\/3dc5e921c3302172e0ed4362f96faab7\"},\"headline\":\"RDC\u00a0: La comp\u00e9tence mat\u00e9rielle d\u2019un tribunal (de paix) s\u2019attache au taux maximal de la peine dont il est puni le fait infractionnel individuellement (Elys\u00e9e Kanjingamba)\",\"datePublished\":\"2023-09-29T19:18:38+00:00\",\"dateModified\":\"2023-09-29T19:22:59+00:00\",\"mainEntityOfPage\":{\"@id\":\"https:\\\/\\\/infos-droitshumains.net\\\/?p=8138\"},\"wordCount\":657,\"commentCount\":0,\"publisher\":{\"@id\":\"https:\\\/\\\/infos-droitshumains.net\\\/#organization\"},\"image\":{\"@id\":\"https:\\\/\\\/infos-droitshumains.net\\\/?p=8138#primaryimage\"},\"thumbnailUrl\":\"https:\\\/\\\/i0.wp.com\\\/infos-droitshumains.net\\\/wp-content\\\/uploads\\\/2023\\\/09\\\/IMG_20230928_115817_677.jpg?fit=759%2C567&ssl=1\",\"articleSection\":[\"Justice\"],\"inLanguage\":\"fr-FR\",\"potentialAction\":[{\"@type\":\"CommentAction\",\"name\":\"Comment\",\"target\":[\"https:\\\/\\\/infos-droitshumains.net\\\/?p=8138#respond\"]}]},{\"@type\":\"WebPage\",\"@id\":\"https:\\\/\\\/infos-droitshumains.net\\\/?p=8138\",\"url\":\"https:\\\/\\\/infos-droitshumains.net\\\/?p=8138\",\"name\":\"RDC\u00a0: La comp\u00e9tence mat\u00e9rielle d\u2019un tribunal (de paix) s\u2019attache au taux maximal de la peine dont il est puni le fait infractionnel individuellement (Elys\u00e9e Kanjingamba) - Infos Droits Humains\",\"isPartOf\":{\"@id\":\"https:\\\/\\\/infos-droitshumains.net\\\/#website\"},\"primaryImageOfPage\":{\"@id\":\"https:\\\/\\\/infos-droitshumains.net\\\/?p=8138#primaryimage\"},\"image\":{\"@id\":\"https:\\\/\\\/infos-droitshumains.net\\\/?p=8138#primaryimage\"},\"thumbnailUrl\":\"https:\\\/\\\/i0.wp.com\\\/infos-droitshumains.net\\\/wp-content\\\/uploads\\\/2023\\\/09\\\/IMG_20230928_115817_677.jpg?fit=759%2C567&ssl=1\",\"datePublished\":\"2023-09-29T19:18:38+00:00\",\"dateModified\":\"2023-09-29T19:22:59+00:00\",\"breadcrumb\":{\"@id\":\"https:\\\/\\\/infos-droitshumains.net\\\/?p=8138#breadcrumb\"},\"inLanguage\":\"fr-FR\",\"potentialAction\":[{\"@type\":\"ReadAction\",\"target\":[\"https:\\\/\\\/infos-droitshumains.net\\\/?p=8138\"]}]},{\"@type\":\"ImageObject\",\"inLanguage\":\"fr-FR\",\"@id\":\"https:\\\/\\\/infos-droitshumains.net\\\/?p=8138#primaryimage\",\"url\":\"https:\\\/\\\/i0.wp.com\\\/infos-droitshumains.net\\\/wp-content\\\/uploads\\\/2023\\\/09\\\/IMG_20230928_115817_677.jpg?fit=759%2C567&ssl=1\",\"contentUrl\":\"https:\\\/\\\/i0.wp.com\\\/infos-droitshumains.net\\\/wp-content\\\/uploads\\\/2023\\\/09\\\/IMG_20230928_115817_677.jpg?fit=759%2C567&ssl=1\",\"width\":759,\"height\":567},{\"@type\":\"BreadcrumbList\",\"@id\":\"https:\\\/\\\/infos-droitshumains.net\\\/?p=8138#breadcrumb\",\"itemListElement\":[{\"@type\":\"ListItem\",\"position\":1,\"name\":\"Accueil\",\"item\":\"https:\\\/\\\/infos-droitshumains.net\\\/\"},{\"@type\":\"ListItem\",\"position\":2,\"name\":\"RDC\u00a0: La comp\u00e9tence mat\u00e9rielle d\u2019un tribunal (de paix) s\u2019attache au taux maximal de la peine dont il est puni le fait infractionnel individuellement (Elys\u00e9e Kanjingamba)\"}]},{\"@type\":\"WebSite\",\"@id\":\"https:\\\/\\\/infos-droitshumains.net\\\/#website\",\"url\":\"https:\\\/\\\/infos-droitshumains.net\\\/\",\"name\":\"Infos Droits Humains\",\"description\":\"S&#039;informer est un droit\",\"publisher\":{\"@id\":\"https:\\\/\\\/infos-droitshumains.net\\\/#organization\"},\"potentialAction\":[{\"@type\":\"SearchAction\",\"target\":{\"@type\":\"EntryPoint\",\"urlTemplate\":\"https:\\\/\\\/infos-droitshumains.net\\\/?s={search_term_string}\"},\"query-input\":{\"@type\":\"PropertyValueSpecification\",\"valueRequired\":true,\"valueName\":\"search_term_string\"}}],\"inLanguage\":\"fr-FR\"},{\"@type\":\"Organization\",\"@id\":\"https:\\\/\\\/infos-droitshumains.net\\\/#organization\",\"name\":\"Infos Droits Humains\",\"url\":\"https:\\\/\\\/infos-droitshumains.net\\\/\",\"logo\":{\"@type\":\"ImageObject\",\"inLanguage\":\"fr-FR\",\"@id\":\"https:\\\/\\\/infos-droitshumains.net\\\/#\\\/schema\\\/logo\\\/image\\\/\",\"url\":\"https:\\\/\\\/i0.wp.com\\\/infos-droitshumains.net\\\/wp-content\\\/uploads\\\/2022\\\/05\\\/Logo.png?fit=333%2C129&ssl=1\",\"contentUrl\":\"https:\\\/\\\/i0.wp.com\\\/infos-droitshumains.net\\\/wp-content\\\/uploads\\\/2022\\\/05\\\/Logo.png?fit=333%2C129&ssl=1\",\"width\":333,\"height\":129,\"caption\":\"Infos Droits Humains\"},\"image\":{\"@id\":\"https:\\\/\\\/infos-droitshumains.net\\\/#\\\/schema\\\/logo\\\/image\\\/\"}},{\"@type\":\"Person\",\"@id\":\"https:\\\/\\\/infos-droitshumains.net\\\/#\\\/schema\\\/person\\\/3dc5e921c3302172e0ed4362f96faab7\",\"name\":\"Jo\u00ebl Diawa\",\"image\":{\"@type\":\"ImageObject\",\"inLanguage\":\"fr-FR\",\"@id\":\"https:\\\/\\\/secure.gravatar.com\\\/avatar\\\/729bea6ff4604c624417803c477363be8e3c7186deaa65713313f9b4b820f41c?s=96&d=mm&r=g\",\"url\":\"https:\\\/\\\/secure.gravatar.com\\\/avatar\\\/729bea6ff4604c624417803c477363be8e3c7186deaa65713313f9b4b820f41c?s=96&d=mm&r=g\",\"contentUrl\":\"https:\\\/\\\/secure.gravatar.com\\\/avatar\\\/729bea6ff4604c624417803c477363be8e3c7186deaa65713313f9b4b820f41c?s=96&d=mm&r=g\",\"caption\":\"Jo\u00ebl Diawa\"},\"sameAs\":[\"https:\\\/\\\/www.infos-droitshumains.net\"],\"url\":\"https:\\\/\\\/infos-droitshumains.net\\\/?author=2\"}]}<\/script>\n<!-- \/ Yoast SEO plugin. -->","yoast_head_json":{"title":"RDC\u00a0: La comp\u00e9tence mat\u00e9rielle d\u2019un tribunal (de paix) s\u2019attache au taux maximal de la peine dont il est puni le fait infractionnel individuellement (Elys\u00e9e Kanjingamba) - Infos Droits Humains","robots":{"index":"index","follow":"follow","max-snippet":"max-snippet:-1","max-image-preview":"max-image-preview:large","max-video-preview":"max-video-preview:-1"},"canonical":"https:\/\/infos-droitshumains.net\/?p=8138","og_locale":"fr_FR","og_type":"article","og_title":"RDC\u00a0: La comp\u00e9tence mat\u00e9rielle d\u2019un tribunal (de paix) s\u2019attache au taux maximal de la peine dont il est puni le fait infractionnel individuellement (Elys\u00e9e Kanjingamba) - Infos Droits Humains","og_description":"R\u00e9daction :+243817406088 Au cours d\u2019une audience publique et solennelle, la Pr\u00e9sidente du Tribunal de Paix...","og_url":"https:\/\/infos-droitshumains.net\/?p=8138","og_site_name":"Infos Droits Humains","article_published_time":"2023-09-29T19:18:38+00:00","article_modified_time":"2023-09-29T19:22:59+00:00","og_image":[{"width":759,"height":567,"url":"https:\/\/infos-droitshumains.net\/wp-content\/uploads\/2023\/09\/IMG_20230928_115817_677.jpg","type":"image\/jpeg"}],"author":"Jo\u00ebl Diawa","twitter_card":"summary_large_image","twitter_misc":{"\u00c9crit par":"Jo\u00ebl Diawa","Dur\u00e9e de lecture estim\u00e9e":"3 minutes"},"schema":{"@context":"https:\/\/schema.org","@graph":[{"@type":"Article","@id":"https:\/\/infos-droitshumains.net\/?p=8138#article","isPartOf":{"@id":"https:\/\/infos-droitshumains.net\/?p=8138"},"author":{"name":"Jo\u00ebl Diawa","@id":"https:\/\/infos-droitshumains.net\/#\/schema\/person\/3dc5e921c3302172e0ed4362f96faab7"},"headline":"RDC\u00a0: La comp\u00e9tence mat\u00e9rielle d\u2019un tribunal (de paix) s\u2019attache au taux maximal de la peine dont il est puni le fait infractionnel individuellement (Elys\u00e9e Kanjingamba)","datePublished":"2023-09-29T19:18:38+00:00","dateModified":"2023-09-29T19:22:59+00:00","mainEntityOfPage":{"@id":"https:\/\/infos-droitshumains.net\/?p=8138"},"wordCount":657,"commentCount":0,"publisher":{"@id":"https:\/\/infos-droitshumains.net\/#organization"},"image":{"@id":"https:\/\/infos-droitshumains.net\/?p=8138#primaryimage"},"thumbnailUrl":"https:\/\/i0.wp.com\/infos-droitshumains.net\/wp-content\/uploads\/2023\/09\/IMG_20230928_115817_677.jpg?fit=759%2C567&ssl=1","articleSection":["Justice"],"inLanguage":"fr-FR","potentialAction":[{"@type":"CommentAction","name":"Comment","target":["https:\/\/infos-droitshumains.net\/?p=8138#respond"]}]},{"@type":"WebPage","@id":"https:\/\/infos-droitshumains.net\/?p=8138","url":"https:\/\/infos-droitshumains.net\/?p=8138","name":"RDC\u00a0: La comp\u00e9tence mat\u00e9rielle d\u2019un tribunal (de paix) s\u2019attache au taux maximal de la peine dont il est puni le fait infractionnel individuellement (Elys\u00e9e Kanjingamba) - Infos Droits Humains","isPartOf":{"@id":"https:\/\/infos-droitshumains.net\/#website"},"primaryImageOfPage":{"@id":"https:\/\/infos-droitshumains.net\/?p=8138#primaryimage"},"image":{"@id":"https:\/\/infos-droitshumains.net\/?p=8138#primaryimage"},"thumbnailUrl":"https:\/\/i0.wp.com\/infos-droitshumains.net\/wp-content\/uploads\/2023\/09\/IMG_20230928_115817_677.jpg?fit=759%2C567&ssl=1","datePublished":"2023-09-29T19:18:38+00:00","dateModified":"2023-09-29T19:22:59+00:00","breadcrumb":{"@id":"https:\/\/infos-droitshumains.net\/?p=8138#breadcrumb"},"inLanguage":"fr-FR","potentialAction":[{"@type":"ReadAction","target":["https:\/\/infos-droitshumains.net\/?p=8138"]}]},{"@type":"ImageObject","inLanguage":"fr-FR","@id":"https:\/\/infos-droitshumains.net\/?p=8138#primaryimage","url":"https:\/\/i0.wp.com\/infos-droitshumains.net\/wp-content\/uploads\/2023\/09\/IMG_20230928_115817_677.jpg?fit=759%2C567&ssl=1","contentUrl":"https:\/\/i0.wp.com\/infos-droitshumains.net\/wp-content\/uploads\/2023\/09\/IMG_20230928_115817_677.jpg?fit=759%2C567&ssl=1","width":759,"height":567},{"@type":"BreadcrumbList","@id":"https:\/\/infos-droitshumains.net\/?p=8138#breadcrumb","itemListElement":[{"@type":"ListItem","position":1,"name":"Accueil","item":"https:\/\/infos-droitshumains.net\/"},{"@type":"ListItem","position":2,"name":"RDC\u00a0: La comp\u00e9tence mat\u00e9rielle d\u2019un tribunal (de paix) s\u2019attache au taux maximal de la peine dont il est puni le fait infractionnel individuellement (Elys\u00e9e Kanjingamba)"}]},{"@type":"WebSite","@id":"https:\/\/infos-droitshumains.net\/#website","url":"https:\/\/infos-droitshumains.net\/","name":"Infos Droits Humains","description":"S&#039;informer est un droit","publisher":{"@id":"https:\/\/infos-droitshumains.net\/#organization"},"potentialAction":[{"@type":"SearchAction","target":{"@type":"EntryPoint","urlTemplate":"https:\/\/infos-droitshumains.net\/?s={search_term_string}"},"query-input":{"@type":"PropertyValueSpecification","valueRequired":true,"valueName":"search_term_string"}}],"inLanguage":"fr-FR"},{"@type":"Organization","@id":"https:\/\/infos-droitshumains.net\/#organization","name":"Infos Droits Humains","url":"https:\/\/infos-droitshumains.net\/","logo":{"@type":"ImageObject","inLanguage":"fr-FR","@id":"https:\/\/infos-droitshumains.net\/#\/schema\/logo\/image\/","url":"https:\/\/i0.wp.com\/infos-droitshumains.net\/wp-content\/uploads\/2022\/05\/Logo.png?fit=333%2C129&ssl=1","contentUrl":"https:\/\/i0.wp.com\/infos-droitshumains.net\/wp-content\/uploads\/2022\/05\/Logo.png?fit=333%2C129&ssl=1","width":333,"height":129,"caption":"Infos Droits Humains"},"image":{"@id":"https:\/\/infos-droitshumains.net\/#\/schema\/logo\/image\/"}},{"@type":"Person","@id":"https:\/\/infos-droitshumains.net\/#\/schema\/person\/3dc5e921c3302172e0ed4362f96faab7","name":"Jo\u00ebl Diawa","image":{"@type":"ImageObject","inLanguage":"fr-FR","@id":"https:\/\/secure.gravatar.com\/avatar\/729bea6ff4604c624417803c477363be8e3c7186deaa65713313f9b4b820f41c?s=96&d=mm&r=g","url":"https:\/\/secure.gravatar.com\/avatar\/729bea6ff4604c624417803c477363be8e3c7186deaa65713313f9b4b820f41c?s=96&d=mm&r=g","contentUrl":"https:\/\/secure.gravatar.com\/avatar\/729bea6ff4604c624417803c477363be8e3c7186deaa65713313f9b4b820f41c?s=96&d=mm&r=g","caption":"Jo\u00ebl Diawa"},"sameAs":["https:\/\/www.infos-droitshumains.net"],"url":"https:\/\/infos-droitshumains.net\/?author=2"}]}},"featured_image_urls":{"full":["https:\/\/i0.wp.com\/infos-droitshumains.net\/wp-content\/uploads\/2023\/09\/IMG_20230928_115817_677.jpg?fit=759%2C567&ssl=1",759,567,false],"thumbnail":["https:\/\/i0.wp.com\/infos-droitshumains.net\/wp-content\/uploads\/2023\/09\/IMG_20230928_115817_677.jpg?resize=150%2C150&ssl=1",150,150,true],"medium":["https:\/\/i0.wp.com\/infos-droitshumains.net\/wp-content\/uploads\/2023\/09\/IMG_20230928_115817_677.jpg?fit=300%2C224&ssl=1",300,224,true],"medium_large":["https:\/\/i0.wp.com\/infos-droitshumains.net\/wp-content\/uploads\/2023\/09\/IMG_20230928_115817_677.jpg?fit=640%2C478&ssl=1",640,478,true],"large":["https:\/\/i0.wp.com\/infos-droitshumains.net\/wp-content\/uploads\/2023\/09\/IMG_20230928_115817_677.jpg?fit=640%2C478&ssl=1",640,478,true],"1536x1536":["https:\/\/i0.wp.com\/infos-droitshumains.net\/wp-content\/uploads\/2023\/09\/IMG_20230928_115817_677.jpg?fit=759%2C567&ssl=1",759,567,true],"2048x2048":["https:\/\/i0.wp.com\/infos-droitshumains.net\/wp-content\/uploads\/2023\/09\/IMG_20230928_115817_677.jpg?fit=759%2C567&ssl=1",759,567,true],"covernews-slider-full":["https:\/\/i0.wp.com\/infos-droitshumains.net\/wp-content\/uploads\/2023\/09\/IMG_20230928_115817_677.jpg?resize=759%2C567&ssl=1",759,567,true],"covernews-slider-center":["https:\/\/i0.wp.com\/infos-droitshumains.net\/wp-content\/uploads\/2023\/09\/IMG_20230928_115817_677.jpg?resize=759%2C500&ssl=1",759,500,true],"covernews-featured":["https:\/\/i0.wp.com\/infos-droitshumains.net\/wp-content\/uploads\/2023\/09\/IMG_20230928_115817_677.jpg?fit=759%2C567&ssl=1",759,567,true],"covernews-medium":["https:\/\/i0.wp.com\/infos-droitshumains.net\/wp-content\/uploads\/2023\/09\/IMG_20230928_115817_677.jpg?resize=540%2C340&ssl=1",540,340,true],"covernews-medium-square":["https:\/\/i0.wp.com\/infos-droitshumains.net\/wp-content\/uploads\/2023\/09\/IMG_20230928_115817_677.jpg?resize=400%2C250&ssl=1",400,250,true]},"author_info":{"display_name":"Jo\u00ebl Diawa","author_link":"https:\/\/infos-droitshumains.net\/?author=2"},"category_info":"<a href=\"https:\/\/infos-droitshumains.net\/?cat=6\" rel=\"category\">Justice<\/a>","tag_info":"Justice","comment_count":"0","jetpack_featured_media_url":"https:\/\/i0.wp.com\/infos-droitshumains.net\/wp-content\/uploads\/2023\/09\/IMG_20230928_115817_677.jpg?fit=759%2C567&ssl=1","jetpack-related-posts":[],"jetpack_sharing_enabled":true,"_links":{"self":[{"href":"https:\/\/infos-droitshumains.net\/index.php?rest_route=\/wp\/v2\/posts\/8138","targetHints":{"allow":["GET"]}}],"collection":[{"href":"https:\/\/infos-droitshumains.net\/index.php?rest_route=\/wp\/v2\/posts"}],"about":[{"href":"https:\/\/infos-droitshumains.net\/index.php?rest_route=\/wp\/v2\/types\/post"}],"author":[{"embeddable":true,"href":"https:\/\/infos-droitshumains.net\/index.php?rest_route=\/wp\/v2\/users\/2"}],"replies":[{"embeddable":true,"href":"https:\/\/infos-droitshumains.net\/index.php?rest_route=%2Fwp%2Fv2%2Fcomments&post=8138"}],"version-history":[{"count":1,"href":"https:\/\/infos-droitshumains.net\/index.php?rest_route=\/wp\/v2\/posts\/8138\/revisions"}],"predecessor-version":[{"id":8139,"href":"https:\/\/infos-droitshumains.net\/index.php?rest_route=\/wp\/v2\/posts\/8138\/revisions\/8139"}],"wp:featuredmedia":[{"embeddable":true,"href":"https:\/\/infos-droitshumains.net\/index.php?rest_route=\/wp\/v2\/media\/8140"}],"wp:attachment":[{"href":"https:\/\/infos-droitshumains.net\/index.php?rest_route=%2Fwp%2Fv2%2Fmedia&parent=8138"}],"wp:term":[{"taxonomy":"category","embeddable":true,"href":"https:\/\/infos-droitshumains.net\/index.php?rest_route=%2Fwp%2Fv2%2Fcategories&post=8138"},{"taxonomy":"post_tag","embeddable":true,"href":"https:\/\/infos-droitshumains.net\/index.php?rest_route=%2Fwp%2Fv2%2Ftags&post=8138"}],"curies":[{"name":"wp","href":"https:\/\/api.w.org\/{rel}","templated":true}]}}