{"id":8130,"date":"2023-09-28T09:57:26","date_gmt":"2023-09-28T07:57:26","guid":{"rendered":"https:\/\/infos-droitshumains.net\/?p=8130"},"modified":"2023-09-28T09:57:29","modified_gmt":"2023-09-28T07:57:29","slug":"le-procureur-jonas-kisubi-bantuikoko-plaide-pour-lapplication-de-la-mesure-de-mise-a-la-disposition-du-gouvernement-pour-tous-les-kuluna-envoyes-a-kanyama-kasese","status":"publish","type":"post","link":"https:\/\/infos-droitshumains.net\/?p=8130","title":{"rendered":"Le Procureur Jonas Kisubi Bantuikoko plaide pour l\u2019application de la mesure de \u00ab\u00a0mise \u00e0 la disposition du gouvernement\u00a0\u00bb\u00a0 pour tous les Kuluna envoy\u00e9s \u00e0 Kanyama Kasese. (Allocution de renouvellement de serment)"},"content":{"rendered":"\n<p><strong>R\u00e9daction :+243817406088<\/strong><\/p>\n\n\n\n<h4 class=\"wp-block-heading has-vivid-red-color has-text-color\">Le procureur de la R\u00e9publique du parquet pr\u00e8s le Tribunal de Grande Instance de Kinshasa\/N\u2019djili, Jonas Kisubi Bantuikoko a renouvel\u00e9 son serment statutaire ce mardi 27 septembre 2023, au cours d\u2019une audience publique et solennelle.<\/h4>\n\n\n\n<p><em>\u00ab&nbsp;Je remercie Dieu qui est le maitre des temps et des circonstances pour son amour infini ainsi que ses nombreuses bont\u00e9s sur ma modeste personne. Il m\u2019a \u00e9lev\u00e9 et fait de moi procureur de la r\u00e9publique. Dans le m\u00eame ordre d\u2019id\u00e9es, je voudrai exprimer ma reconnaissance \u00e0 son Excellence Monsieur le Pr\u00e9sident de la R\u00e9publique qui par sa volont\u00e9 de redynamiser la justice congolaise, a bien port\u00e9 son d\u00e9volu sur ma modeste personne pour l\u2019accompagner dans cette lourde tache&nbsp;; au Pr\u00e9sident du Conseil Sup\u00e9rieur de la Magistrature ainsi qu\u2019aux membres du bureau, d\u2019avoir propos\u00e9 au Pr\u00e9sident de la R\u00e9publique mon nom&nbsp;\u00bb<\/em>, a-t-il d\u00e9clar\u00e9 au cours de son allocution.<\/p>\n\n\n\n<p>Une allocution essentiellement ax\u00e9e sur <strong><em>\u00ab&nbsp;La proc\u00e9dure d\u2019ex\u00e9cution des jugements rendus en mati\u00e8re r\u00e9pressive en R\u00e9publique D\u00e9mocratique du Congo&nbsp;\u00bb<\/em><\/strong>.<\/p>\n\n\n\n<p>En effet, le Procureur Jonas Kisubi a au cours de cette \u00e9tude, analys\u00e9 le moment auquel l\u2019ex\u00e9cution est possible, les personnes charg\u00e9es de l\u2019ex\u00e9cution et les \u00e9v\u00e8nements qui peuvent suspendre ou emp\u00eache l\u2019ex\u00e9cution d\u2019un jugement en mati\u00e8re r\u00e9pressive.<\/p>\n\n\n\n<p><em>\u00ab&nbsp;L\u2019ex\u00e9cution des jugements est l\u2019ensemble des mesures mises en \u0153uvre et d\u2019adaptions d\u2019une peine dont la mission incombe \u00e0 diverses administrations sous l\u2019autorit\u00e9 du procureur de la r\u00e9publique de la juridiction qui a prononc\u00e9 la peine et le contr\u00f4le croissant de l\u2019autorit\u00e9 judiciaire&nbsp;\u00bb<\/em>, a poursuivi le nouveau chef d\u2019office du Parquet de Grande Instance de Kinshasa\/N\u2019djili qui a \u00e9galement analys\u00e9 les diff\u00e9rentes modalit\u00e9s d\u2019ex\u00e9cution des peines prononc\u00e9es par le juge en mati\u00e8re r\u00e9pressive.<\/p>\n\n\n\n<p>Pour la peine des travaux forc\u00e9s, les modalit\u00e9s de l\u2019ex\u00e9cution n\u2019ayant jamais \u00e9t\u00e9 d\u00e9termin\u00e9es comme pr\u00e9vues par une ordonnance du Pr\u00e9sident de la R\u00e9publique, Jonas Kisubi estime que les condamn\u00e9s ex\u00e9cutent en fait une peine de <em>\u00ab&nbsp;servitude p\u00e9nale&nbsp;\u00bb<\/em>. Ce qui parait <em>\u00ab&nbsp;ill\u00e9gal&nbsp;\u00bb, <\/em>selon lui.<\/p>\n\n\n\n<p>En ce qui concerne la peine de la <strong><em>\u00ab&nbsp;mise \u00e0 la disposition du gouvernement&nbsp;\u00bb&nbsp;<\/em><\/strong>; cette mesure pr\u00e9vue \u00e0 l\u2019article 14 du code p\u00e9nal, consistant&nbsp; \u00e0 mettre \u00e0 la disposition du gouvernent, des d\u00e9linquants qui ont commis plusieurs faits infractionnels et qui pr\u00e9sentent en outre, une tendance persistante \u00e0 la d\u00e9linquance, le Chef d\u2019office du parquet de Grande Instance de N\u2019djili a \u00e9mis un v\u0153u&nbsp;:<\/p>\n\n\n\n<p><em>\u00ab&nbsp;Dans la pratique, cette mesure n\u2019est pas fr\u00e9quente d\u2019autant plus qu\u2019il n\u2019existe pas des structures appropri\u00e9es pour la mise en \u0153uvre\u2026 C\u2019est l\u2019occasion de faire appel \u00e0 l\u2019application de cette disposition pour tous les Kuluna qui sont condamn\u00e9s et envoy\u00e9s \u00e0 Kanyama Kasese. Il est de bon droit de leur faire assortir de leur rel\u00e9gation en les envoyant conform\u00e9ment \u00e0 cette disposition&nbsp;\u00bb<\/em>, a-t-il plaid\u00e9.<\/p>\n\n\n\n<p>Ce plaidoyer ne tardera sans nul doute pas avant de trouver un \u00e9cho favorable aupr\u00e8s des autorit\u00e9s judiciaires.<\/p>\n\n\n\n<p>Jo\u00ebl Diawa<\/p>\n","protected":false},"excerpt":{"rendered":"<p>R\u00e9daction :+243817406088 Le procureur de la R\u00e9publique du parquet pr\u00e8s le Tribunal de Grande Instance&#8230;<\/p>\n","protected":false},"author":2,"featured_media":8106,"comment_status":"open","ping_status":"open","sticky":false,"template":"","format":"standard","meta":{"_jetpack_memberships_contains_paid_content":false,"footnotes":""},"categories":[6],"tags":[],"class_list":["post-8130","post","type-post","status-publish","format-standard","has-post-thumbnail","hentry","category-justice"],"yoast_head":"<!-- This site is optimized with the Yoast SEO plugin v27.5 - https:\/\/yoast.com\/product\/yoast-seo-wordpress\/ -->\n<title>Le Procureur Jonas Kisubi Bantuikoko plaide pour l\u2019application de la mesure de \u00ab\u00a0mise \u00e0 la disposition du gouvernement\u00a0\u00bb\u00a0 pour tous les Kuluna envoy\u00e9s \u00e0 Kanyama Kasese. (Allocution de renouvellement de serment) - Infos Droits Humains<\/title>\n<meta name=\"robots\" content=\"index, follow, max-snippet:-1, max-image-preview:large, max-video-preview:-1\" \/>\n<link rel=\"canonical\" href=\"https:\/\/infos-droitshumains.net\/?p=8130\" \/>\n<meta property=\"og:locale\" content=\"fr_FR\" \/>\n<meta property=\"og:type\" content=\"article\" \/>\n<meta property=\"og:title\" content=\"Le Procureur Jonas Kisubi Bantuikoko plaide pour l\u2019application de la mesure de \u00ab\u00a0mise \u00e0 la disposition du gouvernement\u00a0\u00bb\u00a0 pour tous les Kuluna envoy\u00e9s \u00e0 Kanyama Kasese. (Allocution de renouvellement de serment) - Infos Droits Humains\" \/>\n<meta property=\"og:description\" content=\"R\u00e9daction :+243817406088 Le procureur de la R\u00e9publique du parquet pr\u00e8s le Tribunal de Grande Instance...\" \/>\n<meta property=\"og:url\" content=\"https:\/\/infos-droitshumains.net\/?p=8130\" \/>\n<meta property=\"og:site_name\" content=\"Infos Droits Humains\" \/>\n<meta property=\"article:published_time\" content=\"2023-09-28T07:57:26+00:00\" \/>\n<meta property=\"article:modified_time\" content=\"2023-09-28T07:57:29+00:00\" \/>\n<meta property=\"og:image\" content=\"https:\/\/infos-droitshumains.net\/wp-content\/uploads\/2023\/09\/IMG_20230926_115826_919.jpg\" \/>\n\t<meta property=\"og:image:width\" content=\"1040\" \/>\n\t<meta property=\"og:image:height\" content=\"780\" \/>\n\t<meta property=\"og:image:type\" content=\"image\/jpeg\" \/>\n<meta name=\"author\" content=\"Jo\u00ebl Diawa\" \/>\n<meta name=\"twitter:card\" content=\"summary_large_image\" \/>\n<meta name=\"twitter:label1\" content=\"\u00c9crit par\" \/>\n\t<meta name=\"twitter:data1\" content=\"Jo\u00ebl Diawa\" \/>\n\t<meta name=\"twitter:label2\" content=\"Dur\u00e9e de lecture estim\u00e9e\" \/>\n\t<meta name=\"twitter:data2\" content=\"3 minutes\" \/>\n<script type=\"application\/ld+json\" class=\"yoast-schema-graph\">{\"@context\":\"https:\\\/\\\/schema.org\",\"@graph\":[{\"@type\":\"Article\",\"@id\":\"https:\\\/\\\/infos-droitshumains.net\\\/?p=8130#article\",\"isPartOf\":{\"@id\":\"https:\\\/\\\/infos-droitshumains.net\\\/?p=8130\"},\"author\":{\"name\":\"Jo\u00ebl Diawa\",\"@id\":\"https:\\\/\\\/infos-droitshumains.net\\\/#\\\/schema\\\/person\\\/3dc5e921c3302172e0ed4362f96faab7\"},\"headline\":\"Le Procureur Jonas Kisubi Bantuikoko plaide pour l\u2019application de la mesure de \u00ab\u00a0mise \u00e0 la disposition du gouvernement\u00a0\u00bb\u00a0 pour tous les Kuluna envoy\u00e9s \u00e0 Kanyama Kasese. (Allocution de renouvellement de serment)\",\"datePublished\":\"2023-09-28T07:57:26+00:00\",\"dateModified\":\"2023-09-28T07:57:29+00:00\",\"mainEntityOfPage\":{\"@id\":\"https:\\\/\\\/infos-droitshumains.net\\\/?p=8130\"},\"wordCount\":603,\"commentCount\":0,\"publisher\":{\"@id\":\"https:\\\/\\\/infos-droitshumains.net\\\/#organization\"},\"image\":{\"@id\":\"https:\\\/\\\/infos-droitshumains.net\\\/?p=8130#primaryimage\"},\"thumbnailUrl\":\"https:\\\/\\\/i0.wp.com\\\/infos-droitshumains.net\\\/wp-content\\\/uploads\\\/2023\\\/09\\\/IMG_20230926_115826_919.jpg?fit=1040%2C780&ssl=1\",\"articleSection\":[\"Justice\"],\"inLanguage\":\"fr-FR\",\"potentialAction\":[{\"@type\":\"CommentAction\",\"name\":\"Comment\",\"target\":[\"https:\\\/\\\/infos-droitshumains.net\\\/?p=8130#respond\"]}]},{\"@type\":\"WebPage\",\"@id\":\"https:\\\/\\\/infos-droitshumains.net\\\/?p=8130\",\"url\":\"https:\\\/\\\/infos-droitshumains.net\\\/?p=8130\",\"name\":\"Le Procureur Jonas Kisubi Bantuikoko plaide pour l\u2019application de la mesure de \u00ab\u00a0mise \u00e0 la disposition du gouvernement\u00a0\u00bb\u00a0 pour tous les Kuluna envoy\u00e9s \u00e0 Kanyama Kasese. (Allocution de renouvellement de serment) - Infos Droits Humains\",\"isPartOf\":{\"@id\":\"https:\\\/\\\/infos-droitshumains.net\\\/#website\"},\"primaryImageOfPage\":{\"@id\":\"https:\\\/\\\/infos-droitshumains.net\\\/?p=8130#primaryimage\"},\"image\":{\"@id\":\"https:\\\/\\\/infos-droitshumains.net\\\/?p=8130#primaryimage\"},\"thumbnailUrl\":\"https:\\\/\\\/i0.wp.com\\\/infos-droitshumains.net\\\/wp-content\\\/uploads\\\/2023\\\/09\\\/IMG_20230926_115826_919.jpg?fit=1040%2C780&ssl=1\",\"datePublished\":\"2023-09-28T07:57:26+00:00\",\"dateModified\":\"2023-09-28T07:57:29+00:00\",\"breadcrumb\":{\"@id\":\"https:\\\/\\\/infos-droitshumains.net\\\/?p=8130#breadcrumb\"},\"inLanguage\":\"fr-FR\",\"potentialAction\":[{\"@type\":\"ReadAction\",\"target\":[\"https:\\\/\\\/infos-droitshumains.net\\\/?p=8130\"]}]},{\"@type\":\"ImageObject\",\"inLanguage\":\"fr-FR\",\"@id\":\"https:\\\/\\\/infos-droitshumains.net\\\/?p=8130#primaryimage\",\"url\":\"https:\\\/\\\/i0.wp.com\\\/infos-droitshumains.net\\\/wp-content\\\/uploads\\\/2023\\\/09\\\/IMG_20230926_115826_919.jpg?fit=1040%2C780&ssl=1\",\"contentUrl\":\"https:\\\/\\\/i0.wp.com\\\/infos-droitshumains.net\\\/wp-content\\\/uploads\\\/2023\\\/09\\\/IMG_20230926_115826_919.jpg?fit=1040%2C780&ssl=1\",\"width\":1040,\"height\":780},{\"@type\":\"BreadcrumbList\",\"@id\":\"https:\\\/\\\/infos-droitshumains.net\\\/?p=8130#breadcrumb\",\"itemListElement\":[{\"@type\":\"ListItem\",\"position\":1,\"name\":\"Accueil\",\"item\":\"https:\\\/\\\/infos-droitshumains.net\\\/\"},{\"@type\":\"ListItem\",\"position\":2,\"name\":\"Le Procureur Jonas Kisubi Bantuikoko plaide pour l\u2019application de la mesure de \u00ab\u00a0mise \u00e0 la disposition du gouvernement\u00a0\u00bb\u00a0 pour tous les Kuluna envoy\u00e9s \u00e0 Kanyama Kasese. (Allocution de renouvellement de serment)\"}]},{\"@type\":\"WebSite\",\"@id\":\"https:\\\/\\\/infos-droitshumains.net\\\/#website\",\"url\":\"https:\\\/\\\/infos-droitshumains.net\\\/\",\"name\":\"Infos Droits Humains\",\"description\":\"S&#039;informer est un droit\",\"publisher\":{\"@id\":\"https:\\\/\\\/infos-droitshumains.net\\\/#organization\"},\"potentialAction\":[{\"@type\":\"SearchAction\",\"target\":{\"@type\":\"EntryPoint\",\"urlTemplate\":\"https:\\\/\\\/infos-droitshumains.net\\\/?s={search_term_string}\"},\"query-input\":{\"@type\":\"PropertyValueSpecification\",\"valueRequired\":true,\"valueName\":\"search_term_string\"}}],\"inLanguage\":\"fr-FR\"},{\"@type\":\"Organization\",\"@id\":\"https:\\\/\\\/infos-droitshumains.net\\\/#organization\",\"name\":\"Infos Droits Humains\",\"url\":\"https:\\\/\\\/infos-droitshumains.net\\\/\",\"logo\":{\"@type\":\"ImageObject\",\"inLanguage\":\"fr-FR\",\"@id\":\"https:\\\/\\\/infos-droitshumains.net\\\/#\\\/schema\\\/logo\\\/image\\\/\",\"url\":\"https:\\\/\\\/i0.wp.com\\\/infos-droitshumains.net\\\/wp-content\\\/uploads\\\/2022\\\/05\\\/Logo.png?fit=333%2C129&ssl=1\",\"contentUrl\":\"https:\\\/\\\/i0.wp.com\\\/infos-droitshumains.net\\\/wp-content\\\/uploads\\\/2022\\\/05\\\/Logo.png?fit=333%2C129&ssl=1\",\"width\":333,\"height\":129,\"caption\":\"Infos Droits Humains\"},\"image\":{\"@id\":\"https:\\\/\\\/infos-droitshumains.net\\\/#\\\/schema\\\/logo\\\/image\\\/\"}},{\"@type\":\"Person\",\"@id\":\"https:\\\/\\\/infos-droitshumains.net\\\/#\\\/schema\\\/person\\\/3dc5e921c3302172e0ed4362f96faab7\",\"name\":\"Jo\u00ebl Diawa\",\"image\":{\"@type\":\"ImageObject\",\"inLanguage\":\"fr-FR\",\"@id\":\"https:\\\/\\\/secure.gravatar.com\\\/avatar\\\/729bea6ff4604c624417803c477363be8e3c7186deaa65713313f9b4b820f41c?s=96&d=mm&r=g\",\"url\":\"https:\\\/\\\/secure.gravatar.com\\\/avatar\\\/729bea6ff4604c624417803c477363be8e3c7186deaa65713313f9b4b820f41c?s=96&d=mm&r=g\",\"contentUrl\":\"https:\\\/\\\/secure.gravatar.com\\\/avatar\\\/729bea6ff4604c624417803c477363be8e3c7186deaa65713313f9b4b820f41c?s=96&d=mm&r=g\",\"caption\":\"Jo\u00ebl Diawa\"},\"sameAs\":[\"https:\\\/\\\/www.infos-droitshumains.net\"],\"url\":\"https:\\\/\\\/infos-droitshumains.net\\\/?author=2\"}]}<\/script>\n<!-- \/ Yoast SEO plugin. -->","yoast_head_json":{"title":"Le Procureur Jonas Kisubi Bantuikoko plaide pour l\u2019application de la mesure de \u00ab\u00a0mise \u00e0 la disposition du gouvernement\u00a0\u00bb\u00a0 pour tous les Kuluna envoy\u00e9s \u00e0 Kanyama Kasese. (Allocution de renouvellement de serment) - Infos Droits Humains","robots":{"index":"index","follow":"follow","max-snippet":"max-snippet:-1","max-image-preview":"max-image-preview:large","max-video-preview":"max-video-preview:-1"},"canonical":"https:\/\/infos-droitshumains.net\/?p=8130","og_locale":"fr_FR","og_type":"article","og_title":"Le Procureur Jonas Kisubi Bantuikoko plaide pour l\u2019application de la mesure de \u00ab\u00a0mise \u00e0 la disposition du gouvernement\u00a0\u00bb\u00a0 pour tous les Kuluna envoy\u00e9s \u00e0 Kanyama Kasese. (Allocution de renouvellement de serment) - Infos Droits Humains","og_description":"R\u00e9daction :+243817406088 Le procureur de la R\u00e9publique du parquet pr\u00e8s le Tribunal de Grande Instance...","og_url":"https:\/\/infos-droitshumains.net\/?p=8130","og_site_name":"Infos Droits Humains","article_published_time":"2023-09-28T07:57:26+00:00","article_modified_time":"2023-09-28T07:57:29+00:00","og_image":[{"width":1040,"height":780,"url":"https:\/\/infos-droitshumains.net\/wp-content\/uploads\/2023\/09\/IMG_20230926_115826_919.jpg","type":"image\/jpeg"}],"author":"Jo\u00ebl Diawa","twitter_card":"summary_large_image","twitter_misc":{"\u00c9crit par":"Jo\u00ebl Diawa","Dur\u00e9e de lecture estim\u00e9e":"3 minutes"},"schema":{"@context":"https:\/\/schema.org","@graph":[{"@type":"Article","@id":"https:\/\/infos-droitshumains.net\/?p=8130#article","isPartOf":{"@id":"https:\/\/infos-droitshumains.net\/?p=8130"},"author":{"name":"Jo\u00ebl Diawa","@id":"https:\/\/infos-droitshumains.net\/#\/schema\/person\/3dc5e921c3302172e0ed4362f96faab7"},"headline":"Le Procureur Jonas Kisubi Bantuikoko plaide pour l\u2019application de la mesure de \u00ab\u00a0mise \u00e0 la disposition du gouvernement\u00a0\u00bb\u00a0 pour tous les Kuluna envoy\u00e9s \u00e0 Kanyama Kasese. (Allocution de renouvellement de serment)","datePublished":"2023-09-28T07:57:26+00:00","dateModified":"2023-09-28T07:57:29+00:00","mainEntityOfPage":{"@id":"https:\/\/infos-droitshumains.net\/?p=8130"},"wordCount":603,"commentCount":0,"publisher":{"@id":"https:\/\/infos-droitshumains.net\/#organization"},"image":{"@id":"https:\/\/infos-droitshumains.net\/?p=8130#primaryimage"},"thumbnailUrl":"https:\/\/i0.wp.com\/infos-droitshumains.net\/wp-content\/uploads\/2023\/09\/IMG_20230926_115826_919.jpg?fit=1040%2C780&ssl=1","articleSection":["Justice"],"inLanguage":"fr-FR","potentialAction":[{"@type":"CommentAction","name":"Comment","target":["https:\/\/infos-droitshumains.net\/?p=8130#respond"]}]},{"@type":"WebPage","@id":"https:\/\/infos-droitshumains.net\/?p=8130","url":"https:\/\/infos-droitshumains.net\/?p=8130","name":"Le Procureur Jonas Kisubi Bantuikoko plaide pour l\u2019application de la mesure de \u00ab\u00a0mise \u00e0 la disposition du gouvernement\u00a0\u00bb\u00a0 pour tous les Kuluna envoy\u00e9s \u00e0 Kanyama Kasese. (Allocution de renouvellement de serment) - Infos Droits Humains","isPartOf":{"@id":"https:\/\/infos-droitshumains.net\/#website"},"primaryImageOfPage":{"@id":"https:\/\/infos-droitshumains.net\/?p=8130#primaryimage"},"image":{"@id":"https:\/\/infos-droitshumains.net\/?p=8130#primaryimage"},"thumbnailUrl":"https:\/\/i0.wp.com\/infos-droitshumains.net\/wp-content\/uploads\/2023\/09\/IMG_20230926_115826_919.jpg?fit=1040%2C780&ssl=1","datePublished":"2023-09-28T07:57:26+00:00","dateModified":"2023-09-28T07:57:29+00:00","breadcrumb":{"@id":"https:\/\/infos-droitshumains.net\/?p=8130#breadcrumb"},"inLanguage":"fr-FR","potentialAction":[{"@type":"ReadAction","target":["https:\/\/infos-droitshumains.net\/?p=8130"]}]},{"@type":"ImageObject","inLanguage":"fr-FR","@id":"https:\/\/infos-droitshumains.net\/?p=8130#primaryimage","url":"https:\/\/i0.wp.com\/infos-droitshumains.net\/wp-content\/uploads\/2023\/09\/IMG_20230926_115826_919.jpg?fit=1040%2C780&ssl=1","contentUrl":"https:\/\/i0.wp.com\/infos-droitshumains.net\/wp-content\/uploads\/2023\/09\/IMG_20230926_115826_919.jpg?fit=1040%2C780&ssl=1","width":1040,"height":780},{"@type":"BreadcrumbList","@id":"https:\/\/infos-droitshumains.net\/?p=8130#breadcrumb","itemListElement":[{"@type":"ListItem","position":1,"name":"Accueil","item":"https:\/\/infos-droitshumains.net\/"},{"@type":"ListItem","position":2,"name":"Le Procureur Jonas Kisubi Bantuikoko plaide pour l\u2019application de la mesure de \u00ab\u00a0mise \u00e0 la disposition du gouvernement\u00a0\u00bb\u00a0 pour tous les Kuluna envoy\u00e9s \u00e0 Kanyama Kasese. (Allocution de renouvellement de serment)"}]},{"@type":"WebSite","@id":"https:\/\/infos-droitshumains.net\/#website","url":"https:\/\/infos-droitshumains.net\/","name":"Infos Droits Humains","description":"S&#039;informer est un droit","publisher":{"@id":"https:\/\/infos-droitshumains.net\/#organization"},"potentialAction":[{"@type":"SearchAction","target":{"@type":"EntryPoint","urlTemplate":"https:\/\/infos-droitshumains.net\/?s={search_term_string}"},"query-input":{"@type":"PropertyValueSpecification","valueRequired":true,"valueName":"search_term_string"}}],"inLanguage":"fr-FR"},{"@type":"Organization","@id":"https:\/\/infos-droitshumains.net\/#organization","name":"Infos Droits Humains","url":"https:\/\/infos-droitshumains.net\/","logo":{"@type":"ImageObject","inLanguage":"fr-FR","@id":"https:\/\/infos-droitshumains.net\/#\/schema\/logo\/image\/","url":"https:\/\/i0.wp.com\/infos-droitshumains.net\/wp-content\/uploads\/2022\/05\/Logo.png?fit=333%2C129&ssl=1","contentUrl":"https:\/\/i0.wp.com\/infos-droitshumains.net\/wp-content\/uploads\/2022\/05\/Logo.png?fit=333%2C129&ssl=1","width":333,"height":129,"caption":"Infos Droits Humains"},"image":{"@id":"https:\/\/infos-droitshumains.net\/#\/schema\/logo\/image\/"}},{"@type":"Person","@id":"https:\/\/infos-droitshumains.net\/#\/schema\/person\/3dc5e921c3302172e0ed4362f96faab7","name":"Jo\u00ebl Diawa","image":{"@type":"ImageObject","inLanguage":"fr-FR","@id":"https:\/\/secure.gravatar.com\/avatar\/729bea6ff4604c624417803c477363be8e3c7186deaa65713313f9b4b820f41c?s=96&d=mm&r=g","url":"https:\/\/secure.gravatar.com\/avatar\/729bea6ff4604c624417803c477363be8e3c7186deaa65713313f9b4b820f41c?s=96&d=mm&r=g","contentUrl":"https:\/\/secure.gravatar.com\/avatar\/729bea6ff4604c624417803c477363be8e3c7186deaa65713313f9b4b820f41c?s=96&d=mm&r=g","caption":"Jo\u00ebl Diawa"},"sameAs":["https:\/\/www.infos-droitshumains.net"],"url":"https:\/\/infos-droitshumains.net\/?author=2"}]}},"featured_image_urls":{"full":["https:\/\/i0.wp.com\/infos-droitshumains.net\/wp-content\/uploads\/2023\/09\/IMG_20230926_115826_919.jpg?fit=1040%2C780&ssl=1",1040,780,false],"thumbnail":["https:\/\/i0.wp.com\/infos-droitshumains.net\/wp-content\/uploads\/2023\/09\/IMG_20230926_115826_919.jpg?resize=150%2C150&ssl=1",150,150,true],"medium":["https:\/\/i0.wp.com\/infos-droitshumains.net\/wp-content\/uploads\/2023\/09\/IMG_20230926_115826_919.jpg?fit=300%2C225&ssl=1",300,225,true],"medium_large":["https:\/\/i0.wp.com\/infos-droitshumains.net\/wp-content\/uploads\/2023\/09\/IMG_20230926_115826_919.jpg?fit=640%2C480&ssl=1",640,480,true],"large":["https:\/\/i0.wp.com\/infos-droitshumains.net\/wp-content\/uploads\/2023\/09\/IMG_20230926_115826_919.jpg?fit=640%2C480&ssl=1",640,480,true],"1536x1536":["https:\/\/i0.wp.com\/infos-droitshumains.net\/wp-content\/uploads\/2023\/09\/IMG_20230926_115826_919.jpg?fit=1040%2C780&ssl=1",1040,780,true],"2048x2048":["https:\/\/i0.wp.com\/infos-droitshumains.net\/wp-content\/uploads\/2023\/09\/IMG_20230926_115826_919.jpg?fit=1040%2C780&ssl=1",1040,780,true],"covernews-slider-full":["https:\/\/i0.wp.com\/infos-droitshumains.net\/wp-content\/uploads\/2023\/09\/IMG_20230926_115826_919.jpg?resize=1040%2C715&ssl=1",1040,715,true],"covernews-slider-center":["https:\/\/i0.wp.com\/infos-droitshumains.net\/wp-content\/uploads\/2023\/09\/IMG_20230926_115826_919.jpg?resize=800%2C500&ssl=1",800,500,true],"covernews-featured":["https:\/\/i0.wp.com\/infos-droitshumains.net\/wp-content\/uploads\/2023\/09\/IMG_20230926_115826_919.jpg?fit=1024%2C768&ssl=1",1024,768,true],"covernews-medium":["https:\/\/i0.wp.com\/infos-droitshumains.net\/wp-content\/uploads\/2023\/09\/IMG_20230926_115826_919.jpg?resize=540%2C340&ssl=1",540,340,true],"covernews-medium-square":["https:\/\/i0.wp.com\/infos-droitshumains.net\/wp-content\/uploads\/2023\/09\/IMG_20230926_115826_919.jpg?resize=400%2C250&ssl=1",400,250,true]},"author_info":{"display_name":"Jo\u00ebl Diawa","author_link":"https:\/\/infos-droitshumains.net\/?author=2"},"category_info":"<a href=\"https:\/\/infos-droitshumains.net\/?cat=6\" rel=\"category\">Justice<\/a>","tag_info":"Justice","comment_count":"0","jetpack_featured_media_url":"https:\/\/i0.wp.com\/infos-droitshumains.net\/wp-content\/uploads\/2023\/09\/IMG_20230926_115826_919.jpg?fit=1040%2C780&ssl=1","jetpack-related-posts":[],"jetpack_sharing_enabled":true,"_links":{"self":[{"href":"https:\/\/infos-droitshumains.net\/index.php?rest_route=\/wp\/v2\/posts\/8130","targetHints":{"allow":["GET"]}}],"collection":[{"href":"https:\/\/infos-droitshumains.net\/index.php?rest_route=\/wp\/v2\/posts"}],"about":[{"href":"https:\/\/infos-droitshumains.net\/index.php?rest_route=\/wp\/v2\/types\/post"}],"author":[{"embeddable":true,"href":"https:\/\/infos-droitshumains.net\/index.php?rest_route=\/wp\/v2\/users\/2"}],"replies":[{"embeddable":true,"href":"https:\/\/infos-droitshumains.net\/index.php?rest_route=%2Fwp%2Fv2%2Fcomments&post=8130"}],"version-history":[{"count":1,"href":"https:\/\/infos-droitshumains.net\/index.php?rest_route=\/wp\/v2\/posts\/8130\/revisions"}],"predecessor-version":[{"id":8132,"href":"https:\/\/infos-droitshumains.net\/index.php?rest_route=\/wp\/v2\/posts\/8130\/revisions\/8132"}],"wp:featuredmedia":[{"embeddable":true,"href":"https:\/\/infos-droitshumains.net\/index.php?rest_route=\/wp\/v2\/media\/8106"}],"wp:attachment":[{"href":"https:\/\/infos-droitshumains.net\/index.php?rest_route=%2Fwp%2Fv2%2Fmedia&parent=8130"}],"wp:term":[{"taxonomy":"category","embeddable":true,"href":"https:\/\/infos-droitshumains.net\/index.php?rest_route=%2Fwp%2Fv2%2Fcategories&post=8130"},{"taxonomy":"post_tag","embeddable":true,"href":"https:\/\/infos-droitshumains.net\/index.php?rest_route=%2Fwp%2Fv2%2Ftags&post=8130"}],"curies":[{"name":"wp","href":"https:\/\/api.w.org\/{rel}","templated":true}]}}